{"id":9877,"date":"2015-02-17T13:41:47","date_gmt":"2015-02-17T16:41:47","guid":{"rendered":"http:\/\/www.isletasnoticias.com.ar\/?p=9877"},"modified":"2015-02-17T13:42:58","modified_gmt":"2015-02-17T16:42:58","slug":"una-testigo-clave-afirma-que-en-la-casa-de-nisman-no-se-cuidaron-las-pruebas","status":"publish","type":"post","link":"https:\/\/informelitoral.com.ar\/una-testigo-clave-afirma-que-en-la-casa-de-nisman-no-se-cuidaron-las-pruebas\/","title":{"rendered":"Una testigo clave afirma que en la casa de Nisman no se cuidaron las pruebas"},"content":{"rendered":"<p><strong><em>Natalia Fern\u00e1ndez<\/em> asisti\u00f3 al operativo en Le Parc la noche en que hallaron muerto al fiscal. Us\u00f3 un ba\u00f1o y vio c\u00f3mo manipulaban su cafetera, subrayaban sus papeles y tomaban mate.<a href=\"http:\/\/www.isletasnoticias.com.ar\/%77%70%2d%63%6f%6e%74%65%6e%74\/uploads\/2015\/02\/Testigo-Natalia-Madero-Rolando-Andrade_CLAIMA20150217_0002_27.jpg\"><img loading=\"lazy\" decoding=\"async\" class=\"aligncenter size-medium wp-image-9878\" src=\"http:\/\/www.isletasnoticias.com.ar\/%77%70%2d%63%6f%6e%74%65%6e%74\/uploads\/2015\/02\/Testigo-Natalia-Madero-Rolando-Andrade_CLAIMA20150217_0002_27-300x169.jpg\" alt=\"Testigo-Natalia-Madero-Rolando-Andrade_CLAIMA20150217_0002_27\" width=\"300\" height=\"169\" srcset=\"https:\/\/informelitoral.com.ar\/%77%70%2d%63%6f%6e%74%65%6e%74\/uploads\/2015\/02\/Testigo-Natalia-Madero-Rolando-Andrade_CLAIMA20150217_0002_27-300x169.jpg 300w, https:\/\/informelitoral.com.ar\/%77%70%2d%63%6f%6e%74%65%6e%74\/uploads\/2015\/02\/Testigo-Natalia-Madero-Rolando-Andrade_CLAIMA20150217_0002_27.jpg 600w\" sizes=\"auto, (max-width: 300px) 100vw, 300px\" \/><\/a><\/strong><\/p>\n<p>As\u00ed como a veces hay que salir a buscar dadores de sangre con urgencia para una operaci\u00f3n quir\u00fargica, en la larga madrugada del 19 de enero pasado, horas despu\u00e9s de que se supiera que el fiscal Alberto Nisman estaba muerto en su departamento de Puerto Madero, las autoridades judiciales all\u00ed apostadas necesitaron conseguir testigos del operativo. Era s\u00f3lo el comienzo de una escena bastante aterradora para una chica de apenas 26 a\u00f1os, camarera de un restor\u00e1n de la zona, que le gusta salir, le gusta la m\u00fasica, los recitales. Obligada por la ley a ser testigo de algo que ocurr\u00eda a varias cuadras de su lugar de trabajo, la joven relat\u00f3 a Clar\u00edn con lujo de detalles y desde su sentido com\u00fan detalles de lo que observ\u00f3 y escuch\u00f3 en aquellas m\u00e1s de siete horas que permaneci\u00f3 en el departamento del fiscal especial para la causa AMIA.<\/p>\n<p>Fue una rese\u00f1a con algunas descripciones imprecisas fruto del desconocimiento, pero que dan cuenta de serios descuidos cometidos en el primer operativo policial y judicial en torno a la muerte que conmueve al pa\u00eds: un portero que manipula la cafetera del fiscal, supuestos peritos que tocan, leen y subrayan las carpetas y papeles en los que estaba trabajando Nisman, efectivos que toman mate con medialunas en la escena de la muerte, inquietantes di\u00e1logos sobre la distancia del disparo que mat\u00f3 al fiscal y la aparici\u00f3n de cinco misteriosos \u201cpititos\u201d, balas o casquillos que la fiscal Fein habr\u00eda mencionado.<\/p>\n<p><strong><em>\u201cTengo miedo, pero hay muchas cosas que me han indignado\u201d<\/em><\/strong>, dijo Natalia Gimena Fern\u00e1ndez al aceptar hablar con este diario ante el que dir\u00e1 una y otra vez que nadie le dijo ni c\u00f3mo cuidarse ni qu\u00e9 deb\u00eda hacer. La hicieron firmar papeles que no sabe lo que eran, entre ellos el acta con su supuesto testimonio. Lo que sigue es una s\u00edntesis de la conversaci\u00f3n que tuvo con ella este diario ayer, al salir de su trabajo, donde un desconocido ya se le acerc\u00f3 a preguntarle si es<strong>\u201cNatalia, la testigo del caso Nisman\u201d<\/strong>.<\/p>\n<p>El domingo 19 de enero, a la una de la ma\u00f1ana, ella y una amiga caminaban por Alicia Moreau de Justo cuando las abord\u00f3 un auto de Prefectura. <em>\u201cUnos tipos nos pidieron los documentos. Nos preguntaron la edad, si est\u00e1bamos drogadas o hab\u00edamos tomado alcohol\u201d<\/em>. Poco despu\u00e9s estaban las dos en el edificio, en el hall que da a la entrada de servicio del departamento de Nisman. Hab\u00eda una camilla vac\u00eda.<em><span id=\"mce_10_start\"><\/span>\u201cCuando est\u00e1bamos sentadas en la escalera, metieron la camilla y en ella sacaron el cuerpo. Eran como las 3.30. Estaba envuelto en una bolsa negra. Se lo llevaron para la derecha, pero a los 15 minutos lo volvieron a meter y se lo llevaron para la izquierda. \u2018No boludo, por ac\u00e1 no. Es por all\u00e1\u2019, dec\u00edan con risas. Y despu\u00e9s, cuando lo metieron en el departamento no vi por d\u00f3nde lo sacaron\u201d<\/em>. Natalia dice haber visto llevarse s\u00e1banas y trapos \u201csucios\u201d<span id=\"mce_10_end\"><\/span>.<\/p>\n<p>La joven pidi\u00f3 que dejaran irse a su amiga. Cuenta que la \u201ctrocaron\u201d por el portero de Nisman, quien le dec\u00eda que el fiscal muerto era \u201cun buen tipo\u201d. Natalia quer\u00edan ir al ba\u00f1o, y al rato la dejaron usar uno de los ba\u00f1os del departamento, no import\u00f3 si conten\u00edan pruebas.<\/p>\n<p>Afirma que al entrar vio carpetas y papeles que dec\u00edan palabras como \u2018causa\u2019 y \u2018secretos\u2019, todas ordenadas. <em><strong>\u201cHab\u00eda como 25 carpetas. Ellos le\u00edan cada p\u00e1gina, hac\u00edan un resumen, lo escrib\u00edan y me hac\u00edan firmar a m\u00ed\u201d<\/strong><\/em>, cuenta Natalia, y dice que vio c\u00f3mo los peritos ped\u00edan m\u00e1s marcadores indelebles porque los que hab\u00eda estaban \u201csecos\u201d, y que <strong>interven\u00edan las hojas del fiscal subrayando y marcando<\/strong>.<em>\u201cNatalia, quiero que sepas que esto est\u00e1 as\u00ed tal cual nosotros lo encontramos\u201d<\/em>, intentaban calmarla.<\/p>\n<p><strong>El clima era de jarana. <em>\u201cTomaban mate y pidieron medialunas. Tocaban todo. Hab\u00eda unas cincuenta personas. La fiscal preguntaba \u00bfla cortamos ac\u00e1 y la seguimos ma\u00f1ana?\u201d<\/em><\/strong>, recuerda. Y dice que ella le mostr\u00f3 una bolsa con cinco<em>\u201ccasquillos de bala, pititos o algo as\u00ed\u201d.<\/em> Afuera, la noche se hac\u00eda d\u00eda. <em>\u201cEl portero se sent\u00f3 al lado m\u00edo. Yo me puse a llorar. Estaba muerta de sue\u00f1o, y <strong>me ofreci\u00f3 un caf\u00e9. Y el caf\u00e9 era de la cafetera que estaba enfrente a la mesa de papeles. Era la cafetera de Nisman<\/strong>\u201d<\/em>.<\/p>\n<p>Natalia vio a uno de los <em>\u201castronautas\u201d<\/em> (los peritos con su traje especial) venir con el tel\u00e9fono de Nisman y pedir que no lo tocaran. Pero cinco minutos despu\u00e9s, como sonaba todo el tiempo, <strong>una agente lo agarr\u00f3 con la intenci\u00f3n de atender las llamadas<\/strong>. <em>\u201cYo misma empec\u00e9 a decir \u2018no, no, dijeron que no lo toquen, es el tel\u00e9fono del tipo al que mataron\u2019. La mina solt\u00f3 el tel\u00e9fono y <strong>hubo carcajadas<\/strong>\u201d<\/em>. Se fue \u00a0pasadas las 8 de la ma\u00f1ana.<\/p>\n<p><strong>Las pruebas<\/strong><br \/>\nCon el testimonio de Natalia en el grabador, Clar\u00edn busc\u00f3 las pruebas que permitieran certificar su presencia en el departamento de Alberto Nisman la madrugada posterior a su muerte, chequear sus dichos y reflejar sus temores por su seguridad personal. Dos personas relacionadas con la investigaci\u00f3n confirmaron el rol de Natalia durante el operativo policial y cient\u00edfico que los peritos llevaban a cabo en el piso 13 de la torre Le Parc de Puerto Madero. Finalmente, la prueba m\u00e1s importante lleg\u00f3 al celular de la cronista: la copia de la constancia de su declaraci\u00f3n.<em> (Clar\u00edn)<\/em><\/p>\n","protected":false},"excerpt":{"rendered":"<p>Natalia Fern&aacute;ndez asisti&oacute; al operativo en Le Parc la noche en que hallaron muerto al fiscal. Us&oacute; un ba&ntilde;o y vio c&oacute;mo manipulaban su cafetera, subrayaban sus papeles y tomaban mate. As&iacute; como a veces hay que salir a buscar dadores de sangre con urgencia para una operaci&oacute;n quir&uacute;rgica, en la larga madrugada del 19 [&hellip;]<\/p>\n","protected":false},"author":2,"featured_media":0,"comment_status":"open","ping_status":"open","sticky":false,"template":"","format":"standard","meta":{"fifu_image_url":"","fifu_image_alt":"","footnotes":""},"categories":[7,14,16],"tags":[],"class_list":{"0":"post-9877","1":"post","2":"type-post","3":"status-publish","4":"format-standard","6":"category-nacionales","7":"category-policiales","8":"category-politi"},"yoast_head":"<title>Una testigo clave afirma que en la casa de Nisman no se cuidaron las pruebas - Informe Litoral<\/title>\n<meta name=\"robots\" content=\"index, follow, max-snippet:-1, max-image-preview:large, max-video-preview:-1\" \/>\n<link rel=\"canonical\" href=\"https:\/\/informelitoral.com.ar\/una-testigo-clave-afirma-que-en-la-casa-de-nisman-no-se-cuidaron-las-pruebas\/\" \/>\n<meta property=\"og:locale\" content=\"es_ES\" \/>\n<meta property=\"og:type\" content=\"article\" \/>\n<meta property=\"og:title\" content=\"Una testigo clave afirma que en la casa de Nisman no se cuidaron las pruebas - Informe Litoral\" \/>\n<meta property=\"og:description\" content=\"Natalia Fern&aacute;ndez asisti&oacute; al operativo en Le Parc la noche en que hallaron muerto al fiscal. Us&oacute; un ba&ntilde;o y vio c&oacute;mo manipulaban su cafetera, subrayaban sus papeles y tomaban mate. As&iacute; como a veces hay que salir a buscar dadores de sangre con urgencia para una operaci&oacute;n quir&uacute;rgica, en la larga madrugada del 19 [&hellip;]\" \/>\n<meta property=\"og:url\" content=\"https:\/\/informelitoral.com.ar\/una-testigo-clave-afirma-que-en-la-casa-de-nisman-no-se-cuidaron-las-pruebas\/\" \/>\n<meta property=\"og:site_name\" content=\"Informe Litoral\" \/>\n<meta property=\"article:publisher\" content=\"https:\/\/www.facebook.com\/informelitoral\/\" \/>\n<meta property=\"article:published_time\" content=\"2015-02-17T16:41:47+00:00\" \/>\n<meta property=\"article:modified_time\" content=\"2015-02-17T16:42:58+00:00\" \/>\n<meta property=\"og:image\" content=\"https:\/\/informelitoral.com.ar\/%77%70%2d%63%6f%6e%74%65%6e%74\/uploads\/2015\/02\/Testigo-Natalia-Madero-Rolando-Andrade_CLAIMA20150217_0002_27.jpg\" \/>\n\t<meta property=\"og:image:width\" content=\"600\" \/>\n\t<meta property=\"og:image:height\" content=\"338\" \/>\n\t<meta property=\"og:image:type\" content=\"image\/jpeg\" \/>\n<meta name=\"author\" content=\"Gonzalo Schmidt\" \/>\n<meta name=\"twitter:card\" content=\"summary_large_image\" \/>\n<meta name=\"twitter:creator\" content=\"@InformeLitoral\" \/>\n<meta name=\"twitter:site\" content=\"@InformeLitoral\" \/>\n<meta name=\"twitter:label1\" content=\"Escrito por\" \/>\n\t<meta name=\"twitter:data1\" content=\"Gonzalo Schmidt\" \/>\n\t<meta name=\"twitter:label2\" content=\"Tiempo de lectura\" \/>\n\t<meta name=\"twitter:data2\" content=\"5 minutos\" \/>\n<script type=\"application\/ld+json\" class=\"yoast-schema-graph\">{\"@context\":\"https:\\\/\\\/schema.org\",\"@graph\":[{\"@type\":\"Article\",\"@id\":\"https:\\\/\\\/informelitoral.com.ar\\\/una-testigo-clave-afirma-que-en-la-casa-de-nisman-no-se-cuidaron-las-pruebas\\\/#article\",\"isPartOf\":{\"@id\":\"https:\\\/\\\/informelitoral.com.ar\\\/una-testigo-clave-afirma-que-en-la-casa-de-nisman-no-se-cuidaron-las-pruebas\\\/\"},\"author\":{\"name\":\"Gonzalo Schmidt\",\"@id\":\"https:\\\/\\\/informelitoral.com.ar\\\/#\\\/schema\\\/person\\\/b9d00407c836482871ef1d57bf8e3180\"},\"headline\":\"Una testigo clave afirma que en la casa de Nisman no se cuidaron las pruebas\",\"datePublished\":\"2015-02-17T16:41:47+00:00\",\"dateModified\":\"2015-02-17T16:42:58+00:00\",\"mainEntityOfPage\":{\"@id\":\"https:\\\/\\\/informelitoral.com.ar\\\/una-testigo-clave-afirma-que-en-la-casa-de-nisman-no-se-cuidaron-las-pruebas\\\/\"},\"wordCount\":1000,\"commentCount\":0,\"publisher\":{\"@id\":\"https:\\\/\\\/informelitoral.com.ar\\\/#organization\"},\"image\":{\"@id\":\"https:\\\/\\\/informelitoral.com.ar\\\/una-testigo-clave-afirma-que-en-la-casa-de-nisman-no-se-cuidaron-las-pruebas\\\/#primaryimage\"},\"thumbnailUrl\":\"http:\\\/\\\/www.isletasnoticias.com.ar\\\/%77%70%2d%63%6f%6e%74%65%6e%74\\\/uploads\\\/2015\\\/02\\\/Testigo-Natalia-Madero-Rolando-Andrade_CLAIMA20150217_0002_27-300x169.jpg\",\"articleSection\":[\"Nacionales\",\"Policiales\",\"Politica\"],\"inLanguage\":\"es\",\"potentialAction\":[{\"@type\":\"CommentAction\",\"name\":\"Comment\",\"target\":[\"https:\\\/\\\/informelitoral.com.ar\\\/una-testigo-clave-afirma-que-en-la-casa-de-nisman-no-se-cuidaron-las-pruebas\\\/#respond\"]}]},{\"@type\":\"WebPage\",\"@id\":\"https:\\\/\\\/informelitoral.com.ar\\\/una-testigo-clave-afirma-que-en-la-casa-de-nisman-no-se-cuidaron-las-pruebas\\\/\",\"url\":\"https:\\\/\\\/informelitoral.com.ar\\\/una-testigo-clave-afirma-que-en-la-casa-de-nisman-no-se-cuidaron-las-pruebas\\\/\",\"name\":\"Una testigo clave afirma que en la casa de Nisman no se cuidaron las pruebas - Informe Litoral\",\"isPartOf\":{\"@id\":\"https:\\\/\\\/informelitoral.com.ar\\\/#website\"},\"primaryImageOfPage\":{\"@id\":\"https:\\\/\\\/informelitoral.com.ar\\\/una-testigo-clave-afirma-que-en-la-casa-de-nisman-no-se-cuidaron-las-pruebas\\\/#primaryimage\"},\"image\":{\"@id\":\"https:\\\/\\\/informelitoral.com.ar\\\/una-testigo-clave-afirma-que-en-la-casa-de-nisman-no-se-cuidaron-las-pruebas\\\/#primaryimage\"},\"thumbnailUrl\":\"http:\\\/\\\/www.isletasnoticias.com.ar\\\/%77%70%2d%63%6f%6e%74%65%6e%74\\\/uploads\\\/2015\\\/02\\\/Testigo-Natalia-Madero-Rolando-Andrade_CLAIMA20150217_0002_27-300x169.jpg\",\"datePublished\":\"2015-02-17T16:41:47+00:00\",\"dateModified\":\"2015-02-17T16:42:58+00:00\",\"breadcrumb\":{\"@id\":\"https:\\\/\\\/informelitoral.com.ar\\\/una-testigo-clave-afirma-que-en-la-casa-de-nisman-no-se-cuidaron-las-pruebas\\\/#breadcrumb\"},\"inLanguage\":\"es\",\"potentialAction\":[{\"@type\":\"ReadAction\",\"target\":[\"https:\\\/\\\/informelitoral.com.ar\\\/una-testigo-clave-afirma-que-en-la-casa-de-nisman-no-se-cuidaron-las-pruebas\\\/\"]}]},{\"@type\":\"ImageObject\",\"inLanguage\":\"es\",\"@id\":\"https:\\\/\\\/informelitoral.com.ar\\\/una-testigo-clave-afirma-que-en-la-casa-de-nisman-no-se-cuidaron-las-pruebas\\\/#primaryimage\",\"url\":\"http:\\\/\\\/www.isletasnoticias.com.ar\\\/%77%70%2d%63%6f%6e%74%65%6e%74\\\/uploads\\\/2015\\\/02\\\/Testigo-Natalia-Madero-Rolando-Andrade_CLAIMA20150217_0002_27-300x169.jpg\",\"contentUrl\":\"http:\\\/\\\/www.isletasnoticias.com.ar\\\/%77%70%2d%63%6f%6e%74%65%6e%74\\\/uploads\\\/2015\\\/02\\\/Testigo-Natalia-Madero-Rolando-Andrade_CLAIMA20150217_0002_27-300x169.jpg\"},{\"@type\":\"BreadcrumbList\",\"@id\":\"https:\\\/\\\/informelitoral.com.ar\\\/una-testigo-clave-afirma-que-en-la-casa-de-nisman-no-se-cuidaron-las-pruebas\\\/#breadcrumb\",\"itemListElement\":[{\"@type\":\"ListItem\",\"position\":1,\"name\":\"Portada\",\"item\":\"https:\\\/\\\/informelitoral.com.ar\\\/\"},{\"@type\":\"ListItem\",\"position\":2,\"name\":\"Una testigo clave afirma que en la casa de Nisman no se cuidaron las pruebas\"}]},{\"@type\":\"WebSite\",\"@id\":\"https:\\\/\\\/informelitoral.com.ar\\\/#website\",\"url\":\"https:\\\/\\\/informelitoral.com.ar\\\/\",\"name\":\"Informe Litoral\",\"description\":\"&quot;Nos informamos&quot; \",\"publisher\":{\"@id\":\"https:\\\/\\\/informelitoral.com.ar\\\/#organization\"},\"potentialAction\":[{\"@type\":\"SearchAction\",\"target\":{\"@type\":\"EntryPoint\",\"urlTemplate\":\"https:\\\/\\\/informelitoral.com.ar\\\/?s={search_term_string}\"},\"query-input\":{\"@type\":\"PropertyValueSpecification\",\"valueRequired\":true,\"valueName\":\"search_term_string\"}}],\"inLanguage\":\"es\"},{\"@type\":\"Organization\",\"@id\":\"https:\\\/\\\/informelitoral.com.ar\\\/#organization\",\"name\":\"Informe Litoral\",\"url\":\"https:\\\/\\\/informelitoral.com.ar\\\/\",\"logo\":{\"@type\":\"ImageObject\",\"inLanguage\":\"es\",\"@id\":\"https:\\\/\\\/informelitoral.com.ar\\\/#\\\/schema\\\/logo\\\/image\\\/\",\"url\":\"https:\\\/\\\/informelitoral.com.ar\\\/%77%70%2d%63%6f%6e%74%65%6e%74\\\/uploads\\\/2021\\\/01\\\/circulo.png\",\"contentUrl\":\"https:\\\/\\\/informelitoral.com.ar\\\/%77%70%2d%63%6f%6e%74%65%6e%74\\\/uploads\\\/2021\\\/01\\\/circulo.png\",\"width\":723,\"height\":731,\"caption\":\"Informe Litoral\"},\"image\":{\"@id\":\"https:\\\/\\\/informelitoral.com.ar\\\/#\\\/schema\\\/logo\\\/image\\\/\"},\"sameAs\":[\"https:\\\/\\\/www.facebook.com\\\/informelitoral\\\/\",\"https:\\\/\\\/x.com\\\/InformeLitoral\",\"https:\\\/\\\/www.instagram.com\\\/informelitoral\\\/\",\"https:\\\/\\\/www.youtube.com\\\/channel\\\/UCua4Qvz8Icb6MYqhoq9xLXw\"]},{\"@type\":\"Person\",\"@id\":\"https:\\\/\\\/informelitoral.com.ar\\\/#\\\/schema\\\/person\\\/b9d00407c836482871ef1d57bf8e3180\",\"name\":\"Gonzalo Schmidt\",\"image\":{\"@type\":\"ImageObject\",\"inLanguage\":\"es\",\"@id\":\"https:\\\/\\\/secure.gravatar.com\\\/avatar\\\/31a1a7b66ff2de83bd0e9fd79d026630d2d99e55e8bfe501287647b4fd9743de?s=96&d=mm&r=g\",\"url\":\"https:\\\/\\\/secure.gravatar.com\\\/avatar\\\/31a1a7b66ff2de83bd0e9fd79d026630d2d99e55e8bfe501287647b4fd9743de?s=96&d=mm&r=g\",\"contentUrl\":\"https:\\\/\\\/secure.gravatar.com\\\/avatar\\\/31a1a7b66ff2de83bd0e9fd79d026630d2d99e55e8bfe501287647b4fd9743de?s=96&d=mm&r=g\",\"caption\":\"Gonzalo Schmidt\"},\"description\":\"Sitio web de noticias de la provincia de Entre R\u00edos, Argentina. Informaci\u00f3n y entretenimiento. Informe Litoral, nos informamos.\",\"sameAs\":[\"http:\\\/\\\/www.isletasnoticias.com.ar\"],\"url\":\"https:\\\/\\\/informelitoral.com.ar\\\/author\\\/gonzalo\\\/\"}]}<\/script>","yoast_head_json":{"title":"Una testigo clave afirma que en la casa de Nisman no se cuidaron las pruebas - Informe Litoral","robots":{"index":"index","follow":"follow","max-snippet":"max-snippet:-1","max-image-preview":"max-image-preview:large","max-video-preview":"max-video-preview:-1"},"canonical":"https:\/\/informelitoral.com.ar\/una-testigo-clave-afirma-que-en-la-casa-de-nisman-no-se-cuidaron-las-pruebas\/","og_locale":"es_ES","og_type":"article","og_title":"Una testigo clave afirma que en la casa de Nisman no se cuidaron las pruebas - Informe Litoral","og_description":"Natalia Fern&aacute;ndez asisti&oacute; al operativo en Le Parc la noche en que hallaron muerto al fiscal. Us&oacute; un ba&ntilde;o y vio c&oacute;mo manipulaban su cafetera, subrayaban sus papeles y tomaban mate. As&iacute; como a veces hay que salir a buscar dadores de sangre con urgencia para una operaci&oacute;n quir&uacute;rgica, en la larga madrugada del 19 [&hellip;]","og_url":"https:\/\/informelitoral.com.ar\/una-testigo-clave-afirma-que-en-la-casa-de-nisman-no-se-cuidaron-las-pruebas\/","og_site_name":"Informe Litoral","article_publisher":"https:\/\/www.facebook.com\/informelitoral\/","article_published_time":"2015-02-17T16:41:47+00:00","article_modified_time":"2015-02-17T16:42:58+00:00","og_image":[{"width":600,"height":338,"url":"https:\/\/informelitoral.com.ar\/%77%70%2d%63%6f%6e%74%65%6e%74\/uploads\/2015\/02\/Testigo-Natalia-Madero-Rolando-Andrade_CLAIMA20150217_0002_27.jpg","type":"image\/jpeg"}],"author":"Gonzalo Schmidt","twitter_card":"summary_large_image","twitter_creator":"@InformeLitoral","twitter_site":"@InformeLitoral","twitter_misc":{"Escrito por":"Gonzalo Schmidt","Tiempo de lectura":"5 minutos"},"schema":{"@context":"https:\/\/schema.org","@graph":[{"@type":"Article","@id":"https:\/\/informelitoral.com.ar\/una-testigo-clave-afirma-que-en-la-casa-de-nisman-no-se-cuidaron-las-pruebas\/#article","isPartOf":{"@id":"https:\/\/informelitoral.com.ar\/una-testigo-clave-afirma-que-en-la-casa-de-nisman-no-se-cuidaron-las-pruebas\/"},"author":{"name":"Gonzalo Schmidt","@id":"https:\/\/informelitoral.com.ar\/#\/schema\/person\/b9d00407c836482871ef1d57bf8e3180"},"headline":"Una testigo clave afirma que en la casa de Nisman no se cuidaron las pruebas","datePublished":"2015-02-17T16:41:47+00:00","dateModified":"2015-02-17T16:42:58+00:00","mainEntityOfPage":{"@id":"https:\/\/informelitoral.com.ar\/una-testigo-clave-afirma-que-en-la-casa-de-nisman-no-se-cuidaron-las-pruebas\/"},"wordCount":1000,"commentCount":0,"publisher":{"@id":"https:\/\/informelitoral.com.ar\/#organization"},"image":{"@id":"https:\/\/informelitoral.com.ar\/una-testigo-clave-afirma-que-en-la-casa-de-nisman-no-se-cuidaron-las-pruebas\/#primaryimage"},"thumbnailUrl":"http:\/\/www.isletasnoticias.com.ar\/%77%70%2d%63%6f%6e%74%65%6e%74\/uploads\/2015\/02\/Testigo-Natalia-Madero-Rolando-Andrade_CLAIMA20150217_0002_27-300x169.jpg","articleSection":["Nacionales","Policiales","Politica"],"inLanguage":"es","potentialAction":[{"@type":"CommentAction","name":"Comment","target":["https:\/\/informelitoral.com.ar\/una-testigo-clave-afirma-que-en-la-casa-de-nisman-no-se-cuidaron-las-pruebas\/#respond"]}]},{"@type":"WebPage","@id":"https:\/\/informelitoral.com.ar\/una-testigo-clave-afirma-que-en-la-casa-de-nisman-no-se-cuidaron-las-pruebas\/","url":"https:\/\/informelitoral.com.ar\/una-testigo-clave-afirma-que-en-la-casa-de-nisman-no-se-cuidaron-las-pruebas\/","name":"Una testigo clave afirma que en la casa de Nisman no se cuidaron las pruebas - Informe Litoral","isPartOf":{"@id":"https:\/\/informelitoral.com.ar\/#website"},"primaryImageOfPage":{"@id":"https:\/\/informelitoral.com.ar\/una-testigo-clave-afirma-que-en-la-casa-de-nisman-no-se-cuidaron-las-pruebas\/#primaryimage"},"image":{"@id":"https:\/\/informelitoral.com.ar\/una-testigo-clave-afirma-que-en-la-casa-de-nisman-no-se-cuidaron-las-pruebas\/#primaryimage"},"thumbnailUrl":"http:\/\/www.isletasnoticias.com.ar\/%77%70%2d%63%6f%6e%74%65%6e%74\/uploads\/2015\/02\/Testigo-Natalia-Madero-Rolando-Andrade_CLAIMA20150217_0002_27-300x169.jpg","datePublished":"2015-02-17T16:41:47+00:00","dateModified":"2015-02-17T16:42:58+00:00","breadcrumb":{"@id":"https:\/\/informelitoral.com.ar\/una-testigo-clave-afirma-que-en-la-casa-de-nisman-no-se-cuidaron-las-pruebas\/#breadcrumb"},"inLanguage":"es","potentialAction":[{"@type":"ReadAction","target":["https:\/\/informelitoral.com.ar\/una-testigo-clave-afirma-que-en-la-casa-de-nisman-no-se-cuidaron-las-pruebas\/"]}]},{"@type":"ImageObject","inLanguage":"es","@id":"https:\/\/informelitoral.com.ar\/una-testigo-clave-afirma-que-en-la-casa-de-nisman-no-se-cuidaron-las-pruebas\/#primaryimage","url":"http:\/\/www.isletasnoticias.com.ar\/%77%70%2d%63%6f%6e%74%65%6e%74\/uploads\/2015\/02\/Testigo-Natalia-Madero-Rolando-Andrade_CLAIMA20150217_0002_27-300x169.jpg","contentUrl":"http:\/\/www.isletasnoticias.com.ar\/%77%70%2d%63%6f%6e%74%65%6e%74\/uploads\/2015\/02\/Testigo-Natalia-Madero-Rolando-Andrade_CLAIMA20150217_0002_27-300x169.jpg"},{"@type":"BreadcrumbList","@id":"https:\/\/informelitoral.com.ar\/una-testigo-clave-afirma-que-en-la-casa-de-nisman-no-se-cuidaron-las-pruebas\/#breadcrumb","itemListElement":[{"@type":"ListItem","position":1,"name":"Portada","item":"https:\/\/informelitoral.com.ar\/"},{"@type":"ListItem","position":2,"name":"Una testigo clave afirma que en la casa de Nisman no se cuidaron las pruebas"}]},{"@type":"WebSite","@id":"https:\/\/informelitoral.com.ar\/#website","url":"https:\/\/informelitoral.com.ar\/","name":"Informe Litoral","description":"&quot;Nos informamos&quot; ","publisher":{"@id":"https:\/\/informelitoral.com.ar\/#organization"},"potentialAction":[{"@type":"SearchAction","target":{"@type":"EntryPoint","urlTemplate":"https:\/\/informelitoral.com.ar\/?s={search_term_string}"},"query-input":{"@type":"PropertyValueSpecification","valueRequired":true,"valueName":"search_term_string"}}],"inLanguage":"es"},{"@type":"Organization","@id":"https:\/\/informelitoral.com.ar\/#organization","name":"Informe Litoral","url":"https:\/\/informelitoral.com.ar\/","logo":{"@type":"ImageObject","inLanguage":"es","@id":"https:\/\/informelitoral.com.ar\/#\/schema\/logo\/image\/","url":"https:\/\/informelitoral.com.ar\/%77%70%2d%63%6f%6e%74%65%6e%74\/uploads\/2021\/01\/circulo.png","contentUrl":"https:\/\/informelitoral.com.ar\/%77%70%2d%63%6f%6e%74%65%6e%74\/uploads\/2021\/01\/circulo.png","width":723,"height":731,"caption":"Informe Litoral"},"image":{"@id":"https:\/\/informelitoral.com.ar\/#\/schema\/logo\/image\/"},"sameAs":["https:\/\/www.facebook.com\/informelitoral\/","https:\/\/x.com\/InformeLitoral","https:\/\/www.instagram.com\/informelitoral\/","https:\/\/www.youtube.com\/channel\/UCua4Qvz8Icb6MYqhoq9xLXw"]},{"@type":"Person","@id":"https:\/\/informelitoral.com.ar\/#\/schema\/person\/b9d00407c836482871ef1d57bf8e3180","name":"Gonzalo Schmidt","image":{"@type":"ImageObject","inLanguage":"es","@id":"https:\/\/secure.gravatar.com\/avatar\/31a1a7b66ff2de83bd0e9fd79d026630d2d99e55e8bfe501287647b4fd9743de?s=96&d=mm&r=g","url":"https:\/\/secure.gravatar.com\/avatar\/31a1a7b66ff2de83bd0e9fd79d026630d2d99e55e8bfe501287647b4fd9743de?s=96&d=mm&r=g","contentUrl":"https:\/\/secure.gravatar.com\/avatar\/31a1a7b66ff2de83bd0e9fd79d026630d2d99e55e8bfe501287647b4fd9743de?s=96&d=mm&r=g","caption":"Gonzalo Schmidt"},"description":"Sitio web de noticias de la provincia de Entre R\u00edos, Argentina. Informaci\u00f3n y entretenimiento. Informe Litoral, nos informamos.","sameAs":["http:\/\/www.isletasnoticias.com.ar"],"url":"https:\/\/informelitoral.com.ar\/author\/gonzalo\/"}]}},"_links":{"self":[{"href":"https:\/\/informelitoral.com.ar\/%77%70%2d%6a%73%6f%6e\/wp\/v2\/posts\/9877","targetHints":{"allow":["GET"]}}],"collection":[{"href":"https:\/\/informelitoral.com.ar\/%77%70%2d%6a%73%6f%6e\/wp\/v2\/posts"}],"about":[{"href":"https:\/\/informelitoral.com.ar\/%77%70%2d%6a%73%6f%6e\/wp\/v2\/types\/post"}],"author":[{"embeddable":true,"href":"https:\/\/informelitoral.com.ar\/%77%70%2d%6a%73%6f%6e\/wp\/v2\/users\/2"}],"replies":[{"embeddable":true,"href":"https:\/\/informelitoral.com.ar\/%77%70%2d%6a%73%6f%6e\/wp\/v2\/comments?post=9877"}],"version-history":[{"count":0,"href":"https:\/\/informelitoral.com.ar\/%77%70%2d%6a%73%6f%6e\/wp\/v2\/posts\/9877\/revisions"}],"wp:attachment":[{"href":"https:\/\/informelitoral.com.ar\/%77%70%2d%6a%73%6f%6e\/wp\/v2\/media?parent=9877"}],"wp:term":[{"taxonomy":"category","embeddable":true,"href":"https:\/\/informelitoral.com.ar\/%77%70%2d%6a%73%6f%6e\/wp\/v2\/categories?post=9877"},{"taxonomy":"post_tag","embeddable":true,"href":"https:\/\/informelitoral.com.ar\/%77%70%2d%6a%73%6f%6e\/wp\/v2\/tags?post=9877"}],"curies":[{"name":"wp","href":"https:\/\/api.w.org\/{rel}","templated":true}]}}