{"id":9874,"date":"2015-02-17T13:35:34","date_gmt":"2015-02-17T16:35:34","guid":{"rendered":"http:\/\/www.isletasnoticias.com.ar\/?p=9874"},"modified":"2015-02-17T13:35:34","modified_gmt":"2015-02-17T16:35:34","slug":"urribarri-que-las-obras-hablen-por-mi","status":"publish","type":"post","link":"https:\/\/informelitoral.com.ar\/urribarri-que-las-obras-hablen-por-mi\/","title":{"rendered":"Urribarri: \u201cque las obras hablen por m\u00ed\u201d"},"content":{"rendered":"<p><strong>El gobernador <em>Sergio Urribarri<\/em> brind\u00f3 el informe a la Legislatura entrerriana, que fue el \u00faltimo de su segundo mandato. \u201cHemos crecido mucho, hoy somos otra provincia y podemos ser mucho m\u00e1s todav\u00eda\u201d asegur\u00f3. Reivindic\u00f3 la pol\u00edticas implementadas en su gesti\u00f3n y dejar \u201ccomo m\u00ednimo una obra en cada pueblo o localidad\u201d de Entre R\u00edos, y consider\u00f3 como uno de sus \u201clegados\u201d haber promovido a las nuevas generaciones a cargos con responsabilidad de gobierno.<a href=\"http:\/\/www.isletasnoticias.com.ar\/%77%70%2d%63%6f%6e%74%65%6e%74\/uploads\/2015\/02\/b_1424051222.jpg\"><img loading=\"lazy\" decoding=\"async\" class=\"aligncenter size-medium wp-image-9875\" src=\"http:\/\/www.isletasnoticias.com.ar\/%77%70%2d%63%6f%6e%74%65%6e%74\/uploads\/2015\/02\/b_1424051222-300x184.jpg\" alt=\"b_1424051222\" width=\"300\" height=\"184\" srcset=\"https:\/\/informelitoral.com.ar\/%77%70%2d%63%6f%6e%74%65%6e%74\/uploads\/2015\/02\/b_1424051222-300x184.jpg 300w, https:\/\/informelitoral.com.ar\/%77%70%2d%63%6f%6e%74%65%6e%74\/uploads\/2015\/02\/b_1424051222.jpg 492w\" sizes=\"auto, (max-width: 300px) 100vw, 300px\" \/><\/a><\/strong><\/p>\n<p>El gobernador <strong>Sergio Urribarri<\/strong> brind\u00f3 el informe a la Legislatura entrerriana, que fue el \u00faltimo de su segundo mandato. \u201cHemos crecido mucho, hoy somos otra provincia y podemos ser mucho m\u00e1s todav\u00eda\u201d asegur\u00f3. Reivindic\u00f3 la pol\u00edticas implementadas en su gesti\u00f3n y dejar \u201ccomo m\u00ednimo una obra en cada pueblo o localidad\u201d de Entre R\u00edos, y consider\u00f3 como uno de sus \u201clegados\u201d haber promovido a las nuevas generaciones a cargos con responsabilidad de gobierno.<\/p>\n<p>Poco despu\u00e9s de las 20.00 del domingo, el mandatario comenz\u00f3 a desarrollar su informe de gesti\u00f3n, en cumplimiento del art\u00edculo 105 de la Constituci\u00f3n de Entre R\u00edos y que signific\u00f3 la apertura del 135\u00ba per\u00edodo de sesiones ordinarias de la Asamblea Legislativa.<\/p>\n<p>\u201cUno decide, o se preocupa por pelear, por hacer pol\u00edtica todo el d\u00eda o por ver como generamos trabajo, atraemos inversiones y solucionamos los reclamos hist\u00f3ricos de esta provincia uniendo esfuerzo entre todos los sectores\u201d comenz\u00f3 diciendo el gobernador en su mensaje institucional, que fue el \u00faltimo de su segundo mandato ante diputados y senadores de Entre R\u00edos.<\/p>\n<p>En ese sentido indic\u00f3 que \u201ctal vez la raz\u00f3n de haber sido reelegido sea porque en cada lugar de nuestra provincia hay como m\u00ednimo una obra, hay un programa en marcha, hay m\u00ednimo una acci\u00f3n del gobierno\u201d puntualiz\u00f3.<\/p>\n<p>A lo largo de casi 50 minutos, Urribarri realiz\u00f3 una s\u00edntesis de las pol\u00edticas implementadas desde que asumi\u00f3 en diciembre de 2007 y las acciones de gobierno en materia de salud, educaci\u00f3n, seguridad, acci\u00f3n social, obra p\u00fablica, reactivaci\u00f3n ferroviaria y producci\u00f3n de este \u00faltimo a\u00f1o.<\/p>\n<p>El gobernador expres\u00f3 que \u201cnada de lo que pasamos, hicimos y generamos podr\u00eda haber sido posible si no hubiese existido en nuestras vidas un hombre que vino a cambiar todo, que trajo esperanza, dignidad y alegr\u00eda a nuestro pueblo\u201d en referencia al fallecido ex presidente N\u00e9stor Kirchner, a quien defini\u00f3 como \u201ccompa\u00f1ero del alma, el mejor de todos nosotros\u201d.<\/p>\n<p>\u201c\u00c9l fue el viento de cambio que abrazo cada rinc\u00f3n del pa\u00eds, solo los necios no supieron acompa\u00f1ar con la intensidad y la fuerza que el impon\u00eda\u201d expres\u00f3.<\/p>\n<p>Con igual \u00e9nfasis se\u00f1al\u00f3 que \u201cnada de lo que hicimos ser\u00eda posible sin ella, sin nuestra conductora natural que entendi\u00f3 mejor que nadie el camino trazado por su compa\u00f1ero de vida y que profundiz\u00f3 con garra, con voluntad y sobre todo con coraz\u00f3n la causa del verdadero federalismo\u201d en referencia a la presidenta Cristina Fern\u00e1ndez de Kirchner, motivando los aplausos de los presentes.<\/p>\n<p>El primer mandatario resumi\u00f3 en su informe lo ocurrido en cada pueblo de la provincia en estos a\u00f1os. \u201cTodos tienen su obra hist\u00f3rica cumplida o en ejecuci\u00f3n. Estaciones potabilizadoras, redes de gas, sistemas de cloacas, escuelas nuevas por doquier, centros asistenciales, viviendas, rutas nuevas y reparadas, accesos pavimentados e iluminados que han vuelto m\u00e1s significativas a las ciudades facilitando tambi\u00e9n la afluencia de turistas, lo que equivale a m\u00e1s movimiento econ\u00f3mico, m\u00e1s trabajo, m\u00e1s actividad, m\u00e1s vida\u201d apunt\u00f3.<\/p>\n<p>En su mensaje ante la Asamblea Legislativa Urribarri sostuvo que \u201chay una tentaci\u00f3n de los pol\u00edticos por dejar su nombre en una placa, en cada obra que hace. Eso es ef\u00edmero y circunstancial. La gran marca que debe tener un gobernante es haber pensado una provincia a 20 a\u00f1os, creado las condiciones para que cuando se termine el mandato queden beneficios y oportunidades para ciudadanos de hoy, para sus hijos y para los hijos de sus hijos\u201d.<\/p>\n<p>Para Urribarri ampliar \u201cla matriz productiva, incentivar el conocimiento, la ciencia y la tecnolog\u00eda, diversificar la producci\u00f3n, invertir en la capacitaci\u00f3n de la gente, apostar a proyectos productivos cooperativos, buscar la dignidad y la autonom\u00eda de las personas a trav\u00e9s del trabajo, los emprendimientos\u201d han sido parte del legado m\u00e1s trascendente de la gesti\u00f3n iniciada en diciembre de 2007.<\/p>\n<p>Tambi\u00e9n subray\u00f3 que haber creado \u201clas condiciones para la inversi\u00f3n y para el desarrollo en la producci\u00f3n y los servicios no deja ninguna placa a mi nombre, pero quiero decirles que deja una satisfacci\u00f3n enorme y tambi\u00e9n genera un desaf\u00edo de mantener esta visi\u00f3n a largo plazo con pol\u00edticas de estado cuyos \u00fanicos beneficiarios son los entrerrianos de hoy y sobre todo del ma\u00f1ana\u201d.<\/p>\n<p>Con datos de organismos p\u00fablicos y privados nacionales el gobernador remarc\u00f3 que Entre R\u00edos pas\u00f3 de ser \u201cuna provincia de perfil poco m\u00e1s que pastoril a una provincia de perfil agroindustrial con algunos enclaves ligados a la industria de base tecnol\u00f3gica como la farmac\u00e9utica, la bioingenier\u00eda y la biomedicina\u201d.<\/p>\n<p>\u201cPor supuesto que a\u00fan queda mucho por hacer y seguro hemos cometido errores\u201d aclar\u00f3, pero asegur\u00f3 que al asumir en 2007 propuso \u201cavanzar hacia la idea de Entre R\u00edos una provincia vital, de la que todo el pa\u00eds hable bien. He trabajado duro para que entendamos que Entre R\u00edos puede ser una potencia nacional. Que podemos liderar en agroindustria. Que podemos liderar en Educaci\u00f3n, en comunicaciones y en otra gran cantidad de frentes y actividades. Porque todo eso es lo que termina configurando una provincia pujante, una provincia de oportunidades para el pueblo\u201d manifest\u00f3.<\/p>\n<p>\u201cQueda mucho, much\u00edsimo por hacer. Pero las bases del futuro est\u00e1n. Dejo 134 escuelas totalmente nuevas y otras cientos puestas a nuevo y totalmente equipadas y comunicadas. Nuestro promedio ha sido de un aula construida cada dos d\u00edas de gobierno. Dejamos un presupuesto para 40.000 becas educativas al a\u00f1o y m\u00e1s de 10.000 maestros titularizados\u201d expres\u00f3 ante los legisladores e invitados presentes.<\/p>\n<p>En un p\u00e1rrafo aparte en su discurso, Urribarri destac\u00f3 los avances de la obra de tendido de la Fibra \u00d3ptica, parte central del proyecto nacional Argentina Conectada, recientemente concluida y donde la nueva etapa es el inicio de las redes dentro de las ciudades.<\/p>\n<p>\u201cEs la posibilidad de conectar a la gente, a las instituciones, a las escuelas, a la organizaci\u00f3n estatal. Todos con todos. Y no s\u00f3lo contactar, sino lo revolucionario: intercambiar cantidades masivas de informaci\u00f3n y gratis\u201d.<\/p>\n<p>\u201cSon 170 localidades entrerrianas conectadas por una red de 1800 kil\u00f3metros de fibra \u00f3ptica. La obra de tendido ya se termin\u00f3 totalmente, en un 100 %. Es algo realmente impresionante\u201d expres\u00f3 entusiasmado.<\/p>\n<p>En otro tramo del discurso, compar\u00f3 la inversi\u00f3n realizada por la Naci\u00f3n en obra p\u00fablica con otras jurisdicciones: \u201cUno podr\u00eda desviar los objetivos y mandar a rentas generales enormes partidas presupuestarias. Tuvimos un 155 % de crecimiento, triplicando el promedio nacional que fue el 51 % y superando a nuestras provincias vecinas: C\u00f3rdoba, que mejor\u00f3 un 74 %, Buenos Aires, que creci\u00f3 un 10,8 % y Santa Fe, que decreci\u00f3 un -22,3 % en inversi\u00f3n\u201d.<\/p>\n<p>Tambi\u00e9n, en lo que tiene que ver con la industrializaci\u00f3n de la producci\u00f3n primaria revel\u00f3 que el INDEC consider\u00f3 a Entre R\u00edos como \u201cla provincia en la que el viraje a la exportaci\u00f3n de bienes manufacturados se ha dado con mayor fuerza. Nuestras exportaciones muestran cambio de perfil productivo; ya no s\u00f3lo hablamos de cantidad, ahora podemos hablar de calidad de productos exportados\u201d.<\/p>\n<p>En esa direcci\u00f3n record\u00f3 que se pas\u00f3 \u201cde 420 millones en exportaciones de manufacturas a casi 852 millones de d\u00f3lares entre 2007 y 2013, creciendo un 102,84 %; en el pa\u00eds el rubro creci\u00f3 en el per\u00edodo 45,85 % y somos claramente el distrito que m\u00e1s avanz\u00f3 en este indicador netamente cualitativo\u201d.<\/p>\n<p>Ya finalizando su mensaje, y luego de agradecer a su equipo de colaboradores y a su familia por el trabajo y el acompa\u00f1amiento, el mandatario reivindic\u00f3 la decisi\u00f3n de \u201csubirse a un tren de la historia que en su paso por esta provincia la llen\u00f3 de obras y realizaciones que generaron trabajo y felicidad para el pueblo, como nunca antes hab\u00eda ocurrido\u201d.<\/p>\n<p>\u201cHemos crecido mucho, hoy somos otra provincia y podemos ser mucho m\u00e1s todav\u00eda, y para eso la dirigencia debe saber bien a d\u00f3nde se pone la energ\u00eda, si en el futuro o en el pasado\u201d apunt\u00f3.<\/p>\n<p>Urribarri reivindic\u00f3 a \u201clas nuevas generaciones, por eso nuestros j\u00f3venes diputados, ministros y secretarios\u201d y concluy\u00f3 diciendo que \u201clos hechos y la historia hablar\u00e1n\u201d, que no dejar\u00e1 de trabajar \u201chasta el \u00faltimo minuto, est\u00e1n las obras, los proyectos y la pol\u00edtica de estado a largo plazo, que ellas hablen por m\u00ed\u201d.<\/p>\n","protected":false},"excerpt":{"rendered":"<p>El gobernador Sergio Urribarri brind&oacute; el informe a la Legislatura entrerriana, que fue el &uacute;ltimo de su segundo mandato. &ldquo;Hemos crecido mucho, hoy somos otra provincia y podemos ser mucho m&aacute;s todav&iacute;a&rdquo; asegur&oacute;. Reivindic&oacute; la pol&iacute;ticas implementadas en su gesti&oacute;n y dejar &ldquo;como m&iacute;nimo una obra en cada pueblo o localidad&rdquo; de Entre R&iacute;os, y [&hellip;]<\/p>\n","protected":false},"author":2,"featured_media":0,"comment_status":"open","ping_status":"open","sticky":false,"template":"","format":"standard","meta":{"fifu_image_url":"","fifu_image_alt":"","footnotes":""},"categories":[6,16],"tags":[],"class_list":{"0":"post-9874","1":"post","2":"type-post","3":"status-publish","4":"format-standard","6":"category-entre-rios","7":"category-politi"},"yoast_head":"<title>Urribarri: \u201cque las obras hablen por m\u00ed\u201d - Informe Litoral<\/title>\n<meta name=\"robots\" content=\"index, follow, max-snippet:-1, max-image-preview:large, max-video-preview:-1\" \/>\n<link rel=\"canonical\" href=\"https:\/\/informelitoral.com.ar\/urribarri-que-las-obras-hablen-por-mi\/\" \/>\n<meta property=\"og:locale\" content=\"es_ES\" \/>\n<meta property=\"og:type\" content=\"article\" \/>\n<meta property=\"og:title\" content=\"Urribarri: \u201cque las obras hablen por m\u00ed\u201d - Informe Litoral\" \/>\n<meta property=\"og:description\" content=\"El gobernador Sergio Urribarri brind&oacute; el informe a la Legislatura entrerriana, que fue el &uacute;ltimo de su segundo mandato. &ldquo;Hemos crecido mucho, hoy somos otra provincia y podemos ser mucho m&aacute;s todav&iacute;a&rdquo; asegur&oacute;. Reivindic&oacute; la pol&iacute;ticas implementadas en su gesti&oacute;n y dejar &ldquo;como m&iacute;nimo una obra en cada pueblo o localidad&rdquo; de Entre R&iacute;os, y [&hellip;]\" \/>\n<meta property=\"og:url\" content=\"https:\/\/informelitoral.com.ar\/urribarri-que-las-obras-hablen-por-mi\/\" \/>\n<meta property=\"og:site_name\" content=\"Informe Litoral\" \/>\n<meta property=\"article:publisher\" content=\"https:\/\/www.facebook.com\/informelitoral\/\" \/>\n<meta property=\"article:published_time\" content=\"2015-02-17T16:35:34+00:00\" \/>\n<meta property=\"og:image\" content=\"https:\/\/informelitoral.com.ar\/%77%70%2d%63%6f%6e%74%65%6e%74\/uploads\/2015\/02\/b_1424051222.jpg\" \/>\n\t<meta property=\"og:image:width\" content=\"492\" \/>\n\t<meta property=\"og:image:height\" content=\"301\" \/>\n\t<meta property=\"og:image:type\" content=\"image\/jpeg\" \/>\n<meta name=\"author\" content=\"Gonzalo Schmidt\" \/>\n<meta name=\"twitter:card\" content=\"summary_large_image\" \/>\n<meta name=\"twitter:creator\" content=\"@InformeLitoral\" \/>\n<meta name=\"twitter:site\" content=\"@InformeLitoral\" \/>\n<meta name=\"twitter:label1\" content=\"Escrito por\" \/>\n\t<meta name=\"twitter:data1\" content=\"Gonzalo Schmidt\" \/>\n\t<meta name=\"twitter:label2\" content=\"Tiempo de lectura\" \/>\n\t<meta name=\"twitter:data2\" content=\"8 minutos\" \/>\n<script type=\"application\/ld+json\" class=\"yoast-schema-graph\">{\"@context\":\"https:\\\/\\\/schema.org\",\"@graph\":[{\"@type\":\"Article\",\"@id\":\"https:\\\/\\\/informelitoral.com.ar\\\/urribarri-que-las-obras-hablen-por-mi\\\/#article\",\"isPartOf\":{\"@id\":\"https:\\\/\\\/informelitoral.com.ar\\\/urribarri-que-las-obras-hablen-por-mi\\\/\"},\"author\":{\"name\":\"Gonzalo Schmidt\",\"@id\":\"https:\\\/\\\/informelitoral.com.ar\\\/#\\\/schema\\\/person\\\/b9d00407c836482871ef1d57bf8e3180\"},\"headline\":\"Urribarri: \u201cque las obras hablen por m\u00ed\u201d\",\"datePublished\":\"2015-02-17T16:35:34+00:00\",\"mainEntityOfPage\":{\"@id\":\"https:\\\/\\\/informelitoral.com.ar\\\/urribarri-que-las-obras-hablen-por-mi\\\/\"},\"wordCount\":1513,\"commentCount\":0,\"publisher\":{\"@id\":\"https:\\\/\\\/informelitoral.com.ar\\\/#organization\"},\"image\":{\"@id\":\"https:\\\/\\\/informelitoral.com.ar\\\/urribarri-que-las-obras-hablen-por-mi\\\/#primaryimage\"},\"thumbnailUrl\":\"http:\\\/\\\/www.isletasnoticias.com.ar\\\/%77%70%2d%63%6f%6e%74%65%6e%74\\\/uploads\\\/2015\\\/02\\\/b_1424051222-300x184.jpg\",\"articleSection\":[\"Entre R\u00edos\",\"Politica\"],\"inLanguage\":\"es\",\"potentialAction\":[{\"@type\":\"CommentAction\",\"name\":\"Comment\",\"target\":[\"https:\\\/\\\/informelitoral.com.ar\\\/urribarri-que-las-obras-hablen-por-mi\\\/#respond\"]}]},{\"@type\":\"WebPage\",\"@id\":\"https:\\\/\\\/informelitoral.com.ar\\\/urribarri-que-las-obras-hablen-por-mi\\\/\",\"url\":\"https:\\\/\\\/informelitoral.com.ar\\\/urribarri-que-las-obras-hablen-por-mi\\\/\",\"name\":\"Urribarri: \u201cque las obras hablen por m\u00ed\u201d - Informe Litoral\",\"isPartOf\":{\"@id\":\"https:\\\/\\\/informelitoral.com.ar\\\/#website\"},\"primaryImageOfPage\":{\"@id\":\"https:\\\/\\\/informelitoral.com.ar\\\/urribarri-que-las-obras-hablen-por-mi\\\/#primaryimage\"},\"image\":{\"@id\":\"https:\\\/\\\/informelitoral.com.ar\\\/urribarri-que-las-obras-hablen-por-mi\\\/#primaryimage\"},\"thumbnailUrl\":\"http:\\\/\\\/www.isletasnoticias.com.ar\\\/%77%70%2d%63%6f%6e%74%65%6e%74\\\/uploads\\\/2015\\\/02\\\/b_1424051222-300x184.jpg\",\"datePublished\":\"2015-02-17T16:35:34+00:00\",\"breadcrumb\":{\"@id\":\"https:\\\/\\\/informelitoral.com.ar\\\/urribarri-que-las-obras-hablen-por-mi\\\/#breadcrumb\"},\"inLanguage\":\"es\",\"potentialAction\":[{\"@type\":\"ReadAction\",\"target\":[\"https:\\\/\\\/informelitoral.com.ar\\\/urribarri-que-las-obras-hablen-por-mi\\\/\"]}]},{\"@type\":\"ImageObject\",\"inLanguage\":\"es\",\"@id\":\"https:\\\/\\\/informelitoral.com.ar\\\/urribarri-que-las-obras-hablen-por-mi\\\/#primaryimage\",\"url\":\"http:\\\/\\\/www.isletasnoticias.com.ar\\\/%77%70%2d%63%6f%6e%74%65%6e%74\\\/uploads\\\/2015\\\/02\\\/b_1424051222-300x184.jpg\",\"contentUrl\":\"http:\\\/\\\/www.isletasnoticias.com.ar\\\/%77%70%2d%63%6f%6e%74%65%6e%74\\\/uploads\\\/2015\\\/02\\\/b_1424051222-300x184.jpg\"},{\"@type\":\"BreadcrumbList\",\"@id\":\"https:\\\/\\\/informelitoral.com.ar\\\/urribarri-que-las-obras-hablen-por-mi\\\/#breadcrumb\",\"itemListElement\":[{\"@type\":\"ListItem\",\"position\":1,\"name\":\"Portada\",\"item\":\"https:\\\/\\\/informelitoral.com.ar\\\/\"},{\"@type\":\"ListItem\",\"position\":2,\"name\":\"Urribarri: \u201cque las obras hablen por m\u00ed\u201d\"}]},{\"@type\":\"WebSite\",\"@id\":\"https:\\\/\\\/informelitoral.com.ar\\\/#website\",\"url\":\"https:\\\/\\\/informelitoral.com.ar\\\/\",\"name\":\"Informe Litoral\",\"description\":\"&quot;Nos informamos&quot; \",\"publisher\":{\"@id\":\"https:\\\/\\\/informelitoral.com.ar\\\/#organization\"},\"potentialAction\":[{\"@type\":\"SearchAction\",\"target\":{\"@type\":\"EntryPoint\",\"urlTemplate\":\"https:\\\/\\\/informelitoral.com.ar\\\/?s={search_term_string}\"},\"query-input\":{\"@type\":\"PropertyValueSpecification\",\"valueRequired\":true,\"valueName\":\"search_term_string\"}}],\"inLanguage\":\"es\"},{\"@type\":\"Organization\",\"@id\":\"https:\\\/\\\/informelitoral.com.ar\\\/#organization\",\"name\":\"Informe Litoral\",\"url\":\"https:\\\/\\\/informelitoral.com.ar\\\/\",\"logo\":{\"@type\":\"ImageObject\",\"inLanguage\":\"es\",\"@id\":\"https:\\\/\\\/informelitoral.com.ar\\\/#\\\/schema\\\/logo\\\/image\\\/\",\"url\":\"https:\\\/\\\/informelitoral.com.ar\\\/%77%70%2d%63%6f%6e%74%65%6e%74\\\/uploads\\\/2021\\\/01\\\/circulo.png\",\"contentUrl\":\"https:\\\/\\\/informelitoral.com.ar\\\/%77%70%2d%63%6f%6e%74%65%6e%74\\\/uploads\\\/2021\\\/01\\\/circulo.png\",\"width\":723,\"height\":731,\"caption\":\"Informe Litoral\"},\"image\":{\"@id\":\"https:\\\/\\\/informelitoral.com.ar\\\/#\\\/schema\\\/logo\\\/image\\\/\"},\"sameAs\":[\"https:\\\/\\\/www.facebook.com\\\/informelitoral\\\/\",\"https:\\\/\\\/x.com\\\/InformeLitoral\",\"https:\\\/\\\/www.instagram.com\\\/informelitoral\\\/\",\"https:\\\/\\\/www.youtube.com\\\/channel\\\/UCua4Qvz8Icb6MYqhoq9xLXw\"]},{\"@type\":\"Person\",\"@id\":\"https:\\\/\\\/informelitoral.com.ar\\\/#\\\/schema\\\/person\\\/b9d00407c836482871ef1d57bf8e3180\",\"name\":\"Gonzalo Schmidt\",\"image\":{\"@type\":\"ImageObject\",\"inLanguage\":\"es\",\"@id\":\"https:\\\/\\\/secure.gravatar.com\\\/avatar\\\/31a1a7b66ff2de83bd0e9fd79d026630d2d99e55e8bfe501287647b4fd9743de?s=96&d=mm&r=g\",\"url\":\"https:\\\/\\\/secure.gravatar.com\\\/avatar\\\/31a1a7b66ff2de83bd0e9fd79d026630d2d99e55e8bfe501287647b4fd9743de?s=96&d=mm&r=g\",\"contentUrl\":\"https:\\\/\\\/secure.gravatar.com\\\/avatar\\\/31a1a7b66ff2de83bd0e9fd79d026630d2d99e55e8bfe501287647b4fd9743de?s=96&d=mm&r=g\",\"caption\":\"Gonzalo Schmidt\"},\"description\":\"Sitio web de noticias de la provincia de Entre R\u00edos, Argentina. Informaci\u00f3n y entretenimiento. Informe Litoral, nos informamos.\",\"sameAs\":[\"http:\\\/\\\/www.isletasnoticias.com.ar\"],\"url\":\"https:\\\/\\\/informelitoral.com.ar\\\/author\\\/gonzalo\\\/\"}]}<\/script>","yoast_head_json":{"title":"Urribarri: \u201cque las obras hablen por m\u00ed\u201d - Informe Litoral","robots":{"index":"index","follow":"follow","max-snippet":"max-snippet:-1","max-image-preview":"max-image-preview:large","max-video-preview":"max-video-preview:-1"},"canonical":"https:\/\/informelitoral.com.ar\/urribarri-que-las-obras-hablen-por-mi\/","og_locale":"es_ES","og_type":"article","og_title":"Urribarri: \u201cque las obras hablen por m\u00ed\u201d - Informe Litoral","og_description":"El gobernador Sergio Urribarri brind&oacute; el informe a la Legislatura entrerriana, que fue el &uacute;ltimo de su segundo mandato. &ldquo;Hemos crecido mucho, hoy somos otra provincia y podemos ser mucho m&aacute;s todav&iacute;a&rdquo; asegur&oacute;. Reivindic&oacute; la pol&iacute;ticas implementadas en su gesti&oacute;n y dejar &ldquo;como m&iacute;nimo una obra en cada pueblo o localidad&rdquo; de Entre R&iacute;os, y [&hellip;]","og_url":"https:\/\/informelitoral.com.ar\/urribarri-que-las-obras-hablen-por-mi\/","og_site_name":"Informe Litoral","article_publisher":"https:\/\/www.facebook.com\/informelitoral\/","article_published_time":"2015-02-17T16:35:34+00:00","og_image":[{"width":492,"height":301,"url":"https:\/\/informelitoral.com.ar\/%77%70%2d%63%6f%6e%74%65%6e%74\/uploads\/2015\/02\/b_1424051222.jpg","type":"image\/jpeg"}],"author":"Gonzalo Schmidt","twitter_card":"summary_large_image","twitter_creator":"@InformeLitoral","twitter_site":"@InformeLitoral","twitter_misc":{"Escrito por":"Gonzalo Schmidt","Tiempo de lectura":"8 minutos"},"schema":{"@context":"https:\/\/schema.org","@graph":[{"@type":"Article","@id":"https:\/\/informelitoral.com.ar\/urribarri-que-las-obras-hablen-por-mi\/#article","isPartOf":{"@id":"https:\/\/informelitoral.com.ar\/urribarri-que-las-obras-hablen-por-mi\/"},"author":{"name":"Gonzalo Schmidt","@id":"https:\/\/informelitoral.com.ar\/#\/schema\/person\/b9d00407c836482871ef1d57bf8e3180"},"headline":"Urribarri: \u201cque las obras hablen por m\u00ed\u201d","datePublished":"2015-02-17T16:35:34+00:00","mainEntityOfPage":{"@id":"https:\/\/informelitoral.com.ar\/urribarri-que-las-obras-hablen-por-mi\/"},"wordCount":1513,"commentCount":0,"publisher":{"@id":"https:\/\/informelitoral.com.ar\/#organization"},"image":{"@id":"https:\/\/informelitoral.com.ar\/urribarri-que-las-obras-hablen-por-mi\/#primaryimage"},"thumbnailUrl":"http:\/\/www.isletasnoticias.com.ar\/%77%70%2d%63%6f%6e%74%65%6e%74\/uploads\/2015\/02\/b_1424051222-300x184.jpg","articleSection":["Entre R\u00edos","Politica"],"inLanguage":"es","potentialAction":[{"@type":"CommentAction","name":"Comment","target":["https:\/\/informelitoral.com.ar\/urribarri-que-las-obras-hablen-por-mi\/#respond"]}]},{"@type":"WebPage","@id":"https:\/\/informelitoral.com.ar\/urribarri-que-las-obras-hablen-por-mi\/","url":"https:\/\/informelitoral.com.ar\/urribarri-que-las-obras-hablen-por-mi\/","name":"Urribarri: \u201cque las obras hablen por m\u00ed\u201d - Informe Litoral","isPartOf":{"@id":"https:\/\/informelitoral.com.ar\/#website"},"primaryImageOfPage":{"@id":"https:\/\/informelitoral.com.ar\/urribarri-que-las-obras-hablen-por-mi\/#primaryimage"},"image":{"@id":"https:\/\/informelitoral.com.ar\/urribarri-que-las-obras-hablen-por-mi\/#primaryimage"},"thumbnailUrl":"http:\/\/www.isletasnoticias.com.ar\/%77%70%2d%63%6f%6e%74%65%6e%74\/uploads\/2015\/02\/b_1424051222-300x184.jpg","datePublished":"2015-02-17T16:35:34+00:00","breadcrumb":{"@id":"https:\/\/informelitoral.com.ar\/urribarri-que-las-obras-hablen-por-mi\/#breadcrumb"},"inLanguage":"es","potentialAction":[{"@type":"ReadAction","target":["https:\/\/informelitoral.com.ar\/urribarri-que-las-obras-hablen-por-mi\/"]}]},{"@type":"ImageObject","inLanguage":"es","@id":"https:\/\/informelitoral.com.ar\/urribarri-que-las-obras-hablen-por-mi\/#primaryimage","url":"http:\/\/www.isletasnoticias.com.ar\/%77%70%2d%63%6f%6e%74%65%6e%74\/uploads\/2015\/02\/b_1424051222-300x184.jpg","contentUrl":"http:\/\/www.isletasnoticias.com.ar\/%77%70%2d%63%6f%6e%74%65%6e%74\/uploads\/2015\/02\/b_1424051222-300x184.jpg"},{"@type":"BreadcrumbList","@id":"https:\/\/informelitoral.com.ar\/urribarri-que-las-obras-hablen-por-mi\/#breadcrumb","itemListElement":[{"@type":"ListItem","position":1,"name":"Portada","item":"https:\/\/informelitoral.com.ar\/"},{"@type":"ListItem","position":2,"name":"Urribarri: \u201cque las obras hablen por m\u00ed\u201d"}]},{"@type":"WebSite","@id":"https:\/\/informelitoral.com.ar\/#website","url":"https:\/\/informelitoral.com.ar\/","name":"Informe Litoral","description":"&quot;Nos informamos&quot; ","publisher":{"@id":"https:\/\/informelitoral.com.ar\/#organization"},"potentialAction":[{"@type":"SearchAction","target":{"@type":"EntryPoint","urlTemplate":"https:\/\/informelitoral.com.ar\/?s={search_term_string}"},"query-input":{"@type":"PropertyValueSpecification","valueRequired":true,"valueName":"search_term_string"}}],"inLanguage":"es"},{"@type":"Organization","@id":"https:\/\/informelitoral.com.ar\/#organization","name":"Informe Litoral","url":"https:\/\/informelitoral.com.ar\/","logo":{"@type":"ImageObject","inLanguage":"es","@id":"https:\/\/informelitoral.com.ar\/#\/schema\/logo\/image\/","url":"https:\/\/informelitoral.com.ar\/%77%70%2d%63%6f%6e%74%65%6e%74\/uploads\/2021\/01\/circulo.png","contentUrl":"https:\/\/informelitoral.com.ar\/%77%70%2d%63%6f%6e%74%65%6e%74\/uploads\/2021\/01\/circulo.png","width":723,"height":731,"caption":"Informe Litoral"},"image":{"@id":"https:\/\/informelitoral.com.ar\/#\/schema\/logo\/image\/"},"sameAs":["https:\/\/www.facebook.com\/informelitoral\/","https:\/\/x.com\/InformeLitoral","https:\/\/www.instagram.com\/informelitoral\/","https:\/\/www.youtube.com\/channel\/UCua4Qvz8Icb6MYqhoq9xLXw"]},{"@type":"Person","@id":"https:\/\/informelitoral.com.ar\/#\/schema\/person\/b9d00407c836482871ef1d57bf8e3180","name":"Gonzalo Schmidt","image":{"@type":"ImageObject","inLanguage":"es","@id":"https:\/\/secure.gravatar.com\/avatar\/31a1a7b66ff2de83bd0e9fd79d026630d2d99e55e8bfe501287647b4fd9743de?s=96&d=mm&r=g","url":"https:\/\/secure.gravatar.com\/avatar\/31a1a7b66ff2de83bd0e9fd79d026630d2d99e55e8bfe501287647b4fd9743de?s=96&d=mm&r=g","contentUrl":"https:\/\/secure.gravatar.com\/avatar\/31a1a7b66ff2de83bd0e9fd79d026630d2d99e55e8bfe501287647b4fd9743de?s=96&d=mm&r=g","caption":"Gonzalo Schmidt"},"description":"Sitio web de noticias de la provincia de Entre R\u00edos, Argentina. Informaci\u00f3n y entretenimiento. Informe Litoral, nos informamos.","sameAs":["http:\/\/www.isletasnoticias.com.ar"],"url":"https:\/\/informelitoral.com.ar\/author\/gonzalo\/"}]}},"_links":{"self":[{"href":"https:\/\/informelitoral.com.ar\/%77%70%2d%6a%73%6f%6e\/wp\/v2\/posts\/9874","targetHints":{"allow":["GET"]}}],"collection":[{"href":"https:\/\/informelitoral.com.ar\/%77%70%2d%6a%73%6f%6e\/wp\/v2\/posts"}],"about":[{"href":"https:\/\/informelitoral.com.ar\/%77%70%2d%6a%73%6f%6e\/wp\/v2\/types\/post"}],"author":[{"embeddable":true,"href":"https:\/\/informelitoral.com.ar\/%77%70%2d%6a%73%6f%6e\/wp\/v2\/users\/2"}],"replies":[{"embeddable":true,"href":"https:\/\/informelitoral.com.ar\/%77%70%2d%6a%73%6f%6e\/wp\/v2\/comments?post=9874"}],"version-history":[{"count":0,"href":"https:\/\/informelitoral.com.ar\/%77%70%2d%6a%73%6f%6e\/wp\/v2\/posts\/9874\/revisions"}],"wp:attachment":[{"href":"https:\/\/informelitoral.com.ar\/%77%70%2d%6a%73%6f%6e\/wp\/v2\/media?parent=9874"}],"wp:term":[{"taxonomy":"category","embeddable":true,"href":"https:\/\/informelitoral.com.ar\/%77%70%2d%6a%73%6f%6e\/wp\/v2\/categories?post=9874"},{"taxonomy":"post_tag","embeddable":true,"href":"https:\/\/informelitoral.com.ar\/%77%70%2d%6a%73%6f%6e\/wp\/v2\/tags?post=9874"}],"curies":[{"name":"wp","href":"https:\/\/api.w.org\/{rel}","templated":true}]}}