{"id":9794,"date":"2015-02-08T10:26:50","date_gmt":"2015-02-08T13:26:50","guid":{"rendered":"http:\/\/www.isletasnoticias.com.ar\/?p=9794"},"modified":"2015-02-08T11:26:03","modified_gmt":"2015-02-08T14:26:03","slug":"isletas-representantes-de-cooperativa-quebracho-escucharon-los-reclamos-de-usuarios","status":"publish","type":"post","link":"https:\/\/informelitoral.com.ar\/isletas-representantes-de-cooperativa-quebracho-escucharon-los-reclamos-de-usuarios\/","title":{"rendered":"Isletas: representantes de Cooperativa Quebracho escucharon los reclamos de usuarios"},"content":{"rendered":"<p><strong>Fue en una reuni\u00f3n en el Sal\u00f3n Comunitario. Desde la Cooperativa plantearon los inconvenientes econ\u00f3micos que afrontan para mejorar el servicio. En tanto los vecinos de Isletas y otras localidades, se quejaron por las p\u00e9rdidas y contratiempos que generan los cortes de luz. <em>Los pasos a seguir y algunas conclusiones en esta nota.<a href=\"http:\/\/www.isletasnoticias.com.ar\/%77%70%2d%63%6f%6e%74%65%6e%74\/uploads\/2015\/02\/Foto1975.jpg\"><img loading=\"lazy\" decoding=\"async\" class=\"aligncenter size-medium wp-image-9796\" src=\"http:\/\/www.isletasnoticias.com.ar\/%77%70%2d%63%6f%6e%74%65%6e%74\/uploads\/2015\/02\/Foto1975-300x225.jpg\" alt=\"Foto1975\" width=\"300\" height=\"225\" srcset=\"https:\/\/informelitoral.com.ar\/%77%70%2d%63%6f%6e%74%65%6e%74\/uploads\/2015\/02\/Foto1975-300x225.jpg 300w, https:\/\/informelitoral.com.ar\/%77%70%2d%63%6f%6e%74%65%6e%74\/uploads\/2015\/02\/Foto1975-1024x768.jpg 1024w, https:\/\/informelitoral.com.ar\/%77%70%2d%63%6f%6e%74%65%6e%74\/uploads\/2015\/02\/Foto1975.jpg 2048w\" sizes=\"auto, (max-width: 300px) 100vw, 300px\" \/><\/a><\/em><\/strong><\/p>\n<p>Como estaba previsto, el viernes 6 despu\u00e9s de las 18.00, se llev\u00f3 a cabo una reuni\u00f3n entre representantes de la Cooperativa de Servicios P\u00fablicos Quebracho Limitada de Viale y usuarios del servicio el\u00e9ctrico de Isletas, Distrito Doll y Costa Grande.<a href=\"http:\/\/www.isletasnoticias.com.ar\/%77%70%2d%63%6f%6e%74%65%6e%74\/uploads\/2015\/02\/Foto1977.jpg\"><img loading=\"lazy\" decoding=\"async\" class=\" size-medium wp-image-9797 alignright\" src=\"http:\/\/www.isletasnoticias.com.ar\/%77%70%2d%63%6f%6e%74%65%6e%74\/uploads\/2015\/02\/Foto1977-300x225.jpg\" alt=\"Foto1977\" width=\"300\" height=\"225\" srcset=\"https:\/\/informelitoral.com.ar\/%77%70%2d%63%6f%6e%74%65%6e%74\/uploads\/2015\/02\/Foto1977-300x225.jpg 300w, https:\/\/informelitoral.com.ar\/%77%70%2d%63%6f%6e%74%65%6e%74\/uploads\/2015\/02\/Foto1977-1024x768.jpg 1024w, https:\/\/informelitoral.com.ar\/%77%70%2d%63%6f%6e%74%65%6e%74\/uploads\/2015\/02\/Foto1977.jpg 2048w\" sizes=\"auto, (max-width: 300px) 100vw, 300px\" \/><\/a><\/p>\n<p>En el encuentro llevado a cabo en el Sal\u00f3n Comunitario y convocado por la Junta de Gobierno, los\u00a0 representantes de la Cooperativa agradecieron a la Comuna y vecinos por colaborar levantando postes ca\u00eddos tras el temporal del 11 de enero pasado y pidieron disculpas por los inconvenientes en la prestaci\u00f3n del servicio.<\/p>\n<p>Posteriormente plantearon la \u201cdelicada situaci\u00f3n\u201d que atraviesan las 18 cooperativas el\u00e9ctricas de la Provincia desde la d\u00e9cada del \u201990, ya que es el Ente Provincial Regulador de la Energ\u00eda de Entre R\u00edos (EPRE), el encargado de fijar las tarifas, por lo que los ingresos \u201cno alcanzan\u201d para hacer la correspondiente reparaci\u00f3n y mantenimiento en especial en la zona rural, seg\u00fan la Cooperativa.<\/p>\n<p>Respecto a las compensaciones que reciben a cambio de congelar la tarifa, dieron a conocer que \u201cno vino la cantidad de monto previsto y en muchos casos los certificados de pago estaban mal asentados.\u00a0 Hay que recorres pasillos y golpear puertas sin respuestas\u201d, se quejaron.<\/p>\n<p>Cada poste de madera sale $700 y alrededor de $3.500 los de hormig\u00f3n, a lo cual se deben sumar gastos de transporte y otros materiales que hoy est\u00e1n obsoletos. En tanto, la Cooperativa tendr\u00eda solo $100.000 mensuales destinados a reparaciones.<\/p>\n<p><strong><em><span style=\"text-decoration: underline;\">La voz de los vecinos <\/span><\/em><\/strong><\/p>\n<p>Los aproximadamente 40 usuarios que asistieron tambi\u00e9n plantearon sus reclamos. Respecto a un eventual aumento de la tarifa, expresaron que en algunos casos ser\u00eda \u201cimposible pagar m\u00e1s todav\u00eda\u201d.<img loading=\"lazy\" decoding=\"async\" class=\" size-medium wp-image-9795 alignright\" src=\"http:\/\/www.isletasnoticias.com.ar\/%77%70%2d%63%6f%6e%74%65%6e%74\/uploads\/2015\/02\/Foto1974-300x225.jpg\" alt=\"Foto1974\" width=\"300\" height=\"225\" srcset=\"https:\/\/informelitoral.com.ar\/%77%70%2d%63%6f%6e%74%65%6e%74\/uploads\/2015\/02\/Foto1974-300x225.jpg 300w, https:\/\/informelitoral.com.ar\/%77%70%2d%63%6f%6e%74%65%6e%74\/uploads\/2015\/02\/Foto1974-1024x768.jpg 1024w, https:\/\/informelitoral.com.ar\/%77%70%2d%63%6f%6e%74%65%6e%74\/uploads\/2015\/02\/Foto1974.jpg 2048w\" sizes=\"auto, (max-width: 300px) 100vw, 300px\" \/><\/p>\n<p>Tambi\u00e9n se quejaron que la tormenta fue el detonante, pero \u201cel servicio es malo desde hace a\u00f1os\u201d y enumeraron las inconvenientes y p\u00e9rdidas que les generan los cortes de luz.<\/p>\n<p>Adem\u00e1s, coincidieron en exigir respuestas y en algunos casos, adem\u00e1s de lamentar el escaso mantenimiento que se hace, propusieron colaborar con la compra de postes, aunque desde Quebracho dejaron en claro que los usuarios no pueden ayudar porque ser\u00eda sancionada la Cooperativa.<\/p>\n<p><strong><em><span style=\"text-decoration: underline;\">Conclusiones<\/span><\/em><\/strong><\/p>\n<p>Al t\u00e9rmino del encuentro, se arribaron a algunas conclusiones, donde si bien no habr\u00e1 una soluci\u00f3n de un d\u00eda para el otro, desde la Cooperativa anunciaron que destinar\u00e1n 130 postes para la zona y se realizar\u00eda una poda en los lugares donde los \u00e1rboles tocan el cableado. Esto ser\u00eda en conjunto con la Junta de Gobierno y vecinos y se dialogar\u00e1 con aquellas personas que \u201cno dejan tocar sus \u00e1rboles\u201d.<\/p>\n<p>Tambi\u00e9n se firm\u00f3 un petitorio, el cual pr\u00f3ximamente se entregar\u00e1 a Quebracho y desde all\u00ed podr\u00eda llegar hasta las manos de las autoridades provinciales.<\/p>\n<p>Del encuentro participaron, por la Junta de Gobierno, su presidente <strong>Ra\u00fal Eichman<\/strong>; la secretaria <strong>Blanca Schmidt<\/strong> y el vocal <strong>C\u00e9sar Viola<\/strong>, Por la Cooperativa, llegaron hasta Isletas, el presidente<strong> Julio Balla<\/strong>; el gerente <strong>Juan Carlos Neiffert<\/strong>; asesor t\u00e9cnico, <strong>Ing. Hugo Giorda<\/strong> y el asesor contable,<strong> Ra\u00fal Fontana<\/strong>. <em>(Isletas Noticias)<\/em><\/p>\n","protected":false},"excerpt":{"rendered":"<p>Fue en una reuni&oacute;n en el Sal&oacute;n Comunitario. Desde la Cooperativa plantearon los inconvenientes econ&oacute;micos que afrontan para mejorar el servicio. En tanto los vecinos de Isletas y otras localidades, se quejaron por las p&eacute;rdidas y contratiempos que generan los cortes de luz. Los pasos a seguir y algunas conclusiones en esta nota. Como estaba [&hellip;]<\/p>\n","protected":false},"author":2,"featured_media":0,"comment_status":"open","ping_status":"open","sticky":false,"template":"","format":"standard","meta":{"fifu_image_url":"","fifu_image_alt":"","footnotes":""},"categories":[4],"tags":[],"class_list":{"0":"post-9794","1":"post","2":"type-post","3":"status-publish","4":"format-standard","6":"category-locales"},"yoast_head":"<title>Isletas: representantes de Cooperativa Quebracho escucharon los reclamos de usuarios - Informe Litoral<\/title>\n<meta name=\"robots\" content=\"index, follow, max-snippet:-1, max-image-preview:large, max-video-preview:-1\" \/>\n<link rel=\"canonical\" href=\"https:\/\/informelitoral.com.ar\/isletas-representantes-de-cooperativa-quebracho-escucharon-los-reclamos-de-usuarios\/\" \/>\n<meta property=\"og:locale\" content=\"es_ES\" \/>\n<meta property=\"og:type\" content=\"article\" \/>\n<meta property=\"og:title\" content=\"Isletas: representantes de Cooperativa Quebracho escucharon los reclamos de usuarios - Informe Litoral\" \/>\n<meta property=\"og:description\" content=\"Fue en una reuni&oacute;n en el Sal&oacute;n Comunitario. Desde la Cooperativa plantearon los inconvenientes econ&oacute;micos que afrontan para mejorar el servicio. En tanto los vecinos de Isletas y otras localidades, se quejaron por las p&eacute;rdidas y contratiempos que generan los cortes de luz. Los pasos a seguir y algunas conclusiones en esta nota. Como estaba [&hellip;]\" \/>\n<meta property=\"og:url\" content=\"https:\/\/informelitoral.com.ar\/isletas-representantes-de-cooperativa-quebracho-escucharon-los-reclamos-de-usuarios\/\" \/>\n<meta property=\"og:site_name\" content=\"Informe Litoral\" \/>\n<meta property=\"article:publisher\" content=\"https:\/\/www.facebook.com\/informelitoral\/\" \/>\n<meta property=\"article:published_time\" content=\"2015-02-08T13:26:50+00:00\" \/>\n<meta property=\"article:modified_time\" content=\"2015-02-08T14:26:03+00:00\" \/>\n<meta property=\"og:image\" content=\"https:\/\/informelitoral.com.ar\/%77%70%2d%63%6f%6e%74%65%6e%74\/uploads\/2015\/02\/Foto1975.jpg\" \/>\n\t<meta property=\"og:image:width\" content=\"2048\" \/>\n\t<meta property=\"og:image:height\" content=\"1536\" \/>\n\t<meta property=\"og:image:type\" content=\"image\/jpeg\" \/>\n<meta name=\"author\" content=\"Gonzalo Schmidt\" \/>\n<meta name=\"twitter:card\" content=\"summary_large_image\" \/>\n<meta name=\"twitter:creator\" content=\"@InformeLitoral\" \/>\n<meta name=\"twitter:site\" content=\"@InformeLitoral\" \/>\n<meta name=\"twitter:label1\" content=\"Escrito por\" \/>\n\t<meta name=\"twitter:data1\" content=\"Gonzalo Schmidt\" \/>\n\t<meta name=\"twitter:label2\" content=\"Tiempo de lectura\" \/>\n\t<meta name=\"twitter:data2\" content=\"3 minutos\" \/>\n<script type=\"application\/ld+json\" class=\"yoast-schema-graph\">{\"@context\":\"https:\\\/\\\/schema.org\",\"@graph\":[{\"@type\":\"Article\",\"@id\":\"https:\\\/\\\/informelitoral.com.ar\\\/isletas-representantes-de-cooperativa-quebracho-escucharon-los-reclamos-de-usuarios\\\/#article\",\"isPartOf\":{\"@id\":\"https:\\\/\\\/informelitoral.com.ar\\\/isletas-representantes-de-cooperativa-quebracho-escucharon-los-reclamos-de-usuarios\\\/\"},\"author\":{\"name\":\"Gonzalo Schmidt\",\"@id\":\"https:\\\/\\\/informelitoral.com.ar\\\/#\\\/schema\\\/person\\\/b9d00407c836482871ef1d57bf8e3180\"},\"headline\":\"Isletas: representantes de Cooperativa Quebracho escucharon los reclamos de usuarios\",\"datePublished\":\"2015-02-08T13:26:50+00:00\",\"dateModified\":\"2015-02-08T14:26:03+00:00\",\"mainEntityOfPage\":{\"@id\":\"https:\\\/\\\/informelitoral.com.ar\\\/isletas-representantes-de-cooperativa-quebracho-escucharon-los-reclamos-de-usuarios\\\/\"},\"wordCount\":585,\"commentCount\":0,\"publisher\":{\"@id\":\"https:\\\/\\\/informelitoral.com.ar\\\/#organization\"},\"image\":{\"@id\":\"https:\\\/\\\/informelitoral.com.ar\\\/isletas-representantes-de-cooperativa-quebracho-escucharon-los-reclamos-de-usuarios\\\/#primaryimage\"},\"thumbnailUrl\":\"http:\\\/\\\/www.isletasnoticias.com.ar\\\/%77%70%2d%63%6f%6e%74%65%6e%74\\\/uploads\\\/2015\\\/02\\\/Foto1975-300x225.jpg\",\"articleSection\":[\"Isletas\"],\"inLanguage\":\"es\",\"potentialAction\":[{\"@type\":\"CommentAction\",\"name\":\"Comment\",\"target\":[\"https:\\\/\\\/informelitoral.com.ar\\\/isletas-representantes-de-cooperativa-quebracho-escucharon-los-reclamos-de-usuarios\\\/#respond\"]}]},{\"@type\":\"WebPage\",\"@id\":\"https:\\\/\\\/informelitoral.com.ar\\\/isletas-representantes-de-cooperativa-quebracho-escucharon-los-reclamos-de-usuarios\\\/\",\"url\":\"https:\\\/\\\/informelitoral.com.ar\\\/isletas-representantes-de-cooperativa-quebracho-escucharon-los-reclamos-de-usuarios\\\/\",\"name\":\"Isletas: representantes de Cooperativa Quebracho escucharon los reclamos de usuarios - Informe Litoral\",\"isPartOf\":{\"@id\":\"https:\\\/\\\/informelitoral.com.ar\\\/#website\"},\"primaryImageOfPage\":{\"@id\":\"https:\\\/\\\/informelitoral.com.ar\\\/isletas-representantes-de-cooperativa-quebracho-escucharon-los-reclamos-de-usuarios\\\/#primaryimage\"},\"image\":{\"@id\":\"https:\\\/\\\/informelitoral.com.ar\\\/isletas-representantes-de-cooperativa-quebracho-escucharon-los-reclamos-de-usuarios\\\/#primaryimage\"},\"thumbnailUrl\":\"http:\\\/\\\/www.isletasnoticias.com.ar\\\/%77%70%2d%63%6f%6e%74%65%6e%74\\\/uploads\\\/2015\\\/02\\\/Foto1975-300x225.jpg\",\"datePublished\":\"2015-02-08T13:26:50+00:00\",\"dateModified\":\"2015-02-08T14:26:03+00:00\",\"breadcrumb\":{\"@id\":\"https:\\\/\\\/informelitoral.com.ar\\\/isletas-representantes-de-cooperativa-quebracho-escucharon-los-reclamos-de-usuarios\\\/#breadcrumb\"},\"inLanguage\":\"es\",\"potentialAction\":[{\"@type\":\"ReadAction\",\"target\":[\"https:\\\/\\\/informelitoral.com.ar\\\/isletas-representantes-de-cooperativa-quebracho-escucharon-los-reclamos-de-usuarios\\\/\"]}]},{\"@type\":\"ImageObject\",\"inLanguage\":\"es\",\"@id\":\"https:\\\/\\\/informelitoral.com.ar\\\/isletas-representantes-de-cooperativa-quebracho-escucharon-los-reclamos-de-usuarios\\\/#primaryimage\",\"url\":\"http:\\\/\\\/www.isletasnoticias.com.ar\\\/%77%70%2d%63%6f%6e%74%65%6e%74\\\/uploads\\\/2015\\\/02\\\/Foto1975-300x225.jpg\",\"contentUrl\":\"http:\\\/\\\/www.isletasnoticias.com.ar\\\/%77%70%2d%63%6f%6e%74%65%6e%74\\\/uploads\\\/2015\\\/02\\\/Foto1975-300x225.jpg\"},{\"@type\":\"BreadcrumbList\",\"@id\":\"https:\\\/\\\/informelitoral.com.ar\\\/isletas-representantes-de-cooperativa-quebracho-escucharon-los-reclamos-de-usuarios\\\/#breadcrumb\",\"itemListElement\":[{\"@type\":\"ListItem\",\"position\":1,\"name\":\"Portada\",\"item\":\"https:\\\/\\\/informelitoral.com.ar\\\/\"},{\"@type\":\"ListItem\",\"position\":2,\"name\":\"Isletas: representantes de Cooperativa Quebracho escucharon los reclamos de usuarios\"}]},{\"@type\":\"WebSite\",\"@id\":\"https:\\\/\\\/informelitoral.com.ar\\\/#website\",\"url\":\"https:\\\/\\\/informelitoral.com.ar\\\/\",\"name\":\"Informe Litoral\",\"description\":\"&quot;Nos informamos&quot; \",\"publisher\":{\"@id\":\"https:\\\/\\\/informelitoral.com.ar\\\/#organization\"},\"potentialAction\":[{\"@type\":\"SearchAction\",\"target\":{\"@type\":\"EntryPoint\",\"urlTemplate\":\"https:\\\/\\\/informelitoral.com.ar\\\/?s={search_term_string}\"},\"query-input\":{\"@type\":\"PropertyValueSpecification\",\"valueRequired\":true,\"valueName\":\"search_term_string\"}}],\"inLanguage\":\"es\"},{\"@type\":\"Organization\",\"@id\":\"https:\\\/\\\/informelitoral.com.ar\\\/#organization\",\"name\":\"Informe Litoral\",\"url\":\"https:\\\/\\\/informelitoral.com.ar\\\/\",\"logo\":{\"@type\":\"ImageObject\",\"inLanguage\":\"es\",\"@id\":\"https:\\\/\\\/informelitoral.com.ar\\\/#\\\/schema\\\/logo\\\/image\\\/\",\"url\":\"https:\\\/\\\/informelitoral.com.ar\\\/%77%70%2d%63%6f%6e%74%65%6e%74\\\/uploads\\\/2021\\\/01\\\/circulo.png\",\"contentUrl\":\"https:\\\/\\\/informelitoral.com.ar\\\/%77%70%2d%63%6f%6e%74%65%6e%74\\\/uploads\\\/2021\\\/01\\\/circulo.png\",\"width\":723,\"height\":731,\"caption\":\"Informe Litoral\"},\"image\":{\"@id\":\"https:\\\/\\\/informelitoral.com.ar\\\/#\\\/schema\\\/logo\\\/image\\\/\"},\"sameAs\":[\"https:\\\/\\\/www.facebook.com\\\/informelitoral\\\/\",\"https:\\\/\\\/x.com\\\/InformeLitoral\",\"https:\\\/\\\/www.instagram.com\\\/informelitoral\\\/\",\"https:\\\/\\\/www.youtube.com\\\/channel\\\/UCua4Qvz8Icb6MYqhoq9xLXw\"]},{\"@type\":\"Person\",\"@id\":\"https:\\\/\\\/informelitoral.com.ar\\\/#\\\/schema\\\/person\\\/b9d00407c836482871ef1d57bf8e3180\",\"name\":\"Gonzalo Schmidt\",\"image\":{\"@type\":\"ImageObject\",\"inLanguage\":\"es\",\"@id\":\"https:\\\/\\\/secure.gravatar.com\\\/avatar\\\/31a1a7b66ff2de83bd0e9fd79d026630d2d99e55e8bfe501287647b4fd9743de?s=96&d=mm&r=g\",\"url\":\"https:\\\/\\\/secure.gravatar.com\\\/avatar\\\/31a1a7b66ff2de83bd0e9fd79d026630d2d99e55e8bfe501287647b4fd9743de?s=96&d=mm&r=g\",\"contentUrl\":\"https:\\\/\\\/secure.gravatar.com\\\/avatar\\\/31a1a7b66ff2de83bd0e9fd79d026630d2d99e55e8bfe501287647b4fd9743de?s=96&d=mm&r=g\",\"caption\":\"Gonzalo Schmidt\"},\"description\":\"Sitio web de noticias de la provincia de Entre R\u00edos, Argentina. Informaci\u00f3n y entretenimiento. Informe Litoral, nos informamos.\",\"sameAs\":[\"http:\\\/\\\/www.isletasnoticias.com.ar\"],\"url\":\"https:\\\/\\\/informelitoral.com.ar\\\/author\\\/gonzalo\\\/\"}]}<\/script>","yoast_head_json":{"title":"Isletas: representantes de Cooperativa Quebracho escucharon los reclamos de usuarios - Informe Litoral","robots":{"index":"index","follow":"follow","max-snippet":"max-snippet:-1","max-image-preview":"max-image-preview:large","max-video-preview":"max-video-preview:-1"},"canonical":"https:\/\/informelitoral.com.ar\/isletas-representantes-de-cooperativa-quebracho-escucharon-los-reclamos-de-usuarios\/","og_locale":"es_ES","og_type":"article","og_title":"Isletas: representantes de Cooperativa Quebracho escucharon los reclamos de usuarios - Informe Litoral","og_description":"Fue en una reuni&oacute;n en el Sal&oacute;n Comunitario. Desde la Cooperativa plantearon los inconvenientes econ&oacute;micos que afrontan para mejorar el servicio. En tanto los vecinos de Isletas y otras localidades, se quejaron por las p&eacute;rdidas y contratiempos que generan los cortes de luz. Los pasos a seguir y algunas conclusiones en esta nota. Como estaba [&hellip;]","og_url":"https:\/\/informelitoral.com.ar\/isletas-representantes-de-cooperativa-quebracho-escucharon-los-reclamos-de-usuarios\/","og_site_name":"Informe Litoral","article_publisher":"https:\/\/www.facebook.com\/informelitoral\/","article_published_time":"2015-02-08T13:26:50+00:00","article_modified_time":"2015-02-08T14:26:03+00:00","og_image":[{"width":2048,"height":1536,"url":"https:\/\/informelitoral.com.ar\/%77%70%2d%63%6f%6e%74%65%6e%74\/uploads\/2015\/02\/Foto1975.jpg","type":"image\/jpeg"}],"author":"Gonzalo Schmidt","twitter_card":"summary_large_image","twitter_creator":"@InformeLitoral","twitter_site":"@InformeLitoral","twitter_misc":{"Escrito por":"Gonzalo Schmidt","Tiempo de lectura":"3 minutos"},"schema":{"@context":"https:\/\/schema.org","@graph":[{"@type":"Article","@id":"https:\/\/informelitoral.com.ar\/isletas-representantes-de-cooperativa-quebracho-escucharon-los-reclamos-de-usuarios\/#article","isPartOf":{"@id":"https:\/\/informelitoral.com.ar\/isletas-representantes-de-cooperativa-quebracho-escucharon-los-reclamos-de-usuarios\/"},"author":{"name":"Gonzalo Schmidt","@id":"https:\/\/informelitoral.com.ar\/#\/schema\/person\/b9d00407c836482871ef1d57bf8e3180"},"headline":"Isletas: representantes de Cooperativa Quebracho escucharon los reclamos de usuarios","datePublished":"2015-02-08T13:26:50+00:00","dateModified":"2015-02-08T14:26:03+00:00","mainEntityOfPage":{"@id":"https:\/\/informelitoral.com.ar\/isletas-representantes-de-cooperativa-quebracho-escucharon-los-reclamos-de-usuarios\/"},"wordCount":585,"commentCount":0,"publisher":{"@id":"https:\/\/informelitoral.com.ar\/#organization"},"image":{"@id":"https:\/\/informelitoral.com.ar\/isletas-representantes-de-cooperativa-quebracho-escucharon-los-reclamos-de-usuarios\/#primaryimage"},"thumbnailUrl":"http:\/\/www.isletasnoticias.com.ar\/%77%70%2d%63%6f%6e%74%65%6e%74\/uploads\/2015\/02\/Foto1975-300x225.jpg","articleSection":["Isletas"],"inLanguage":"es","potentialAction":[{"@type":"CommentAction","name":"Comment","target":["https:\/\/informelitoral.com.ar\/isletas-representantes-de-cooperativa-quebracho-escucharon-los-reclamos-de-usuarios\/#respond"]}]},{"@type":"WebPage","@id":"https:\/\/informelitoral.com.ar\/isletas-representantes-de-cooperativa-quebracho-escucharon-los-reclamos-de-usuarios\/","url":"https:\/\/informelitoral.com.ar\/isletas-representantes-de-cooperativa-quebracho-escucharon-los-reclamos-de-usuarios\/","name":"Isletas: representantes de Cooperativa Quebracho escucharon los reclamos de usuarios - Informe Litoral","isPartOf":{"@id":"https:\/\/informelitoral.com.ar\/#website"},"primaryImageOfPage":{"@id":"https:\/\/informelitoral.com.ar\/isletas-representantes-de-cooperativa-quebracho-escucharon-los-reclamos-de-usuarios\/#primaryimage"},"image":{"@id":"https:\/\/informelitoral.com.ar\/isletas-representantes-de-cooperativa-quebracho-escucharon-los-reclamos-de-usuarios\/#primaryimage"},"thumbnailUrl":"http:\/\/www.isletasnoticias.com.ar\/%77%70%2d%63%6f%6e%74%65%6e%74\/uploads\/2015\/02\/Foto1975-300x225.jpg","datePublished":"2015-02-08T13:26:50+00:00","dateModified":"2015-02-08T14:26:03+00:00","breadcrumb":{"@id":"https:\/\/informelitoral.com.ar\/isletas-representantes-de-cooperativa-quebracho-escucharon-los-reclamos-de-usuarios\/#breadcrumb"},"inLanguage":"es","potentialAction":[{"@type":"ReadAction","target":["https:\/\/informelitoral.com.ar\/isletas-representantes-de-cooperativa-quebracho-escucharon-los-reclamos-de-usuarios\/"]}]},{"@type":"ImageObject","inLanguage":"es","@id":"https:\/\/informelitoral.com.ar\/isletas-representantes-de-cooperativa-quebracho-escucharon-los-reclamos-de-usuarios\/#primaryimage","url":"http:\/\/www.isletasnoticias.com.ar\/%77%70%2d%63%6f%6e%74%65%6e%74\/uploads\/2015\/02\/Foto1975-300x225.jpg","contentUrl":"http:\/\/www.isletasnoticias.com.ar\/%77%70%2d%63%6f%6e%74%65%6e%74\/uploads\/2015\/02\/Foto1975-300x225.jpg"},{"@type":"BreadcrumbList","@id":"https:\/\/informelitoral.com.ar\/isletas-representantes-de-cooperativa-quebracho-escucharon-los-reclamos-de-usuarios\/#breadcrumb","itemListElement":[{"@type":"ListItem","position":1,"name":"Portada","item":"https:\/\/informelitoral.com.ar\/"},{"@type":"ListItem","position":2,"name":"Isletas: representantes de Cooperativa Quebracho escucharon los reclamos de usuarios"}]},{"@type":"WebSite","@id":"https:\/\/informelitoral.com.ar\/#website","url":"https:\/\/informelitoral.com.ar\/","name":"Informe Litoral","description":"&quot;Nos informamos&quot; ","publisher":{"@id":"https:\/\/informelitoral.com.ar\/#organization"},"potentialAction":[{"@type":"SearchAction","target":{"@type":"EntryPoint","urlTemplate":"https:\/\/informelitoral.com.ar\/?s={search_term_string}"},"query-input":{"@type":"PropertyValueSpecification","valueRequired":true,"valueName":"search_term_string"}}],"inLanguage":"es"},{"@type":"Organization","@id":"https:\/\/informelitoral.com.ar\/#organization","name":"Informe Litoral","url":"https:\/\/informelitoral.com.ar\/","logo":{"@type":"ImageObject","inLanguage":"es","@id":"https:\/\/informelitoral.com.ar\/#\/schema\/logo\/image\/","url":"https:\/\/informelitoral.com.ar\/%77%70%2d%63%6f%6e%74%65%6e%74\/uploads\/2021\/01\/circulo.png","contentUrl":"https:\/\/informelitoral.com.ar\/%77%70%2d%63%6f%6e%74%65%6e%74\/uploads\/2021\/01\/circulo.png","width":723,"height":731,"caption":"Informe Litoral"},"image":{"@id":"https:\/\/informelitoral.com.ar\/#\/schema\/logo\/image\/"},"sameAs":["https:\/\/www.facebook.com\/informelitoral\/","https:\/\/x.com\/InformeLitoral","https:\/\/www.instagram.com\/informelitoral\/","https:\/\/www.youtube.com\/channel\/UCua4Qvz8Icb6MYqhoq9xLXw"]},{"@type":"Person","@id":"https:\/\/informelitoral.com.ar\/#\/schema\/person\/b9d00407c836482871ef1d57bf8e3180","name":"Gonzalo Schmidt","image":{"@type":"ImageObject","inLanguage":"es","@id":"https:\/\/secure.gravatar.com\/avatar\/31a1a7b66ff2de83bd0e9fd79d026630d2d99e55e8bfe501287647b4fd9743de?s=96&d=mm&r=g","url":"https:\/\/secure.gravatar.com\/avatar\/31a1a7b66ff2de83bd0e9fd79d026630d2d99e55e8bfe501287647b4fd9743de?s=96&d=mm&r=g","contentUrl":"https:\/\/secure.gravatar.com\/avatar\/31a1a7b66ff2de83bd0e9fd79d026630d2d99e55e8bfe501287647b4fd9743de?s=96&d=mm&r=g","caption":"Gonzalo Schmidt"},"description":"Sitio web de noticias de la provincia de Entre R\u00edos, Argentina. Informaci\u00f3n y entretenimiento. Informe Litoral, nos informamos.","sameAs":["http:\/\/www.isletasnoticias.com.ar"],"url":"https:\/\/informelitoral.com.ar\/author\/gonzalo\/"}]}},"_links":{"self":[{"href":"https:\/\/informelitoral.com.ar\/%77%70%2d%6a%73%6f%6e\/wp\/v2\/posts\/9794","targetHints":{"allow":["GET"]}}],"collection":[{"href":"https:\/\/informelitoral.com.ar\/%77%70%2d%6a%73%6f%6e\/wp\/v2\/posts"}],"about":[{"href":"https:\/\/informelitoral.com.ar\/%77%70%2d%6a%73%6f%6e\/wp\/v2\/types\/post"}],"author":[{"embeddable":true,"href":"https:\/\/informelitoral.com.ar\/%77%70%2d%6a%73%6f%6e\/wp\/v2\/users\/2"}],"replies":[{"embeddable":true,"href":"https:\/\/informelitoral.com.ar\/%77%70%2d%6a%73%6f%6e\/wp\/v2\/comments?post=9794"}],"version-history":[{"count":0,"href":"https:\/\/informelitoral.com.ar\/%77%70%2d%6a%73%6f%6e\/wp\/v2\/posts\/9794\/revisions"}],"wp:attachment":[{"href":"https:\/\/informelitoral.com.ar\/%77%70%2d%6a%73%6f%6e\/wp\/v2\/media?parent=9794"}],"wp:term":[{"taxonomy":"category","embeddable":true,"href":"https:\/\/informelitoral.com.ar\/%77%70%2d%6a%73%6f%6e\/wp\/v2\/categories?post=9794"},{"taxonomy":"post_tag","embeddable":true,"href":"https:\/\/informelitoral.com.ar\/%77%70%2d%6a%73%6f%6e\/wp\/v2\/tags?post=9794"}],"curies":[{"name":"wp","href":"https:\/\/api.w.org\/{rel}","templated":true}]}}