{"id":9777,"date":"2015-02-05T21:01:12","date_gmt":"2015-02-06T00:01:12","guid":{"rendered":"http:\/\/www.isletasnoticias.com.ar\/?p=9777"},"modified":"2015-02-05T21:01:37","modified_gmt":"2015-02-06T00:01:37","slug":"mujica-si-el-proximo-gobierno-no-es-peronista-pobre-argentina","status":"publish","type":"post","link":"https:\/\/informelitoral.com.ar\/mujica-si-el-proximo-gobierno-no-es-peronista-pobre-argentina\/","title":{"rendered":"Mujica: \u00abSi el pr\u00f3ximo gobierno no es peronista, pobre Argentina\u00bb"},"content":{"rendered":"<p><strong>El presidente uruguayo opin\u00f3 que el pr\u00f3ximo gobierno argentino \u00abdebe ser peronista\u00bb, en un a\u00f1o electoral en el que \u00abel peronismo kirchnerista arranca con una base electoral del 30, 35%\u00bb.<a href=\"http:\/\/www.isletasnoticias.com.ar\/%77%70%2d%63%6f%6e%74%65%6e%74\/uploads\/2015\/02\/0008068680.jpg\"><img loading=\"lazy\" decoding=\"async\" class=\"aligncenter size-medium wp-image-9778\" src=\"http:\/\/www.isletasnoticias.com.ar\/%77%70%2d%63%6f%6e%74%65%6e%74\/uploads\/2015\/02\/0008068680-300x168.jpg\" alt=\"0008068680\" width=\"300\" height=\"168\" srcset=\"https:\/\/informelitoral.com.ar\/%77%70%2d%63%6f%6e%74%65%6e%74\/uploads\/2015\/02\/0008068680-300x168.jpg 300w, https:\/\/informelitoral.com.ar\/%77%70%2d%63%6f%6e%74%65%6e%74\/uploads\/2015\/02\/0008068680.jpg 678w\" sizes=\"auto, (max-width: 300px) 100vw, 300px\" \/><\/a><\/strong>\u00abTengo claro que si a la Argentina le va mal, a nosotros nos va mal. Que me digan lo que quieran, pero yo cuando juega Argentina con Alemania, hincho por Argentina\u00bb, ejemplific\u00f3 el mandatario uruguayo en una entrevista publicada en el peri\u00f3dico La Diaria.<\/p>\n<p>\u00abA Argentina la veo como siempre, llena de incertidumbres. Es una belleza Argentina, porque interpretarla es una fuente de creatividad intelectual. No es f\u00e1cil. Lo que tengo claro es que el pr\u00f3ximo gobierno debe ser peronista, porque si no es peronista, pobre Argentina\u00bb, agreg\u00f3 el presidente del pa\u00eds vecino, de 79 a\u00f1os.<\/p>\n<p>\u00abEst\u00e1 fuerte el peronismo, por m\u00e1s que lo critiquen. El peronismo kirchnerista arranca con una base electoral de 30%, 35%, y eso, en Argentina, es mucho\u00bb, agreg\u00f3 Mujica, que dejar\u00e1 la Presidencia de su pa\u00eds el pr\u00f3ximo 1 de marzo en manos de su antecesor Tabar\u00e9 V\u00e1zquez.<\/p>\n<p>\u00abAhora, decir peronista es apenas se\u00f1alar un sentimiento, porque ah\u00ed hay de todo. \u00bfDe cu\u00e1l peronismo ser\u00e1 [el futuro presidente]? No tengo idea\u00bb, a\u00f1adi\u00f3 Mujica, quien en esa l\u00ednea destac\u00f3 su \u00abmuy buena relaci\u00f3n con (Daniel) Scioli\u00bb.<\/p>\n<p>\u00abParece un gobernante moderado, y me parece que es el que tiene mayor posibilidad [de ser presidente]. Pero \u00e9sto mirando la cosa de lejos\u00bb, agreg\u00f3 sobre el gobernador de Buenos Aires.<\/p>\n<p>\u00abCreo que los uruguayos seguimos cometiendo el error de tener ese sentimiento anti-argentino. Es una situaci\u00f3n paradojal, ellos nos quieren pila y nosotros los tratamos como un noviazgo no correspondido. Nos tienen flor de cari\u00f1o y una fidelidad incre\u00edble, porque siguen viniendo para ac\u00e1, contra las leyes de la econom\u00eda. Es cierto que nosotros tambi\u00e9n retribuimos, porque el viaje a la gran ciudad sigue siendo ir a Buenos Aires\u00bb, agreg\u00f3 Mujica.<\/p>\n<p>\u00abHacemos menos bulla que ellos, pero vamos, y les dejamos unas retribuciones interesantes. Otra cosa: hay que ver lo que est\u00e1 pasando con el valor de la propiedad en la costa de Colonia, es un horror. Se ha vendido tierra a 100.000 d\u00f3lares la hect\u00e1rea, en la boca del San Pedro, sobre el r\u00edo de la Plata. En Carmelo, cerca de la capilla de San Roque, se han vendido hect\u00e1reas a 30.000 o 40.000 d\u00f3lares. Y eso solamente a los argentinos, que despu\u00e9s vienen y hacen un chalecito para venir tres o cuatro veces al a\u00f1o, y alguien se los tiene que cuidar, alguien les corta el pasto\u00bb, indic\u00f3, seg\u00fan reprodujo Minutouno.<\/p>\n","protected":false},"excerpt":{"rendered":"<p>El presidente uruguayo opin&oacute; que el pr&oacute;ximo gobierno argentino &laquo;debe ser peronista&raquo;, en un a&ntilde;o electoral en el que &laquo;el peronismo kirchnerista arranca con una base electoral del 30, 35%&raquo;.&laquo;Tengo claro que si a la Argentina le va mal, a nosotros nos va mal. Que me digan lo que quieran, pero yo cuando juega Argentina [&hellip;]<\/p>\n","protected":false},"author":2,"featured_media":0,"comment_status":"open","ping_status":"open","sticky":false,"template":"","format":"standard","meta":{"fifu_image_url":"","fifu_image_alt":"","footnotes":""},"categories":[7,16],"tags":[],"class_list":{"0":"post-9777","1":"post","2":"type-post","3":"status-publish","4":"format-standard","6":"category-nacionales","7":"category-politi"},"yoast_head":"<title>Mujica: &quot;Si el pr\u00f3ximo gobierno no es peronista, pobre Argentina&quot; - Informe Litoral<\/title>\n<meta name=\"robots\" content=\"index, follow, max-snippet:-1, max-image-preview:large, max-video-preview:-1\" \/>\n<link rel=\"canonical\" href=\"https:\/\/informelitoral.com.ar\/mujica-si-el-proximo-gobierno-no-es-peronista-pobre-argentina\/\" \/>\n<meta property=\"og:locale\" content=\"es_ES\" \/>\n<meta property=\"og:type\" content=\"article\" \/>\n<meta property=\"og:title\" content=\"Mujica: &quot;Si el pr\u00f3ximo gobierno no es peronista, pobre Argentina&quot; - Informe Litoral\" \/>\n<meta property=\"og:description\" content=\"El presidente uruguayo opin&oacute; que el pr&oacute;ximo gobierno argentino &laquo;debe ser peronista&raquo;, en un a&ntilde;o electoral en el que &laquo;el peronismo kirchnerista arranca con una base electoral del 30, 35%&raquo;.&laquo;Tengo claro que si a la Argentina le va mal, a nosotros nos va mal. Que me digan lo que quieran, pero yo cuando juega Argentina [&hellip;]\" \/>\n<meta property=\"og:url\" content=\"https:\/\/informelitoral.com.ar\/mujica-si-el-proximo-gobierno-no-es-peronista-pobre-argentina\/\" \/>\n<meta property=\"og:site_name\" content=\"Informe Litoral\" \/>\n<meta property=\"article:publisher\" content=\"https:\/\/www.facebook.com\/informelitoral\/\" \/>\n<meta property=\"article:published_time\" content=\"2015-02-06T00:01:12+00:00\" \/>\n<meta property=\"article:modified_time\" content=\"2015-02-06T00:01:37+00:00\" \/>\n<meta property=\"og:image\" content=\"https:\/\/informelitoral.com.ar\/%77%70%2d%63%6f%6e%74%65%6e%74\/uploads\/2015\/02\/0008068680.jpg\" \/>\n\t<meta property=\"og:image:width\" content=\"678\" \/>\n\t<meta property=\"og:image:height\" content=\"380\" \/>\n\t<meta property=\"og:image:type\" content=\"image\/jpeg\" \/>\n<meta name=\"author\" content=\"Gonzalo Schmidt\" \/>\n<meta name=\"twitter:card\" content=\"summary_large_image\" \/>\n<meta name=\"twitter:creator\" content=\"@InformeLitoral\" \/>\n<meta name=\"twitter:site\" content=\"@InformeLitoral\" \/>\n<meta name=\"twitter:label1\" content=\"Escrito por\" \/>\n\t<meta name=\"twitter:data1\" content=\"Gonzalo Schmidt\" \/>\n\t<meta name=\"twitter:label2\" content=\"Tiempo de lectura\" \/>\n\t<meta name=\"twitter:data2\" content=\"2 minutos\" \/>\n<script type=\"application\/ld+json\" class=\"yoast-schema-graph\">{\"@context\":\"https:\\\/\\\/schema.org\",\"@graph\":[{\"@type\":\"Article\",\"@id\":\"https:\\\/\\\/informelitoral.com.ar\\\/mujica-si-el-proximo-gobierno-no-es-peronista-pobre-argentina\\\/#article\",\"isPartOf\":{\"@id\":\"https:\\\/\\\/informelitoral.com.ar\\\/mujica-si-el-proximo-gobierno-no-es-peronista-pobre-argentina\\\/\"},\"author\":{\"name\":\"Gonzalo Schmidt\",\"@id\":\"https:\\\/\\\/informelitoral.com.ar\\\/#\\\/schema\\\/person\\\/b9d00407c836482871ef1d57bf8e3180\"},\"headline\":\"Mujica: \u00abSi el pr\u00f3ximo gobierno no es peronista, pobre Argentina\u00bb\",\"datePublished\":\"2015-02-06T00:01:12+00:00\",\"dateModified\":\"2015-02-06T00:01:37+00:00\",\"mainEntityOfPage\":{\"@id\":\"https:\\\/\\\/informelitoral.com.ar\\\/mujica-si-el-proximo-gobierno-no-es-peronista-pobre-argentina\\\/\"},\"wordCount\":455,\"commentCount\":0,\"publisher\":{\"@id\":\"https:\\\/\\\/informelitoral.com.ar\\\/#organization\"},\"image\":{\"@id\":\"https:\\\/\\\/informelitoral.com.ar\\\/mujica-si-el-proximo-gobierno-no-es-peronista-pobre-argentina\\\/#primaryimage\"},\"thumbnailUrl\":\"http:\\\/\\\/www.isletasnoticias.com.ar\\\/%77%70%2d%63%6f%6e%74%65%6e%74\\\/uploads\\\/2015\\\/02\\\/0008068680-300x168.jpg\",\"articleSection\":[\"Nacionales\",\"Politica\"],\"inLanguage\":\"es\",\"potentialAction\":[{\"@type\":\"CommentAction\",\"name\":\"Comment\",\"target\":[\"https:\\\/\\\/informelitoral.com.ar\\\/mujica-si-el-proximo-gobierno-no-es-peronista-pobre-argentina\\\/#respond\"]}]},{\"@type\":\"WebPage\",\"@id\":\"https:\\\/\\\/informelitoral.com.ar\\\/mujica-si-el-proximo-gobierno-no-es-peronista-pobre-argentina\\\/\",\"url\":\"https:\\\/\\\/informelitoral.com.ar\\\/mujica-si-el-proximo-gobierno-no-es-peronista-pobre-argentina\\\/\",\"name\":\"Mujica: \\\"Si el pr\u00f3ximo gobierno no es peronista, pobre Argentina\\\" - Informe Litoral\",\"isPartOf\":{\"@id\":\"https:\\\/\\\/informelitoral.com.ar\\\/#website\"},\"primaryImageOfPage\":{\"@id\":\"https:\\\/\\\/informelitoral.com.ar\\\/mujica-si-el-proximo-gobierno-no-es-peronista-pobre-argentina\\\/#primaryimage\"},\"image\":{\"@id\":\"https:\\\/\\\/informelitoral.com.ar\\\/mujica-si-el-proximo-gobierno-no-es-peronista-pobre-argentina\\\/#primaryimage\"},\"thumbnailUrl\":\"http:\\\/\\\/www.isletasnoticias.com.ar\\\/%77%70%2d%63%6f%6e%74%65%6e%74\\\/uploads\\\/2015\\\/02\\\/0008068680-300x168.jpg\",\"datePublished\":\"2015-02-06T00:01:12+00:00\",\"dateModified\":\"2015-02-06T00:01:37+00:00\",\"breadcrumb\":{\"@id\":\"https:\\\/\\\/informelitoral.com.ar\\\/mujica-si-el-proximo-gobierno-no-es-peronista-pobre-argentina\\\/#breadcrumb\"},\"inLanguage\":\"es\",\"potentialAction\":[{\"@type\":\"ReadAction\",\"target\":[\"https:\\\/\\\/informelitoral.com.ar\\\/mujica-si-el-proximo-gobierno-no-es-peronista-pobre-argentina\\\/\"]}]},{\"@type\":\"ImageObject\",\"inLanguage\":\"es\",\"@id\":\"https:\\\/\\\/informelitoral.com.ar\\\/mujica-si-el-proximo-gobierno-no-es-peronista-pobre-argentina\\\/#primaryimage\",\"url\":\"http:\\\/\\\/www.isletasnoticias.com.ar\\\/%77%70%2d%63%6f%6e%74%65%6e%74\\\/uploads\\\/2015\\\/02\\\/0008068680-300x168.jpg\",\"contentUrl\":\"http:\\\/\\\/www.isletasnoticias.com.ar\\\/%77%70%2d%63%6f%6e%74%65%6e%74\\\/uploads\\\/2015\\\/02\\\/0008068680-300x168.jpg\"},{\"@type\":\"BreadcrumbList\",\"@id\":\"https:\\\/\\\/informelitoral.com.ar\\\/mujica-si-el-proximo-gobierno-no-es-peronista-pobre-argentina\\\/#breadcrumb\",\"itemListElement\":[{\"@type\":\"ListItem\",\"position\":1,\"name\":\"Portada\",\"item\":\"https:\\\/\\\/informelitoral.com.ar\\\/\"},{\"@type\":\"ListItem\",\"position\":2,\"name\":\"Mujica: \u00abSi el pr\u00f3ximo gobierno no es peronista, pobre Argentina\u00bb\"}]},{\"@type\":\"WebSite\",\"@id\":\"https:\\\/\\\/informelitoral.com.ar\\\/#website\",\"url\":\"https:\\\/\\\/informelitoral.com.ar\\\/\",\"name\":\"Informe Litoral\",\"description\":\"&quot;Nos informamos&quot; \",\"publisher\":{\"@id\":\"https:\\\/\\\/informelitoral.com.ar\\\/#organization\"},\"potentialAction\":[{\"@type\":\"SearchAction\",\"target\":{\"@type\":\"EntryPoint\",\"urlTemplate\":\"https:\\\/\\\/informelitoral.com.ar\\\/?s={search_term_string}\"},\"query-input\":{\"@type\":\"PropertyValueSpecification\",\"valueRequired\":true,\"valueName\":\"search_term_string\"}}],\"inLanguage\":\"es\"},{\"@type\":\"Organization\",\"@id\":\"https:\\\/\\\/informelitoral.com.ar\\\/#organization\",\"name\":\"Informe Litoral\",\"url\":\"https:\\\/\\\/informelitoral.com.ar\\\/\",\"logo\":{\"@type\":\"ImageObject\",\"inLanguage\":\"es\",\"@id\":\"https:\\\/\\\/informelitoral.com.ar\\\/#\\\/schema\\\/logo\\\/image\\\/\",\"url\":\"https:\\\/\\\/informelitoral.com.ar\\\/%77%70%2d%63%6f%6e%74%65%6e%74\\\/uploads\\\/2021\\\/01\\\/circulo.png\",\"contentUrl\":\"https:\\\/\\\/informelitoral.com.ar\\\/%77%70%2d%63%6f%6e%74%65%6e%74\\\/uploads\\\/2021\\\/01\\\/circulo.png\",\"width\":723,\"height\":731,\"caption\":\"Informe Litoral\"},\"image\":{\"@id\":\"https:\\\/\\\/informelitoral.com.ar\\\/#\\\/schema\\\/logo\\\/image\\\/\"},\"sameAs\":[\"https:\\\/\\\/www.facebook.com\\\/informelitoral\\\/\",\"https:\\\/\\\/x.com\\\/InformeLitoral\",\"https:\\\/\\\/www.instagram.com\\\/informelitoral\\\/\",\"https:\\\/\\\/www.youtube.com\\\/channel\\\/UCua4Qvz8Icb6MYqhoq9xLXw\"]},{\"@type\":\"Person\",\"@id\":\"https:\\\/\\\/informelitoral.com.ar\\\/#\\\/schema\\\/person\\\/b9d00407c836482871ef1d57bf8e3180\",\"name\":\"Gonzalo Schmidt\",\"image\":{\"@type\":\"ImageObject\",\"inLanguage\":\"es\",\"@id\":\"https:\\\/\\\/secure.gravatar.com\\\/avatar\\\/31a1a7b66ff2de83bd0e9fd79d026630d2d99e55e8bfe501287647b4fd9743de?s=96&d=mm&r=g\",\"url\":\"https:\\\/\\\/secure.gravatar.com\\\/avatar\\\/31a1a7b66ff2de83bd0e9fd79d026630d2d99e55e8bfe501287647b4fd9743de?s=96&d=mm&r=g\",\"contentUrl\":\"https:\\\/\\\/secure.gravatar.com\\\/avatar\\\/31a1a7b66ff2de83bd0e9fd79d026630d2d99e55e8bfe501287647b4fd9743de?s=96&d=mm&r=g\",\"caption\":\"Gonzalo Schmidt\"},\"description\":\"Sitio web de noticias de la provincia de Entre R\u00edos, Argentina. Informaci\u00f3n y entretenimiento. Informe Litoral, nos informamos.\",\"sameAs\":[\"http:\\\/\\\/www.isletasnoticias.com.ar\"],\"url\":\"https:\\\/\\\/informelitoral.com.ar\\\/author\\\/gonzalo\\\/\"}]}<\/script>","yoast_head_json":{"title":"Mujica: \"Si el pr\u00f3ximo gobierno no es peronista, pobre Argentina\" - Informe Litoral","robots":{"index":"index","follow":"follow","max-snippet":"max-snippet:-1","max-image-preview":"max-image-preview:large","max-video-preview":"max-video-preview:-1"},"canonical":"https:\/\/informelitoral.com.ar\/mujica-si-el-proximo-gobierno-no-es-peronista-pobre-argentina\/","og_locale":"es_ES","og_type":"article","og_title":"Mujica: \"Si el pr\u00f3ximo gobierno no es peronista, pobre Argentina\" - Informe Litoral","og_description":"El presidente uruguayo opin&oacute; que el pr&oacute;ximo gobierno argentino &laquo;debe ser peronista&raquo;, en un a&ntilde;o electoral en el que &laquo;el peronismo kirchnerista arranca con una base electoral del 30, 35%&raquo;.&laquo;Tengo claro que si a la Argentina le va mal, a nosotros nos va mal. Que me digan lo que quieran, pero yo cuando juega Argentina [&hellip;]","og_url":"https:\/\/informelitoral.com.ar\/mujica-si-el-proximo-gobierno-no-es-peronista-pobre-argentina\/","og_site_name":"Informe Litoral","article_publisher":"https:\/\/www.facebook.com\/informelitoral\/","article_published_time":"2015-02-06T00:01:12+00:00","article_modified_time":"2015-02-06T00:01:37+00:00","og_image":[{"width":678,"height":380,"url":"https:\/\/informelitoral.com.ar\/%77%70%2d%63%6f%6e%74%65%6e%74\/uploads\/2015\/02\/0008068680.jpg","type":"image\/jpeg"}],"author":"Gonzalo Schmidt","twitter_card":"summary_large_image","twitter_creator":"@InformeLitoral","twitter_site":"@InformeLitoral","twitter_misc":{"Escrito por":"Gonzalo Schmidt","Tiempo de lectura":"2 minutos"},"schema":{"@context":"https:\/\/schema.org","@graph":[{"@type":"Article","@id":"https:\/\/informelitoral.com.ar\/mujica-si-el-proximo-gobierno-no-es-peronista-pobre-argentina\/#article","isPartOf":{"@id":"https:\/\/informelitoral.com.ar\/mujica-si-el-proximo-gobierno-no-es-peronista-pobre-argentina\/"},"author":{"name":"Gonzalo Schmidt","@id":"https:\/\/informelitoral.com.ar\/#\/schema\/person\/b9d00407c836482871ef1d57bf8e3180"},"headline":"Mujica: \u00abSi el pr\u00f3ximo gobierno no es peronista, pobre Argentina\u00bb","datePublished":"2015-02-06T00:01:12+00:00","dateModified":"2015-02-06T00:01:37+00:00","mainEntityOfPage":{"@id":"https:\/\/informelitoral.com.ar\/mujica-si-el-proximo-gobierno-no-es-peronista-pobre-argentina\/"},"wordCount":455,"commentCount":0,"publisher":{"@id":"https:\/\/informelitoral.com.ar\/#organization"},"image":{"@id":"https:\/\/informelitoral.com.ar\/mujica-si-el-proximo-gobierno-no-es-peronista-pobre-argentina\/#primaryimage"},"thumbnailUrl":"http:\/\/www.isletasnoticias.com.ar\/%77%70%2d%63%6f%6e%74%65%6e%74\/uploads\/2015\/02\/0008068680-300x168.jpg","articleSection":["Nacionales","Politica"],"inLanguage":"es","potentialAction":[{"@type":"CommentAction","name":"Comment","target":["https:\/\/informelitoral.com.ar\/mujica-si-el-proximo-gobierno-no-es-peronista-pobre-argentina\/#respond"]}]},{"@type":"WebPage","@id":"https:\/\/informelitoral.com.ar\/mujica-si-el-proximo-gobierno-no-es-peronista-pobre-argentina\/","url":"https:\/\/informelitoral.com.ar\/mujica-si-el-proximo-gobierno-no-es-peronista-pobre-argentina\/","name":"Mujica: \"Si el pr\u00f3ximo gobierno no es peronista, pobre Argentina\" - Informe Litoral","isPartOf":{"@id":"https:\/\/informelitoral.com.ar\/#website"},"primaryImageOfPage":{"@id":"https:\/\/informelitoral.com.ar\/mujica-si-el-proximo-gobierno-no-es-peronista-pobre-argentina\/#primaryimage"},"image":{"@id":"https:\/\/informelitoral.com.ar\/mujica-si-el-proximo-gobierno-no-es-peronista-pobre-argentina\/#primaryimage"},"thumbnailUrl":"http:\/\/www.isletasnoticias.com.ar\/%77%70%2d%63%6f%6e%74%65%6e%74\/uploads\/2015\/02\/0008068680-300x168.jpg","datePublished":"2015-02-06T00:01:12+00:00","dateModified":"2015-02-06T00:01:37+00:00","breadcrumb":{"@id":"https:\/\/informelitoral.com.ar\/mujica-si-el-proximo-gobierno-no-es-peronista-pobre-argentina\/#breadcrumb"},"inLanguage":"es","potentialAction":[{"@type":"ReadAction","target":["https:\/\/informelitoral.com.ar\/mujica-si-el-proximo-gobierno-no-es-peronista-pobre-argentina\/"]}]},{"@type":"ImageObject","inLanguage":"es","@id":"https:\/\/informelitoral.com.ar\/mujica-si-el-proximo-gobierno-no-es-peronista-pobre-argentina\/#primaryimage","url":"http:\/\/www.isletasnoticias.com.ar\/%77%70%2d%63%6f%6e%74%65%6e%74\/uploads\/2015\/02\/0008068680-300x168.jpg","contentUrl":"http:\/\/www.isletasnoticias.com.ar\/%77%70%2d%63%6f%6e%74%65%6e%74\/uploads\/2015\/02\/0008068680-300x168.jpg"},{"@type":"BreadcrumbList","@id":"https:\/\/informelitoral.com.ar\/mujica-si-el-proximo-gobierno-no-es-peronista-pobre-argentina\/#breadcrumb","itemListElement":[{"@type":"ListItem","position":1,"name":"Portada","item":"https:\/\/informelitoral.com.ar\/"},{"@type":"ListItem","position":2,"name":"Mujica: \u00abSi el pr\u00f3ximo gobierno no es peronista, pobre Argentina\u00bb"}]},{"@type":"WebSite","@id":"https:\/\/informelitoral.com.ar\/#website","url":"https:\/\/informelitoral.com.ar\/","name":"Informe Litoral","description":"&quot;Nos informamos&quot; ","publisher":{"@id":"https:\/\/informelitoral.com.ar\/#organization"},"potentialAction":[{"@type":"SearchAction","target":{"@type":"EntryPoint","urlTemplate":"https:\/\/informelitoral.com.ar\/?s={search_term_string}"},"query-input":{"@type":"PropertyValueSpecification","valueRequired":true,"valueName":"search_term_string"}}],"inLanguage":"es"},{"@type":"Organization","@id":"https:\/\/informelitoral.com.ar\/#organization","name":"Informe Litoral","url":"https:\/\/informelitoral.com.ar\/","logo":{"@type":"ImageObject","inLanguage":"es","@id":"https:\/\/informelitoral.com.ar\/#\/schema\/logo\/image\/","url":"https:\/\/informelitoral.com.ar\/%77%70%2d%63%6f%6e%74%65%6e%74\/uploads\/2021\/01\/circulo.png","contentUrl":"https:\/\/informelitoral.com.ar\/%77%70%2d%63%6f%6e%74%65%6e%74\/uploads\/2021\/01\/circulo.png","width":723,"height":731,"caption":"Informe Litoral"},"image":{"@id":"https:\/\/informelitoral.com.ar\/#\/schema\/logo\/image\/"},"sameAs":["https:\/\/www.facebook.com\/informelitoral\/","https:\/\/x.com\/InformeLitoral","https:\/\/www.instagram.com\/informelitoral\/","https:\/\/www.youtube.com\/channel\/UCua4Qvz8Icb6MYqhoq9xLXw"]},{"@type":"Person","@id":"https:\/\/informelitoral.com.ar\/#\/schema\/person\/b9d00407c836482871ef1d57bf8e3180","name":"Gonzalo Schmidt","image":{"@type":"ImageObject","inLanguage":"es","@id":"https:\/\/secure.gravatar.com\/avatar\/31a1a7b66ff2de83bd0e9fd79d026630d2d99e55e8bfe501287647b4fd9743de?s=96&d=mm&r=g","url":"https:\/\/secure.gravatar.com\/avatar\/31a1a7b66ff2de83bd0e9fd79d026630d2d99e55e8bfe501287647b4fd9743de?s=96&d=mm&r=g","contentUrl":"https:\/\/secure.gravatar.com\/avatar\/31a1a7b66ff2de83bd0e9fd79d026630d2d99e55e8bfe501287647b4fd9743de?s=96&d=mm&r=g","caption":"Gonzalo Schmidt"},"description":"Sitio web de noticias de la provincia de Entre R\u00edos, Argentina. Informaci\u00f3n y entretenimiento. Informe Litoral, nos informamos.","sameAs":["http:\/\/www.isletasnoticias.com.ar"],"url":"https:\/\/informelitoral.com.ar\/author\/gonzalo\/"}]}},"_links":{"self":[{"href":"https:\/\/informelitoral.com.ar\/%77%70%2d%6a%73%6f%6e\/wp\/v2\/posts\/9777","targetHints":{"allow":["GET"]}}],"collection":[{"href":"https:\/\/informelitoral.com.ar\/%77%70%2d%6a%73%6f%6e\/wp\/v2\/posts"}],"about":[{"href":"https:\/\/informelitoral.com.ar\/%77%70%2d%6a%73%6f%6e\/wp\/v2\/types\/post"}],"author":[{"embeddable":true,"href":"https:\/\/informelitoral.com.ar\/%77%70%2d%6a%73%6f%6e\/wp\/v2\/users\/2"}],"replies":[{"embeddable":true,"href":"https:\/\/informelitoral.com.ar\/%77%70%2d%6a%73%6f%6e\/wp\/v2\/comments?post=9777"}],"version-history":[{"count":0,"href":"https:\/\/informelitoral.com.ar\/%77%70%2d%6a%73%6f%6e\/wp\/v2\/posts\/9777\/revisions"}],"wp:attachment":[{"href":"https:\/\/informelitoral.com.ar\/%77%70%2d%6a%73%6f%6e\/wp\/v2\/media?parent=9777"}],"wp:term":[{"taxonomy":"category","embeddable":true,"href":"https:\/\/informelitoral.com.ar\/%77%70%2d%6a%73%6f%6e\/wp\/v2\/categories?post=9777"},{"taxonomy":"post_tag","embeddable":true,"href":"https:\/\/informelitoral.com.ar\/%77%70%2d%6a%73%6f%6e\/wp\/v2\/tags?post=9777"}],"curies":[{"name":"wp","href":"https:\/\/api.w.org\/{rel}","templated":true}]}}