{"id":9774,"date":"2015-02-05T20:49:04","date_gmt":"2015-02-05T23:49:04","guid":{"rendered":"http:\/\/www.isletasnoticias.com.ar\/?p=9774"},"modified":"2015-02-05T20:49:04","modified_gmt":"2015-02-05T23:49:04","slug":"isletas-nueva-reunion-de-espaldas-a-la-junta-de-gobierno","status":"publish","type":"post","link":"https:\/\/informelitoral.com.ar\/isletas-nueva-reunion-de-espaldas-a-la-junta-de-gobierno\/","title":{"rendered":"Isletas: nueva reuni\u00f3n de espaldas a la Junta de Gobierno"},"content":{"rendered":"<p><strong>El senador por el departamento Diamante, <em>Daniel Kr\u00e4mer<\/em> estuvo en la Escuela N\u00b0 20, donde junto a <em>Luis Ch\u00e9mez<\/em> (FPV &#8211; Isletas) y el jefe de la Zonal de Vialidad, mantuvieron una \u00a0reuni\u00f3n con productores. Se anunci\u00f3 el mejorado de un camino. Las autoridades de la Junta de Gobierno se enteraron un d\u00eda despu\u00e9s, tras la consulta de\u00a0<em>ISLETAS NOTICIAS.\u00a0<a href=\"http:\/\/www.isletasnoticias.com.ar\/%77%70%2d%63%6f%6e%74%65%6e%74\/uploads\/2015\/02\/10968499_391720337672563_3636993961090235825_n.jpg\"><img loading=\"lazy\" decoding=\"async\" class=\"aligncenter size-medium wp-image-9775\" src=\"http:\/\/www.isletasnoticias.com.ar\/%77%70%2d%63%6f%6e%74%65%6e%74\/uploads\/2015\/02\/10968499_391720337672563_3636993961090235825_n-300x225.jpg\" alt=\"10968499_391720337672563_3636993961090235825_n\" width=\"300\" height=\"225\" srcset=\"https:\/\/informelitoral.com.ar\/%77%70%2d%63%6f%6e%74%65%6e%74\/uploads\/2015\/02\/10968499_391720337672563_3636993961090235825_n-300x225.jpg 300w, https:\/\/informelitoral.com.ar\/%77%70%2d%63%6f%6e%74%65%6e%74\/uploads\/2015\/02\/10968499_391720337672563_3636993961090235825_n.jpg 960w\" sizes=\"auto, (max-width: 300px) 100vw, 300px\" \/><\/a><\/em><\/strong><\/p>\n<p>El mi\u00e9rcoles a la tarde noche, se llev\u00f3 a cabo una reuni\u00f3n en la Escuela N\u00b0 20, Acuerdo de San Nicol\u00e1s de Isletas, con la presencia del senador por el departamento Diamante, <strong>Daniel Ernesto Kr\u00e4mer<\/strong>; el jefe de la Zonal de Vialidad, <strong>Jos\u00e9 Luis Isaac<\/strong>; el referente del Frente Para la Victoria local <strong>Luis Ch\u00e9mez<\/strong> y productores de la zona.<\/p>\n<p>En el encuentro, que adem\u00e1s signific\u00f3 un fuerte apoyo a la candidatura de Ch\u00e9mez por parte del legislador, se trat\u00f3 la \u00abnecesidad de mejorar 10 km. aproximadamente\u00bb de un camino que pasa frente a dicha instituci\u00f3n educativa, lo cual facilitar\u00e1 el tr\u00e1nsito en d\u00edas de lluvia o barro.<\/p>\n<p>\u00abLa Zonal de Vialidad, la pr\u00f3xima semana estar\u00e1 comenzando con los trabajos, para eso estuve acompa\u00f1ado por el Jefe Zonal Diamante y nuestro referente pol\u00edtico, Luis Ch\u00e9mez\u00bb, indic\u00f3 el ex intendente de Ram\u00edrez a trav\u00e9s de su cuenta en la red social Facebook.<\/p>\n<p>Nuevamente llam\u00f3 la atenci\u00f3n la ausencia de la totalidad de los representantes de la Junta de Gobierno local, en manos del radicalismo, por lo que desde <em><strong>ISLETAS NOTICIAS <\/strong><\/em>consultamos este jueves a su presidente, <strong>Ra\u00fal Eichman<\/strong>, quien llamativamente se enter\u00f3 del encuentro a trav\u00e9s de este Sitio.<\/p>\n<p>De esta forma, el 2015 comenz\u00f3 nuevamente con la divisi\u00f3n entre la UCR y el PJ isletense, a tal punto, que desde algunos sectores del radicalismo se habla de una \u00abJunta de Gobierno paralela\u00bb, en Isletas.<\/p>\n","protected":false},"excerpt":{"rendered":"<p>El senador por el departamento Diamante, Daniel Kr&auml;mer estuvo en la Escuela N&deg; 20, donde junto a Luis Ch&eacute;mez (FPV &ndash; Isletas) y el jefe de la Zonal de Vialidad, mantuvieron una &nbsp;reuni&oacute;n con productores. Se anunci&oacute; el mejorado de un camino. Las autoridades de la Junta de Gobierno se enteraron un d&iacute;a despu&eacute;s, tras [&hellip;]<\/p>\n","protected":false},"author":2,"featured_media":0,"comment_status":"open","ping_status":"open","sticky":false,"template":"","format":"standard","meta":{"fifu_image_url":"","fifu_image_alt":"","footnotes":""},"categories":[4,16],"tags":[],"class_list":{"0":"post-9774","1":"post","2":"type-post","3":"status-publish","4":"format-standard","6":"category-locales","7":"category-politi"},"yoast_head":"<title>Isletas: nueva reuni\u00f3n de espaldas a la Junta de Gobierno - Informe Litoral<\/title>\n<meta name=\"robots\" content=\"index, follow, max-snippet:-1, max-image-preview:large, max-video-preview:-1\" \/>\n<link rel=\"canonical\" href=\"https:\/\/informelitoral.com.ar\/isletas-nueva-reunion-de-espaldas-a-la-junta-de-gobierno\/\" \/>\n<meta property=\"og:locale\" content=\"es_ES\" \/>\n<meta property=\"og:type\" content=\"article\" \/>\n<meta property=\"og:title\" content=\"Isletas: nueva reuni\u00f3n de espaldas a la Junta de Gobierno - Informe Litoral\" \/>\n<meta property=\"og:description\" content=\"El senador por el departamento Diamante, Daniel Kr&auml;mer estuvo en la Escuela N&deg; 20, donde junto a Luis Ch&eacute;mez (FPV &ndash; Isletas) y el jefe de la Zonal de Vialidad, mantuvieron una &nbsp;reuni&oacute;n con productores. Se anunci&oacute; el mejorado de un camino. Las autoridades de la Junta de Gobierno se enteraron un d&iacute;a despu&eacute;s, tras [&hellip;]\" \/>\n<meta property=\"og:url\" content=\"https:\/\/informelitoral.com.ar\/isletas-nueva-reunion-de-espaldas-a-la-junta-de-gobierno\/\" \/>\n<meta property=\"og:site_name\" content=\"Informe Litoral\" \/>\n<meta property=\"article:publisher\" content=\"https:\/\/www.facebook.com\/informelitoral\/\" \/>\n<meta property=\"article:published_time\" content=\"2015-02-05T23:49:04+00:00\" \/>\n<meta property=\"og:image\" content=\"https:\/\/informelitoral.com.ar\/%77%70%2d%63%6f%6e%74%65%6e%74\/uploads\/2015\/02\/10968499_391720337672563_3636993961090235825_n.jpg\" \/>\n\t<meta property=\"og:image:width\" content=\"960\" \/>\n\t<meta property=\"og:image:height\" content=\"720\" \/>\n\t<meta property=\"og:image:type\" content=\"image\/jpeg\" \/>\n<meta name=\"author\" content=\"Gonzalo Schmidt\" \/>\n<meta name=\"twitter:card\" content=\"summary_large_image\" \/>\n<meta name=\"twitter:creator\" content=\"@InformeLitoral\" \/>\n<meta name=\"twitter:site\" content=\"@InformeLitoral\" \/>\n<meta name=\"twitter:label1\" content=\"Escrito por\" \/>\n\t<meta name=\"twitter:data1\" content=\"Gonzalo Schmidt\" \/>\n\t<meta name=\"twitter:label2\" content=\"Tiempo de lectura\" \/>\n\t<meta name=\"twitter:data2\" content=\"2 minutos\" \/>\n<script type=\"application\/ld+json\" class=\"yoast-schema-graph\">{\"@context\":\"https:\\\/\\\/schema.org\",\"@graph\":[{\"@type\":\"Article\",\"@id\":\"https:\\\/\\\/informelitoral.com.ar\\\/isletas-nueva-reunion-de-espaldas-a-la-junta-de-gobierno\\\/#article\",\"isPartOf\":{\"@id\":\"https:\\\/\\\/informelitoral.com.ar\\\/isletas-nueva-reunion-de-espaldas-a-la-junta-de-gobierno\\\/\"},\"author\":{\"name\":\"Gonzalo Schmidt\",\"@id\":\"https:\\\/\\\/informelitoral.com.ar\\\/#\\\/schema\\\/person\\\/b9d00407c836482871ef1d57bf8e3180\"},\"headline\":\"Isletas: nueva reuni\u00f3n de espaldas a la Junta de Gobierno\",\"datePublished\":\"2015-02-05T23:49:04+00:00\",\"mainEntityOfPage\":{\"@id\":\"https:\\\/\\\/informelitoral.com.ar\\\/isletas-nueva-reunion-de-espaldas-a-la-junta-de-gobierno\\\/\"},\"wordCount\":326,\"commentCount\":1,\"publisher\":{\"@id\":\"https:\\\/\\\/informelitoral.com.ar\\\/#organization\"},\"image\":{\"@id\":\"https:\\\/\\\/informelitoral.com.ar\\\/isletas-nueva-reunion-de-espaldas-a-la-junta-de-gobierno\\\/#primaryimage\"},\"thumbnailUrl\":\"http:\\\/\\\/www.isletasnoticias.com.ar\\\/%77%70%2d%63%6f%6e%74%65%6e%74\\\/uploads\\\/2015\\\/02\\\/10968499_391720337672563_3636993961090235825_n-300x225.jpg\",\"articleSection\":[\"Isletas\",\"Politica\"],\"inLanguage\":\"es\",\"potentialAction\":[{\"@type\":\"CommentAction\",\"name\":\"Comment\",\"target\":[\"https:\\\/\\\/informelitoral.com.ar\\\/isletas-nueva-reunion-de-espaldas-a-la-junta-de-gobierno\\\/#respond\"]}]},{\"@type\":\"WebPage\",\"@id\":\"https:\\\/\\\/informelitoral.com.ar\\\/isletas-nueva-reunion-de-espaldas-a-la-junta-de-gobierno\\\/\",\"url\":\"https:\\\/\\\/informelitoral.com.ar\\\/isletas-nueva-reunion-de-espaldas-a-la-junta-de-gobierno\\\/\",\"name\":\"Isletas: nueva reuni\u00f3n de espaldas a la Junta de Gobierno - Informe Litoral\",\"isPartOf\":{\"@id\":\"https:\\\/\\\/informelitoral.com.ar\\\/#website\"},\"primaryImageOfPage\":{\"@id\":\"https:\\\/\\\/informelitoral.com.ar\\\/isletas-nueva-reunion-de-espaldas-a-la-junta-de-gobierno\\\/#primaryimage\"},\"image\":{\"@id\":\"https:\\\/\\\/informelitoral.com.ar\\\/isletas-nueva-reunion-de-espaldas-a-la-junta-de-gobierno\\\/#primaryimage\"},\"thumbnailUrl\":\"http:\\\/\\\/www.isletasnoticias.com.ar\\\/%77%70%2d%63%6f%6e%74%65%6e%74\\\/uploads\\\/2015\\\/02\\\/10968499_391720337672563_3636993961090235825_n-300x225.jpg\",\"datePublished\":\"2015-02-05T23:49:04+00:00\",\"breadcrumb\":{\"@id\":\"https:\\\/\\\/informelitoral.com.ar\\\/isletas-nueva-reunion-de-espaldas-a-la-junta-de-gobierno\\\/#breadcrumb\"},\"inLanguage\":\"es\",\"potentialAction\":[{\"@type\":\"ReadAction\",\"target\":[\"https:\\\/\\\/informelitoral.com.ar\\\/isletas-nueva-reunion-de-espaldas-a-la-junta-de-gobierno\\\/\"]}]},{\"@type\":\"ImageObject\",\"inLanguage\":\"es\",\"@id\":\"https:\\\/\\\/informelitoral.com.ar\\\/isletas-nueva-reunion-de-espaldas-a-la-junta-de-gobierno\\\/#primaryimage\",\"url\":\"http:\\\/\\\/www.isletasnoticias.com.ar\\\/%77%70%2d%63%6f%6e%74%65%6e%74\\\/uploads\\\/2015\\\/02\\\/10968499_391720337672563_3636993961090235825_n-300x225.jpg\",\"contentUrl\":\"http:\\\/\\\/www.isletasnoticias.com.ar\\\/%77%70%2d%63%6f%6e%74%65%6e%74\\\/uploads\\\/2015\\\/02\\\/10968499_391720337672563_3636993961090235825_n-300x225.jpg\"},{\"@type\":\"BreadcrumbList\",\"@id\":\"https:\\\/\\\/informelitoral.com.ar\\\/isletas-nueva-reunion-de-espaldas-a-la-junta-de-gobierno\\\/#breadcrumb\",\"itemListElement\":[{\"@type\":\"ListItem\",\"position\":1,\"name\":\"Portada\",\"item\":\"https:\\\/\\\/informelitoral.com.ar\\\/\"},{\"@type\":\"ListItem\",\"position\":2,\"name\":\"Isletas: nueva reuni\u00f3n de espaldas a la Junta de Gobierno\"}]},{\"@type\":\"WebSite\",\"@id\":\"https:\\\/\\\/informelitoral.com.ar\\\/#website\",\"url\":\"https:\\\/\\\/informelitoral.com.ar\\\/\",\"name\":\"Informe Litoral\",\"description\":\"&quot;Nos informamos&quot; \",\"publisher\":{\"@id\":\"https:\\\/\\\/informelitoral.com.ar\\\/#organization\"},\"potentialAction\":[{\"@type\":\"SearchAction\",\"target\":{\"@type\":\"EntryPoint\",\"urlTemplate\":\"https:\\\/\\\/informelitoral.com.ar\\\/?s={search_term_string}\"},\"query-input\":{\"@type\":\"PropertyValueSpecification\",\"valueRequired\":true,\"valueName\":\"search_term_string\"}}],\"inLanguage\":\"es\"},{\"@type\":\"Organization\",\"@id\":\"https:\\\/\\\/informelitoral.com.ar\\\/#organization\",\"name\":\"Informe Litoral\",\"url\":\"https:\\\/\\\/informelitoral.com.ar\\\/\",\"logo\":{\"@type\":\"ImageObject\",\"inLanguage\":\"es\",\"@id\":\"https:\\\/\\\/informelitoral.com.ar\\\/#\\\/schema\\\/logo\\\/image\\\/\",\"url\":\"https:\\\/\\\/informelitoral.com.ar\\\/%77%70%2d%63%6f%6e%74%65%6e%74\\\/uploads\\\/2021\\\/01\\\/circulo.png\",\"contentUrl\":\"https:\\\/\\\/informelitoral.com.ar\\\/%77%70%2d%63%6f%6e%74%65%6e%74\\\/uploads\\\/2021\\\/01\\\/circulo.png\",\"width\":723,\"height\":731,\"caption\":\"Informe Litoral\"},\"image\":{\"@id\":\"https:\\\/\\\/informelitoral.com.ar\\\/#\\\/schema\\\/logo\\\/image\\\/\"},\"sameAs\":[\"https:\\\/\\\/www.facebook.com\\\/informelitoral\\\/\",\"https:\\\/\\\/x.com\\\/InformeLitoral\",\"https:\\\/\\\/www.instagram.com\\\/informelitoral\\\/\",\"https:\\\/\\\/www.youtube.com\\\/channel\\\/UCua4Qvz8Icb6MYqhoq9xLXw\"]},{\"@type\":\"Person\",\"@id\":\"https:\\\/\\\/informelitoral.com.ar\\\/#\\\/schema\\\/person\\\/b9d00407c836482871ef1d57bf8e3180\",\"name\":\"Gonzalo Schmidt\",\"image\":{\"@type\":\"ImageObject\",\"inLanguage\":\"es\",\"@id\":\"https:\\\/\\\/secure.gravatar.com\\\/avatar\\\/31a1a7b66ff2de83bd0e9fd79d026630d2d99e55e8bfe501287647b4fd9743de?s=96&d=mm&r=g\",\"url\":\"https:\\\/\\\/secure.gravatar.com\\\/avatar\\\/31a1a7b66ff2de83bd0e9fd79d026630d2d99e55e8bfe501287647b4fd9743de?s=96&d=mm&r=g\",\"contentUrl\":\"https:\\\/\\\/secure.gravatar.com\\\/avatar\\\/31a1a7b66ff2de83bd0e9fd79d026630d2d99e55e8bfe501287647b4fd9743de?s=96&d=mm&r=g\",\"caption\":\"Gonzalo Schmidt\"},\"description\":\"Sitio web de noticias de la provincia de Entre R\u00edos, Argentina. Informaci\u00f3n y entretenimiento. Informe Litoral, nos informamos.\",\"sameAs\":[\"http:\\\/\\\/www.isletasnoticias.com.ar\"],\"url\":\"https:\\\/\\\/informelitoral.com.ar\\\/author\\\/gonzalo\\\/\"}]}<\/script>","yoast_head_json":{"title":"Isletas: nueva reuni\u00f3n de espaldas a la Junta de Gobierno - Informe Litoral","robots":{"index":"index","follow":"follow","max-snippet":"max-snippet:-1","max-image-preview":"max-image-preview:large","max-video-preview":"max-video-preview:-1"},"canonical":"https:\/\/informelitoral.com.ar\/isletas-nueva-reunion-de-espaldas-a-la-junta-de-gobierno\/","og_locale":"es_ES","og_type":"article","og_title":"Isletas: nueva reuni\u00f3n de espaldas a la Junta de Gobierno - Informe Litoral","og_description":"El senador por el departamento Diamante, Daniel Kr&auml;mer estuvo en la Escuela N&deg; 20, donde junto a Luis Ch&eacute;mez (FPV &ndash; Isletas) y el jefe de la Zonal de Vialidad, mantuvieron una &nbsp;reuni&oacute;n con productores. Se anunci&oacute; el mejorado de un camino. Las autoridades de la Junta de Gobierno se enteraron un d&iacute;a despu&eacute;s, tras [&hellip;]","og_url":"https:\/\/informelitoral.com.ar\/isletas-nueva-reunion-de-espaldas-a-la-junta-de-gobierno\/","og_site_name":"Informe Litoral","article_publisher":"https:\/\/www.facebook.com\/informelitoral\/","article_published_time":"2015-02-05T23:49:04+00:00","og_image":[{"width":960,"height":720,"url":"https:\/\/informelitoral.com.ar\/%77%70%2d%63%6f%6e%74%65%6e%74\/uploads\/2015\/02\/10968499_391720337672563_3636993961090235825_n.jpg","type":"image\/jpeg"}],"author":"Gonzalo Schmidt","twitter_card":"summary_large_image","twitter_creator":"@InformeLitoral","twitter_site":"@InformeLitoral","twitter_misc":{"Escrito por":"Gonzalo Schmidt","Tiempo de lectura":"2 minutos"},"schema":{"@context":"https:\/\/schema.org","@graph":[{"@type":"Article","@id":"https:\/\/informelitoral.com.ar\/isletas-nueva-reunion-de-espaldas-a-la-junta-de-gobierno\/#article","isPartOf":{"@id":"https:\/\/informelitoral.com.ar\/isletas-nueva-reunion-de-espaldas-a-la-junta-de-gobierno\/"},"author":{"name":"Gonzalo Schmidt","@id":"https:\/\/informelitoral.com.ar\/#\/schema\/person\/b9d00407c836482871ef1d57bf8e3180"},"headline":"Isletas: nueva reuni\u00f3n de espaldas a la Junta de Gobierno","datePublished":"2015-02-05T23:49:04+00:00","mainEntityOfPage":{"@id":"https:\/\/informelitoral.com.ar\/isletas-nueva-reunion-de-espaldas-a-la-junta-de-gobierno\/"},"wordCount":326,"commentCount":1,"publisher":{"@id":"https:\/\/informelitoral.com.ar\/#organization"},"image":{"@id":"https:\/\/informelitoral.com.ar\/isletas-nueva-reunion-de-espaldas-a-la-junta-de-gobierno\/#primaryimage"},"thumbnailUrl":"http:\/\/www.isletasnoticias.com.ar\/%77%70%2d%63%6f%6e%74%65%6e%74\/uploads\/2015\/02\/10968499_391720337672563_3636993961090235825_n-300x225.jpg","articleSection":["Isletas","Politica"],"inLanguage":"es","potentialAction":[{"@type":"CommentAction","name":"Comment","target":["https:\/\/informelitoral.com.ar\/isletas-nueva-reunion-de-espaldas-a-la-junta-de-gobierno\/#respond"]}]},{"@type":"WebPage","@id":"https:\/\/informelitoral.com.ar\/isletas-nueva-reunion-de-espaldas-a-la-junta-de-gobierno\/","url":"https:\/\/informelitoral.com.ar\/isletas-nueva-reunion-de-espaldas-a-la-junta-de-gobierno\/","name":"Isletas: nueva reuni\u00f3n de espaldas a la Junta de Gobierno - Informe Litoral","isPartOf":{"@id":"https:\/\/informelitoral.com.ar\/#website"},"primaryImageOfPage":{"@id":"https:\/\/informelitoral.com.ar\/isletas-nueva-reunion-de-espaldas-a-la-junta-de-gobierno\/#primaryimage"},"image":{"@id":"https:\/\/informelitoral.com.ar\/isletas-nueva-reunion-de-espaldas-a-la-junta-de-gobierno\/#primaryimage"},"thumbnailUrl":"http:\/\/www.isletasnoticias.com.ar\/%77%70%2d%63%6f%6e%74%65%6e%74\/uploads\/2015\/02\/10968499_391720337672563_3636993961090235825_n-300x225.jpg","datePublished":"2015-02-05T23:49:04+00:00","breadcrumb":{"@id":"https:\/\/informelitoral.com.ar\/isletas-nueva-reunion-de-espaldas-a-la-junta-de-gobierno\/#breadcrumb"},"inLanguage":"es","potentialAction":[{"@type":"ReadAction","target":["https:\/\/informelitoral.com.ar\/isletas-nueva-reunion-de-espaldas-a-la-junta-de-gobierno\/"]}]},{"@type":"ImageObject","inLanguage":"es","@id":"https:\/\/informelitoral.com.ar\/isletas-nueva-reunion-de-espaldas-a-la-junta-de-gobierno\/#primaryimage","url":"http:\/\/www.isletasnoticias.com.ar\/%77%70%2d%63%6f%6e%74%65%6e%74\/uploads\/2015\/02\/10968499_391720337672563_3636993961090235825_n-300x225.jpg","contentUrl":"http:\/\/www.isletasnoticias.com.ar\/%77%70%2d%63%6f%6e%74%65%6e%74\/uploads\/2015\/02\/10968499_391720337672563_3636993961090235825_n-300x225.jpg"},{"@type":"BreadcrumbList","@id":"https:\/\/informelitoral.com.ar\/isletas-nueva-reunion-de-espaldas-a-la-junta-de-gobierno\/#breadcrumb","itemListElement":[{"@type":"ListItem","position":1,"name":"Portada","item":"https:\/\/informelitoral.com.ar\/"},{"@type":"ListItem","position":2,"name":"Isletas: nueva reuni\u00f3n de espaldas a la Junta de Gobierno"}]},{"@type":"WebSite","@id":"https:\/\/informelitoral.com.ar\/#website","url":"https:\/\/informelitoral.com.ar\/","name":"Informe Litoral","description":"&quot;Nos informamos&quot; ","publisher":{"@id":"https:\/\/informelitoral.com.ar\/#organization"},"potentialAction":[{"@type":"SearchAction","target":{"@type":"EntryPoint","urlTemplate":"https:\/\/informelitoral.com.ar\/?s={search_term_string}"},"query-input":{"@type":"PropertyValueSpecification","valueRequired":true,"valueName":"search_term_string"}}],"inLanguage":"es"},{"@type":"Organization","@id":"https:\/\/informelitoral.com.ar\/#organization","name":"Informe Litoral","url":"https:\/\/informelitoral.com.ar\/","logo":{"@type":"ImageObject","inLanguage":"es","@id":"https:\/\/informelitoral.com.ar\/#\/schema\/logo\/image\/","url":"https:\/\/informelitoral.com.ar\/%77%70%2d%63%6f%6e%74%65%6e%74\/uploads\/2021\/01\/circulo.png","contentUrl":"https:\/\/informelitoral.com.ar\/%77%70%2d%63%6f%6e%74%65%6e%74\/uploads\/2021\/01\/circulo.png","width":723,"height":731,"caption":"Informe Litoral"},"image":{"@id":"https:\/\/informelitoral.com.ar\/#\/schema\/logo\/image\/"},"sameAs":["https:\/\/www.facebook.com\/informelitoral\/","https:\/\/x.com\/InformeLitoral","https:\/\/www.instagram.com\/informelitoral\/","https:\/\/www.youtube.com\/channel\/UCua4Qvz8Icb6MYqhoq9xLXw"]},{"@type":"Person","@id":"https:\/\/informelitoral.com.ar\/#\/schema\/person\/b9d00407c836482871ef1d57bf8e3180","name":"Gonzalo Schmidt","image":{"@type":"ImageObject","inLanguage":"es","@id":"https:\/\/secure.gravatar.com\/avatar\/31a1a7b66ff2de83bd0e9fd79d026630d2d99e55e8bfe501287647b4fd9743de?s=96&d=mm&r=g","url":"https:\/\/secure.gravatar.com\/avatar\/31a1a7b66ff2de83bd0e9fd79d026630d2d99e55e8bfe501287647b4fd9743de?s=96&d=mm&r=g","contentUrl":"https:\/\/secure.gravatar.com\/avatar\/31a1a7b66ff2de83bd0e9fd79d026630d2d99e55e8bfe501287647b4fd9743de?s=96&d=mm&r=g","caption":"Gonzalo Schmidt"},"description":"Sitio web de noticias de la provincia de Entre R\u00edos, Argentina. Informaci\u00f3n y entretenimiento. Informe Litoral, nos informamos.","sameAs":["http:\/\/www.isletasnoticias.com.ar"],"url":"https:\/\/informelitoral.com.ar\/author\/gonzalo\/"}]}},"_links":{"self":[{"href":"https:\/\/informelitoral.com.ar\/%77%70%2d%6a%73%6f%6e\/wp\/v2\/posts\/9774","targetHints":{"allow":["GET"]}}],"collection":[{"href":"https:\/\/informelitoral.com.ar\/%77%70%2d%6a%73%6f%6e\/wp\/v2\/posts"}],"about":[{"href":"https:\/\/informelitoral.com.ar\/%77%70%2d%6a%73%6f%6e\/wp\/v2\/types\/post"}],"author":[{"embeddable":true,"href":"https:\/\/informelitoral.com.ar\/%77%70%2d%6a%73%6f%6e\/wp\/v2\/users\/2"}],"replies":[{"embeddable":true,"href":"https:\/\/informelitoral.com.ar\/%77%70%2d%6a%73%6f%6e\/wp\/v2\/comments?post=9774"}],"version-history":[{"count":0,"href":"https:\/\/informelitoral.com.ar\/%77%70%2d%6a%73%6f%6e\/wp\/v2\/posts\/9774\/revisions"}],"wp:attachment":[{"href":"https:\/\/informelitoral.com.ar\/%77%70%2d%6a%73%6f%6e\/wp\/v2\/media?parent=9774"}],"wp:term":[{"taxonomy":"category","embeddable":true,"href":"https:\/\/informelitoral.com.ar\/%77%70%2d%6a%73%6f%6e\/wp\/v2\/categories?post=9774"},{"taxonomy":"post_tag","embeddable":true,"href":"https:\/\/informelitoral.com.ar\/%77%70%2d%6a%73%6f%6e\/wp\/v2\/tags?post=9774"}],"curies":[{"name":"wp","href":"https:\/\/api.w.org\/{rel}","templated":true}]}}