{"id":9770,"date":"2015-02-05T17:05:48","date_gmt":"2015-02-05T20:05:48","guid":{"rendered":"http:\/\/www.isletasnoticias.com.ar\/?p=9770"},"modified":"2015-02-05T17:07:39","modified_gmt":"2015-02-05T20:07:39","slug":"isletas-la-junta-de-gobierno-adquirio-una-pala-niveladora-por-125-000","status":"publish","type":"post","link":"https:\/\/informelitoral.com.ar\/isletas-la-junta-de-gobierno-adquirio-una-pala-niveladora-por-125-000\/","title":{"rendered":"Isletas: la Junta de Gobierno adquiri\u00f3 una pala niveladora por $125.000"},"content":{"rendered":"<p><strong>El implemento, junto al tractor de la futura Comuna, se utiliza para el arreglo de caminos en colaboraci\u00f3n con la DPV. La adquisici\u00f3n se llev\u00f3 adelante tras \u00abvarias reuniones zonales\u00bb.\u00a0<a href=\"http:\/\/www.isletasnoticias.com.ar\/%77%70%2d%63%6f%6e%74%65%6e%74\/uploads\/2015\/02\/Motoniveladora.jpg\"><img loading=\"lazy\" decoding=\"async\" class=\"aligncenter size-medium wp-image-9771\" src=\"http:\/\/www.isletasnoticias.com.ar\/%77%70%2d%63%6f%6e%74%65%6e%74\/uploads\/2015\/02\/Motoniveladora-300x225.jpg\" alt=\"Motoniveladora\" width=\"300\" height=\"225\" srcset=\"https:\/\/informelitoral.com.ar\/%77%70%2d%63%6f%6e%74%65%6e%74\/uploads\/2015\/02\/Motoniveladora-300x225.jpg 300w, https:\/\/informelitoral.com.ar\/%77%70%2d%63%6f%6e%74%65%6e%74\/uploads\/2015\/02\/Motoniveladora.jpg 960w\" sizes=\"auto, (max-width: 300px) 100vw, 300px\" \/><\/a><\/strong><\/p>\n<p>La Junta de Gobierno de Isletas, adquiri\u00f3 una pala niveladora de arrastre por un monto de $125.000 sin cubiertas.<\/p>\n<p>El implemento se utiliza para el arreglo de caminos con el tractor que tambi\u00e9n pertenece a la Junta y se compr\u00f3 a principios de la gesti\u00f3n.<\/p>\n<p>Seg\u00fan informaron en un texto enviado a <strong><em>IN<\/em><\/strong>, la decisi\u00f3n se tom\u00f3 \u00abdespu\u00e9s de varias reuniones zonales, donde siempre el tema principal, son el estado de los caminos vecinales y principales\u00bb.<\/p>\n<p><strong>Caracter\u00edsticas<\/strong><\/p>\n<p><span class=\"text_exposed_show\">El implemento es una m\u00e1quina marca TBeH N4 &#8211; 3600 con un peso de 2.700Kg. sin lastre. Rodado 14.9&#215;24 con un ancho de vertedera de 3,60 Mtrs. Angulaci\u00f3n de vertedera hidr\u00e1ulica, rotaci\u00f3n de vertedera, hidr\u00e1ulica con v\u00e1lvula de bloqueo accionada por electrov\u00e1lvula de 1 cuerpo para desvi\u00f3 de caudal. <\/span><\/p>\n<p><span class=\"text_exposed_show\">\u00abCon esta adquisici\u00f3n, la Junta de Gobierno de Isletas da repuesta al pedido de los vecinos de nuestra jurisdicci\u00f3n. Siempre dentro de nuestras posibilidades y sin desatender otras necesidades. Cabe destacar que solo esto se puede realizar por el trabajo de los integrantes y colaboradores de la Junta, que trabajan ad honorem\u00bb, destacaron.<em> (Isletas Noticias)<\/em><\/span><\/p>\n","protected":false},"excerpt":{"rendered":"<p>El implemento, junto al tractor de la futura Comuna, se utiliza para el arreglo de caminos en colaboraci&oacute;n con la DPV. La adquisici&oacute;n se llev&oacute; adelante tras &laquo;varias reuniones zonales&raquo;.&nbsp; La Junta de Gobierno de Isletas, adquiri&oacute; una pala niveladora de arrastre por un monto de $125.000 sin cubiertas. El implemento se utiliza para el [&hellip;]<\/p>\n","protected":false},"author":2,"featured_media":0,"comment_status":"open","ping_status":"open","sticky":false,"template":"","format":"standard","meta":{"fifu_image_url":"","fifu_image_alt":"","footnotes":""},"categories":[4],"tags":[],"class_list":{"0":"post-9770","1":"post","2":"type-post","3":"status-publish","4":"format-standard","6":"category-locales"},"yoast_head":"<title>Isletas: la Junta de Gobierno adquiri\u00f3 una pala niveladora por $125.000 - Informe Litoral<\/title>\n<meta name=\"robots\" content=\"index, follow, max-snippet:-1, max-image-preview:large, max-video-preview:-1\" \/>\n<link rel=\"canonical\" href=\"https:\/\/informelitoral.com.ar\/isletas-la-junta-de-gobierno-adquirio-una-pala-niveladora-por-125-000\/\" \/>\n<meta property=\"og:locale\" content=\"es_ES\" \/>\n<meta property=\"og:type\" content=\"article\" \/>\n<meta property=\"og:title\" content=\"Isletas: la Junta de Gobierno adquiri\u00f3 una pala niveladora por $125.000 - Informe Litoral\" \/>\n<meta property=\"og:description\" content=\"El implemento, junto al tractor de la futura Comuna, se utiliza para el arreglo de caminos en colaboraci&oacute;n con la DPV. La adquisici&oacute;n se llev&oacute; adelante tras &laquo;varias reuniones zonales&raquo;.&nbsp; La Junta de Gobierno de Isletas, adquiri&oacute; una pala niveladora de arrastre por un monto de $125.000 sin cubiertas. El implemento se utiliza para el [&hellip;]\" \/>\n<meta property=\"og:url\" content=\"https:\/\/informelitoral.com.ar\/isletas-la-junta-de-gobierno-adquirio-una-pala-niveladora-por-125-000\/\" \/>\n<meta property=\"og:site_name\" content=\"Informe Litoral\" \/>\n<meta property=\"article:publisher\" content=\"https:\/\/www.facebook.com\/informelitoral\/\" \/>\n<meta property=\"article:published_time\" content=\"2015-02-05T20:05:48+00:00\" \/>\n<meta property=\"article:modified_time\" content=\"2015-02-05T20:07:39+00:00\" \/>\n<meta property=\"og:image\" content=\"https:\/\/informelitoral.com.ar\/%77%70%2d%63%6f%6e%74%65%6e%74\/uploads\/2015\/02\/Motoniveladora.jpg\" \/>\n\t<meta property=\"og:image:width\" content=\"960\" \/>\n\t<meta property=\"og:image:height\" content=\"720\" \/>\n\t<meta property=\"og:image:type\" content=\"image\/jpeg\" \/>\n<meta name=\"author\" content=\"Gonzalo Schmidt\" \/>\n<meta name=\"twitter:card\" content=\"summary_large_image\" \/>\n<meta name=\"twitter:creator\" content=\"@InformeLitoral\" \/>\n<meta name=\"twitter:site\" content=\"@InformeLitoral\" \/>\n<meta name=\"twitter:label1\" content=\"Escrito por\" \/>\n\t<meta name=\"twitter:data1\" content=\"Gonzalo Schmidt\" \/>\n\t<meta name=\"twitter:label2\" content=\"Tiempo de lectura\" \/>\n\t<meta name=\"twitter:data2\" content=\"1 minuto\" \/>\n<script type=\"application\/ld+json\" class=\"yoast-schema-graph\">{\"@context\":\"https:\\\/\\\/schema.org\",\"@graph\":[{\"@type\":\"Article\",\"@id\":\"https:\\\/\\\/informelitoral.com.ar\\\/isletas-la-junta-de-gobierno-adquirio-una-pala-niveladora-por-125-000\\\/#article\",\"isPartOf\":{\"@id\":\"https:\\\/\\\/informelitoral.com.ar\\\/isletas-la-junta-de-gobierno-adquirio-una-pala-niveladora-por-125-000\\\/\"},\"author\":{\"name\":\"Gonzalo Schmidt\",\"@id\":\"https:\\\/\\\/informelitoral.com.ar\\\/#\\\/schema\\\/person\\\/b9d00407c836482871ef1d57bf8e3180\"},\"headline\":\"Isletas: la Junta de Gobierno adquiri\u00f3 una pala niveladora por $125.000\",\"datePublished\":\"2015-02-05T20:05:48+00:00\",\"dateModified\":\"2015-02-05T20:07:39+00:00\",\"mainEntityOfPage\":{\"@id\":\"https:\\\/\\\/informelitoral.com.ar\\\/isletas-la-junta-de-gobierno-adquirio-una-pala-niveladora-por-125-000\\\/\"},\"wordCount\":234,\"commentCount\":0,\"publisher\":{\"@id\":\"https:\\\/\\\/informelitoral.com.ar\\\/#organization\"},\"image\":{\"@id\":\"https:\\\/\\\/informelitoral.com.ar\\\/isletas-la-junta-de-gobierno-adquirio-una-pala-niveladora-por-125-000\\\/#primaryimage\"},\"thumbnailUrl\":\"http:\\\/\\\/www.isletasnoticias.com.ar\\\/%77%70%2d%63%6f%6e%74%65%6e%74\\\/uploads\\\/2015\\\/02\\\/Motoniveladora-300x225.jpg\",\"articleSection\":[\"Isletas\"],\"inLanguage\":\"es\",\"potentialAction\":[{\"@type\":\"CommentAction\",\"name\":\"Comment\",\"target\":[\"https:\\\/\\\/informelitoral.com.ar\\\/isletas-la-junta-de-gobierno-adquirio-una-pala-niveladora-por-125-000\\\/#respond\"]}]},{\"@type\":\"WebPage\",\"@id\":\"https:\\\/\\\/informelitoral.com.ar\\\/isletas-la-junta-de-gobierno-adquirio-una-pala-niveladora-por-125-000\\\/\",\"url\":\"https:\\\/\\\/informelitoral.com.ar\\\/isletas-la-junta-de-gobierno-adquirio-una-pala-niveladora-por-125-000\\\/\",\"name\":\"Isletas: la Junta de Gobierno adquiri\u00f3 una pala niveladora por $125.000 - Informe Litoral\",\"isPartOf\":{\"@id\":\"https:\\\/\\\/informelitoral.com.ar\\\/#website\"},\"primaryImageOfPage\":{\"@id\":\"https:\\\/\\\/informelitoral.com.ar\\\/isletas-la-junta-de-gobierno-adquirio-una-pala-niveladora-por-125-000\\\/#primaryimage\"},\"image\":{\"@id\":\"https:\\\/\\\/informelitoral.com.ar\\\/isletas-la-junta-de-gobierno-adquirio-una-pala-niveladora-por-125-000\\\/#primaryimage\"},\"thumbnailUrl\":\"http:\\\/\\\/www.isletasnoticias.com.ar\\\/%77%70%2d%63%6f%6e%74%65%6e%74\\\/uploads\\\/2015\\\/02\\\/Motoniveladora-300x225.jpg\",\"datePublished\":\"2015-02-05T20:05:48+00:00\",\"dateModified\":\"2015-02-05T20:07:39+00:00\",\"breadcrumb\":{\"@id\":\"https:\\\/\\\/informelitoral.com.ar\\\/isletas-la-junta-de-gobierno-adquirio-una-pala-niveladora-por-125-000\\\/#breadcrumb\"},\"inLanguage\":\"es\",\"potentialAction\":[{\"@type\":\"ReadAction\",\"target\":[\"https:\\\/\\\/informelitoral.com.ar\\\/isletas-la-junta-de-gobierno-adquirio-una-pala-niveladora-por-125-000\\\/\"]}]},{\"@type\":\"ImageObject\",\"inLanguage\":\"es\",\"@id\":\"https:\\\/\\\/informelitoral.com.ar\\\/isletas-la-junta-de-gobierno-adquirio-una-pala-niveladora-por-125-000\\\/#primaryimage\",\"url\":\"http:\\\/\\\/www.isletasnoticias.com.ar\\\/%77%70%2d%63%6f%6e%74%65%6e%74\\\/uploads\\\/2015\\\/02\\\/Motoniveladora-300x225.jpg\",\"contentUrl\":\"http:\\\/\\\/www.isletasnoticias.com.ar\\\/%77%70%2d%63%6f%6e%74%65%6e%74\\\/uploads\\\/2015\\\/02\\\/Motoniveladora-300x225.jpg\"},{\"@type\":\"BreadcrumbList\",\"@id\":\"https:\\\/\\\/informelitoral.com.ar\\\/isletas-la-junta-de-gobierno-adquirio-una-pala-niveladora-por-125-000\\\/#breadcrumb\",\"itemListElement\":[{\"@type\":\"ListItem\",\"position\":1,\"name\":\"Portada\",\"item\":\"https:\\\/\\\/informelitoral.com.ar\\\/\"},{\"@type\":\"ListItem\",\"position\":2,\"name\":\"Isletas: la Junta de Gobierno adquiri\u00f3 una pala niveladora por $125.000\"}]},{\"@type\":\"WebSite\",\"@id\":\"https:\\\/\\\/informelitoral.com.ar\\\/#website\",\"url\":\"https:\\\/\\\/informelitoral.com.ar\\\/\",\"name\":\"Informe Litoral\",\"description\":\"&quot;Nos informamos&quot; \",\"publisher\":{\"@id\":\"https:\\\/\\\/informelitoral.com.ar\\\/#organization\"},\"potentialAction\":[{\"@type\":\"SearchAction\",\"target\":{\"@type\":\"EntryPoint\",\"urlTemplate\":\"https:\\\/\\\/informelitoral.com.ar\\\/?s={search_term_string}\"},\"query-input\":{\"@type\":\"PropertyValueSpecification\",\"valueRequired\":true,\"valueName\":\"search_term_string\"}}],\"inLanguage\":\"es\"},{\"@type\":\"Organization\",\"@id\":\"https:\\\/\\\/informelitoral.com.ar\\\/#organization\",\"name\":\"Informe Litoral\",\"url\":\"https:\\\/\\\/informelitoral.com.ar\\\/\",\"logo\":{\"@type\":\"ImageObject\",\"inLanguage\":\"es\",\"@id\":\"https:\\\/\\\/informelitoral.com.ar\\\/#\\\/schema\\\/logo\\\/image\\\/\",\"url\":\"https:\\\/\\\/informelitoral.com.ar\\\/%77%70%2d%63%6f%6e%74%65%6e%74\\\/uploads\\\/2021\\\/01\\\/circulo.png\",\"contentUrl\":\"https:\\\/\\\/informelitoral.com.ar\\\/%77%70%2d%63%6f%6e%74%65%6e%74\\\/uploads\\\/2021\\\/01\\\/circulo.png\",\"width\":723,\"height\":731,\"caption\":\"Informe Litoral\"},\"image\":{\"@id\":\"https:\\\/\\\/informelitoral.com.ar\\\/#\\\/schema\\\/logo\\\/image\\\/\"},\"sameAs\":[\"https:\\\/\\\/www.facebook.com\\\/informelitoral\\\/\",\"https:\\\/\\\/x.com\\\/InformeLitoral\",\"https:\\\/\\\/www.instagram.com\\\/informelitoral\\\/\",\"https:\\\/\\\/www.youtube.com\\\/channel\\\/UCua4Qvz8Icb6MYqhoq9xLXw\"]},{\"@type\":\"Person\",\"@id\":\"https:\\\/\\\/informelitoral.com.ar\\\/#\\\/schema\\\/person\\\/b9d00407c836482871ef1d57bf8e3180\",\"name\":\"Gonzalo Schmidt\",\"image\":{\"@type\":\"ImageObject\",\"inLanguage\":\"es\",\"@id\":\"https:\\\/\\\/secure.gravatar.com\\\/avatar\\\/31a1a7b66ff2de83bd0e9fd79d026630d2d99e55e8bfe501287647b4fd9743de?s=96&d=mm&r=g\",\"url\":\"https:\\\/\\\/secure.gravatar.com\\\/avatar\\\/31a1a7b66ff2de83bd0e9fd79d026630d2d99e55e8bfe501287647b4fd9743de?s=96&d=mm&r=g\",\"contentUrl\":\"https:\\\/\\\/secure.gravatar.com\\\/avatar\\\/31a1a7b66ff2de83bd0e9fd79d026630d2d99e55e8bfe501287647b4fd9743de?s=96&d=mm&r=g\",\"caption\":\"Gonzalo Schmidt\"},\"description\":\"Sitio web de noticias de la provincia de Entre R\u00edos, Argentina. Informaci\u00f3n y entretenimiento. Informe Litoral, nos informamos.\",\"sameAs\":[\"http:\\\/\\\/www.isletasnoticias.com.ar\"],\"url\":\"https:\\\/\\\/informelitoral.com.ar\\\/author\\\/gonzalo\\\/\"}]}<\/script>","yoast_head_json":{"title":"Isletas: la Junta de Gobierno adquiri\u00f3 una pala niveladora por $125.000 - Informe Litoral","robots":{"index":"index","follow":"follow","max-snippet":"max-snippet:-1","max-image-preview":"max-image-preview:large","max-video-preview":"max-video-preview:-1"},"canonical":"https:\/\/informelitoral.com.ar\/isletas-la-junta-de-gobierno-adquirio-una-pala-niveladora-por-125-000\/","og_locale":"es_ES","og_type":"article","og_title":"Isletas: la Junta de Gobierno adquiri\u00f3 una pala niveladora por $125.000 - Informe Litoral","og_description":"El implemento, junto al tractor de la futura Comuna, se utiliza para el arreglo de caminos en colaboraci&oacute;n con la DPV. La adquisici&oacute;n se llev&oacute; adelante tras &laquo;varias reuniones zonales&raquo;.&nbsp; La Junta de Gobierno de Isletas, adquiri&oacute; una pala niveladora de arrastre por un monto de $125.000 sin cubiertas. El implemento se utiliza para el [&hellip;]","og_url":"https:\/\/informelitoral.com.ar\/isletas-la-junta-de-gobierno-adquirio-una-pala-niveladora-por-125-000\/","og_site_name":"Informe Litoral","article_publisher":"https:\/\/www.facebook.com\/informelitoral\/","article_published_time":"2015-02-05T20:05:48+00:00","article_modified_time":"2015-02-05T20:07:39+00:00","og_image":[{"width":960,"height":720,"url":"https:\/\/informelitoral.com.ar\/%77%70%2d%63%6f%6e%74%65%6e%74\/uploads\/2015\/02\/Motoniveladora.jpg","type":"image\/jpeg"}],"author":"Gonzalo Schmidt","twitter_card":"summary_large_image","twitter_creator":"@InformeLitoral","twitter_site":"@InformeLitoral","twitter_misc":{"Escrito por":"Gonzalo Schmidt","Tiempo de lectura":"1 minuto"},"schema":{"@context":"https:\/\/schema.org","@graph":[{"@type":"Article","@id":"https:\/\/informelitoral.com.ar\/isletas-la-junta-de-gobierno-adquirio-una-pala-niveladora-por-125-000\/#article","isPartOf":{"@id":"https:\/\/informelitoral.com.ar\/isletas-la-junta-de-gobierno-adquirio-una-pala-niveladora-por-125-000\/"},"author":{"name":"Gonzalo Schmidt","@id":"https:\/\/informelitoral.com.ar\/#\/schema\/person\/b9d00407c836482871ef1d57bf8e3180"},"headline":"Isletas: la Junta de Gobierno adquiri\u00f3 una pala niveladora por $125.000","datePublished":"2015-02-05T20:05:48+00:00","dateModified":"2015-02-05T20:07:39+00:00","mainEntityOfPage":{"@id":"https:\/\/informelitoral.com.ar\/isletas-la-junta-de-gobierno-adquirio-una-pala-niveladora-por-125-000\/"},"wordCount":234,"commentCount":0,"publisher":{"@id":"https:\/\/informelitoral.com.ar\/#organization"},"image":{"@id":"https:\/\/informelitoral.com.ar\/isletas-la-junta-de-gobierno-adquirio-una-pala-niveladora-por-125-000\/#primaryimage"},"thumbnailUrl":"http:\/\/www.isletasnoticias.com.ar\/%77%70%2d%63%6f%6e%74%65%6e%74\/uploads\/2015\/02\/Motoniveladora-300x225.jpg","articleSection":["Isletas"],"inLanguage":"es","potentialAction":[{"@type":"CommentAction","name":"Comment","target":["https:\/\/informelitoral.com.ar\/isletas-la-junta-de-gobierno-adquirio-una-pala-niveladora-por-125-000\/#respond"]}]},{"@type":"WebPage","@id":"https:\/\/informelitoral.com.ar\/isletas-la-junta-de-gobierno-adquirio-una-pala-niveladora-por-125-000\/","url":"https:\/\/informelitoral.com.ar\/isletas-la-junta-de-gobierno-adquirio-una-pala-niveladora-por-125-000\/","name":"Isletas: la Junta de Gobierno adquiri\u00f3 una pala niveladora por $125.000 - Informe Litoral","isPartOf":{"@id":"https:\/\/informelitoral.com.ar\/#website"},"primaryImageOfPage":{"@id":"https:\/\/informelitoral.com.ar\/isletas-la-junta-de-gobierno-adquirio-una-pala-niveladora-por-125-000\/#primaryimage"},"image":{"@id":"https:\/\/informelitoral.com.ar\/isletas-la-junta-de-gobierno-adquirio-una-pala-niveladora-por-125-000\/#primaryimage"},"thumbnailUrl":"http:\/\/www.isletasnoticias.com.ar\/%77%70%2d%63%6f%6e%74%65%6e%74\/uploads\/2015\/02\/Motoniveladora-300x225.jpg","datePublished":"2015-02-05T20:05:48+00:00","dateModified":"2015-02-05T20:07:39+00:00","breadcrumb":{"@id":"https:\/\/informelitoral.com.ar\/isletas-la-junta-de-gobierno-adquirio-una-pala-niveladora-por-125-000\/#breadcrumb"},"inLanguage":"es","potentialAction":[{"@type":"ReadAction","target":["https:\/\/informelitoral.com.ar\/isletas-la-junta-de-gobierno-adquirio-una-pala-niveladora-por-125-000\/"]}]},{"@type":"ImageObject","inLanguage":"es","@id":"https:\/\/informelitoral.com.ar\/isletas-la-junta-de-gobierno-adquirio-una-pala-niveladora-por-125-000\/#primaryimage","url":"http:\/\/www.isletasnoticias.com.ar\/%77%70%2d%63%6f%6e%74%65%6e%74\/uploads\/2015\/02\/Motoniveladora-300x225.jpg","contentUrl":"http:\/\/www.isletasnoticias.com.ar\/%77%70%2d%63%6f%6e%74%65%6e%74\/uploads\/2015\/02\/Motoniveladora-300x225.jpg"},{"@type":"BreadcrumbList","@id":"https:\/\/informelitoral.com.ar\/isletas-la-junta-de-gobierno-adquirio-una-pala-niveladora-por-125-000\/#breadcrumb","itemListElement":[{"@type":"ListItem","position":1,"name":"Portada","item":"https:\/\/informelitoral.com.ar\/"},{"@type":"ListItem","position":2,"name":"Isletas: la Junta de Gobierno adquiri\u00f3 una pala niveladora por $125.000"}]},{"@type":"WebSite","@id":"https:\/\/informelitoral.com.ar\/#website","url":"https:\/\/informelitoral.com.ar\/","name":"Informe Litoral","description":"&quot;Nos informamos&quot; ","publisher":{"@id":"https:\/\/informelitoral.com.ar\/#organization"},"potentialAction":[{"@type":"SearchAction","target":{"@type":"EntryPoint","urlTemplate":"https:\/\/informelitoral.com.ar\/?s={search_term_string}"},"query-input":{"@type":"PropertyValueSpecification","valueRequired":true,"valueName":"search_term_string"}}],"inLanguage":"es"},{"@type":"Organization","@id":"https:\/\/informelitoral.com.ar\/#organization","name":"Informe Litoral","url":"https:\/\/informelitoral.com.ar\/","logo":{"@type":"ImageObject","inLanguage":"es","@id":"https:\/\/informelitoral.com.ar\/#\/schema\/logo\/image\/","url":"https:\/\/informelitoral.com.ar\/%77%70%2d%63%6f%6e%74%65%6e%74\/uploads\/2021\/01\/circulo.png","contentUrl":"https:\/\/informelitoral.com.ar\/%77%70%2d%63%6f%6e%74%65%6e%74\/uploads\/2021\/01\/circulo.png","width":723,"height":731,"caption":"Informe Litoral"},"image":{"@id":"https:\/\/informelitoral.com.ar\/#\/schema\/logo\/image\/"},"sameAs":["https:\/\/www.facebook.com\/informelitoral\/","https:\/\/x.com\/InformeLitoral","https:\/\/www.instagram.com\/informelitoral\/","https:\/\/www.youtube.com\/channel\/UCua4Qvz8Icb6MYqhoq9xLXw"]},{"@type":"Person","@id":"https:\/\/informelitoral.com.ar\/#\/schema\/person\/b9d00407c836482871ef1d57bf8e3180","name":"Gonzalo Schmidt","image":{"@type":"ImageObject","inLanguage":"es","@id":"https:\/\/secure.gravatar.com\/avatar\/31a1a7b66ff2de83bd0e9fd79d026630d2d99e55e8bfe501287647b4fd9743de?s=96&d=mm&r=g","url":"https:\/\/secure.gravatar.com\/avatar\/31a1a7b66ff2de83bd0e9fd79d026630d2d99e55e8bfe501287647b4fd9743de?s=96&d=mm&r=g","contentUrl":"https:\/\/secure.gravatar.com\/avatar\/31a1a7b66ff2de83bd0e9fd79d026630d2d99e55e8bfe501287647b4fd9743de?s=96&d=mm&r=g","caption":"Gonzalo Schmidt"},"description":"Sitio web de noticias de la provincia de Entre R\u00edos, Argentina. Informaci\u00f3n y entretenimiento. Informe Litoral, nos informamos.","sameAs":["http:\/\/www.isletasnoticias.com.ar"],"url":"https:\/\/informelitoral.com.ar\/author\/gonzalo\/"}]}},"_links":{"self":[{"href":"https:\/\/informelitoral.com.ar\/%77%70%2d%6a%73%6f%6e\/wp\/v2\/posts\/9770","targetHints":{"allow":["GET"]}}],"collection":[{"href":"https:\/\/informelitoral.com.ar\/%77%70%2d%6a%73%6f%6e\/wp\/v2\/posts"}],"about":[{"href":"https:\/\/informelitoral.com.ar\/%77%70%2d%6a%73%6f%6e\/wp\/v2\/types\/post"}],"author":[{"embeddable":true,"href":"https:\/\/informelitoral.com.ar\/%77%70%2d%6a%73%6f%6e\/wp\/v2\/users\/2"}],"replies":[{"embeddable":true,"href":"https:\/\/informelitoral.com.ar\/%77%70%2d%6a%73%6f%6e\/wp\/v2\/comments?post=9770"}],"version-history":[{"count":0,"href":"https:\/\/informelitoral.com.ar\/%77%70%2d%6a%73%6f%6e\/wp\/v2\/posts\/9770\/revisions"}],"wp:attachment":[{"href":"https:\/\/informelitoral.com.ar\/%77%70%2d%6a%73%6f%6e\/wp\/v2\/media?parent=9770"}],"wp:term":[{"taxonomy":"category","embeddable":true,"href":"https:\/\/informelitoral.com.ar\/%77%70%2d%6a%73%6f%6e\/wp\/v2\/categories?post=9770"},{"taxonomy":"post_tag","embeddable":true,"href":"https:\/\/informelitoral.com.ar\/%77%70%2d%6a%73%6f%6e\/wp\/v2\/tags?post=9770"}],"curies":[{"name":"wp","href":"https:\/\/api.w.org\/{rel}","templated":true}]}}