{"id":9711,"date":"2015-02-02T10:56:50","date_gmt":"2015-02-02T13:56:50","guid":{"rendered":"http:\/\/www.isletasnoticias.com.ar\/?p=9711"},"modified":"2015-02-02T10:56:50","modified_gmt":"2015-02-02T13:56:50","slug":"un-fuerte-sismo-de-6-2o-sacudio-a-san-juan-y-se-sintio-en-varias-provincias","status":"publish","type":"post","link":"https:\/\/informelitoral.com.ar\/un-fuerte-sismo-de-6-2o-sacudio-a-san-juan-y-se-sintio-en-varias-provincias\/","title":{"rendered":"Un fuerte sismo de 6.2\u00ba sacudi\u00f3 a San Juan y se sinti\u00f3 en varias provincias"},"content":{"rendered":"<p class=\"first\"><strong>El movimiento tel\u00farico se registr\u00f3 a las 7.49. El epicentro fue en San Luis, pero se sinti\u00f3 tambi\u00e9n en San Juan y Mendoza. Tuvo una profundidad de 194 kil\u00f3metros con una duraci\u00f3n de 20 segundos, aproximadamente.<a href=\"http:\/\/www.isletasnoticias.com.ar\/%77%70%2d%63%6f%6e%74%65%6e%74\/uploads\/2015\/02\/Sismo.jpg_2069580699.jpg\"><img loading=\"lazy\" decoding=\"async\" class=\"aligncenter size-medium wp-image-9712\" src=\"http:\/\/www.isletasnoticias.com.ar\/%77%70%2d%63%6f%6e%74%65%6e%74\/uploads\/2015\/02\/Sismo.jpg_2069580699-300x200.jpg\" alt=\"Sismo.jpg_2069580699\" width=\"300\" height=\"200\" srcset=\"https:\/\/informelitoral.com.ar\/%77%70%2d%63%6f%6e%74%65%6e%74\/uploads\/2015\/02\/Sismo.jpg_2069580699-300x200.jpg 300w, https:\/\/informelitoral.com.ar\/%77%70%2d%63%6f%6e%74%65%6e%74\/uploads\/2015\/02\/Sismo.jpg_2069580699.jpg 761w\" sizes=\"auto, (max-width: 300px) 100vw, 300px\" \/><\/a><\/strong><\/p>\n<p class=\"first\">Un sismo de 6.2\u00ba de magnitud sacudi\u00f3 a la provincia, a las 7.49 del lunes. El epicentro fue a 102 kil\u00f3metros al noroeste de San Luis, 160 al noreste de Mendoza, 170 kil\u00f3metro al sureste de San Juan. Lo m\u00e1s impactante fue la profundidad de 140 kil\u00f3metro. La intensidad del sismo fue de V a VI en las ciudades de San Luis y San Juan y el grado V (cinco) en la ciudad de Mendoza.<\/p>\n<p>El movimiento tel\u00farico se sinti\u00f3 en varias provincias del pa\u00eds y en cuatro regiones de Chile, reprodujo<em> UNO<\/em>.<\/p>\n<p>Otro de los datos que llamaron la atenci\u00f3n fue la duraci\u00f3n del temblor, ya que se sinti\u00f3 por unos 20 segundos aproximadamente.<\/p>\n<p>Desde el INPRES informaron que el sismo se produjo por el contacto entre Placa de Nazca y la Placa Sudamericana.<\/p>\n","protected":false},"excerpt":{"rendered":"<p>El movimiento tel&uacute;rico se registr&oacute; a las 7.49. El epicentro fue en San Luis, pero se sinti&oacute; tambi&eacute;n en San Juan y Mendoza. Tuvo una profundidad de 194 kil&oacute;metros con una duraci&oacute;n de 20 segundos, aproximadamente. Un sismo de 6.2&ordm; de magnitud sacudi&oacute; a la provincia, a las 7.49 del lunes. El epicentro fue a [&hellip;]<\/p>\n","protected":false},"author":2,"featured_media":0,"comment_status":"open","ping_status":"open","sticky":false,"template":"","format":"standard","meta":{"fifu_image_url":"","fifu_image_alt":"","footnotes":""},"categories":[7],"tags":[],"class_list":{"0":"post-9711","1":"post","2":"type-post","3":"status-publish","4":"format-standard","6":"category-nacionales"},"yoast_head":"<title>Un fuerte sismo de 6.2\u00ba sacudi\u00f3 a San Juan y se sinti\u00f3 en varias provincias - Informe Litoral<\/title>\n<meta name=\"robots\" content=\"index, follow, max-snippet:-1, max-image-preview:large, max-video-preview:-1\" \/>\n<link rel=\"canonical\" href=\"https:\/\/informelitoral.com.ar\/un-fuerte-sismo-de-6-2o-sacudio-a-san-juan-y-se-sintio-en-varias-provincias\/\" \/>\n<meta property=\"og:locale\" content=\"es_ES\" \/>\n<meta property=\"og:type\" content=\"article\" \/>\n<meta property=\"og:title\" content=\"Un fuerte sismo de 6.2\u00ba sacudi\u00f3 a San Juan y se sinti\u00f3 en varias provincias - Informe Litoral\" \/>\n<meta property=\"og:description\" content=\"El movimiento tel&uacute;rico se registr&oacute; a las 7.49. El epicentro fue en San Luis, pero se sinti&oacute; tambi&eacute;n en San Juan y Mendoza. Tuvo una profundidad de 194 kil&oacute;metros con una duraci&oacute;n de 20 segundos, aproximadamente. Un sismo de 6.2&ordm; de magnitud sacudi&oacute; a la provincia, a las 7.49 del lunes. El epicentro fue a [&hellip;]\" \/>\n<meta property=\"og:url\" content=\"https:\/\/informelitoral.com.ar\/un-fuerte-sismo-de-6-2o-sacudio-a-san-juan-y-se-sintio-en-varias-provincias\/\" \/>\n<meta property=\"og:site_name\" content=\"Informe Litoral\" \/>\n<meta property=\"article:publisher\" content=\"https:\/\/www.facebook.com\/informelitoral\/\" \/>\n<meta property=\"article:published_time\" content=\"2015-02-02T13:56:50+00:00\" \/>\n<meta property=\"og:image\" content=\"https:\/\/informelitoral.com.ar\/%77%70%2d%63%6f%6e%74%65%6e%74\/uploads\/2015\/02\/Sismo.jpg_2069580699.jpg\" \/>\n\t<meta property=\"og:image:width\" content=\"761\" \/>\n\t<meta property=\"og:image:height\" content=\"507\" \/>\n\t<meta property=\"og:image:type\" content=\"image\/jpeg\" \/>\n<meta name=\"author\" content=\"Gonzalo Schmidt\" \/>\n<meta name=\"twitter:card\" content=\"summary_large_image\" \/>\n<meta name=\"twitter:creator\" content=\"@InformeLitoral\" \/>\n<meta name=\"twitter:site\" content=\"@InformeLitoral\" \/>\n<meta name=\"twitter:label1\" content=\"Escrito por\" \/>\n\t<meta name=\"twitter:data1\" content=\"Gonzalo Schmidt\" \/>\n\t<meta name=\"twitter:label2\" content=\"Tiempo de lectura\" \/>\n\t<meta name=\"twitter:data2\" content=\"1 minuto\" \/>\n<script type=\"application\/ld+json\" class=\"yoast-schema-graph\">{\"@context\":\"https:\\\/\\\/schema.org\",\"@graph\":[{\"@type\":\"Article\",\"@id\":\"https:\\\/\\\/informelitoral.com.ar\\\/un-fuerte-sismo-de-6-2o-sacudio-a-san-juan-y-se-sintio-en-varias-provincias\\\/#article\",\"isPartOf\":{\"@id\":\"https:\\\/\\\/informelitoral.com.ar\\\/un-fuerte-sismo-de-6-2o-sacudio-a-san-juan-y-se-sintio-en-varias-provincias\\\/\"},\"author\":{\"name\":\"Gonzalo Schmidt\",\"@id\":\"https:\\\/\\\/informelitoral.com.ar\\\/#\\\/schema\\\/person\\\/b9d00407c836482871ef1d57bf8e3180\"},\"headline\":\"Un fuerte sismo de 6.2\u00ba sacudi\u00f3 a San Juan y se sinti\u00f3 en varias provincias\",\"datePublished\":\"2015-02-02T13:56:50+00:00\",\"mainEntityOfPage\":{\"@id\":\"https:\\\/\\\/informelitoral.com.ar\\\/un-fuerte-sismo-de-6-2o-sacudio-a-san-juan-y-se-sintio-en-varias-provincias\\\/\"},\"wordCount\":187,\"commentCount\":0,\"publisher\":{\"@id\":\"https:\\\/\\\/informelitoral.com.ar\\\/#organization\"},\"image\":{\"@id\":\"https:\\\/\\\/informelitoral.com.ar\\\/un-fuerte-sismo-de-6-2o-sacudio-a-san-juan-y-se-sintio-en-varias-provincias\\\/#primaryimage\"},\"thumbnailUrl\":\"http:\\\/\\\/www.isletasnoticias.com.ar\\\/%77%70%2d%63%6f%6e%74%65%6e%74\\\/uploads\\\/2015\\\/02\\\/Sismo.jpg_2069580699-300x200.jpg\",\"articleSection\":[\"Nacionales\"],\"inLanguage\":\"es\",\"potentialAction\":[{\"@type\":\"CommentAction\",\"name\":\"Comment\",\"target\":[\"https:\\\/\\\/informelitoral.com.ar\\\/un-fuerte-sismo-de-6-2o-sacudio-a-san-juan-y-se-sintio-en-varias-provincias\\\/#respond\"]}]},{\"@type\":\"WebPage\",\"@id\":\"https:\\\/\\\/informelitoral.com.ar\\\/un-fuerte-sismo-de-6-2o-sacudio-a-san-juan-y-se-sintio-en-varias-provincias\\\/\",\"url\":\"https:\\\/\\\/informelitoral.com.ar\\\/un-fuerte-sismo-de-6-2o-sacudio-a-san-juan-y-se-sintio-en-varias-provincias\\\/\",\"name\":\"Un fuerte sismo de 6.2\u00ba sacudi\u00f3 a San Juan y se sinti\u00f3 en varias provincias - Informe Litoral\",\"isPartOf\":{\"@id\":\"https:\\\/\\\/informelitoral.com.ar\\\/#website\"},\"primaryImageOfPage\":{\"@id\":\"https:\\\/\\\/informelitoral.com.ar\\\/un-fuerte-sismo-de-6-2o-sacudio-a-san-juan-y-se-sintio-en-varias-provincias\\\/#primaryimage\"},\"image\":{\"@id\":\"https:\\\/\\\/informelitoral.com.ar\\\/un-fuerte-sismo-de-6-2o-sacudio-a-san-juan-y-se-sintio-en-varias-provincias\\\/#primaryimage\"},\"thumbnailUrl\":\"http:\\\/\\\/www.isletasnoticias.com.ar\\\/%77%70%2d%63%6f%6e%74%65%6e%74\\\/uploads\\\/2015\\\/02\\\/Sismo.jpg_2069580699-300x200.jpg\",\"datePublished\":\"2015-02-02T13:56:50+00:00\",\"breadcrumb\":{\"@id\":\"https:\\\/\\\/informelitoral.com.ar\\\/un-fuerte-sismo-de-6-2o-sacudio-a-san-juan-y-se-sintio-en-varias-provincias\\\/#breadcrumb\"},\"inLanguage\":\"es\",\"potentialAction\":[{\"@type\":\"ReadAction\",\"target\":[\"https:\\\/\\\/informelitoral.com.ar\\\/un-fuerte-sismo-de-6-2o-sacudio-a-san-juan-y-se-sintio-en-varias-provincias\\\/\"]}]},{\"@type\":\"ImageObject\",\"inLanguage\":\"es\",\"@id\":\"https:\\\/\\\/informelitoral.com.ar\\\/un-fuerte-sismo-de-6-2o-sacudio-a-san-juan-y-se-sintio-en-varias-provincias\\\/#primaryimage\",\"url\":\"http:\\\/\\\/www.isletasnoticias.com.ar\\\/%77%70%2d%63%6f%6e%74%65%6e%74\\\/uploads\\\/2015\\\/02\\\/Sismo.jpg_2069580699-300x200.jpg\",\"contentUrl\":\"http:\\\/\\\/www.isletasnoticias.com.ar\\\/%77%70%2d%63%6f%6e%74%65%6e%74\\\/uploads\\\/2015\\\/02\\\/Sismo.jpg_2069580699-300x200.jpg\"},{\"@type\":\"BreadcrumbList\",\"@id\":\"https:\\\/\\\/informelitoral.com.ar\\\/un-fuerte-sismo-de-6-2o-sacudio-a-san-juan-y-se-sintio-en-varias-provincias\\\/#breadcrumb\",\"itemListElement\":[{\"@type\":\"ListItem\",\"position\":1,\"name\":\"Portada\",\"item\":\"https:\\\/\\\/informelitoral.com.ar\\\/\"},{\"@type\":\"ListItem\",\"position\":2,\"name\":\"Un fuerte sismo de 6.2\u00ba sacudi\u00f3 a San Juan y se sinti\u00f3 en varias provincias\"}]},{\"@type\":\"WebSite\",\"@id\":\"https:\\\/\\\/informelitoral.com.ar\\\/#website\",\"url\":\"https:\\\/\\\/informelitoral.com.ar\\\/\",\"name\":\"Informe Litoral\",\"description\":\"&quot;Nos informamos&quot; \",\"publisher\":{\"@id\":\"https:\\\/\\\/informelitoral.com.ar\\\/#organization\"},\"potentialAction\":[{\"@type\":\"SearchAction\",\"target\":{\"@type\":\"EntryPoint\",\"urlTemplate\":\"https:\\\/\\\/informelitoral.com.ar\\\/?s={search_term_string}\"},\"query-input\":{\"@type\":\"PropertyValueSpecification\",\"valueRequired\":true,\"valueName\":\"search_term_string\"}}],\"inLanguage\":\"es\"},{\"@type\":\"Organization\",\"@id\":\"https:\\\/\\\/informelitoral.com.ar\\\/#organization\",\"name\":\"Informe Litoral\",\"url\":\"https:\\\/\\\/informelitoral.com.ar\\\/\",\"logo\":{\"@type\":\"ImageObject\",\"inLanguage\":\"es\",\"@id\":\"https:\\\/\\\/informelitoral.com.ar\\\/#\\\/schema\\\/logo\\\/image\\\/\",\"url\":\"https:\\\/\\\/informelitoral.com.ar\\\/%77%70%2d%63%6f%6e%74%65%6e%74\\\/uploads\\\/2021\\\/01\\\/circulo.png\",\"contentUrl\":\"https:\\\/\\\/informelitoral.com.ar\\\/%77%70%2d%63%6f%6e%74%65%6e%74\\\/uploads\\\/2021\\\/01\\\/circulo.png\",\"width\":723,\"height\":731,\"caption\":\"Informe Litoral\"},\"image\":{\"@id\":\"https:\\\/\\\/informelitoral.com.ar\\\/#\\\/schema\\\/logo\\\/image\\\/\"},\"sameAs\":[\"https:\\\/\\\/www.facebook.com\\\/informelitoral\\\/\",\"https:\\\/\\\/x.com\\\/InformeLitoral\",\"https:\\\/\\\/www.instagram.com\\\/informelitoral\\\/\",\"https:\\\/\\\/www.youtube.com\\\/channel\\\/UCua4Qvz8Icb6MYqhoq9xLXw\"]},{\"@type\":\"Person\",\"@id\":\"https:\\\/\\\/informelitoral.com.ar\\\/#\\\/schema\\\/person\\\/b9d00407c836482871ef1d57bf8e3180\",\"name\":\"Gonzalo Schmidt\",\"image\":{\"@type\":\"ImageObject\",\"inLanguage\":\"es\",\"@id\":\"https:\\\/\\\/secure.gravatar.com\\\/avatar\\\/31a1a7b66ff2de83bd0e9fd79d026630d2d99e55e8bfe501287647b4fd9743de?s=96&d=mm&r=g\",\"url\":\"https:\\\/\\\/secure.gravatar.com\\\/avatar\\\/31a1a7b66ff2de83bd0e9fd79d026630d2d99e55e8bfe501287647b4fd9743de?s=96&d=mm&r=g\",\"contentUrl\":\"https:\\\/\\\/secure.gravatar.com\\\/avatar\\\/31a1a7b66ff2de83bd0e9fd79d026630d2d99e55e8bfe501287647b4fd9743de?s=96&d=mm&r=g\",\"caption\":\"Gonzalo Schmidt\"},\"description\":\"Sitio web de noticias de la provincia de Entre R\u00edos, Argentina. Informaci\u00f3n y entretenimiento. Informe Litoral, nos informamos.\",\"sameAs\":[\"http:\\\/\\\/www.isletasnoticias.com.ar\"],\"url\":\"https:\\\/\\\/informelitoral.com.ar\\\/author\\\/gonzalo\\\/\"}]}<\/script>","yoast_head_json":{"title":"Un fuerte sismo de 6.2\u00ba sacudi\u00f3 a San Juan y se sinti\u00f3 en varias provincias - Informe Litoral","robots":{"index":"index","follow":"follow","max-snippet":"max-snippet:-1","max-image-preview":"max-image-preview:large","max-video-preview":"max-video-preview:-1"},"canonical":"https:\/\/informelitoral.com.ar\/un-fuerte-sismo-de-6-2o-sacudio-a-san-juan-y-se-sintio-en-varias-provincias\/","og_locale":"es_ES","og_type":"article","og_title":"Un fuerte sismo de 6.2\u00ba sacudi\u00f3 a San Juan y se sinti\u00f3 en varias provincias - Informe Litoral","og_description":"El movimiento tel&uacute;rico se registr&oacute; a las 7.49. El epicentro fue en San Luis, pero se sinti&oacute; tambi&eacute;n en San Juan y Mendoza. Tuvo una profundidad de 194 kil&oacute;metros con una duraci&oacute;n de 20 segundos, aproximadamente. Un sismo de 6.2&ordm; de magnitud sacudi&oacute; a la provincia, a las 7.49 del lunes. El epicentro fue a [&hellip;]","og_url":"https:\/\/informelitoral.com.ar\/un-fuerte-sismo-de-6-2o-sacudio-a-san-juan-y-se-sintio-en-varias-provincias\/","og_site_name":"Informe Litoral","article_publisher":"https:\/\/www.facebook.com\/informelitoral\/","article_published_time":"2015-02-02T13:56:50+00:00","og_image":[{"width":761,"height":507,"url":"https:\/\/informelitoral.com.ar\/%77%70%2d%63%6f%6e%74%65%6e%74\/uploads\/2015\/02\/Sismo.jpg_2069580699.jpg","type":"image\/jpeg"}],"author":"Gonzalo Schmidt","twitter_card":"summary_large_image","twitter_creator":"@InformeLitoral","twitter_site":"@InformeLitoral","twitter_misc":{"Escrito por":"Gonzalo Schmidt","Tiempo de lectura":"1 minuto"},"schema":{"@context":"https:\/\/schema.org","@graph":[{"@type":"Article","@id":"https:\/\/informelitoral.com.ar\/un-fuerte-sismo-de-6-2o-sacudio-a-san-juan-y-se-sintio-en-varias-provincias\/#article","isPartOf":{"@id":"https:\/\/informelitoral.com.ar\/un-fuerte-sismo-de-6-2o-sacudio-a-san-juan-y-se-sintio-en-varias-provincias\/"},"author":{"name":"Gonzalo Schmidt","@id":"https:\/\/informelitoral.com.ar\/#\/schema\/person\/b9d00407c836482871ef1d57bf8e3180"},"headline":"Un fuerte sismo de 6.2\u00ba sacudi\u00f3 a San Juan y se sinti\u00f3 en varias provincias","datePublished":"2015-02-02T13:56:50+00:00","mainEntityOfPage":{"@id":"https:\/\/informelitoral.com.ar\/un-fuerte-sismo-de-6-2o-sacudio-a-san-juan-y-se-sintio-en-varias-provincias\/"},"wordCount":187,"commentCount":0,"publisher":{"@id":"https:\/\/informelitoral.com.ar\/#organization"},"image":{"@id":"https:\/\/informelitoral.com.ar\/un-fuerte-sismo-de-6-2o-sacudio-a-san-juan-y-se-sintio-en-varias-provincias\/#primaryimage"},"thumbnailUrl":"http:\/\/www.isletasnoticias.com.ar\/%77%70%2d%63%6f%6e%74%65%6e%74\/uploads\/2015\/02\/Sismo.jpg_2069580699-300x200.jpg","articleSection":["Nacionales"],"inLanguage":"es","potentialAction":[{"@type":"CommentAction","name":"Comment","target":["https:\/\/informelitoral.com.ar\/un-fuerte-sismo-de-6-2o-sacudio-a-san-juan-y-se-sintio-en-varias-provincias\/#respond"]}]},{"@type":"WebPage","@id":"https:\/\/informelitoral.com.ar\/un-fuerte-sismo-de-6-2o-sacudio-a-san-juan-y-se-sintio-en-varias-provincias\/","url":"https:\/\/informelitoral.com.ar\/un-fuerte-sismo-de-6-2o-sacudio-a-san-juan-y-se-sintio-en-varias-provincias\/","name":"Un fuerte sismo de 6.2\u00ba sacudi\u00f3 a San Juan y se sinti\u00f3 en varias provincias - Informe Litoral","isPartOf":{"@id":"https:\/\/informelitoral.com.ar\/#website"},"primaryImageOfPage":{"@id":"https:\/\/informelitoral.com.ar\/un-fuerte-sismo-de-6-2o-sacudio-a-san-juan-y-se-sintio-en-varias-provincias\/#primaryimage"},"image":{"@id":"https:\/\/informelitoral.com.ar\/un-fuerte-sismo-de-6-2o-sacudio-a-san-juan-y-se-sintio-en-varias-provincias\/#primaryimage"},"thumbnailUrl":"http:\/\/www.isletasnoticias.com.ar\/%77%70%2d%63%6f%6e%74%65%6e%74\/uploads\/2015\/02\/Sismo.jpg_2069580699-300x200.jpg","datePublished":"2015-02-02T13:56:50+00:00","breadcrumb":{"@id":"https:\/\/informelitoral.com.ar\/un-fuerte-sismo-de-6-2o-sacudio-a-san-juan-y-se-sintio-en-varias-provincias\/#breadcrumb"},"inLanguage":"es","potentialAction":[{"@type":"ReadAction","target":["https:\/\/informelitoral.com.ar\/un-fuerte-sismo-de-6-2o-sacudio-a-san-juan-y-se-sintio-en-varias-provincias\/"]}]},{"@type":"ImageObject","inLanguage":"es","@id":"https:\/\/informelitoral.com.ar\/un-fuerte-sismo-de-6-2o-sacudio-a-san-juan-y-se-sintio-en-varias-provincias\/#primaryimage","url":"http:\/\/www.isletasnoticias.com.ar\/%77%70%2d%63%6f%6e%74%65%6e%74\/uploads\/2015\/02\/Sismo.jpg_2069580699-300x200.jpg","contentUrl":"http:\/\/www.isletasnoticias.com.ar\/%77%70%2d%63%6f%6e%74%65%6e%74\/uploads\/2015\/02\/Sismo.jpg_2069580699-300x200.jpg"},{"@type":"BreadcrumbList","@id":"https:\/\/informelitoral.com.ar\/un-fuerte-sismo-de-6-2o-sacudio-a-san-juan-y-se-sintio-en-varias-provincias\/#breadcrumb","itemListElement":[{"@type":"ListItem","position":1,"name":"Portada","item":"https:\/\/informelitoral.com.ar\/"},{"@type":"ListItem","position":2,"name":"Un fuerte sismo de 6.2\u00ba sacudi\u00f3 a San Juan y se sinti\u00f3 en varias provincias"}]},{"@type":"WebSite","@id":"https:\/\/informelitoral.com.ar\/#website","url":"https:\/\/informelitoral.com.ar\/","name":"Informe Litoral","description":"&quot;Nos informamos&quot; ","publisher":{"@id":"https:\/\/informelitoral.com.ar\/#organization"},"potentialAction":[{"@type":"SearchAction","target":{"@type":"EntryPoint","urlTemplate":"https:\/\/informelitoral.com.ar\/?s={search_term_string}"},"query-input":{"@type":"PropertyValueSpecification","valueRequired":true,"valueName":"search_term_string"}}],"inLanguage":"es"},{"@type":"Organization","@id":"https:\/\/informelitoral.com.ar\/#organization","name":"Informe Litoral","url":"https:\/\/informelitoral.com.ar\/","logo":{"@type":"ImageObject","inLanguage":"es","@id":"https:\/\/informelitoral.com.ar\/#\/schema\/logo\/image\/","url":"https:\/\/informelitoral.com.ar\/%77%70%2d%63%6f%6e%74%65%6e%74\/uploads\/2021\/01\/circulo.png","contentUrl":"https:\/\/informelitoral.com.ar\/%77%70%2d%63%6f%6e%74%65%6e%74\/uploads\/2021\/01\/circulo.png","width":723,"height":731,"caption":"Informe Litoral"},"image":{"@id":"https:\/\/informelitoral.com.ar\/#\/schema\/logo\/image\/"},"sameAs":["https:\/\/www.facebook.com\/informelitoral\/","https:\/\/x.com\/InformeLitoral","https:\/\/www.instagram.com\/informelitoral\/","https:\/\/www.youtube.com\/channel\/UCua4Qvz8Icb6MYqhoq9xLXw"]},{"@type":"Person","@id":"https:\/\/informelitoral.com.ar\/#\/schema\/person\/b9d00407c836482871ef1d57bf8e3180","name":"Gonzalo Schmidt","image":{"@type":"ImageObject","inLanguage":"es","@id":"https:\/\/secure.gravatar.com\/avatar\/31a1a7b66ff2de83bd0e9fd79d026630d2d99e55e8bfe501287647b4fd9743de?s=96&d=mm&r=g","url":"https:\/\/secure.gravatar.com\/avatar\/31a1a7b66ff2de83bd0e9fd79d026630d2d99e55e8bfe501287647b4fd9743de?s=96&d=mm&r=g","contentUrl":"https:\/\/secure.gravatar.com\/avatar\/31a1a7b66ff2de83bd0e9fd79d026630d2d99e55e8bfe501287647b4fd9743de?s=96&d=mm&r=g","caption":"Gonzalo Schmidt"},"description":"Sitio web de noticias de la provincia de Entre R\u00edos, Argentina. Informaci\u00f3n y entretenimiento. Informe Litoral, nos informamos.","sameAs":["http:\/\/www.isletasnoticias.com.ar"],"url":"https:\/\/informelitoral.com.ar\/author\/gonzalo\/"}]}},"_links":{"self":[{"href":"https:\/\/informelitoral.com.ar\/%77%70%2d%6a%73%6f%6e\/wp\/v2\/posts\/9711","targetHints":{"allow":["GET"]}}],"collection":[{"href":"https:\/\/informelitoral.com.ar\/%77%70%2d%6a%73%6f%6e\/wp\/v2\/posts"}],"about":[{"href":"https:\/\/informelitoral.com.ar\/%77%70%2d%6a%73%6f%6e\/wp\/v2\/types\/post"}],"author":[{"embeddable":true,"href":"https:\/\/informelitoral.com.ar\/%77%70%2d%6a%73%6f%6e\/wp\/v2\/users\/2"}],"replies":[{"embeddable":true,"href":"https:\/\/informelitoral.com.ar\/%77%70%2d%6a%73%6f%6e\/wp\/v2\/comments?post=9711"}],"version-history":[{"count":0,"href":"https:\/\/informelitoral.com.ar\/%77%70%2d%6a%73%6f%6e\/wp\/v2\/posts\/9711\/revisions"}],"wp:attachment":[{"href":"https:\/\/informelitoral.com.ar\/%77%70%2d%6a%73%6f%6e\/wp\/v2\/media?parent=9711"}],"wp:term":[{"taxonomy":"category","embeddable":true,"href":"https:\/\/informelitoral.com.ar\/%77%70%2d%6a%73%6f%6e\/wp\/v2\/categories?post=9711"},{"taxonomy":"post_tag","embeddable":true,"href":"https:\/\/informelitoral.com.ar\/%77%70%2d%6a%73%6f%6e\/wp\/v2\/tags?post=9711"}],"curies":[{"name":"wp","href":"https:\/\/api.w.org\/{rel}","templated":true}]}}