{"id":9695,"date":"2015-01-29T07:27:03","date_gmt":"2015-01-29T10:27:03","guid":{"rendered":"http:\/\/www.isletasnoticias.com.ar\/?p=9695"},"modified":"2015-01-29T07:27:03","modified_gmt":"2015-01-29T10:27:03","slug":"boca-derroto-a-velez-y-se-clasifico-a-la-fase-de-grupos-de-la-libertadores","status":"publish","type":"post","link":"https:\/\/informelitoral.com.ar\/boca-derroto-a-velez-y-se-clasifico-a-la-fase-de-grupos-de-la-libertadores\/","title":{"rendered":"Boca derrot\u00f3 a V\u00e9lez y se clasific\u00f3 a la fase de grupos de la Libertadores"},"content":{"rendered":"<p><strong>En Mar del Plata, le gan\u00f3 al Fort\u00edn 1 a 0 con el gol de Colazo. El Xeneize ingres\u00f3 directo a la Copa Libertadores 2015. Con la derrota, V\u00e9lez se qued\u00f3 afuera del certamen continental y Estudiantes ser\u00e1 quien juegue el repechaje.<a href=\"http:\/\/www.isletasnoticias.com.ar\/%77%70%2d%63%6f%6e%74%65%6e%74\/uploads\/2015\/01\/n_1422498792.jpg\"><img loading=\"lazy\" decoding=\"async\" class=\"aligncenter size-medium wp-image-9696\" src=\"http:\/\/www.isletasnoticias.com.ar\/%77%70%2d%63%6f%6e%74%65%6e%74\/uploads\/2015\/01\/n_1422498792-300x169.jpg\" alt=\"n_1422498792\" width=\"300\" height=\"169\" srcset=\"https:\/\/informelitoral.com.ar\/%77%70%2d%63%6f%6e%74%65%6e%74\/uploads\/2015\/01\/n_1422498792-300x169.jpg 300w, https:\/\/informelitoral.com.ar\/%77%70%2d%63%6f%6e%74%65%6e%74\/uploads\/2015\/01\/n_1422498792.jpg 640w\" sizes=\"auto, (max-width: 300px) 100vw, 300px\" \/><\/a><\/strong><\/p>\n<p>A pesar de la festejada victoria ante River, el gran objetivo de Boca en este verano era el acceso a la fase de grupos de la Copa Libertadores. Y lo consigui\u00f3. El equipo de Arruabarrena venci\u00f3 merecidamente a V\u00e9lez 1-0 en Mar del Plata en el pol\u00e9mico partido desempate y se qued\u00f3 con una plaza en el Grupo 5 del certamen continental.<\/p>\n<p>El Xeneize lo quiso m\u00e1s desde el principio, con la misma presi\u00f3n intensa que hizo caracter\u00edstica en estos primeros amistosos del a\u00f1o. Un equipo corto que no le dio respiro a V\u00e9lez en la salida y lo forz\u00f3 a buscar con pelotazos largos a sus dos grandotes de arriba.<\/p>\n<p>Los desbordes de Juan Manuel Mart\u00ednez por derecha y las trepadas de Federico Carrizo por izquierda se hicieron constantes desde el aguante de Jonathan Calleri por el medio. El centrodelantero fue clave para recibir y generar segundas jugadas desde su juego de espaldas. En cambio, el equipo de Russo apenas depend\u00eda de la habilidad de Yamil Asad, desequilibrante por la banda derecha.<\/p>\n<p>La diferencia lleg\u00f3 cuando Nicol\u00e1s Colazo sac\u00f3 un zurdazo de otro partido y dej\u00f3 en rid\u00edculo la estirada de Sebasti\u00e1n Sosa. El lateral aprovech\u00f3 un pase atr\u00e1s de Carrizo y su bombazo se clav\u00f3 en el segundo palo para hacer delirar a la multitud xeneize.<\/p>\n<p>El gol no vari\u00f3 la postura de ambos equipos. Boca sigui\u00f3 dominando y cada vez se hac\u00eda m\u00e1s due\u00f1o del juego. En la segunda parte, este V\u00e9lez que mostr\u00f3 poca rebeld\u00eda tuvo que adelantarse para buscar el empate. Fue solamente una postura, porque nunca inquiet\u00f3 seriamente a Orion, por falta de definici\u00f3n y por su liviandad en ataque.<\/p>\n<p>Boca parec\u00eda quedarse c\u00f3modamente con el triunfo, pero una irresponsabilidad del ingresado Ch\u00e1vez le complic\u00f3 parcialmente las cosas. Sin embargo, Delfino compens\u00f3 con una cuestionable roja al pibe Grillo y luego Somoza dej\u00f3 a V\u00e9lez con nueve. El final, desdibujado, mostr\u00f3 al Xeneize con aplomo qued\u00e1ndose con un premio que mereci\u00f3 en estos 90 minutos, y a V\u00e9lez sin reacci\u00f3n perdi\u00e9ndose lo que con justicia se hab\u00eda adjudicado en la temporada anterior.<\/p>\n<p>De este modo, el premio para Boca ser\u00e1 ingresar al Grupo 5 de la Copa Libertadores, donde deber\u00e1 enfrentar a Wanderers, de Uruguay, Zamora, de Venezuela, y al ganador del duelo entre Palestino, de Chile, y Nacional, de Uruguay. En tanto, Estudiantes se gan\u00f3 la chance de disputar el repechaje ante Independiente del Valle, de Ecuador, el 5 de febrero en Quito y una semana despu\u00e9s en La Plata. <em>(SuperDeportivo)<\/em><\/p>\n","protected":false},"excerpt":{"rendered":"<p>En Mar del Plata, le gan&oacute; al Fort&iacute;n 1 a 0 con el gol de Colazo. El Xeneize ingres&oacute; directo a la Copa Libertadores 2015. Con la derrota, V&eacute;lez se qued&oacute; afuera del certamen continental y Estudiantes ser&aacute; quien juegue el repechaje. A pesar de la festejada victoria ante River, el gran objetivo de Boca [&hellip;]<\/p>\n","protected":false},"author":2,"featured_media":0,"comment_status":"open","ping_status":"open","sticky":false,"template":"","format":"standard","meta":{"fifu_image_url":"","fifu_image_alt":"","footnotes":""},"categories":[13],"tags":[],"class_list":{"0":"post-9695","1":"post","2":"type-post","3":"status-publish","4":"format-standard","6":"category-deportes"},"yoast_head":"<title>Boca derrot\u00f3 a V\u00e9lez y se clasific\u00f3 a la fase de grupos de la Libertadores - Informe Litoral<\/title>\n<meta name=\"robots\" content=\"index, follow, max-snippet:-1, max-image-preview:large, max-video-preview:-1\" \/>\n<link rel=\"canonical\" href=\"https:\/\/informelitoral.com.ar\/boca-derroto-a-velez-y-se-clasifico-a-la-fase-de-grupos-de-la-libertadores\/\" \/>\n<meta property=\"og:locale\" content=\"es_ES\" \/>\n<meta property=\"og:type\" content=\"article\" \/>\n<meta property=\"og:title\" content=\"Boca derrot\u00f3 a V\u00e9lez y se clasific\u00f3 a la fase de grupos de la Libertadores - Informe Litoral\" \/>\n<meta property=\"og:description\" content=\"En Mar del Plata, le gan&oacute; al Fort&iacute;n 1 a 0 con el gol de Colazo. El Xeneize ingres&oacute; directo a la Copa Libertadores 2015. Con la derrota, V&eacute;lez se qued&oacute; afuera del certamen continental y Estudiantes ser&aacute; quien juegue el repechaje. A pesar de la festejada victoria ante River, el gran objetivo de Boca [&hellip;]\" \/>\n<meta property=\"og:url\" content=\"https:\/\/informelitoral.com.ar\/boca-derroto-a-velez-y-se-clasifico-a-la-fase-de-grupos-de-la-libertadores\/\" \/>\n<meta property=\"og:site_name\" content=\"Informe Litoral\" \/>\n<meta property=\"article:publisher\" content=\"https:\/\/www.facebook.com\/informelitoral\/\" \/>\n<meta property=\"article:published_time\" content=\"2015-01-29T10:27:03+00:00\" \/>\n<meta property=\"og:image\" content=\"https:\/\/informelitoral.com.ar\/%77%70%2d%63%6f%6e%74%65%6e%74\/uploads\/2015\/01\/n_1422498792.jpg\" \/>\n\t<meta property=\"og:image:width\" content=\"640\" \/>\n\t<meta property=\"og:image:height\" content=\"360\" \/>\n\t<meta property=\"og:image:type\" content=\"image\/jpeg\" \/>\n<meta name=\"author\" content=\"Gonzalo Schmidt\" \/>\n<meta name=\"twitter:card\" content=\"summary_large_image\" \/>\n<meta name=\"twitter:creator\" content=\"@InformeLitoral\" \/>\n<meta name=\"twitter:site\" content=\"@InformeLitoral\" \/>\n<meta name=\"twitter:label1\" content=\"Escrito por\" \/>\n\t<meta name=\"twitter:data1\" content=\"Gonzalo Schmidt\" \/>\n\t<meta name=\"twitter:label2\" content=\"Tiempo de lectura\" \/>\n\t<meta name=\"twitter:data2\" content=\"2 minutos\" \/>\n<script type=\"application\/ld+json\" class=\"yoast-schema-graph\">{\"@context\":\"https:\\\/\\\/schema.org\",\"@graph\":[{\"@type\":\"Article\",\"@id\":\"https:\\\/\\\/informelitoral.com.ar\\\/boca-derroto-a-velez-y-se-clasifico-a-la-fase-de-grupos-de-la-libertadores\\\/#article\",\"isPartOf\":{\"@id\":\"https:\\\/\\\/informelitoral.com.ar\\\/boca-derroto-a-velez-y-se-clasifico-a-la-fase-de-grupos-de-la-libertadores\\\/\"},\"author\":{\"name\":\"Gonzalo Schmidt\",\"@id\":\"https:\\\/\\\/informelitoral.com.ar\\\/#\\\/schema\\\/person\\\/b9d00407c836482871ef1d57bf8e3180\"},\"headline\":\"Boca derrot\u00f3 a V\u00e9lez y se clasific\u00f3 a la fase de grupos de la Libertadores\",\"datePublished\":\"2015-01-29T10:27:03+00:00\",\"mainEntityOfPage\":{\"@id\":\"https:\\\/\\\/informelitoral.com.ar\\\/boca-derroto-a-velez-y-se-clasifico-a-la-fase-de-grupos-de-la-libertadores\\\/\"},\"wordCount\":500,\"commentCount\":0,\"publisher\":{\"@id\":\"https:\\\/\\\/informelitoral.com.ar\\\/#organization\"},\"image\":{\"@id\":\"https:\\\/\\\/informelitoral.com.ar\\\/boca-derroto-a-velez-y-se-clasifico-a-la-fase-de-grupos-de-la-libertadores\\\/#primaryimage\"},\"thumbnailUrl\":\"http:\\\/\\\/www.isletasnoticias.com.ar\\\/%77%70%2d%63%6f%6e%74%65%6e%74\\\/uploads\\\/2015\\\/01\\\/n_1422498792-300x169.jpg\",\"articleSection\":[\"Deportes\"],\"inLanguage\":\"es\",\"potentialAction\":[{\"@type\":\"CommentAction\",\"name\":\"Comment\",\"target\":[\"https:\\\/\\\/informelitoral.com.ar\\\/boca-derroto-a-velez-y-se-clasifico-a-la-fase-de-grupos-de-la-libertadores\\\/#respond\"]}]},{\"@type\":\"WebPage\",\"@id\":\"https:\\\/\\\/informelitoral.com.ar\\\/boca-derroto-a-velez-y-se-clasifico-a-la-fase-de-grupos-de-la-libertadores\\\/\",\"url\":\"https:\\\/\\\/informelitoral.com.ar\\\/boca-derroto-a-velez-y-se-clasifico-a-la-fase-de-grupos-de-la-libertadores\\\/\",\"name\":\"Boca derrot\u00f3 a V\u00e9lez y se clasific\u00f3 a la fase de grupos de la Libertadores - Informe Litoral\",\"isPartOf\":{\"@id\":\"https:\\\/\\\/informelitoral.com.ar\\\/#website\"},\"primaryImageOfPage\":{\"@id\":\"https:\\\/\\\/informelitoral.com.ar\\\/boca-derroto-a-velez-y-se-clasifico-a-la-fase-de-grupos-de-la-libertadores\\\/#primaryimage\"},\"image\":{\"@id\":\"https:\\\/\\\/informelitoral.com.ar\\\/boca-derroto-a-velez-y-se-clasifico-a-la-fase-de-grupos-de-la-libertadores\\\/#primaryimage\"},\"thumbnailUrl\":\"http:\\\/\\\/www.isletasnoticias.com.ar\\\/%77%70%2d%63%6f%6e%74%65%6e%74\\\/uploads\\\/2015\\\/01\\\/n_1422498792-300x169.jpg\",\"datePublished\":\"2015-01-29T10:27:03+00:00\",\"breadcrumb\":{\"@id\":\"https:\\\/\\\/informelitoral.com.ar\\\/boca-derroto-a-velez-y-se-clasifico-a-la-fase-de-grupos-de-la-libertadores\\\/#breadcrumb\"},\"inLanguage\":\"es\",\"potentialAction\":[{\"@type\":\"ReadAction\",\"target\":[\"https:\\\/\\\/informelitoral.com.ar\\\/boca-derroto-a-velez-y-se-clasifico-a-la-fase-de-grupos-de-la-libertadores\\\/\"]}]},{\"@type\":\"ImageObject\",\"inLanguage\":\"es\",\"@id\":\"https:\\\/\\\/informelitoral.com.ar\\\/boca-derroto-a-velez-y-se-clasifico-a-la-fase-de-grupos-de-la-libertadores\\\/#primaryimage\",\"url\":\"http:\\\/\\\/www.isletasnoticias.com.ar\\\/%77%70%2d%63%6f%6e%74%65%6e%74\\\/uploads\\\/2015\\\/01\\\/n_1422498792-300x169.jpg\",\"contentUrl\":\"http:\\\/\\\/www.isletasnoticias.com.ar\\\/%77%70%2d%63%6f%6e%74%65%6e%74\\\/uploads\\\/2015\\\/01\\\/n_1422498792-300x169.jpg\"},{\"@type\":\"BreadcrumbList\",\"@id\":\"https:\\\/\\\/informelitoral.com.ar\\\/boca-derroto-a-velez-y-se-clasifico-a-la-fase-de-grupos-de-la-libertadores\\\/#breadcrumb\",\"itemListElement\":[{\"@type\":\"ListItem\",\"position\":1,\"name\":\"Portada\",\"item\":\"https:\\\/\\\/informelitoral.com.ar\\\/\"},{\"@type\":\"ListItem\",\"position\":2,\"name\":\"Boca derrot\u00f3 a V\u00e9lez y se clasific\u00f3 a la fase de grupos de la Libertadores\"}]},{\"@type\":\"WebSite\",\"@id\":\"https:\\\/\\\/informelitoral.com.ar\\\/#website\",\"url\":\"https:\\\/\\\/informelitoral.com.ar\\\/\",\"name\":\"Informe Litoral\",\"description\":\"&quot;Nos informamos&quot; \",\"publisher\":{\"@id\":\"https:\\\/\\\/informelitoral.com.ar\\\/#organization\"},\"potentialAction\":[{\"@type\":\"SearchAction\",\"target\":{\"@type\":\"EntryPoint\",\"urlTemplate\":\"https:\\\/\\\/informelitoral.com.ar\\\/?s={search_term_string}\"},\"query-input\":{\"@type\":\"PropertyValueSpecification\",\"valueRequired\":true,\"valueName\":\"search_term_string\"}}],\"inLanguage\":\"es\"},{\"@type\":\"Organization\",\"@id\":\"https:\\\/\\\/informelitoral.com.ar\\\/#organization\",\"name\":\"Informe Litoral\",\"url\":\"https:\\\/\\\/informelitoral.com.ar\\\/\",\"logo\":{\"@type\":\"ImageObject\",\"inLanguage\":\"es\",\"@id\":\"https:\\\/\\\/informelitoral.com.ar\\\/#\\\/schema\\\/logo\\\/image\\\/\",\"url\":\"https:\\\/\\\/informelitoral.com.ar\\\/%77%70%2d%63%6f%6e%74%65%6e%74\\\/uploads\\\/2021\\\/01\\\/circulo.png\",\"contentUrl\":\"https:\\\/\\\/informelitoral.com.ar\\\/%77%70%2d%63%6f%6e%74%65%6e%74\\\/uploads\\\/2021\\\/01\\\/circulo.png\",\"width\":723,\"height\":731,\"caption\":\"Informe Litoral\"},\"image\":{\"@id\":\"https:\\\/\\\/informelitoral.com.ar\\\/#\\\/schema\\\/logo\\\/image\\\/\"},\"sameAs\":[\"https:\\\/\\\/www.facebook.com\\\/informelitoral\\\/\",\"https:\\\/\\\/x.com\\\/InformeLitoral\",\"https:\\\/\\\/www.instagram.com\\\/informelitoral\\\/\",\"https:\\\/\\\/www.youtube.com\\\/channel\\\/UCua4Qvz8Icb6MYqhoq9xLXw\"]},{\"@type\":\"Person\",\"@id\":\"https:\\\/\\\/informelitoral.com.ar\\\/#\\\/schema\\\/person\\\/b9d00407c836482871ef1d57bf8e3180\",\"name\":\"Gonzalo Schmidt\",\"image\":{\"@type\":\"ImageObject\",\"inLanguage\":\"es\",\"@id\":\"https:\\\/\\\/secure.gravatar.com\\\/avatar\\\/31a1a7b66ff2de83bd0e9fd79d026630d2d99e55e8bfe501287647b4fd9743de?s=96&d=mm&r=g\",\"url\":\"https:\\\/\\\/secure.gravatar.com\\\/avatar\\\/31a1a7b66ff2de83bd0e9fd79d026630d2d99e55e8bfe501287647b4fd9743de?s=96&d=mm&r=g\",\"contentUrl\":\"https:\\\/\\\/secure.gravatar.com\\\/avatar\\\/31a1a7b66ff2de83bd0e9fd79d026630d2d99e55e8bfe501287647b4fd9743de?s=96&d=mm&r=g\",\"caption\":\"Gonzalo Schmidt\"},\"description\":\"Sitio web de noticias de la provincia de Entre R\u00edos, Argentina. Informaci\u00f3n y entretenimiento. Informe Litoral, nos informamos.\",\"sameAs\":[\"http:\\\/\\\/www.isletasnoticias.com.ar\"],\"url\":\"https:\\\/\\\/informelitoral.com.ar\\\/author\\\/gonzalo\\\/\"}]}<\/script>","yoast_head_json":{"title":"Boca derrot\u00f3 a V\u00e9lez y se clasific\u00f3 a la fase de grupos de la Libertadores - Informe Litoral","robots":{"index":"index","follow":"follow","max-snippet":"max-snippet:-1","max-image-preview":"max-image-preview:large","max-video-preview":"max-video-preview:-1"},"canonical":"https:\/\/informelitoral.com.ar\/boca-derroto-a-velez-y-se-clasifico-a-la-fase-de-grupos-de-la-libertadores\/","og_locale":"es_ES","og_type":"article","og_title":"Boca derrot\u00f3 a V\u00e9lez y se clasific\u00f3 a la fase de grupos de la Libertadores - Informe Litoral","og_description":"En Mar del Plata, le gan&oacute; al Fort&iacute;n 1 a 0 con el gol de Colazo. El Xeneize ingres&oacute; directo a la Copa Libertadores 2015. Con la derrota, V&eacute;lez se qued&oacute; afuera del certamen continental y Estudiantes ser&aacute; quien juegue el repechaje. A pesar de la festejada victoria ante River, el gran objetivo de Boca [&hellip;]","og_url":"https:\/\/informelitoral.com.ar\/boca-derroto-a-velez-y-se-clasifico-a-la-fase-de-grupos-de-la-libertadores\/","og_site_name":"Informe Litoral","article_publisher":"https:\/\/www.facebook.com\/informelitoral\/","article_published_time":"2015-01-29T10:27:03+00:00","og_image":[{"width":640,"height":360,"url":"https:\/\/informelitoral.com.ar\/%77%70%2d%63%6f%6e%74%65%6e%74\/uploads\/2015\/01\/n_1422498792.jpg","type":"image\/jpeg"}],"author":"Gonzalo Schmidt","twitter_card":"summary_large_image","twitter_creator":"@InformeLitoral","twitter_site":"@InformeLitoral","twitter_misc":{"Escrito por":"Gonzalo Schmidt","Tiempo de lectura":"2 minutos"},"schema":{"@context":"https:\/\/schema.org","@graph":[{"@type":"Article","@id":"https:\/\/informelitoral.com.ar\/boca-derroto-a-velez-y-se-clasifico-a-la-fase-de-grupos-de-la-libertadores\/#article","isPartOf":{"@id":"https:\/\/informelitoral.com.ar\/boca-derroto-a-velez-y-se-clasifico-a-la-fase-de-grupos-de-la-libertadores\/"},"author":{"name":"Gonzalo Schmidt","@id":"https:\/\/informelitoral.com.ar\/#\/schema\/person\/b9d00407c836482871ef1d57bf8e3180"},"headline":"Boca derrot\u00f3 a V\u00e9lez y se clasific\u00f3 a la fase de grupos de la Libertadores","datePublished":"2015-01-29T10:27:03+00:00","mainEntityOfPage":{"@id":"https:\/\/informelitoral.com.ar\/boca-derroto-a-velez-y-se-clasifico-a-la-fase-de-grupos-de-la-libertadores\/"},"wordCount":500,"commentCount":0,"publisher":{"@id":"https:\/\/informelitoral.com.ar\/#organization"},"image":{"@id":"https:\/\/informelitoral.com.ar\/boca-derroto-a-velez-y-se-clasifico-a-la-fase-de-grupos-de-la-libertadores\/#primaryimage"},"thumbnailUrl":"http:\/\/www.isletasnoticias.com.ar\/%77%70%2d%63%6f%6e%74%65%6e%74\/uploads\/2015\/01\/n_1422498792-300x169.jpg","articleSection":["Deportes"],"inLanguage":"es","potentialAction":[{"@type":"CommentAction","name":"Comment","target":["https:\/\/informelitoral.com.ar\/boca-derroto-a-velez-y-se-clasifico-a-la-fase-de-grupos-de-la-libertadores\/#respond"]}]},{"@type":"WebPage","@id":"https:\/\/informelitoral.com.ar\/boca-derroto-a-velez-y-se-clasifico-a-la-fase-de-grupos-de-la-libertadores\/","url":"https:\/\/informelitoral.com.ar\/boca-derroto-a-velez-y-se-clasifico-a-la-fase-de-grupos-de-la-libertadores\/","name":"Boca derrot\u00f3 a V\u00e9lez y se clasific\u00f3 a la fase de grupos de la Libertadores - Informe Litoral","isPartOf":{"@id":"https:\/\/informelitoral.com.ar\/#website"},"primaryImageOfPage":{"@id":"https:\/\/informelitoral.com.ar\/boca-derroto-a-velez-y-se-clasifico-a-la-fase-de-grupos-de-la-libertadores\/#primaryimage"},"image":{"@id":"https:\/\/informelitoral.com.ar\/boca-derroto-a-velez-y-se-clasifico-a-la-fase-de-grupos-de-la-libertadores\/#primaryimage"},"thumbnailUrl":"http:\/\/www.isletasnoticias.com.ar\/%77%70%2d%63%6f%6e%74%65%6e%74\/uploads\/2015\/01\/n_1422498792-300x169.jpg","datePublished":"2015-01-29T10:27:03+00:00","breadcrumb":{"@id":"https:\/\/informelitoral.com.ar\/boca-derroto-a-velez-y-se-clasifico-a-la-fase-de-grupos-de-la-libertadores\/#breadcrumb"},"inLanguage":"es","potentialAction":[{"@type":"ReadAction","target":["https:\/\/informelitoral.com.ar\/boca-derroto-a-velez-y-se-clasifico-a-la-fase-de-grupos-de-la-libertadores\/"]}]},{"@type":"ImageObject","inLanguage":"es","@id":"https:\/\/informelitoral.com.ar\/boca-derroto-a-velez-y-se-clasifico-a-la-fase-de-grupos-de-la-libertadores\/#primaryimage","url":"http:\/\/www.isletasnoticias.com.ar\/%77%70%2d%63%6f%6e%74%65%6e%74\/uploads\/2015\/01\/n_1422498792-300x169.jpg","contentUrl":"http:\/\/www.isletasnoticias.com.ar\/%77%70%2d%63%6f%6e%74%65%6e%74\/uploads\/2015\/01\/n_1422498792-300x169.jpg"},{"@type":"BreadcrumbList","@id":"https:\/\/informelitoral.com.ar\/boca-derroto-a-velez-y-se-clasifico-a-la-fase-de-grupos-de-la-libertadores\/#breadcrumb","itemListElement":[{"@type":"ListItem","position":1,"name":"Portada","item":"https:\/\/informelitoral.com.ar\/"},{"@type":"ListItem","position":2,"name":"Boca derrot\u00f3 a V\u00e9lez y se clasific\u00f3 a la fase de grupos de la Libertadores"}]},{"@type":"WebSite","@id":"https:\/\/informelitoral.com.ar\/#website","url":"https:\/\/informelitoral.com.ar\/","name":"Informe Litoral","description":"&quot;Nos informamos&quot; ","publisher":{"@id":"https:\/\/informelitoral.com.ar\/#organization"},"potentialAction":[{"@type":"SearchAction","target":{"@type":"EntryPoint","urlTemplate":"https:\/\/informelitoral.com.ar\/?s={search_term_string}"},"query-input":{"@type":"PropertyValueSpecification","valueRequired":true,"valueName":"search_term_string"}}],"inLanguage":"es"},{"@type":"Organization","@id":"https:\/\/informelitoral.com.ar\/#organization","name":"Informe Litoral","url":"https:\/\/informelitoral.com.ar\/","logo":{"@type":"ImageObject","inLanguage":"es","@id":"https:\/\/informelitoral.com.ar\/#\/schema\/logo\/image\/","url":"https:\/\/informelitoral.com.ar\/%77%70%2d%63%6f%6e%74%65%6e%74\/uploads\/2021\/01\/circulo.png","contentUrl":"https:\/\/informelitoral.com.ar\/%77%70%2d%63%6f%6e%74%65%6e%74\/uploads\/2021\/01\/circulo.png","width":723,"height":731,"caption":"Informe Litoral"},"image":{"@id":"https:\/\/informelitoral.com.ar\/#\/schema\/logo\/image\/"},"sameAs":["https:\/\/www.facebook.com\/informelitoral\/","https:\/\/x.com\/InformeLitoral","https:\/\/www.instagram.com\/informelitoral\/","https:\/\/www.youtube.com\/channel\/UCua4Qvz8Icb6MYqhoq9xLXw"]},{"@type":"Person","@id":"https:\/\/informelitoral.com.ar\/#\/schema\/person\/b9d00407c836482871ef1d57bf8e3180","name":"Gonzalo Schmidt","image":{"@type":"ImageObject","inLanguage":"es","@id":"https:\/\/secure.gravatar.com\/avatar\/31a1a7b66ff2de83bd0e9fd79d026630d2d99e55e8bfe501287647b4fd9743de?s=96&d=mm&r=g","url":"https:\/\/secure.gravatar.com\/avatar\/31a1a7b66ff2de83bd0e9fd79d026630d2d99e55e8bfe501287647b4fd9743de?s=96&d=mm&r=g","contentUrl":"https:\/\/secure.gravatar.com\/avatar\/31a1a7b66ff2de83bd0e9fd79d026630d2d99e55e8bfe501287647b4fd9743de?s=96&d=mm&r=g","caption":"Gonzalo Schmidt"},"description":"Sitio web de noticias de la provincia de Entre R\u00edos, Argentina. Informaci\u00f3n y entretenimiento. Informe Litoral, nos informamos.","sameAs":["http:\/\/www.isletasnoticias.com.ar"],"url":"https:\/\/informelitoral.com.ar\/author\/gonzalo\/"}]}},"_links":{"self":[{"href":"https:\/\/informelitoral.com.ar\/%77%70%2d%6a%73%6f%6e\/wp\/v2\/posts\/9695","targetHints":{"allow":["GET"]}}],"collection":[{"href":"https:\/\/informelitoral.com.ar\/%77%70%2d%6a%73%6f%6e\/wp\/v2\/posts"}],"about":[{"href":"https:\/\/informelitoral.com.ar\/%77%70%2d%6a%73%6f%6e\/wp\/v2\/types\/post"}],"author":[{"embeddable":true,"href":"https:\/\/informelitoral.com.ar\/%77%70%2d%6a%73%6f%6e\/wp\/v2\/users\/2"}],"replies":[{"embeddable":true,"href":"https:\/\/informelitoral.com.ar\/%77%70%2d%6a%73%6f%6e\/wp\/v2\/comments?post=9695"}],"version-history":[{"count":0,"href":"https:\/\/informelitoral.com.ar\/%77%70%2d%6a%73%6f%6e\/wp\/v2\/posts\/9695\/revisions"}],"wp:attachment":[{"href":"https:\/\/informelitoral.com.ar\/%77%70%2d%6a%73%6f%6e\/wp\/v2\/media?parent=9695"}],"wp:term":[{"taxonomy":"category","embeddable":true,"href":"https:\/\/informelitoral.com.ar\/%77%70%2d%6a%73%6f%6e\/wp\/v2\/categories?post=9695"},{"taxonomy":"post_tag","embeddable":true,"href":"https:\/\/informelitoral.com.ar\/%77%70%2d%6a%73%6f%6e\/wp\/v2\/tags?post=9695"}],"curies":[{"name":"wp","href":"https:\/\/api.w.org\/{rel}","templated":true}]}}