{"id":9691,"date":"2015-01-28T19:56:03","date_gmt":"2015-01-28T22:56:03","guid":{"rendered":"http:\/\/www.isletasnoticias.com.ar\/?p=9691"},"modified":"2015-01-28T19:56:03","modified_gmt":"2015-01-28T22:56:03","slug":"santa-anita-apedrearon-una-maquina-para-fumigar-en-la-zona-rural","status":"publish","type":"post","link":"https:\/\/informelitoral.com.ar\/santa-anita-apedrearon-una-maquina-para-fumigar-en-la-zona-rural\/","title":{"rendered":"Santa Anita: apedrearon una m\u00e1quina para fumigar en la zona rural"},"content":{"rendered":"<p><strong>Un empresario agroaplicador denunci\u00f3 que una de sus m\u00e1quinas fue apedreada en la zona rural de Santa Anita. Afirm\u00f3 \u201cno somos escuchados\u201d, y que \u201chay una persecuci\u00f3n que atenta contra la fuente de trabajo\u201d.<a href=\"http:\/\/www.isletasnoticias.com.ar\/%77%70%2d%63%6f%6e%74%65%6e%74\/uploads\/2015\/01\/e_1409410439.jpg\"><img loading=\"lazy\" decoding=\"async\" class=\"aligncenter size-medium wp-image-9692\" src=\"http:\/\/www.isletasnoticias.com.ar\/%77%70%2d%63%6f%6e%74%65%6e%74\/uploads\/2015\/01\/e_1409410439-300x225.jpg\" alt=\"e_1409410439\" width=\"300\" height=\"225\" srcset=\"https:\/\/informelitoral.com.ar\/%77%70%2d%63%6f%6e%74%65%6e%74\/uploads\/2015\/01\/e_1409410439-300x225.jpg 300w, https:\/\/informelitoral.com.ar\/%77%70%2d%63%6f%6e%74%65%6e%74\/uploads\/2015\/01\/e_1409410439.jpg 432w\" sizes=\"auto, (max-width: 300px) 100vw, 300px\" \/><\/a><\/strong><\/p>\n<p>\u201cEsto ya parece una caza de brujas\u2026nos meten a todos en la misma bolsa. Anoche, por un problema mec\u00e1nico, dejamos estacionada (en la zona rural de Santa Anita) una m\u00e1quina (mosquito) -que a\u00fan no hab\u00eda trabajado- y la atacaron a piedrazos, lo que provoc\u00f3 la rotura del parabrisas\u201d, se quej\u00f3 Gustavo Hein. El empresario dijo a Riel FM que siente que \u201cno somos escuchados\u201d, y que \u201cno hay una discusi\u00f3n seria sobre la cuesti\u00f3n (las agroaplicaciones)\u201d, y que \u201chay una persecuci\u00f3n que atenta contra la fuente de trabajo\u201d.<\/p>\n<p>\u201cLas reuniones impulsadas desde la legislatura fueron buenas para las tapas de los diarios, ocurre que no est\u00e1n todos los actores que debieran y se piensa en un maquillaje\u2026en el campo -como en todo \u00e1mbito- se hacen las cosas bien y mal, y no es posible que quienes nos preocupamos por hacer las cosas como corresponda paguemos los platos rotos\u201d, declar\u00f3 ofuscado.<\/p>\n<p>\u201cCualquiera tiene una m\u00e1quina y sale a \u201cfumigar\u201d, no hay capacitaci\u00f3n, y la habilitaci\u00f3n de las m\u00e1quinas es un mero tr\u00e1mite con fines de recaudar\u2026pagas en el banco y te mandan una oblea y eso te habilita una m\u00e1quina con la que podes hacer cualquier macana en el campo. La verdad es que cuando te dicen \u201cm\u00e1quina habilitada\u201d da risa, si ni siquiera vienen a inspeccionarlas\u2026te habilitan bajo un cierto protocolo que consiste en enviar un formulario a la Secretar\u00eda de Agricultura y esta expide una oblea con la leyenda: \u201chabilitaci\u00f3n 2015\u2033, en fin\u201d, prosigui\u00f3 el empresario.<\/p>\n<p>Seg\u00fan Hein \u201cno existe un control por parte del Estado que garantice las condiciones que tiene la m\u00e1quina, ni que conocimientos tiene el que trabaja con ella\u201d, y que con una experiencia de casi una d\u00e9cada y media en el rubro afirm\u00f3 que con su empresa -como lo hacen otras tantas- \u201cinvierto constantemente en capacitaci\u00f3n, por lo que siento indignaci\u00f3n e impotencia con lo que nos ocurri\u00f3\u201d. Pero adem\u00e1s reconoci\u00f3 sentirse \u201casqueado\u201d con la liviandad con que se trata el tema, \u201chay gente que -a pesar de tener colgados diplomas en la pared- dice cosas que dan risa, peor a\u00fan generan un clima que radicaliza la cuesti\u00f3n, lejos de buscar soluciones a los problemas que se nos presentan\u201d.<\/p>\n<p>\u201cAplicamos veneno, no agua bendita, pero no me considero un kamikaze para manejar de manera impropia los productos que me contratan para aplicar en la agricultura actual, la de arado de rejas y la rastra no vuelve m\u00e1s, pero es imperioso que hagamos las cosas bien, con responsabilidad, con gente calificada y se especialice. Hay gente que la \u201cpeg\u00f3\u201d econ\u00f3micamente y puso a su pe\u00f3n desocupado del galp\u00f3n a manejar una m\u00e1quina para que desparrame veneno, lo que constituye un verdadero problema y que adem\u00e1s atenta contra la gente que est\u00e1 constantemente capacit\u00e1ndose e invirtiendo en calidad\u201d, dijo m\u00e1s adelante Hein quien para dar una idea de lo complejo que es el tema cont\u00f3: \u201csi uno se niega a realizar una aplicaci\u00f3n porque est\u00e1 pr\u00f3ximo a un poblado o un gallinero, pierde porque viene otro que s\u00ed lo hace\u201d.<\/p>\n<p>En definitiva entiende que lo que est\u00e1 ocurriendo \u201catenta contra la sustentabilidad de muchas empresas y sus trabajadores\u201d y que por eso opina que \u201clo que hay que calificar es el oficio, profesionalizar la actividad y el que no est\u00e9 a la altura de las circunstancias que ponga una panader\u00eda o una tintorer\u00eda\u201d.<\/p>\n","protected":false},"excerpt":{"rendered":"<p>Un empresario agroaplicador denunci&oacute; que una de sus m&aacute;quinas fue apedreada en la zona rural de Santa Anita. Afirm&oacute; &ldquo;no somos escuchados&rdquo;, y que &ldquo;hay una persecuci&oacute;n que atenta contra la fuente de trabajo&rdquo;. &ldquo;Esto ya parece una caza de brujas&hellip;nos meten a todos en la misma bolsa. Anoche, por un problema mec&aacute;nico, dejamos estacionada [&hellip;]<\/p>\n","protected":false},"author":2,"featured_media":0,"comment_status":"open","ping_status":"open","sticky":false,"template":"","format":"standard","meta":{"fifu_image_url":"","fifu_image_alt":"","footnotes":""},"categories":[10,6],"tags":[],"class_list":{"0":"post-9691","1":"post","2":"type-post","3":"status-publish","4":"format-standard","6":"category-campo","7":"category-entre-rios"},"yoast_head":"<title>Santa Anita: apedrearon una m\u00e1quina para fumigar en la zona rural - Informe Litoral<\/title>\n<meta name=\"robots\" content=\"index, follow, max-snippet:-1, max-image-preview:large, max-video-preview:-1\" \/>\n<link rel=\"canonical\" href=\"https:\/\/informelitoral.com.ar\/santa-anita-apedrearon-una-maquina-para-fumigar-en-la-zona-rural\/\" \/>\n<meta property=\"og:locale\" content=\"es_ES\" \/>\n<meta property=\"og:type\" content=\"article\" \/>\n<meta property=\"og:title\" content=\"Santa Anita: apedrearon una m\u00e1quina para fumigar en la zona rural - Informe Litoral\" \/>\n<meta property=\"og:description\" content=\"Un empresario agroaplicador denunci&oacute; que una de sus m&aacute;quinas fue apedreada en la zona rural de Santa Anita. Afirm&oacute; &ldquo;no somos escuchados&rdquo;, y que &ldquo;hay una persecuci&oacute;n que atenta contra la fuente de trabajo&rdquo;. &ldquo;Esto ya parece una caza de brujas&hellip;nos meten a todos en la misma bolsa. Anoche, por un problema mec&aacute;nico, dejamos estacionada [&hellip;]\" \/>\n<meta property=\"og:url\" content=\"https:\/\/informelitoral.com.ar\/santa-anita-apedrearon-una-maquina-para-fumigar-en-la-zona-rural\/\" \/>\n<meta property=\"og:site_name\" content=\"Informe Litoral\" \/>\n<meta property=\"article:publisher\" content=\"https:\/\/www.facebook.com\/informelitoral\/\" \/>\n<meta property=\"article:published_time\" content=\"2015-01-28T22:56:03+00:00\" \/>\n<meta property=\"og:image\" content=\"https:\/\/informelitoral.com.ar\/%77%70%2d%63%6f%6e%74%65%6e%74\/uploads\/2015\/01\/e_1409410439.jpg\" \/>\n\t<meta property=\"og:image:width\" content=\"432\" \/>\n\t<meta property=\"og:image:height\" content=\"324\" \/>\n\t<meta property=\"og:image:type\" content=\"image\/jpeg\" \/>\n<meta name=\"author\" content=\"Gonzalo Schmidt\" \/>\n<meta name=\"twitter:card\" content=\"summary_large_image\" \/>\n<meta name=\"twitter:creator\" content=\"@InformeLitoral\" \/>\n<meta name=\"twitter:site\" content=\"@InformeLitoral\" \/>\n<meta name=\"twitter:label1\" content=\"Escrito por\" \/>\n\t<meta name=\"twitter:data1\" content=\"Gonzalo Schmidt\" \/>\n\t<meta name=\"twitter:label2\" content=\"Tiempo de lectura\" \/>\n\t<meta name=\"twitter:data2\" content=\"3 minutos\" \/>\n<script type=\"application\/ld+json\" class=\"yoast-schema-graph\">{\"@context\":\"https:\\\/\\\/schema.org\",\"@graph\":[{\"@type\":\"Article\",\"@id\":\"https:\\\/\\\/informelitoral.com.ar\\\/santa-anita-apedrearon-una-maquina-para-fumigar-en-la-zona-rural\\\/#article\",\"isPartOf\":{\"@id\":\"https:\\\/\\\/informelitoral.com.ar\\\/santa-anita-apedrearon-una-maquina-para-fumigar-en-la-zona-rural\\\/\"},\"author\":{\"name\":\"Gonzalo Schmidt\",\"@id\":\"https:\\\/\\\/informelitoral.com.ar\\\/#\\\/schema\\\/person\\\/b9d00407c836482871ef1d57bf8e3180\"},\"headline\":\"Santa Anita: apedrearon una m\u00e1quina para fumigar en la zona rural\",\"datePublished\":\"2015-01-28T22:56:03+00:00\",\"mainEntityOfPage\":{\"@id\":\"https:\\\/\\\/informelitoral.com.ar\\\/santa-anita-apedrearon-una-maquina-para-fumigar-en-la-zona-rural\\\/\"},\"wordCount\":645,\"commentCount\":0,\"publisher\":{\"@id\":\"https:\\\/\\\/informelitoral.com.ar\\\/#organization\"},\"image\":{\"@id\":\"https:\\\/\\\/informelitoral.com.ar\\\/santa-anita-apedrearon-una-maquina-para-fumigar-en-la-zona-rural\\\/#primaryimage\"},\"thumbnailUrl\":\"http:\\\/\\\/www.isletasnoticias.com.ar\\\/%77%70%2d%63%6f%6e%74%65%6e%74\\\/uploads\\\/2015\\\/01\\\/e_1409410439-300x225.jpg\",\"articleSection\":[\"Campo\",\"Entre R\u00edos\"],\"inLanguage\":\"es\",\"potentialAction\":[{\"@type\":\"CommentAction\",\"name\":\"Comment\",\"target\":[\"https:\\\/\\\/informelitoral.com.ar\\\/santa-anita-apedrearon-una-maquina-para-fumigar-en-la-zona-rural\\\/#respond\"]}]},{\"@type\":\"WebPage\",\"@id\":\"https:\\\/\\\/informelitoral.com.ar\\\/santa-anita-apedrearon-una-maquina-para-fumigar-en-la-zona-rural\\\/\",\"url\":\"https:\\\/\\\/informelitoral.com.ar\\\/santa-anita-apedrearon-una-maquina-para-fumigar-en-la-zona-rural\\\/\",\"name\":\"Santa Anita: apedrearon una m\u00e1quina para fumigar en la zona rural - Informe Litoral\",\"isPartOf\":{\"@id\":\"https:\\\/\\\/informelitoral.com.ar\\\/#website\"},\"primaryImageOfPage\":{\"@id\":\"https:\\\/\\\/informelitoral.com.ar\\\/santa-anita-apedrearon-una-maquina-para-fumigar-en-la-zona-rural\\\/#primaryimage\"},\"image\":{\"@id\":\"https:\\\/\\\/informelitoral.com.ar\\\/santa-anita-apedrearon-una-maquina-para-fumigar-en-la-zona-rural\\\/#primaryimage\"},\"thumbnailUrl\":\"http:\\\/\\\/www.isletasnoticias.com.ar\\\/%77%70%2d%63%6f%6e%74%65%6e%74\\\/uploads\\\/2015\\\/01\\\/e_1409410439-300x225.jpg\",\"datePublished\":\"2015-01-28T22:56:03+00:00\",\"breadcrumb\":{\"@id\":\"https:\\\/\\\/informelitoral.com.ar\\\/santa-anita-apedrearon-una-maquina-para-fumigar-en-la-zona-rural\\\/#breadcrumb\"},\"inLanguage\":\"es\",\"potentialAction\":[{\"@type\":\"ReadAction\",\"target\":[\"https:\\\/\\\/informelitoral.com.ar\\\/santa-anita-apedrearon-una-maquina-para-fumigar-en-la-zona-rural\\\/\"]}]},{\"@type\":\"ImageObject\",\"inLanguage\":\"es\",\"@id\":\"https:\\\/\\\/informelitoral.com.ar\\\/santa-anita-apedrearon-una-maquina-para-fumigar-en-la-zona-rural\\\/#primaryimage\",\"url\":\"http:\\\/\\\/www.isletasnoticias.com.ar\\\/%77%70%2d%63%6f%6e%74%65%6e%74\\\/uploads\\\/2015\\\/01\\\/e_1409410439-300x225.jpg\",\"contentUrl\":\"http:\\\/\\\/www.isletasnoticias.com.ar\\\/%77%70%2d%63%6f%6e%74%65%6e%74\\\/uploads\\\/2015\\\/01\\\/e_1409410439-300x225.jpg\"},{\"@type\":\"BreadcrumbList\",\"@id\":\"https:\\\/\\\/informelitoral.com.ar\\\/santa-anita-apedrearon-una-maquina-para-fumigar-en-la-zona-rural\\\/#breadcrumb\",\"itemListElement\":[{\"@type\":\"ListItem\",\"position\":1,\"name\":\"Portada\",\"item\":\"https:\\\/\\\/informelitoral.com.ar\\\/\"},{\"@type\":\"ListItem\",\"position\":2,\"name\":\"Santa Anita: apedrearon una m\u00e1quina para fumigar en la zona rural\"}]},{\"@type\":\"WebSite\",\"@id\":\"https:\\\/\\\/informelitoral.com.ar\\\/#website\",\"url\":\"https:\\\/\\\/informelitoral.com.ar\\\/\",\"name\":\"Informe Litoral\",\"description\":\"&quot;Nos informamos&quot; \",\"publisher\":{\"@id\":\"https:\\\/\\\/informelitoral.com.ar\\\/#organization\"},\"potentialAction\":[{\"@type\":\"SearchAction\",\"target\":{\"@type\":\"EntryPoint\",\"urlTemplate\":\"https:\\\/\\\/informelitoral.com.ar\\\/?s={search_term_string}\"},\"query-input\":{\"@type\":\"PropertyValueSpecification\",\"valueRequired\":true,\"valueName\":\"search_term_string\"}}],\"inLanguage\":\"es\"},{\"@type\":\"Organization\",\"@id\":\"https:\\\/\\\/informelitoral.com.ar\\\/#organization\",\"name\":\"Informe Litoral\",\"url\":\"https:\\\/\\\/informelitoral.com.ar\\\/\",\"logo\":{\"@type\":\"ImageObject\",\"inLanguage\":\"es\",\"@id\":\"https:\\\/\\\/informelitoral.com.ar\\\/#\\\/schema\\\/logo\\\/image\\\/\",\"url\":\"https:\\\/\\\/informelitoral.com.ar\\\/%77%70%2d%63%6f%6e%74%65%6e%74\\\/uploads\\\/2021\\\/01\\\/circulo.png\",\"contentUrl\":\"https:\\\/\\\/informelitoral.com.ar\\\/%77%70%2d%63%6f%6e%74%65%6e%74\\\/uploads\\\/2021\\\/01\\\/circulo.png\",\"width\":723,\"height\":731,\"caption\":\"Informe Litoral\"},\"image\":{\"@id\":\"https:\\\/\\\/informelitoral.com.ar\\\/#\\\/schema\\\/logo\\\/image\\\/\"},\"sameAs\":[\"https:\\\/\\\/www.facebook.com\\\/informelitoral\\\/\",\"https:\\\/\\\/x.com\\\/InformeLitoral\",\"https:\\\/\\\/www.instagram.com\\\/informelitoral\\\/\",\"https:\\\/\\\/www.youtube.com\\\/channel\\\/UCua4Qvz8Icb6MYqhoq9xLXw\"]},{\"@type\":\"Person\",\"@id\":\"https:\\\/\\\/informelitoral.com.ar\\\/#\\\/schema\\\/person\\\/b9d00407c836482871ef1d57bf8e3180\",\"name\":\"Gonzalo Schmidt\",\"image\":{\"@type\":\"ImageObject\",\"inLanguage\":\"es\",\"@id\":\"https:\\\/\\\/secure.gravatar.com\\\/avatar\\\/31a1a7b66ff2de83bd0e9fd79d026630d2d99e55e8bfe501287647b4fd9743de?s=96&d=mm&r=g\",\"url\":\"https:\\\/\\\/secure.gravatar.com\\\/avatar\\\/31a1a7b66ff2de83bd0e9fd79d026630d2d99e55e8bfe501287647b4fd9743de?s=96&d=mm&r=g\",\"contentUrl\":\"https:\\\/\\\/secure.gravatar.com\\\/avatar\\\/31a1a7b66ff2de83bd0e9fd79d026630d2d99e55e8bfe501287647b4fd9743de?s=96&d=mm&r=g\",\"caption\":\"Gonzalo Schmidt\"},\"description\":\"Sitio web de noticias de la provincia de Entre R\u00edos, Argentina. Informaci\u00f3n y entretenimiento. Informe Litoral, nos informamos.\",\"sameAs\":[\"http:\\\/\\\/www.isletasnoticias.com.ar\"],\"url\":\"https:\\\/\\\/informelitoral.com.ar\\\/author\\\/gonzalo\\\/\"}]}<\/script>","yoast_head_json":{"title":"Santa Anita: apedrearon una m\u00e1quina para fumigar en la zona rural - Informe Litoral","robots":{"index":"index","follow":"follow","max-snippet":"max-snippet:-1","max-image-preview":"max-image-preview:large","max-video-preview":"max-video-preview:-1"},"canonical":"https:\/\/informelitoral.com.ar\/santa-anita-apedrearon-una-maquina-para-fumigar-en-la-zona-rural\/","og_locale":"es_ES","og_type":"article","og_title":"Santa Anita: apedrearon una m\u00e1quina para fumigar en la zona rural - Informe Litoral","og_description":"Un empresario agroaplicador denunci&oacute; que una de sus m&aacute;quinas fue apedreada en la zona rural de Santa Anita. Afirm&oacute; &ldquo;no somos escuchados&rdquo;, y que &ldquo;hay una persecuci&oacute;n que atenta contra la fuente de trabajo&rdquo;. &ldquo;Esto ya parece una caza de brujas&hellip;nos meten a todos en la misma bolsa. Anoche, por un problema mec&aacute;nico, dejamos estacionada [&hellip;]","og_url":"https:\/\/informelitoral.com.ar\/santa-anita-apedrearon-una-maquina-para-fumigar-en-la-zona-rural\/","og_site_name":"Informe Litoral","article_publisher":"https:\/\/www.facebook.com\/informelitoral\/","article_published_time":"2015-01-28T22:56:03+00:00","og_image":[{"width":432,"height":324,"url":"https:\/\/informelitoral.com.ar\/%77%70%2d%63%6f%6e%74%65%6e%74\/uploads\/2015\/01\/e_1409410439.jpg","type":"image\/jpeg"}],"author":"Gonzalo Schmidt","twitter_card":"summary_large_image","twitter_creator":"@InformeLitoral","twitter_site":"@InformeLitoral","twitter_misc":{"Escrito por":"Gonzalo Schmidt","Tiempo de lectura":"3 minutos"},"schema":{"@context":"https:\/\/schema.org","@graph":[{"@type":"Article","@id":"https:\/\/informelitoral.com.ar\/santa-anita-apedrearon-una-maquina-para-fumigar-en-la-zona-rural\/#article","isPartOf":{"@id":"https:\/\/informelitoral.com.ar\/santa-anita-apedrearon-una-maquina-para-fumigar-en-la-zona-rural\/"},"author":{"name":"Gonzalo Schmidt","@id":"https:\/\/informelitoral.com.ar\/#\/schema\/person\/b9d00407c836482871ef1d57bf8e3180"},"headline":"Santa Anita: apedrearon una m\u00e1quina para fumigar en la zona rural","datePublished":"2015-01-28T22:56:03+00:00","mainEntityOfPage":{"@id":"https:\/\/informelitoral.com.ar\/santa-anita-apedrearon-una-maquina-para-fumigar-en-la-zona-rural\/"},"wordCount":645,"commentCount":0,"publisher":{"@id":"https:\/\/informelitoral.com.ar\/#organization"},"image":{"@id":"https:\/\/informelitoral.com.ar\/santa-anita-apedrearon-una-maquina-para-fumigar-en-la-zona-rural\/#primaryimage"},"thumbnailUrl":"http:\/\/www.isletasnoticias.com.ar\/%77%70%2d%63%6f%6e%74%65%6e%74\/uploads\/2015\/01\/e_1409410439-300x225.jpg","articleSection":["Campo","Entre R\u00edos"],"inLanguage":"es","potentialAction":[{"@type":"CommentAction","name":"Comment","target":["https:\/\/informelitoral.com.ar\/santa-anita-apedrearon-una-maquina-para-fumigar-en-la-zona-rural\/#respond"]}]},{"@type":"WebPage","@id":"https:\/\/informelitoral.com.ar\/santa-anita-apedrearon-una-maquina-para-fumigar-en-la-zona-rural\/","url":"https:\/\/informelitoral.com.ar\/santa-anita-apedrearon-una-maquina-para-fumigar-en-la-zona-rural\/","name":"Santa Anita: apedrearon una m\u00e1quina para fumigar en la zona rural - Informe Litoral","isPartOf":{"@id":"https:\/\/informelitoral.com.ar\/#website"},"primaryImageOfPage":{"@id":"https:\/\/informelitoral.com.ar\/santa-anita-apedrearon-una-maquina-para-fumigar-en-la-zona-rural\/#primaryimage"},"image":{"@id":"https:\/\/informelitoral.com.ar\/santa-anita-apedrearon-una-maquina-para-fumigar-en-la-zona-rural\/#primaryimage"},"thumbnailUrl":"http:\/\/www.isletasnoticias.com.ar\/%77%70%2d%63%6f%6e%74%65%6e%74\/uploads\/2015\/01\/e_1409410439-300x225.jpg","datePublished":"2015-01-28T22:56:03+00:00","breadcrumb":{"@id":"https:\/\/informelitoral.com.ar\/santa-anita-apedrearon-una-maquina-para-fumigar-en-la-zona-rural\/#breadcrumb"},"inLanguage":"es","potentialAction":[{"@type":"ReadAction","target":["https:\/\/informelitoral.com.ar\/santa-anita-apedrearon-una-maquina-para-fumigar-en-la-zona-rural\/"]}]},{"@type":"ImageObject","inLanguage":"es","@id":"https:\/\/informelitoral.com.ar\/santa-anita-apedrearon-una-maquina-para-fumigar-en-la-zona-rural\/#primaryimage","url":"http:\/\/www.isletasnoticias.com.ar\/%77%70%2d%63%6f%6e%74%65%6e%74\/uploads\/2015\/01\/e_1409410439-300x225.jpg","contentUrl":"http:\/\/www.isletasnoticias.com.ar\/%77%70%2d%63%6f%6e%74%65%6e%74\/uploads\/2015\/01\/e_1409410439-300x225.jpg"},{"@type":"BreadcrumbList","@id":"https:\/\/informelitoral.com.ar\/santa-anita-apedrearon-una-maquina-para-fumigar-en-la-zona-rural\/#breadcrumb","itemListElement":[{"@type":"ListItem","position":1,"name":"Portada","item":"https:\/\/informelitoral.com.ar\/"},{"@type":"ListItem","position":2,"name":"Santa Anita: apedrearon una m\u00e1quina para fumigar en la zona rural"}]},{"@type":"WebSite","@id":"https:\/\/informelitoral.com.ar\/#website","url":"https:\/\/informelitoral.com.ar\/","name":"Informe Litoral","description":"&quot;Nos informamos&quot; ","publisher":{"@id":"https:\/\/informelitoral.com.ar\/#organization"},"potentialAction":[{"@type":"SearchAction","target":{"@type":"EntryPoint","urlTemplate":"https:\/\/informelitoral.com.ar\/?s={search_term_string}"},"query-input":{"@type":"PropertyValueSpecification","valueRequired":true,"valueName":"search_term_string"}}],"inLanguage":"es"},{"@type":"Organization","@id":"https:\/\/informelitoral.com.ar\/#organization","name":"Informe Litoral","url":"https:\/\/informelitoral.com.ar\/","logo":{"@type":"ImageObject","inLanguage":"es","@id":"https:\/\/informelitoral.com.ar\/#\/schema\/logo\/image\/","url":"https:\/\/informelitoral.com.ar\/%77%70%2d%63%6f%6e%74%65%6e%74\/uploads\/2021\/01\/circulo.png","contentUrl":"https:\/\/informelitoral.com.ar\/%77%70%2d%63%6f%6e%74%65%6e%74\/uploads\/2021\/01\/circulo.png","width":723,"height":731,"caption":"Informe Litoral"},"image":{"@id":"https:\/\/informelitoral.com.ar\/#\/schema\/logo\/image\/"},"sameAs":["https:\/\/www.facebook.com\/informelitoral\/","https:\/\/x.com\/InformeLitoral","https:\/\/www.instagram.com\/informelitoral\/","https:\/\/www.youtube.com\/channel\/UCua4Qvz8Icb6MYqhoq9xLXw"]},{"@type":"Person","@id":"https:\/\/informelitoral.com.ar\/#\/schema\/person\/b9d00407c836482871ef1d57bf8e3180","name":"Gonzalo Schmidt","image":{"@type":"ImageObject","inLanguage":"es","@id":"https:\/\/secure.gravatar.com\/avatar\/31a1a7b66ff2de83bd0e9fd79d026630d2d99e55e8bfe501287647b4fd9743de?s=96&d=mm&r=g","url":"https:\/\/secure.gravatar.com\/avatar\/31a1a7b66ff2de83bd0e9fd79d026630d2d99e55e8bfe501287647b4fd9743de?s=96&d=mm&r=g","contentUrl":"https:\/\/secure.gravatar.com\/avatar\/31a1a7b66ff2de83bd0e9fd79d026630d2d99e55e8bfe501287647b4fd9743de?s=96&d=mm&r=g","caption":"Gonzalo Schmidt"},"description":"Sitio web de noticias de la provincia de Entre R\u00edos, Argentina. Informaci\u00f3n y entretenimiento. Informe Litoral, nos informamos.","sameAs":["http:\/\/www.isletasnoticias.com.ar"],"url":"https:\/\/informelitoral.com.ar\/author\/gonzalo\/"}]}},"_links":{"self":[{"href":"https:\/\/informelitoral.com.ar\/%77%70%2d%6a%73%6f%6e\/wp\/v2\/posts\/9691","targetHints":{"allow":["GET"]}}],"collection":[{"href":"https:\/\/informelitoral.com.ar\/%77%70%2d%6a%73%6f%6e\/wp\/v2\/posts"}],"about":[{"href":"https:\/\/informelitoral.com.ar\/%77%70%2d%6a%73%6f%6e\/wp\/v2\/types\/post"}],"author":[{"embeddable":true,"href":"https:\/\/informelitoral.com.ar\/%77%70%2d%6a%73%6f%6e\/wp\/v2\/users\/2"}],"replies":[{"embeddable":true,"href":"https:\/\/informelitoral.com.ar\/%77%70%2d%6a%73%6f%6e\/wp\/v2\/comments?post=9691"}],"version-history":[{"count":0,"href":"https:\/\/informelitoral.com.ar\/%77%70%2d%6a%73%6f%6e\/wp\/v2\/posts\/9691\/revisions"}],"wp:attachment":[{"href":"https:\/\/informelitoral.com.ar\/%77%70%2d%6a%73%6f%6e\/wp\/v2\/media?parent=9691"}],"wp:term":[{"taxonomy":"category","embeddable":true,"href":"https:\/\/informelitoral.com.ar\/%77%70%2d%6a%73%6f%6e\/wp\/v2\/categories?post=9691"},{"taxonomy":"post_tag","embeddable":true,"href":"https:\/\/informelitoral.com.ar\/%77%70%2d%6a%73%6f%6e\/wp\/v2\/tags?post=9691"}],"curies":[{"name":"wp","href":"https:\/\/api.w.org\/{rel}","templated":true}]}}