{"id":9687,"date":"2015-01-28T17:01:21","date_gmt":"2015-01-28T20:01:21","guid":{"rendered":"http:\/\/www.isletasnoticias.com.ar\/?p=9687"},"modified":"2015-01-28T18:02:20","modified_gmt":"2015-01-28T21:02:20","slug":"la-fiscal-fein-desmintio-a-la-presidente-y-confirmo-que-nisman-no-interrumpio-sus-vacaciones-en-europa","status":"publish","type":"post","link":"https:\/\/informelitoral.com.ar\/la-fiscal-fein-desmintio-a-la-presidente-y-confirmo-que-nisman-no-interrumpio-sus-vacaciones-en-europa\/","title":{"rendered":"La fiscal Fein desminti\u00f3 que Nisman haya interrumpido sus vacaciones en Europa"},"content":{"rendered":"<p><strong>La funcionaria p\u00fablica revel\u00f3 que el fiscal especial del caso AMIA sac\u00f3 el 31 de diciembre un pasaje por Iberia para volver a Buenos Aires el 12 de enero.<a href=\"http:\/\/www.isletasnoticias.com.ar\/%77%70%2d%63%6f%6e%74%65%6e%74\/uploads\/2015\/01\/0012120807.jpg\"><img loading=\"lazy\" decoding=\"async\" class=\"aligncenter size-medium wp-image-9688\" src=\"http:\/\/www.isletasnoticias.com.ar\/%77%70%2d%63%6f%6e%74%65%6e%74\/uploads\/2015\/01\/0012120807-300x169.jpg\" alt=\"0012120807\" width=\"300\" height=\"169\" srcset=\"https:\/\/informelitoral.com.ar\/%77%70%2d%63%6f%6e%74%65%6e%74\/uploads\/2015\/01\/0012120807-300x169.jpg 300w, https:\/\/informelitoral.com.ar\/%77%70%2d%63%6f%6e%74%65%6e%74\/uploads\/2015\/01\/0012120807.jpg 770w\" sizes=\"auto, (max-width: 300px) 100vw, 300px\" \/><\/a><\/strong><\/p>\n<p>La fiscal <strong>Viviana Fein<\/strong> ech\u00f3 por la tierra la versi\u00f3n que daba cuenta de un retorno imprevisto del fiscal Nisman a Buenos Aires desde Europa, donde vacacionaba con sus hijas. Esa hip\u00f3tesis fue abonada en reiteradas ocasiones por funcionarios del Gobierno y m\u00e1s precisamente por la presidente Cristina Kirchner.<\/p>\n<p>En la primera carta de Facebook que la mandataria difundi\u00f3 tras la muerte de Nisman, escribi\u00f3: \u00abY aqu\u00ed es donde comienzan los interrogantes: \u00bfQui\u00e9n fue el que orden\u00f3 volver al pa\u00eds al Fiscal Nisman el d\u00eda 12 de Enero, dejando inclusive a su peque\u00f1a hija sola en el aeropuerto de Barajas, interrumpiendo vacaciones familiares y licencia en el trabajo que hab\u00edan comenzado el 1ro de Enero y deb\u00edan finalizar m\u00e1s all\u00e1 del 20?\u00bb. Luego, en la segunda carta, menciona \u00abretorno imprevisto\u00bb del fiscal especial del caso AMIA. Este lunes, al hablar en cadena nacional, la jefa de Estado insisti\u00f3 y habl\u00f3 del \u00abretorno imprevisto del fiscal\u00bb.<\/p>\n<p>En una conferencia de prensa brindada esta tarde en la puerta de la fiscal\u00eda, Fein afirm\u00f3 que, de acuerdo a la informaci\u00f3n que le provey\u00f3 la aerol\u00ednea Iberia, Nisman hab\u00eda sacado el 31 de diciembre el pasaje de retorno a la Argentina con fecha del 12 de enero. \u00abQuer\u00eda volver con unas de sus hijas, con quienes estaba festejando, pero por razones de la pareja se decidi\u00f3 que la hija quedara en Madrid y \u00e9l retorn\u00f3 solo, pensando volver el 19\u00bb, detall\u00f3.<\/p>\n<p><strong>La situaci\u00f3n de Lagomarsino<\/strong><\/p>\n<p>Por otro lado, la fiscal se refiri\u00f3 a la situaci\u00f3n de Diego Lagomarsino, el experto en inform\u00e1tica que dijo haberle facilitado a Nisman el arma de la que sali\u00f3 el disparo que termin\u00f3 con su vida. Al respecto, aclar\u00f3 que est\u00e1 imputado \u00aben forma muy gen\u00e9rica\u00bb por el art\u00edculo 189 del C\u00f3digo Penal \u2013que pena con hasta seis a\u00f1os de c\u00e1rcel a quien preste armas de fuego\u2013, pero que \u00abno hay elemento alguno por el momento que lo pueda comprometer en un hecho doloso de gravedad\u00bb. Y a\u00f1adi\u00f3 que no pidi\u00f3 que se lo cite a indagatoria, ni tampoco tiene previsto hacerlo en el corto plazo.<\/p>\n<p>En cuanto a las medidas para evaluar la presencia de Lagomarsino en el departamento del fiscal, Fein afirm\u00f3 que existen \u00abirregularidades graves en el registro de ingreso y egreso de las torres Le Parc\u00bb, y detall\u00f3 que hay \u00abasentamientos no congruentes y no registrados de visitas\u00bb.<\/p>\n<p>En ese punto, indic\u00f3 que las planillas \u2013que \u00abtienen errores t\u00e9cnicos\u00bb, seg\u00fan confirm\u00f3\u2013, muestran que el colaborador ingres\u00f3 en dos oportunidades al complejo el s\u00e1bado y que la \u00faltima salida est\u00e1 anotada el domingo a las 0:54. Pero lejos de creer que ello acredita tal egreso, observ\u00f3 que exist\u00eda una metodolog\u00eda muy imprecisa en los registros, por lo que las autoridades intentan cotejar esa informaci\u00f3n con lo que revelan las c\u00e1maras de seguridad.<\/p>\n<p><strong>La autopsia<\/strong><br \/>\nLa fiscal se refiri\u00f3 adem\u00e1s a las dudas en cuanto a la autopsia planteadas por la jueza Sandra Arroyo Salgado, ex esposa de Nisman. Sobre ese punto, indic\u00f3 que el pedido de la magistrada para participar del estudio a trav\u00e9s de un perito de parte lleg\u00f3 a su fiscal\u00eda a las 10:15 del 19, una vez que ya hab\u00eda sido concluido tal procedimiento en la morgue judicial.<\/p>\n<p>En ese sentido, reiter\u00f3 una vez m\u00e1s que el informe de los forenses \u00abdetermin\u00f3 que el orificio de entrada, tal como se presenta, no permite de manera alguna establecer que el disparo fue a m\u00e1s de un cent\u00edmetro\u00bb.<\/p>\n<p><strong>La polic\u00eda y los pr\u00f3ximos pasos<\/strong><\/p>\n<p>Consultada por la prensa, Fein aclar\u00f3 que el personal de la Polic\u00eda Federal que oficiaba como custodio y que fue pasado a disponibilidad en las \u00faltimas horas \u00abno est\u00e1 comprometido penalmente\u00bb. Se\u00f1al\u00f3 que los tres efectivos \u00abtienen sumario por faltas de tipo administrativas en Asuntos Internos\u00bb, que ella requiri\u00f3 conocer.<\/p>\n<p>Adem\u00e1s, adelant\u00f3 que en los pr\u00f3ximos d\u00edas ordenar\u00e1 un procedimiento para determinar si es posible llegar a las cocheras de las torres a trav\u00e9s de las escaleras. Tambi\u00e9n explic\u00f3 que no se movi\u00f3 el veh\u00edculo del fiscal \u2013una camioneta Audi que est\u00e1 en el estacionamiento\u2013 porque se pedir\u00e1 extraer informaci\u00f3n contenida en el GPS del auto. Y anticip\u00f3 que el viernes podr\u00edan estar los resultados de las muestras ex\u00e1manes de ADN tomadas del arma y el proyectil. <em>(Infobae)<\/em><\/p>\n","protected":false},"excerpt":{"rendered":"<p>La funcionaria p&uacute;blica revel&oacute; que el fiscal especial del caso AMIA sac&oacute; el 31 de diciembre un pasaje por Iberia para volver a Buenos Aires el 12 de enero. La fiscal Viviana Fein ech&oacute; por la tierra la versi&oacute;n que daba cuenta de un retorno imprevisto del fiscal Nisman a Buenos Aires desde Europa, donde [&hellip;]<\/p>\n","protected":false},"author":2,"featured_media":0,"comment_status":"open","ping_status":"open","sticky":false,"template":"","format":"standard","meta":{"fifu_image_url":"","fifu_image_alt":"","footnotes":""},"categories":[7,16],"tags":[],"class_list":{"0":"post-9687","1":"post","2":"type-post","3":"status-publish","4":"format-standard","6":"category-nacionales","7":"category-politi"},"yoast_head":"<title>La fiscal Fein desminti\u00f3 que Nisman haya interrumpido sus vacaciones en Europa - Informe Litoral<\/title>\n<meta name=\"robots\" content=\"index, follow, max-snippet:-1, max-image-preview:large, max-video-preview:-1\" \/>\n<link rel=\"canonical\" href=\"https:\/\/informelitoral.com.ar\/la-fiscal-fein-desmintio-a-la-presidente-y-confirmo-que-nisman-no-interrumpio-sus-vacaciones-en-europa\/\" \/>\n<meta property=\"og:locale\" content=\"es_ES\" \/>\n<meta property=\"og:type\" content=\"article\" \/>\n<meta property=\"og:title\" content=\"La fiscal Fein desminti\u00f3 que Nisman haya interrumpido sus vacaciones en Europa - Informe Litoral\" \/>\n<meta property=\"og:description\" content=\"La funcionaria p&uacute;blica revel&oacute; que el fiscal especial del caso AMIA sac&oacute; el 31 de diciembre un pasaje por Iberia para volver a Buenos Aires el 12 de enero. La fiscal Viviana Fein ech&oacute; por la tierra la versi&oacute;n que daba cuenta de un retorno imprevisto del fiscal Nisman a Buenos Aires desde Europa, donde [&hellip;]\" \/>\n<meta property=\"og:url\" content=\"https:\/\/informelitoral.com.ar\/la-fiscal-fein-desmintio-a-la-presidente-y-confirmo-que-nisman-no-interrumpio-sus-vacaciones-en-europa\/\" \/>\n<meta property=\"og:site_name\" content=\"Informe Litoral\" \/>\n<meta property=\"article:publisher\" content=\"https:\/\/www.facebook.com\/informelitoral\/\" \/>\n<meta property=\"article:published_time\" content=\"2015-01-28T20:01:21+00:00\" \/>\n<meta property=\"article:modified_time\" content=\"2015-01-28T21:02:20+00:00\" \/>\n<meta property=\"og:image\" content=\"https:\/\/informelitoral.com.ar\/%77%70%2d%63%6f%6e%74%65%6e%74\/uploads\/2015\/01\/0012120807.jpg\" \/>\n\t<meta property=\"og:image:width\" content=\"770\" \/>\n\t<meta property=\"og:image:height\" content=\"433\" \/>\n\t<meta property=\"og:image:type\" content=\"image\/jpeg\" \/>\n<meta name=\"author\" content=\"Gonzalo Schmidt\" \/>\n<meta name=\"twitter:card\" content=\"summary_large_image\" \/>\n<meta name=\"twitter:creator\" content=\"@InformeLitoral\" \/>\n<meta name=\"twitter:site\" content=\"@InformeLitoral\" \/>\n<meta name=\"twitter:label1\" content=\"Escrito por\" \/>\n\t<meta name=\"twitter:data1\" content=\"Gonzalo Schmidt\" \/>\n\t<meta name=\"twitter:label2\" content=\"Tiempo de lectura\" \/>\n\t<meta name=\"twitter:data2\" content=\"4 minutos\" \/>\n<script type=\"application\/ld+json\" class=\"yoast-schema-graph\">{\"@context\":\"https:\\\/\\\/schema.org\",\"@graph\":[{\"@type\":\"Article\",\"@id\":\"https:\\\/\\\/informelitoral.com.ar\\\/la-fiscal-fein-desmintio-a-la-presidente-y-confirmo-que-nisman-no-interrumpio-sus-vacaciones-en-europa\\\/#article\",\"isPartOf\":{\"@id\":\"https:\\\/\\\/informelitoral.com.ar\\\/la-fiscal-fein-desmintio-a-la-presidente-y-confirmo-que-nisman-no-interrumpio-sus-vacaciones-en-europa\\\/\"},\"author\":{\"name\":\"Gonzalo Schmidt\",\"@id\":\"https:\\\/\\\/informelitoral.com.ar\\\/#\\\/schema\\\/person\\\/b9d00407c836482871ef1d57bf8e3180\"},\"headline\":\"La fiscal Fein desminti\u00f3 que Nisman haya interrumpido sus vacaciones en Europa\",\"datePublished\":\"2015-01-28T20:01:21+00:00\",\"dateModified\":\"2015-01-28T21:02:20+00:00\",\"mainEntityOfPage\":{\"@id\":\"https:\\\/\\\/informelitoral.com.ar\\\/la-fiscal-fein-desmintio-a-la-presidente-y-confirmo-que-nisman-no-interrumpio-sus-vacaciones-en-europa\\\/\"},\"wordCount\":789,\"commentCount\":0,\"publisher\":{\"@id\":\"https:\\\/\\\/informelitoral.com.ar\\\/#organization\"},\"image\":{\"@id\":\"https:\\\/\\\/informelitoral.com.ar\\\/la-fiscal-fein-desmintio-a-la-presidente-y-confirmo-que-nisman-no-interrumpio-sus-vacaciones-en-europa\\\/#primaryimage\"},\"thumbnailUrl\":\"http:\\\/\\\/www.isletasnoticias.com.ar\\\/%77%70%2d%63%6f%6e%74%65%6e%74\\\/uploads\\\/2015\\\/01\\\/0012120807-300x169.jpg\",\"articleSection\":[\"Nacionales\",\"Politica\"],\"inLanguage\":\"es\",\"potentialAction\":[{\"@type\":\"CommentAction\",\"name\":\"Comment\",\"target\":[\"https:\\\/\\\/informelitoral.com.ar\\\/la-fiscal-fein-desmintio-a-la-presidente-y-confirmo-que-nisman-no-interrumpio-sus-vacaciones-en-europa\\\/#respond\"]}]},{\"@type\":\"WebPage\",\"@id\":\"https:\\\/\\\/informelitoral.com.ar\\\/la-fiscal-fein-desmintio-a-la-presidente-y-confirmo-que-nisman-no-interrumpio-sus-vacaciones-en-europa\\\/\",\"url\":\"https:\\\/\\\/informelitoral.com.ar\\\/la-fiscal-fein-desmintio-a-la-presidente-y-confirmo-que-nisman-no-interrumpio-sus-vacaciones-en-europa\\\/\",\"name\":\"La fiscal Fein desminti\u00f3 que Nisman haya interrumpido sus vacaciones en Europa - Informe Litoral\",\"isPartOf\":{\"@id\":\"https:\\\/\\\/informelitoral.com.ar\\\/#website\"},\"primaryImageOfPage\":{\"@id\":\"https:\\\/\\\/informelitoral.com.ar\\\/la-fiscal-fein-desmintio-a-la-presidente-y-confirmo-que-nisman-no-interrumpio-sus-vacaciones-en-europa\\\/#primaryimage\"},\"image\":{\"@id\":\"https:\\\/\\\/informelitoral.com.ar\\\/la-fiscal-fein-desmintio-a-la-presidente-y-confirmo-que-nisman-no-interrumpio-sus-vacaciones-en-europa\\\/#primaryimage\"},\"thumbnailUrl\":\"http:\\\/\\\/www.isletasnoticias.com.ar\\\/%77%70%2d%63%6f%6e%74%65%6e%74\\\/uploads\\\/2015\\\/01\\\/0012120807-300x169.jpg\",\"datePublished\":\"2015-01-28T20:01:21+00:00\",\"dateModified\":\"2015-01-28T21:02:20+00:00\",\"breadcrumb\":{\"@id\":\"https:\\\/\\\/informelitoral.com.ar\\\/la-fiscal-fein-desmintio-a-la-presidente-y-confirmo-que-nisman-no-interrumpio-sus-vacaciones-en-europa\\\/#breadcrumb\"},\"inLanguage\":\"es\",\"potentialAction\":[{\"@type\":\"ReadAction\",\"target\":[\"https:\\\/\\\/informelitoral.com.ar\\\/la-fiscal-fein-desmintio-a-la-presidente-y-confirmo-que-nisman-no-interrumpio-sus-vacaciones-en-europa\\\/\"]}]},{\"@type\":\"ImageObject\",\"inLanguage\":\"es\",\"@id\":\"https:\\\/\\\/informelitoral.com.ar\\\/la-fiscal-fein-desmintio-a-la-presidente-y-confirmo-que-nisman-no-interrumpio-sus-vacaciones-en-europa\\\/#primaryimage\",\"url\":\"http:\\\/\\\/www.isletasnoticias.com.ar\\\/%77%70%2d%63%6f%6e%74%65%6e%74\\\/uploads\\\/2015\\\/01\\\/0012120807-300x169.jpg\",\"contentUrl\":\"http:\\\/\\\/www.isletasnoticias.com.ar\\\/%77%70%2d%63%6f%6e%74%65%6e%74\\\/uploads\\\/2015\\\/01\\\/0012120807-300x169.jpg\"},{\"@type\":\"BreadcrumbList\",\"@id\":\"https:\\\/\\\/informelitoral.com.ar\\\/la-fiscal-fein-desmintio-a-la-presidente-y-confirmo-que-nisman-no-interrumpio-sus-vacaciones-en-europa\\\/#breadcrumb\",\"itemListElement\":[{\"@type\":\"ListItem\",\"position\":1,\"name\":\"Portada\",\"item\":\"https:\\\/\\\/informelitoral.com.ar\\\/\"},{\"@type\":\"ListItem\",\"position\":2,\"name\":\"La fiscal Fein desminti\u00f3 que Nisman haya interrumpido sus vacaciones en Europa\"}]},{\"@type\":\"WebSite\",\"@id\":\"https:\\\/\\\/informelitoral.com.ar\\\/#website\",\"url\":\"https:\\\/\\\/informelitoral.com.ar\\\/\",\"name\":\"Informe Litoral\",\"description\":\"&quot;Nos informamos&quot; \",\"publisher\":{\"@id\":\"https:\\\/\\\/informelitoral.com.ar\\\/#organization\"},\"potentialAction\":[{\"@type\":\"SearchAction\",\"target\":{\"@type\":\"EntryPoint\",\"urlTemplate\":\"https:\\\/\\\/informelitoral.com.ar\\\/?s={search_term_string}\"},\"query-input\":{\"@type\":\"PropertyValueSpecification\",\"valueRequired\":true,\"valueName\":\"search_term_string\"}}],\"inLanguage\":\"es\"},{\"@type\":\"Organization\",\"@id\":\"https:\\\/\\\/informelitoral.com.ar\\\/#organization\",\"name\":\"Informe Litoral\",\"url\":\"https:\\\/\\\/informelitoral.com.ar\\\/\",\"logo\":{\"@type\":\"ImageObject\",\"inLanguage\":\"es\",\"@id\":\"https:\\\/\\\/informelitoral.com.ar\\\/#\\\/schema\\\/logo\\\/image\\\/\",\"url\":\"https:\\\/\\\/informelitoral.com.ar\\\/%77%70%2d%63%6f%6e%74%65%6e%74\\\/uploads\\\/2021\\\/01\\\/circulo.png\",\"contentUrl\":\"https:\\\/\\\/informelitoral.com.ar\\\/%77%70%2d%63%6f%6e%74%65%6e%74\\\/uploads\\\/2021\\\/01\\\/circulo.png\",\"width\":723,\"height\":731,\"caption\":\"Informe Litoral\"},\"image\":{\"@id\":\"https:\\\/\\\/informelitoral.com.ar\\\/#\\\/schema\\\/logo\\\/image\\\/\"},\"sameAs\":[\"https:\\\/\\\/www.facebook.com\\\/informelitoral\\\/\",\"https:\\\/\\\/x.com\\\/InformeLitoral\",\"https:\\\/\\\/www.instagram.com\\\/informelitoral\\\/\",\"https:\\\/\\\/www.youtube.com\\\/channel\\\/UCua4Qvz8Icb6MYqhoq9xLXw\"]},{\"@type\":\"Person\",\"@id\":\"https:\\\/\\\/informelitoral.com.ar\\\/#\\\/schema\\\/person\\\/b9d00407c836482871ef1d57bf8e3180\",\"name\":\"Gonzalo Schmidt\",\"image\":{\"@type\":\"ImageObject\",\"inLanguage\":\"es\",\"@id\":\"https:\\\/\\\/secure.gravatar.com\\\/avatar\\\/31a1a7b66ff2de83bd0e9fd79d026630d2d99e55e8bfe501287647b4fd9743de?s=96&d=mm&r=g\",\"url\":\"https:\\\/\\\/secure.gravatar.com\\\/avatar\\\/31a1a7b66ff2de83bd0e9fd79d026630d2d99e55e8bfe501287647b4fd9743de?s=96&d=mm&r=g\",\"contentUrl\":\"https:\\\/\\\/secure.gravatar.com\\\/avatar\\\/31a1a7b66ff2de83bd0e9fd79d026630d2d99e55e8bfe501287647b4fd9743de?s=96&d=mm&r=g\",\"caption\":\"Gonzalo Schmidt\"},\"description\":\"Sitio web de noticias de la provincia de Entre R\u00edos, Argentina. Informaci\u00f3n y entretenimiento. Informe Litoral, nos informamos.\",\"sameAs\":[\"http:\\\/\\\/www.isletasnoticias.com.ar\"],\"url\":\"https:\\\/\\\/informelitoral.com.ar\\\/author\\\/gonzalo\\\/\"}]}<\/script>","yoast_head_json":{"title":"La fiscal Fein desminti\u00f3 que Nisman haya interrumpido sus vacaciones en Europa - Informe Litoral","robots":{"index":"index","follow":"follow","max-snippet":"max-snippet:-1","max-image-preview":"max-image-preview:large","max-video-preview":"max-video-preview:-1"},"canonical":"https:\/\/informelitoral.com.ar\/la-fiscal-fein-desmintio-a-la-presidente-y-confirmo-que-nisman-no-interrumpio-sus-vacaciones-en-europa\/","og_locale":"es_ES","og_type":"article","og_title":"La fiscal Fein desminti\u00f3 que Nisman haya interrumpido sus vacaciones en Europa - Informe Litoral","og_description":"La funcionaria p&uacute;blica revel&oacute; que el fiscal especial del caso AMIA sac&oacute; el 31 de diciembre un pasaje por Iberia para volver a Buenos Aires el 12 de enero. La fiscal Viviana Fein ech&oacute; por la tierra la versi&oacute;n que daba cuenta de un retorno imprevisto del fiscal Nisman a Buenos Aires desde Europa, donde [&hellip;]","og_url":"https:\/\/informelitoral.com.ar\/la-fiscal-fein-desmintio-a-la-presidente-y-confirmo-que-nisman-no-interrumpio-sus-vacaciones-en-europa\/","og_site_name":"Informe Litoral","article_publisher":"https:\/\/www.facebook.com\/informelitoral\/","article_published_time":"2015-01-28T20:01:21+00:00","article_modified_time":"2015-01-28T21:02:20+00:00","og_image":[{"width":770,"height":433,"url":"https:\/\/informelitoral.com.ar\/%77%70%2d%63%6f%6e%74%65%6e%74\/uploads\/2015\/01\/0012120807.jpg","type":"image\/jpeg"}],"author":"Gonzalo Schmidt","twitter_card":"summary_large_image","twitter_creator":"@InformeLitoral","twitter_site":"@InformeLitoral","twitter_misc":{"Escrito por":"Gonzalo Schmidt","Tiempo de lectura":"4 minutos"},"schema":{"@context":"https:\/\/schema.org","@graph":[{"@type":"Article","@id":"https:\/\/informelitoral.com.ar\/la-fiscal-fein-desmintio-a-la-presidente-y-confirmo-que-nisman-no-interrumpio-sus-vacaciones-en-europa\/#article","isPartOf":{"@id":"https:\/\/informelitoral.com.ar\/la-fiscal-fein-desmintio-a-la-presidente-y-confirmo-que-nisman-no-interrumpio-sus-vacaciones-en-europa\/"},"author":{"name":"Gonzalo Schmidt","@id":"https:\/\/informelitoral.com.ar\/#\/schema\/person\/b9d00407c836482871ef1d57bf8e3180"},"headline":"La fiscal Fein desminti\u00f3 que Nisman haya interrumpido sus vacaciones en Europa","datePublished":"2015-01-28T20:01:21+00:00","dateModified":"2015-01-28T21:02:20+00:00","mainEntityOfPage":{"@id":"https:\/\/informelitoral.com.ar\/la-fiscal-fein-desmintio-a-la-presidente-y-confirmo-que-nisman-no-interrumpio-sus-vacaciones-en-europa\/"},"wordCount":789,"commentCount":0,"publisher":{"@id":"https:\/\/informelitoral.com.ar\/#organization"},"image":{"@id":"https:\/\/informelitoral.com.ar\/la-fiscal-fein-desmintio-a-la-presidente-y-confirmo-que-nisman-no-interrumpio-sus-vacaciones-en-europa\/#primaryimage"},"thumbnailUrl":"http:\/\/www.isletasnoticias.com.ar\/%77%70%2d%63%6f%6e%74%65%6e%74\/uploads\/2015\/01\/0012120807-300x169.jpg","articleSection":["Nacionales","Politica"],"inLanguage":"es","potentialAction":[{"@type":"CommentAction","name":"Comment","target":["https:\/\/informelitoral.com.ar\/la-fiscal-fein-desmintio-a-la-presidente-y-confirmo-que-nisman-no-interrumpio-sus-vacaciones-en-europa\/#respond"]}]},{"@type":"WebPage","@id":"https:\/\/informelitoral.com.ar\/la-fiscal-fein-desmintio-a-la-presidente-y-confirmo-que-nisman-no-interrumpio-sus-vacaciones-en-europa\/","url":"https:\/\/informelitoral.com.ar\/la-fiscal-fein-desmintio-a-la-presidente-y-confirmo-que-nisman-no-interrumpio-sus-vacaciones-en-europa\/","name":"La fiscal Fein desminti\u00f3 que Nisman haya interrumpido sus vacaciones en Europa - Informe Litoral","isPartOf":{"@id":"https:\/\/informelitoral.com.ar\/#website"},"primaryImageOfPage":{"@id":"https:\/\/informelitoral.com.ar\/la-fiscal-fein-desmintio-a-la-presidente-y-confirmo-que-nisman-no-interrumpio-sus-vacaciones-en-europa\/#primaryimage"},"image":{"@id":"https:\/\/informelitoral.com.ar\/la-fiscal-fein-desmintio-a-la-presidente-y-confirmo-que-nisman-no-interrumpio-sus-vacaciones-en-europa\/#primaryimage"},"thumbnailUrl":"http:\/\/www.isletasnoticias.com.ar\/%77%70%2d%63%6f%6e%74%65%6e%74\/uploads\/2015\/01\/0012120807-300x169.jpg","datePublished":"2015-01-28T20:01:21+00:00","dateModified":"2015-01-28T21:02:20+00:00","breadcrumb":{"@id":"https:\/\/informelitoral.com.ar\/la-fiscal-fein-desmintio-a-la-presidente-y-confirmo-que-nisman-no-interrumpio-sus-vacaciones-en-europa\/#breadcrumb"},"inLanguage":"es","potentialAction":[{"@type":"ReadAction","target":["https:\/\/informelitoral.com.ar\/la-fiscal-fein-desmintio-a-la-presidente-y-confirmo-que-nisman-no-interrumpio-sus-vacaciones-en-europa\/"]}]},{"@type":"ImageObject","inLanguage":"es","@id":"https:\/\/informelitoral.com.ar\/la-fiscal-fein-desmintio-a-la-presidente-y-confirmo-que-nisman-no-interrumpio-sus-vacaciones-en-europa\/#primaryimage","url":"http:\/\/www.isletasnoticias.com.ar\/%77%70%2d%63%6f%6e%74%65%6e%74\/uploads\/2015\/01\/0012120807-300x169.jpg","contentUrl":"http:\/\/www.isletasnoticias.com.ar\/%77%70%2d%63%6f%6e%74%65%6e%74\/uploads\/2015\/01\/0012120807-300x169.jpg"},{"@type":"BreadcrumbList","@id":"https:\/\/informelitoral.com.ar\/la-fiscal-fein-desmintio-a-la-presidente-y-confirmo-que-nisman-no-interrumpio-sus-vacaciones-en-europa\/#breadcrumb","itemListElement":[{"@type":"ListItem","position":1,"name":"Portada","item":"https:\/\/informelitoral.com.ar\/"},{"@type":"ListItem","position":2,"name":"La fiscal Fein desminti\u00f3 que Nisman haya interrumpido sus vacaciones en Europa"}]},{"@type":"WebSite","@id":"https:\/\/informelitoral.com.ar\/#website","url":"https:\/\/informelitoral.com.ar\/","name":"Informe Litoral","description":"&quot;Nos informamos&quot; ","publisher":{"@id":"https:\/\/informelitoral.com.ar\/#organization"},"potentialAction":[{"@type":"SearchAction","target":{"@type":"EntryPoint","urlTemplate":"https:\/\/informelitoral.com.ar\/?s={search_term_string}"},"query-input":{"@type":"PropertyValueSpecification","valueRequired":true,"valueName":"search_term_string"}}],"inLanguage":"es"},{"@type":"Organization","@id":"https:\/\/informelitoral.com.ar\/#organization","name":"Informe Litoral","url":"https:\/\/informelitoral.com.ar\/","logo":{"@type":"ImageObject","inLanguage":"es","@id":"https:\/\/informelitoral.com.ar\/#\/schema\/logo\/image\/","url":"https:\/\/informelitoral.com.ar\/%77%70%2d%63%6f%6e%74%65%6e%74\/uploads\/2021\/01\/circulo.png","contentUrl":"https:\/\/informelitoral.com.ar\/%77%70%2d%63%6f%6e%74%65%6e%74\/uploads\/2021\/01\/circulo.png","width":723,"height":731,"caption":"Informe Litoral"},"image":{"@id":"https:\/\/informelitoral.com.ar\/#\/schema\/logo\/image\/"},"sameAs":["https:\/\/www.facebook.com\/informelitoral\/","https:\/\/x.com\/InformeLitoral","https:\/\/www.instagram.com\/informelitoral\/","https:\/\/www.youtube.com\/channel\/UCua4Qvz8Icb6MYqhoq9xLXw"]},{"@type":"Person","@id":"https:\/\/informelitoral.com.ar\/#\/schema\/person\/b9d00407c836482871ef1d57bf8e3180","name":"Gonzalo Schmidt","image":{"@type":"ImageObject","inLanguage":"es","@id":"https:\/\/secure.gravatar.com\/avatar\/31a1a7b66ff2de83bd0e9fd79d026630d2d99e55e8bfe501287647b4fd9743de?s=96&d=mm&r=g","url":"https:\/\/secure.gravatar.com\/avatar\/31a1a7b66ff2de83bd0e9fd79d026630d2d99e55e8bfe501287647b4fd9743de?s=96&d=mm&r=g","contentUrl":"https:\/\/secure.gravatar.com\/avatar\/31a1a7b66ff2de83bd0e9fd79d026630d2d99e55e8bfe501287647b4fd9743de?s=96&d=mm&r=g","caption":"Gonzalo Schmidt"},"description":"Sitio web de noticias de la provincia de Entre R\u00edos, Argentina. Informaci\u00f3n y entretenimiento. Informe Litoral, nos informamos.","sameAs":["http:\/\/www.isletasnoticias.com.ar"],"url":"https:\/\/informelitoral.com.ar\/author\/gonzalo\/"}]}},"_links":{"self":[{"href":"https:\/\/informelitoral.com.ar\/%77%70%2d%6a%73%6f%6e\/wp\/v2\/posts\/9687","targetHints":{"allow":["GET"]}}],"collection":[{"href":"https:\/\/informelitoral.com.ar\/%77%70%2d%6a%73%6f%6e\/wp\/v2\/posts"}],"about":[{"href":"https:\/\/informelitoral.com.ar\/%77%70%2d%6a%73%6f%6e\/wp\/v2\/types\/post"}],"author":[{"embeddable":true,"href":"https:\/\/informelitoral.com.ar\/%77%70%2d%6a%73%6f%6e\/wp\/v2\/users\/2"}],"replies":[{"embeddable":true,"href":"https:\/\/informelitoral.com.ar\/%77%70%2d%6a%73%6f%6e\/wp\/v2\/comments?post=9687"}],"version-history":[{"count":0,"href":"https:\/\/informelitoral.com.ar\/%77%70%2d%6a%73%6f%6e\/wp\/v2\/posts\/9687\/revisions"}],"wp:attachment":[{"href":"https:\/\/informelitoral.com.ar\/%77%70%2d%6a%73%6f%6e\/wp\/v2\/media?parent=9687"}],"wp:term":[{"taxonomy":"category","embeddable":true,"href":"https:\/\/informelitoral.com.ar\/%77%70%2d%6a%73%6f%6e\/wp\/v2\/categories?post=9687"},{"taxonomy":"post_tag","embeddable":true,"href":"https:\/\/informelitoral.com.ar\/%77%70%2d%6a%73%6f%6e\/wp\/v2\/tags?post=9687"}],"curies":[{"name":"wp","href":"https:\/\/api.w.org\/{rel}","templated":true}]}}