{"id":9663,"date":"2015-01-28T19:53:04","date_gmt":"2015-01-28T22:53:04","guid":{"rendered":"http:\/\/www.isletasnoticias.com.ar\/?p=9663"},"modified":"2015-01-28T19:59:35","modified_gmt":"2015-01-28T22:59:35","slug":"ramirez-cesar-erhardt-y-gonzalo-schmidt-vuelven-a-la-radio-este-domingo","status":"publish","type":"post","link":"https:\/\/informelitoral.com.ar\/ramirez-cesar-erhardt-y-gonzalo-schmidt-vuelven-a-la-radio-este-domingo\/","title":{"rendered":"Ram\u00edrez: C\u00e9sar Erhardt y Gonzalo Schmidt vuelven a la radio este domingo"},"content":{"rendered":"<p><strong>Los conductores del programa <em>Ven\u00ed Vamos a Bailar,<\/em> que se emite de 10.30 a 13.00 por <em>Eco FM 100.3<\/em> de Gral. Ram\u00edrez, retomar\u00e1n el ciclo tras las vacaciones de enero.\u00a0<a href=\"http:\/\/www.isletasnoticias.com.ar\/%77%70%2d%63%6f%6e%74%65%6e%74\/uploads\/2015\/01\/Untitled-1.jpg\"><img loading=\"lazy\" decoding=\"async\" class=\"aligncenter size-medium wp-image-9665\" src=\"http:\/\/www.isletasnoticias.com.ar\/%77%70%2d%63%6f%6e%74%65%6e%74\/uploads\/2015\/01\/Untitled-1-300x200.jpg\" alt=\"Untitled-1\" width=\"300\" height=\"200\" srcset=\"https:\/\/informelitoral.com.ar\/%77%70%2d%63%6f%6e%74%65%6e%74\/uploads\/2015\/01\/Untitled-1-300x200.jpg 300w, https:\/\/informelitoral.com.ar\/%77%70%2d%63%6f%6e%74%65%6e%74\/uploads\/2015\/01\/Untitled-1.jpg 600w\" sizes=\"auto, (max-width: 300px) 100vw, 300px\" \/><\/a><\/strong><\/p>\n<div>Este domingo 1\u00b0 de febrero, luego de la transmisi\u00f3n del culto de la Iglesia Evang\u00e9lica del R\u00edo de la Plata (IERP), de 10.30 a 13.00,<strong> C\u00e9sar Erhardt <\/strong>(48) y <strong>Gonzalo Schmidt <\/strong>(23) volver\u00e1n a hacerse cargo del programa <em>Ven\u00ed Vamos <\/em>a Bailar de<em> Eco FM 100.3.\u00a0<\/em><\/div>\n<div><\/div>\n<p>Si bien el espacio pertenece a la Colectividad Alemana de dicha ciudad, sus conductores buscan llegar \u00aba un p\u00fablico amplio, que guste de las polcas alemanas interpretadas por los grupos de la zona, como Los Binder, la Bandita Edelweiss, Grupo Sol, Los Nuevos Waigandt, Revelaci\u00f3n Alemana, Los Amigos Musiqueros, el Cuarteto Alem\u00e1n, Banda Estrella, Maravillas Alemanas, Los Enkel, entro otros tantos grupos\u00bb, comentaron.<\/p>\n<p>\u00abLa idea, es escuchar m\u00fasica, compartir algunas informaciones, recuerdos, sorteos y buen humor para distendernos y comenzar la semana con la mejor energ\u00eda\u00bb, a\u00f1adieron.<\/p>\n<p>La participaci\u00f3n de los oyentes en el programa es muy importante, por lo que pueden comunicarse mediante mensajes de texto, WhatsApp o llamar y salir al aire en la emisora de Eva Per\u00f3n 566, que en octubre cumple su 30\u00b0 aniversario.<\/p>\n<p>Recordemos que el programa lleva m\u00e1s de 10 a\u00f1os al aire, pero Schmidt se hizo cargo de la conducci\u00f3n en octubre de 2013 y en 2014, se sum\u00f3 Erhardt, que con su canto y sus comentarios en alem\u00e1n, gan\u00f3 gran parte de la audiencia de Ram\u00edrez y la regi\u00f3n. Quienes est\u00e9n fuera del alcance por antena, pueden sintonizar el programa en <a href=\"https:\/\/www.google.com.ar\/url?sa=t&amp;rct=j&amp;q=&amp;esrc=s&amp;source=web&amp;cd=1&amp;cad=rja&amp;uact=8&amp;ved=0CB4QFjAA&amp;url=http%3A%2F%2Fwww.fmeco1003.com.ar%2F&amp;ei=9TvIVM_CBOrIsASKq4LYBg&amp;usg=AFQjCNFt2aM390TicrrS3LrYmFDe7UHlVQ&amp;bvm=bv.84607526,d.cWc\">www.fmeco1003.com.ar\u00a0<\/a>.<\/p>\n","protected":false},"excerpt":{"rendered":"<p>Los conductores del programa Ven&iacute; Vamos a Bailar, que se emite de 10.30 a 13.00 por Eco FM 100.3 de Gral. Ram&iacute;rez, retomar&aacute;n el ciclo tras las vacaciones de enero.&nbsp; Este domingo 1&deg; de febrero, luego de la transmisi&oacute;n del culto de la Iglesia Evang&eacute;lica del R&iacute;o de la Plata (IERP), de 10.30 a 13.00, [&hellip;]<\/p>\n","protected":false},"author":2,"featured_media":0,"comment_status":"open","ping_status":"open","sticky":false,"template":"","format":"standard","meta":{"fifu_image_url":"","fifu_image_alt":"","footnotes":""},"categories":[5,12,9],"tags":[],"class_list":{"0":"post-9663","1":"post","2":"type-post","3":"status-publish","4":"format-standard","6":"category-zonales","7":"category-espectaculos","8":"category-sociedad"},"yoast_head":"<title>Ram\u00edrez: C\u00e9sar Erhardt y Gonzalo Schmidt vuelven a la radio este domingo - Informe Litoral<\/title>\n<meta name=\"robots\" content=\"index, follow, max-snippet:-1, max-image-preview:large, max-video-preview:-1\" \/>\n<link rel=\"canonical\" href=\"https:\/\/informelitoral.com.ar\/ramirez-cesar-erhardt-y-gonzalo-schmidt-vuelven-a-la-radio-este-domingo\/\" \/>\n<meta property=\"og:locale\" content=\"es_ES\" \/>\n<meta property=\"og:type\" content=\"article\" \/>\n<meta property=\"og:title\" content=\"Ram\u00edrez: C\u00e9sar Erhardt y Gonzalo Schmidt vuelven a la radio este domingo - Informe Litoral\" \/>\n<meta property=\"og:description\" content=\"Los conductores del programa Ven&iacute; Vamos a Bailar, que se emite de 10.30 a 13.00 por Eco FM 100.3 de Gral. Ram&iacute;rez, retomar&aacute;n el ciclo tras las vacaciones de enero.&nbsp; Este domingo 1&deg; de febrero, luego de la transmisi&oacute;n del culto de la Iglesia Evang&eacute;lica del R&iacute;o de la Plata (IERP), de 10.30 a 13.00, [&hellip;]\" \/>\n<meta property=\"og:url\" content=\"https:\/\/informelitoral.com.ar\/ramirez-cesar-erhardt-y-gonzalo-schmidt-vuelven-a-la-radio-este-domingo\/\" \/>\n<meta property=\"og:site_name\" content=\"Informe Litoral\" \/>\n<meta property=\"article:publisher\" content=\"https:\/\/www.facebook.com\/informelitoral\/\" \/>\n<meta property=\"article:published_time\" content=\"2015-01-28T22:53:04+00:00\" \/>\n<meta property=\"article:modified_time\" content=\"2015-01-28T22:59:35+00:00\" \/>\n<meta property=\"og:image\" content=\"https:\/\/informelitoral.com.ar\/%77%70%2d%63%6f%6e%74%65%6e%74\/uploads\/2015\/01\/Untitled-1.jpg\" \/>\n\t<meta property=\"og:image:width\" content=\"600\" \/>\n\t<meta property=\"og:image:height\" content=\"400\" \/>\n\t<meta property=\"og:image:type\" content=\"image\/jpeg\" \/>\n<meta name=\"author\" content=\"Gonzalo Schmidt\" \/>\n<meta name=\"twitter:card\" content=\"summary_large_image\" \/>\n<meta name=\"twitter:creator\" content=\"@InformeLitoral\" \/>\n<meta name=\"twitter:site\" content=\"@InformeLitoral\" \/>\n<meta name=\"twitter:label1\" content=\"Escrito por\" \/>\n\t<meta name=\"twitter:data1\" content=\"Gonzalo Schmidt\" \/>\n\t<meta name=\"twitter:label2\" content=\"Tiempo de lectura\" \/>\n\t<meta name=\"twitter:data2\" content=\"1 minuto\" \/>\n<script type=\"application\/ld+json\" class=\"yoast-schema-graph\">{\"@context\":\"https:\\\/\\\/schema.org\",\"@graph\":[{\"@type\":\"Article\",\"@id\":\"https:\\\/\\\/informelitoral.com.ar\\\/ramirez-cesar-erhardt-y-gonzalo-schmidt-vuelven-a-la-radio-este-domingo\\\/#article\",\"isPartOf\":{\"@id\":\"https:\\\/\\\/informelitoral.com.ar\\\/ramirez-cesar-erhardt-y-gonzalo-schmidt-vuelven-a-la-radio-este-domingo\\\/\"},\"author\":{\"name\":\"Gonzalo Schmidt\",\"@id\":\"https:\\\/\\\/informelitoral.com.ar\\\/#\\\/schema\\\/person\\\/b9d00407c836482871ef1d57bf8e3180\"},\"headline\":\"Ram\u00edrez: C\u00e9sar Erhardt y Gonzalo Schmidt vuelven a la radio este domingo\",\"datePublished\":\"2015-01-28T22:53:04+00:00\",\"dateModified\":\"2015-01-28T22:59:35+00:00\",\"mainEntityOfPage\":{\"@id\":\"https:\\\/\\\/informelitoral.com.ar\\\/ramirez-cesar-erhardt-y-gonzalo-schmidt-vuelven-a-la-radio-este-domingo\\\/\"},\"wordCount\":291,\"commentCount\":0,\"publisher\":{\"@id\":\"https:\\\/\\\/informelitoral.com.ar\\\/#organization\"},\"image\":{\"@id\":\"https:\\\/\\\/informelitoral.com.ar\\\/ramirez-cesar-erhardt-y-gonzalo-schmidt-vuelven-a-la-radio-este-domingo\\\/#primaryimage\"},\"thumbnailUrl\":\"http:\\\/\\\/www.isletasnoticias.com.ar\\\/%77%70%2d%63%6f%6e%74%65%6e%74\\\/uploads\\\/2015\\\/01\\\/Untitled-1-300x200.jpg\",\"articleSection\":[\"Departamento Diamante\",\"Espect\u00e1culos\",\"Sociedad\"],\"inLanguage\":\"es\",\"potentialAction\":[{\"@type\":\"CommentAction\",\"name\":\"Comment\",\"target\":[\"https:\\\/\\\/informelitoral.com.ar\\\/ramirez-cesar-erhardt-y-gonzalo-schmidt-vuelven-a-la-radio-este-domingo\\\/#respond\"]}]},{\"@type\":\"WebPage\",\"@id\":\"https:\\\/\\\/informelitoral.com.ar\\\/ramirez-cesar-erhardt-y-gonzalo-schmidt-vuelven-a-la-radio-este-domingo\\\/\",\"url\":\"https:\\\/\\\/informelitoral.com.ar\\\/ramirez-cesar-erhardt-y-gonzalo-schmidt-vuelven-a-la-radio-este-domingo\\\/\",\"name\":\"Ram\u00edrez: C\u00e9sar Erhardt y Gonzalo Schmidt vuelven a la radio este domingo - Informe Litoral\",\"isPartOf\":{\"@id\":\"https:\\\/\\\/informelitoral.com.ar\\\/#website\"},\"primaryImageOfPage\":{\"@id\":\"https:\\\/\\\/informelitoral.com.ar\\\/ramirez-cesar-erhardt-y-gonzalo-schmidt-vuelven-a-la-radio-este-domingo\\\/#primaryimage\"},\"image\":{\"@id\":\"https:\\\/\\\/informelitoral.com.ar\\\/ramirez-cesar-erhardt-y-gonzalo-schmidt-vuelven-a-la-radio-este-domingo\\\/#primaryimage\"},\"thumbnailUrl\":\"http:\\\/\\\/www.isletasnoticias.com.ar\\\/%77%70%2d%63%6f%6e%74%65%6e%74\\\/uploads\\\/2015\\\/01\\\/Untitled-1-300x200.jpg\",\"datePublished\":\"2015-01-28T22:53:04+00:00\",\"dateModified\":\"2015-01-28T22:59:35+00:00\",\"breadcrumb\":{\"@id\":\"https:\\\/\\\/informelitoral.com.ar\\\/ramirez-cesar-erhardt-y-gonzalo-schmidt-vuelven-a-la-radio-este-domingo\\\/#breadcrumb\"},\"inLanguage\":\"es\",\"potentialAction\":[{\"@type\":\"ReadAction\",\"target\":[\"https:\\\/\\\/informelitoral.com.ar\\\/ramirez-cesar-erhardt-y-gonzalo-schmidt-vuelven-a-la-radio-este-domingo\\\/\"]}]},{\"@type\":\"ImageObject\",\"inLanguage\":\"es\",\"@id\":\"https:\\\/\\\/informelitoral.com.ar\\\/ramirez-cesar-erhardt-y-gonzalo-schmidt-vuelven-a-la-radio-este-domingo\\\/#primaryimage\",\"url\":\"http:\\\/\\\/www.isletasnoticias.com.ar\\\/%77%70%2d%63%6f%6e%74%65%6e%74\\\/uploads\\\/2015\\\/01\\\/Untitled-1-300x200.jpg\",\"contentUrl\":\"http:\\\/\\\/www.isletasnoticias.com.ar\\\/%77%70%2d%63%6f%6e%74%65%6e%74\\\/uploads\\\/2015\\\/01\\\/Untitled-1-300x200.jpg\"},{\"@type\":\"BreadcrumbList\",\"@id\":\"https:\\\/\\\/informelitoral.com.ar\\\/ramirez-cesar-erhardt-y-gonzalo-schmidt-vuelven-a-la-radio-este-domingo\\\/#breadcrumb\",\"itemListElement\":[{\"@type\":\"ListItem\",\"position\":1,\"name\":\"Portada\",\"item\":\"https:\\\/\\\/informelitoral.com.ar\\\/\"},{\"@type\":\"ListItem\",\"position\":2,\"name\":\"Ram\u00edrez: C\u00e9sar Erhardt y Gonzalo Schmidt vuelven a la radio este domingo\"}]},{\"@type\":\"WebSite\",\"@id\":\"https:\\\/\\\/informelitoral.com.ar\\\/#website\",\"url\":\"https:\\\/\\\/informelitoral.com.ar\\\/\",\"name\":\"Informe Litoral\",\"description\":\"&quot;Nos informamos&quot; \",\"publisher\":{\"@id\":\"https:\\\/\\\/informelitoral.com.ar\\\/#organization\"},\"potentialAction\":[{\"@type\":\"SearchAction\",\"target\":{\"@type\":\"EntryPoint\",\"urlTemplate\":\"https:\\\/\\\/informelitoral.com.ar\\\/?s={search_term_string}\"},\"query-input\":{\"@type\":\"PropertyValueSpecification\",\"valueRequired\":true,\"valueName\":\"search_term_string\"}}],\"inLanguage\":\"es\"},{\"@type\":\"Organization\",\"@id\":\"https:\\\/\\\/informelitoral.com.ar\\\/#organization\",\"name\":\"Informe Litoral\",\"url\":\"https:\\\/\\\/informelitoral.com.ar\\\/\",\"logo\":{\"@type\":\"ImageObject\",\"inLanguage\":\"es\",\"@id\":\"https:\\\/\\\/informelitoral.com.ar\\\/#\\\/schema\\\/logo\\\/image\\\/\",\"url\":\"https:\\\/\\\/informelitoral.com.ar\\\/%77%70%2d%63%6f%6e%74%65%6e%74\\\/uploads\\\/2021\\\/01\\\/circulo.png\",\"contentUrl\":\"https:\\\/\\\/informelitoral.com.ar\\\/%77%70%2d%63%6f%6e%74%65%6e%74\\\/uploads\\\/2021\\\/01\\\/circulo.png\",\"width\":723,\"height\":731,\"caption\":\"Informe Litoral\"},\"image\":{\"@id\":\"https:\\\/\\\/informelitoral.com.ar\\\/#\\\/schema\\\/logo\\\/image\\\/\"},\"sameAs\":[\"https:\\\/\\\/www.facebook.com\\\/informelitoral\\\/\",\"https:\\\/\\\/x.com\\\/InformeLitoral\",\"https:\\\/\\\/www.instagram.com\\\/informelitoral\\\/\",\"https:\\\/\\\/www.youtube.com\\\/channel\\\/UCua4Qvz8Icb6MYqhoq9xLXw\"]},{\"@type\":\"Person\",\"@id\":\"https:\\\/\\\/informelitoral.com.ar\\\/#\\\/schema\\\/person\\\/b9d00407c836482871ef1d57bf8e3180\",\"name\":\"Gonzalo Schmidt\",\"image\":{\"@type\":\"ImageObject\",\"inLanguage\":\"es\",\"@id\":\"https:\\\/\\\/secure.gravatar.com\\\/avatar\\\/31a1a7b66ff2de83bd0e9fd79d026630d2d99e55e8bfe501287647b4fd9743de?s=96&d=mm&r=g\",\"url\":\"https:\\\/\\\/secure.gravatar.com\\\/avatar\\\/31a1a7b66ff2de83bd0e9fd79d026630d2d99e55e8bfe501287647b4fd9743de?s=96&d=mm&r=g\",\"contentUrl\":\"https:\\\/\\\/secure.gravatar.com\\\/avatar\\\/31a1a7b66ff2de83bd0e9fd79d026630d2d99e55e8bfe501287647b4fd9743de?s=96&d=mm&r=g\",\"caption\":\"Gonzalo Schmidt\"},\"description\":\"Sitio web de noticias de la provincia de Entre R\u00edos, Argentina. Informaci\u00f3n y entretenimiento. Informe Litoral, nos informamos.\",\"sameAs\":[\"http:\\\/\\\/www.isletasnoticias.com.ar\"],\"url\":\"https:\\\/\\\/informelitoral.com.ar\\\/author\\\/gonzalo\\\/\"}]}<\/script>","yoast_head_json":{"title":"Ram\u00edrez: C\u00e9sar Erhardt y Gonzalo Schmidt vuelven a la radio este domingo - Informe Litoral","robots":{"index":"index","follow":"follow","max-snippet":"max-snippet:-1","max-image-preview":"max-image-preview:large","max-video-preview":"max-video-preview:-1"},"canonical":"https:\/\/informelitoral.com.ar\/ramirez-cesar-erhardt-y-gonzalo-schmidt-vuelven-a-la-radio-este-domingo\/","og_locale":"es_ES","og_type":"article","og_title":"Ram\u00edrez: C\u00e9sar Erhardt y Gonzalo Schmidt vuelven a la radio este domingo - Informe Litoral","og_description":"Los conductores del programa Ven&iacute; Vamos a Bailar, que se emite de 10.30 a 13.00 por Eco FM 100.3 de Gral. Ram&iacute;rez, retomar&aacute;n el ciclo tras las vacaciones de enero.&nbsp; Este domingo 1&deg; de febrero, luego de la transmisi&oacute;n del culto de la Iglesia Evang&eacute;lica del R&iacute;o de la Plata (IERP), de 10.30 a 13.00, [&hellip;]","og_url":"https:\/\/informelitoral.com.ar\/ramirez-cesar-erhardt-y-gonzalo-schmidt-vuelven-a-la-radio-este-domingo\/","og_site_name":"Informe Litoral","article_publisher":"https:\/\/www.facebook.com\/informelitoral\/","article_published_time":"2015-01-28T22:53:04+00:00","article_modified_time":"2015-01-28T22:59:35+00:00","og_image":[{"width":600,"height":400,"url":"https:\/\/informelitoral.com.ar\/%77%70%2d%63%6f%6e%74%65%6e%74\/uploads\/2015\/01\/Untitled-1.jpg","type":"image\/jpeg"}],"author":"Gonzalo Schmidt","twitter_card":"summary_large_image","twitter_creator":"@InformeLitoral","twitter_site":"@InformeLitoral","twitter_misc":{"Escrito por":"Gonzalo Schmidt","Tiempo de lectura":"1 minuto"},"schema":{"@context":"https:\/\/schema.org","@graph":[{"@type":"Article","@id":"https:\/\/informelitoral.com.ar\/ramirez-cesar-erhardt-y-gonzalo-schmidt-vuelven-a-la-radio-este-domingo\/#article","isPartOf":{"@id":"https:\/\/informelitoral.com.ar\/ramirez-cesar-erhardt-y-gonzalo-schmidt-vuelven-a-la-radio-este-domingo\/"},"author":{"name":"Gonzalo Schmidt","@id":"https:\/\/informelitoral.com.ar\/#\/schema\/person\/b9d00407c836482871ef1d57bf8e3180"},"headline":"Ram\u00edrez: C\u00e9sar Erhardt y Gonzalo Schmidt vuelven a la radio este domingo","datePublished":"2015-01-28T22:53:04+00:00","dateModified":"2015-01-28T22:59:35+00:00","mainEntityOfPage":{"@id":"https:\/\/informelitoral.com.ar\/ramirez-cesar-erhardt-y-gonzalo-schmidt-vuelven-a-la-radio-este-domingo\/"},"wordCount":291,"commentCount":0,"publisher":{"@id":"https:\/\/informelitoral.com.ar\/#organization"},"image":{"@id":"https:\/\/informelitoral.com.ar\/ramirez-cesar-erhardt-y-gonzalo-schmidt-vuelven-a-la-radio-este-domingo\/#primaryimage"},"thumbnailUrl":"http:\/\/www.isletasnoticias.com.ar\/%77%70%2d%63%6f%6e%74%65%6e%74\/uploads\/2015\/01\/Untitled-1-300x200.jpg","articleSection":["Departamento Diamante","Espect\u00e1culos","Sociedad"],"inLanguage":"es","potentialAction":[{"@type":"CommentAction","name":"Comment","target":["https:\/\/informelitoral.com.ar\/ramirez-cesar-erhardt-y-gonzalo-schmidt-vuelven-a-la-radio-este-domingo\/#respond"]}]},{"@type":"WebPage","@id":"https:\/\/informelitoral.com.ar\/ramirez-cesar-erhardt-y-gonzalo-schmidt-vuelven-a-la-radio-este-domingo\/","url":"https:\/\/informelitoral.com.ar\/ramirez-cesar-erhardt-y-gonzalo-schmidt-vuelven-a-la-radio-este-domingo\/","name":"Ram\u00edrez: C\u00e9sar Erhardt y Gonzalo Schmidt vuelven a la radio este domingo - Informe Litoral","isPartOf":{"@id":"https:\/\/informelitoral.com.ar\/#website"},"primaryImageOfPage":{"@id":"https:\/\/informelitoral.com.ar\/ramirez-cesar-erhardt-y-gonzalo-schmidt-vuelven-a-la-radio-este-domingo\/#primaryimage"},"image":{"@id":"https:\/\/informelitoral.com.ar\/ramirez-cesar-erhardt-y-gonzalo-schmidt-vuelven-a-la-radio-este-domingo\/#primaryimage"},"thumbnailUrl":"http:\/\/www.isletasnoticias.com.ar\/%77%70%2d%63%6f%6e%74%65%6e%74\/uploads\/2015\/01\/Untitled-1-300x200.jpg","datePublished":"2015-01-28T22:53:04+00:00","dateModified":"2015-01-28T22:59:35+00:00","breadcrumb":{"@id":"https:\/\/informelitoral.com.ar\/ramirez-cesar-erhardt-y-gonzalo-schmidt-vuelven-a-la-radio-este-domingo\/#breadcrumb"},"inLanguage":"es","potentialAction":[{"@type":"ReadAction","target":["https:\/\/informelitoral.com.ar\/ramirez-cesar-erhardt-y-gonzalo-schmidt-vuelven-a-la-radio-este-domingo\/"]}]},{"@type":"ImageObject","inLanguage":"es","@id":"https:\/\/informelitoral.com.ar\/ramirez-cesar-erhardt-y-gonzalo-schmidt-vuelven-a-la-radio-este-domingo\/#primaryimage","url":"http:\/\/www.isletasnoticias.com.ar\/%77%70%2d%63%6f%6e%74%65%6e%74\/uploads\/2015\/01\/Untitled-1-300x200.jpg","contentUrl":"http:\/\/www.isletasnoticias.com.ar\/%77%70%2d%63%6f%6e%74%65%6e%74\/uploads\/2015\/01\/Untitled-1-300x200.jpg"},{"@type":"BreadcrumbList","@id":"https:\/\/informelitoral.com.ar\/ramirez-cesar-erhardt-y-gonzalo-schmidt-vuelven-a-la-radio-este-domingo\/#breadcrumb","itemListElement":[{"@type":"ListItem","position":1,"name":"Portada","item":"https:\/\/informelitoral.com.ar\/"},{"@type":"ListItem","position":2,"name":"Ram\u00edrez: C\u00e9sar Erhardt y Gonzalo Schmidt vuelven a la radio este domingo"}]},{"@type":"WebSite","@id":"https:\/\/informelitoral.com.ar\/#website","url":"https:\/\/informelitoral.com.ar\/","name":"Informe Litoral","description":"&quot;Nos informamos&quot; ","publisher":{"@id":"https:\/\/informelitoral.com.ar\/#organization"},"potentialAction":[{"@type":"SearchAction","target":{"@type":"EntryPoint","urlTemplate":"https:\/\/informelitoral.com.ar\/?s={search_term_string}"},"query-input":{"@type":"PropertyValueSpecification","valueRequired":true,"valueName":"search_term_string"}}],"inLanguage":"es"},{"@type":"Organization","@id":"https:\/\/informelitoral.com.ar\/#organization","name":"Informe Litoral","url":"https:\/\/informelitoral.com.ar\/","logo":{"@type":"ImageObject","inLanguage":"es","@id":"https:\/\/informelitoral.com.ar\/#\/schema\/logo\/image\/","url":"https:\/\/informelitoral.com.ar\/%77%70%2d%63%6f%6e%74%65%6e%74\/uploads\/2021\/01\/circulo.png","contentUrl":"https:\/\/informelitoral.com.ar\/%77%70%2d%63%6f%6e%74%65%6e%74\/uploads\/2021\/01\/circulo.png","width":723,"height":731,"caption":"Informe Litoral"},"image":{"@id":"https:\/\/informelitoral.com.ar\/#\/schema\/logo\/image\/"},"sameAs":["https:\/\/www.facebook.com\/informelitoral\/","https:\/\/x.com\/InformeLitoral","https:\/\/www.instagram.com\/informelitoral\/","https:\/\/www.youtube.com\/channel\/UCua4Qvz8Icb6MYqhoq9xLXw"]},{"@type":"Person","@id":"https:\/\/informelitoral.com.ar\/#\/schema\/person\/b9d00407c836482871ef1d57bf8e3180","name":"Gonzalo Schmidt","image":{"@type":"ImageObject","inLanguage":"es","@id":"https:\/\/secure.gravatar.com\/avatar\/31a1a7b66ff2de83bd0e9fd79d026630d2d99e55e8bfe501287647b4fd9743de?s=96&d=mm&r=g","url":"https:\/\/secure.gravatar.com\/avatar\/31a1a7b66ff2de83bd0e9fd79d026630d2d99e55e8bfe501287647b4fd9743de?s=96&d=mm&r=g","contentUrl":"https:\/\/secure.gravatar.com\/avatar\/31a1a7b66ff2de83bd0e9fd79d026630d2d99e55e8bfe501287647b4fd9743de?s=96&d=mm&r=g","caption":"Gonzalo Schmidt"},"description":"Sitio web de noticias de la provincia de Entre R\u00edos, Argentina. Informaci\u00f3n y entretenimiento. Informe Litoral, nos informamos.","sameAs":["http:\/\/www.isletasnoticias.com.ar"],"url":"https:\/\/informelitoral.com.ar\/author\/gonzalo\/"}]}},"_links":{"self":[{"href":"https:\/\/informelitoral.com.ar\/%77%70%2d%6a%73%6f%6e\/wp\/v2\/posts\/9663","targetHints":{"allow":["GET"]}}],"collection":[{"href":"https:\/\/informelitoral.com.ar\/%77%70%2d%6a%73%6f%6e\/wp\/v2\/posts"}],"about":[{"href":"https:\/\/informelitoral.com.ar\/%77%70%2d%6a%73%6f%6e\/wp\/v2\/types\/post"}],"author":[{"embeddable":true,"href":"https:\/\/informelitoral.com.ar\/%77%70%2d%6a%73%6f%6e\/wp\/v2\/users\/2"}],"replies":[{"embeddable":true,"href":"https:\/\/informelitoral.com.ar\/%77%70%2d%6a%73%6f%6e\/wp\/v2\/comments?post=9663"}],"version-history":[{"count":0,"href":"https:\/\/informelitoral.com.ar\/%77%70%2d%6a%73%6f%6e\/wp\/v2\/posts\/9663\/revisions"}],"wp:attachment":[{"href":"https:\/\/informelitoral.com.ar\/%77%70%2d%6a%73%6f%6e\/wp\/v2\/media?parent=9663"}],"wp:term":[{"taxonomy":"category","embeddable":true,"href":"https:\/\/informelitoral.com.ar\/%77%70%2d%6a%73%6f%6e\/wp\/v2\/categories?post=9663"},{"taxonomy":"post_tag","embeddable":true,"href":"https:\/\/informelitoral.com.ar\/%77%70%2d%6a%73%6f%6e\/wp\/v2\/tags?post=9663"}],"curies":[{"name":"wp","href":"https:\/\/api.w.org\/{rel}","templated":true}]}}