{"id":9659,"date":"2015-01-27T19:06:48","date_gmt":"2015-01-27T22:06:48","guid":{"rendered":"http:\/\/www.isletasnoticias.com.ar\/?p=9659"},"modified":"2015-01-27T19:14:02","modified_gmt":"2015-01-27T22:14:02","slug":"niegan-que-el-hijo-del-urribarri-haya-huido-tras-protagonizar-un-accidente","status":"publish","type":"post","link":"https:\/\/informelitoral.com.ar\/niegan-que-el-hijo-del-urribarri-haya-huido-tras-protagonizar-un-accidente\/","title":{"rendered":"Niegan que el hijo de Urribarri haya huido tras protagonizar un accidente"},"content":{"rendered":"<p><strong>El jefe de Polic\u00eda Concordia aclar\u00f3 que el accidente del hijo menor de Urribarri ocurri\u00f3 \u201chace unos 15 d\u00edas\u201d. Enfatiz\u00f3 que las circunstancias \u201cno tienen nada que ver con lo que se dice\u201d.<a href=\"http:\/\/www.isletasnoticias.com.ar\/%77%70%2d%63%6f%6e%74%65%6e%74\/uploads\/2015\/01\/o_1422365777.jpg\"><img loading=\"lazy\" decoding=\"async\" class=\"aligncenter size-medium wp-image-9660\" src=\"http:\/\/www.isletasnoticias.com.ar\/%77%70%2d%63%6f%6e%74%65%6e%74\/uploads\/2015\/01\/o_1422365777-300x169.jpg\" alt=\"o_1422365777\" width=\"300\" height=\"169\" srcset=\"https:\/\/informelitoral.com.ar\/%77%70%2d%63%6f%6e%74%65%6e%74\/uploads\/2015\/01\/o_1422365777-300x169.jpg 300w, https:\/\/informelitoral.com.ar\/%77%70%2d%63%6f%6e%74%65%6e%74\/uploads\/2015\/01\/o_1422365777.jpg 640w\" sizes=\"auto, (max-width: 300px) 100vw, 300px\" \/><\/a><\/strong><\/p>\n<section class=\"texto\">El comisario <strong>Sergio Daniel Schierloh<\/strong>, jefe de Polic\u00eda departamental de Concordia, aclar\u00f3 que el accidente ocurri\u00f3 hace unos 15 d\u00edas atr\u00e1s y no el pasado fin de semana como se mencionaba en publicaciones.Confirm\u00f3 que el choque ocurri\u00f3 en Nogoy\u00e1 y Presidente Illia, pero que se trat\u00f3 de un accidente con lesiones leves, tanto que intervino el personal de Tr\u00e1nsito de la Municipalidad, a diferencia de choques con lesiones mayores en los que interviene la Polic\u00eda provincial.<\/p>\n<p>Neg\u00f3, por lo tanto, que el hijo menor del gobernador haya huido del lugar del accidente sin prestar asistencia.<\/p>\n<p>De acuerdo a lo que se conoci\u00f3 este fin de semana, una mujer denunci\u00f3 que su hijo de 12 a\u00f1os, que iba en moto junto con un t\u00edo por calle Nogoy\u00e1, habr\u00eda sido atropellado por un auto que conduc\u00eda el hijo menor del gobernador Sergio Urribarri. <em>(Diario Redes de Noticias)<\/em><\/p>\n<\/section>\n","protected":false},"excerpt":{"rendered":"<p>El jefe de Polic&iacute;a Concordia aclar&oacute; que el accidente del hijo menor de Urribarri ocurri&oacute; &ldquo;hace unos 15 d&iacute;as&rdquo;. Enfatiz&oacute; que las circunstancias &ldquo;no tienen nada que ver con lo que se dice&rdquo;. El comisario Sergio Daniel Schierloh, jefe de Polic&iacute;a departamental de Concordia, aclar&oacute; que el accidente ocurri&oacute; hace unos 15 d&iacute;as atr&aacute;s y [&hellip;]<\/p>\n","protected":false},"author":2,"featured_media":0,"comment_status":"open","ping_status":"open","sticky":false,"template":"","format":"standard","meta":{"fifu_image_url":"","fifu_image_alt":"","footnotes":""},"categories":[6,14],"tags":[],"class_list":{"0":"post-9659","1":"post","2":"type-post","3":"status-publish","4":"format-standard","6":"category-entre-rios","7":"category-policiales"},"yoast_head":"<title>Niegan que el hijo de Urribarri haya huido tras protagonizar un accidente - Informe Litoral<\/title>\n<meta name=\"robots\" content=\"index, follow, max-snippet:-1, max-image-preview:large, max-video-preview:-1\" \/>\n<link rel=\"canonical\" href=\"https:\/\/informelitoral.com.ar\/niegan-que-el-hijo-del-urribarri-haya-huido-tras-protagonizar-un-accidente\/\" \/>\n<meta property=\"og:locale\" content=\"es_ES\" \/>\n<meta property=\"og:type\" content=\"article\" \/>\n<meta property=\"og:title\" content=\"Niegan que el hijo de Urribarri haya huido tras protagonizar un accidente - Informe Litoral\" \/>\n<meta property=\"og:description\" content=\"El jefe de Polic&iacute;a Concordia aclar&oacute; que el accidente del hijo menor de Urribarri ocurri&oacute; &ldquo;hace unos 15 d&iacute;as&rdquo;. Enfatiz&oacute; que las circunstancias &ldquo;no tienen nada que ver con lo que se dice&rdquo;. El comisario Sergio Daniel Schierloh, jefe de Polic&iacute;a departamental de Concordia, aclar&oacute; que el accidente ocurri&oacute; hace unos 15 d&iacute;as atr&aacute;s y [&hellip;]\" \/>\n<meta property=\"og:url\" content=\"https:\/\/informelitoral.com.ar\/niegan-que-el-hijo-del-urribarri-haya-huido-tras-protagonizar-un-accidente\/\" \/>\n<meta property=\"og:site_name\" content=\"Informe Litoral\" \/>\n<meta property=\"article:publisher\" content=\"https:\/\/www.facebook.com\/informelitoral\/\" \/>\n<meta property=\"article:published_time\" content=\"2015-01-27T22:06:48+00:00\" \/>\n<meta property=\"article:modified_time\" content=\"2015-01-27T22:14:02+00:00\" \/>\n<meta property=\"og:image\" content=\"https:\/\/informelitoral.com.ar\/%77%70%2d%63%6f%6e%74%65%6e%74\/uploads\/2015\/01\/o_1422365777.jpg\" \/>\n\t<meta property=\"og:image:width\" content=\"640\" \/>\n\t<meta property=\"og:image:height\" content=\"360\" \/>\n\t<meta property=\"og:image:type\" content=\"image\/jpeg\" \/>\n<meta name=\"author\" content=\"Gonzalo Schmidt\" \/>\n<meta name=\"twitter:card\" content=\"summary_large_image\" \/>\n<meta name=\"twitter:creator\" content=\"@InformeLitoral\" \/>\n<meta name=\"twitter:site\" content=\"@InformeLitoral\" \/>\n<meta name=\"twitter:label1\" content=\"Escrito por\" \/>\n\t<meta name=\"twitter:data1\" content=\"Gonzalo Schmidt\" \/>\n\t<meta name=\"twitter:label2\" content=\"Tiempo de lectura\" \/>\n\t<meta name=\"twitter:data2\" content=\"1 minuto\" \/>\n<script type=\"application\/ld+json\" class=\"yoast-schema-graph\">{\"@context\":\"https:\\\/\\\/schema.org\",\"@graph\":[{\"@type\":\"Article\",\"@id\":\"https:\\\/\\\/informelitoral.com.ar\\\/niegan-que-el-hijo-del-urribarri-haya-huido-tras-protagonizar-un-accidente\\\/#article\",\"isPartOf\":{\"@id\":\"https:\\\/\\\/informelitoral.com.ar\\\/niegan-que-el-hijo-del-urribarri-haya-huido-tras-protagonizar-un-accidente\\\/\"},\"author\":{\"name\":\"Gonzalo Schmidt\",\"@id\":\"https:\\\/\\\/informelitoral.com.ar\\\/#\\\/schema\\\/person\\\/b9d00407c836482871ef1d57bf8e3180\"},\"headline\":\"Niegan que el hijo de Urribarri haya huido tras protagonizar un accidente\",\"datePublished\":\"2015-01-27T22:06:48+00:00\",\"dateModified\":\"2015-01-27T22:14:02+00:00\",\"mainEntityOfPage\":{\"@id\":\"https:\\\/\\\/informelitoral.com.ar\\\/niegan-que-el-hijo-del-urribarri-haya-huido-tras-protagonizar-un-accidente\\\/\"},\"wordCount\":199,\"commentCount\":0,\"publisher\":{\"@id\":\"https:\\\/\\\/informelitoral.com.ar\\\/#organization\"},\"image\":{\"@id\":\"https:\\\/\\\/informelitoral.com.ar\\\/niegan-que-el-hijo-del-urribarri-haya-huido-tras-protagonizar-un-accidente\\\/#primaryimage\"},\"thumbnailUrl\":\"http:\\\/\\\/www.isletasnoticias.com.ar\\\/%77%70%2d%63%6f%6e%74%65%6e%74\\\/uploads\\\/2015\\\/01\\\/o_1422365777-300x169.jpg\",\"articleSection\":[\"Entre R\u00edos\",\"Policiales\"],\"inLanguage\":\"es\",\"potentialAction\":[{\"@type\":\"CommentAction\",\"name\":\"Comment\",\"target\":[\"https:\\\/\\\/informelitoral.com.ar\\\/niegan-que-el-hijo-del-urribarri-haya-huido-tras-protagonizar-un-accidente\\\/#respond\"]}]},{\"@type\":\"WebPage\",\"@id\":\"https:\\\/\\\/informelitoral.com.ar\\\/niegan-que-el-hijo-del-urribarri-haya-huido-tras-protagonizar-un-accidente\\\/\",\"url\":\"https:\\\/\\\/informelitoral.com.ar\\\/niegan-que-el-hijo-del-urribarri-haya-huido-tras-protagonizar-un-accidente\\\/\",\"name\":\"Niegan que el hijo de Urribarri haya huido tras protagonizar un accidente - Informe Litoral\",\"isPartOf\":{\"@id\":\"https:\\\/\\\/informelitoral.com.ar\\\/#website\"},\"primaryImageOfPage\":{\"@id\":\"https:\\\/\\\/informelitoral.com.ar\\\/niegan-que-el-hijo-del-urribarri-haya-huido-tras-protagonizar-un-accidente\\\/#primaryimage\"},\"image\":{\"@id\":\"https:\\\/\\\/informelitoral.com.ar\\\/niegan-que-el-hijo-del-urribarri-haya-huido-tras-protagonizar-un-accidente\\\/#primaryimage\"},\"thumbnailUrl\":\"http:\\\/\\\/www.isletasnoticias.com.ar\\\/%77%70%2d%63%6f%6e%74%65%6e%74\\\/uploads\\\/2015\\\/01\\\/o_1422365777-300x169.jpg\",\"datePublished\":\"2015-01-27T22:06:48+00:00\",\"dateModified\":\"2015-01-27T22:14:02+00:00\",\"breadcrumb\":{\"@id\":\"https:\\\/\\\/informelitoral.com.ar\\\/niegan-que-el-hijo-del-urribarri-haya-huido-tras-protagonizar-un-accidente\\\/#breadcrumb\"},\"inLanguage\":\"es\",\"potentialAction\":[{\"@type\":\"ReadAction\",\"target\":[\"https:\\\/\\\/informelitoral.com.ar\\\/niegan-que-el-hijo-del-urribarri-haya-huido-tras-protagonizar-un-accidente\\\/\"]}]},{\"@type\":\"ImageObject\",\"inLanguage\":\"es\",\"@id\":\"https:\\\/\\\/informelitoral.com.ar\\\/niegan-que-el-hijo-del-urribarri-haya-huido-tras-protagonizar-un-accidente\\\/#primaryimage\",\"url\":\"http:\\\/\\\/www.isletasnoticias.com.ar\\\/%77%70%2d%63%6f%6e%74%65%6e%74\\\/uploads\\\/2015\\\/01\\\/o_1422365777-300x169.jpg\",\"contentUrl\":\"http:\\\/\\\/www.isletasnoticias.com.ar\\\/%77%70%2d%63%6f%6e%74%65%6e%74\\\/uploads\\\/2015\\\/01\\\/o_1422365777-300x169.jpg\"},{\"@type\":\"BreadcrumbList\",\"@id\":\"https:\\\/\\\/informelitoral.com.ar\\\/niegan-que-el-hijo-del-urribarri-haya-huido-tras-protagonizar-un-accidente\\\/#breadcrumb\",\"itemListElement\":[{\"@type\":\"ListItem\",\"position\":1,\"name\":\"Portada\",\"item\":\"https:\\\/\\\/informelitoral.com.ar\\\/\"},{\"@type\":\"ListItem\",\"position\":2,\"name\":\"Niegan que el hijo de Urribarri haya huido tras protagonizar un accidente\"}]},{\"@type\":\"WebSite\",\"@id\":\"https:\\\/\\\/informelitoral.com.ar\\\/#website\",\"url\":\"https:\\\/\\\/informelitoral.com.ar\\\/\",\"name\":\"Informe Litoral\",\"description\":\"&quot;Nos informamos&quot; \",\"publisher\":{\"@id\":\"https:\\\/\\\/informelitoral.com.ar\\\/#organization\"},\"potentialAction\":[{\"@type\":\"SearchAction\",\"target\":{\"@type\":\"EntryPoint\",\"urlTemplate\":\"https:\\\/\\\/informelitoral.com.ar\\\/?s={search_term_string}\"},\"query-input\":{\"@type\":\"PropertyValueSpecification\",\"valueRequired\":true,\"valueName\":\"search_term_string\"}}],\"inLanguage\":\"es\"},{\"@type\":\"Organization\",\"@id\":\"https:\\\/\\\/informelitoral.com.ar\\\/#organization\",\"name\":\"Informe Litoral\",\"url\":\"https:\\\/\\\/informelitoral.com.ar\\\/\",\"logo\":{\"@type\":\"ImageObject\",\"inLanguage\":\"es\",\"@id\":\"https:\\\/\\\/informelitoral.com.ar\\\/#\\\/schema\\\/logo\\\/image\\\/\",\"url\":\"https:\\\/\\\/informelitoral.com.ar\\\/%77%70%2d%63%6f%6e%74%65%6e%74\\\/uploads\\\/2021\\\/01\\\/circulo.png\",\"contentUrl\":\"https:\\\/\\\/informelitoral.com.ar\\\/%77%70%2d%63%6f%6e%74%65%6e%74\\\/uploads\\\/2021\\\/01\\\/circulo.png\",\"width\":723,\"height\":731,\"caption\":\"Informe Litoral\"},\"image\":{\"@id\":\"https:\\\/\\\/informelitoral.com.ar\\\/#\\\/schema\\\/logo\\\/image\\\/\"},\"sameAs\":[\"https:\\\/\\\/www.facebook.com\\\/informelitoral\\\/\",\"https:\\\/\\\/x.com\\\/InformeLitoral\",\"https:\\\/\\\/www.instagram.com\\\/informelitoral\\\/\",\"https:\\\/\\\/www.youtube.com\\\/channel\\\/UCua4Qvz8Icb6MYqhoq9xLXw\"]},{\"@type\":\"Person\",\"@id\":\"https:\\\/\\\/informelitoral.com.ar\\\/#\\\/schema\\\/person\\\/b9d00407c836482871ef1d57bf8e3180\",\"name\":\"Gonzalo Schmidt\",\"image\":{\"@type\":\"ImageObject\",\"inLanguage\":\"es\",\"@id\":\"https:\\\/\\\/secure.gravatar.com\\\/avatar\\\/31a1a7b66ff2de83bd0e9fd79d026630d2d99e55e8bfe501287647b4fd9743de?s=96&d=mm&r=g\",\"url\":\"https:\\\/\\\/secure.gravatar.com\\\/avatar\\\/31a1a7b66ff2de83bd0e9fd79d026630d2d99e55e8bfe501287647b4fd9743de?s=96&d=mm&r=g\",\"contentUrl\":\"https:\\\/\\\/secure.gravatar.com\\\/avatar\\\/31a1a7b66ff2de83bd0e9fd79d026630d2d99e55e8bfe501287647b4fd9743de?s=96&d=mm&r=g\",\"caption\":\"Gonzalo Schmidt\"},\"description\":\"Sitio web de noticias de la provincia de Entre R\u00edos, Argentina. Informaci\u00f3n y entretenimiento. Informe Litoral, nos informamos.\",\"sameAs\":[\"http:\\\/\\\/www.isletasnoticias.com.ar\"],\"url\":\"https:\\\/\\\/informelitoral.com.ar\\\/author\\\/gonzalo\\\/\"}]}<\/script>","yoast_head_json":{"title":"Niegan que el hijo de Urribarri haya huido tras protagonizar un accidente - Informe Litoral","robots":{"index":"index","follow":"follow","max-snippet":"max-snippet:-1","max-image-preview":"max-image-preview:large","max-video-preview":"max-video-preview:-1"},"canonical":"https:\/\/informelitoral.com.ar\/niegan-que-el-hijo-del-urribarri-haya-huido-tras-protagonizar-un-accidente\/","og_locale":"es_ES","og_type":"article","og_title":"Niegan que el hijo de Urribarri haya huido tras protagonizar un accidente - Informe Litoral","og_description":"El jefe de Polic&iacute;a Concordia aclar&oacute; que el accidente del hijo menor de Urribarri ocurri&oacute; &ldquo;hace unos 15 d&iacute;as&rdquo;. Enfatiz&oacute; que las circunstancias &ldquo;no tienen nada que ver con lo que se dice&rdquo;. El comisario Sergio Daniel Schierloh, jefe de Polic&iacute;a departamental de Concordia, aclar&oacute; que el accidente ocurri&oacute; hace unos 15 d&iacute;as atr&aacute;s y [&hellip;]","og_url":"https:\/\/informelitoral.com.ar\/niegan-que-el-hijo-del-urribarri-haya-huido-tras-protagonizar-un-accidente\/","og_site_name":"Informe Litoral","article_publisher":"https:\/\/www.facebook.com\/informelitoral\/","article_published_time":"2015-01-27T22:06:48+00:00","article_modified_time":"2015-01-27T22:14:02+00:00","og_image":[{"width":640,"height":360,"url":"https:\/\/informelitoral.com.ar\/%77%70%2d%63%6f%6e%74%65%6e%74\/uploads\/2015\/01\/o_1422365777.jpg","type":"image\/jpeg"}],"author":"Gonzalo Schmidt","twitter_card":"summary_large_image","twitter_creator":"@InformeLitoral","twitter_site":"@InformeLitoral","twitter_misc":{"Escrito por":"Gonzalo Schmidt","Tiempo de lectura":"1 minuto"},"schema":{"@context":"https:\/\/schema.org","@graph":[{"@type":"Article","@id":"https:\/\/informelitoral.com.ar\/niegan-que-el-hijo-del-urribarri-haya-huido-tras-protagonizar-un-accidente\/#article","isPartOf":{"@id":"https:\/\/informelitoral.com.ar\/niegan-que-el-hijo-del-urribarri-haya-huido-tras-protagonizar-un-accidente\/"},"author":{"name":"Gonzalo Schmidt","@id":"https:\/\/informelitoral.com.ar\/#\/schema\/person\/b9d00407c836482871ef1d57bf8e3180"},"headline":"Niegan que el hijo de Urribarri haya huido tras protagonizar un accidente","datePublished":"2015-01-27T22:06:48+00:00","dateModified":"2015-01-27T22:14:02+00:00","mainEntityOfPage":{"@id":"https:\/\/informelitoral.com.ar\/niegan-que-el-hijo-del-urribarri-haya-huido-tras-protagonizar-un-accidente\/"},"wordCount":199,"commentCount":0,"publisher":{"@id":"https:\/\/informelitoral.com.ar\/#organization"},"image":{"@id":"https:\/\/informelitoral.com.ar\/niegan-que-el-hijo-del-urribarri-haya-huido-tras-protagonizar-un-accidente\/#primaryimage"},"thumbnailUrl":"http:\/\/www.isletasnoticias.com.ar\/%77%70%2d%63%6f%6e%74%65%6e%74\/uploads\/2015\/01\/o_1422365777-300x169.jpg","articleSection":["Entre R\u00edos","Policiales"],"inLanguage":"es","potentialAction":[{"@type":"CommentAction","name":"Comment","target":["https:\/\/informelitoral.com.ar\/niegan-que-el-hijo-del-urribarri-haya-huido-tras-protagonizar-un-accidente\/#respond"]}]},{"@type":"WebPage","@id":"https:\/\/informelitoral.com.ar\/niegan-que-el-hijo-del-urribarri-haya-huido-tras-protagonizar-un-accidente\/","url":"https:\/\/informelitoral.com.ar\/niegan-que-el-hijo-del-urribarri-haya-huido-tras-protagonizar-un-accidente\/","name":"Niegan que el hijo de Urribarri haya huido tras protagonizar un accidente - Informe Litoral","isPartOf":{"@id":"https:\/\/informelitoral.com.ar\/#website"},"primaryImageOfPage":{"@id":"https:\/\/informelitoral.com.ar\/niegan-que-el-hijo-del-urribarri-haya-huido-tras-protagonizar-un-accidente\/#primaryimage"},"image":{"@id":"https:\/\/informelitoral.com.ar\/niegan-que-el-hijo-del-urribarri-haya-huido-tras-protagonizar-un-accidente\/#primaryimage"},"thumbnailUrl":"http:\/\/www.isletasnoticias.com.ar\/%77%70%2d%63%6f%6e%74%65%6e%74\/uploads\/2015\/01\/o_1422365777-300x169.jpg","datePublished":"2015-01-27T22:06:48+00:00","dateModified":"2015-01-27T22:14:02+00:00","breadcrumb":{"@id":"https:\/\/informelitoral.com.ar\/niegan-que-el-hijo-del-urribarri-haya-huido-tras-protagonizar-un-accidente\/#breadcrumb"},"inLanguage":"es","potentialAction":[{"@type":"ReadAction","target":["https:\/\/informelitoral.com.ar\/niegan-que-el-hijo-del-urribarri-haya-huido-tras-protagonizar-un-accidente\/"]}]},{"@type":"ImageObject","inLanguage":"es","@id":"https:\/\/informelitoral.com.ar\/niegan-que-el-hijo-del-urribarri-haya-huido-tras-protagonizar-un-accidente\/#primaryimage","url":"http:\/\/www.isletasnoticias.com.ar\/%77%70%2d%63%6f%6e%74%65%6e%74\/uploads\/2015\/01\/o_1422365777-300x169.jpg","contentUrl":"http:\/\/www.isletasnoticias.com.ar\/%77%70%2d%63%6f%6e%74%65%6e%74\/uploads\/2015\/01\/o_1422365777-300x169.jpg"},{"@type":"BreadcrumbList","@id":"https:\/\/informelitoral.com.ar\/niegan-que-el-hijo-del-urribarri-haya-huido-tras-protagonizar-un-accidente\/#breadcrumb","itemListElement":[{"@type":"ListItem","position":1,"name":"Portada","item":"https:\/\/informelitoral.com.ar\/"},{"@type":"ListItem","position":2,"name":"Niegan que el hijo de Urribarri haya huido tras protagonizar un accidente"}]},{"@type":"WebSite","@id":"https:\/\/informelitoral.com.ar\/#website","url":"https:\/\/informelitoral.com.ar\/","name":"Informe Litoral","description":"&quot;Nos informamos&quot; ","publisher":{"@id":"https:\/\/informelitoral.com.ar\/#organization"},"potentialAction":[{"@type":"SearchAction","target":{"@type":"EntryPoint","urlTemplate":"https:\/\/informelitoral.com.ar\/?s={search_term_string}"},"query-input":{"@type":"PropertyValueSpecification","valueRequired":true,"valueName":"search_term_string"}}],"inLanguage":"es"},{"@type":"Organization","@id":"https:\/\/informelitoral.com.ar\/#organization","name":"Informe Litoral","url":"https:\/\/informelitoral.com.ar\/","logo":{"@type":"ImageObject","inLanguage":"es","@id":"https:\/\/informelitoral.com.ar\/#\/schema\/logo\/image\/","url":"https:\/\/informelitoral.com.ar\/%77%70%2d%63%6f%6e%74%65%6e%74\/uploads\/2021\/01\/circulo.png","contentUrl":"https:\/\/informelitoral.com.ar\/%77%70%2d%63%6f%6e%74%65%6e%74\/uploads\/2021\/01\/circulo.png","width":723,"height":731,"caption":"Informe Litoral"},"image":{"@id":"https:\/\/informelitoral.com.ar\/#\/schema\/logo\/image\/"},"sameAs":["https:\/\/www.facebook.com\/informelitoral\/","https:\/\/x.com\/InformeLitoral","https:\/\/www.instagram.com\/informelitoral\/","https:\/\/www.youtube.com\/channel\/UCua4Qvz8Icb6MYqhoq9xLXw"]},{"@type":"Person","@id":"https:\/\/informelitoral.com.ar\/#\/schema\/person\/b9d00407c836482871ef1d57bf8e3180","name":"Gonzalo Schmidt","image":{"@type":"ImageObject","inLanguage":"es","@id":"https:\/\/secure.gravatar.com\/avatar\/31a1a7b66ff2de83bd0e9fd79d026630d2d99e55e8bfe501287647b4fd9743de?s=96&d=mm&r=g","url":"https:\/\/secure.gravatar.com\/avatar\/31a1a7b66ff2de83bd0e9fd79d026630d2d99e55e8bfe501287647b4fd9743de?s=96&d=mm&r=g","contentUrl":"https:\/\/secure.gravatar.com\/avatar\/31a1a7b66ff2de83bd0e9fd79d026630d2d99e55e8bfe501287647b4fd9743de?s=96&d=mm&r=g","caption":"Gonzalo Schmidt"},"description":"Sitio web de noticias de la provincia de Entre R\u00edos, Argentina. Informaci\u00f3n y entretenimiento. Informe Litoral, nos informamos.","sameAs":["http:\/\/www.isletasnoticias.com.ar"],"url":"https:\/\/informelitoral.com.ar\/author\/gonzalo\/"}]}},"_links":{"self":[{"href":"https:\/\/informelitoral.com.ar\/%77%70%2d%6a%73%6f%6e\/wp\/v2\/posts\/9659","targetHints":{"allow":["GET"]}}],"collection":[{"href":"https:\/\/informelitoral.com.ar\/%77%70%2d%6a%73%6f%6e\/wp\/v2\/posts"}],"about":[{"href":"https:\/\/informelitoral.com.ar\/%77%70%2d%6a%73%6f%6e\/wp\/v2\/types\/post"}],"author":[{"embeddable":true,"href":"https:\/\/informelitoral.com.ar\/%77%70%2d%6a%73%6f%6e\/wp\/v2\/users\/2"}],"replies":[{"embeddable":true,"href":"https:\/\/informelitoral.com.ar\/%77%70%2d%6a%73%6f%6e\/wp\/v2\/comments?post=9659"}],"version-history":[{"count":0,"href":"https:\/\/informelitoral.com.ar\/%77%70%2d%6a%73%6f%6e\/wp\/v2\/posts\/9659\/revisions"}],"wp:attachment":[{"href":"https:\/\/informelitoral.com.ar\/%77%70%2d%6a%73%6f%6e\/wp\/v2\/media?parent=9659"}],"wp:term":[{"taxonomy":"category","embeddable":true,"href":"https:\/\/informelitoral.com.ar\/%77%70%2d%6a%73%6f%6e\/wp\/v2\/categories?post=9659"},{"taxonomy":"post_tag","embeddable":true,"href":"https:\/\/informelitoral.com.ar\/%77%70%2d%6a%73%6f%6e\/wp\/v2\/tags?post=9659"}],"curies":[{"name":"wp","href":"https:\/\/api.w.org\/{rel}","templated":true}]}}