{"id":9650,"date":"2015-01-26T18:48:27","date_gmt":"2015-01-26T21:48:27","guid":{"rendered":"http:\/\/www.isletasnoticias.com.ar\/?p=9650"},"modified":"2015-01-26T18:59:49","modified_gmt":"2015-01-26T21:59:49","slug":"lucas-eichmann-jr-vamos-a-trabajar-para-retener-la-conduccion-de-la-junta-de-gobierno","status":"publish","type":"post","link":"https:\/\/informelitoral.com.ar\/lucas-eichmann-jr-vamos-a-trabajar-para-retener-la-conduccion-de-la-junta-de-gobierno\/","title":{"rendered":"Lucas Eichmann (JR): \u201ceste a\u00f1o no vamos a estar ausentes como j\u00f3venes radicales\u00bb"},"content":{"rendered":"<p><strong>En declaraciones a <em>IN<\/em>, el presidente y vicepresidente de la Juventud Radical afirmaron que\u201clos j\u00f3venes vamos a plantear una plataforma m\u00e1s amplia e innovadora\u201d en la localidad, donde se proponen \u00abtrabajar para retener la conducci\u00f3n de la Junta de Gobierno\u00bb. Tambi\u00e9n adelantaron que recorrer\u00e1n el territorio junto a sus \u201ccorreligionarios\u201d en el departamento y opinaron sobre la JP y la muerte del fiscal Alberto Nisman.<a href=\"http:\/\/www.isletasnoticias.com.ar\/%77%70%2d%63%6f%6e%74%65%6e%74\/uploads\/2015\/01\/393662_102447006544391_989191689_n.jpg\"><img loading=\"lazy\" decoding=\"async\" class=\" size-medium wp-image-9651 alignright\" src=\"http:\/\/www.isletasnoticias.com.ar\/%77%70%2d%63%6f%6e%74%65%6e%74\/uploads\/2015\/01\/393662_102447006544391_989191689_n-300x300.jpg\" alt=\"393662_102447006544391_989191689_n\" width=\"300\" height=\"300\" srcset=\"https:\/\/informelitoral.com.ar\/%77%70%2d%63%6f%6e%74%65%6e%74\/uploads\/2015\/01\/393662_102447006544391_989191689_n-300x300.jpg 300w, https:\/\/informelitoral.com.ar\/%77%70%2d%63%6f%6e%74%65%6e%74\/uploads\/2015\/01\/393662_102447006544391_989191689_n-150x150.jpg 150w, https:\/\/informelitoral.com.ar\/%77%70%2d%63%6f%6e%74%65%6e%74\/uploads\/2015\/01\/393662_102447006544391_989191689_n.jpg 393w\" sizes=\"auto, (max-width: 300px) 100vw, 300px\" \/><\/a><\/strong><\/p>\n<p>El presidente de la Juventud Radical (JR),<strong> Lucas Eichmann <\/strong>(*)<strong>\u00a0<\/strong>y el vicepresidente\u00a0<strong>Facundo Sosa<\/strong>, dialogaron con\u00a0<strong><em>ISLETAS NOTICIAS, <\/em><\/strong>sobre diferentes temas del orden local, departamental y nacional, pero en primer t\u00e9rmino, hicieron un repaso por algunas de las actividades llevadas adelante durante el 2014. En este sentido, Sosa expres\u00f3: \u201cTenemos diferentes cosas que se fueron haciendo durante el a\u00f1o, como por ejemplo la participaci\u00f3n del Campamento Anual de la Juventud Provincial en Sauce de Luna; se colabor\u00f3 con escuelas de la zona; estuvimos ayudando a servir en la Fiesta del D\u00eda del Ni\u00f1o de la Escuela N\u00b0 34 del Doll; se organiz\u00f3 el Primer Encuentro de J\u00f3venes Radicales del Departamento en nuestra localidad, que fue en junio; se realizaron las elecciones en la Juventud Provincial y local; fin de a\u00f1o se particip\u00f3 de la cena anual en Aldea Protestante y tambi\u00e9n se conformaron las listas de la Juventud Radical del departamento con integrantes locales\u201d, enumer\u00f3.<\/p>\n<figure id=\"attachment_9652\" aria-describedby=\"caption-attachment-9652\" style=\"width: 196px\" class=\"wp-caption alignright\"><a href=\"http:\/\/www.isletasnoticias.com.ar\/%77%70%2d%63%6f%6e%74%65%6e%74\/uploads\/2015\/01\/eichmann.jpg\"><img loading=\"lazy\" decoding=\"async\" class=\"wp-image-9652 size-medium\" src=\"http:\/\/www.isletasnoticias.com.ar\/%77%70%2d%63%6f%6e%74%65%6e%74\/uploads\/2015\/01\/eichmann-196x300.jpg\" alt=\"eichmann\" width=\"196\" height=\"300\" srcset=\"https:\/\/informelitoral.com.ar\/%77%70%2d%63%6f%6e%74%65%6e%74\/uploads\/2015\/01\/eichmann-196x300.jpg 196w, https:\/\/informelitoral.com.ar\/%77%70%2d%63%6f%6e%74%65%6e%74\/uploads\/2015\/01\/eichmann.jpg 456w\" sizes=\"auto, (max-width: 196px) 100vw, 196px\" \/><\/a><figcaption id=\"caption-attachment-9652\" class=\"wp-caption-text\">Lucas Eichmann<\/figcaption><\/figure>\n<p><strong>&#8211; Justamente ahora en febrero asumen en el departamento\u2026<\/strong><\/p>\n<p>&#8211;\u00a0 <strong>(Lucas)<\/strong> S\u00ed. Somos parte de la lista de la Juventud Radical del departamento y el mi\u00e9rcoles 21, tuvimos un plenario en Isletas,en el cual debatimos diversas cuestiones como la conformaci\u00f3n de la mesa departamental y se elabor\u00f3 un documento en el cual hicimos eco de lo que all\u00ed discutimos<em>.<\/em> De nuestra parte tenemos un gran compromiso, que es el de recorrer el territorio del departamento con valores y convicci\u00f3n. La Uni\u00f3n C\u00edvica Radical no es un simple partido, sino que constituye un mandato patri\u00f3tico de nuestra solidaridad nacional. En este sentido se van a seguir desarrollando plenarios en otros puntos del departamento en los cuales se van a abordar diferentes temas, entre ellos las elecciones de este a\u00f1o.<\/p>\n<p><strong>&#8211; Seguramente ser\u00e1 importante esto que se proponen, que es el contacto con la gente.<\/strong><\/p>\n<p><strong>&#8211; (Lucas) <\/strong>S\u00ed. Es muy importante porque esto hace al trabajo como militantes radicales, teniendo en cuenta que somos un partido de las libertades p\u00fablicas, de la Constituci\u00f3n y la democracia. Adem\u00e1s protagonizamos la lucha por las causas de las mayor\u00edas populares siendo gobierno u oposici\u00f3n, como nos toca ser ahora a nivel provincial y nacional. Fundamentalmente tenemos una gran obsesi\u00f3n que es la de hacer grande a esta naci\u00f3n con valores, donde todos est\u00e9n incluidos, con educaci\u00f3n, trabajo y en base a este horizonte se funda nuestra labor de todos los d\u00edas.<\/p>\n<p><strong>&#8211; \u00bfC\u00f3mo avizoran el a\u00f1o electoral?<\/strong><\/p>\n<p><strong>&#8211; (Lucas) <\/strong>Lo vemos con positivismo, tranquilidad y fundamentalmente ratificando nuestro compromiso social que es la mayor satisfacci\u00f3n. Tambi\u00e9n estar\u00e1 lo netamente partidario como la conformaci\u00f3n de la lista en la localidad, pero eso es prematuro discutirlo ahora. Vamos a trabajar para retener la conducci\u00f3n de la Junta de Gobierno y los j\u00f3venes vamos a plantear una plataforma m\u00e1s amplia e innovadora.<\/p>\n<p><strong>&#8211; Seguramente pedir\u00e1n lugares en la pr\u00f3xima lista de la UCR local\u2026<\/strong><\/p>\n<p><strong>&#8211; (Lucas) <\/strong>Eso ser\u00e1 motivo de discusi\u00f3n y debate dentro del Partido. El a\u00f1o pasado en el Campamento Anual se acord\u00f3 que tengamos representantes en las listas en toda la provincia y nosotros no vamos a estar ajenos a eso.<\/p>\n<p><strong>&#8211; Si bien ustedes iniciaron formalmente la militancia de los j\u00f3venes en Isletas, desde el 2014 tambi\u00e9n se conform\u00f3 la Juventud Peronista. \u00bfC\u00f3mo la ven?<\/strong><\/p>\n<figure id=\"attachment_9653\" aria-describedby=\"caption-attachment-9653\" style=\"width: 300px\" class=\"wp-caption alignright\"><a href=\"http:\/\/www.isletasnoticias.com.ar\/%77%70%2d%63%6f%6e%74%65%6e%74\/uploads\/2015\/01\/Sosa.jpg\"><img loading=\"lazy\" decoding=\"async\" class=\"wp-image-9653 size-medium\" src=\"http:\/\/www.isletasnoticias.com.ar\/%77%70%2d%63%6f%6e%74%65%6e%74\/uploads\/2015\/01\/Sosa-300x300.jpg\" alt=\"Sosa\" width=\"300\" height=\"300\" srcset=\"https:\/\/informelitoral.com.ar\/%77%70%2d%63%6f%6e%74%65%6e%74\/uploads\/2015\/01\/Sosa-300x300.jpg 300w, https:\/\/informelitoral.com.ar\/%77%70%2d%63%6f%6e%74%65%6e%74\/uploads\/2015\/01\/Sosa-150x150.jpg 150w, https:\/\/informelitoral.com.ar\/%77%70%2d%63%6f%6e%74%65%6e%74\/uploads\/2015\/01\/Sosa.jpg 486w\" sizes=\"auto, (max-width: 300px) 100vw, 300px\" \/><\/a><figcaption id=\"caption-attachment-9653\" class=\"wp-caption-text\">Facundo Sosa<\/figcaption><\/figure>\n<p><strong>&#8211; (Facundo)\u00a0<\/strong>Son distintas juventudes que forman parte de diferentes partidos. Cada uno tenemos nuestros ideales, por lo tanto cada uno trabajar\u00e1 de acuerdo a su metodolog\u00eda.<\/p>\n<p>&#8211; <strong>(Lucas)\u00a0<\/strong>Esto significa que la democracia est\u00e1 funcionando, que hay j\u00f3venes interesados en participar en pol\u00edtica y tienen inter\u00e9s de ser parte de las decisiones que se tomen en la comunidad. Por supuesto que despu\u00e9s cada uno tendr\u00e1 su posici\u00f3n respecto a determinados temas, pero es momento de llamar a una profunda unidad de todos los argentinos, hay que terminar con la divisi\u00f3n porque nos estamos haciendo da\u00f1o entre nosotros y eso no es bueno. Nosotros los radicales, queremos transmitir este mensaje, en momentos de tanta conmoci\u00f3n social como ahora.<\/p>\n<p><strong>&#8211; \u00bfQu\u00e9 opinan desde su lugar, sobre la muerte del fiscal Alberto Nisman?<\/strong><\/p>\n<p><strong>&#8211; (Facundo) <\/strong>Es un tema muy complicado, ya que no se sabe si ha sido un suicidio u homicidio. Creo que lo \u00fanico que esperamos todos es que se llegue a una resoluci\u00f3n por parte de la Justicia. El Estado deber\u00eda poner todo el esfuerzo para que se esclarezca y no quede sin resolverse.<\/p>\n<p><strong>&#8211; (Lucas) <\/strong>En realidad este hecho constituye uno de los mayores golpes contra la democracia contempor\u00e1nea y confirma cuanto hemos retrocedido en t\u00e9rminos de calidad democr\u00e1tica. El Estado argentino debe dar se\u00f1ales claras y contundentes ante tanta incertidumbre. Sin duda alguna que la muerte es pol\u00edtica, sino se resuelve y si la denuncia de Nisman queda en la nada, la democracia quedar\u00e1 tambaleando. Este es un momento que nos exige a todos, defender la rep\u00fablica, la democracia, la vida y las garant\u00edas que hacen al funcionamiento de la Justicia. Tenemos derecho a saber qu\u00e9 sucedi\u00f3.<\/p>\n<p><strong>&#8211; \u00bfCreen que el gobierno tuvo alguna responsabilidad?<\/strong><\/p>\n<p><strong>&#8211; (Lucas) <\/strong>Ser\u00e1 la Justicia la que tendr\u00e1 que determinar qu\u00e9 sucedi\u00f3 y porqu\u00e9.<\/p>\n<p>&#8211; <strong>Volviendo al orden local. La militancia no es tan f\u00e1cil en una localidad peque\u00f1a, pero donde hay grandes distancias y lo que uno ve es que las juventudes empezaron con mucha fuerza y luego se fue diluyendo lentamente la actividad. \u00bfUstedes sienten eso? Y si es as\u00ed, \u00bfA qu\u00e9 lo atribuyen?<\/strong><\/p>\n<p><strong>&#8211; (Lucas) <\/strong>S\u00ed. A esto adem\u00e1s de contextualizarlo, hay que decir que siempre cuando uno arranca una determinada iniciativa le pone toda la garra y no es f\u00e1cil continuar as\u00ed durante todo el tiempo. De nuestra parte hemos mantenido firmemente nuestro compromiso y tenemos la plena convicci\u00f3n de seguir trabajando con responsabilidad pol\u00edtica.<\/p>\n<p>&#8211; <strong>(Facundo)<\/strong>Lo que puede llevar a estas cosas es que cada uno tiene su trabajo o estudio y ten\u00e9s que llevar adelante eso, adem\u00e1s de la militancia, lo cual a veces se complica. A su vez, las distancias para reunirse son importantes, no es f\u00e1cil.<\/p>\n<p><strong>&#8211; Alg\u00fan mensaje para los vecinos.<\/strong><\/p>\n<p><strong>&#8211; (Lucas) <\/strong>Se acercan meses electorales, donde habr\u00e1 cambio de conducci\u00f3n y lo que hay que priorizar en Isletas es la democracia. Se debe respetar lo que decida la voluntad popular. Nosotros como proyecto, vamos a plantear diferentes cuestiones que se discutir\u00e1n en el grupo, pero <strong>este a\u00f1o\u00a0no vamos a estar ausentes como j\u00f3venes radicales<\/strong>.<\/p>\n<p><strong>Futuros representantes locales en la JR departamental\u00a0<\/strong><\/p>\n<p>Vicepresidente primero: <strong>Lucas Eichmann<\/strong><\/p>\n<p>Prosecretario: <strong>Facundo Sosa<\/strong><\/p>\n<p>Vocales: <strong>Walter Eichmann, Agust\u00edn Bierig<\/strong> y <strong>Lucrecia Eichman<\/strong>.<\/p>\n<p><em>(*) No es hijo del actual presidente de la Junta de Gobierno, Ra\u00fal Eichman.\u00a0<\/em><\/p>\n","protected":false},"excerpt":{"rendered":"<p>En declaraciones a IN, el presidente y vicepresidente de la Juventud Radical afirmaron que&ldquo;los j&oacute;venes vamos a plantear una plataforma m&aacute;s amplia e innovadora&rdquo; en la localidad, donde se proponen &laquo;trabajar para retener la conducci&oacute;n de la Junta de Gobierno&raquo;. Tambi&eacute;n adelantaron que recorrer&aacute;n el territorio junto a sus &ldquo;correligionarios&rdquo; en el departamento y opinaron [&hellip;]<\/p>\n","protected":false},"author":2,"featured_media":0,"comment_status":"open","ping_status":"open","sticky":false,"template":"","format":"standard","meta":{"fifu_image_url":"","fifu_image_alt":"","footnotes":""},"categories":[4,16],"tags":[],"class_list":{"0":"post-9650","1":"post","2":"type-post","3":"status-publish","4":"format-standard","6":"category-locales","7":"category-politi"},"yoast_head":"<title>Lucas Eichmann (JR): \u201ceste a\u00f1o no vamos a estar ausentes como j\u00f3venes radicales&quot; - Informe Litoral<\/title>\n<meta name=\"robots\" content=\"index, follow, max-snippet:-1, max-image-preview:large, max-video-preview:-1\" \/>\n<link rel=\"canonical\" href=\"https:\/\/informelitoral.com.ar\/lucas-eichmann-jr-vamos-a-trabajar-para-retener-la-conduccion-de-la-junta-de-gobierno\/\" \/>\n<meta property=\"og:locale\" content=\"es_ES\" \/>\n<meta property=\"og:type\" content=\"article\" \/>\n<meta property=\"og:title\" content=\"Lucas Eichmann (JR): \u201ceste a\u00f1o no vamos a estar ausentes como j\u00f3venes radicales&quot; - Informe Litoral\" \/>\n<meta property=\"og:description\" content=\"En declaraciones a IN, el presidente y vicepresidente de la Juventud Radical afirmaron que&ldquo;los j&oacute;venes vamos a plantear una plataforma m&aacute;s amplia e innovadora&rdquo; en la localidad, donde se proponen &laquo;trabajar para retener la conducci&oacute;n de la Junta de Gobierno&raquo;. Tambi&eacute;n adelantaron que recorrer&aacute;n el territorio junto a sus &ldquo;correligionarios&rdquo; en el departamento y opinaron [&hellip;]\" \/>\n<meta property=\"og:url\" content=\"https:\/\/informelitoral.com.ar\/lucas-eichmann-jr-vamos-a-trabajar-para-retener-la-conduccion-de-la-junta-de-gobierno\/\" \/>\n<meta property=\"og:site_name\" content=\"Informe Litoral\" \/>\n<meta property=\"article:publisher\" content=\"https:\/\/www.facebook.com\/informelitoral\/\" \/>\n<meta property=\"article:published_time\" content=\"2015-01-26T21:48:27+00:00\" \/>\n<meta property=\"article:modified_time\" content=\"2015-01-26T21:59:49+00:00\" \/>\n<meta property=\"og:image\" content=\"https:\/\/informelitoral.com.ar\/%77%70%2d%63%6f%6e%74%65%6e%74\/uploads\/2015\/01\/393662_102447006544391_989191689_n.jpg\" \/>\n\t<meta property=\"og:image:width\" content=\"393\" \/>\n\t<meta property=\"og:image:height\" content=\"394\" \/>\n\t<meta property=\"og:image:type\" content=\"image\/jpeg\" \/>\n<meta name=\"author\" content=\"Gonzalo Schmidt\" \/>\n<meta name=\"twitter:card\" content=\"summary_large_image\" \/>\n<meta name=\"twitter:creator\" content=\"@InformeLitoral\" \/>\n<meta name=\"twitter:site\" content=\"@InformeLitoral\" \/>\n<meta name=\"twitter:label1\" content=\"Escrito por\" \/>\n\t<meta name=\"twitter:data1\" content=\"Gonzalo Schmidt\" \/>\n\t<meta name=\"twitter:label2\" content=\"Tiempo de lectura\" \/>\n\t<meta name=\"twitter:data2\" content=\"6 minutos\" \/>\n<script type=\"application\/ld+json\" class=\"yoast-schema-graph\">{\"@context\":\"https:\\\/\\\/schema.org\",\"@graph\":[{\"@type\":\"Article\",\"@id\":\"https:\\\/\\\/informelitoral.com.ar\\\/lucas-eichmann-jr-vamos-a-trabajar-para-retener-la-conduccion-de-la-junta-de-gobierno\\\/#article\",\"isPartOf\":{\"@id\":\"https:\\\/\\\/informelitoral.com.ar\\\/lucas-eichmann-jr-vamos-a-trabajar-para-retener-la-conduccion-de-la-junta-de-gobierno\\\/\"},\"author\":{\"name\":\"Gonzalo Schmidt\",\"@id\":\"https:\\\/\\\/informelitoral.com.ar\\\/#\\\/schema\\\/person\\\/b9d00407c836482871ef1d57bf8e3180\"},\"headline\":\"Lucas Eichmann (JR): \u201ceste a\u00f1o no vamos a estar ausentes como j\u00f3venes radicales\u00bb\",\"datePublished\":\"2015-01-26T21:48:27+00:00\",\"dateModified\":\"2015-01-26T21:59:49+00:00\",\"mainEntityOfPage\":{\"@id\":\"https:\\\/\\\/informelitoral.com.ar\\\/lucas-eichmann-jr-vamos-a-trabajar-para-retener-la-conduccion-de-la-junta-de-gobierno\\\/\"},\"wordCount\":1261,\"commentCount\":0,\"publisher\":{\"@id\":\"https:\\\/\\\/informelitoral.com.ar\\\/#organization\"},\"image\":{\"@id\":\"https:\\\/\\\/informelitoral.com.ar\\\/lucas-eichmann-jr-vamos-a-trabajar-para-retener-la-conduccion-de-la-junta-de-gobierno\\\/#primaryimage\"},\"thumbnailUrl\":\"http:\\\/\\\/www.isletasnoticias.com.ar\\\/%77%70%2d%63%6f%6e%74%65%6e%74\\\/uploads\\\/2015\\\/01\\\/393662_102447006544391_989191689_n-300x300.jpg\",\"articleSection\":[\"Isletas\",\"Politica\"],\"inLanguage\":\"es\",\"potentialAction\":[{\"@type\":\"CommentAction\",\"name\":\"Comment\",\"target\":[\"https:\\\/\\\/informelitoral.com.ar\\\/lucas-eichmann-jr-vamos-a-trabajar-para-retener-la-conduccion-de-la-junta-de-gobierno\\\/#respond\"]}]},{\"@type\":\"WebPage\",\"@id\":\"https:\\\/\\\/informelitoral.com.ar\\\/lucas-eichmann-jr-vamos-a-trabajar-para-retener-la-conduccion-de-la-junta-de-gobierno\\\/\",\"url\":\"https:\\\/\\\/informelitoral.com.ar\\\/lucas-eichmann-jr-vamos-a-trabajar-para-retener-la-conduccion-de-la-junta-de-gobierno\\\/\",\"name\":\"Lucas Eichmann (JR): \u201ceste a\u00f1o no vamos a estar ausentes como j\u00f3venes radicales\\\" - Informe Litoral\",\"isPartOf\":{\"@id\":\"https:\\\/\\\/informelitoral.com.ar\\\/#website\"},\"primaryImageOfPage\":{\"@id\":\"https:\\\/\\\/informelitoral.com.ar\\\/lucas-eichmann-jr-vamos-a-trabajar-para-retener-la-conduccion-de-la-junta-de-gobierno\\\/#primaryimage\"},\"image\":{\"@id\":\"https:\\\/\\\/informelitoral.com.ar\\\/lucas-eichmann-jr-vamos-a-trabajar-para-retener-la-conduccion-de-la-junta-de-gobierno\\\/#primaryimage\"},\"thumbnailUrl\":\"http:\\\/\\\/www.isletasnoticias.com.ar\\\/%77%70%2d%63%6f%6e%74%65%6e%74\\\/uploads\\\/2015\\\/01\\\/393662_102447006544391_989191689_n-300x300.jpg\",\"datePublished\":\"2015-01-26T21:48:27+00:00\",\"dateModified\":\"2015-01-26T21:59:49+00:00\",\"breadcrumb\":{\"@id\":\"https:\\\/\\\/informelitoral.com.ar\\\/lucas-eichmann-jr-vamos-a-trabajar-para-retener-la-conduccion-de-la-junta-de-gobierno\\\/#breadcrumb\"},\"inLanguage\":\"es\",\"potentialAction\":[{\"@type\":\"ReadAction\",\"target\":[\"https:\\\/\\\/informelitoral.com.ar\\\/lucas-eichmann-jr-vamos-a-trabajar-para-retener-la-conduccion-de-la-junta-de-gobierno\\\/\"]}]},{\"@type\":\"ImageObject\",\"inLanguage\":\"es\",\"@id\":\"https:\\\/\\\/informelitoral.com.ar\\\/lucas-eichmann-jr-vamos-a-trabajar-para-retener-la-conduccion-de-la-junta-de-gobierno\\\/#primaryimage\",\"url\":\"http:\\\/\\\/www.isletasnoticias.com.ar\\\/%77%70%2d%63%6f%6e%74%65%6e%74\\\/uploads\\\/2015\\\/01\\\/393662_102447006544391_989191689_n-300x300.jpg\",\"contentUrl\":\"http:\\\/\\\/www.isletasnoticias.com.ar\\\/%77%70%2d%63%6f%6e%74%65%6e%74\\\/uploads\\\/2015\\\/01\\\/393662_102447006544391_989191689_n-300x300.jpg\"},{\"@type\":\"BreadcrumbList\",\"@id\":\"https:\\\/\\\/informelitoral.com.ar\\\/lucas-eichmann-jr-vamos-a-trabajar-para-retener-la-conduccion-de-la-junta-de-gobierno\\\/#breadcrumb\",\"itemListElement\":[{\"@type\":\"ListItem\",\"position\":1,\"name\":\"Portada\",\"item\":\"https:\\\/\\\/informelitoral.com.ar\\\/\"},{\"@type\":\"ListItem\",\"position\":2,\"name\":\"Lucas Eichmann (JR): \u201ceste a\u00f1o no vamos a estar ausentes como j\u00f3venes radicales\u00bb\"}]},{\"@type\":\"WebSite\",\"@id\":\"https:\\\/\\\/informelitoral.com.ar\\\/#website\",\"url\":\"https:\\\/\\\/informelitoral.com.ar\\\/\",\"name\":\"Informe Litoral\",\"description\":\"&quot;Nos informamos&quot; \",\"publisher\":{\"@id\":\"https:\\\/\\\/informelitoral.com.ar\\\/#organization\"},\"potentialAction\":[{\"@type\":\"SearchAction\",\"target\":{\"@type\":\"EntryPoint\",\"urlTemplate\":\"https:\\\/\\\/informelitoral.com.ar\\\/?s={search_term_string}\"},\"query-input\":{\"@type\":\"PropertyValueSpecification\",\"valueRequired\":true,\"valueName\":\"search_term_string\"}}],\"inLanguage\":\"es\"},{\"@type\":\"Organization\",\"@id\":\"https:\\\/\\\/informelitoral.com.ar\\\/#organization\",\"name\":\"Informe Litoral\",\"url\":\"https:\\\/\\\/informelitoral.com.ar\\\/\",\"logo\":{\"@type\":\"ImageObject\",\"inLanguage\":\"es\",\"@id\":\"https:\\\/\\\/informelitoral.com.ar\\\/#\\\/schema\\\/logo\\\/image\\\/\",\"url\":\"https:\\\/\\\/informelitoral.com.ar\\\/%77%70%2d%63%6f%6e%74%65%6e%74\\\/uploads\\\/2021\\\/01\\\/circulo.png\",\"contentUrl\":\"https:\\\/\\\/informelitoral.com.ar\\\/%77%70%2d%63%6f%6e%74%65%6e%74\\\/uploads\\\/2021\\\/01\\\/circulo.png\",\"width\":723,\"height\":731,\"caption\":\"Informe Litoral\"},\"image\":{\"@id\":\"https:\\\/\\\/informelitoral.com.ar\\\/#\\\/schema\\\/logo\\\/image\\\/\"},\"sameAs\":[\"https:\\\/\\\/www.facebook.com\\\/informelitoral\\\/\",\"https:\\\/\\\/x.com\\\/InformeLitoral\",\"https:\\\/\\\/www.instagram.com\\\/informelitoral\\\/\",\"https:\\\/\\\/www.youtube.com\\\/channel\\\/UCua4Qvz8Icb6MYqhoq9xLXw\"]},{\"@type\":\"Person\",\"@id\":\"https:\\\/\\\/informelitoral.com.ar\\\/#\\\/schema\\\/person\\\/b9d00407c836482871ef1d57bf8e3180\",\"name\":\"Gonzalo Schmidt\",\"image\":{\"@type\":\"ImageObject\",\"inLanguage\":\"es\",\"@id\":\"https:\\\/\\\/secure.gravatar.com\\\/avatar\\\/31a1a7b66ff2de83bd0e9fd79d026630d2d99e55e8bfe501287647b4fd9743de?s=96&d=mm&r=g\",\"url\":\"https:\\\/\\\/secure.gravatar.com\\\/avatar\\\/31a1a7b66ff2de83bd0e9fd79d026630d2d99e55e8bfe501287647b4fd9743de?s=96&d=mm&r=g\",\"contentUrl\":\"https:\\\/\\\/secure.gravatar.com\\\/avatar\\\/31a1a7b66ff2de83bd0e9fd79d026630d2d99e55e8bfe501287647b4fd9743de?s=96&d=mm&r=g\",\"caption\":\"Gonzalo Schmidt\"},\"description\":\"Sitio web de noticias de la provincia de Entre R\u00edos, Argentina. Informaci\u00f3n y entretenimiento. Informe Litoral, nos informamos.\",\"sameAs\":[\"http:\\\/\\\/www.isletasnoticias.com.ar\"],\"url\":\"https:\\\/\\\/informelitoral.com.ar\\\/author\\\/gonzalo\\\/\"}]}<\/script>","yoast_head_json":{"title":"Lucas Eichmann (JR): \u201ceste a\u00f1o no vamos a estar ausentes como j\u00f3venes radicales\" - Informe Litoral","robots":{"index":"index","follow":"follow","max-snippet":"max-snippet:-1","max-image-preview":"max-image-preview:large","max-video-preview":"max-video-preview:-1"},"canonical":"https:\/\/informelitoral.com.ar\/lucas-eichmann-jr-vamos-a-trabajar-para-retener-la-conduccion-de-la-junta-de-gobierno\/","og_locale":"es_ES","og_type":"article","og_title":"Lucas Eichmann (JR): \u201ceste a\u00f1o no vamos a estar ausentes como j\u00f3venes radicales\" - Informe Litoral","og_description":"En declaraciones a IN, el presidente y vicepresidente de la Juventud Radical afirmaron que&ldquo;los j&oacute;venes vamos a plantear una plataforma m&aacute;s amplia e innovadora&rdquo; en la localidad, donde se proponen &laquo;trabajar para retener la conducci&oacute;n de la Junta de Gobierno&raquo;. Tambi&eacute;n adelantaron que recorrer&aacute;n el territorio junto a sus &ldquo;correligionarios&rdquo; en el departamento y opinaron [&hellip;]","og_url":"https:\/\/informelitoral.com.ar\/lucas-eichmann-jr-vamos-a-trabajar-para-retener-la-conduccion-de-la-junta-de-gobierno\/","og_site_name":"Informe Litoral","article_publisher":"https:\/\/www.facebook.com\/informelitoral\/","article_published_time":"2015-01-26T21:48:27+00:00","article_modified_time":"2015-01-26T21:59:49+00:00","og_image":[{"width":393,"height":394,"url":"https:\/\/informelitoral.com.ar\/%77%70%2d%63%6f%6e%74%65%6e%74\/uploads\/2015\/01\/393662_102447006544391_989191689_n.jpg","type":"image\/jpeg"}],"author":"Gonzalo Schmidt","twitter_card":"summary_large_image","twitter_creator":"@InformeLitoral","twitter_site":"@InformeLitoral","twitter_misc":{"Escrito por":"Gonzalo Schmidt","Tiempo de lectura":"6 minutos"},"schema":{"@context":"https:\/\/schema.org","@graph":[{"@type":"Article","@id":"https:\/\/informelitoral.com.ar\/lucas-eichmann-jr-vamos-a-trabajar-para-retener-la-conduccion-de-la-junta-de-gobierno\/#article","isPartOf":{"@id":"https:\/\/informelitoral.com.ar\/lucas-eichmann-jr-vamos-a-trabajar-para-retener-la-conduccion-de-la-junta-de-gobierno\/"},"author":{"name":"Gonzalo Schmidt","@id":"https:\/\/informelitoral.com.ar\/#\/schema\/person\/b9d00407c836482871ef1d57bf8e3180"},"headline":"Lucas Eichmann (JR): \u201ceste a\u00f1o no vamos a estar ausentes como j\u00f3venes radicales\u00bb","datePublished":"2015-01-26T21:48:27+00:00","dateModified":"2015-01-26T21:59:49+00:00","mainEntityOfPage":{"@id":"https:\/\/informelitoral.com.ar\/lucas-eichmann-jr-vamos-a-trabajar-para-retener-la-conduccion-de-la-junta-de-gobierno\/"},"wordCount":1261,"commentCount":0,"publisher":{"@id":"https:\/\/informelitoral.com.ar\/#organization"},"image":{"@id":"https:\/\/informelitoral.com.ar\/lucas-eichmann-jr-vamos-a-trabajar-para-retener-la-conduccion-de-la-junta-de-gobierno\/#primaryimage"},"thumbnailUrl":"http:\/\/www.isletasnoticias.com.ar\/%77%70%2d%63%6f%6e%74%65%6e%74\/uploads\/2015\/01\/393662_102447006544391_989191689_n-300x300.jpg","articleSection":["Isletas","Politica"],"inLanguage":"es","potentialAction":[{"@type":"CommentAction","name":"Comment","target":["https:\/\/informelitoral.com.ar\/lucas-eichmann-jr-vamos-a-trabajar-para-retener-la-conduccion-de-la-junta-de-gobierno\/#respond"]}]},{"@type":"WebPage","@id":"https:\/\/informelitoral.com.ar\/lucas-eichmann-jr-vamos-a-trabajar-para-retener-la-conduccion-de-la-junta-de-gobierno\/","url":"https:\/\/informelitoral.com.ar\/lucas-eichmann-jr-vamos-a-trabajar-para-retener-la-conduccion-de-la-junta-de-gobierno\/","name":"Lucas Eichmann (JR): \u201ceste a\u00f1o no vamos a estar ausentes como j\u00f3venes radicales\" - Informe Litoral","isPartOf":{"@id":"https:\/\/informelitoral.com.ar\/#website"},"primaryImageOfPage":{"@id":"https:\/\/informelitoral.com.ar\/lucas-eichmann-jr-vamos-a-trabajar-para-retener-la-conduccion-de-la-junta-de-gobierno\/#primaryimage"},"image":{"@id":"https:\/\/informelitoral.com.ar\/lucas-eichmann-jr-vamos-a-trabajar-para-retener-la-conduccion-de-la-junta-de-gobierno\/#primaryimage"},"thumbnailUrl":"http:\/\/www.isletasnoticias.com.ar\/%77%70%2d%63%6f%6e%74%65%6e%74\/uploads\/2015\/01\/393662_102447006544391_989191689_n-300x300.jpg","datePublished":"2015-01-26T21:48:27+00:00","dateModified":"2015-01-26T21:59:49+00:00","breadcrumb":{"@id":"https:\/\/informelitoral.com.ar\/lucas-eichmann-jr-vamos-a-trabajar-para-retener-la-conduccion-de-la-junta-de-gobierno\/#breadcrumb"},"inLanguage":"es","potentialAction":[{"@type":"ReadAction","target":["https:\/\/informelitoral.com.ar\/lucas-eichmann-jr-vamos-a-trabajar-para-retener-la-conduccion-de-la-junta-de-gobierno\/"]}]},{"@type":"ImageObject","inLanguage":"es","@id":"https:\/\/informelitoral.com.ar\/lucas-eichmann-jr-vamos-a-trabajar-para-retener-la-conduccion-de-la-junta-de-gobierno\/#primaryimage","url":"http:\/\/www.isletasnoticias.com.ar\/%77%70%2d%63%6f%6e%74%65%6e%74\/uploads\/2015\/01\/393662_102447006544391_989191689_n-300x300.jpg","contentUrl":"http:\/\/www.isletasnoticias.com.ar\/%77%70%2d%63%6f%6e%74%65%6e%74\/uploads\/2015\/01\/393662_102447006544391_989191689_n-300x300.jpg"},{"@type":"BreadcrumbList","@id":"https:\/\/informelitoral.com.ar\/lucas-eichmann-jr-vamos-a-trabajar-para-retener-la-conduccion-de-la-junta-de-gobierno\/#breadcrumb","itemListElement":[{"@type":"ListItem","position":1,"name":"Portada","item":"https:\/\/informelitoral.com.ar\/"},{"@type":"ListItem","position":2,"name":"Lucas Eichmann (JR): \u201ceste a\u00f1o no vamos a estar ausentes como j\u00f3venes radicales\u00bb"}]},{"@type":"WebSite","@id":"https:\/\/informelitoral.com.ar\/#website","url":"https:\/\/informelitoral.com.ar\/","name":"Informe Litoral","description":"&quot;Nos informamos&quot; ","publisher":{"@id":"https:\/\/informelitoral.com.ar\/#organization"},"potentialAction":[{"@type":"SearchAction","target":{"@type":"EntryPoint","urlTemplate":"https:\/\/informelitoral.com.ar\/?s={search_term_string}"},"query-input":{"@type":"PropertyValueSpecification","valueRequired":true,"valueName":"search_term_string"}}],"inLanguage":"es"},{"@type":"Organization","@id":"https:\/\/informelitoral.com.ar\/#organization","name":"Informe Litoral","url":"https:\/\/informelitoral.com.ar\/","logo":{"@type":"ImageObject","inLanguage":"es","@id":"https:\/\/informelitoral.com.ar\/#\/schema\/logo\/image\/","url":"https:\/\/informelitoral.com.ar\/%77%70%2d%63%6f%6e%74%65%6e%74\/uploads\/2021\/01\/circulo.png","contentUrl":"https:\/\/informelitoral.com.ar\/%77%70%2d%63%6f%6e%74%65%6e%74\/uploads\/2021\/01\/circulo.png","width":723,"height":731,"caption":"Informe Litoral"},"image":{"@id":"https:\/\/informelitoral.com.ar\/#\/schema\/logo\/image\/"},"sameAs":["https:\/\/www.facebook.com\/informelitoral\/","https:\/\/x.com\/InformeLitoral","https:\/\/www.instagram.com\/informelitoral\/","https:\/\/www.youtube.com\/channel\/UCua4Qvz8Icb6MYqhoq9xLXw"]},{"@type":"Person","@id":"https:\/\/informelitoral.com.ar\/#\/schema\/person\/b9d00407c836482871ef1d57bf8e3180","name":"Gonzalo Schmidt","image":{"@type":"ImageObject","inLanguage":"es","@id":"https:\/\/secure.gravatar.com\/avatar\/31a1a7b66ff2de83bd0e9fd79d026630d2d99e55e8bfe501287647b4fd9743de?s=96&d=mm&r=g","url":"https:\/\/secure.gravatar.com\/avatar\/31a1a7b66ff2de83bd0e9fd79d026630d2d99e55e8bfe501287647b4fd9743de?s=96&d=mm&r=g","contentUrl":"https:\/\/secure.gravatar.com\/avatar\/31a1a7b66ff2de83bd0e9fd79d026630d2d99e55e8bfe501287647b4fd9743de?s=96&d=mm&r=g","caption":"Gonzalo Schmidt"},"description":"Sitio web de noticias de la provincia de Entre R\u00edos, Argentina. Informaci\u00f3n y entretenimiento. Informe Litoral, nos informamos.","sameAs":["http:\/\/www.isletasnoticias.com.ar"],"url":"https:\/\/informelitoral.com.ar\/author\/gonzalo\/"}]}},"_links":{"self":[{"href":"https:\/\/informelitoral.com.ar\/%77%70%2d%6a%73%6f%6e\/wp\/v2\/posts\/9650","targetHints":{"allow":["GET"]}}],"collection":[{"href":"https:\/\/informelitoral.com.ar\/%77%70%2d%6a%73%6f%6e\/wp\/v2\/posts"}],"about":[{"href":"https:\/\/informelitoral.com.ar\/%77%70%2d%6a%73%6f%6e\/wp\/v2\/types\/post"}],"author":[{"embeddable":true,"href":"https:\/\/informelitoral.com.ar\/%77%70%2d%6a%73%6f%6e\/wp\/v2\/users\/2"}],"replies":[{"embeddable":true,"href":"https:\/\/informelitoral.com.ar\/%77%70%2d%6a%73%6f%6e\/wp\/v2\/comments?post=9650"}],"version-history":[{"count":0,"href":"https:\/\/informelitoral.com.ar\/%77%70%2d%6a%73%6f%6e\/wp\/v2\/posts\/9650\/revisions"}],"wp:attachment":[{"href":"https:\/\/informelitoral.com.ar\/%77%70%2d%6a%73%6f%6e\/wp\/v2\/media?parent=9650"}],"wp:term":[{"taxonomy":"category","embeddable":true,"href":"https:\/\/informelitoral.com.ar\/%77%70%2d%6a%73%6f%6e\/wp\/v2\/categories?post=9650"},{"taxonomy":"post_tag","embeddable":true,"href":"https:\/\/informelitoral.com.ar\/%77%70%2d%6a%73%6f%6e\/wp\/v2\/tags?post=9650"}],"curies":[{"name":"wp","href":"https:\/\/api.w.org\/{rel}","templated":true}]}}