{"id":9644,"date":"2015-01-26T18:19:19","date_gmt":"2015-01-26T21:19:19","guid":{"rendered":"http:\/\/www.isletasnoticias.com.ar\/?p=9644"},"modified":"2015-01-26T18:19:19","modified_gmt":"2015-01-26T21:19:19","slug":"denuncian-que-el-hijo-de-urribarri-atropello-a-una-menor-y-se-dio-a-la-fuga","status":"publish","type":"post","link":"https:\/\/informelitoral.com.ar\/denuncian-que-el-hijo-de-urribarri-atropello-a-una-menor-y-se-dio-a-la-fuga\/","title":{"rendered":"Denuncian que el hijo de Urribarri atropell\u00f3 a una menor y se dio a la fuga"},"content":{"rendered":"<p><strong>Una mujer dijo que <em>Mateo Urribarri,<\/em> hijo del gobernador de Entre R\u00edos, arroll\u00f3 a su hija en Concordia.<a href=\"http:\/\/www.isletasnoticias.com.ar\/%77%70%2d%63%6f%6e%74%65%6e%74\/uploads\/2015\/01\/0126_urribarri_padre_hijo_g.jpg_1853027552.jpg\"><img loading=\"lazy\" decoding=\"async\" class=\"aligncenter size-medium wp-image-9645\" src=\"http:\/\/www.isletasnoticias.com.ar\/%77%70%2d%63%6f%6e%74%65%6e%74\/uploads\/2015\/01\/0126_urribarri_padre_hijo_g.jpg_1853027552-300x206.jpg\" alt=\"0126_urribarri_padre_hijo_g.jpg_1853027552\" width=\"300\" height=\"206\" srcset=\"https:\/\/informelitoral.com.ar\/%77%70%2d%63%6f%6e%74%65%6e%74\/uploads\/2015\/01\/0126_urribarri_padre_hijo_g.jpg_1853027552-300x206.jpg 300w, https:\/\/informelitoral.com.ar\/%77%70%2d%63%6f%6e%74%65%6e%74\/uploads\/2015\/01\/0126_urribarri_padre_hijo_g.jpg_1853027552.jpg 728w\" sizes=\"auto, (max-width: 300px) 100vw, 300px\" \/><\/a><\/strong><\/p>\n<p>Una mujer denunci\u00f3 que su hija, de 12 a\u00f1os, que circulaban en moto junto a su t\u00edo por la ciudad de Concordia, fue arrollada por el auto que conduc\u00eda <strong>Mateo Urribarri<\/strong>, el hijo del gobernador <strong>Sergio Urribarri<\/strong>.<\/p>\n<p>Seg\u00fan consignaron sitios locales, el chico llevaba a otros j\u00f3venes en un veh\u00edculo que todav\u00eda no fue identificado, pero acorde a las primeras informaciones estar\u00eda a nombre de la esposa del gobernador, Anal\u00eda Aguilera.<\/p>\n<p>La denuncia se conoci\u00f3 mediante la red social Facebook, donde la mujer explic\u00f3 que el incidente se dio en la calle Nogoy\u00e1, a la altura de la ruta 4. \u201cMateo Urribarri se dio a la fuga. Mi hija y su t\u00edo iban en moto, por el golpe volcaron por arriba del auto\u201d, cont\u00f3. Adem\u00e1s, inform\u00f3 que su hija debi\u00f3 ser hospitalizada y que recibi\u00f3 seis puntos en la pierna.<\/p>\n<p>\u201cMateo Urribarri nunca se present\u00f3 para preguntar c\u00f3mo est\u00e1 mi hija y la polic\u00eda tampoco nunca apareci\u00f3\u201d, continu\u00f3. \u201cGente que estaba cerca de ah\u00ed nos ayudaron y me llamar\u00f3n para decirme qui\u00e9n era el que conduc\u00eda el auto y de c\u00f3mo fue el accidente\u201d, afirm\u00f3. <em>(Perfil)<\/em><\/p>\n","protected":false},"excerpt":{"rendered":"<p>Una mujer dijo que Mateo Urribarri, hijo del gobernador de Entre R&iacute;os, arroll&oacute; a su hija en Concordia. Una mujer denunci&oacute; que su hija, de 12 a&ntilde;os, que circulaban en moto junto a su t&iacute;o por la ciudad de Concordia, fue arrollada por el auto que conduc&iacute;a Mateo Urribarri, el hijo del gobernador Sergio Urribarri. [&hellip;]<\/p>\n","protected":false},"author":2,"featured_media":0,"comment_status":"open","ping_status":"open","sticky":false,"template":"","format":"standard","meta":{"fifu_image_url":"","fifu_image_alt":"","footnotes":""},"categories":[6,14,16],"tags":[],"class_list":{"0":"post-9644","1":"post","2":"type-post","3":"status-publish","4":"format-standard","6":"category-entre-rios","7":"category-policiales","8":"category-politi"},"yoast_head":"<title>Denuncian que el hijo de Urribarri atropell\u00f3 a una menor y se dio a la fuga - Informe Litoral<\/title>\n<meta name=\"robots\" content=\"index, follow, max-snippet:-1, max-image-preview:large, max-video-preview:-1\" \/>\n<link rel=\"canonical\" href=\"https:\/\/informelitoral.com.ar\/denuncian-que-el-hijo-de-urribarri-atropello-a-una-menor-y-se-dio-a-la-fuga\/\" \/>\n<meta property=\"og:locale\" content=\"es_ES\" \/>\n<meta property=\"og:type\" content=\"article\" \/>\n<meta property=\"og:title\" content=\"Denuncian que el hijo de Urribarri atropell\u00f3 a una menor y se dio a la fuga - Informe Litoral\" \/>\n<meta property=\"og:description\" content=\"Una mujer dijo que Mateo Urribarri, hijo del gobernador de Entre R&iacute;os, arroll&oacute; a su hija en Concordia. Una mujer denunci&oacute; que su hija, de 12 a&ntilde;os, que circulaban en moto junto a su t&iacute;o por la ciudad de Concordia, fue arrollada por el auto que conduc&iacute;a Mateo Urribarri, el hijo del gobernador Sergio Urribarri. [&hellip;]\" \/>\n<meta property=\"og:url\" content=\"https:\/\/informelitoral.com.ar\/denuncian-que-el-hijo-de-urribarri-atropello-a-una-menor-y-se-dio-a-la-fuga\/\" \/>\n<meta property=\"og:site_name\" content=\"Informe Litoral\" \/>\n<meta property=\"article:publisher\" content=\"https:\/\/www.facebook.com\/informelitoral\/\" \/>\n<meta property=\"article:published_time\" content=\"2015-01-26T21:19:19+00:00\" \/>\n<meta property=\"og:image\" content=\"https:\/\/informelitoral.com.ar\/%77%70%2d%63%6f%6e%74%65%6e%74\/uploads\/2015\/01\/0126_urribarri_padre_hijo_g.jpg_1853027552.jpg\" \/>\n\t<meta property=\"og:image:width\" content=\"728\" \/>\n\t<meta property=\"og:image:height\" content=\"500\" \/>\n\t<meta property=\"og:image:type\" content=\"image\/jpeg\" \/>\n<meta name=\"author\" content=\"Gonzalo Schmidt\" \/>\n<meta name=\"twitter:card\" content=\"summary_large_image\" \/>\n<meta name=\"twitter:creator\" content=\"@InformeLitoral\" \/>\n<meta name=\"twitter:site\" content=\"@InformeLitoral\" \/>\n<meta name=\"twitter:label1\" content=\"Escrito por\" \/>\n\t<meta name=\"twitter:data1\" content=\"Gonzalo Schmidt\" \/>\n\t<meta name=\"twitter:label2\" content=\"Tiempo de lectura\" \/>\n\t<meta name=\"twitter:data2\" content=\"1 minuto\" \/>\n<script type=\"application\/ld+json\" class=\"yoast-schema-graph\">{\"@context\":\"https:\\\/\\\/schema.org\",\"@graph\":[{\"@type\":\"Article\",\"@id\":\"https:\\\/\\\/informelitoral.com.ar\\\/denuncian-que-el-hijo-de-urribarri-atropello-a-una-menor-y-se-dio-a-la-fuga\\\/#article\",\"isPartOf\":{\"@id\":\"https:\\\/\\\/informelitoral.com.ar\\\/denuncian-que-el-hijo-de-urribarri-atropello-a-una-menor-y-se-dio-a-la-fuga\\\/\"},\"author\":{\"name\":\"Gonzalo Schmidt\",\"@id\":\"https:\\\/\\\/informelitoral.com.ar\\\/#\\\/schema\\\/person\\\/b9d00407c836482871ef1d57bf8e3180\"},\"headline\":\"Denuncian que el hijo de Urribarri atropell\u00f3 a una menor y se dio a la fuga\",\"datePublished\":\"2015-01-26T21:19:19+00:00\",\"mainEntityOfPage\":{\"@id\":\"https:\\\/\\\/informelitoral.com.ar\\\/denuncian-que-el-hijo-de-urribarri-atropello-a-una-menor-y-se-dio-a-la-fuga\\\/\"},\"wordCount\":236,\"commentCount\":0,\"publisher\":{\"@id\":\"https:\\\/\\\/informelitoral.com.ar\\\/#organization\"},\"image\":{\"@id\":\"https:\\\/\\\/informelitoral.com.ar\\\/denuncian-que-el-hijo-de-urribarri-atropello-a-una-menor-y-se-dio-a-la-fuga\\\/#primaryimage\"},\"thumbnailUrl\":\"http:\\\/\\\/www.isletasnoticias.com.ar\\\/%77%70%2d%63%6f%6e%74%65%6e%74\\\/uploads\\\/2015\\\/01\\\/0126_urribarri_padre_hijo_g.jpg_1853027552-300x206.jpg\",\"articleSection\":[\"Entre R\u00edos\",\"Policiales\",\"Politica\"],\"inLanguage\":\"es\",\"potentialAction\":[{\"@type\":\"CommentAction\",\"name\":\"Comment\",\"target\":[\"https:\\\/\\\/informelitoral.com.ar\\\/denuncian-que-el-hijo-de-urribarri-atropello-a-una-menor-y-se-dio-a-la-fuga\\\/#respond\"]}]},{\"@type\":\"WebPage\",\"@id\":\"https:\\\/\\\/informelitoral.com.ar\\\/denuncian-que-el-hijo-de-urribarri-atropello-a-una-menor-y-se-dio-a-la-fuga\\\/\",\"url\":\"https:\\\/\\\/informelitoral.com.ar\\\/denuncian-que-el-hijo-de-urribarri-atropello-a-una-menor-y-se-dio-a-la-fuga\\\/\",\"name\":\"Denuncian que el hijo de Urribarri atropell\u00f3 a una menor y se dio a la fuga - Informe Litoral\",\"isPartOf\":{\"@id\":\"https:\\\/\\\/informelitoral.com.ar\\\/#website\"},\"primaryImageOfPage\":{\"@id\":\"https:\\\/\\\/informelitoral.com.ar\\\/denuncian-que-el-hijo-de-urribarri-atropello-a-una-menor-y-se-dio-a-la-fuga\\\/#primaryimage\"},\"image\":{\"@id\":\"https:\\\/\\\/informelitoral.com.ar\\\/denuncian-que-el-hijo-de-urribarri-atropello-a-una-menor-y-se-dio-a-la-fuga\\\/#primaryimage\"},\"thumbnailUrl\":\"http:\\\/\\\/www.isletasnoticias.com.ar\\\/%77%70%2d%63%6f%6e%74%65%6e%74\\\/uploads\\\/2015\\\/01\\\/0126_urribarri_padre_hijo_g.jpg_1853027552-300x206.jpg\",\"datePublished\":\"2015-01-26T21:19:19+00:00\",\"breadcrumb\":{\"@id\":\"https:\\\/\\\/informelitoral.com.ar\\\/denuncian-que-el-hijo-de-urribarri-atropello-a-una-menor-y-se-dio-a-la-fuga\\\/#breadcrumb\"},\"inLanguage\":\"es\",\"potentialAction\":[{\"@type\":\"ReadAction\",\"target\":[\"https:\\\/\\\/informelitoral.com.ar\\\/denuncian-que-el-hijo-de-urribarri-atropello-a-una-menor-y-se-dio-a-la-fuga\\\/\"]}]},{\"@type\":\"ImageObject\",\"inLanguage\":\"es\",\"@id\":\"https:\\\/\\\/informelitoral.com.ar\\\/denuncian-que-el-hijo-de-urribarri-atropello-a-una-menor-y-se-dio-a-la-fuga\\\/#primaryimage\",\"url\":\"http:\\\/\\\/www.isletasnoticias.com.ar\\\/%77%70%2d%63%6f%6e%74%65%6e%74\\\/uploads\\\/2015\\\/01\\\/0126_urribarri_padre_hijo_g.jpg_1853027552-300x206.jpg\",\"contentUrl\":\"http:\\\/\\\/www.isletasnoticias.com.ar\\\/%77%70%2d%63%6f%6e%74%65%6e%74\\\/uploads\\\/2015\\\/01\\\/0126_urribarri_padre_hijo_g.jpg_1853027552-300x206.jpg\"},{\"@type\":\"BreadcrumbList\",\"@id\":\"https:\\\/\\\/informelitoral.com.ar\\\/denuncian-que-el-hijo-de-urribarri-atropello-a-una-menor-y-se-dio-a-la-fuga\\\/#breadcrumb\",\"itemListElement\":[{\"@type\":\"ListItem\",\"position\":1,\"name\":\"Portada\",\"item\":\"https:\\\/\\\/informelitoral.com.ar\\\/\"},{\"@type\":\"ListItem\",\"position\":2,\"name\":\"Denuncian que el hijo de Urribarri atropell\u00f3 a una menor y se dio a la fuga\"}]},{\"@type\":\"WebSite\",\"@id\":\"https:\\\/\\\/informelitoral.com.ar\\\/#website\",\"url\":\"https:\\\/\\\/informelitoral.com.ar\\\/\",\"name\":\"Informe Litoral\",\"description\":\"&quot;Nos informamos&quot; \",\"publisher\":{\"@id\":\"https:\\\/\\\/informelitoral.com.ar\\\/#organization\"},\"potentialAction\":[{\"@type\":\"SearchAction\",\"target\":{\"@type\":\"EntryPoint\",\"urlTemplate\":\"https:\\\/\\\/informelitoral.com.ar\\\/?s={search_term_string}\"},\"query-input\":{\"@type\":\"PropertyValueSpecification\",\"valueRequired\":true,\"valueName\":\"search_term_string\"}}],\"inLanguage\":\"es\"},{\"@type\":\"Organization\",\"@id\":\"https:\\\/\\\/informelitoral.com.ar\\\/#organization\",\"name\":\"Informe Litoral\",\"url\":\"https:\\\/\\\/informelitoral.com.ar\\\/\",\"logo\":{\"@type\":\"ImageObject\",\"inLanguage\":\"es\",\"@id\":\"https:\\\/\\\/informelitoral.com.ar\\\/#\\\/schema\\\/logo\\\/image\\\/\",\"url\":\"https:\\\/\\\/informelitoral.com.ar\\\/%77%70%2d%63%6f%6e%74%65%6e%74\\\/uploads\\\/2021\\\/01\\\/circulo.png\",\"contentUrl\":\"https:\\\/\\\/informelitoral.com.ar\\\/%77%70%2d%63%6f%6e%74%65%6e%74\\\/uploads\\\/2021\\\/01\\\/circulo.png\",\"width\":723,\"height\":731,\"caption\":\"Informe Litoral\"},\"image\":{\"@id\":\"https:\\\/\\\/informelitoral.com.ar\\\/#\\\/schema\\\/logo\\\/image\\\/\"},\"sameAs\":[\"https:\\\/\\\/www.facebook.com\\\/informelitoral\\\/\",\"https:\\\/\\\/x.com\\\/InformeLitoral\",\"https:\\\/\\\/www.instagram.com\\\/informelitoral\\\/\",\"https:\\\/\\\/www.youtube.com\\\/channel\\\/UCua4Qvz8Icb6MYqhoq9xLXw\"]},{\"@type\":\"Person\",\"@id\":\"https:\\\/\\\/informelitoral.com.ar\\\/#\\\/schema\\\/person\\\/b9d00407c836482871ef1d57bf8e3180\",\"name\":\"Gonzalo Schmidt\",\"image\":{\"@type\":\"ImageObject\",\"inLanguage\":\"es\",\"@id\":\"https:\\\/\\\/secure.gravatar.com\\\/avatar\\\/31a1a7b66ff2de83bd0e9fd79d026630d2d99e55e8bfe501287647b4fd9743de?s=96&d=mm&r=g\",\"url\":\"https:\\\/\\\/secure.gravatar.com\\\/avatar\\\/31a1a7b66ff2de83bd0e9fd79d026630d2d99e55e8bfe501287647b4fd9743de?s=96&d=mm&r=g\",\"contentUrl\":\"https:\\\/\\\/secure.gravatar.com\\\/avatar\\\/31a1a7b66ff2de83bd0e9fd79d026630d2d99e55e8bfe501287647b4fd9743de?s=96&d=mm&r=g\",\"caption\":\"Gonzalo Schmidt\"},\"description\":\"Sitio web de noticias de la provincia de Entre R\u00edos, Argentina. Informaci\u00f3n y entretenimiento. Informe Litoral, nos informamos.\",\"sameAs\":[\"http:\\\/\\\/www.isletasnoticias.com.ar\"],\"url\":\"https:\\\/\\\/informelitoral.com.ar\\\/author\\\/gonzalo\\\/\"}]}<\/script>","yoast_head_json":{"title":"Denuncian que el hijo de Urribarri atropell\u00f3 a una menor y se dio a la fuga - Informe Litoral","robots":{"index":"index","follow":"follow","max-snippet":"max-snippet:-1","max-image-preview":"max-image-preview:large","max-video-preview":"max-video-preview:-1"},"canonical":"https:\/\/informelitoral.com.ar\/denuncian-que-el-hijo-de-urribarri-atropello-a-una-menor-y-se-dio-a-la-fuga\/","og_locale":"es_ES","og_type":"article","og_title":"Denuncian que el hijo de Urribarri atropell\u00f3 a una menor y se dio a la fuga - Informe Litoral","og_description":"Una mujer dijo que Mateo Urribarri, hijo del gobernador de Entre R&iacute;os, arroll&oacute; a su hija en Concordia. Una mujer denunci&oacute; que su hija, de 12 a&ntilde;os, que circulaban en moto junto a su t&iacute;o por la ciudad de Concordia, fue arrollada por el auto que conduc&iacute;a Mateo Urribarri, el hijo del gobernador Sergio Urribarri. [&hellip;]","og_url":"https:\/\/informelitoral.com.ar\/denuncian-que-el-hijo-de-urribarri-atropello-a-una-menor-y-se-dio-a-la-fuga\/","og_site_name":"Informe Litoral","article_publisher":"https:\/\/www.facebook.com\/informelitoral\/","article_published_time":"2015-01-26T21:19:19+00:00","og_image":[{"width":728,"height":500,"url":"https:\/\/informelitoral.com.ar\/%77%70%2d%63%6f%6e%74%65%6e%74\/uploads\/2015\/01\/0126_urribarri_padre_hijo_g.jpg_1853027552.jpg","type":"image\/jpeg"}],"author":"Gonzalo Schmidt","twitter_card":"summary_large_image","twitter_creator":"@InformeLitoral","twitter_site":"@InformeLitoral","twitter_misc":{"Escrito por":"Gonzalo Schmidt","Tiempo de lectura":"1 minuto"},"schema":{"@context":"https:\/\/schema.org","@graph":[{"@type":"Article","@id":"https:\/\/informelitoral.com.ar\/denuncian-que-el-hijo-de-urribarri-atropello-a-una-menor-y-se-dio-a-la-fuga\/#article","isPartOf":{"@id":"https:\/\/informelitoral.com.ar\/denuncian-que-el-hijo-de-urribarri-atropello-a-una-menor-y-se-dio-a-la-fuga\/"},"author":{"name":"Gonzalo Schmidt","@id":"https:\/\/informelitoral.com.ar\/#\/schema\/person\/b9d00407c836482871ef1d57bf8e3180"},"headline":"Denuncian que el hijo de Urribarri atropell\u00f3 a una menor y se dio a la fuga","datePublished":"2015-01-26T21:19:19+00:00","mainEntityOfPage":{"@id":"https:\/\/informelitoral.com.ar\/denuncian-que-el-hijo-de-urribarri-atropello-a-una-menor-y-se-dio-a-la-fuga\/"},"wordCount":236,"commentCount":0,"publisher":{"@id":"https:\/\/informelitoral.com.ar\/#organization"},"image":{"@id":"https:\/\/informelitoral.com.ar\/denuncian-que-el-hijo-de-urribarri-atropello-a-una-menor-y-se-dio-a-la-fuga\/#primaryimage"},"thumbnailUrl":"http:\/\/www.isletasnoticias.com.ar\/%77%70%2d%63%6f%6e%74%65%6e%74\/uploads\/2015\/01\/0126_urribarri_padre_hijo_g.jpg_1853027552-300x206.jpg","articleSection":["Entre R\u00edos","Policiales","Politica"],"inLanguage":"es","potentialAction":[{"@type":"CommentAction","name":"Comment","target":["https:\/\/informelitoral.com.ar\/denuncian-que-el-hijo-de-urribarri-atropello-a-una-menor-y-se-dio-a-la-fuga\/#respond"]}]},{"@type":"WebPage","@id":"https:\/\/informelitoral.com.ar\/denuncian-que-el-hijo-de-urribarri-atropello-a-una-menor-y-se-dio-a-la-fuga\/","url":"https:\/\/informelitoral.com.ar\/denuncian-que-el-hijo-de-urribarri-atropello-a-una-menor-y-se-dio-a-la-fuga\/","name":"Denuncian que el hijo de Urribarri atropell\u00f3 a una menor y se dio a la fuga - Informe Litoral","isPartOf":{"@id":"https:\/\/informelitoral.com.ar\/#website"},"primaryImageOfPage":{"@id":"https:\/\/informelitoral.com.ar\/denuncian-que-el-hijo-de-urribarri-atropello-a-una-menor-y-se-dio-a-la-fuga\/#primaryimage"},"image":{"@id":"https:\/\/informelitoral.com.ar\/denuncian-que-el-hijo-de-urribarri-atropello-a-una-menor-y-se-dio-a-la-fuga\/#primaryimage"},"thumbnailUrl":"http:\/\/www.isletasnoticias.com.ar\/%77%70%2d%63%6f%6e%74%65%6e%74\/uploads\/2015\/01\/0126_urribarri_padre_hijo_g.jpg_1853027552-300x206.jpg","datePublished":"2015-01-26T21:19:19+00:00","breadcrumb":{"@id":"https:\/\/informelitoral.com.ar\/denuncian-que-el-hijo-de-urribarri-atropello-a-una-menor-y-se-dio-a-la-fuga\/#breadcrumb"},"inLanguage":"es","potentialAction":[{"@type":"ReadAction","target":["https:\/\/informelitoral.com.ar\/denuncian-que-el-hijo-de-urribarri-atropello-a-una-menor-y-se-dio-a-la-fuga\/"]}]},{"@type":"ImageObject","inLanguage":"es","@id":"https:\/\/informelitoral.com.ar\/denuncian-que-el-hijo-de-urribarri-atropello-a-una-menor-y-se-dio-a-la-fuga\/#primaryimage","url":"http:\/\/www.isletasnoticias.com.ar\/%77%70%2d%63%6f%6e%74%65%6e%74\/uploads\/2015\/01\/0126_urribarri_padre_hijo_g.jpg_1853027552-300x206.jpg","contentUrl":"http:\/\/www.isletasnoticias.com.ar\/%77%70%2d%63%6f%6e%74%65%6e%74\/uploads\/2015\/01\/0126_urribarri_padre_hijo_g.jpg_1853027552-300x206.jpg"},{"@type":"BreadcrumbList","@id":"https:\/\/informelitoral.com.ar\/denuncian-que-el-hijo-de-urribarri-atropello-a-una-menor-y-se-dio-a-la-fuga\/#breadcrumb","itemListElement":[{"@type":"ListItem","position":1,"name":"Portada","item":"https:\/\/informelitoral.com.ar\/"},{"@type":"ListItem","position":2,"name":"Denuncian que el hijo de Urribarri atropell\u00f3 a una menor y se dio a la fuga"}]},{"@type":"WebSite","@id":"https:\/\/informelitoral.com.ar\/#website","url":"https:\/\/informelitoral.com.ar\/","name":"Informe Litoral","description":"&quot;Nos informamos&quot; ","publisher":{"@id":"https:\/\/informelitoral.com.ar\/#organization"},"potentialAction":[{"@type":"SearchAction","target":{"@type":"EntryPoint","urlTemplate":"https:\/\/informelitoral.com.ar\/?s={search_term_string}"},"query-input":{"@type":"PropertyValueSpecification","valueRequired":true,"valueName":"search_term_string"}}],"inLanguage":"es"},{"@type":"Organization","@id":"https:\/\/informelitoral.com.ar\/#organization","name":"Informe Litoral","url":"https:\/\/informelitoral.com.ar\/","logo":{"@type":"ImageObject","inLanguage":"es","@id":"https:\/\/informelitoral.com.ar\/#\/schema\/logo\/image\/","url":"https:\/\/informelitoral.com.ar\/%77%70%2d%63%6f%6e%74%65%6e%74\/uploads\/2021\/01\/circulo.png","contentUrl":"https:\/\/informelitoral.com.ar\/%77%70%2d%63%6f%6e%74%65%6e%74\/uploads\/2021\/01\/circulo.png","width":723,"height":731,"caption":"Informe Litoral"},"image":{"@id":"https:\/\/informelitoral.com.ar\/#\/schema\/logo\/image\/"},"sameAs":["https:\/\/www.facebook.com\/informelitoral\/","https:\/\/x.com\/InformeLitoral","https:\/\/www.instagram.com\/informelitoral\/","https:\/\/www.youtube.com\/channel\/UCua4Qvz8Icb6MYqhoq9xLXw"]},{"@type":"Person","@id":"https:\/\/informelitoral.com.ar\/#\/schema\/person\/b9d00407c836482871ef1d57bf8e3180","name":"Gonzalo Schmidt","image":{"@type":"ImageObject","inLanguage":"es","@id":"https:\/\/secure.gravatar.com\/avatar\/31a1a7b66ff2de83bd0e9fd79d026630d2d99e55e8bfe501287647b4fd9743de?s=96&d=mm&r=g","url":"https:\/\/secure.gravatar.com\/avatar\/31a1a7b66ff2de83bd0e9fd79d026630d2d99e55e8bfe501287647b4fd9743de?s=96&d=mm&r=g","contentUrl":"https:\/\/secure.gravatar.com\/avatar\/31a1a7b66ff2de83bd0e9fd79d026630d2d99e55e8bfe501287647b4fd9743de?s=96&d=mm&r=g","caption":"Gonzalo Schmidt"},"description":"Sitio web de noticias de la provincia de Entre R\u00edos, Argentina. Informaci\u00f3n y entretenimiento. Informe Litoral, nos informamos.","sameAs":["http:\/\/www.isletasnoticias.com.ar"],"url":"https:\/\/informelitoral.com.ar\/author\/gonzalo\/"}]}},"_links":{"self":[{"href":"https:\/\/informelitoral.com.ar\/%77%70%2d%6a%73%6f%6e\/wp\/v2\/posts\/9644","targetHints":{"allow":["GET"]}}],"collection":[{"href":"https:\/\/informelitoral.com.ar\/%77%70%2d%6a%73%6f%6e\/wp\/v2\/posts"}],"about":[{"href":"https:\/\/informelitoral.com.ar\/%77%70%2d%6a%73%6f%6e\/wp\/v2\/types\/post"}],"author":[{"embeddable":true,"href":"https:\/\/informelitoral.com.ar\/%77%70%2d%6a%73%6f%6e\/wp\/v2\/users\/2"}],"replies":[{"embeddable":true,"href":"https:\/\/informelitoral.com.ar\/%77%70%2d%6a%73%6f%6e\/wp\/v2\/comments?post=9644"}],"version-history":[{"count":0,"href":"https:\/\/informelitoral.com.ar\/%77%70%2d%6a%73%6f%6e\/wp\/v2\/posts\/9644\/revisions"}],"wp:attachment":[{"href":"https:\/\/informelitoral.com.ar\/%77%70%2d%6a%73%6f%6e\/wp\/v2\/media?parent=9644"}],"wp:term":[{"taxonomy":"category","embeddable":true,"href":"https:\/\/informelitoral.com.ar\/%77%70%2d%6a%73%6f%6e\/wp\/v2\/categories?post=9644"},{"taxonomy":"post_tag","embeddable":true,"href":"https:\/\/informelitoral.com.ar\/%77%70%2d%6a%73%6f%6e\/wp\/v2\/tags?post=9644"}],"curies":[{"name":"wp","href":"https:\/\/api.w.org\/{rel}","templated":true}]}}