{"id":9641,"date":"2015-01-23T13:13:49","date_gmt":"2015-01-23T16:13:49","guid":{"rendered":"http:\/\/www.isletasnoticias.com.ar\/?p=9641"},"modified":"2015-01-23T13:13:49","modified_gmt":"2015-01-23T16:13:49","slug":"en-la-provincia-se-retienen-seis-motos-por-hora","status":"publish","type":"post","link":"https:\/\/informelitoral.com.ar\/en-la-provincia-se-retienen-seis-motos-por-hora\/","title":{"rendered":"En la provincia se retienen seis motos por hora"},"content":{"rendered":"<p><strong>A 143 d\u00edas de haberse implementado el Decreto 2675 que faculta a la Polic\u00eda a proceder al control de motoveh\u00edculos y secuestro de los mismos en casos de infracci\u00f3n, el Ministerio de Gobierno dio a conocer un informe que detalla que se retienen alrededor de seis motos por hora en todo el territorio entrerriano. En ese orden, desde los organismos provinciales se avanza en una normativa tendiente a la disposici\u00f3n final de los motoveh\u00edculos que no sean retirados por sus due\u00f1os para su posterior compactaci\u00f3n.<a href=\"http:\/\/www.isletasnoticias.com.ar\/%77%70%2d%63%6f%6e%74%65%6e%74\/uploads\/2015\/01\/b_1422021253.jpg\"><img loading=\"lazy\" decoding=\"async\" class=\"aligncenter size-medium wp-image-9642\" src=\"http:\/\/www.isletasnoticias.com.ar\/%77%70%2d%63%6f%6e%74%65%6e%74\/uploads\/2015\/01\/b_1422021253-300x200.jpg\" alt=\"b_1422021253\" width=\"300\" height=\"200\" srcset=\"https:\/\/informelitoral.com.ar\/%77%70%2d%63%6f%6e%74%65%6e%74\/uploads\/2015\/01\/b_1422021253-300x200.jpg 300w, https:\/\/informelitoral.com.ar\/%77%70%2d%63%6f%6e%74%65%6e%74\/uploads\/2015\/01\/b_1422021253.jpg 492w\" sizes=\"auto, (max-width: 300px) 100vw, 300px\" \/><\/a><\/strong><\/p>\n<p>\u201cDesde el primer momento que comenzamos a trabajar en esta normativa, dispuesta por el gobernador Sergio Urribarri, el objetivo era preservar la vida de las personas como as\u00ed tambi\u00e9n sumar en prevenci\u00f3n, acciones que indudablemente lo vemos reflejado en los resultados que van teniendo los operativos de motos en todo el territorio provincial\u201d, afirm\u00f3 el ministro de Gobierno, <strong>Ad\u00e1n Humberto Bahl<\/strong>.<\/p>\n<p>\u201cLos datos son contundentes, porque no solo se redujeron los arrebatos, sino que adem\u00e1s disminuyeron los accidentes en toda la provincia. Sumado a ello, los entrerrianos han comprendido que respetar las normas de tr\u00e1nsito y la vida de todos, son cuestiones primordiales de convivencia, para pensar en una sociedad m\u00e1s justa, m\u00e1s solidaria\u201d, reflexion\u00f3 Bahl.<\/p>\n<p><strong>Datos a nivel provincial<\/strong><\/p>\n<p>En ese contexto, el ministro de Gobierno dio detalles del informe elaborado por la Polic\u00eda de la provincia, a cuatro meses de haberse implementado la medida. \u201cEn estos 143 d\u00edas desde que comenzaron a llevarse a cabo los operativos, suman alrededor de 150 motos las que se secuestran por d\u00eda en toda la provincia, lo que hace un promedio de seis motos por hora durante las 24 horas\u201d, explic\u00f3 Bahl.<\/p>\n<p>Y agreg\u00f3: \u201cMuchas de ellas ya fueron recuperadas por sus due\u00f1os y otras a\u00fan permanecen en los dep\u00f3sitos que posee la polic\u00eda, por no contar con la documentaci\u00f3n correspondiente o porque no presentan las condiciones necesarias para circular\u201d.<\/p>\n<p><strong>Se avanza en la compactaci\u00f3n final de motos<\/strong><\/p>\n<p>M\u00e1s adelante, Bahl argument\u00f3 que, \u201cactualmente estamos trabajando en una normativa que refiere al procedimiento de la disposici\u00f3n final de todas las motos que no son recuperadas por sus due\u00f1os. Estimamos que en d\u00edas m\u00e1s tendremos la documentaci\u00f3n necesaria para avanzar al respecto y ver de qu\u00e9 manera proceder con la compactaci\u00f3n final de esos veh\u00edculos\u201d.<\/p>\n<p>Seg\u00fan el informe, las actas labradas en toda la provincia fueron 24.050, en tanto que las motos retenidas suman un total de 19.733 veh\u00edculos.<\/p>\n<p>\u201cEn Paran\u00e1, de casi 4.700 motos retenidas, 2.500 ya han sido retiradas por sus due\u00f1os, en tanto que en la provincia el promedio es inferior a un 35 por ciento. Paulatinamente la gente ha ido cumpliendo la normativa, acatando las normas de tr\u00e1nsito, tener todas las condiciones, en definitiva, cumpliendo con el objetivo que nos propusimos desde el primer d\u00eda\u201d, argument\u00f3 el ministro Bahl.<\/p>\n","protected":false},"excerpt":{"rendered":"<p>A 143 d&iacute;as de haberse implementado el Decreto 2675 que faculta a la Polic&iacute;a a proceder al control de motoveh&iacute;culos y secuestro de los mismos en casos de infracci&oacute;n, el Ministerio de Gobierno dio a conocer un informe que detalla que se retienen alrededor de seis motos por hora en todo el territorio entrerriano. En [&hellip;]<\/p>\n","protected":false},"author":2,"featured_media":0,"comment_status":"open","ping_status":"open","sticky":false,"template":"","format":"standard","meta":{"fifu_image_url":"","fifu_image_alt":"","footnotes":""},"categories":[6],"tags":[],"class_list":{"0":"post-9641","1":"post","2":"type-post","3":"status-publish","4":"format-standard","6":"category-entre-rios"},"yoast_head":"<title>En la provincia se retienen seis motos por hora - Informe Litoral<\/title>\n<meta name=\"robots\" content=\"index, follow, max-snippet:-1, max-image-preview:large, max-video-preview:-1\" \/>\n<link rel=\"canonical\" href=\"https:\/\/informelitoral.com.ar\/en-la-provincia-se-retienen-seis-motos-por-hora\/\" \/>\n<meta property=\"og:locale\" content=\"es_ES\" \/>\n<meta property=\"og:type\" content=\"article\" \/>\n<meta property=\"og:title\" content=\"En la provincia se retienen seis motos por hora - Informe Litoral\" \/>\n<meta property=\"og:description\" content=\"A 143 d&iacute;as de haberse implementado el Decreto 2675 que faculta a la Polic&iacute;a a proceder al control de motoveh&iacute;culos y secuestro de los mismos en casos de infracci&oacute;n, el Ministerio de Gobierno dio a conocer un informe que detalla que se retienen alrededor de seis motos por hora en todo el territorio entrerriano. En [&hellip;]\" \/>\n<meta property=\"og:url\" content=\"https:\/\/informelitoral.com.ar\/en-la-provincia-se-retienen-seis-motos-por-hora\/\" \/>\n<meta property=\"og:site_name\" content=\"Informe Litoral\" \/>\n<meta property=\"article:publisher\" content=\"https:\/\/www.facebook.com\/informelitoral\/\" \/>\n<meta property=\"article:published_time\" content=\"2015-01-23T16:13:49+00:00\" \/>\n<meta property=\"og:image\" content=\"https:\/\/informelitoral.com.ar\/%77%70%2d%63%6f%6e%74%65%6e%74\/uploads\/2015\/01\/b_1422021253.jpg\" \/>\n\t<meta property=\"og:image:width\" content=\"492\" \/>\n\t<meta property=\"og:image:height\" content=\"328\" \/>\n\t<meta property=\"og:image:type\" content=\"image\/jpeg\" \/>\n<meta name=\"author\" content=\"Gonzalo Schmidt\" \/>\n<meta name=\"twitter:card\" content=\"summary_large_image\" \/>\n<meta name=\"twitter:creator\" content=\"@InformeLitoral\" \/>\n<meta name=\"twitter:site\" content=\"@InformeLitoral\" \/>\n<meta name=\"twitter:label1\" content=\"Escrito por\" \/>\n\t<meta name=\"twitter:data1\" content=\"Gonzalo Schmidt\" \/>\n\t<meta name=\"twitter:label2\" content=\"Tiempo de lectura\" \/>\n\t<meta name=\"twitter:data2\" content=\"2 minutos\" \/>\n<script type=\"application\/ld+json\" class=\"yoast-schema-graph\">{\"@context\":\"https:\\\/\\\/schema.org\",\"@graph\":[{\"@type\":\"Article\",\"@id\":\"https:\\\/\\\/informelitoral.com.ar\\\/en-la-provincia-se-retienen-seis-motos-por-hora\\\/#article\",\"isPartOf\":{\"@id\":\"https:\\\/\\\/informelitoral.com.ar\\\/en-la-provincia-se-retienen-seis-motos-por-hora\\\/\"},\"author\":{\"name\":\"Gonzalo Schmidt\",\"@id\":\"https:\\\/\\\/informelitoral.com.ar\\\/#\\\/schema\\\/person\\\/b9d00407c836482871ef1d57bf8e3180\"},\"headline\":\"En la provincia se retienen seis motos por hora\",\"datePublished\":\"2015-01-23T16:13:49+00:00\",\"mainEntityOfPage\":{\"@id\":\"https:\\\/\\\/informelitoral.com.ar\\\/en-la-provincia-se-retienen-seis-motos-por-hora\\\/\"},\"wordCount\":501,\"commentCount\":0,\"publisher\":{\"@id\":\"https:\\\/\\\/informelitoral.com.ar\\\/#organization\"},\"image\":{\"@id\":\"https:\\\/\\\/informelitoral.com.ar\\\/en-la-provincia-se-retienen-seis-motos-por-hora\\\/#primaryimage\"},\"thumbnailUrl\":\"http:\\\/\\\/www.isletasnoticias.com.ar\\\/%77%70%2d%63%6f%6e%74%65%6e%74\\\/uploads\\\/2015\\\/01\\\/b_1422021253-300x200.jpg\",\"articleSection\":[\"Entre R\u00edos\"],\"inLanguage\":\"es\",\"potentialAction\":[{\"@type\":\"CommentAction\",\"name\":\"Comment\",\"target\":[\"https:\\\/\\\/informelitoral.com.ar\\\/en-la-provincia-se-retienen-seis-motos-por-hora\\\/#respond\"]}]},{\"@type\":\"WebPage\",\"@id\":\"https:\\\/\\\/informelitoral.com.ar\\\/en-la-provincia-se-retienen-seis-motos-por-hora\\\/\",\"url\":\"https:\\\/\\\/informelitoral.com.ar\\\/en-la-provincia-se-retienen-seis-motos-por-hora\\\/\",\"name\":\"En la provincia se retienen seis motos por hora - Informe Litoral\",\"isPartOf\":{\"@id\":\"https:\\\/\\\/informelitoral.com.ar\\\/#website\"},\"primaryImageOfPage\":{\"@id\":\"https:\\\/\\\/informelitoral.com.ar\\\/en-la-provincia-se-retienen-seis-motos-por-hora\\\/#primaryimage\"},\"image\":{\"@id\":\"https:\\\/\\\/informelitoral.com.ar\\\/en-la-provincia-se-retienen-seis-motos-por-hora\\\/#primaryimage\"},\"thumbnailUrl\":\"http:\\\/\\\/www.isletasnoticias.com.ar\\\/%77%70%2d%63%6f%6e%74%65%6e%74\\\/uploads\\\/2015\\\/01\\\/b_1422021253-300x200.jpg\",\"datePublished\":\"2015-01-23T16:13:49+00:00\",\"breadcrumb\":{\"@id\":\"https:\\\/\\\/informelitoral.com.ar\\\/en-la-provincia-se-retienen-seis-motos-por-hora\\\/#breadcrumb\"},\"inLanguage\":\"es\",\"potentialAction\":[{\"@type\":\"ReadAction\",\"target\":[\"https:\\\/\\\/informelitoral.com.ar\\\/en-la-provincia-se-retienen-seis-motos-por-hora\\\/\"]}]},{\"@type\":\"ImageObject\",\"inLanguage\":\"es\",\"@id\":\"https:\\\/\\\/informelitoral.com.ar\\\/en-la-provincia-se-retienen-seis-motos-por-hora\\\/#primaryimage\",\"url\":\"http:\\\/\\\/www.isletasnoticias.com.ar\\\/%77%70%2d%63%6f%6e%74%65%6e%74\\\/uploads\\\/2015\\\/01\\\/b_1422021253-300x200.jpg\",\"contentUrl\":\"http:\\\/\\\/www.isletasnoticias.com.ar\\\/%77%70%2d%63%6f%6e%74%65%6e%74\\\/uploads\\\/2015\\\/01\\\/b_1422021253-300x200.jpg\"},{\"@type\":\"BreadcrumbList\",\"@id\":\"https:\\\/\\\/informelitoral.com.ar\\\/en-la-provincia-se-retienen-seis-motos-por-hora\\\/#breadcrumb\",\"itemListElement\":[{\"@type\":\"ListItem\",\"position\":1,\"name\":\"Portada\",\"item\":\"https:\\\/\\\/informelitoral.com.ar\\\/\"},{\"@type\":\"ListItem\",\"position\":2,\"name\":\"En la provincia se retienen seis motos por hora\"}]},{\"@type\":\"WebSite\",\"@id\":\"https:\\\/\\\/informelitoral.com.ar\\\/#website\",\"url\":\"https:\\\/\\\/informelitoral.com.ar\\\/\",\"name\":\"Informe Litoral\",\"description\":\"&quot;Nos informamos&quot; \",\"publisher\":{\"@id\":\"https:\\\/\\\/informelitoral.com.ar\\\/#organization\"},\"potentialAction\":[{\"@type\":\"SearchAction\",\"target\":{\"@type\":\"EntryPoint\",\"urlTemplate\":\"https:\\\/\\\/informelitoral.com.ar\\\/?s={search_term_string}\"},\"query-input\":{\"@type\":\"PropertyValueSpecification\",\"valueRequired\":true,\"valueName\":\"search_term_string\"}}],\"inLanguage\":\"es\"},{\"@type\":\"Organization\",\"@id\":\"https:\\\/\\\/informelitoral.com.ar\\\/#organization\",\"name\":\"Informe Litoral\",\"url\":\"https:\\\/\\\/informelitoral.com.ar\\\/\",\"logo\":{\"@type\":\"ImageObject\",\"inLanguage\":\"es\",\"@id\":\"https:\\\/\\\/informelitoral.com.ar\\\/#\\\/schema\\\/logo\\\/image\\\/\",\"url\":\"https:\\\/\\\/informelitoral.com.ar\\\/%77%70%2d%63%6f%6e%74%65%6e%74\\\/uploads\\\/2021\\\/01\\\/circulo.png\",\"contentUrl\":\"https:\\\/\\\/informelitoral.com.ar\\\/%77%70%2d%63%6f%6e%74%65%6e%74\\\/uploads\\\/2021\\\/01\\\/circulo.png\",\"width\":723,\"height\":731,\"caption\":\"Informe Litoral\"},\"image\":{\"@id\":\"https:\\\/\\\/informelitoral.com.ar\\\/#\\\/schema\\\/logo\\\/image\\\/\"},\"sameAs\":[\"https:\\\/\\\/www.facebook.com\\\/informelitoral\\\/\",\"https:\\\/\\\/x.com\\\/InformeLitoral\",\"https:\\\/\\\/www.instagram.com\\\/informelitoral\\\/\",\"https:\\\/\\\/www.youtube.com\\\/channel\\\/UCua4Qvz8Icb6MYqhoq9xLXw\"]},{\"@type\":\"Person\",\"@id\":\"https:\\\/\\\/informelitoral.com.ar\\\/#\\\/schema\\\/person\\\/b9d00407c836482871ef1d57bf8e3180\",\"name\":\"Gonzalo Schmidt\",\"image\":{\"@type\":\"ImageObject\",\"inLanguage\":\"es\",\"@id\":\"https:\\\/\\\/secure.gravatar.com\\\/avatar\\\/31a1a7b66ff2de83bd0e9fd79d026630d2d99e55e8bfe501287647b4fd9743de?s=96&d=mm&r=g\",\"url\":\"https:\\\/\\\/secure.gravatar.com\\\/avatar\\\/31a1a7b66ff2de83bd0e9fd79d026630d2d99e55e8bfe501287647b4fd9743de?s=96&d=mm&r=g\",\"contentUrl\":\"https:\\\/\\\/secure.gravatar.com\\\/avatar\\\/31a1a7b66ff2de83bd0e9fd79d026630d2d99e55e8bfe501287647b4fd9743de?s=96&d=mm&r=g\",\"caption\":\"Gonzalo Schmidt\"},\"description\":\"Sitio web de noticias de la provincia de Entre R\u00edos, Argentina. Informaci\u00f3n y entretenimiento. Informe Litoral, nos informamos.\",\"sameAs\":[\"http:\\\/\\\/www.isletasnoticias.com.ar\"],\"url\":\"https:\\\/\\\/informelitoral.com.ar\\\/author\\\/gonzalo\\\/\"}]}<\/script>","yoast_head_json":{"title":"En la provincia se retienen seis motos por hora - Informe Litoral","robots":{"index":"index","follow":"follow","max-snippet":"max-snippet:-1","max-image-preview":"max-image-preview:large","max-video-preview":"max-video-preview:-1"},"canonical":"https:\/\/informelitoral.com.ar\/en-la-provincia-se-retienen-seis-motos-por-hora\/","og_locale":"es_ES","og_type":"article","og_title":"En la provincia se retienen seis motos por hora - Informe Litoral","og_description":"A 143 d&iacute;as de haberse implementado el Decreto 2675 que faculta a la Polic&iacute;a a proceder al control de motoveh&iacute;culos y secuestro de los mismos en casos de infracci&oacute;n, el Ministerio de Gobierno dio a conocer un informe que detalla que se retienen alrededor de seis motos por hora en todo el territorio entrerriano. En [&hellip;]","og_url":"https:\/\/informelitoral.com.ar\/en-la-provincia-se-retienen-seis-motos-por-hora\/","og_site_name":"Informe Litoral","article_publisher":"https:\/\/www.facebook.com\/informelitoral\/","article_published_time":"2015-01-23T16:13:49+00:00","og_image":[{"width":492,"height":328,"url":"https:\/\/informelitoral.com.ar\/%77%70%2d%63%6f%6e%74%65%6e%74\/uploads\/2015\/01\/b_1422021253.jpg","type":"image\/jpeg"}],"author":"Gonzalo Schmidt","twitter_card":"summary_large_image","twitter_creator":"@InformeLitoral","twitter_site":"@InformeLitoral","twitter_misc":{"Escrito por":"Gonzalo Schmidt","Tiempo de lectura":"2 minutos"},"schema":{"@context":"https:\/\/schema.org","@graph":[{"@type":"Article","@id":"https:\/\/informelitoral.com.ar\/en-la-provincia-se-retienen-seis-motos-por-hora\/#article","isPartOf":{"@id":"https:\/\/informelitoral.com.ar\/en-la-provincia-se-retienen-seis-motos-por-hora\/"},"author":{"name":"Gonzalo Schmidt","@id":"https:\/\/informelitoral.com.ar\/#\/schema\/person\/b9d00407c836482871ef1d57bf8e3180"},"headline":"En la provincia se retienen seis motos por hora","datePublished":"2015-01-23T16:13:49+00:00","mainEntityOfPage":{"@id":"https:\/\/informelitoral.com.ar\/en-la-provincia-se-retienen-seis-motos-por-hora\/"},"wordCount":501,"commentCount":0,"publisher":{"@id":"https:\/\/informelitoral.com.ar\/#organization"},"image":{"@id":"https:\/\/informelitoral.com.ar\/en-la-provincia-se-retienen-seis-motos-por-hora\/#primaryimage"},"thumbnailUrl":"http:\/\/www.isletasnoticias.com.ar\/%77%70%2d%63%6f%6e%74%65%6e%74\/uploads\/2015\/01\/b_1422021253-300x200.jpg","articleSection":["Entre R\u00edos"],"inLanguage":"es","potentialAction":[{"@type":"CommentAction","name":"Comment","target":["https:\/\/informelitoral.com.ar\/en-la-provincia-se-retienen-seis-motos-por-hora\/#respond"]}]},{"@type":"WebPage","@id":"https:\/\/informelitoral.com.ar\/en-la-provincia-se-retienen-seis-motos-por-hora\/","url":"https:\/\/informelitoral.com.ar\/en-la-provincia-se-retienen-seis-motos-por-hora\/","name":"En la provincia se retienen seis motos por hora - Informe Litoral","isPartOf":{"@id":"https:\/\/informelitoral.com.ar\/#website"},"primaryImageOfPage":{"@id":"https:\/\/informelitoral.com.ar\/en-la-provincia-se-retienen-seis-motos-por-hora\/#primaryimage"},"image":{"@id":"https:\/\/informelitoral.com.ar\/en-la-provincia-se-retienen-seis-motos-por-hora\/#primaryimage"},"thumbnailUrl":"http:\/\/www.isletasnoticias.com.ar\/%77%70%2d%63%6f%6e%74%65%6e%74\/uploads\/2015\/01\/b_1422021253-300x200.jpg","datePublished":"2015-01-23T16:13:49+00:00","breadcrumb":{"@id":"https:\/\/informelitoral.com.ar\/en-la-provincia-se-retienen-seis-motos-por-hora\/#breadcrumb"},"inLanguage":"es","potentialAction":[{"@type":"ReadAction","target":["https:\/\/informelitoral.com.ar\/en-la-provincia-se-retienen-seis-motos-por-hora\/"]}]},{"@type":"ImageObject","inLanguage":"es","@id":"https:\/\/informelitoral.com.ar\/en-la-provincia-se-retienen-seis-motos-por-hora\/#primaryimage","url":"http:\/\/www.isletasnoticias.com.ar\/%77%70%2d%63%6f%6e%74%65%6e%74\/uploads\/2015\/01\/b_1422021253-300x200.jpg","contentUrl":"http:\/\/www.isletasnoticias.com.ar\/%77%70%2d%63%6f%6e%74%65%6e%74\/uploads\/2015\/01\/b_1422021253-300x200.jpg"},{"@type":"BreadcrumbList","@id":"https:\/\/informelitoral.com.ar\/en-la-provincia-se-retienen-seis-motos-por-hora\/#breadcrumb","itemListElement":[{"@type":"ListItem","position":1,"name":"Portada","item":"https:\/\/informelitoral.com.ar\/"},{"@type":"ListItem","position":2,"name":"En la provincia se retienen seis motos por hora"}]},{"@type":"WebSite","@id":"https:\/\/informelitoral.com.ar\/#website","url":"https:\/\/informelitoral.com.ar\/","name":"Informe Litoral","description":"&quot;Nos informamos&quot; ","publisher":{"@id":"https:\/\/informelitoral.com.ar\/#organization"},"potentialAction":[{"@type":"SearchAction","target":{"@type":"EntryPoint","urlTemplate":"https:\/\/informelitoral.com.ar\/?s={search_term_string}"},"query-input":{"@type":"PropertyValueSpecification","valueRequired":true,"valueName":"search_term_string"}}],"inLanguage":"es"},{"@type":"Organization","@id":"https:\/\/informelitoral.com.ar\/#organization","name":"Informe Litoral","url":"https:\/\/informelitoral.com.ar\/","logo":{"@type":"ImageObject","inLanguage":"es","@id":"https:\/\/informelitoral.com.ar\/#\/schema\/logo\/image\/","url":"https:\/\/informelitoral.com.ar\/%77%70%2d%63%6f%6e%74%65%6e%74\/uploads\/2021\/01\/circulo.png","contentUrl":"https:\/\/informelitoral.com.ar\/%77%70%2d%63%6f%6e%74%65%6e%74\/uploads\/2021\/01\/circulo.png","width":723,"height":731,"caption":"Informe Litoral"},"image":{"@id":"https:\/\/informelitoral.com.ar\/#\/schema\/logo\/image\/"},"sameAs":["https:\/\/www.facebook.com\/informelitoral\/","https:\/\/x.com\/InformeLitoral","https:\/\/www.instagram.com\/informelitoral\/","https:\/\/www.youtube.com\/channel\/UCua4Qvz8Icb6MYqhoq9xLXw"]},{"@type":"Person","@id":"https:\/\/informelitoral.com.ar\/#\/schema\/person\/b9d00407c836482871ef1d57bf8e3180","name":"Gonzalo Schmidt","image":{"@type":"ImageObject","inLanguage":"es","@id":"https:\/\/secure.gravatar.com\/avatar\/31a1a7b66ff2de83bd0e9fd79d026630d2d99e55e8bfe501287647b4fd9743de?s=96&d=mm&r=g","url":"https:\/\/secure.gravatar.com\/avatar\/31a1a7b66ff2de83bd0e9fd79d026630d2d99e55e8bfe501287647b4fd9743de?s=96&d=mm&r=g","contentUrl":"https:\/\/secure.gravatar.com\/avatar\/31a1a7b66ff2de83bd0e9fd79d026630d2d99e55e8bfe501287647b4fd9743de?s=96&d=mm&r=g","caption":"Gonzalo Schmidt"},"description":"Sitio web de noticias de la provincia de Entre R\u00edos, Argentina. Informaci\u00f3n y entretenimiento. Informe Litoral, nos informamos.","sameAs":["http:\/\/www.isletasnoticias.com.ar"],"url":"https:\/\/informelitoral.com.ar\/author\/gonzalo\/"}]}},"_links":{"self":[{"href":"https:\/\/informelitoral.com.ar\/%77%70%2d%6a%73%6f%6e\/wp\/v2\/posts\/9641","targetHints":{"allow":["GET"]}}],"collection":[{"href":"https:\/\/informelitoral.com.ar\/%77%70%2d%6a%73%6f%6e\/wp\/v2\/posts"}],"about":[{"href":"https:\/\/informelitoral.com.ar\/%77%70%2d%6a%73%6f%6e\/wp\/v2\/types\/post"}],"author":[{"embeddable":true,"href":"https:\/\/informelitoral.com.ar\/%77%70%2d%6a%73%6f%6e\/wp\/v2\/users\/2"}],"replies":[{"embeddable":true,"href":"https:\/\/informelitoral.com.ar\/%77%70%2d%6a%73%6f%6e\/wp\/v2\/comments?post=9641"}],"version-history":[{"count":0,"href":"https:\/\/informelitoral.com.ar\/%77%70%2d%6a%73%6f%6e\/wp\/v2\/posts\/9641\/revisions"}],"wp:attachment":[{"href":"https:\/\/informelitoral.com.ar\/%77%70%2d%6a%73%6f%6e\/wp\/v2\/media?parent=9641"}],"wp:term":[{"taxonomy":"category","embeddable":true,"href":"https:\/\/informelitoral.com.ar\/%77%70%2d%6a%73%6f%6e\/wp\/v2\/categories?post=9641"},{"taxonomy":"post_tag","embeddable":true,"href":"https:\/\/informelitoral.com.ar\/%77%70%2d%6a%73%6f%6e\/wp\/v2\/tags?post=9641"}],"curies":[{"name":"wp","href":"https:\/\/api.w.org\/{rel}","templated":true}]}}