{"id":9638,"date":"2015-01-23T13:11:41","date_gmt":"2015-01-23T16:11:41","guid":{"rendered":"http:\/\/www.isletasnoticias.com.ar\/?p=9638"},"modified":"2015-01-23T13:11:41","modified_gmt":"2015-01-23T16:11:41","slug":"difunden-nuevas-escuchas-que-fundamentan-la-denuncia-de-nisman","status":"publish","type":"post","link":"https:\/\/informelitoral.com.ar\/difunden-nuevas-escuchas-que-fundamentan-la-denuncia-de-nisman\/","title":{"rendered":"Difunden nuevas escuchas que fundamentan la denuncia de Nisman"},"content":{"rendered":"<p><strong>En un audio dado a conocer por <i>Radio Mitre<\/i>, el l\u00edder piquetero <em>Luis D&#8217;El\u00eda<\/em> mantiene un di\u00e1logo con el supuesto agente iran\u00ed <em>Jorge \u00abYussuf\u00bb Khalil<\/em> y se autodefine como un \u00absoldado\u00bb de \u00abla Rosada\u00bb.<a href=\"http:\/\/www.isletasnoticias.com.ar\/%77%70%2d%63%6f%6e%74%65%6e%74\/uploads\/2015\/01\/0011403793.jpg\"><img loading=\"lazy\" decoding=\"async\" class=\"aligncenter size-medium wp-image-9639\" src=\"http:\/\/www.isletasnoticias.com.ar\/%77%70%2d%63%6f%6e%74%65%6e%74\/uploads\/2015\/01\/0011403793-300x169.jpg\" alt=\"0011403793\" width=\"300\" height=\"169\" srcset=\"https:\/\/informelitoral.com.ar\/%77%70%2d%63%6f%6e%74%65%6e%74\/uploads\/2015\/01\/0011403793-300x169.jpg 300w, https:\/\/informelitoral.com.ar\/%77%70%2d%63%6f%6e%74%65%6e%74\/uploads\/2015\/01\/0011403793.jpg 770w\" sizes=\"auto, (max-width: 300px) 100vw, 300px\" \/><\/a><\/strong><\/p>\n<p>Tal como hizo en el d\u00eda de ayer, el periodista Jorge Lanata volvi\u00f3 a difundir en su programa en Radio Mitre parte de las escuchas telef\u00f3nicas hechas al supuesto agente iran\u00ed Jorge Alejandro Khalil, \u00abYussuf\u00bb, en las que habla con el l\u00edder piquetero ultrakirchnerista Luis D&#8217;El\u00eda y que sirvieron como base para que el fallecido fiscal Alberto Nisman los acusara de ser parte de una conspiraci\u00f3n dirigida por la presidente Cristina Kirchner para garantizar la impunidad de Ir\u00e1n por su responsabilidad en el atentado a la AMIA.<\/p>\n<p>En la nueva escucha difundida hoy, D&#8217;El\u00eda y Khalil hablan en noviembre de 2012, antes de la firma del memor\u00e1ndum de entendimiento entre Argentina e Ir\u00e1n. \u00abYussuf\u00bb le cuenta a D&#8217;El\u00eda que particip\u00f3 de una marcha a favor de Palestina, en la que hab\u00eda militantes de La C\u00e1mpora y Unidos y Organizados.<\/p>\n<p>D&#8217;El\u00eda se excusa por no haber ido argumentando que ten\u00eda orden de no ir: \u00abYo tengo que hacer el juego de la Rosada, pap\u00e1. Si tengo orden de no ir, soy un soldado ac\u00e1, \u00bfentend\u00e9s?\u00bb.<br \/>\nLD: Hola<br \/>\nJK: \u00bfQu\u00e9 hac\u00e9s, Luis?<br \/>\nLD: Hola, Yussuf.<br \/>\nJK: Qu\u00e9 cagada&#8230;<br \/>\nLD: Uff&#8230; marca ca\u00f1\u00f3n, Yussuf<br \/>\nJK: S\u00ed, es una cagada. La verdad es un&#8230; Pero bueno, se ve\u00eda venir. Se ve\u00eda venir. Esto que est\u00e1 pasando ac\u00e1 en Argentina tambi\u00e9n es parte de lo mismo, porque si Dios quiere Cristina se catapulta para ocupar ese puesto, si Dios quiere.<br \/>\nLD: No, no, claro&#8230; Cristina es eso.<br \/>\nJK: Esto es parte de lo mismo. Ya ve\u00edamos venir, nosotros ya sab\u00edamos esto que iba a pasar. Era el momento nada m\u00e1s. Luis, estuve reci\u00e9n en la embajada, \u00bfno vas a ir vos?<br \/>\nLD: Este&#8230; Yo me estoy yendo a Caracas, temprano, a las 5 de la ma\u00f1ana.<br \/>\nJK: Ah, en los aviones. \u00bfSalen dos aviones, no?<br \/>\nLD: Me voy con la presidenta, Yussuf.<br \/>\nJK: Ta, ta, ta&#8230; si Dios quiere.<br \/>\nLD: O sea que ir ahora es, \u00bfno?, es&#8230;<br \/>\nJK: Ta bien, Luisito, ta bien&#8230;<br \/>\nLD: Adem\u00e1s est\u00e1n los troskos ah\u00ed, est\u00e9&#8230;<br \/>\nJK: \u00a1No! \u00bfQu\u00e9 troskos? Est\u00e1n Unidos y Organizados, La C\u00e1mpora, est\u00e1n todos. Est\u00e1 Arispe, est\u00e1n todos. Yo acabo de salir de ah\u00ed, boludo. Estuve con todos.<br \/>\nLD: Ah, mir\u00e1&#8230; \u00bfQui\u00e9n est\u00e1?<br \/>\nJK: Estaba, bueno, Lito; estaba El Barba; estaba Arispe; estaba, bueno, Fernando.<br \/>\nLD: \u00bfDe La C\u00e1mpora qui\u00e9n estaba? Ninguno&#8230;<br \/>\nJK: No los vi qui\u00e9n estaba de La C\u00e1mpora. Pero estaba lleno de La C\u00e1mpora, estaban todos con las banderas de La C\u00e1mpora. Ahora, qui\u00e9n baj\u00f3, no s\u00e9. No s\u00e9.<br \/>\nLD: Bueno, porque la orden de ac\u00e1 fue no ir all\u00e1 porque estaban los troskos, estaba Barrios de Pie, todos grupos que son&#8230;<br \/>\nJK: \u00bfQu\u00e9 Barrios de Pie? No estaba Barrios de Pie. Barrios de Pie no est\u00e1. No se\u00f1or. Est\u00e1n los compa\u00f1eros que marchamos siempre, m\u00e1s La C\u00e1mpora y Octubre.<br \/>\nLD: Bueno.<br \/>\nJK: El MST no estaba, no est\u00e1 nada, nada, nadie. Esa lacra de troskos no hab\u00eda nadie. Bah&#8230; En superficie al menos as\u00ed, de vista no estaban. Los de La C\u00e1mpora eran una banda porque coparon todo.<br \/>\nLD: Bueno. Voy a ir ahora a la embajada, entonces, a saludar porque van a estar toda la noche ah\u00ed, \u00bfno?<br \/>\nJK: S\u00ed, boludo. Aparte est\u00e1n todos. Est\u00e1n todos, todos los medios, todos, Luis. Bueno, fijate, yo te digo porque me extra\u00f1\u00f3 no verte, digo, bueno, capaz que viene ahora pero reci\u00e9n acabo de salir.<br \/>\nLD: Bueno.<br \/>\nJK: Bueno, \u00bfqu\u00e9 me quer\u00edas comentar hoy o decir?<br \/>\nLD: Me vino a ver Juan Salinas.<br \/>\nJK: Juan Salinas, s\u00ed.<br \/>\nLD: \u00bfQu\u00e9 opini\u00f3n ten\u00e9s de \u00e9l?<br \/>\nJK: Y, creo que cambi\u00f3 un poquito Juan.<br \/>\nLD: \u00bfEst\u00e1 mejor?<br \/>\nJK: Positivo, s\u00ed, s\u00ed, s\u00ed.<br \/>\nLD: Tiene un material interesante.<br \/>\nJK: Creo que me comentaste algo.<br \/>\nLD: Y quiere ver si interesa&#8230; Yo le dije le voy a preguntar a Yussuf, si Yussuf est\u00e1 de acuerdo vamos a verlo a quien vos sab\u00e9s.<br \/>\nJK: S\u00ed, s\u00ed, s\u00ed. Est\u00e1 muy bien. S\u00ed, s\u00ed, s\u00ed. Pero aparte yo ya te hab\u00eda dicho que yo fui ah\u00ed a Corrientes, a la subsecretar\u00eda, que avances con los cosos, \u00bfte acord\u00e1s? Con los DVD esos que me mostraste.<br \/>\nLD: S\u00ed, s\u00ed.<br \/>\nJK: Eso es bueno, eso es bueno, Luis.<br \/>\nLD: Dale.<br \/>\nJK: Bueno, Luis, disculpame que te molest\u00e9, loco.<br \/>\nLD: \u00bfQu\u00e9 me vas a molestar, boludo?<br \/>\nJK: Bueno, dale, dale. Te mando un abra&#8230; L\u00e1stima que no viniste, boludo, porque estaba con la persona esta que te quiero presentar, con el iran\u00ed este que te quiero presentar, que es el que anda ah\u00ed en Venezuela con todos&#8230; que hacen las casas, todo all\u00e1.<br \/>\nLD: Yo tengo que hacer el juego de la Rosada, pap\u00e1. Si tengo orden de no ir, soy un soldado ac\u00e1, \u00bfentend\u00e9s?<br \/>\nJK: Ta, ta, Luisito, quedate tranquilo, quedate tranquilo.<br \/>\nLD: Este&#8230; Ac\u00e1 en la Casa Patria Grande hay tres, cuatro mil personas ac\u00e1 en la puerta.<br \/>\nJK: Entonces hay m\u00e1s gente ah\u00ed en Patria Grande. Pero ah\u00ed lo que dec\u00edan era que se juntaban en Patria Grande y se iban para all\u00e1.<br \/>\nLD: No, no, no. No va a ser eso. Bueno, Yussuf, me voy a Venezuela y te llamo.<br \/>\nJK: Dale, buen viaje.<br \/>\nJK: Luisito&#8230;<br \/>\nLD: Yussuf, \u00bfte enteraste?<br \/>\nJK: \u00bfDe qu\u00e9? \u00bfQu\u00e9 pas\u00f3?<br \/>\nLD: Nada, me llam\u00f3 Parrilli reci\u00e9n. Se firm\u00f3 el acuerdo Argentina-Ir\u00e1n en Etiop\u00eda.<br \/>\nJK: S\u00ed, sab\u00eda. Sali\u00f3 en todos lados. Ayer a la ma\u00f1ana, hoy a la ma\u00f1ana.<br \/>\nLD: No, estoy en Babia.<br \/>\nJK: \u00bfEn serio, boludo? Hoy a la ma\u00f1ana se, se&#8230;<br \/>\nLD: Pero estoy en el campo, boludo. No tengo internet, no hay una mierda.<br \/>\nJK: \u00bfSab\u00e9s que te iba a llamar? Pero dije qu\u00e9 lo voy a llamar si este ya debe saber, dec\u00eda yo.<br \/>\nLD: No, no, no&#8230; Impresionante, impresionante.<br \/>\nJK: Pero yo pens\u00e9 que sab\u00edas, campe\u00f3n del mundo, por Dios.<br \/>\nLD: No, boludo, me dijo Parrilli reci\u00e9n. Me quiero&#8230;<br \/>\nJK: Pero sali\u00f3 en todos los diarios.<br \/>\nLD: Adem\u00e1s fue mi cumplea\u00f1os. Que esto se haya firmado el d\u00eda de mi cumplea\u00f1os<br \/>\nJK: Uh, feliz cumplea\u00f1os, Luisto querido, feliz cumplea\u00f1os. Escuchame. Firm\u00f3 Timerman y Salehi, s\u00ed. Y ah\u00ed est\u00e1 todo lo&#8230; Yo te voy a contar algo, entre nos&#8230;<br \/>\nLD: S\u00ed.<br \/>\nJK: El memorandum ese lo hemos escrito hace seis a\u00f1os, con una persona, lo presentamos y nos dijeron es inviable. Hoy se firm\u00f3<br \/>\n(Risas)<br \/>\nLD: Claro&#8230;<br \/>\nJK: hace seis a\u00f1os lo present\u00e9 ese documento yo. Me dijeron es inviable, me dice Baqarbah. \u00bfLe parece?, le digo, mire que&#8230; Es inviable. Hoy se firm\u00f3 ese memorandum. Yo me quiero matar. (Risas).<br \/>\nLD: Ahora, para nosotros es un \u00e9xito pol\u00edtico incre\u00edble.<br \/>\nJK: Y, no s\u00e9. Los que te fustigaron durante siete a\u00f1os hoy tienen que hacer cola para chuparte la pija.<br \/>\nLD: Impresionante, \u00bfno? Este&#8230;<br \/>\nJK: S\u00ed. Aparte lo tipe\u00f3 la presidenta en el facebook y en el Twitter. Lo puso en el Facebook y en el Twitter. Lo puso ella directamente, puso ella.<br \/>\nLD: Bueno, impresionante. \u00bfY en qu\u00e9 se basa el memorandum?<br \/>\nJK: Bueno, dos representantes legales por cada pa\u00eds, cinco tipos que sean veedores, y un jurista que tenga garant\u00edas de comportamiento \u00e9tico impecable, elegido por ambos pa\u00edses. Esa es la comisi\u00f3n que va a dictaminar si es culpable o no. O sea, es todo piripip\u00ed esto.<br \/>\nLD: O sea, es dos cada lado y cinco neutrales.<br \/>\nJK: Exactamente.<br \/>\nLD: Es parecido a lo que nos propusieron en el primer viaje a Teher\u00e1n, \u00bfte acord\u00e1s?<br \/>\nJK: Y, parecido, claro, si yo le dije hace seis a\u00f1os a Baqarbah. \u00bfSab\u00e9s qui\u00e9n me escribi\u00f3 el memorandum ese, qui\u00e9n lo escribi\u00f3? Fernando, boludo. Me dice pasale esto, a ver si le interesa. Se lo pas\u00e9, y Baqarbah me dice no, te est\u00e1n haciendo el entre, bla bla bla, hoy se est\u00e1 firmando ese memorandum.<br \/>\nLD: Bueno, impresionante.<br \/>\nJK: Muy contento. Muy contento, Luis. Yo pens\u00e9 que sab\u00edas, yo dije qu\u00e9 lo voy a llamar a Luis, ya debe saber antes que yo.<br \/>\nLD: No, boludo, adem\u00e1s el mejor regalo de cumplea\u00f1os que me podr\u00edan haber dado en toda mi vida.<br \/>\nJK: Yo creo que s\u00ed. Che, escuchame. En alg\u00fan momento&#8230;<br \/>\nLD: M\u00e1s que nunca con All Boys ahora.<br \/>\nJK: S\u00ed, olvidate eso. Eso ya est\u00e1 en campa\u00f1a. Se la pasa en la costa el presidente de All Boys, pero que ya tienen que estar viniendo. Me parece que vino el viernes, yo esperaba la con&#8230;<br \/>\nLD: Pero no&#8230;<br \/>\nJK: Escuchame, \u00bfcu\u00e1ndo nos vamos a ver nosotros?<br \/>\nLD: Cuando quieras, boludo. Ma\u00f1ana, \u00bfquer\u00e9s?<br \/>\nJK: No, ma\u00f1ana no. Porque ma\u00f1ana es muy factible que me junte con esta gente que me junt\u00e9 el viernes que te coment\u00e9.<br \/>\nLD: Bueno.<br \/>\nJK: Y estoy medio con este tema. Pero despu\u00e9s me gustar\u00eda juntarme con vos.<br \/>\nLD: Dale.<br \/>\nJK: \u00bfEh?<br \/>\nLD: Dale, dale, dale.<br \/>\nJK: Dale, Luisito, te mando un abrazo.<br \/>\nLD: El martes&#8230;<br \/>\nJK: El martes nos juntamos entonces, dale.<br \/>\nLD: \u00bfQuer\u00e9s que vaya a la mezquita a mediod\u00eda?<br \/>\nJK: No estoy m\u00e1s en la mezquita. Tengo la oficina en Palermo ahora.<br \/>\nLD: Y bueno, mandame por mensajito de texto.<br \/>\nJK: Dale, te mando por mensajito de texto y comemos el martes, almorzamos juntos, dale, listo.<br \/>\nLD: Si quer\u00e9s vamos a Sarkis.<br \/>\nJK: No, ven\u00eds a la oficina y yo hago que traigan toda la comida ah\u00ed<br \/>\nLD: Bueno, listo, listo, a la una nos vemos ah\u00ed, mandame la direcci\u00f3n.<br \/>\nJK: Chau, Luisito, un abrazo. Chau, pa.<br \/>\nLD: Chau, Yussuf.<br \/>\nLD: Hola&#8230;<br \/>\nJK: Hola, Luisito. Yussuf.<br \/>\nLD: Ah, Yussuf. \u00bfC\u00f3mo te va?<br \/>\nJK: Bien, \u00bfvos?<br \/>\nLD: Bien, muy bien, Yussuf.<br \/>\nJK: Escuchame, bueno, ma\u00f1ana nos vamos a juntar. \u00bfTen\u00e9s para anotar?<br \/>\nLD: S\u00ed, dame, a ver&#8230;<br \/>\nJK: Bonpland 1828. Palermo, es Bonpland y El Salvador.<br \/>\nLD: \u00bfQu\u00e9 piso?<br \/>\nJK: No, no, es una casa<br \/>\nLD: Bueno.<br \/>\nJK: vamos a almorzar al mediod\u00eda. \u00bfA la una te parece?<br \/>\nLD: A la una estoy ah\u00ed.<br \/>\nJK: El otro punto, escuchame, por las dudas que te llamen hoy los medios, ten\u00e9 perfil bajo por diez d\u00edas, por lo menos. Yo s\u00e9 por qu\u00e9 te lo digo.<br \/>\nLD: Bueno.<br \/>\nJK: Yo se por qu\u00e9 te lo digo.<br \/>\nLD: S\u00ed, Parrilli me lo dijo reci\u00e9n&#8230;<br \/>\nJK: Porque me acaban de llamar porque est\u00e1n enardecidos los de la vereda de enfrente.<br \/>\nLD: Yo lo \u00fanico en mi programa hoy no puedo no hablar, \u00bfentend\u00e9s?<br \/>\nJK: No queremos que nuestros jugadores corran riesgo de nada, ni que les rompan las bolas.<br \/>\nLD: Bueno, perfecto listo, dale, dale.<br \/>\nJK: Listo, Luis. Ma\u00f1ana a la una nos vemos ah\u00ed.<\/p>\n<p>Fuente: <em>Infobae<\/em><\/p>\n","protected":false},"excerpt":{"rendered":"<p>En un audio dado a conocer por Radio Mitre, el l&iacute;der piquetero Luis D&rsquo;El&iacute;a mantiene un di&aacute;logo con el supuesto agente iran&iacute; Jorge &laquo;Yussuf&raquo; Khalil y se autodefine como un &laquo;soldado&raquo; de &laquo;la Rosada&raquo;. Tal como hizo en el d&iacute;a de ayer, el periodista Jorge Lanata volvi&oacute; a difundir en su programa en Radio Mitre [&hellip;]<\/p>\n","protected":false},"author":2,"featured_media":0,"comment_status":"open","ping_status":"open","sticky":false,"template":"","format":"standard","meta":{"fifu_image_url":"","fifu_image_alt":"","footnotes":""},"categories":[7],"tags":[],"class_list":{"0":"post-9638","1":"post","2":"type-post","3":"status-publish","4":"format-standard","6":"category-nacionales"},"yoast_head":"<title>Difunden nuevas escuchas que fundamentan la denuncia de Nisman - Informe Litoral<\/title>\n<meta name=\"robots\" content=\"index, follow, max-snippet:-1, max-image-preview:large, max-video-preview:-1\" \/>\n<link rel=\"canonical\" href=\"https:\/\/informelitoral.com.ar\/difunden-nuevas-escuchas-que-fundamentan-la-denuncia-de-nisman\/\" \/>\n<meta property=\"og:locale\" content=\"es_ES\" \/>\n<meta property=\"og:type\" content=\"article\" \/>\n<meta property=\"og:title\" content=\"Difunden nuevas escuchas que fundamentan la denuncia de Nisman - Informe Litoral\" \/>\n<meta property=\"og:description\" content=\"En un audio dado a conocer por Radio Mitre, el l&iacute;der piquetero Luis D&rsquo;El&iacute;a mantiene un di&aacute;logo con el supuesto agente iran&iacute; Jorge &laquo;Yussuf&raquo; Khalil y se autodefine como un &laquo;soldado&raquo; de &laquo;la Rosada&raquo;. Tal como hizo en el d&iacute;a de ayer, el periodista Jorge Lanata volvi&oacute; a difundir en su programa en Radio Mitre [&hellip;]\" \/>\n<meta property=\"og:url\" content=\"https:\/\/informelitoral.com.ar\/difunden-nuevas-escuchas-que-fundamentan-la-denuncia-de-nisman\/\" \/>\n<meta property=\"og:site_name\" content=\"Informe Litoral\" \/>\n<meta property=\"article:publisher\" content=\"https:\/\/www.facebook.com\/informelitoral\/\" \/>\n<meta property=\"article:published_time\" content=\"2015-01-23T16:11:41+00:00\" \/>\n<meta property=\"og:image\" content=\"https:\/\/informelitoral.com.ar\/%77%70%2d%63%6f%6e%74%65%6e%74\/uploads\/2015\/01\/0011403793.jpg\" \/>\n\t<meta property=\"og:image:width\" content=\"770\" \/>\n\t<meta property=\"og:image:height\" content=\"433\" \/>\n\t<meta property=\"og:image:type\" content=\"image\/jpeg\" \/>\n<meta name=\"author\" content=\"Gonzalo Schmidt\" \/>\n<meta name=\"twitter:card\" content=\"summary_large_image\" \/>\n<meta name=\"twitter:creator\" content=\"@InformeLitoral\" \/>\n<meta name=\"twitter:site\" content=\"@InformeLitoral\" \/>\n<meta name=\"twitter:label1\" content=\"Escrito por\" \/>\n\t<meta name=\"twitter:data1\" content=\"Gonzalo Schmidt\" \/>\n\t<meta name=\"twitter:label2\" content=\"Tiempo de lectura\" \/>\n\t<meta name=\"twitter:data2\" content=\"9 minutos\" \/>\n<script type=\"application\/ld+json\" class=\"yoast-schema-graph\">{\"@context\":\"https:\\\/\\\/schema.org\",\"@graph\":[{\"@type\":\"Article\",\"@id\":\"https:\\\/\\\/informelitoral.com.ar\\\/difunden-nuevas-escuchas-que-fundamentan-la-denuncia-de-nisman\\\/#article\",\"isPartOf\":{\"@id\":\"https:\\\/\\\/informelitoral.com.ar\\\/difunden-nuevas-escuchas-que-fundamentan-la-denuncia-de-nisman\\\/\"},\"author\":{\"name\":\"Gonzalo Schmidt\",\"@id\":\"https:\\\/\\\/informelitoral.com.ar\\\/#\\\/schema\\\/person\\\/b9d00407c836482871ef1d57bf8e3180\"},\"headline\":\"Difunden nuevas escuchas que fundamentan la denuncia de Nisman\",\"datePublished\":\"2015-01-23T16:11:41+00:00\",\"mainEntityOfPage\":{\"@id\":\"https:\\\/\\\/informelitoral.com.ar\\\/difunden-nuevas-escuchas-que-fundamentan-la-denuncia-de-nisman\\\/\"},\"wordCount\":1906,\"commentCount\":0,\"publisher\":{\"@id\":\"https:\\\/\\\/informelitoral.com.ar\\\/#organization\"},\"image\":{\"@id\":\"https:\\\/\\\/informelitoral.com.ar\\\/difunden-nuevas-escuchas-que-fundamentan-la-denuncia-de-nisman\\\/#primaryimage\"},\"thumbnailUrl\":\"http:\\\/\\\/www.isletasnoticias.com.ar\\\/%77%70%2d%63%6f%6e%74%65%6e%74\\\/uploads\\\/2015\\\/01\\\/0011403793-300x169.jpg\",\"articleSection\":[\"Nacionales\"],\"inLanguage\":\"es\",\"potentialAction\":[{\"@type\":\"CommentAction\",\"name\":\"Comment\",\"target\":[\"https:\\\/\\\/informelitoral.com.ar\\\/difunden-nuevas-escuchas-que-fundamentan-la-denuncia-de-nisman\\\/#respond\"]}]},{\"@type\":\"WebPage\",\"@id\":\"https:\\\/\\\/informelitoral.com.ar\\\/difunden-nuevas-escuchas-que-fundamentan-la-denuncia-de-nisman\\\/\",\"url\":\"https:\\\/\\\/informelitoral.com.ar\\\/difunden-nuevas-escuchas-que-fundamentan-la-denuncia-de-nisman\\\/\",\"name\":\"Difunden nuevas escuchas que fundamentan la denuncia de Nisman - Informe Litoral\",\"isPartOf\":{\"@id\":\"https:\\\/\\\/informelitoral.com.ar\\\/#website\"},\"primaryImageOfPage\":{\"@id\":\"https:\\\/\\\/informelitoral.com.ar\\\/difunden-nuevas-escuchas-que-fundamentan-la-denuncia-de-nisman\\\/#primaryimage\"},\"image\":{\"@id\":\"https:\\\/\\\/informelitoral.com.ar\\\/difunden-nuevas-escuchas-que-fundamentan-la-denuncia-de-nisman\\\/#primaryimage\"},\"thumbnailUrl\":\"http:\\\/\\\/www.isletasnoticias.com.ar\\\/%77%70%2d%63%6f%6e%74%65%6e%74\\\/uploads\\\/2015\\\/01\\\/0011403793-300x169.jpg\",\"datePublished\":\"2015-01-23T16:11:41+00:00\",\"breadcrumb\":{\"@id\":\"https:\\\/\\\/informelitoral.com.ar\\\/difunden-nuevas-escuchas-que-fundamentan-la-denuncia-de-nisman\\\/#breadcrumb\"},\"inLanguage\":\"es\",\"potentialAction\":[{\"@type\":\"ReadAction\",\"target\":[\"https:\\\/\\\/informelitoral.com.ar\\\/difunden-nuevas-escuchas-que-fundamentan-la-denuncia-de-nisman\\\/\"]}]},{\"@type\":\"ImageObject\",\"inLanguage\":\"es\",\"@id\":\"https:\\\/\\\/informelitoral.com.ar\\\/difunden-nuevas-escuchas-que-fundamentan-la-denuncia-de-nisman\\\/#primaryimage\",\"url\":\"http:\\\/\\\/www.isletasnoticias.com.ar\\\/%77%70%2d%63%6f%6e%74%65%6e%74\\\/uploads\\\/2015\\\/01\\\/0011403793-300x169.jpg\",\"contentUrl\":\"http:\\\/\\\/www.isletasnoticias.com.ar\\\/%77%70%2d%63%6f%6e%74%65%6e%74\\\/uploads\\\/2015\\\/01\\\/0011403793-300x169.jpg\"},{\"@type\":\"BreadcrumbList\",\"@id\":\"https:\\\/\\\/informelitoral.com.ar\\\/difunden-nuevas-escuchas-que-fundamentan-la-denuncia-de-nisman\\\/#breadcrumb\",\"itemListElement\":[{\"@type\":\"ListItem\",\"position\":1,\"name\":\"Portada\",\"item\":\"https:\\\/\\\/informelitoral.com.ar\\\/\"},{\"@type\":\"ListItem\",\"position\":2,\"name\":\"Difunden nuevas escuchas que fundamentan la denuncia de Nisman\"}]},{\"@type\":\"WebSite\",\"@id\":\"https:\\\/\\\/informelitoral.com.ar\\\/#website\",\"url\":\"https:\\\/\\\/informelitoral.com.ar\\\/\",\"name\":\"Informe Litoral\",\"description\":\"&quot;Nos informamos&quot; \",\"publisher\":{\"@id\":\"https:\\\/\\\/informelitoral.com.ar\\\/#organization\"},\"potentialAction\":[{\"@type\":\"SearchAction\",\"target\":{\"@type\":\"EntryPoint\",\"urlTemplate\":\"https:\\\/\\\/informelitoral.com.ar\\\/?s={search_term_string}\"},\"query-input\":{\"@type\":\"PropertyValueSpecification\",\"valueRequired\":true,\"valueName\":\"search_term_string\"}}],\"inLanguage\":\"es\"},{\"@type\":\"Organization\",\"@id\":\"https:\\\/\\\/informelitoral.com.ar\\\/#organization\",\"name\":\"Informe Litoral\",\"url\":\"https:\\\/\\\/informelitoral.com.ar\\\/\",\"logo\":{\"@type\":\"ImageObject\",\"inLanguage\":\"es\",\"@id\":\"https:\\\/\\\/informelitoral.com.ar\\\/#\\\/schema\\\/logo\\\/image\\\/\",\"url\":\"https:\\\/\\\/informelitoral.com.ar\\\/%77%70%2d%63%6f%6e%74%65%6e%74\\\/uploads\\\/2021\\\/01\\\/circulo.png\",\"contentUrl\":\"https:\\\/\\\/informelitoral.com.ar\\\/%77%70%2d%63%6f%6e%74%65%6e%74\\\/uploads\\\/2021\\\/01\\\/circulo.png\",\"width\":723,\"height\":731,\"caption\":\"Informe Litoral\"},\"image\":{\"@id\":\"https:\\\/\\\/informelitoral.com.ar\\\/#\\\/schema\\\/logo\\\/image\\\/\"},\"sameAs\":[\"https:\\\/\\\/www.facebook.com\\\/informelitoral\\\/\",\"https:\\\/\\\/x.com\\\/InformeLitoral\",\"https:\\\/\\\/www.instagram.com\\\/informelitoral\\\/\",\"https:\\\/\\\/www.youtube.com\\\/channel\\\/UCua4Qvz8Icb6MYqhoq9xLXw\"]},{\"@type\":\"Person\",\"@id\":\"https:\\\/\\\/informelitoral.com.ar\\\/#\\\/schema\\\/person\\\/b9d00407c836482871ef1d57bf8e3180\",\"name\":\"Gonzalo Schmidt\",\"image\":{\"@type\":\"ImageObject\",\"inLanguage\":\"es\",\"@id\":\"https:\\\/\\\/secure.gravatar.com\\\/avatar\\\/31a1a7b66ff2de83bd0e9fd79d026630d2d99e55e8bfe501287647b4fd9743de?s=96&d=mm&r=g\",\"url\":\"https:\\\/\\\/secure.gravatar.com\\\/avatar\\\/31a1a7b66ff2de83bd0e9fd79d026630d2d99e55e8bfe501287647b4fd9743de?s=96&d=mm&r=g\",\"contentUrl\":\"https:\\\/\\\/secure.gravatar.com\\\/avatar\\\/31a1a7b66ff2de83bd0e9fd79d026630d2d99e55e8bfe501287647b4fd9743de?s=96&d=mm&r=g\",\"caption\":\"Gonzalo Schmidt\"},\"description\":\"Sitio web de noticias de la provincia de Entre R\u00edos, Argentina. Informaci\u00f3n y entretenimiento. Informe Litoral, nos informamos.\",\"sameAs\":[\"http:\\\/\\\/www.isletasnoticias.com.ar\"],\"url\":\"https:\\\/\\\/informelitoral.com.ar\\\/author\\\/gonzalo\\\/\"}]}<\/script>","yoast_head_json":{"title":"Difunden nuevas escuchas que fundamentan la denuncia de Nisman - Informe Litoral","robots":{"index":"index","follow":"follow","max-snippet":"max-snippet:-1","max-image-preview":"max-image-preview:large","max-video-preview":"max-video-preview:-1"},"canonical":"https:\/\/informelitoral.com.ar\/difunden-nuevas-escuchas-que-fundamentan-la-denuncia-de-nisman\/","og_locale":"es_ES","og_type":"article","og_title":"Difunden nuevas escuchas que fundamentan la denuncia de Nisman - Informe Litoral","og_description":"En un audio dado a conocer por Radio Mitre, el l&iacute;der piquetero Luis D&rsquo;El&iacute;a mantiene un di&aacute;logo con el supuesto agente iran&iacute; Jorge &laquo;Yussuf&raquo; Khalil y se autodefine como un &laquo;soldado&raquo; de &laquo;la Rosada&raquo;. Tal como hizo en el d&iacute;a de ayer, el periodista Jorge Lanata volvi&oacute; a difundir en su programa en Radio Mitre [&hellip;]","og_url":"https:\/\/informelitoral.com.ar\/difunden-nuevas-escuchas-que-fundamentan-la-denuncia-de-nisman\/","og_site_name":"Informe Litoral","article_publisher":"https:\/\/www.facebook.com\/informelitoral\/","article_published_time":"2015-01-23T16:11:41+00:00","og_image":[{"width":770,"height":433,"url":"https:\/\/informelitoral.com.ar\/%77%70%2d%63%6f%6e%74%65%6e%74\/uploads\/2015\/01\/0011403793.jpg","type":"image\/jpeg"}],"author":"Gonzalo Schmidt","twitter_card":"summary_large_image","twitter_creator":"@InformeLitoral","twitter_site":"@InformeLitoral","twitter_misc":{"Escrito por":"Gonzalo Schmidt","Tiempo de lectura":"9 minutos"},"schema":{"@context":"https:\/\/schema.org","@graph":[{"@type":"Article","@id":"https:\/\/informelitoral.com.ar\/difunden-nuevas-escuchas-que-fundamentan-la-denuncia-de-nisman\/#article","isPartOf":{"@id":"https:\/\/informelitoral.com.ar\/difunden-nuevas-escuchas-que-fundamentan-la-denuncia-de-nisman\/"},"author":{"name":"Gonzalo Schmidt","@id":"https:\/\/informelitoral.com.ar\/#\/schema\/person\/b9d00407c836482871ef1d57bf8e3180"},"headline":"Difunden nuevas escuchas que fundamentan la denuncia de Nisman","datePublished":"2015-01-23T16:11:41+00:00","mainEntityOfPage":{"@id":"https:\/\/informelitoral.com.ar\/difunden-nuevas-escuchas-que-fundamentan-la-denuncia-de-nisman\/"},"wordCount":1906,"commentCount":0,"publisher":{"@id":"https:\/\/informelitoral.com.ar\/#organization"},"image":{"@id":"https:\/\/informelitoral.com.ar\/difunden-nuevas-escuchas-que-fundamentan-la-denuncia-de-nisman\/#primaryimage"},"thumbnailUrl":"http:\/\/www.isletasnoticias.com.ar\/%77%70%2d%63%6f%6e%74%65%6e%74\/uploads\/2015\/01\/0011403793-300x169.jpg","articleSection":["Nacionales"],"inLanguage":"es","potentialAction":[{"@type":"CommentAction","name":"Comment","target":["https:\/\/informelitoral.com.ar\/difunden-nuevas-escuchas-que-fundamentan-la-denuncia-de-nisman\/#respond"]}]},{"@type":"WebPage","@id":"https:\/\/informelitoral.com.ar\/difunden-nuevas-escuchas-que-fundamentan-la-denuncia-de-nisman\/","url":"https:\/\/informelitoral.com.ar\/difunden-nuevas-escuchas-que-fundamentan-la-denuncia-de-nisman\/","name":"Difunden nuevas escuchas que fundamentan la denuncia de Nisman - Informe Litoral","isPartOf":{"@id":"https:\/\/informelitoral.com.ar\/#website"},"primaryImageOfPage":{"@id":"https:\/\/informelitoral.com.ar\/difunden-nuevas-escuchas-que-fundamentan-la-denuncia-de-nisman\/#primaryimage"},"image":{"@id":"https:\/\/informelitoral.com.ar\/difunden-nuevas-escuchas-que-fundamentan-la-denuncia-de-nisman\/#primaryimage"},"thumbnailUrl":"http:\/\/www.isletasnoticias.com.ar\/%77%70%2d%63%6f%6e%74%65%6e%74\/uploads\/2015\/01\/0011403793-300x169.jpg","datePublished":"2015-01-23T16:11:41+00:00","breadcrumb":{"@id":"https:\/\/informelitoral.com.ar\/difunden-nuevas-escuchas-que-fundamentan-la-denuncia-de-nisman\/#breadcrumb"},"inLanguage":"es","potentialAction":[{"@type":"ReadAction","target":["https:\/\/informelitoral.com.ar\/difunden-nuevas-escuchas-que-fundamentan-la-denuncia-de-nisman\/"]}]},{"@type":"ImageObject","inLanguage":"es","@id":"https:\/\/informelitoral.com.ar\/difunden-nuevas-escuchas-que-fundamentan-la-denuncia-de-nisman\/#primaryimage","url":"http:\/\/www.isletasnoticias.com.ar\/%77%70%2d%63%6f%6e%74%65%6e%74\/uploads\/2015\/01\/0011403793-300x169.jpg","contentUrl":"http:\/\/www.isletasnoticias.com.ar\/%77%70%2d%63%6f%6e%74%65%6e%74\/uploads\/2015\/01\/0011403793-300x169.jpg"},{"@type":"BreadcrumbList","@id":"https:\/\/informelitoral.com.ar\/difunden-nuevas-escuchas-que-fundamentan-la-denuncia-de-nisman\/#breadcrumb","itemListElement":[{"@type":"ListItem","position":1,"name":"Portada","item":"https:\/\/informelitoral.com.ar\/"},{"@type":"ListItem","position":2,"name":"Difunden nuevas escuchas que fundamentan la denuncia de Nisman"}]},{"@type":"WebSite","@id":"https:\/\/informelitoral.com.ar\/#website","url":"https:\/\/informelitoral.com.ar\/","name":"Informe Litoral","description":"&quot;Nos informamos&quot; ","publisher":{"@id":"https:\/\/informelitoral.com.ar\/#organization"},"potentialAction":[{"@type":"SearchAction","target":{"@type":"EntryPoint","urlTemplate":"https:\/\/informelitoral.com.ar\/?s={search_term_string}"},"query-input":{"@type":"PropertyValueSpecification","valueRequired":true,"valueName":"search_term_string"}}],"inLanguage":"es"},{"@type":"Organization","@id":"https:\/\/informelitoral.com.ar\/#organization","name":"Informe Litoral","url":"https:\/\/informelitoral.com.ar\/","logo":{"@type":"ImageObject","inLanguage":"es","@id":"https:\/\/informelitoral.com.ar\/#\/schema\/logo\/image\/","url":"https:\/\/informelitoral.com.ar\/%77%70%2d%63%6f%6e%74%65%6e%74\/uploads\/2021\/01\/circulo.png","contentUrl":"https:\/\/informelitoral.com.ar\/%77%70%2d%63%6f%6e%74%65%6e%74\/uploads\/2021\/01\/circulo.png","width":723,"height":731,"caption":"Informe Litoral"},"image":{"@id":"https:\/\/informelitoral.com.ar\/#\/schema\/logo\/image\/"},"sameAs":["https:\/\/www.facebook.com\/informelitoral\/","https:\/\/x.com\/InformeLitoral","https:\/\/www.instagram.com\/informelitoral\/","https:\/\/www.youtube.com\/channel\/UCua4Qvz8Icb6MYqhoq9xLXw"]},{"@type":"Person","@id":"https:\/\/informelitoral.com.ar\/#\/schema\/person\/b9d00407c836482871ef1d57bf8e3180","name":"Gonzalo Schmidt","image":{"@type":"ImageObject","inLanguage":"es","@id":"https:\/\/secure.gravatar.com\/avatar\/31a1a7b66ff2de83bd0e9fd79d026630d2d99e55e8bfe501287647b4fd9743de?s=96&d=mm&r=g","url":"https:\/\/secure.gravatar.com\/avatar\/31a1a7b66ff2de83bd0e9fd79d026630d2d99e55e8bfe501287647b4fd9743de?s=96&d=mm&r=g","contentUrl":"https:\/\/secure.gravatar.com\/avatar\/31a1a7b66ff2de83bd0e9fd79d026630d2d99e55e8bfe501287647b4fd9743de?s=96&d=mm&r=g","caption":"Gonzalo Schmidt"},"description":"Sitio web de noticias de la provincia de Entre R\u00edos, Argentina. Informaci\u00f3n y entretenimiento. Informe Litoral, nos informamos.","sameAs":["http:\/\/www.isletasnoticias.com.ar"],"url":"https:\/\/informelitoral.com.ar\/author\/gonzalo\/"}]}},"_links":{"self":[{"href":"https:\/\/informelitoral.com.ar\/%77%70%2d%6a%73%6f%6e\/wp\/v2\/posts\/9638","targetHints":{"allow":["GET"]}}],"collection":[{"href":"https:\/\/informelitoral.com.ar\/%77%70%2d%6a%73%6f%6e\/wp\/v2\/posts"}],"about":[{"href":"https:\/\/informelitoral.com.ar\/%77%70%2d%6a%73%6f%6e\/wp\/v2\/types\/post"}],"author":[{"embeddable":true,"href":"https:\/\/informelitoral.com.ar\/%77%70%2d%6a%73%6f%6e\/wp\/v2\/users\/2"}],"replies":[{"embeddable":true,"href":"https:\/\/informelitoral.com.ar\/%77%70%2d%6a%73%6f%6e\/wp\/v2\/comments?post=9638"}],"version-history":[{"count":0,"href":"https:\/\/informelitoral.com.ar\/%77%70%2d%6a%73%6f%6e\/wp\/v2\/posts\/9638\/revisions"}],"wp:attachment":[{"href":"https:\/\/informelitoral.com.ar\/%77%70%2d%6a%73%6f%6e\/wp\/v2\/media?parent=9638"}],"wp:term":[{"taxonomy":"category","embeddable":true,"href":"https:\/\/informelitoral.com.ar\/%77%70%2d%6a%73%6f%6e\/wp\/v2\/categories?post=9638"},{"taxonomy":"post_tag","embeddable":true,"href":"https:\/\/informelitoral.com.ar\/%77%70%2d%6a%73%6f%6e\/wp\/v2\/tags?post=9638"}],"curies":[{"name":"wp","href":"https:\/\/api.w.org\/{rel}","templated":true}]}}