{"id":9634,"date":"2015-01-21T08:41:58","date_gmt":"2015-01-21T11:41:58","guid":{"rendered":"http:\/\/www.isletasnoticias.com.ar\/?p=9634"},"modified":"2015-01-21T08:44:25","modified_gmt":"2015-01-21T11:44:25","slug":"aducen-que-en-caminos-rurales-existe-falta-de-mantenimiento","status":"publish","type":"post","link":"https:\/\/informelitoral.com.ar\/aducen-que-en-caminos-rurales-existe-falta-de-mantenimiento\/","title":{"rendered":"Aducen que en caminos rurales existe falta de mantenimiento"},"content":{"rendered":"<p><strong>La Federaci\u00f3n Agraria provincial se reunir\u00e1 este jueves en Cerrito para abordar el tema. Afirman que el problema se viene dando incluso antes de las grandes lluvias, que agravaron la situaci\u00f3n.<\/strong><a href=\"http:\/\/www.isletasnoticias.com.ar\/%77%70%2d%63%6f%6e%74%65%6e%74\/uploads\/2015\/01\/camino_rural_x1x.jpg_2069580699.jpg\"><img loading=\"lazy\" decoding=\"async\" class=\"aligncenter size-medium wp-image-9635\" src=\"http:\/\/www.isletasnoticias.com.ar\/%77%70%2d%63%6f%6e%74%65%6e%74\/uploads\/2015\/01\/camino_rural_x1x.jpg_2069580699-300x200.jpg\" alt=\"camino_rural_x1x.jpg_2069580699\" width=\"300\" height=\"200\" srcset=\"https:\/\/informelitoral.com.ar\/%77%70%2d%63%6f%6e%74%65%6e%74\/uploads\/2015\/01\/camino_rural_x1x.jpg_2069580699-300x200.jpg 300w, https:\/\/informelitoral.com.ar\/%77%70%2d%63%6f%6e%74%65%6e%74\/uploads\/2015\/01\/camino_rural_x1x.jpg_2069580699.jpg 761w\" sizes=\"auto, (max-width: 300px) 100vw, 300px\" \/><\/a><\/p>\n<p class=\"first\">La Federaci\u00f3n Agraria Argentina (FAA) filial Entre R\u00edos se reunir\u00e1 ma\u00f1ana en Cerrito para abordar el tema de los caminos rurales y solicitar a la Direcci\u00f3n Provincial de Vialidad (DPV) que se d\u00e9 soluci\u00f3n a una problem\u00e1tica que se agrav\u00f3 con las grandes lluvias, pero que seg\u00fan indicaron los dirigentes del sector rural, existe desde antes.<\/p>\n<p>En este marco<strong> Elvio Gu\u00eda<\/strong>, el director de la entidad, se\u00f1al\u00f3 a UNO que desde el Consejo de Delegados de la FAA se va a continuar con una serie de reuniones por este tema y a plantear la emergencia de los caminos. \u201cHay sectores que est\u00e1n pr\u00e1cticamente intransitables, producto de las grandes lluvias, pero tambi\u00e9n debido a la falta de mantenimiento previo\u201d, asegur\u00f3.<\/p>\n<p>Gu\u00eda detall\u00f3: \u201cNo hay cunetas, las alcantarillas no son adecuadas y muchas de ellas est\u00e1n tapadas. Hace tiempo que venimos denunciando esta situaci\u00f3n, que ahora se agrav\u00f3\u201d.<\/p>\n<p>El dirigente explic\u00f3 que este es un problema que se reitera todos los a\u00f1os, y coment\u00f3: \u201cExisten destacamentos de Vialidad que trabajan muy bien, con muy buena predisposici\u00f3n y van solucionando los problemas, pero hay otros en los que no se llevan adelante las tareas necesarias, como repasar los caminos y otras serie de cuestiones que corresponden\u201d.<\/p>\n<p>\u201cVenimos reclamando una respuesta en las zonas productivas y hay sectores donde hemos podido concretar avances y logramos tener algunas definiciones, pero en otras seguimos con los mismos problemas desde hace tres o cuatro a\u00f1os atr\u00e1s, o m\u00e1s. Nos dicen que no tienen el gasoil suficiente, que no tienen personal o que no est\u00e1n las m\u00e1quinas en condiciones\u201d, agreg\u00f3.<\/p>\n<p>Por otra parte, se\u00f1al\u00f3 que tras la reuni\u00f3n que se concretar\u00e1 ma\u00f1ana en Cerrito mantendr\u00e1n un nuevo encuentro el lunes en Diamante y la convocatoria se extender\u00e1 a otra entidades involucradas con las problem\u00e1tica.<\/p>\n<p>Durante los primeros d\u00edas de febrero se plantear\u00e1 la posibilidad de realizar reuniones en Nogoy\u00e1 y Segu\u00ed. \u201cNecesitamos que se empiece desde ahora a solucionar estos problemas y que no nos agarre tarde, cuando empiece la cosecha y no se pueda salir. Ya a finales de febrero se comienza a recolectar el ma\u00edz y se empalma con la cosecha a pleno del sorgo y la soja en marzo con la cosecha a pleno. En San Salvador, Villaguay y toda la zona arrocera empezamos dentro de 30 d\u00edas a cosechar y hay que ver c\u00f3mo mejorar los caminos en esa zona productiva\u201d, indic\u00f3. Desde el departamento T\u00e9cnico del \u00e1rea de Conservaci\u00f3n Vial de la DPV, Fabi\u00e1n Ocampo explic\u00f3 que cada zonal tiene distribuidas m\u00e1quinas en distintos sectores y se realiza un trabajo de rutina, pero a la vez desde la dependencia se encargan de las demandas puntuales que requieren una atenci\u00f3n especial. \u201cExiste un trabajo que se hace en los caminos naturales, que son los de tierra, sobre todo donde hay tambos que necesitan sacar su producci\u00f3n aunque llueva y salen con tractores o con camionetas 4&#215;4; ah\u00ed quedan los accesos muy deteriorados y con las \u00faltimas lluvias se dificulta el mantenimiento\u201d, asever\u00f3.<br \/>\n<strong>Campo adentro<\/strong><\/p>\n<p>Entre R\u00edos es una provincia que sustenta gran parte de su econom\u00eda en la producci\u00f3n agropecuaria y se necesitan caminos en condiciones para poder transportarla hacia los grandes centros de acopio. Por otra parte, la ganader\u00eda y otro tipo de producciones m\u00e1s intensivas, como los tambos, la apicultura y la avicultura, requieren asimismo v\u00edas de acceso que les permitan una \u00f3ptima transitabilidad.<\/p>\n<p>Seg\u00fan los registros de la Direcci\u00f3n Provincial de Vialidad, la provincia cuenta con 27.560 kil\u00f3metros de red total de caminos rurales, de los cuales 22.760 corresponden a caminos de tierra mejorados o enripiados, 3.200 kil\u00f3metros son de broza o ripio, y existen 1.600 kil\u00f3metros pavimentados.<\/p>\n<p><strong>Entre Aranguren y Victoria la situaci\u00f3n gener\u00f3 reclamos<\/strong><\/p>\n<p>Entre Aranguren y Victoria existe un trayecto donde las v\u00edas de acceso est\u00e1n muy deterioradas y esto gener\u00f3 el reclamo de un grupo de habitantes y productores de esa zona rural, donde adem\u00e1s se encuentra una escuela a la que asisten los chicos de la zona.<\/p>\n<p>Fabi\u00e1n Ocampo, de la Direcci\u00f3n Provincial de Vialidad (DPV), explic\u00f3 a UNO que vecinos del lugar se reunieron con el director del \u00e1rea de Conservaci\u00f3n Vial, H\u00e9ctor Sommer, y que ya se dio la orden para que apenas las condiciones clim\u00e1ticas lo permitan se comience con las tareas para arreglar ese tramo. \u201cEs en la zona de Chilcas y corresponde a la Zonal Victoria, a cargo de Eduardo Albornoz\u201d, se\u00f1al\u00f3, y coment\u00f3 que procura terminar antes del inicio de las clases, ya que hay un trasporte que lleva los alumnos a la escuela.<\/p>\n<p>En tanto, Elvio Gu\u00eda, de la filial entrerriana de la Federaci\u00f3n Agraria Argentina (FAA) sostuvo: \u201cHay caminos, como este que une Aranguren y Victoria, por Quebrachito e Hinojal, que son intransitables. No hay cuneta, no se limpia la alcantarilla y m\u00e1s all\u00e1 de la lluvia, no se ha hecho mantenimiento previo\u201d.<\/p>\n<p>En este sentido, record\u00f3 que adem\u00e1s del inicio de las clases que motiva a la DPV a acondicionar el tramo, est\u00e1 pr\u00f3xima la cosecha del ma\u00edz: \u201cHay que sacarla y llevarla hasta la parte firme, por eso es que pedimos que se haga con tiempo\u201d, dijo.<\/p>\n<p>Por su parte Dar\u00edo, un productor rural de la zona de Hinojal coincidi\u00f3 en se\u00f1alar que \u201csi se hubiese hecho mantenimiento antes de la lluvia quiz\u00e1s el camino no hubiese quedado en ese estado\u201d.<\/p>\n<p>\u201cSe hace muy dif\u00edcil pasar por ah\u00ed en estos d\u00edas y este problema no es de ahora\u201d, concluy\u00f3. <em>(UNO)<\/em><\/p>\n","protected":false},"excerpt":{"rendered":"<p>La Federaci&oacute;n Agraria provincial se reunir&aacute; este jueves en Cerrito para abordar el tema. Afirman que el problema se viene dando incluso antes de las grandes lluvias, que agravaron la situaci&oacute;n. La Federaci&oacute;n Agraria Argentina (FAA) filial Entre R&iacute;os se reunir&aacute; ma&ntilde;ana en Cerrito para abordar el tema de los caminos rurales y solicitar a [&hellip;]<\/p>\n","protected":false},"author":2,"featured_media":0,"comment_status":"open","ping_status":"open","sticky":false,"template":"","format":"standard","meta":{"fifu_image_url":"","fifu_image_alt":"","footnotes":""},"categories":[10,6],"tags":[],"class_list":{"0":"post-9634","1":"post","2":"type-post","3":"status-publish","4":"format-standard","6":"category-campo","7":"category-entre-rios"},"yoast_head":"<title>Aducen que en caminos rurales existe falta de mantenimiento - Informe Litoral<\/title>\n<meta name=\"robots\" content=\"index, follow, max-snippet:-1, max-image-preview:large, max-video-preview:-1\" \/>\n<link rel=\"canonical\" href=\"https:\/\/informelitoral.com.ar\/aducen-que-en-caminos-rurales-existe-falta-de-mantenimiento\/\" \/>\n<meta property=\"og:locale\" content=\"es_ES\" \/>\n<meta property=\"og:type\" content=\"article\" \/>\n<meta property=\"og:title\" content=\"Aducen que en caminos rurales existe falta de mantenimiento - Informe Litoral\" \/>\n<meta property=\"og:description\" content=\"La Federaci&oacute;n Agraria provincial se reunir&aacute; este jueves en Cerrito para abordar el tema. Afirman que el problema se viene dando incluso antes de las grandes lluvias, que agravaron la situaci&oacute;n. La Federaci&oacute;n Agraria Argentina (FAA) filial Entre R&iacute;os se reunir&aacute; ma&ntilde;ana en Cerrito para abordar el tema de los caminos rurales y solicitar a [&hellip;]\" \/>\n<meta property=\"og:url\" content=\"https:\/\/informelitoral.com.ar\/aducen-que-en-caminos-rurales-existe-falta-de-mantenimiento\/\" \/>\n<meta property=\"og:site_name\" content=\"Informe Litoral\" \/>\n<meta property=\"article:publisher\" content=\"https:\/\/www.facebook.com\/informelitoral\/\" \/>\n<meta property=\"article:published_time\" content=\"2015-01-21T11:41:58+00:00\" \/>\n<meta property=\"article:modified_time\" content=\"2015-01-21T11:44:25+00:00\" \/>\n<meta property=\"og:image\" content=\"https:\/\/informelitoral.com.ar\/%77%70%2d%63%6f%6e%74%65%6e%74\/uploads\/2015\/01\/camino_rural_x1x.jpg_2069580699.jpg\" \/>\n\t<meta property=\"og:image:width\" content=\"761\" \/>\n\t<meta property=\"og:image:height\" content=\"507\" \/>\n\t<meta property=\"og:image:type\" content=\"image\/jpeg\" \/>\n<meta name=\"author\" content=\"Gonzalo Schmidt\" \/>\n<meta name=\"twitter:card\" content=\"summary_large_image\" \/>\n<meta name=\"twitter:creator\" content=\"@InformeLitoral\" \/>\n<meta name=\"twitter:site\" content=\"@InformeLitoral\" \/>\n<meta name=\"twitter:label1\" content=\"Escrito por\" \/>\n\t<meta name=\"twitter:data1\" content=\"Gonzalo Schmidt\" \/>\n\t<meta name=\"twitter:label2\" content=\"Tiempo de lectura\" \/>\n\t<meta name=\"twitter:data2\" content=\"5 minutos\" \/>\n<script type=\"application\/ld+json\" class=\"yoast-schema-graph\">{\"@context\":\"https:\\\/\\\/schema.org\",\"@graph\":[{\"@type\":\"Article\",\"@id\":\"https:\\\/\\\/informelitoral.com.ar\\\/aducen-que-en-caminos-rurales-existe-falta-de-mantenimiento\\\/#article\",\"isPartOf\":{\"@id\":\"https:\\\/\\\/informelitoral.com.ar\\\/aducen-que-en-caminos-rurales-existe-falta-de-mantenimiento\\\/\"},\"author\":{\"name\":\"Gonzalo Schmidt\",\"@id\":\"https:\\\/\\\/informelitoral.com.ar\\\/#\\\/schema\\\/person\\\/b9d00407c836482871ef1d57bf8e3180\"},\"headline\":\"Aducen que en caminos rurales existe falta de mantenimiento\",\"datePublished\":\"2015-01-21T11:41:58+00:00\",\"dateModified\":\"2015-01-21T11:44:25+00:00\",\"mainEntityOfPage\":{\"@id\":\"https:\\\/\\\/informelitoral.com.ar\\\/aducen-que-en-caminos-rurales-existe-falta-de-mantenimiento\\\/\"},\"wordCount\":1010,\"commentCount\":0,\"publisher\":{\"@id\":\"https:\\\/\\\/informelitoral.com.ar\\\/#organization\"},\"image\":{\"@id\":\"https:\\\/\\\/informelitoral.com.ar\\\/aducen-que-en-caminos-rurales-existe-falta-de-mantenimiento\\\/#primaryimage\"},\"thumbnailUrl\":\"http:\\\/\\\/www.isletasnoticias.com.ar\\\/%77%70%2d%63%6f%6e%74%65%6e%74\\\/uploads\\\/2015\\\/01\\\/camino_rural_x1x.jpg_2069580699-300x200.jpg\",\"articleSection\":[\"Campo\",\"Entre R\u00edos\"],\"inLanguage\":\"es\",\"potentialAction\":[{\"@type\":\"CommentAction\",\"name\":\"Comment\",\"target\":[\"https:\\\/\\\/informelitoral.com.ar\\\/aducen-que-en-caminos-rurales-existe-falta-de-mantenimiento\\\/#respond\"]}]},{\"@type\":\"WebPage\",\"@id\":\"https:\\\/\\\/informelitoral.com.ar\\\/aducen-que-en-caminos-rurales-existe-falta-de-mantenimiento\\\/\",\"url\":\"https:\\\/\\\/informelitoral.com.ar\\\/aducen-que-en-caminos-rurales-existe-falta-de-mantenimiento\\\/\",\"name\":\"Aducen que en caminos rurales existe falta de mantenimiento - Informe Litoral\",\"isPartOf\":{\"@id\":\"https:\\\/\\\/informelitoral.com.ar\\\/#website\"},\"primaryImageOfPage\":{\"@id\":\"https:\\\/\\\/informelitoral.com.ar\\\/aducen-que-en-caminos-rurales-existe-falta-de-mantenimiento\\\/#primaryimage\"},\"image\":{\"@id\":\"https:\\\/\\\/informelitoral.com.ar\\\/aducen-que-en-caminos-rurales-existe-falta-de-mantenimiento\\\/#primaryimage\"},\"thumbnailUrl\":\"http:\\\/\\\/www.isletasnoticias.com.ar\\\/%77%70%2d%63%6f%6e%74%65%6e%74\\\/uploads\\\/2015\\\/01\\\/camino_rural_x1x.jpg_2069580699-300x200.jpg\",\"datePublished\":\"2015-01-21T11:41:58+00:00\",\"dateModified\":\"2015-01-21T11:44:25+00:00\",\"breadcrumb\":{\"@id\":\"https:\\\/\\\/informelitoral.com.ar\\\/aducen-que-en-caminos-rurales-existe-falta-de-mantenimiento\\\/#breadcrumb\"},\"inLanguage\":\"es\",\"potentialAction\":[{\"@type\":\"ReadAction\",\"target\":[\"https:\\\/\\\/informelitoral.com.ar\\\/aducen-que-en-caminos-rurales-existe-falta-de-mantenimiento\\\/\"]}]},{\"@type\":\"ImageObject\",\"inLanguage\":\"es\",\"@id\":\"https:\\\/\\\/informelitoral.com.ar\\\/aducen-que-en-caminos-rurales-existe-falta-de-mantenimiento\\\/#primaryimage\",\"url\":\"http:\\\/\\\/www.isletasnoticias.com.ar\\\/%77%70%2d%63%6f%6e%74%65%6e%74\\\/uploads\\\/2015\\\/01\\\/camino_rural_x1x.jpg_2069580699-300x200.jpg\",\"contentUrl\":\"http:\\\/\\\/www.isletasnoticias.com.ar\\\/%77%70%2d%63%6f%6e%74%65%6e%74\\\/uploads\\\/2015\\\/01\\\/camino_rural_x1x.jpg_2069580699-300x200.jpg\"},{\"@type\":\"BreadcrumbList\",\"@id\":\"https:\\\/\\\/informelitoral.com.ar\\\/aducen-que-en-caminos-rurales-existe-falta-de-mantenimiento\\\/#breadcrumb\",\"itemListElement\":[{\"@type\":\"ListItem\",\"position\":1,\"name\":\"Portada\",\"item\":\"https:\\\/\\\/informelitoral.com.ar\\\/\"},{\"@type\":\"ListItem\",\"position\":2,\"name\":\"Aducen que en caminos rurales existe falta de mantenimiento\"}]},{\"@type\":\"WebSite\",\"@id\":\"https:\\\/\\\/informelitoral.com.ar\\\/#website\",\"url\":\"https:\\\/\\\/informelitoral.com.ar\\\/\",\"name\":\"Informe Litoral\",\"description\":\"&quot;Nos informamos&quot; \",\"publisher\":{\"@id\":\"https:\\\/\\\/informelitoral.com.ar\\\/#organization\"},\"potentialAction\":[{\"@type\":\"SearchAction\",\"target\":{\"@type\":\"EntryPoint\",\"urlTemplate\":\"https:\\\/\\\/informelitoral.com.ar\\\/?s={search_term_string}\"},\"query-input\":{\"@type\":\"PropertyValueSpecification\",\"valueRequired\":true,\"valueName\":\"search_term_string\"}}],\"inLanguage\":\"es\"},{\"@type\":\"Organization\",\"@id\":\"https:\\\/\\\/informelitoral.com.ar\\\/#organization\",\"name\":\"Informe Litoral\",\"url\":\"https:\\\/\\\/informelitoral.com.ar\\\/\",\"logo\":{\"@type\":\"ImageObject\",\"inLanguage\":\"es\",\"@id\":\"https:\\\/\\\/informelitoral.com.ar\\\/#\\\/schema\\\/logo\\\/image\\\/\",\"url\":\"https:\\\/\\\/informelitoral.com.ar\\\/%77%70%2d%63%6f%6e%74%65%6e%74\\\/uploads\\\/2021\\\/01\\\/circulo.png\",\"contentUrl\":\"https:\\\/\\\/informelitoral.com.ar\\\/%77%70%2d%63%6f%6e%74%65%6e%74\\\/uploads\\\/2021\\\/01\\\/circulo.png\",\"width\":723,\"height\":731,\"caption\":\"Informe Litoral\"},\"image\":{\"@id\":\"https:\\\/\\\/informelitoral.com.ar\\\/#\\\/schema\\\/logo\\\/image\\\/\"},\"sameAs\":[\"https:\\\/\\\/www.facebook.com\\\/informelitoral\\\/\",\"https:\\\/\\\/x.com\\\/InformeLitoral\",\"https:\\\/\\\/www.instagram.com\\\/informelitoral\\\/\",\"https:\\\/\\\/www.youtube.com\\\/channel\\\/UCua4Qvz8Icb6MYqhoq9xLXw\"]},{\"@type\":\"Person\",\"@id\":\"https:\\\/\\\/informelitoral.com.ar\\\/#\\\/schema\\\/person\\\/b9d00407c836482871ef1d57bf8e3180\",\"name\":\"Gonzalo Schmidt\",\"image\":{\"@type\":\"ImageObject\",\"inLanguage\":\"es\",\"@id\":\"https:\\\/\\\/secure.gravatar.com\\\/avatar\\\/31a1a7b66ff2de83bd0e9fd79d026630d2d99e55e8bfe501287647b4fd9743de?s=96&d=mm&r=g\",\"url\":\"https:\\\/\\\/secure.gravatar.com\\\/avatar\\\/31a1a7b66ff2de83bd0e9fd79d026630d2d99e55e8bfe501287647b4fd9743de?s=96&d=mm&r=g\",\"contentUrl\":\"https:\\\/\\\/secure.gravatar.com\\\/avatar\\\/31a1a7b66ff2de83bd0e9fd79d026630d2d99e55e8bfe501287647b4fd9743de?s=96&d=mm&r=g\",\"caption\":\"Gonzalo Schmidt\"},\"description\":\"Sitio web de noticias de la provincia de Entre R\u00edos, Argentina. Informaci\u00f3n y entretenimiento. Informe Litoral, nos informamos.\",\"sameAs\":[\"http:\\\/\\\/www.isletasnoticias.com.ar\"],\"url\":\"https:\\\/\\\/informelitoral.com.ar\\\/author\\\/gonzalo\\\/\"}]}<\/script>","yoast_head_json":{"title":"Aducen que en caminos rurales existe falta de mantenimiento - Informe Litoral","robots":{"index":"index","follow":"follow","max-snippet":"max-snippet:-1","max-image-preview":"max-image-preview:large","max-video-preview":"max-video-preview:-1"},"canonical":"https:\/\/informelitoral.com.ar\/aducen-que-en-caminos-rurales-existe-falta-de-mantenimiento\/","og_locale":"es_ES","og_type":"article","og_title":"Aducen que en caminos rurales existe falta de mantenimiento - Informe Litoral","og_description":"La Federaci&oacute;n Agraria provincial se reunir&aacute; este jueves en Cerrito para abordar el tema. Afirman que el problema se viene dando incluso antes de las grandes lluvias, que agravaron la situaci&oacute;n. La Federaci&oacute;n Agraria Argentina (FAA) filial Entre R&iacute;os se reunir&aacute; ma&ntilde;ana en Cerrito para abordar el tema de los caminos rurales y solicitar a [&hellip;]","og_url":"https:\/\/informelitoral.com.ar\/aducen-que-en-caminos-rurales-existe-falta-de-mantenimiento\/","og_site_name":"Informe Litoral","article_publisher":"https:\/\/www.facebook.com\/informelitoral\/","article_published_time":"2015-01-21T11:41:58+00:00","article_modified_time":"2015-01-21T11:44:25+00:00","og_image":[{"width":761,"height":507,"url":"https:\/\/informelitoral.com.ar\/%77%70%2d%63%6f%6e%74%65%6e%74\/uploads\/2015\/01\/camino_rural_x1x.jpg_2069580699.jpg","type":"image\/jpeg"}],"author":"Gonzalo Schmidt","twitter_card":"summary_large_image","twitter_creator":"@InformeLitoral","twitter_site":"@InformeLitoral","twitter_misc":{"Escrito por":"Gonzalo Schmidt","Tiempo de lectura":"5 minutos"},"schema":{"@context":"https:\/\/schema.org","@graph":[{"@type":"Article","@id":"https:\/\/informelitoral.com.ar\/aducen-que-en-caminos-rurales-existe-falta-de-mantenimiento\/#article","isPartOf":{"@id":"https:\/\/informelitoral.com.ar\/aducen-que-en-caminos-rurales-existe-falta-de-mantenimiento\/"},"author":{"name":"Gonzalo Schmidt","@id":"https:\/\/informelitoral.com.ar\/#\/schema\/person\/b9d00407c836482871ef1d57bf8e3180"},"headline":"Aducen que en caminos rurales existe falta de mantenimiento","datePublished":"2015-01-21T11:41:58+00:00","dateModified":"2015-01-21T11:44:25+00:00","mainEntityOfPage":{"@id":"https:\/\/informelitoral.com.ar\/aducen-que-en-caminos-rurales-existe-falta-de-mantenimiento\/"},"wordCount":1010,"commentCount":0,"publisher":{"@id":"https:\/\/informelitoral.com.ar\/#organization"},"image":{"@id":"https:\/\/informelitoral.com.ar\/aducen-que-en-caminos-rurales-existe-falta-de-mantenimiento\/#primaryimage"},"thumbnailUrl":"http:\/\/www.isletasnoticias.com.ar\/%77%70%2d%63%6f%6e%74%65%6e%74\/uploads\/2015\/01\/camino_rural_x1x.jpg_2069580699-300x200.jpg","articleSection":["Campo","Entre R\u00edos"],"inLanguage":"es","potentialAction":[{"@type":"CommentAction","name":"Comment","target":["https:\/\/informelitoral.com.ar\/aducen-que-en-caminos-rurales-existe-falta-de-mantenimiento\/#respond"]}]},{"@type":"WebPage","@id":"https:\/\/informelitoral.com.ar\/aducen-que-en-caminos-rurales-existe-falta-de-mantenimiento\/","url":"https:\/\/informelitoral.com.ar\/aducen-que-en-caminos-rurales-existe-falta-de-mantenimiento\/","name":"Aducen que en caminos rurales existe falta de mantenimiento - Informe Litoral","isPartOf":{"@id":"https:\/\/informelitoral.com.ar\/#website"},"primaryImageOfPage":{"@id":"https:\/\/informelitoral.com.ar\/aducen-que-en-caminos-rurales-existe-falta-de-mantenimiento\/#primaryimage"},"image":{"@id":"https:\/\/informelitoral.com.ar\/aducen-que-en-caminos-rurales-existe-falta-de-mantenimiento\/#primaryimage"},"thumbnailUrl":"http:\/\/www.isletasnoticias.com.ar\/%77%70%2d%63%6f%6e%74%65%6e%74\/uploads\/2015\/01\/camino_rural_x1x.jpg_2069580699-300x200.jpg","datePublished":"2015-01-21T11:41:58+00:00","dateModified":"2015-01-21T11:44:25+00:00","breadcrumb":{"@id":"https:\/\/informelitoral.com.ar\/aducen-que-en-caminos-rurales-existe-falta-de-mantenimiento\/#breadcrumb"},"inLanguage":"es","potentialAction":[{"@type":"ReadAction","target":["https:\/\/informelitoral.com.ar\/aducen-que-en-caminos-rurales-existe-falta-de-mantenimiento\/"]}]},{"@type":"ImageObject","inLanguage":"es","@id":"https:\/\/informelitoral.com.ar\/aducen-que-en-caminos-rurales-existe-falta-de-mantenimiento\/#primaryimage","url":"http:\/\/www.isletasnoticias.com.ar\/%77%70%2d%63%6f%6e%74%65%6e%74\/uploads\/2015\/01\/camino_rural_x1x.jpg_2069580699-300x200.jpg","contentUrl":"http:\/\/www.isletasnoticias.com.ar\/%77%70%2d%63%6f%6e%74%65%6e%74\/uploads\/2015\/01\/camino_rural_x1x.jpg_2069580699-300x200.jpg"},{"@type":"BreadcrumbList","@id":"https:\/\/informelitoral.com.ar\/aducen-que-en-caminos-rurales-existe-falta-de-mantenimiento\/#breadcrumb","itemListElement":[{"@type":"ListItem","position":1,"name":"Portada","item":"https:\/\/informelitoral.com.ar\/"},{"@type":"ListItem","position":2,"name":"Aducen que en caminos rurales existe falta de mantenimiento"}]},{"@type":"WebSite","@id":"https:\/\/informelitoral.com.ar\/#website","url":"https:\/\/informelitoral.com.ar\/","name":"Informe Litoral","description":"&quot;Nos informamos&quot; ","publisher":{"@id":"https:\/\/informelitoral.com.ar\/#organization"},"potentialAction":[{"@type":"SearchAction","target":{"@type":"EntryPoint","urlTemplate":"https:\/\/informelitoral.com.ar\/?s={search_term_string}"},"query-input":{"@type":"PropertyValueSpecification","valueRequired":true,"valueName":"search_term_string"}}],"inLanguage":"es"},{"@type":"Organization","@id":"https:\/\/informelitoral.com.ar\/#organization","name":"Informe Litoral","url":"https:\/\/informelitoral.com.ar\/","logo":{"@type":"ImageObject","inLanguage":"es","@id":"https:\/\/informelitoral.com.ar\/#\/schema\/logo\/image\/","url":"https:\/\/informelitoral.com.ar\/%77%70%2d%63%6f%6e%74%65%6e%74\/uploads\/2021\/01\/circulo.png","contentUrl":"https:\/\/informelitoral.com.ar\/%77%70%2d%63%6f%6e%74%65%6e%74\/uploads\/2021\/01\/circulo.png","width":723,"height":731,"caption":"Informe Litoral"},"image":{"@id":"https:\/\/informelitoral.com.ar\/#\/schema\/logo\/image\/"},"sameAs":["https:\/\/www.facebook.com\/informelitoral\/","https:\/\/x.com\/InformeLitoral","https:\/\/www.instagram.com\/informelitoral\/","https:\/\/www.youtube.com\/channel\/UCua4Qvz8Icb6MYqhoq9xLXw"]},{"@type":"Person","@id":"https:\/\/informelitoral.com.ar\/#\/schema\/person\/b9d00407c836482871ef1d57bf8e3180","name":"Gonzalo Schmidt","image":{"@type":"ImageObject","inLanguage":"es","@id":"https:\/\/secure.gravatar.com\/avatar\/31a1a7b66ff2de83bd0e9fd79d026630d2d99e55e8bfe501287647b4fd9743de?s=96&d=mm&r=g","url":"https:\/\/secure.gravatar.com\/avatar\/31a1a7b66ff2de83bd0e9fd79d026630d2d99e55e8bfe501287647b4fd9743de?s=96&d=mm&r=g","contentUrl":"https:\/\/secure.gravatar.com\/avatar\/31a1a7b66ff2de83bd0e9fd79d026630d2d99e55e8bfe501287647b4fd9743de?s=96&d=mm&r=g","caption":"Gonzalo Schmidt"},"description":"Sitio web de noticias de la provincia de Entre R\u00edos, Argentina. Informaci\u00f3n y entretenimiento. Informe Litoral, nos informamos.","sameAs":["http:\/\/www.isletasnoticias.com.ar"],"url":"https:\/\/informelitoral.com.ar\/author\/gonzalo\/"}]}},"_links":{"self":[{"href":"https:\/\/informelitoral.com.ar\/%77%70%2d%6a%73%6f%6e\/wp\/v2\/posts\/9634","targetHints":{"allow":["GET"]}}],"collection":[{"href":"https:\/\/informelitoral.com.ar\/%77%70%2d%6a%73%6f%6e\/wp\/v2\/posts"}],"about":[{"href":"https:\/\/informelitoral.com.ar\/%77%70%2d%6a%73%6f%6e\/wp\/v2\/types\/post"}],"author":[{"embeddable":true,"href":"https:\/\/informelitoral.com.ar\/%77%70%2d%6a%73%6f%6e\/wp\/v2\/users\/2"}],"replies":[{"embeddable":true,"href":"https:\/\/informelitoral.com.ar\/%77%70%2d%6a%73%6f%6e\/wp\/v2\/comments?post=9634"}],"version-history":[{"count":0,"href":"https:\/\/informelitoral.com.ar\/%77%70%2d%6a%73%6f%6e\/wp\/v2\/posts\/9634\/revisions"}],"wp:attachment":[{"href":"https:\/\/informelitoral.com.ar\/%77%70%2d%6a%73%6f%6e\/wp\/v2\/media?parent=9634"}],"wp:term":[{"taxonomy":"category","embeddable":true,"href":"https:\/\/informelitoral.com.ar\/%77%70%2d%6a%73%6f%6e\/wp\/v2\/categories?post=9634"},{"taxonomy":"post_tag","embeddable":true,"href":"https:\/\/informelitoral.com.ar\/%77%70%2d%6a%73%6f%6e\/wp\/v2\/tags?post=9634"}],"curies":[{"name":"wp","href":"https:\/\/api.w.org\/{rel}","templated":true}]}}