{"id":9631,"date":"2015-01-21T08:27:48","date_gmt":"2015-01-21T11:27:48","guid":{"rendered":"http:\/\/www.isletasnoticias.com.ar\/?p=9631"},"modified":"2015-01-21T08:27:48","modified_gmt":"2015-01-21T11:27:48","slug":"en-caotica-sesion-se-aprobo-el-convenio-con-china-para-los-acueductos","status":"publish","type":"post","link":"https:\/\/informelitoral.com.ar\/en-caotica-sesion-se-aprobo-el-convenio-con-china-para-los-acueductos\/","title":{"rendered":"En ca\u00f3tica sesi\u00f3n, se aprob\u00f3 el convenio con China para los acueductos"},"content":{"rendered":"<p><strong>Representantes de una multisectorial de partidos, gremios y agrupaciones ambientalistas se hicieron notar con c\u00e1nticos, duras cr\u00edticas al oficialismo y denuncias a viva voz interrumpiendo los discursos. El texto se vot\u00f3 con un menguado bloque del FPV.<a href=\"http:\/\/www.isletasnoticias.com.ar\/%77%70%2d%63%6f%6e%74%65%6e%74\/uploads\/2015\/01\/o_1421816116.jpg\"><img loading=\"lazy\" decoding=\"async\" class=\"aligncenter size-medium wp-image-9632\" src=\"http:\/\/www.isletasnoticias.com.ar\/%77%70%2d%63%6f%6e%74%65%6e%74\/uploads\/2015\/01\/o_1421816116-300x175.jpg\" alt=\"o_1421816116\" width=\"300\" height=\"175\" srcset=\"https:\/\/informelitoral.com.ar\/%77%70%2d%63%6f%6e%74%65%6e%74\/uploads\/2015\/01\/o_1421816116-300x175.jpg 300w, https:\/\/informelitoral.com.ar\/%77%70%2d%63%6f%6e%74%65%6e%74\/uploads\/2015\/01\/o_1421816116.jpg 600w\" sizes=\"auto, (max-width: 300px) 100vw, 300px\" \/><\/a><\/strong><\/p>\n<p>Hacia el final de la sesi\u00f3n, oficialismo y oposici\u00f3n ten\u00edan versiones diferentes respecto de c\u00f3mo hab\u00eda sido el resultado de la votaci\u00f3n y si se hab\u00eda procedido a votar o no el proyecto de ocho art\u00edculos no s\u00f3lo en general si no tambi\u00e9n en particular.<\/p>\n<p>Fue luego de una extensa reuni\u00f3n en la C\u00e1mara de Diputados que convirti\u00f3 en ley el pol\u00e9mico proyecto que autoriza al Ejecutivo a un endeudamiento de 430 millones de d\u00f3lares para financiar la obra de dos acueductos en el norte entrerriano. La inversi\u00f3n, destinada a riego, se contrata con una empresa china de manera directa y sin licitaci\u00f3n.<\/p>\n<p><b>Peronismos y oposici\u00f3n<br \/>\n<\/b><br \/>\nEl Frente Para la Victoria (FPV) cont\u00f3 con algunas ausencias: Juan Jos\u00e9 Albornoz; que si bien permanece en el oficialismo ha mostrado disidencias con algunos temas tras su encolumnamiento con la postulaci\u00f3n de Juan Jos\u00e9 Taiana a la Presidencia; Pablo Mendoza, enrolado tras otro adversario de Sergio Urribarri como el bonaerense Daniel Scioli; no estaba el presidente de la C\u00e1mara, Jos\u00e9 Allende; ni tampoco Rub\u00e9n Almar\u00e1 que est\u00e1 de vacaciones. Tuvo adem\u00e1s el FPV otra falta porque la esposa del candidato a gobernador del massismo Adri\u00e1n Fuertes, la diputada Claudia Monjo, hizo saber que votar\u00eda en contra de la iniciativa, aunque la adhesi\u00f3n al proyecto de Antonio Alizegui \u2013pese a que en su discurso hab\u00eda planteado dudas- compens\u00f3 ese voto.<\/p>\n<p>En la sesi\u00f3n, los representantes de una multisectorial de 50 partidos, gremios, colegios profesionales, agrupaciones sociales y ambientalistas se hicieron o\u00edr hasta pr\u00e1cticamente hacer imposible el debate. Hab\u00eda all\u00ed referentes del socialismo \u2013Marcelo Haddad, Juan Alzamendi, Hugo Barzola; radicales como el secretario del Comit\u00e9, Sergio Kneetemann; socialistas de la agrupaci\u00f3n de la diputada Mar\u00eda Emma Bargagna, como Santiago Reggiardo; hab\u00eda dirigentes del Movimiento Socialista de los Trabajadores (MST) como Luis Meiners; estaban Esteban Vittor del PRO; Juan Diego Etchevehere; Guillermo Bernaudo, ex candidato de la Coalici\u00f3n C\u00edvica; el ex agrodiputado, Jorge Chemes; los referentes del PTP, Carlos Retamoza, V\u00edctor Sartori y Juan Echeverr\u00eda; tambi\u00e9n se hicieron presentes el economista, Luis Lafferriere; el presidente del Colegio de Abogados de Paran\u00e1, Rub\u00e9n Pagliotto; el dirigente ambientalista, Daniel Verze\u00f1assi.<\/p>\n<p>La \u201cbarra\u201d &#8211;que reclam\u00f3 en todo momento a la Presidencia ser llamada \u201cel pueblo\u201d- se hizo sent\u00edr a los gritos, con aplausos, informaci\u00f3n lanzada a viva voz acerca del contenido del proyecto y el acuerdo con China, canticos del tipo \u201cse va a acabar \/ esa costumbre de robar\u201d, aplausos para algunos oradores de la oposici\u00f3n y cr\u00edticas encendidas a los miembros informantes del proyecto por parte del oficialismo.<\/p>\n<p>Tanto se hicieron o\u00edr que en un momento, ya al borde de que se cerrara el debate y se impusiera la mayor\u00eda, empezaron a cantar el Himno Nacional obligando a los legisladores, empleados de la C\u00e1mara, trabajadores de prensa presentes en el recinto a ponerse de pie, cantar y luego, si, seguir con la sesi\u00f3n.<\/p>\n<p>En este marco, y con la ausencia de Allende en el recinto, se vio dispersa y desorientada a la bancada oficialista, con cientos de consultas entre s\u00ed, entradas y salidas r\u00e1pidas del recinto, cuchicheos acerca de los argumentos que se escuchaban desde la oposici\u00f3n; y quejas por algunas presencias en la barra: \u201cPongan que entre los que gritan \u2018Vendepatrias\u2019 est\u00e1 Etchevehere\u201d, le pidi\u00f3 la diputada Laura Stratta, en tono ir\u00f3nico, a los medios presentes.<\/p>\n<p><b>Argumentos<\/b><\/p>\n<p>Osvaldo Viano, de Feliciano, fue quien argument\u00f3 por el oficialismo en relaci\u00f3n a la necesidad de \u201chacer justicia\u201d con el norte entrerriano \u201csiempre postergado\u201d. Antes, en una interrumpida exposici\u00f3n, un funcionario de Hidr\u00e1ulica expuso en una pantalla detalles de las obras a encarar y su alcance.<\/p>\n<p>Tambi\u00e9n intent\u00f3 hablar Edgardo Jakimchuk pero casi no se escuch\u00f3 lo que dijo. S\u00f3lo alcanz\u00f3 a hacer una encendida defensa de la gesti\u00f3n de Sergio Urribarri y el jefe del bloque, Juan Jos\u00e9 Navarro, pidi\u00f3 el cierre del debate y el pase a votaci\u00f3n.<\/p>\n<p>Quedaron sin respuestas, de ese modo, las graves denuncias planteadas, principalmente por los socialistas Lisandro Viale y Mar\u00eda Emma Bargagna. B\u00e1sicamente se cuestion\u00f3 una iniciativa que endeudar\u00eda a la provincia con la coparticipaci\u00f3n como garant\u00eda para una obra concedida al \u201cnuevo imperio\u201d de China de modo directo y sin licitaci\u00f3n, con personal chino que tendr\u00eda flexibilizar para llegar al pa\u00eds, con un banco chino, en una relaci\u00f3n asim\u00e9trica que dejar\u00eda toda responsabilidad a cargo de la provincia, cargar\u00eda \u00e9sta con el peso de honorarios y comisiones y se someter\u00eda a la ley de Inglaterra la resoluci\u00f3n de cualquier diferendo. Tambi\u00e9n se cuestion\u00f3 la confidencialidad del contrato, que el gobierno provincial solo lo podr\u00eda develar si el banco chino lo autoriza.<\/p>\n<p>Se advirti\u00f3 \u2013tal como tambi\u00e9n lo hizo con \u00e9nfasis el radical Guillermo Federik- que la iniciativa convertida en ley ser\u00eda violatoria de la Constituci\u00f3n Nacional, la Provincial y varias leyes entrerrianas. <em>(P\u00e1gina Pol\u00edtica)<\/em><\/p>\n","protected":false},"excerpt":{"rendered":"<p>Representantes de una multisectorial de partidos, gremios y agrupaciones ambientalistas se hicieron notar con c&aacute;nticos, duras cr&iacute;ticas al oficialismo y denuncias a viva voz interrumpiendo los discursos. El texto se vot&oacute; con un menguado bloque del FPV. Hacia el final de la sesi&oacute;n, oficialismo y oposici&oacute;n ten&iacute;an versiones diferentes respecto de c&oacute;mo hab&iacute;a sido el [&hellip;]<\/p>\n","protected":false},"author":2,"featured_media":0,"comment_status":"open","ping_status":"open","sticky":false,"template":"","format":"standard","meta":{"fifu_image_url":"","fifu_image_alt":"","footnotes":""},"categories":[6,16],"tags":[],"class_list":{"0":"post-9631","1":"post","2":"type-post","3":"status-publish","4":"format-standard","6":"category-entre-rios","7":"category-politi"},"yoast_head":"<title>En ca\u00f3tica sesi\u00f3n, se aprob\u00f3 el convenio con China para los acueductos - Informe Litoral<\/title>\n<meta name=\"robots\" content=\"index, follow, max-snippet:-1, max-image-preview:large, max-video-preview:-1\" \/>\n<link rel=\"canonical\" href=\"https:\/\/informelitoral.com.ar\/en-caotica-sesion-se-aprobo-el-convenio-con-china-para-los-acueductos\/\" \/>\n<meta property=\"og:locale\" content=\"es_ES\" \/>\n<meta property=\"og:type\" content=\"article\" \/>\n<meta property=\"og:title\" content=\"En ca\u00f3tica sesi\u00f3n, se aprob\u00f3 el convenio con China para los acueductos - Informe Litoral\" \/>\n<meta property=\"og:description\" content=\"Representantes de una multisectorial de partidos, gremios y agrupaciones ambientalistas se hicieron notar con c&aacute;nticos, duras cr&iacute;ticas al oficialismo y denuncias a viva voz interrumpiendo los discursos. El texto se vot&oacute; con un menguado bloque del FPV. Hacia el final de la sesi&oacute;n, oficialismo y oposici&oacute;n ten&iacute;an versiones diferentes respecto de c&oacute;mo hab&iacute;a sido el [&hellip;]\" \/>\n<meta property=\"og:url\" content=\"https:\/\/informelitoral.com.ar\/en-caotica-sesion-se-aprobo-el-convenio-con-china-para-los-acueductos\/\" \/>\n<meta property=\"og:site_name\" content=\"Informe Litoral\" \/>\n<meta property=\"article:publisher\" content=\"https:\/\/www.facebook.com\/informelitoral\/\" \/>\n<meta property=\"article:published_time\" content=\"2015-01-21T11:27:48+00:00\" \/>\n<meta property=\"og:image\" content=\"https:\/\/informelitoral.com.ar\/%77%70%2d%63%6f%6e%74%65%6e%74\/uploads\/2015\/01\/o_1421816116.jpg\" \/>\n\t<meta property=\"og:image:width\" content=\"600\" \/>\n\t<meta property=\"og:image:height\" content=\"350\" \/>\n\t<meta property=\"og:image:type\" content=\"image\/jpeg\" \/>\n<meta name=\"author\" content=\"Gonzalo Schmidt\" \/>\n<meta name=\"twitter:card\" content=\"summary_large_image\" \/>\n<meta name=\"twitter:creator\" content=\"@InformeLitoral\" \/>\n<meta name=\"twitter:site\" content=\"@InformeLitoral\" \/>\n<meta name=\"twitter:label1\" content=\"Escrito por\" \/>\n\t<meta name=\"twitter:data1\" content=\"Gonzalo Schmidt\" \/>\n\t<meta name=\"twitter:label2\" content=\"Tiempo de lectura\" \/>\n\t<meta name=\"twitter:data2\" content=\"5 minutos\" \/>\n<script type=\"application\/ld+json\" class=\"yoast-schema-graph\">{\"@context\":\"https:\\\/\\\/schema.org\",\"@graph\":[{\"@type\":\"Article\",\"@id\":\"https:\\\/\\\/informelitoral.com.ar\\\/en-caotica-sesion-se-aprobo-el-convenio-con-china-para-los-acueductos\\\/#article\",\"isPartOf\":{\"@id\":\"https:\\\/\\\/informelitoral.com.ar\\\/en-caotica-sesion-se-aprobo-el-convenio-con-china-para-los-acueductos\\\/\"},\"author\":{\"name\":\"Gonzalo Schmidt\",\"@id\":\"https:\\\/\\\/informelitoral.com.ar\\\/#\\\/schema\\\/person\\\/b9d00407c836482871ef1d57bf8e3180\"},\"headline\":\"En ca\u00f3tica sesi\u00f3n, se aprob\u00f3 el convenio con China para los acueductos\",\"datePublished\":\"2015-01-21T11:27:48+00:00\",\"mainEntityOfPage\":{\"@id\":\"https:\\\/\\\/informelitoral.com.ar\\\/en-caotica-sesion-se-aprobo-el-convenio-con-china-para-los-acueductos\\\/\"},\"wordCount\":923,\"commentCount\":0,\"publisher\":{\"@id\":\"https:\\\/\\\/informelitoral.com.ar\\\/#organization\"},\"image\":{\"@id\":\"https:\\\/\\\/informelitoral.com.ar\\\/en-caotica-sesion-se-aprobo-el-convenio-con-china-para-los-acueductos\\\/#primaryimage\"},\"thumbnailUrl\":\"http:\\\/\\\/www.isletasnoticias.com.ar\\\/%77%70%2d%63%6f%6e%74%65%6e%74\\\/uploads\\\/2015\\\/01\\\/o_1421816116-300x175.jpg\",\"articleSection\":[\"Entre R\u00edos\",\"Politica\"],\"inLanguage\":\"es\",\"potentialAction\":[{\"@type\":\"CommentAction\",\"name\":\"Comment\",\"target\":[\"https:\\\/\\\/informelitoral.com.ar\\\/en-caotica-sesion-se-aprobo-el-convenio-con-china-para-los-acueductos\\\/#respond\"]}]},{\"@type\":\"WebPage\",\"@id\":\"https:\\\/\\\/informelitoral.com.ar\\\/en-caotica-sesion-se-aprobo-el-convenio-con-china-para-los-acueductos\\\/\",\"url\":\"https:\\\/\\\/informelitoral.com.ar\\\/en-caotica-sesion-se-aprobo-el-convenio-con-china-para-los-acueductos\\\/\",\"name\":\"En ca\u00f3tica sesi\u00f3n, se aprob\u00f3 el convenio con China para los acueductos - Informe Litoral\",\"isPartOf\":{\"@id\":\"https:\\\/\\\/informelitoral.com.ar\\\/#website\"},\"primaryImageOfPage\":{\"@id\":\"https:\\\/\\\/informelitoral.com.ar\\\/en-caotica-sesion-se-aprobo-el-convenio-con-china-para-los-acueductos\\\/#primaryimage\"},\"image\":{\"@id\":\"https:\\\/\\\/informelitoral.com.ar\\\/en-caotica-sesion-se-aprobo-el-convenio-con-china-para-los-acueductos\\\/#primaryimage\"},\"thumbnailUrl\":\"http:\\\/\\\/www.isletasnoticias.com.ar\\\/%77%70%2d%63%6f%6e%74%65%6e%74\\\/uploads\\\/2015\\\/01\\\/o_1421816116-300x175.jpg\",\"datePublished\":\"2015-01-21T11:27:48+00:00\",\"breadcrumb\":{\"@id\":\"https:\\\/\\\/informelitoral.com.ar\\\/en-caotica-sesion-se-aprobo-el-convenio-con-china-para-los-acueductos\\\/#breadcrumb\"},\"inLanguage\":\"es\",\"potentialAction\":[{\"@type\":\"ReadAction\",\"target\":[\"https:\\\/\\\/informelitoral.com.ar\\\/en-caotica-sesion-se-aprobo-el-convenio-con-china-para-los-acueductos\\\/\"]}]},{\"@type\":\"ImageObject\",\"inLanguage\":\"es\",\"@id\":\"https:\\\/\\\/informelitoral.com.ar\\\/en-caotica-sesion-se-aprobo-el-convenio-con-china-para-los-acueductos\\\/#primaryimage\",\"url\":\"http:\\\/\\\/www.isletasnoticias.com.ar\\\/%77%70%2d%63%6f%6e%74%65%6e%74\\\/uploads\\\/2015\\\/01\\\/o_1421816116-300x175.jpg\",\"contentUrl\":\"http:\\\/\\\/www.isletasnoticias.com.ar\\\/%77%70%2d%63%6f%6e%74%65%6e%74\\\/uploads\\\/2015\\\/01\\\/o_1421816116-300x175.jpg\"},{\"@type\":\"BreadcrumbList\",\"@id\":\"https:\\\/\\\/informelitoral.com.ar\\\/en-caotica-sesion-se-aprobo-el-convenio-con-china-para-los-acueductos\\\/#breadcrumb\",\"itemListElement\":[{\"@type\":\"ListItem\",\"position\":1,\"name\":\"Portada\",\"item\":\"https:\\\/\\\/informelitoral.com.ar\\\/\"},{\"@type\":\"ListItem\",\"position\":2,\"name\":\"En ca\u00f3tica sesi\u00f3n, se aprob\u00f3 el convenio con China para los acueductos\"}]},{\"@type\":\"WebSite\",\"@id\":\"https:\\\/\\\/informelitoral.com.ar\\\/#website\",\"url\":\"https:\\\/\\\/informelitoral.com.ar\\\/\",\"name\":\"Informe Litoral\",\"description\":\"&quot;Nos informamos&quot; \",\"publisher\":{\"@id\":\"https:\\\/\\\/informelitoral.com.ar\\\/#organization\"},\"potentialAction\":[{\"@type\":\"SearchAction\",\"target\":{\"@type\":\"EntryPoint\",\"urlTemplate\":\"https:\\\/\\\/informelitoral.com.ar\\\/?s={search_term_string}\"},\"query-input\":{\"@type\":\"PropertyValueSpecification\",\"valueRequired\":true,\"valueName\":\"search_term_string\"}}],\"inLanguage\":\"es\"},{\"@type\":\"Organization\",\"@id\":\"https:\\\/\\\/informelitoral.com.ar\\\/#organization\",\"name\":\"Informe Litoral\",\"url\":\"https:\\\/\\\/informelitoral.com.ar\\\/\",\"logo\":{\"@type\":\"ImageObject\",\"inLanguage\":\"es\",\"@id\":\"https:\\\/\\\/informelitoral.com.ar\\\/#\\\/schema\\\/logo\\\/image\\\/\",\"url\":\"https:\\\/\\\/informelitoral.com.ar\\\/%77%70%2d%63%6f%6e%74%65%6e%74\\\/uploads\\\/2021\\\/01\\\/circulo.png\",\"contentUrl\":\"https:\\\/\\\/informelitoral.com.ar\\\/%77%70%2d%63%6f%6e%74%65%6e%74\\\/uploads\\\/2021\\\/01\\\/circulo.png\",\"width\":723,\"height\":731,\"caption\":\"Informe Litoral\"},\"image\":{\"@id\":\"https:\\\/\\\/informelitoral.com.ar\\\/#\\\/schema\\\/logo\\\/image\\\/\"},\"sameAs\":[\"https:\\\/\\\/www.facebook.com\\\/informelitoral\\\/\",\"https:\\\/\\\/x.com\\\/InformeLitoral\",\"https:\\\/\\\/www.instagram.com\\\/informelitoral\\\/\",\"https:\\\/\\\/www.youtube.com\\\/channel\\\/UCua4Qvz8Icb6MYqhoq9xLXw\"]},{\"@type\":\"Person\",\"@id\":\"https:\\\/\\\/informelitoral.com.ar\\\/#\\\/schema\\\/person\\\/b9d00407c836482871ef1d57bf8e3180\",\"name\":\"Gonzalo Schmidt\",\"image\":{\"@type\":\"ImageObject\",\"inLanguage\":\"es\",\"@id\":\"https:\\\/\\\/secure.gravatar.com\\\/avatar\\\/31a1a7b66ff2de83bd0e9fd79d026630d2d99e55e8bfe501287647b4fd9743de?s=96&d=mm&r=g\",\"url\":\"https:\\\/\\\/secure.gravatar.com\\\/avatar\\\/31a1a7b66ff2de83bd0e9fd79d026630d2d99e55e8bfe501287647b4fd9743de?s=96&d=mm&r=g\",\"contentUrl\":\"https:\\\/\\\/secure.gravatar.com\\\/avatar\\\/31a1a7b66ff2de83bd0e9fd79d026630d2d99e55e8bfe501287647b4fd9743de?s=96&d=mm&r=g\",\"caption\":\"Gonzalo Schmidt\"},\"description\":\"Sitio web de noticias de la provincia de Entre R\u00edos, Argentina. Informaci\u00f3n y entretenimiento. Informe Litoral, nos informamos.\",\"sameAs\":[\"http:\\\/\\\/www.isletasnoticias.com.ar\"],\"url\":\"https:\\\/\\\/informelitoral.com.ar\\\/author\\\/gonzalo\\\/\"}]}<\/script>","yoast_head_json":{"title":"En ca\u00f3tica sesi\u00f3n, se aprob\u00f3 el convenio con China para los acueductos - Informe Litoral","robots":{"index":"index","follow":"follow","max-snippet":"max-snippet:-1","max-image-preview":"max-image-preview:large","max-video-preview":"max-video-preview:-1"},"canonical":"https:\/\/informelitoral.com.ar\/en-caotica-sesion-se-aprobo-el-convenio-con-china-para-los-acueductos\/","og_locale":"es_ES","og_type":"article","og_title":"En ca\u00f3tica sesi\u00f3n, se aprob\u00f3 el convenio con China para los acueductos - Informe Litoral","og_description":"Representantes de una multisectorial de partidos, gremios y agrupaciones ambientalistas se hicieron notar con c&aacute;nticos, duras cr&iacute;ticas al oficialismo y denuncias a viva voz interrumpiendo los discursos. El texto se vot&oacute; con un menguado bloque del FPV. Hacia el final de la sesi&oacute;n, oficialismo y oposici&oacute;n ten&iacute;an versiones diferentes respecto de c&oacute;mo hab&iacute;a sido el [&hellip;]","og_url":"https:\/\/informelitoral.com.ar\/en-caotica-sesion-se-aprobo-el-convenio-con-china-para-los-acueductos\/","og_site_name":"Informe Litoral","article_publisher":"https:\/\/www.facebook.com\/informelitoral\/","article_published_time":"2015-01-21T11:27:48+00:00","og_image":[{"width":600,"height":350,"url":"https:\/\/informelitoral.com.ar\/%77%70%2d%63%6f%6e%74%65%6e%74\/uploads\/2015\/01\/o_1421816116.jpg","type":"image\/jpeg"}],"author":"Gonzalo Schmidt","twitter_card":"summary_large_image","twitter_creator":"@InformeLitoral","twitter_site":"@InformeLitoral","twitter_misc":{"Escrito por":"Gonzalo Schmidt","Tiempo de lectura":"5 minutos"},"schema":{"@context":"https:\/\/schema.org","@graph":[{"@type":"Article","@id":"https:\/\/informelitoral.com.ar\/en-caotica-sesion-se-aprobo-el-convenio-con-china-para-los-acueductos\/#article","isPartOf":{"@id":"https:\/\/informelitoral.com.ar\/en-caotica-sesion-se-aprobo-el-convenio-con-china-para-los-acueductos\/"},"author":{"name":"Gonzalo Schmidt","@id":"https:\/\/informelitoral.com.ar\/#\/schema\/person\/b9d00407c836482871ef1d57bf8e3180"},"headline":"En ca\u00f3tica sesi\u00f3n, se aprob\u00f3 el convenio con China para los acueductos","datePublished":"2015-01-21T11:27:48+00:00","mainEntityOfPage":{"@id":"https:\/\/informelitoral.com.ar\/en-caotica-sesion-se-aprobo-el-convenio-con-china-para-los-acueductos\/"},"wordCount":923,"commentCount":0,"publisher":{"@id":"https:\/\/informelitoral.com.ar\/#organization"},"image":{"@id":"https:\/\/informelitoral.com.ar\/en-caotica-sesion-se-aprobo-el-convenio-con-china-para-los-acueductos\/#primaryimage"},"thumbnailUrl":"http:\/\/www.isletasnoticias.com.ar\/%77%70%2d%63%6f%6e%74%65%6e%74\/uploads\/2015\/01\/o_1421816116-300x175.jpg","articleSection":["Entre R\u00edos","Politica"],"inLanguage":"es","potentialAction":[{"@type":"CommentAction","name":"Comment","target":["https:\/\/informelitoral.com.ar\/en-caotica-sesion-se-aprobo-el-convenio-con-china-para-los-acueductos\/#respond"]}]},{"@type":"WebPage","@id":"https:\/\/informelitoral.com.ar\/en-caotica-sesion-se-aprobo-el-convenio-con-china-para-los-acueductos\/","url":"https:\/\/informelitoral.com.ar\/en-caotica-sesion-se-aprobo-el-convenio-con-china-para-los-acueductos\/","name":"En ca\u00f3tica sesi\u00f3n, se aprob\u00f3 el convenio con China para los acueductos - Informe Litoral","isPartOf":{"@id":"https:\/\/informelitoral.com.ar\/#website"},"primaryImageOfPage":{"@id":"https:\/\/informelitoral.com.ar\/en-caotica-sesion-se-aprobo-el-convenio-con-china-para-los-acueductos\/#primaryimage"},"image":{"@id":"https:\/\/informelitoral.com.ar\/en-caotica-sesion-se-aprobo-el-convenio-con-china-para-los-acueductos\/#primaryimage"},"thumbnailUrl":"http:\/\/www.isletasnoticias.com.ar\/%77%70%2d%63%6f%6e%74%65%6e%74\/uploads\/2015\/01\/o_1421816116-300x175.jpg","datePublished":"2015-01-21T11:27:48+00:00","breadcrumb":{"@id":"https:\/\/informelitoral.com.ar\/en-caotica-sesion-se-aprobo-el-convenio-con-china-para-los-acueductos\/#breadcrumb"},"inLanguage":"es","potentialAction":[{"@type":"ReadAction","target":["https:\/\/informelitoral.com.ar\/en-caotica-sesion-se-aprobo-el-convenio-con-china-para-los-acueductos\/"]}]},{"@type":"ImageObject","inLanguage":"es","@id":"https:\/\/informelitoral.com.ar\/en-caotica-sesion-se-aprobo-el-convenio-con-china-para-los-acueductos\/#primaryimage","url":"http:\/\/www.isletasnoticias.com.ar\/%77%70%2d%63%6f%6e%74%65%6e%74\/uploads\/2015\/01\/o_1421816116-300x175.jpg","contentUrl":"http:\/\/www.isletasnoticias.com.ar\/%77%70%2d%63%6f%6e%74%65%6e%74\/uploads\/2015\/01\/o_1421816116-300x175.jpg"},{"@type":"BreadcrumbList","@id":"https:\/\/informelitoral.com.ar\/en-caotica-sesion-se-aprobo-el-convenio-con-china-para-los-acueductos\/#breadcrumb","itemListElement":[{"@type":"ListItem","position":1,"name":"Portada","item":"https:\/\/informelitoral.com.ar\/"},{"@type":"ListItem","position":2,"name":"En ca\u00f3tica sesi\u00f3n, se aprob\u00f3 el convenio con China para los acueductos"}]},{"@type":"WebSite","@id":"https:\/\/informelitoral.com.ar\/#website","url":"https:\/\/informelitoral.com.ar\/","name":"Informe Litoral","description":"&quot;Nos informamos&quot; ","publisher":{"@id":"https:\/\/informelitoral.com.ar\/#organization"},"potentialAction":[{"@type":"SearchAction","target":{"@type":"EntryPoint","urlTemplate":"https:\/\/informelitoral.com.ar\/?s={search_term_string}"},"query-input":{"@type":"PropertyValueSpecification","valueRequired":true,"valueName":"search_term_string"}}],"inLanguage":"es"},{"@type":"Organization","@id":"https:\/\/informelitoral.com.ar\/#organization","name":"Informe Litoral","url":"https:\/\/informelitoral.com.ar\/","logo":{"@type":"ImageObject","inLanguage":"es","@id":"https:\/\/informelitoral.com.ar\/#\/schema\/logo\/image\/","url":"https:\/\/informelitoral.com.ar\/%77%70%2d%63%6f%6e%74%65%6e%74\/uploads\/2021\/01\/circulo.png","contentUrl":"https:\/\/informelitoral.com.ar\/%77%70%2d%63%6f%6e%74%65%6e%74\/uploads\/2021\/01\/circulo.png","width":723,"height":731,"caption":"Informe Litoral"},"image":{"@id":"https:\/\/informelitoral.com.ar\/#\/schema\/logo\/image\/"},"sameAs":["https:\/\/www.facebook.com\/informelitoral\/","https:\/\/x.com\/InformeLitoral","https:\/\/www.instagram.com\/informelitoral\/","https:\/\/www.youtube.com\/channel\/UCua4Qvz8Icb6MYqhoq9xLXw"]},{"@type":"Person","@id":"https:\/\/informelitoral.com.ar\/#\/schema\/person\/b9d00407c836482871ef1d57bf8e3180","name":"Gonzalo Schmidt","image":{"@type":"ImageObject","inLanguage":"es","@id":"https:\/\/secure.gravatar.com\/avatar\/31a1a7b66ff2de83bd0e9fd79d026630d2d99e55e8bfe501287647b4fd9743de?s=96&d=mm&r=g","url":"https:\/\/secure.gravatar.com\/avatar\/31a1a7b66ff2de83bd0e9fd79d026630d2d99e55e8bfe501287647b4fd9743de?s=96&d=mm&r=g","contentUrl":"https:\/\/secure.gravatar.com\/avatar\/31a1a7b66ff2de83bd0e9fd79d026630d2d99e55e8bfe501287647b4fd9743de?s=96&d=mm&r=g","caption":"Gonzalo Schmidt"},"description":"Sitio web de noticias de la provincia de Entre R\u00edos, Argentina. Informaci\u00f3n y entretenimiento. Informe Litoral, nos informamos.","sameAs":["http:\/\/www.isletasnoticias.com.ar"],"url":"https:\/\/informelitoral.com.ar\/author\/gonzalo\/"}]}},"_links":{"self":[{"href":"https:\/\/informelitoral.com.ar\/%77%70%2d%6a%73%6f%6e\/wp\/v2\/posts\/9631","targetHints":{"allow":["GET"]}}],"collection":[{"href":"https:\/\/informelitoral.com.ar\/%77%70%2d%6a%73%6f%6e\/wp\/v2\/posts"}],"about":[{"href":"https:\/\/informelitoral.com.ar\/%77%70%2d%6a%73%6f%6e\/wp\/v2\/types\/post"}],"author":[{"embeddable":true,"href":"https:\/\/informelitoral.com.ar\/%77%70%2d%6a%73%6f%6e\/wp\/v2\/users\/2"}],"replies":[{"embeddable":true,"href":"https:\/\/informelitoral.com.ar\/%77%70%2d%6a%73%6f%6e\/wp\/v2\/comments?post=9631"}],"version-history":[{"count":0,"href":"https:\/\/informelitoral.com.ar\/%77%70%2d%6a%73%6f%6e\/wp\/v2\/posts\/9631\/revisions"}],"wp:attachment":[{"href":"https:\/\/informelitoral.com.ar\/%77%70%2d%6a%73%6f%6e\/wp\/v2\/media?parent=9631"}],"wp:term":[{"taxonomy":"category","embeddable":true,"href":"https:\/\/informelitoral.com.ar\/%77%70%2d%6a%73%6f%6e\/wp\/v2\/categories?post=9631"},{"taxonomy":"post_tag","embeddable":true,"href":"https:\/\/informelitoral.com.ar\/%77%70%2d%6a%73%6f%6e\/wp\/v2\/tags?post=9631"}],"curies":[{"name":"wp","href":"https:\/\/api.w.org\/{rel}","templated":true}]}}