{"id":9624,"date":"2015-01-20T15:40:16","date_gmt":"2015-01-20T18:40:16","guid":{"rendered":"http:\/\/www.isletasnoticias.com.ar\/?p=9624"},"modified":"2015-01-20T15:43:58","modified_gmt":"2015-01-20T18:43:58","slug":"preocupacion-en-cooperativas-electricas-por-el-congelamiento-de-tarifas","status":"publish","type":"post","link":"https:\/\/informelitoral.com.ar\/preocupacion-en-cooperativas-electricas-por-el-congelamiento-de-tarifas\/","title":{"rendered":"Preocupaci\u00f3n en cooperativas el\u00e9ctricas por el congelamiento de tarifas"},"content":{"rendered":"<p><strong>Luego de conocerse el anuncio del congelamiento de tarifas el\u00e9ctricas en la\u00a0provincia por segundo a\u00f1o consecutivo y teniendo en cuenta \u00abel grave\u00a0impacto\u00bb que esto provocar\u00e1 en las estructuras administrativas, las\u00a0cooperativas el\u00e9ctricas entrerrianas se reunieron de urgencia d\u00edas pasados en Villaguay.\u00a0Tras el encuentro,\u00a0se\u00a0decidi\u00f3\u00a0formalizar\u00a0presentaciones ante funcionarios vinculados al tema para trasladar la\u00a0problem\u00e1tica.<\/strong><\/p>\n<p><strong><a href=\"http:\/\/www.isletasnoticias.com.ar\/%77%70%2d%63%6f%6e%74%65%6e%74\/uploads\/2015\/01\/1421367164.jpg\"><img loading=\"lazy\" decoding=\"async\" class=\"aligncenter size-medium wp-image-9625\" src=\"http:\/\/www.isletasnoticias.com.ar\/%77%70%2d%63%6f%6e%74%65%6e%74\/uploads\/2015\/01\/1421367164-300x201.jpg\" alt=\"1421367164\" width=\"300\" height=\"201\" srcset=\"https:\/\/informelitoral.com.ar\/%77%70%2d%63%6f%6e%74%65%6e%74\/uploads\/2015\/01\/1421367164-300x201.jpg 300w, https:\/\/informelitoral.com.ar\/%77%70%2d%63%6f%6e%74%65%6e%74\/uploads\/2015\/01\/1421367164.jpg 671w\" sizes=\"auto, (max-width: 300px) 100vw, 300px\" \/><\/a><\/strong><\/p>\n<p>El titular de la Federaci\u00f3n de Cooperativas El\u00e9ctricas FACE de Entre R\u00edos, <strong>Rafael\u00a0Zambiazzo<\/strong>, indic\u00f3 que tras el an\u00e1lisis del cuadro de situaci\u00f3n por esta medida se\u00a0teme la \u201cdesaparici\u00f3n\u201d de las cooperativas que no puedan afrontar el d\u00e9ficit que\u00a0esto genera. La reuni\u00f3n celebrada en la ciudad de Villaguay reuni\u00f3 a directivos de\u00a018 cooperativas, quienes trajeron a la mesa de la Federaci\u00f3n provincial la\u00a0preocupaci\u00f3n existente tras conocerse que el gobierno provincial, a trav\u00e9s del\u00a0Ente Provincial Regulador de Energ\u00eda EPRE, inform\u00f3 que no habr\u00e1 actualizaci\u00f3n\u00a0de tarifas para el a\u00f1o 2015, manteni\u00e9ndose el congelamiento iniciado a fines del\u00a02013.<\/p>\n<p>A modo de referencia el dirigente inform\u00f3 que las cooperativas entrerrianas de\u00a0haberse autorizado el aumento otorgado por la audiencia publica del 05 de febrero de 2014,\u00a0hubieran recaudado por dicho incremento $ 84 millones, en cambio por el plan de\u00a0convergencia solo percibieron $ 32.5 millones. Record\u00f3 que en este lapso de\u00a0tiempo se generaron aumentos de combustibles y sueldos, entre otros rubros, que\u00a0son absorbidos por las cooperativas, sin ning\u00fan tipo de subsidio. Situaci\u00f3n que se\u00a0complica en el caso de quienes brindan servicios en zonas rurales, por la\u00a0extensi\u00f3n de las l\u00edneas y los costos operativos para mantener las mismas.<\/p>\n<p>Indic\u00f3 que en el encuentro de Villaguay se vislumbro la preocupaci\u00f3n de los\u00a0dirigentes cooperativos de la provincia. Entre las gestiones se encuentra reiterar\u00a0la solicitud de una reuni\u00f3n con el gobernador Sergio Urribarri, a qui\u00e9n hace meses\u00a0se les ha solicitado audiencia, sin respuesta alguna.<\/p>\n<p><strong>La situaci\u00f3n en Isletas<\/strong><\/p>\n<p>En la localidad de Isletas, departamento Diamante, son dos las Cooperativas prestadoras del servicio el\u00e9ctrico; por un lado, La Agr\u00edcola Regional de Crespo (LAR) y por el otro, Cooperativa Quebracho de Viale, con sucursal en Diamante. Esta \u00faltima, tambi\u00e9n abarca un sector de Costa Grande, Las Cuevas y Doll y tras la \u00faltima tormenta est\u00e1 atravesando una compleja situaci\u00f3n por lo que muchos arreglos por el momento son provisorios.<\/p>\n<p>Seg\u00fan pudimos conocer, en los pr\u00f3ximos d\u00edas se convocar\u00e1 una reuni\u00f3n con representantes de la Cooperativa, vecinos y Junta de Gobierno. <em>(Isletas Noticias)<\/em><\/p>\n","protected":false},"excerpt":{"rendered":"<p>Luego de conocerse el anuncio del congelamiento de tarifas el&eacute;ctricas en la&nbsp;provincia por segundo a&ntilde;o consecutivo y teniendo en cuenta &laquo;el grave&nbsp;impacto&raquo; que esto provocar&aacute; en las estructuras administrativas, las&nbsp;cooperativas el&eacute;ctricas entrerrianas se reunieron de urgencia d&iacute;as pasados en Villaguay.&nbsp;Tras el encuentro,&nbsp;se&nbsp;decidi&oacute;&nbsp;formalizar&nbsp;presentaciones ante funcionarios vinculados al tema para trasladar la&nbsp;problem&aacute;tica. El titular de la Federaci&oacute;n [&hellip;]<\/p>\n","protected":false},"author":2,"featured_media":0,"comment_status":"open","ping_status":"open","sticky":false,"template":"","format":"standard","meta":{"fifu_image_url":"","fifu_image_alt":"","footnotes":""},"categories":[6,4],"tags":[],"class_list":{"0":"post-9624","1":"post","2":"type-post","3":"status-publish","4":"format-standard","6":"category-entre-rios","7":"category-locales"},"yoast_head":"<title>Preocupaci\u00f3n en cooperativas el\u00e9ctricas por el congelamiento de tarifas - Informe Litoral<\/title>\n<meta name=\"robots\" content=\"index, follow, max-snippet:-1, max-image-preview:large, max-video-preview:-1\" \/>\n<link rel=\"canonical\" href=\"https:\/\/informelitoral.com.ar\/preocupacion-en-cooperativas-electricas-por-el-congelamiento-de-tarifas\/\" \/>\n<meta property=\"og:locale\" content=\"es_ES\" \/>\n<meta property=\"og:type\" content=\"article\" \/>\n<meta property=\"og:title\" content=\"Preocupaci\u00f3n en cooperativas el\u00e9ctricas por el congelamiento de tarifas - Informe Litoral\" \/>\n<meta property=\"og:description\" content=\"Luego de conocerse el anuncio del congelamiento de tarifas el&eacute;ctricas en la&nbsp;provincia por segundo a&ntilde;o consecutivo y teniendo en cuenta &laquo;el grave&nbsp;impacto&raquo; que esto provocar&aacute; en las estructuras administrativas, las&nbsp;cooperativas el&eacute;ctricas entrerrianas se reunieron de urgencia d&iacute;as pasados en Villaguay.&nbsp;Tras el encuentro,&nbsp;se&nbsp;decidi&oacute;&nbsp;formalizar&nbsp;presentaciones ante funcionarios vinculados al tema para trasladar la&nbsp;problem&aacute;tica. El titular de la Federaci&oacute;n [&hellip;]\" \/>\n<meta property=\"og:url\" content=\"https:\/\/informelitoral.com.ar\/preocupacion-en-cooperativas-electricas-por-el-congelamiento-de-tarifas\/\" \/>\n<meta property=\"og:site_name\" content=\"Informe Litoral\" \/>\n<meta property=\"article:publisher\" content=\"https:\/\/www.facebook.com\/informelitoral\/\" \/>\n<meta property=\"article:published_time\" content=\"2015-01-20T18:40:16+00:00\" \/>\n<meta property=\"article:modified_time\" content=\"2015-01-20T18:43:58+00:00\" \/>\n<meta property=\"og:image\" content=\"https:\/\/informelitoral.com.ar\/%77%70%2d%63%6f%6e%74%65%6e%74\/uploads\/2015\/01\/1421367164.jpg\" \/>\n\t<meta property=\"og:image:width\" content=\"671\" \/>\n\t<meta property=\"og:image:height\" content=\"450\" \/>\n\t<meta property=\"og:image:type\" content=\"image\/jpeg\" \/>\n<meta name=\"author\" content=\"Gonzalo Schmidt\" \/>\n<meta name=\"twitter:card\" content=\"summary_large_image\" \/>\n<meta name=\"twitter:creator\" content=\"@InformeLitoral\" \/>\n<meta name=\"twitter:site\" content=\"@InformeLitoral\" \/>\n<meta name=\"twitter:label1\" content=\"Escrito por\" \/>\n\t<meta name=\"twitter:data1\" content=\"Gonzalo Schmidt\" \/>\n\t<meta name=\"twitter:label2\" content=\"Tiempo de lectura\" \/>\n\t<meta name=\"twitter:data2\" content=\"2 minutos\" \/>\n<script type=\"application\/ld+json\" class=\"yoast-schema-graph\">{\"@context\":\"https:\\\/\\\/schema.org\",\"@graph\":[{\"@type\":\"Article\",\"@id\":\"https:\\\/\\\/informelitoral.com.ar\\\/preocupacion-en-cooperativas-electricas-por-el-congelamiento-de-tarifas\\\/#article\",\"isPartOf\":{\"@id\":\"https:\\\/\\\/informelitoral.com.ar\\\/preocupacion-en-cooperativas-electricas-por-el-congelamiento-de-tarifas\\\/\"},\"author\":{\"name\":\"Gonzalo Schmidt\",\"@id\":\"https:\\\/\\\/informelitoral.com.ar\\\/#\\\/schema\\\/person\\\/b9d00407c836482871ef1d57bf8e3180\"},\"headline\":\"Preocupaci\u00f3n en cooperativas el\u00e9ctricas por el congelamiento de tarifas\",\"datePublished\":\"2015-01-20T18:40:16+00:00\",\"dateModified\":\"2015-01-20T18:43:58+00:00\",\"mainEntityOfPage\":{\"@id\":\"https:\\\/\\\/informelitoral.com.ar\\\/preocupacion-en-cooperativas-electricas-por-el-congelamiento-de-tarifas\\\/\"},\"wordCount\":444,\"commentCount\":0,\"publisher\":{\"@id\":\"https:\\\/\\\/informelitoral.com.ar\\\/#organization\"},\"image\":{\"@id\":\"https:\\\/\\\/informelitoral.com.ar\\\/preocupacion-en-cooperativas-electricas-por-el-congelamiento-de-tarifas\\\/#primaryimage\"},\"thumbnailUrl\":\"http:\\\/\\\/www.isletasnoticias.com.ar\\\/%77%70%2d%63%6f%6e%74%65%6e%74\\\/uploads\\\/2015\\\/01\\\/1421367164-300x201.jpg\",\"articleSection\":[\"Entre R\u00edos\",\"Isletas\"],\"inLanguage\":\"es\",\"potentialAction\":[{\"@type\":\"CommentAction\",\"name\":\"Comment\",\"target\":[\"https:\\\/\\\/informelitoral.com.ar\\\/preocupacion-en-cooperativas-electricas-por-el-congelamiento-de-tarifas\\\/#respond\"]}]},{\"@type\":\"WebPage\",\"@id\":\"https:\\\/\\\/informelitoral.com.ar\\\/preocupacion-en-cooperativas-electricas-por-el-congelamiento-de-tarifas\\\/\",\"url\":\"https:\\\/\\\/informelitoral.com.ar\\\/preocupacion-en-cooperativas-electricas-por-el-congelamiento-de-tarifas\\\/\",\"name\":\"Preocupaci\u00f3n en cooperativas el\u00e9ctricas por el congelamiento de tarifas - Informe Litoral\",\"isPartOf\":{\"@id\":\"https:\\\/\\\/informelitoral.com.ar\\\/#website\"},\"primaryImageOfPage\":{\"@id\":\"https:\\\/\\\/informelitoral.com.ar\\\/preocupacion-en-cooperativas-electricas-por-el-congelamiento-de-tarifas\\\/#primaryimage\"},\"image\":{\"@id\":\"https:\\\/\\\/informelitoral.com.ar\\\/preocupacion-en-cooperativas-electricas-por-el-congelamiento-de-tarifas\\\/#primaryimage\"},\"thumbnailUrl\":\"http:\\\/\\\/www.isletasnoticias.com.ar\\\/%77%70%2d%63%6f%6e%74%65%6e%74\\\/uploads\\\/2015\\\/01\\\/1421367164-300x201.jpg\",\"datePublished\":\"2015-01-20T18:40:16+00:00\",\"dateModified\":\"2015-01-20T18:43:58+00:00\",\"breadcrumb\":{\"@id\":\"https:\\\/\\\/informelitoral.com.ar\\\/preocupacion-en-cooperativas-electricas-por-el-congelamiento-de-tarifas\\\/#breadcrumb\"},\"inLanguage\":\"es\",\"potentialAction\":[{\"@type\":\"ReadAction\",\"target\":[\"https:\\\/\\\/informelitoral.com.ar\\\/preocupacion-en-cooperativas-electricas-por-el-congelamiento-de-tarifas\\\/\"]}]},{\"@type\":\"ImageObject\",\"inLanguage\":\"es\",\"@id\":\"https:\\\/\\\/informelitoral.com.ar\\\/preocupacion-en-cooperativas-electricas-por-el-congelamiento-de-tarifas\\\/#primaryimage\",\"url\":\"http:\\\/\\\/www.isletasnoticias.com.ar\\\/%77%70%2d%63%6f%6e%74%65%6e%74\\\/uploads\\\/2015\\\/01\\\/1421367164-300x201.jpg\",\"contentUrl\":\"http:\\\/\\\/www.isletasnoticias.com.ar\\\/%77%70%2d%63%6f%6e%74%65%6e%74\\\/uploads\\\/2015\\\/01\\\/1421367164-300x201.jpg\"},{\"@type\":\"BreadcrumbList\",\"@id\":\"https:\\\/\\\/informelitoral.com.ar\\\/preocupacion-en-cooperativas-electricas-por-el-congelamiento-de-tarifas\\\/#breadcrumb\",\"itemListElement\":[{\"@type\":\"ListItem\",\"position\":1,\"name\":\"Portada\",\"item\":\"https:\\\/\\\/informelitoral.com.ar\\\/\"},{\"@type\":\"ListItem\",\"position\":2,\"name\":\"Preocupaci\u00f3n en cooperativas el\u00e9ctricas por el congelamiento de tarifas\"}]},{\"@type\":\"WebSite\",\"@id\":\"https:\\\/\\\/informelitoral.com.ar\\\/#website\",\"url\":\"https:\\\/\\\/informelitoral.com.ar\\\/\",\"name\":\"Informe Litoral\",\"description\":\"&quot;Nos informamos&quot; \",\"publisher\":{\"@id\":\"https:\\\/\\\/informelitoral.com.ar\\\/#organization\"},\"potentialAction\":[{\"@type\":\"SearchAction\",\"target\":{\"@type\":\"EntryPoint\",\"urlTemplate\":\"https:\\\/\\\/informelitoral.com.ar\\\/?s={search_term_string}\"},\"query-input\":{\"@type\":\"PropertyValueSpecification\",\"valueRequired\":true,\"valueName\":\"search_term_string\"}}],\"inLanguage\":\"es\"},{\"@type\":\"Organization\",\"@id\":\"https:\\\/\\\/informelitoral.com.ar\\\/#organization\",\"name\":\"Informe Litoral\",\"url\":\"https:\\\/\\\/informelitoral.com.ar\\\/\",\"logo\":{\"@type\":\"ImageObject\",\"inLanguage\":\"es\",\"@id\":\"https:\\\/\\\/informelitoral.com.ar\\\/#\\\/schema\\\/logo\\\/image\\\/\",\"url\":\"https:\\\/\\\/informelitoral.com.ar\\\/%77%70%2d%63%6f%6e%74%65%6e%74\\\/uploads\\\/2021\\\/01\\\/circulo.png\",\"contentUrl\":\"https:\\\/\\\/informelitoral.com.ar\\\/%77%70%2d%63%6f%6e%74%65%6e%74\\\/uploads\\\/2021\\\/01\\\/circulo.png\",\"width\":723,\"height\":731,\"caption\":\"Informe Litoral\"},\"image\":{\"@id\":\"https:\\\/\\\/informelitoral.com.ar\\\/#\\\/schema\\\/logo\\\/image\\\/\"},\"sameAs\":[\"https:\\\/\\\/www.facebook.com\\\/informelitoral\\\/\",\"https:\\\/\\\/x.com\\\/InformeLitoral\",\"https:\\\/\\\/www.instagram.com\\\/informelitoral\\\/\",\"https:\\\/\\\/www.youtube.com\\\/channel\\\/UCua4Qvz8Icb6MYqhoq9xLXw\"]},{\"@type\":\"Person\",\"@id\":\"https:\\\/\\\/informelitoral.com.ar\\\/#\\\/schema\\\/person\\\/b9d00407c836482871ef1d57bf8e3180\",\"name\":\"Gonzalo Schmidt\",\"image\":{\"@type\":\"ImageObject\",\"inLanguage\":\"es\",\"@id\":\"https:\\\/\\\/secure.gravatar.com\\\/avatar\\\/31a1a7b66ff2de83bd0e9fd79d026630d2d99e55e8bfe501287647b4fd9743de?s=96&d=mm&r=g\",\"url\":\"https:\\\/\\\/secure.gravatar.com\\\/avatar\\\/31a1a7b66ff2de83bd0e9fd79d026630d2d99e55e8bfe501287647b4fd9743de?s=96&d=mm&r=g\",\"contentUrl\":\"https:\\\/\\\/secure.gravatar.com\\\/avatar\\\/31a1a7b66ff2de83bd0e9fd79d026630d2d99e55e8bfe501287647b4fd9743de?s=96&d=mm&r=g\",\"caption\":\"Gonzalo Schmidt\"},\"description\":\"Sitio web de noticias de la provincia de Entre R\u00edos, Argentina. Informaci\u00f3n y entretenimiento. Informe Litoral, nos informamos.\",\"sameAs\":[\"http:\\\/\\\/www.isletasnoticias.com.ar\"],\"url\":\"https:\\\/\\\/informelitoral.com.ar\\\/author\\\/gonzalo\\\/\"}]}<\/script>","yoast_head_json":{"title":"Preocupaci\u00f3n en cooperativas el\u00e9ctricas por el congelamiento de tarifas - Informe Litoral","robots":{"index":"index","follow":"follow","max-snippet":"max-snippet:-1","max-image-preview":"max-image-preview:large","max-video-preview":"max-video-preview:-1"},"canonical":"https:\/\/informelitoral.com.ar\/preocupacion-en-cooperativas-electricas-por-el-congelamiento-de-tarifas\/","og_locale":"es_ES","og_type":"article","og_title":"Preocupaci\u00f3n en cooperativas el\u00e9ctricas por el congelamiento de tarifas - Informe Litoral","og_description":"Luego de conocerse el anuncio del congelamiento de tarifas el&eacute;ctricas en la&nbsp;provincia por segundo a&ntilde;o consecutivo y teniendo en cuenta &laquo;el grave&nbsp;impacto&raquo; que esto provocar&aacute; en las estructuras administrativas, las&nbsp;cooperativas el&eacute;ctricas entrerrianas se reunieron de urgencia d&iacute;as pasados en Villaguay.&nbsp;Tras el encuentro,&nbsp;se&nbsp;decidi&oacute;&nbsp;formalizar&nbsp;presentaciones ante funcionarios vinculados al tema para trasladar la&nbsp;problem&aacute;tica. El titular de la Federaci&oacute;n [&hellip;]","og_url":"https:\/\/informelitoral.com.ar\/preocupacion-en-cooperativas-electricas-por-el-congelamiento-de-tarifas\/","og_site_name":"Informe Litoral","article_publisher":"https:\/\/www.facebook.com\/informelitoral\/","article_published_time":"2015-01-20T18:40:16+00:00","article_modified_time":"2015-01-20T18:43:58+00:00","og_image":[{"width":671,"height":450,"url":"https:\/\/informelitoral.com.ar\/%77%70%2d%63%6f%6e%74%65%6e%74\/uploads\/2015\/01\/1421367164.jpg","type":"image\/jpeg"}],"author":"Gonzalo Schmidt","twitter_card":"summary_large_image","twitter_creator":"@InformeLitoral","twitter_site":"@InformeLitoral","twitter_misc":{"Escrito por":"Gonzalo Schmidt","Tiempo de lectura":"2 minutos"},"schema":{"@context":"https:\/\/schema.org","@graph":[{"@type":"Article","@id":"https:\/\/informelitoral.com.ar\/preocupacion-en-cooperativas-electricas-por-el-congelamiento-de-tarifas\/#article","isPartOf":{"@id":"https:\/\/informelitoral.com.ar\/preocupacion-en-cooperativas-electricas-por-el-congelamiento-de-tarifas\/"},"author":{"name":"Gonzalo Schmidt","@id":"https:\/\/informelitoral.com.ar\/#\/schema\/person\/b9d00407c836482871ef1d57bf8e3180"},"headline":"Preocupaci\u00f3n en cooperativas el\u00e9ctricas por el congelamiento de tarifas","datePublished":"2015-01-20T18:40:16+00:00","dateModified":"2015-01-20T18:43:58+00:00","mainEntityOfPage":{"@id":"https:\/\/informelitoral.com.ar\/preocupacion-en-cooperativas-electricas-por-el-congelamiento-de-tarifas\/"},"wordCount":444,"commentCount":0,"publisher":{"@id":"https:\/\/informelitoral.com.ar\/#organization"},"image":{"@id":"https:\/\/informelitoral.com.ar\/preocupacion-en-cooperativas-electricas-por-el-congelamiento-de-tarifas\/#primaryimage"},"thumbnailUrl":"http:\/\/www.isletasnoticias.com.ar\/%77%70%2d%63%6f%6e%74%65%6e%74\/uploads\/2015\/01\/1421367164-300x201.jpg","articleSection":["Entre R\u00edos","Isletas"],"inLanguage":"es","potentialAction":[{"@type":"CommentAction","name":"Comment","target":["https:\/\/informelitoral.com.ar\/preocupacion-en-cooperativas-electricas-por-el-congelamiento-de-tarifas\/#respond"]}]},{"@type":"WebPage","@id":"https:\/\/informelitoral.com.ar\/preocupacion-en-cooperativas-electricas-por-el-congelamiento-de-tarifas\/","url":"https:\/\/informelitoral.com.ar\/preocupacion-en-cooperativas-electricas-por-el-congelamiento-de-tarifas\/","name":"Preocupaci\u00f3n en cooperativas el\u00e9ctricas por el congelamiento de tarifas - Informe Litoral","isPartOf":{"@id":"https:\/\/informelitoral.com.ar\/#website"},"primaryImageOfPage":{"@id":"https:\/\/informelitoral.com.ar\/preocupacion-en-cooperativas-electricas-por-el-congelamiento-de-tarifas\/#primaryimage"},"image":{"@id":"https:\/\/informelitoral.com.ar\/preocupacion-en-cooperativas-electricas-por-el-congelamiento-de-tarifas\/#primaryimage"},"thumbnailUrl":"http:\/\/www.isletasnoticias.com.ar\/%77%70%2d%63%6f%6e%74%65%6e%74\/uploads\/2015\/01\/1421367164-300x201.jpg","datePublished":"2015-01-20T18:40:16+00:00","dateModified":"2015-01-20T18:43:58+00:00","breadcrumb":{"@id":"https:\/\/informelitoral.com.ar\/preocupacion-en-cooperativas-electricas-por-el-congelamiento-de-tarifas\/#breadcrumb"},"inLanguage":"es","potentialAction":[{"@type":"ReadAction","target":["https:\/\/informelitoral.com.ar\/preocupacion-en-cooperativas-electricas-por-el-congelamiento-de-tarifas\/"]}]},{"@type":"ImageObject","inLanguage":"es","@id":"https:\/\/informelitoral.com.ar\/preocupacion-en-cooperativas-electricas-por-el-congelamiento-de-tarifas\/#primaryimage","url":"http:\/\/www.isletasnoticias.com.ar\/%77%70%2d%63%6f%6e%74%65%6e%74\/uploads\/2015\/01\/1421367164-300x201.jpg","contentUrl":"http:\/\/www.isletasnoticias.com.ar\/%77%70%2d%63%6f%6e%74%65%6e%74\/uploads\/2015\/01\/1421367164-300x201.jpg"},{"@type":"BreadcrumbList","@id":"https:\/\/informelitoral.com.ar\/preocupacion-en-cooperativas-electricas-por-el-congelamiento-de-tarifas\/#breadcrumb","itemListElement":[{"@type":"ListItem","position":1,"name":"Portada","item":"https:\/\/informelitoral.com.ar\/"},{"@type":"ListItem","position":2,"name":"Preocupaci\u00f3n en cooperativas el\u00e9ctricas por el congelamiento de tarifas"}]},{"@type":"WebSite","@id":"https:\/\/informelitoral.com.ar\/#website","url":"https:\/\/informelitoral.com.ar\/","name":"Informe Litoral","description":"&quot;Nos informamos&quot; ","publisher":{"@id":"https:\/\/informelitoral.com.ar\/#organization"},"potentialAction":[{"@type":"SearchAction","target":{"@type":"EntryPoint","urlTemplate":"https:\/\/informelitoral.com.ar\/?s={search_term_string}"},"query-input":{"@type":"PropertyValueSpecification","valueRequired":true,"valueName":"search_term_string"}}],"inLanguage":"es"},{"@type":"Organization","@id":"https:\/\/informelitoral.com.ar\/#organization","name":"Informe Litoral","url":"https:\/\/informelitoral.com.ar\/","logo":{"@type":"ImageObject","inLanguage":"es","@id":"https:\/\/informelitoral.com.ar\/#\/schema\/logo\/image\/","url":"https:\/\/informelitoral.com.ar\/%77%70%2d%63%6f%6e%74%65%6e%74\/uploads\/2021\/01\/circulo.png","contentUrl":"https:\/\/informelitoral.com.ar\/%77%70%2d%63%6f%6e%74%65%6e%74\/uploads\/2021\/01\/circulo.png","width":723,"height":731,"caption":"Informe Litoral"},"image":{"@id":"https:\/\/informelitoral.com.ar\/#\/schema\/logo\/image\/"},"sameAs":["https:\/\/www.facebook.com\/informelitoral\/","https:\/\/x.com\/InformeLitoral","https:\/\/www.instagram.com\/informelitoral\/","https:\/\/www.youtube.com\/channel\/UCua4Qvz8Icb6MYqhoq9xLXw"]},{"@type":"Person","@id":"https:\/\/informelitoral.com.ar\/#\/schema\/person\/b9d00407c836482871ef1d57bf8e3180","name":"Gonzalo Schmidt","image":{"@type":"ImageObject","inLanguage":"es","@id":"https:\/\/secure.gravatar.com\/avatar\/31a1a7b66ff2de83bd0e9fd79d026630d2d99e55e8bfe501287647b4fd9743de?s=96&d=mm&r=g","url":"https:\/\/secure.gravatar.com\/avatar\/31a1a7b66ff2de83bd0e9fd79d026630d2d99e55e8bfe501287647b4fd9743de?s=96&d=mm&r=g","contentUrl":"https:\/\/secure.gravatar.com\/avatar\/31a1a7b66ff2de83bd0e9fd79d026630d2d99e55e8bfe501287647b4fd9743de?s=96&d=mm&r=g","caption":"Gonzalo Schmidt"},"description":"Sitio web de noticias de la provincia de Entre R\u00edos, Argentina. Informaci\u00f3n y entretenimiento. Informe Litoral, nos informamos.","sameAs":["http:\/\/www.isletasnoticias.com.ar"],"url":"https:\/\/informelitoral.com.ar\/author\/gonzalo\/"}]}},"_links":{"self":[{"href":"https:\/\/informelitoral.com.ar\/%77%70%2d%6a%73%6f%6e\/wp\/v2\/posts\/9624","targetHints":{"allow":["GET"]}}],"collection":[{"href":"https:\/\/informelitoral.com.ar\/%77%70%2d%6a%73%6f%6e\/wp\/v2\/posts"}],"about":[{"href":"https:\/\/informelitoral.com.ar\/%77%70%2d%6a%73%6f%6e\/wp\/v2\/types\/post"}],"author":[{"embeddable":true,"href":"https:\/\/informelitoral.com.ar\/%77%70%2d%6a%73%6f%6e\/wp\/v2\/users\/2"}],"replies":[{"embeddable":true,"href":"https:\/\/informelitoral.com.ar\/%77%70%2d%6a%73%6f%6e\/wp\/v2\/comments?post=9624"}],"version-history":[{"count":0,"href":"https:\/\/informelitoral.com.ar\/%77%70%2d%6a%73%6f%6e\/wp\/v2\/posts\/9624\/revisions"}],"wp:attachment":[{"href":"https:\/\/informelitoral.com.ar\/%77%70%2d%6a%73%6f%6e\/wp\/v2\/media?parent=9624"}],"wp:term":[{"taxonomy":"category","embeddable":true,"href":"https:\/\/informelitoral.com.ar\/%77%70%2d%6a%73%6f%6e\/wp\/v2\/categories?post=9624"},{"taxonomy":"post_tag","embeddable":true,"href":"https:\/\/informelitoral.com.ar\/%77%70%2d%6a%73%6f%6e\/wp\/v2\/tags?post=9624"}],"curies":[{"name":"wp","href":"https:\/\/api.w.org\/{rel}","templated":true}]}}