{"id":9620,"date":"2015-01-20T15:11:34","date_gmt":"2015-01-20T18:11:34","guid":{"rendered":"http:\/\/www.isletasnoticias.com.ar\/?p=9620"},"modified":"2015-01-20T15:15:40","modified_gmt":"2015-01-20T18:15:40","slug":"caso-nisman-desde-el-comite-departamental-de-la-ucr-pidieron-compromiso-para-conocer-la-verdad-y-hacer-justicia","status":"publish","type":"post","link":"https:\/\/informelitoral.com.ar\/caso-nisman-desde-el-comite-departamental-de-la-ucr-pidieron-compromiso-para-conocer-la-verdad-y-hacer-justicia\/","title":{"rendered":"Caso Nisman: desde el Comit\u00e9 Departamental de la UCR pidieron compromiso para \u00abconocer la verdad y hacer justicia\u00bb"},"content":{"rendered":"<p class=\"ecxMsoNormal\"><strong>El Comit\u00e9 Departamental de la Uni\u00f3n C\u00edvica Radical, envi\u00f3 un comunicado a la redacci\u00f3n de <em>IN,<\/em> en el cual, entre otras cosas, sostienen que \u00abdepender\u00e1 del compromiso de los ciudadanos y de la puesta a disposici\u00f3n de todas sus fuerzas, para enderezar el camino marcado del suicidio y conocer la <b>verdad y hacer Justicia\u00bb.<a href=\"http:\/\/www.isletasnoticias.com.ar\/%77%70%2d%63%6f%6e%74%65%6e%74\/uploads\/2015\/01\/1395249_177309839127909_1175840819_n.jpg\"><img loading=\"lazy\" decoding=\"async\" class=\"aligncenter size-full wp-image-9621\" src=\"http:\/\/www.isletasnoticias.com.ar\/%77%70%2d%63%6f%6e%74%65%6e%74\/uploads\/2015\/01\/1395249_177309839127909_1175840819_n.jpg\" alt=\"1395249_177309839127909_1175840819_n\" width=\"234\" height=\"180\" \/><\/a><\/b><\/strong><\/p>\n<p class=\"ecxMsoNormal\"><strong>El comunicado completo del Comit\u00e9 de la UCR Diamante<\/strong><\/p>\n<p class=\"ecxMsoNormal\"><em>\u00abLa sociedad argentina ha perdido en estas horas un Fiscal Federal, su muerte genera miles de preguntas sin respuestas aunque si tambi\u00e9n, miles de conjeturas. \u00a0Uno de los aspectos que debemos preguntarnos sin dudas, es el marco en el que se produce esta muerte.<\/em><\/p>\n<p class=\"ecxMsoNormal\"><em>Como ciudadanos debemos mantenernos en estado de alerta porque sin dudas resulta un ataque a la INSTITUCIONALIDAD; con instituciones adormecidas, sin poder ejercitar efectivamente el principio de Divisi\u00f3n de Poderes, se hiere a la Rep\u00fablica, a la democracia, se pierde el rumbo y llega al des\u00e1nimo de la sociedad. Si hoy nos preguntamos si se esclarecer\u00e1 \u00a0judicialmente \u00a0el caso del fallecimiento del Fiscal Federal \u00a0Nisman, la inmensa mayor\u00eda dir\u00e1 que No, por cuanto mira lo que ha pasado y lo que est\u00e1 pasando a su alrededor. Depender\u00e1 del compromiso de los ciudadanos y de la puesta a disposici\u00f3n de todas sus fuerzas, para enderezar el camino marcado del suicidio y conocer la <b>verdad y hacer Justicia<\/b>.-<\/em><\/p>\n<p class=\"ecxMsoNormal\"><em>Ante hechos de tanta \u00a0importancia, quienes representamos al Radicalismo del Departamento Diamante, tenemos el DEBER de expresarnos y en ese sentido acompa\u00f1ar en el dolor a la familia Nisman, acompa\u00f1ar en el padecimiento a la Sociedad Argentina\u00a0 porque se ha perdido una persona\u00a0 quien instituido por la Autoridad P\u00fablica, estaba a cargo de la investigaci\u00f3n del Atentado a la AMIA, donde fallecieron 85 personas en el a\u00f1o 1994.-<\/em><\/p>\n<p class=\"ecxMsoNormal\"><em>En ese marco el Fiscal Federal Nisman ha encontrado suficientes elementos y de tanta importancia, que acusa a la m\u00e1s alta esfera del Poder, haciendo llegar el agua a los pies principalmente del Canciller Timerman \u00a0y la Presidenta de la Rep\u00fablica, junto a otros elementos\u00a0 como De Elia, Esteche &#8211; m\u00e1xima autoridad del Movimiento\u00a0Quebracho &#8211; y un m\u00ednimo de 6 integrantes de la ex SIDE. \u00a0\u00a0<\/em><\/p>\n<p class=\"ecxMsoNormal\"><em>\u00a0Que es tal la gravedad de la denuncia, que la acusaci\u00f3n llega hasta Traici\u00f3n a la Patria, tras el acuerdo con Ir\u00e1n.\u00a0\u00a0Tama\u00f1a denuncia pone en situaci\u00f3n de alerta a las instituciones \u00a0hasta que la muerte del Fiscal Federal, termina en un embate \u00a0a la INSTITUCIONALIDAD.-<\/em><\/p>\n<p class=\"ecxMsoNormal\"><em>Algo debi\u00f3 suceder para que el Fiscal \u00a0Nisman interrumpa sus vacaciones \u00a0\u2013hubiera sido mas c\u00f3modo continuar con su licencia-, presente la denuncia, lo haga p\u00fablico por medios de comunicaci\u00f3n, se comprometa a dar explicaciones ante el Congreso Nacional y horas siguientes a estos hechos, termina su vida en su departamento,\u00a0por un disparo de arma de fuego, que nadie escuch\u00f3.-<\/em><\/p>\n<p class=\"ecxMsoNormal\"><em>Lo inentendible es que la primera persona que aparece en la escena de los hechos sea el Secretario de Seguridad \u00a0Berni y la Polic\u00eda Federal parte del gobierno al cual el Fiscal Nisman hab\u00eda denunciado.-<\/em><\/p>\n<p class=\"ecxMsoNormal\"><em>Lo cierto es que el Fiscal hac\u00eda m\u00e1s de 10 a\u00f1os que estaba a cargo de la Fiscal\u00eda Especial\u00a0 del caso AMIA y fueron los \u00faltimos sucesos \u00a0de la causa &#8211; denuncia contra la Presidenta y Ministro Timerman junto a otros, los que motivaron el fatal desenlace.-<\/em><\/p>\n<p class=\"ecxMsoNormal\"><em>En sinton\u00eda con lo dicho, conocida la triste noticia, los Diputados Oficialistas reconocieron la existencia de\u201d Reductos Mafiosos en el Gobierno Nacional\u201d ; cuando son ellos los que dirigen el gobierno.- \u00a0<\/em><\/p>\n<p class=\"ecxMsoNormal\"><em>La figura de un Fiscal Federal est\u00e1 en cada argentino, representa un poder p\u00fablico para hacer cumplir la ley en protecci\u00f3n de toda la sociedad, \u00a0nos llena de tormento a los argentinos\u00a0 y verg\u00fcenza en el mundo,\u00a0 sin dudas continuar\u00e1 marcando la agenda pol\u00edtica y social en el pa\u00eds y como ciudadanos, militantes pol\u00edticos nos debemos comprometer a aprender de las tragedias y no repetirla m\u00e1s.-<\/em><\/p>\n<p class=\"ecxMsoNormal\"><em>Habr\u00e1 justicia, conoceremos la verdad si el Juez de la causa, \u00a0el Fiscal que se designe tenga el mismo compromiso y \u00a0valent\u00eda, como as\u00ed \u00a0el acompa\u00f1amiento de la sociedad \u2013 que no tuvo el Fiscal Nisman- para continuar el trabajo y preservar en lo fundamental la prueba, <b><span style=\"text-decoration: underline;\">As\u00ed habr\u00e1 verdad, As\u00ed habr\u00e1 justicia\u00bb.-<\/span><\/b><\/em><\/p>\n<p class=\"ecxMsoNormal\"><em><b>Comit\u00e9 Departamental U.C.R. Diamante. 19 de Enero de 2015<\/b><\/em><\/p>\n<p class=\"ecxMsoNormal\"><em><b>\u00a0<\/b><\/em><em><b>Horacio Carballo\u00a0\u00a0\u00a0\u00a0\u00a0\u00a0\u00a0\u00a0\u00a0\u00a0\u00a0\u00a0\u00a0\u00a0\u00a0\u00a0\u00a0\u00a0\u00a0\u00a0\u00a0\u00a0\u00a0\u00a0\u00a0\u00a0\u00a0\u00a0\u00a0\u00a0\u00a0\u00a0\u00a0\u00a0\u00a0\u00a0\u00a0\u00a0\u00a0\u00a0 Rogelio Omar Schild<\/b><\/em><\/p>\n<p class=\"ecxMsoNormal\"><em><b>\u00a0 Secretario\u00a0\u00a0\u00a0\u00a0\u00a0\u00a0\u00a0\u00a0\u00a0\u00a0\u00a0\u00a0\u00a0\u00a0\u00a0\u00a0\u00a0\u00a0\u00a0\u00a0\u00a0\u00a0\u00a0\u00a0\u00a0\u00a0\u00a0\u00a0\u00a0\u00a0\u00a0\u00a0\u00a0\u00a0\u00a0\u00a0\u00a0\u00a0\u00a0\u00a0\u00a0\u00a0\u00a0\u00a0\u00a0\u00a0 \u00a0\u00a0\u00a0\u00a0\u00a0\u00a0\u00a0\u00a0\u00a0\u00a0Presidente<\/b><\/em><\/p>\n<p class=\"ecxMsoNormal\"><em>\u00a0<\/em><\/p>\n","protected":false},"excerpt":{"rendered":"<p>El Comit&eacute; Departamental de la Uni&oacute;n C&iacute;vica Radical, envi&oacute; un comunicado a la redacci&oacute;n de IN, en el cual, entre otras cosas, sostienen que &laquo;depender&aacute; del compromiso de los ciudadanos y de la puesta a disposici&oacute;n de todas sus fuerzas, para enderezar el camino marcado del suicidio y conocer la verdad y hacer Justicia&raquo;. El [&hellip;]<\/p>\n","protected":false},"author":2,"featured_media":0,"comment_status":"open","ping_status":"open","sticky":false,"template":"","format":"standard","meta":{"fifu_image_url":"","fifu_image_alt":"","footnotes":""},"categories":[5],"tags":[],"class_list":{"0":"post-9620","1":"post","2":"type-post","3":"status-publish","4":"format-standard","6":"category-zonales"},"yoast_head":"<title>Caso Nisman: desde el Comit\u00e9 Departamental de la UCR pidieron compromiso para &quot;conocer la verdad y hacer justicia&quot; - Informe Litoral<\/title>\n<meta name=\"robots\" content=\"index, follow, max-snippet:-1, max-image-preview:large, max-video-preview:-1\" \/>\n<link rel=\"canonical\" href=\"https:\/\/informelitoral.com.ar\/caso-nisman-desde-el-comite-departamental-de-la-ucr-pidieron-compromiso-para-conocer-la-verdad-y-hacer-justicia\/\" \/>\n<meta property=\"og:locale\" content=\"es_ES\" \/>\n<meta property=\"og:type\" content=\"article\" \/>\n<meta property=\"og:title\" content=\"Caso Nisman: desde el Comit\u00e9 Departamental de la UCR pidieron compromiso para &quot;conocer la verdad y hacer justicia&quot; - Informe Litoral\" \/>\n<meta property=\"og:description\" content=\"El Comit&eacute; Departamental de la Uni&oacute;n C&iacute;vica Radical, envi&oacute; un comunicado a la redacci&oacute;n de IN, en el cual, entre otras cosas, sostienen que &laquo;depender&aacute; del compromiso de los ciudadanos y de la puesta a disposici&oacute;n de todas sus fuerzas, para enderezar el camino marcado del suicidio y conocer la verdad y hacer Justicia&raquo;. El [&hellip;]\" \/>\n<meta property=\"og:url\" content=\"https:\/\/informelitoral.com.ar\/caso-nisman-desde-el-comite-departamental-de-la-ucr-pidieron-compromiso-para-conocer-la-verdad-y-hacer-justicia\/\" \/>\n<meta property=\"og:site_name\" content=\"Informe Litoral\" \/>\n<meta property=\"article:publisher\" content=\"https:\/\/www.facebook.com\/informelitoral\/\" \/>\n<meta property=\"article:published_time\" content=\"2015-01-20T18:11:34+00:00\" \/>\n<meta property=\"article:modified_time\" content=\"2015-01-20T18:15:40+00:00\" \/>\n<meta property=\"og:image\" content=\"https:\/\/informelitoral.com.ar\/%77%70%2d%63%6f%6e%74%65%6e%74\/uploads\/2015\/01\/1395249_177309839127909_1175840819_n.jpg\" \/>\n\t<meta property=\"og:image:width\" content=\"234\" \/>\n\t<meta property=\"og:image:height\" content=\"180\" \/>\n\t<meta property=\"og:image:type\" content=\"image\/jpeg\" \/>\n<meta name=\"author\" content=\"Gonzalo Schmidt\" \/>\n<meta name=\"twitter:card\" content=\"summary_large_image\" \/>\n<meta name=\"twitter:creator\" content=\"@InformeLitoral\" \/>\n<meta name=\"twitter:site\" content=\"@InformeLitoral\" \/>\n<meta name=\"twitter:label1\" content=\"Escrito por\" \/>\n\t<meta name=\"twitter:data1\" content=\"Gonzalo Schmidt\" \/>\n\t<meta name=\"twitter:label2\" content=\"Tiempo de lectura\" \/>\n\t<meta name=\"twitter:data2\" content=\"4 minutos\" \/>\n<script type=\"application\/ld+json\" class=\"yoast-schema-graph\">{\"@context\":\"https:\\\/\\\/schema.org\",\"@graph\":[{\"@type\":\"Article\",\"@id\":\"https:\\\/\\\/informelitoral.com.ar\\\/caso-nisman-desde-el-comite-departamental-de-la-ucr-pidieron-compromiso-para-conocer-la-verdad-y-hacer-justicia\\\/#article\",\"isPartOf\":{\"@id\":\"https:\\\/\\\/informelitoral.com.ar\\\/caso-nisman-desde-el-comite-departamental-de-la-ucr-pidieron-compromiso-para-conocer-la-verdad-y-hacer-justicia\\\/\"},\"author\":{\"name\":\"Gonzalo Schmidt\",\"@id\":\"https:\\\/\\\/informelitoral.com.ar\\\/#\\\/schema\\\/person\\\/b9d00407c836482871ef1d57bf8e3180\"},\"headline\":\"Caso Nisman: desde el Comit\u00e9 Departamental de la UCR pidieron compromiso para \u00abconocer la verdad y hacer justicia\u00bb\",\"datePublished\":\"2015-01-20T18:11:34+00:00\",\"dateModified\":\"2015-01-20T18:15:40+00:00\",\"mainEntityOfPage\":{\"@id\":\"https:\\\/\\\/informelitoral.com.ar\\\/caso-nisman-desde-el-comite-departamental-de-la-ucr-pidieron-compromiso-para-conocer-la-verdad-y-hacer-justicia\\\/\"},\"wordCount\":775,\"commentCount\":0,\"publisher\":{\"@id\":\"https:\\\/\\\/informelitoral.com.ar\\\/#organization\"},\"image\":{\"@id\":\"https:\\\/\\\/informelitoral.com.ar\\\/caso-nisman-desde-el-comite-departamental-de-la-ucr-pidieron-compromiso-para-conocer-la-verdad-y-hacer-justicia\\\/#primaryimage\"},\"thumbnailUrl\":\"http:\\\/\\\/www.isletasnoticias.com.ar\\\/%77%70%2d%63%6f%6e%74%65%6e%74\\\/uploads\\\/2015\\\/01\\\/1395249_177309839127909_1175840819_n.jpg\",\"articleSection\":[\"Departamento Diamante\"],\"inLanguage\":\"es\",\"potentialAction\":[{\"@type\":\"CommentAction\",\"name\":\"Comment\",\"target\":[\"https:\\\/\\\/informelitoral.com.ar\\\/caso-nisman-desde-el-comite-departamental-de-la-ucr-pidieron-compromiso-para-conocer-la-verdad-y-hacer-justicia\\\/#respond\"]}]},{\"@type\":\"WebPage\",\"@id\":\"https:\\\/\\\/informelitoral.com.ar\\\/caso-nisman-desde-el-comite-departamental-de-la-ucr-pidieron-compromiso-para-conocer-la-verdad-y-hacer-justicia\\\/\",\"url\":\"https:\\\/\\\/informelitoral.com.ar\\\/caso-nisman-desde-el-comite-departamental-de-la-ucr-pidieron-compromiso-para-conocer-la-verdad-y-hacer-justicia\\\/\",\"name\":\"Caso Nisman: desde el Comit\u00e9 Departamental de la UCR pidieron compromiso para \\\"conocer la verdad y hacer justicia\\\" - Informe Litoral\",\"isPartOf\":{\"@id\":\"https:\\\/\\\/informelitoral.com.ar\\\/#website\"},\"primaryImageOfPage\":{\"@id\":\"https:\\\/\\\/informelitoral.com.ar\\\/caso-nisman-desde-el-comite-departamental-de-la-ucr-pidieron-compromiso-para-conocer-la-verdad-y-hacer-justicia\\\/#primaryimage\"},\"image\":{\"@id\":\"https:\\\/\\\/informelitoral.com.ar\\\/caso-nisman-desde-el-comite-departamental-de-la-ucr-pidieron-compromiso-para-conocer-la-verdad-y-hacer-justicia\\\/#primaryimage\"},\"thumbnailUrl\":\"http:\\\/\\\/www.isletasnoticias.com.ar\\\/%77%70%2d%63%6f%6e%74%65%6e%74\\\/uploads\\\/2015\\\/01\\\/1395249_177309839127909_1175840819_n.jpg\",\"datePublished\":\"2015-01-20T18:11:34+00:00\",\"dateModified\":\"2015-01-20T18:15:40+00:00\",\"breadcrumb\":{\"@id\":\"https:\\\/\\\/informelitoral.com.ar\\\/caso-nisman-desde-el-comite-departamental-de-la-ucr-pidieron-compromiso-para-conocer-la-verdad-y-hacer-justicia\\\/#breadcrumb\"},\"inLanguage\":\"es\",\"potentialAction\":[{\"@type\":\"ReadAction\",\"target\":[\"https:\\\/\\\/informelitoral.com.ar\\\/caso-nisman-desde-el-comite-departamental-de-la-ucr-pidieron-compromiso-para-conocer-la-verdad-y-hacer-justicia\\\/\"]}]},{\"@type\":\"ImageObject\",\"inLanguage\":\"es\",\"@id\":\"https:\\\/\\\/informelitoral.com.ar\\\/caso-nisman-desde-el-comite-departamental-de-la-ucr-pidieron-compromiso-para-conocer-la-verdad-y-hacer-justicia\\\/#primaryimage\",\"url\":\"http:\\\/\\\/www.isletasnoticias.com.ar\\\/%77%70%2d%63%6f%6e%74%65%6e%74\\\/uploads\\\/2015\\\/01\\\/1395249_177309839127909_1175840819_n.jpg\",\"contentUrl\":\"http:\\\/\\\/www.isletasnoticias.com.ar\\\/%77%70%2d%63%6f%6e%74%65%6e%74\\\/uploads\\\/2015\\\/01\\\/1395249_177309839127909_1175840819_n.jpg\"},{\"@type\":\"BreadcrumbList\",\"@id\":\"https:\\\/\\\/informelitoral.com.ar\\\/caso-nisman-desde-el-comite-departamental-de-la-ucr-pidieron-compromiso-para-conocer-la-verdad-y-hacer-justicia\\\/#breadcrumb\",\"itemListElement\":[{\"@type\":\"ListItem\",\"position\":1,\"name\":\"Portada\",\"item\":\"https:\\\/\\\/informelitoral.com.ar\\\/\"},{\"@type\":\"ListItem\",\"position\":2,\"name\":\"Caso Nisman: desde el Comit\u00e9 Departamental de la UCR pidieron compromiso para \u00abconocer la verdad y hacer justicia\u00bb\"}]},{\"@type\":\"WebSite\",\"@id\":\"https:\\\/\\\/informelitoral.com.ar\\\/#website\",\"url\":\"https:\\\/\\\/informelitoral.com.ar\\\/\",\"name\":\"Informe Litoral\",\"description\":\"&quot;Nos informamos&quot; \",\"publisher\":{\"@id\":\"https:\\\/\\\/informelitoral.com.ar\\\/#organization\"},\"potentialAction\":[{\"@type\":\"SearchAction\",\"target\":{\"@type\":\"EntryPoint\",\"urlTemplate\":\"https:\\\/\\\/informelitoral.com.ar\\\/?s={search_term_string}\"},\"query-input\":{\"@type\":\"PropertyValueSpecification\",\"valueRequired\":true,\"valueName\":\"search_term_string\"}}],\"inLanguage\":\"es\"},{\"@type\":\"Organization\",\"@id\":\"https:\\\/\\\/informelitoral.com.ar\\\/#organization\",\"name\":\"Informe Litoral\",\"url\":\"https:\\\/\\\/informelitoral.com.ar\\\/\",\"logo\":{\"@type\":\"ImageObject\",\"inLanguage\":\"es\",\"@id\":\"https:\\\/\\\/informelitoral.com.ar\\\/#\\\/schema\\\/logo\\\/image\\\/\",\"url\":\"https:\\\/\\\/informelitoral.com.ar\\\/%77%70%2d%63%6f%6e%74%65%6e%74\\\/uploads\\\/2021\\\/01\\\/circulo.png\",\"contentUrl\":\"https:\\\/\\\/informelitoral.com.ar\\\/%77%70%2d%63%6f%6e%74%65%6e%74\\\/uploads\\\/2021\\\/01\\\/circulo.png\",\"width\":723,\"height\":731,\"caption\":\"Informe Litoral\"},\"image\":{\"@id\":\"https:\\\/\\\/informelitoral.com.ar\\\/#\\\/schema\\\/logo\\\/image\\\/\"},\"sameAs\":[\"https:\\\/\\\/www.facebook.com\\\/informelitoral\\\/\",\"https:\\\/\\\/x.com\\\/InformeLitoral\",\"https:\\\/\\\/www.instagram.com\\\/informelitoral\\\/\",\"https:\\\/\\\/www.youtube.com\\\/channel\\\/UCua4Qvz8Icb6MYqhoq9xLXw\"]},{\"@type\":\"Person\",\"@id\":\"https:\\\/\\\/informelitoral.com.ar\\\/#\\\/schema\\\/person\\\/b9d00407c836482871ef1d57bf8e3180\",\"name\":\"Gonzalo Schmidt\",\"image\":{\"@type\":\"ImageObject\",\"inLanguage\":\"es\",\"@id\":\"https:\\\/\\\/secure.gravatar.com\\\/avatar\\\/31a1a7b66ff2de83bd0e9fd79d026630d2d99e55e8bfe501287647b4fd9743de?s=96&d=mm&r=g\",\"url\":\"https:\\\/\\\/secure.gravatar.com\\\/avatar\\\/31a1a7b66ff2de83bd0e9fd79d026630d2d99e55e8bfe501287647b4fd9743de?s=96&d=mm&r=g\",\"contentUrl\":\"https:\\\/\\\/secure.gravatar.com\\\/avatar\\\/31a1a7b66ff2de83bd0e9fd79d026630d2d99e55e8bfe501287647b4fd9743de?s=96&d=mm&r=g\",\"caption\":\"Gonzalo Schmidt\"},\"description\":\"Sitio web de noticias de la provincia de Entre R\u00edos, Argentina. Informaci\u00f3n y entretenimiento. Informe Litoral, nos informamos.\",\"sameAs\":[\"http:\\\/\\\/www.isletasnoticias.com.ar\"],\"url\":\"https:\\\/\\\/informelitoral.com.ar\\\/author\\\/gonzalo\\\/\"}]}<\/script>","yoast_head_json":{"title":"Caso Nisman: desde el Comit\u00e9 Departamental de la UCR pidieron compromiso para \"conocer la verdad y hacer justicia\" - Informe Litoral","robots":{"index":"index","follow":"follow","max-snippet":"max-snippet:-1","max-image-preview":"max-image-preview:large","max-video-preview":"max-video-preview:-1"},"canonical":"https:\/\/informelitoral.com.ar\/caso-nisman-desde-el-comite-departamental-de-la-ucr-pidieron-compromiso-para-conocer-la-verdad-y-hacer-justicia\/","og_locale":"es_ES","og_type":"article","og_title":"Caso Nisman: desde el Comit\u00e9 Departamental de la UCR pidieron compromiso para \"conocer la verdad y hacer justicia\" - Informe Litoral","og_description":"El Comit&eacute; Departamental de la Uni&oacute;n C&iacute;vica Radical, envi&oacute; un comunicado a la redacci&oacute;n de IN, en el cual, entre otras cosas, sostienen que &laquo;depender&aacute; del compromiso de los ciudadanos y de la puesta a disposici&oacute;n de todas sus fuerzas, para enderezar el camino marcado del suicidio y conocer la verdad y hacer Justicia&raquo;. El [&hellip;]","og_url":"https:\/\/informelitoral.com.ar\/caso-nisman-desde-el-comite-departamental-de-la-ucr-pidieron-compromiso-para-conocer-la-verdad-y-hacer-justicia\/","og_site_name":"Informe Litoral","article_publisher":"https:\/\/www.facebook.com\/informelitoral\/","article_published_time":"2015-01-20T18:11:34+00:00","article_modified_time":"2015-01-20T18:15:40+00:00","og_image":[{"width":234,"height":180,"url":"https:\/\/informelitoral.com.ar\/%77%70%2d%63%6f%6e%74%65%6e%74\/uploads\/2015\/01\/1395249_177309839127909_1175840819_n.jpg","type":"image\/jpeg"}],"author":"Gonzalo Schmidt","twitter_card":"summary_large_image","twitter_creator":"@InformeLitoral","twitter_site":"@InformeLitoral","twitter_misc":{"Escrito por":"Gonzalo Schmidt","Tiempo de lectura":"4 minutos"},"schema":{"@context":"https:\/\/schema.org","@graph":[{"@type":"Article","@id":"https:\/\/informelitoral.com.ar\/caso-nisman-desde-el-comite-departamental-de-la-ucr-pidieron-compromiso-para-conocer-la-verdad-y-hacer-justicia\/#article","isPartOf":{"@id":"https:\/\/informelitoral.com.ar\/caso-nisman-desde-el-comite-departamental-de-la-ucr-pidieron-compromiso-para-conocer-la-verdad-y-hacer-justicia\/"},"author":{"name":"Gonzalo Schmidt","@id":"https:\/\/informelitoral.com.ar\/#\/schema\/person\/b9d00407c836482871ef1d57bf8e3180"},"headline":"Caso Nisman: desde el Comit\u00e9 Departamental de la UCR pidieron compromiso para \u00abconocer la verdad y hacer justicia\u00bb","datePublished":"2015-01-20T18:11:34+00:00","dateModified":"2015-01-20T18:15:40+00:00","mainEntityOfPage":{"@id":"https:\/\/informelitoral.com.ar\/caso-nisman-desde-el-comite-departamental-de-la-ucr-pidieron-compromiso-para-conocer-la-verdad-y-hacer-justicia\/"},"wordCount":775,"commentCount":0,"publisher":{"@id":"https:\/\/informelitoral.com.ar\/#organization"},"image":{"@id":"https:\/\/informelitoral.com.ar\/caso-nisman-desde-el-comite-departamental-de-la-ucr-pidieron-compromiso-para-conocer-la-verdad-y-hacer-justicia\/#primaryimage"},"thumbnailUrl":"http:\/\/www.isletasnoticias.com.ar\/%77%70%2d%63%6f%6e%74%65%6e%74\/uploads\/2015\/01\/1395249_177309839127909_1175840819_n.jpg","articleSection":["Departamento Diamante"],"inLanguage":"es","potentialAction":[{"@type":"CommentAction","name":"Comment","target":["https:\/\/informelitoral.com.ar\/caso-nisman-desde-el-comite-departamental-de-la-ucr-pidieron-compromiso-para-conocer-la-verdad-y-hacer-justicia\/#respond"]}]},{"@type":"WebPage","@id":"https:\/\/informelitoral.com.ar\/caso-nisman-desde-el-comite-departamental-de-la-ucr-pidieron-compromiso-para-conocer-la-verdad-y-hacer-justicia\/","url":"https:\/\/informelitoral.com.ar\/caso-nisman-desde-el-comite-departamental-de-la-ucr-pidieron-compromiso-para-conocer-la-verdad-y-hacer-justicia\/","name":"Caso Nisman: desde el Comit\u00e9 Departamental de la UCR pidieron compromiso para \"conocer la verdad y hacer justicia\" - Informe Litoral","isPartOf":{"@id":"https:\/\/informelitoral.com.ar\/#website"},"primaryImageOfPage":{"@id":"https:\/\/informelitoral.com.ar\/caso-nisman-desde-el-comite-departamental-de-la-ucr-pidieron-compromiso-para-conocer-la-verdad-y-hacer-justicia\/#primaryimage"},"image":{"@id":"https:\/\/informelitoral.com.ar\/caso-nisman-desde-el-comite-departamental-de-la-ucr-pidieron-compromiso-para-conocer-la-verdad-y-hacer-justicia\/#primaryimage"},"thumbnailUrl":"http:\/\/www.isletasnoticias.com.ar\/%77%70%2d%63%6f%6e%74%65%6e%74\/uploads\/2015\/01\/1395249_177309839127909_1175840819_n.jpg","datePublished":"2015-01-20T18:11:34+00:00","dateModified":"2015-01-20T18:15:40+00:00","breadcrumb":{"@id":"https:\/\/informelitoral.com.ar\/caso-nisman-desde-el-comite-departamental-de-la-ucr-pidieron-compromiso-para-conocer-la-verdad-y-hacer-justicia\/#breadcrumb"},"inLanguage":"es","potentialAction":[{"@type":"ReadAction","target":["https:\/\/informelitoral.com.ar\/caso-nisman-desde-el-comite-departamental-de-la-ucr-pidieron-compromiso-para-conocer-la-verdad-y-hacer-justicia\/"]}]},{"@type":"ImageObject","inLanguage":"es","@id":"https:\/\/informelitoral.com.ar\/caso-nisman-desde-el-comite-departamental-de-la-ucr-pidieron-compromiso-para-conocer-la-verdad-y-hacer-justicia\/#primaryimage","url":"http:\/\/www.isletasnoticias.com.ar\/%77%70%2d%63%6f%6e%74%65%6e%74\/uploads\/2015\/01\/1395249_177309839127909_1175840819_n.jpg","contentUrl":"http:\/\/www.isletasnoticias.com.ar\/%77%70%2d%63%6f%6e%74%65%6e%74\/uploads\/2015\/01\/1395249_177309839127909_1175840819_n.jpg"},{"@type":"BreadcrumbList","@id":"https:\/\/informelitoral.com.ar\/caso-nisman-desde-el-comite-departamental-de-la-ucr-pidieron-compromiso-para-conocer-la-verdad-y-hacer-justicia\/#breadcrumb","itemListElement":[{"@type":"ListItem","position":1,"name":"Portada","item":"https:\/\/informelitoral.com.ar\/"},{"@type":"ListItem","position":2,"name":"Caso Nisman: desde el Comit\u00e9 Departamental de la UCR pidieron compromiso para \u00abconocer la verdad y hacer justicia\u00bb"}]},{"@type":"WebSite","@id":"https:\/\/informelitoral.com.ar\/#website","url":"https:\/\/informelitoral.com.ar\/","name":"Informe Litoral","description":"&quot;Nos informamos&quot; ","publisher":{"@id":"https:\/\/informelitoral.com.ar\/#organization"},"potentialAction":[{"@type":"SearchAction","target":{"@type":"EntryPoint","urlTemplate":"https:\/\/informelitoral.com.ar\/?s={search_term_string}"},"query-input":{"@type":"PropertyValueSpecification","valueRequired":true,"valueName":"search_term_string"}}],"inLanguage":"es"},{"@type":"Organization","@id":"https:\/\/informelitoral.com.ar\/#organization","name":"Informe Litoral","url":"https:\/\/informelitoral.com.ar\/","logo":{"@type":"ImageObject","inLanguage":"es","@id":"https:\/\/informelitoral.com.ar\/#\/schema\/logo\/image\/","url":"https:\/\/informelitoral.com.ar\/%77%70%2d%63%6f%6e%74%65%6e%74\/uploads\/2021\/01\/circulo.png","contentUrl":"https:\/\/informelitoral.com.ar\/%77%70%2d%63%6f%6e%74%65%6e%74\/uploads\/2021\/01\/circulo.png","width":723,"height":731,"caption":"Informe Litoral"},"image":{"@id":"https:\/\/informelitoral.com.ar\/#\/schema\/logo\/image\/"},"sameAs":["https:\/\/www.facebook.com\/informelitoral\/","https:\/\/x.com\/InformeLitoral","https:\/\/www.instagram.com\/informelitoral\/","https:\/\/www.youtube.com\/channel\/UCua4Qvz8Icb6MYqhoq9xLXw"]},{"@type":"Person","@id":"https:\/\/informelitoral.com.ar\/#\/schema\/person\/b9d00407c836482871ef1d57bf8e3180","name":"Gonzalo Schmidt","image":{"@type":"ImageObject","inLanguage":"es","@id":"https:\/\/secure.gravatar.com\/avatar\/31a1a7b66ff2de83bd0e9fd79d026630d2d99e55e8bfe501287647b4fd9743de?s=96&d=mm&r=g","url":"https:\/\/secure.gravatar.com\/avatar\/31a1a7b66ff2de83bd0e9fd79d026630d2d99e55e8bfe501287647b4fd9743de?s=96&d=mm&r=g","contentUrl":"https:\/\/secure.gravatar.com\/avatar\/31a1a7b66ff2de83bd0e9fd79d026630d2d99e55e8bfe501287647b4fd9743de?s=96&d=mm&r=g","caption":"Gonzalo Schmidt"},"description":"Sitio web de noticias de la provincia de Entre R\u00edos, Argentina. Informaci\u00f3n y entretenimiento. Informe Litoral, nos informamos.","sameAs":["http:\/\/www.isletasnoticias.com.ar"],"url":"https:\/\/informelitoral.com.ar\/author\/gonzalo\/"}]}},"_links":{"self":[{"href":"https:\/\/informelitoral.com.ar\/%77%70%2d%6a%73%6f%6e\/wp\/v2\/posts\/9620","targetHints":{"allow":["GET"]}}],"collection":[{"href":"https:\/\/informelitoral.com.ar\/%77%70%2d%6a%73%6f%6e\/wp\/v2\/posts"}],"about":[{"href":"https:\/\/informelitoral.com.ar\/%77%70%2d%6a%73%6f%6e\/wp\/v2\/types\/post"}],"author":[{"embeddable":true,"href":"https:\/\/informelitoral.com.ar\/%77%70%2d%6a%73%6f%6e\/wp\/v2\/users\/2"}],"replies":[{"embeddable":true,"href":"https:\/\/informelitoral.com.ar\/%77%70%2d%6a%73%6f%6e\/wp\/v2\/comments?post=9620"}],"version-history":[{"count":0,"href":"https:\/\/informelitoral.com.ar\/%77%70%2d%6a%73%6f%6e\/wp\/v2\/posts\/9620\/revisions"}],"wp:attachment":[{"href":"https:\/\/informelitoral.com.ar\/%77%70%2d%6a%73%6f%6e\/wp\/v2\/media?parent=9620"}],"wp:term":[{"taxonomy":"category","embeddable":true,"href":"https:\/\/informelitoral.com.ar\/%77%70%2d%6a%73%6f%6e\/wp\/v2\/categories?post=9620"},{"taxonomy":"post_tag","embeddable":true,"href":"https:\/\/informelitoral.com.ar\/%77%70%2d%6a%73%6f%6e\/wp\/v2\/tags?post=9620"}],"curies":[{"name":"wp","href":"https:\/\/api.w.org\/{rel}","templated":true}]}}