{"id":9594,"date":"2015-01-15T18:48:26","date_gmt":"2015-01-15T21:48:26","guid":{"rendered":"http:\/\/www.isletasnoticias.com.ar\/?p=9594"},"modified":"2015-01-15T18:48:26","modified_gmt":"2015-01-15T21:48:26","slug":"ramirez-choque-y-vuelco-en-el-acceso-al-cementerio-con-personas-lesionadas","status":"publish","type":"post","link":"https:\/\/informelitoral.com.ar\/ramirez-choque-y-vuelco-en-el-acceso-al-cementerio-con-personas-lesionadas\/","title":{"rendered":"Ram\u00edrez: choque y vuelco en el acceso al Cementerio con personas lesionadas"},"content":{"rendered":"<p><strong>Este jueves por la ma\u00f1ana, en el acceso a General Ram\u00edrez, por el ingreso al Cementerio Evang\u00e9lico, sobre la Ruta N\u00ba 12, se produjo un accidente de tr\u00e1nsito, que protagonizaron dos veh\u00edculos marca Polo, que se trasladaban por la trama vial.<a href=\"http:\/\/www.isletasnoticias.com.ar\/%77%70%2d%63%6f%6e%74%65%6e%74\/uploads\/2015\/01\/accidente-1600x12001-300x171.jpg\"><img loading=\"lazy\" decoding=\"async\" class=\"aligncenter size-medium wp-image-9595\" src=\"http:\/\/www.isletasnoticias.com.ar\/%77%70%2d%63%6f%6e%74%65%6e%74\/uploads\/2015\/01\/accidente-1600x12001-300x171-300x171.jpg\" alt=\"accidente-1600x12001-300x171\" width=\"300\" height=\"171\" \/><\/a><\/strong><\/p>\n<p>Seg\u00fan explicaron desde la<strong> Comisar\u00eda local<\/strong> a\u00a0Canal 6 ERTV<em>, <\/em>uno de los rodados, circulaba acompa\u00f1ando un cortejo f\u00fanebre y fue colisionado por el otro veh\u00edculo, que estaba al mando de un hombre oriundo de la capital provincial, por lo que el fuerte impacto provoc\u00f3 el descontrol y vuelco del primero, en el cual se conduc\u00edan tres personas\u00a0mayores de edad de esta ciudad, que sufrieron lesiones leves.<a href=\"http:\/\/www.isletasnoticias.com.ar\/%77%70%2d%63%6f%6e%74%65%6e%74\/uploads\/2015\/01\/accidente-2-1600x1200-300x189.jpg\"><img loading=\"lazy\" decoding=\"async\" class=\" size-medium wp-image-9596 alignright\" src=\"http:\/\/www.isletasnoticias.com.ar\/%77%70%2d%63%6f%6e%74%65%6e%74\/uploads\/2015\/01\/accidente-2-1600x1200-300x189-300x189.jpg\" alt=\"accidente-2-1600x1200-300x189\" width=\"300\" height=\"189\" \/><\/a><\/p>\n<p>Intervino personal policial y de bomberos voluntarios, ya que dos de las v\u00edctimas se encontraban atrapadas dentro del auto.<em> (El Observador)<\/em><\/p>\n","protected":false},"excerpt":{"rendered":"<p>Este jueves por la ma&ntilde;ana, en el acceso a General Ram&iacute;rez, por el ingreso al Cementerio Evang&eacute;lico, sobre la Ruta N&ordm; 12, se produjo un accidente de tr&aacute;nsito, que protagonizaron dos veh&iacute;culos marca Polo, que se trasladaban por la trama vial. Seg&uacute;n explicaron desde la Comisar&iacute;a local a&nbsp;Canal 6 ERTV, uno de los rodados, circulaba [&hellip;]<\/p>\n","protected":false},"author":2,"featured_media":0,"comment_status":"open","ping_status":"open","sticky":false,"template":"","format":"standard","meta":{"fifu_image_url":"","fifu_image_alt":"","footnotes":""},"categories":[5,14],"tags":[],"class_list":{"0":"post-9594","1":"post","2":"type-post","3":"status-publish","4":"format-standard","6":"category-zonales","7":"category-policiales"},"yoast_head":"<title>Ram\u00edrez: choque y vuelco en el acceso al Cementerio con personas lesionadas - Informe Litoral<\/title>\n<meta name=\"robots\" content=\"index, follow, max-snippet:-1, max-image-preview:large, max-video-preview:-1\" \/>\n<link rel=\"canonical\" href=\"https:\/\/informelitoral.com.ar\/ramirez-choque-y-vuelco-en-el-acceso-al-cementerio-con-personas-lesionadas\/\" \/>\n<meta property=\"og:locale\" content=\"es_ES\" \/>\n<meta property=\"og:type\" content=\"article\" \/>\n<meta property=\"og:title\" content=\"Ram\u00edrez: choque y vuelco en el acceso al Cementerio con personas lesionadas - Informe Litoral\" \/>\n<meta property=\"og:description\" content=\"Este jueves por la ma&ntilde;ana, en el acceso a General Ram&iacute;rez, por el ingreso al Cementerio Evang&eacute;lico, sobre la Ruta N&ordm; 12, se produjo un accidente de tr&aacute;nsito, que protagonizaron dos veh&iacute;culos marca Polo, que se trasladaban por la trama vial. Seg&uacute;n explicaron desde la Comisar&iacute;a local a&nbsp;Canal 6 ERTV, uno de los rodados, circulaba [&hellip;]\" \/>\n<meta property=\"og:url\" content=\"https:\/\/informelitoral.com.ar\/ramirez-choque-y-vuelco-en-el-acceso-al-cementerio-con-personas-lesionadas\/\" \/>\n<meta property=\"og:site_name\" content=\"Informe Litoral\" \/>\n<meta property=\"article:publisher\" content=\"https:\/\/www.facebook.com\/informelitoral\/\" \/>\n<meta property=\"article:published_time\" content=\"2015-01-15T21:48:26+00:00\" \/>\n<meta property=\"og:image\" content=\"https:\/\/informelitoral.com.ar\/%77%70%2d%63%6f%6e%74%65%6e%74\/uploads\/2015\/01\/accidente-1600x12001-300x171.jpg\" \/>\n\t<meta property=\"og:image:width\" content=\"300\" \/>\n\t<meta property=\"og:image:height\" content=\"171\" \/>\n\t<meta property=\"og:image:type\" content=\"image\/jpeg\" \/>\n<meta name=\"author\" content=\"Gonzalo Schmidt\" \/>\n<meta name=\"twitter:card\" content=\"summary_large_image\" \/>\n<meta name=\"twitter:creator\" content=\"@InformeLitoral\" \/>\n<meta name=\"twitter:site\" content=\"@InformeLitoral\" \/>\n<meta name=\"twitter:label1\" content=\"Escrito por\" \/>\n\t<meta name=\"twitter:data1\" content=\"Gonzalo Schmidt\" \/>\n\t<meta name=\"twitter:label2\" content=\"Tiempo de lectura\" \/>\n\t<meta name=\"twitter:data2\" content=\"1 minuto\" \/>\n<script type=\"application\/ld+json\" class=\"yoast-schema-graph\">{\"@context\":\"https:\\\/\\\/schema.org\",\"@graph\":[{\"@type\":\"Article\",\"@id\":\"https:\\\/\\\/informelitoral.com.ar\\\/ramirez-choque-y-vuelco-en-el-acceso-al-cementerio-con-personas-lesionadas\\\/#article\",\"isPartOf\":{\"@id\":\"https:\\\/\\\/informelitoral.com.ar\\\/ramirez-choque-y-vuelco-en-el-acceso-al-cementerio-con-personas-lesionadas\\\/\"},\"author\":{\"name\":\"Gonzalo Schmidt\",\"@id\":\"https:\\\/\\\/informelitoral.com.ar\\\/#\\\/schema\\\/person\\\/b9d00407c836482871ef1d57bf8e3180\"},\"headline\":\"Ram\u00edrez: choque y vuelco en el acceso al Cementerio con personas lesionadas\",\"datePublished\":\"2015-01-15T21:48:26+00:00\",\"mainEntityOfPage\":{\"@id\":\"https:\\\/\\\/informelitoral.com.ar\\\/ramirez-choque-y-vuelco-en-el-acceso-al-cementerio-con-personas-lesionadas\\\/\"},\"wordCount\":153,\"commentCount\":0,\"publisher\":{\"@id\":\"https:\\\/\\\/informelitoral.com.ar\\\/#organization\"},\"image\":{\"@id\":\"https:\\\/\\\/informelitoral.com.ar\\\/ramirez-choque-y-vuelco-en-el-acceso-al-cementerio-con-personas-lesionadas\\\/#primaryimage\"},\"thumbnailUrl\":\"http:\\\/\\\/www.isletasnoticias.com.ar\\\/%77%70%2d%63%6f%6e%74%65%6e%74\\\/uploads\\\/2015\\\/01\\\/accidente-1600x12001-300x171-300x171.jpg\",\"articleSection\":[\"Departamento Diamante\",\"Policiales\"],\"inLanguage\":\"es\",\"potentialAction\":[{\"@type\":\"CommentAction\",\"name\":\"Comment\",\"target\":[\"https:\\\/\\\/informelitoral.com.ar\\\/ramirez-choque-y-vuelco-en-el-acceso-al-cementerio-con-personas-lesionadas\\\/#respond\"]}]},{\"@type\":\"WebPage\",\"@id\":\"https:\\\/\\\/informelitoral.com.ar\\\/ramirez-choque-y-vuelco-en-el-acceso-al-cementerio-con-personas-lesionadas\\\/\",\"url\":\"https:\\\/\\\/informelitoral.com.ar\\\/ramirez-choque-y-vuelco-en-el-acceso-al-cementerio-con-personas-lesionadas\\\/\",\"name\":\"Ram\u00edrez: choque y vuelco en el acceso al Cementerio con personas lesionadas - Informe Litoral\",\"isPartOf\":{\"@id\":\"https:\\\/\\\/informelitoral.com.ar\\\/#website\"},\"primaryImageOfPage\":{\"@id\":\"https:\\\/\\\/informelitoral.com.ar\\\/ramirez-choque-y-vuelco-en-el-acceso-al-cementerio-con-personas-lesionadas\\\/#primaryimage\"},\"image\":{\"@id\":\"https:\\\/\\\/informelitoral.com.ar\\\/ramirez-choque-y-vuelco-en-el-acceso-al-cementerio-con-personas-lesionadas\\\/#primaryimage\"},\"thumbnailUrl\":\"http:\\\/\\\/www.isletasnoticias.com.ar\\\/%77%70%2d%63%6f%6e%74%65%6e%74\\\/uploads\\\/2015\\\/01\\\/accidente-1600x12001-300x171-300x171.jpg\",\"datePublished\":\"2015-01-15T21:48:26+00:00\",\"breadcrumb\":{\"@id\":\"https:\\\/\\\/informelitoral.com.ar\\\/ramirez-choque-y-vuelco-en-el-acceso-al-cementerio-con-personas-lesionadas\\\/#breadcrumb\"},\"inLanguage\":\"es\",\"potentialAction\":[{\"@type\":\"ReadAction\",\"target\":[\"https:\\\/\\\/informelitoral.com.ar\\\/ramirez-choque-y-vuelco-en-el-acceso-al-cementerio-con-personas-lesionadas\\\/\"]}]},{\"@type\":\"ImageObject\",\"inLanguage\":\"es\",\"@id\":\"https:\\\/\\\/informelitoral.com.ar\\\/ramirez-choque-y-vuelco-en-el-acceso-al-cementerio-con-personas-lesionadas\\\/#primaryimage\",\"url\":\"http:\\\/\\\/www.isletasnoticias.com.ar\\\/%77%70%2d%63%6f%6e%74%65%6e%74\\\/uploads\\\/2015\\\/01\\\/accidente-1600x12001-300x171-300x171.jpg\",\"contentUrl\":\"http:\\\/\\\/www.isletasnoticias.com.ar\\\/%77%70%2d%63%6f%6e%74%65%6e%74\\\/uploads\\\/2015\\\/01\\\/accidente-1600x12001-300x171-300x171.jpg\"},{\"@type\":\"BreadcrumbList\",\"@id\":\"https:\\\/\\\/informelitoral.com.ar\\\/ramirez-choque-y-vuelco-en-el-acceso-al-cementerio-con-personas-lesionadas\\\/#breadcrumb\",\"itemListElement\":[{\"@type\":\"ListItem\",\"position\":1,\"name\":\"Portada\",\"item\":\"https:\\\/\\\/informelitoral.com.ar\\\/\"},{\"@type\":\"ListItem\",\"position\":2,\"name\":\"Ram\u00edrez: choque y vuelco en el acceso al Cementerio con personas lesionadas\"}]},{\"@type\":\"WebSite\",\"@id\":\"https:\\\/\\\/informelitoral.com.ar\\\/#website\",\"url\":\"https:\\\/\\\/informelitoral.com.ar\\\/\",\"name\":\"Informe Litoral\",\"description\":\"&quot;Nos informamos&quot; \",\"publisher\":{\"@id\":\"https:\\\/\\\/informelitoral.com.ar\\\/#organization\"},\"potentialAction\":[{\"@type\":\"SearchAction\",\"target\":{\"@type\":\"EntryPoint\",\"urlTemplate\":\"https:\\\/\\\/informelitoral.com.ar\\\/?s={search_term_string}\"},\"query-input\":{\"@type\":\"PropertyValueSpecification\",\"valueRequired\":true,\"valueName\":\"search_term_string\"}}],\"inLanguage\":\"es\"},{\"@type\":\"Organization\",\"@id\":\"https:\\\/\\\/informelitoral.com.ar\\\/#organization\",\"name\":\"Informe Litoral\",\"url\":\"https:\\\/\\\/informelitoral.com.ar\\\/\",\"logo\":{\"@type\":\"ImageObject\",\"inLanguage\":\"es\",\"@id\":\"https:\\\/\\\/informelitoral.com.ar\\\/#\\\/schema\\\/logo\\\/image\\\/\",\"url\":\"https:\\\/\\\/informelitoral.com.ar\\\/%77%70%2d%63%6f%6e%74%65%6e%74\\\/uploads\\\/2021\\\/01\\\/circulo.png\",\"contentUrl\":\"https:\\\/\\\/informelitoral.com.ar\\\/%77%70%2d%63%6f%6e%74%65%6e%74\\\/uploads\\\/2021\\\/01\\\/circulo.png\",\"width\":723,\"height\":731,\"caption\":\"Informe Litoral\"},\"image\":{\"@id\":\"https:\\\/\\\/informelitoral.com.ar\\\/#\\\/schema\\\/logo\\\/image\\\/\"},\"sameAs\":[\"https:\\\/\\\/www.facebook.com\\\/informelitoral\\\/\",\"https:\\\/\\\/x.com\\\/InformeLitoral\",\"https:\\\/\\\/www.instagram.com\\\/informelitoral\\\/\",\"https:\\\/\\\/www.youtube.com\\\/channel\\\/UCua4Qvz8Icb6MYqhoq9xLXw\"]},{\"@type\":\"Person\",\"@id\":\"https:\\\/\\\/informelitoral.com.ar\\\/#\\\/schema\\\/person\\\/b9d00407c836482871ef1d57bf8e3180\",\"name\":\"Gonzalo Schmidt\",\"image\":{\"@type\":\"ImageObject\",\"inLanguage\":\"es\",\"@id\":\"https:\\\/\\\/secure.gravatar.com\\\/avatar\\\/31a1a7b66ff2de83bd0e9fd79d026630d2d99e55e8bfe501287647b4fd9743de?s=96&d=mm&r=g\",\"url\":\"https:\\\/\\\/secure.gravatar.com\\\/avatar\\\/31a1a7b66ff2de83bd0e9fd79d026630d2d99e55e8bfe501287647b4fd9743de?s=96&d=mm&r=g\",\"contentUrl\":\"https:\\\/\\\/secure.gravatar.com\\\/avatar\\\/31a1a7b66ff2de83bd0e9fd79d026630d2d99e55e8bfe501287647b4fd9743de?s=96&d=mm&r=g\",\"caption\":\"Gonzalo Schmidt\"},\"description\":\"Sitio web de noticias de la provincia de Entre R\u00edos, Argentina. Informaci\u00f3n y entretenimiento. Informe Litoral, nos informamos.\",\"sameAs\":[\"http:\\\/\\\/www.isletasnoticias.com.ar\"],\"url\":\"https:\\\/\\\/informelitoral.com.ar\\\/author\\\/gonzalo\\\/\"}]}<\/script>","yoast_head_json":{"title":"Ram\u00edrez: choque y vuelco en el acceso al Cementerio con personas lesionadas - Informe Litoral","robots":{"index":"index","follow":"follow","max-snippet":"max-snippet:-1","max-image-preview":"max-image-preview:large","max-video-preview":"max-video-preview:-1"},"canonical":"https:\/\/informelitoral.com.ar\/ramirez-choque-y-vuelco-en-el-acceso-al-cementerio-con-personas-lesionadas\/","og_locale":"es_ES","og_type":"article","og_title":"Ram\u00edrez: choque y vuelco en el acceso al Cementerio con personas lesionadas - Informe Litoral","og_description":"Este jueves por la ma&ntilde;ana, en el acceso a General Ram&iacute;rez, por el ingreso al Cementerio Evang&eacute;lico, sobre la Ruta N&ordm; 12, se produjo un accidente de tr&aacute;nsito, que protagonizaron dos veh&iacute;culos marca Polo, que se trasladaban por la trama vial. Seg&uacute;n explicaron desde la Comisar&iacute;a local a&nbsp;Canal 6 ERTV, uno de los rodados, circulaba [&hellip;]","og_url":"https:\/\/informelitoral.com.ar\/ramirez-choque-y-vuelco-en-el-acceso-al-cementerio-con-personas-lesionadas\/","og_site_name":"Informe Litoral","article_publisher":"https:\/\/www.facebook.com\/informelitoral\/","article_published_time":"2015-01-15T21:48:26+00:00","og_image":[{"width":300,"height":171,"url":"https:\/\/informelitoral.com.ar\/%77%70%2d%63%6f%6e%74%65%6e%74\/uploads\/2015\/01\/accidente-1600x12001-300x171.jpg","type":"image\/jpeg"}],"author":"Gonzalo Schmidt","twitter_card":"summary_large_image","twitter_creator":"@InformeLitoral","twitter_site":"@InformeLitoral","twitter_misc":{"Escrito por":"Gonzalo Schmidt","Tiempo de lectura":"1 minuto"},"schema":{"@context":"https:\/\/schema.org","@graph":[{"@type":"Article","@id":"https:\/\/informelitoral.com.ar\/ramirez-choque-y-vuelco-en-el-acceso-al-cementerio-con-personas-lesionadas\/#article","isPartOf":{"@id":"https:\/\/informelitoral.com.ar\/ramirez-choque-y-vuelco-en-el-acceso-al-cementerio-con-personas-lesionadas\/"},"author":{"name":"Gonzalo Schmidt","@id":"https:\/\/informelitoral.com.ar\/#\/schema\/person\/b9d00407c836482871ef1d57bf8e3180"},"headline":"Ram\u00edrez: choque y vuelco en el acceso al Cementerio con personas lesionadas","datePublished":"2015-01-15T21:48:26+00:00","mainEntityOfPage":{"@id":"https:\/\/informelitoral.com.ar\/ramirez-choque-y-vuelco-en-el-acceso-al-cementerio-con-personas-lesionadas\/"},"wordCount":153,"commentCount":0,"publisher":{"@id":"https:\/\/informelitoral.com.ar\/#organization"},"image":{"@id":"https:\/\/informelitoral.com.ar\/ramirez-choque-y-vuelco-en-el-acceso-al-cementerio-con-personas-lesionadas\/#primaryimage"},"thumbnailUrl":"http:\/\/www.isletasnoticias.com.ar\/%77%70%2d%63%6f%6e%74%65%6e%74\/uploads\/2015\/01\/accidente-1600x12001-300x171-300x171.jpg","articleSection":["Departamento Diamante","Policiales"],"inLanguage":"es","potentialAction":[{"@type":"CommentAction","name":"Comment","target":["https:\/\/informelitoral.com.ar\/ramirez-choque-y-vuelco-en-el-acceso-al-cementerio-con-personas-lesionadas\/#respond"]}]},{"@type":"WebPage","@id":"https:\/\/informelitoral.com.ar\/ramirez-choque-y-vuelco-en-el-acceso-al-cementerio-con-personas-lesionadas\/","url":"https:\/\/informelitoral.com.ar\/ramirez-choque-y-vuelco-en-el-acceso-al-cementerio-con-personas-lesionadas\/","name":"Ram\u00edrez: choque y vuelco en el acceso al Cementerio con personas lesionadas - Informe Litoral","isPartOf":{"@id":"https:\/\/informelitoral.com.ar\/#website"},"primaryImageOfPage":{"@id":"https:\/\/informelitoral.com.ar\/ramirez-choque-y-vuelco-en-el-acceso-al-cementerio-con-personas-lesionadas\/#primaryimage"},"image":{"@id":"https:\/\/informelitoral.com.ar\/ramirez-choque-y-vuelco-en-el-acceso-al-cementerio-con-personas-lesionadas\/#primaryimage"},"thumbnailUrl":"http:\/\/www.isletasnoticias.com.ar\/%77%70%2d%63%6f%6e%74%65%6e%74\/uploads\/2015\/01\/accidente-1600x12001-300x171-300x171.jpg","datePublished":"2015-01-15T21:48:26+00:00","breadcrumb":{"@id":"https:\/\/informelitoral.com.ar\/ramirez-choque-y-vuelco-en-el-acceso-al-cementerio-con-personas-lesionadas\/#breadcrumb"},"inLanguage":"es","potentialAction":[{"@type":"ReadAction","target":["https:\/\/informelitoral.com.ar\/ramirez-choque-y-vuelco-en-el-acceso-al-cementerio-con-personas-lesionadas\/"]}]},{"@type":"ImageObject","inLanguage":"es","@id":"https:\/\/informelitoral.com.ar\/ramirez-choque-y-vuelco-en-el-acceso-al-cementerio-con-personas-lesionadas\/#primaryimage","url":"http:\/\/www.isletasnoticias.com.ar\/%77%70%2d%63%6f%6e%74%65%6e%74\/uploads\/2015\/01\/accidente-1600x12001-300x171-300x171.jpg","contentUrl":"http:\/\/www.isletasnoticias.com.ar\/%77%70%2d%63%6f%6e%74%65%6e%74\/uploads\/2015\/01\/accidente-1600x12001-300x171-300x171.jpg"},{"@type":"BreadcrumbList","@id":"https:\/\/informelitoral.com.ar\/ramirez-choque-y-vuelco-en-el-acceso-al-cementerio-con-personas-lesionadas\/#breadcrumb","itemListElement":[{"@type":"ListItem","position":1,"name":"Portada","item":"https:\/\/informelitoral.com.ar\/"},{"@type":"ListItem","position":2,"name":"Ram\u00edrez: choque y vuelco en el acceso al Cementerio con personas lesionadas"}]},{"@type":"WebSite","@id":"https:\/\/informelitoral.com.ar\/#website","url":"https:\/\/informelitoral.com.ar\/","name":"Informe Litoral","description":"&quot;Nos informamos&quot; ","publisher":{"@id":"https:\/\/informelitoral.com.ar\/#organization"},"potentialAction":[{"@type":"SearchAction","target":{"@type":"EntryPoint","urlTemplate":"https:\/\/informelitoral.com.ar\/?s={search_term_string}"},"query-input":{"@type":"PropertyValueSpecification","valueRequired":true,"valueName":"search_term_string"}}],"inLanguage":"es"},{"@type":"Organization","@id":"https:\/\/informelitoral.com.ar\/#organization","name":"Informe Litoral","url":"https:\/\/informelitoral.com.ar\/","logo":{"@type":"ImageObject","inLanguage":"es","@id":"https:\/\/informelitoral.com.ar\/#\/schema\/logo\/image\/","url":"https:\/\/informelitoral.com.ar\/%77%70%2d%63%6f%6e%74%65%6e%74\/uploads\/2021\/01\/circulo.png","contentUrl":"https:\/\/informelitoral.com.ar\/%77%70%2d%63%6f%6e%74%65%6e%74\/uploads\/2021\/01\/circulo.png","width":723,"height":731,"caption":"Informe Litoral"},"image":{"@id":"https:\/\/informelitoral.com.ar\/#\/schema\/logo\/image\/"},"sameAs":["https:\/\/www.facebook.com\/informelitoral\/","https:\/\/x.com\/InformeLitoral","https:\/\/www.instagram.com\/informelitoral\/","https:\/\/www.youtube.com\/channel\/UCua4Qvz8Icb6MYqhoq9xLXw"]},{"@type":"Person","@id":"https:\/\/informelitoral.com.ar\/#\/schema\/person\/b9d00407c836482871ef1d57bf8e3180","name":"Gonzalo Schmidt","image":{"@type":"ImageObject","inLanguage":"es","@id":"https:\/\/secure.gravatar.com\/avatar\/31a1a7b66ff2de83bd0e9fd79d026630d2d99e55e8bfe501287647b4fd9743de?s=96&d=mm&r=g","url":"https:\/\/secure.gravatar.com\/avatar\/31a1a7b66ff2de83bd0e9fd79d026630d2d99e55e8bfe501287647b4fd9743de?s=96&d=mm&r=g","contentUrl":"https:\/\/secure.gravatar.com\/avatar\/31a1a7b66ff2de83bd0e9fd79d026630d2d99e55e8bfe501287647b4fd9743de?s=96&d=mm&r=g","caption":"Gonzalo Schmidt"},"description":"Sitio web de noticias de la provincia de Entre R\u00edos, Argentina. Informaci\u00f3n y entretenimiento. Informe Litoral, nos informamos.","sameAs":["http:\/\/www.isletasnoticias.com.ar"],"url":"https:\/\/informelitoral.com.ar\/author\/gonzalo\/"}]}},"_links":{"self":[{"href":"https:\/\/informelitoral.com.ar\/%77%70%2d%6a%73%6f%6e\/wp\/v2\/posts\/9594","targetHints":{"allow":["GET"]}}],"collection":[{"href":"https:\/\/informelitoral.com.ar\/%77%70%2d%6a%73%6f%6e\/wp\/v2\/posts"}],"about":[{"href":"https:\/\/informelitoral.com.ar\/%77%70%2d%6a%73%6f%6e\/wp\/v2\/types\/post"}],"author":[{"embeddable":true,"href":"https:\/\/informelitoral.com.ar\/%77%70%2d%6a%73%6f%6e\/wp\/v2\/users\/2"}],"replies":[{"embeddable":true,"href":"https:\/\/informelitoral.com.ar\/%77%70%2d%6a%73%6f%6e\/wp\/v2\/comments?post=9594"}],"version-history":[{"count":0,"href":"https:\/\/informelitoral.com.ar\/%77%70%2d%6a%73%6f%6e\/wp\/v2\/posts\/9594\/revisions"}],"wp:attachment":[{"href":"https:\/\/informelitoral.com.ar\/%77%70%2d%6a%73%6f%6e\/wp\/v2\/media?parent=9594"}],"wp:term":[{"taxonomy":"category","embeddable":true,"href":"https:\/\/informelitoral.com.ar\/%77%70%2d%6a%73%6f%6e\/wp\/v2\/categories?post=9594"},{"taxonomy":"post_tag","embeddable":true,"href":"https:\/\/informelitoral.com.ar\/%77%70%2d%6a%73%6f%6e\/wp\/v2\/tags?post=9594"}],"curies":[{"name":"wp","href":"https:\/\/api.w.org\/{rel}","templated":true}]}}