{"id":95830,"date":"2022-11-24T22:15:44","date_gmt":"2022-11-25T01:15:44","guid":{"rendered":"https:\/\/www.informelitoral.com.ar\/?p=95830"},"modified":"2022-11-24T22:15:44","modified_gmt":"2022-11-25T01:15:44","slug":"presupuesto-provincial-2023-para-maneiro-es-el-presupuesto-de-la-bicicleta-financiera","status":"publish","type":"post","link":"https:\/\/informelitoral.com.ar\/presupuesto-provincial-2023-para-maneiro-es-el-presupuesto-de-la-bicicleta-financiera\/","title":{"rendered":"Presupuesto provincial 2023: para Maneiro \u201ces el presupuesto de la bicicleta financiera\u201d"},"content":{"rendered":"<p class=\"x_MsoNormal\">El legislador provincial <strong>Juli\u00e1n Maneiro<\/strong> junto a los dem\u00e1s miembros del bloque de diputados de la Uni\u00f3n C\u00edvica Radical &#8211;<strong>Gustavo Cusinato<\/strong> y <strong>Luc\u00eda Varisco<\/strong>&#8211; mantuvieron la posici\u00f3n fijada frente a la propuesta de presupuesto provincial 2022 y se abstuvieron de votar el proyecto del Gobierno para 2023. Se diferenciaron as\u00ed del interbloque Juntos por Entre R\u00edos que vot\u00f3 junto al oficialismo la iniciativa.<\/p>\n<p class=\"x_MsoNormal\">Maneiro fundament\u00f3 la posici\u00f3n adoptada expresando que \u201cEste presupuesto, con numerosas inconsistencias, reproduce cabalmente los mismos par\u00e1metros que los anteriores, por lo que le cabe la frase \u201csi hacemos lo mismo repetidamente, vamos a obtener los mismos resultados\u201d, por lo que desde nuestro bloque no encontramos motivos para modificar la posici\u00f3n del a\u00f1o anterior, es decir, abstenernos\u201d.<\/p>\n<p class=\"x_MsoNormal\">Puntualmente, enfoc\u00f3 sus cr\u00edticas en dos aspectos: la subejecuci\u00f3n de partidas que lleva a una licuaci\u00f3n de la inversi\u00f3n real y su consecuente utilizaci\u00f3n de los fondos no invertidos en la herramienta financiera de los plazos fijos.<\/p>\n<h4 class=\"x_MsoNormal\"><b>Cr\u00edticas<\/b><\/h4>\n<p class=\"x_MsoNormal\">Durante su alocuci\u00f3n en la sesi\u00f3n, Maneiro manifest\u00f3 su preocupaci\u00f3n por la subjecuci\u00f3n de las partidas en materia de obra p\u00fablica y asever\u00f3 que \u201cel presupuesto 2023 es una actualizaci\u00f3n del 2022\u201d, lo que hace que \u201cvolvamos a las mismas cr\u00edticas que hicimos el a\u00f1o pasado y el anterior\u201d.<\/p>\n<p class=\"x_MsoNormal\">En cuanto al d\u00e9ficit de la Caja de Jubilaciones, dijo que \u201cgobiernan desde 2003 y en alg\u00fan momento hay que encarar este tema. En el \u00faltimo a\u00f1o la relaci\u00f3n de jubilados ha crecido un 3,3% en relaci\u00f3n al a\u00f1o anterior y si esto sigue as\u00ed ser\u00e1 dif\u00edcil sostener este sistema jubilatorio. Algo hay que hacer y quienes est\u00e1n gobernando tienen la responsabilidad de hacerlo. No se cumplen los presupuestos m\u00ednimos para la educaci\u00f3n. Tampoco se piensa avanzar con la nacionalizaci\u00f3n de la UADER, o al menos no est\u00e1 pautado en este presupuesto\u201d, apunt\u00f3.<\/p>\n<p class=\"x_MsoNormal\">Hizo referencia tambi\u00e9n al Fondo de Reserva que est\u00e1 establecido en el art\u00edculo 21. Plante\u00f3 que \u201cEs raro que este Gobierno en este contexto de inflaci\u00f3n tenga como uno de sus principales ingresos la renta y la bicicleta financiera\u201d.<\/p>\n<h4 class=\"x_MsoNormal\"><b>Preocupaci\u00f3n<\/b><\/h4>\n<p class=\"x_MsoNormal\">El legislador radical resalt\u00f3 que \u201cLas partidas de inversi\u00f3n para el a\u00f1o que viene est\u00e1n incrementadas en un porcentaje menor a lo que ser\u00e1 la inflaci\u00f3n que tendremos, por lo que se puede prever que la inversi\u00f3n real en obra p\u00fablica seguir\u00e1 cayendo como viene sucediendo, lo que todos los entrerrianos vemos en cada uno de los \u00edtems que hacen a los servicios del gobierno provincial\u201d.<\/p>\n<p class=\"x_MsoNormal\">Finalmente, se\u00f1al\u00f3 que \u201cSi uno observa que el gobierno provincial cuenta con m\u00e1s de 66.000 millones de pesos en plazo fijo con un rendimiento superior al 100% anual, y lo compara con las falencias que vemos a diario en Salud, Educaci\u00f3n Vialidad, Seguridad o Infraestructura urbana, por citar algunos ejemplos, tranquilamente podemos concluir en que este es el presupuesto de la \u2018bicicleta financiera\u2019\u201d.<\/p>\n","protected":false},"excerpt":{"rendered":"<p>El legislador provincial junto a los dem\u00e1s miembros del bloque de diputados de la Uni\u00f3n C\u00edvica Radical -Gustavo Cusinato y Luc\u00eda Varisco- mantuvieron la posici\u00f3n fijada frente a la propuesta de presupuesto provincial 2022 y se abstuvieron de votar el proyecto del Gobierno para 2023.<\/p>\n","protected":false},"author":2,"featured_media":95831,"comment_status":"open","ping_status":"open","sticky":false,"template":"","format":"standard","meta":{"fifu_image_url":"","fifu_image_alt":"","footnotes":""},"categories":[16],"tags":[196,81,1529,287,721],"class_list":{"0":"post-95830","1":"post","2":"type-post","3":"status-publish","4":"format-standard","5":"has-post-thumbnail","7":"category-politi","8":"tag-diputados","9":"tag-entre-rios","10":"tag-julian-maneiro","11":"tag-legislativas","12":"tag-presupuesto"},"yoast_head":"<title>Presupuesto provincial 2023: para Maneiro \u201ces el presupuesto de la bicicleta financiera\u201d - Informe Litoral<\/title>\n<meta name=\"robots\" content=\"index, follow, max-snippet:-1, max-image-preview:large, max-video-preview:-1\" \/>\n<link rel=\"canonical\" href=\"https:\/\/informelitoral.com.ar\/presupuesto-provincial-2023-para-maneiro-es-el-presupuesto-de-la-bicicleta-financiera\/\" \/>\n<meta property=\"og:locale\" content=\"es_ES\" \/>\n<meta property=\"og:type\" content=\"article\" \/>\n<meta property=\"og:title\" content=\"Presupuesto provincial 2023: para Maneiro \u201ces el presupuesto de la bicicleta financiera\u201d - Informe Litoral\" \/>\n<meta property=\"og:description\" content=\"El legislador provincial junto a los dem\u00e1s miembros del bloque de diputados de la Uni\u00f3n C\u00edvica Radical -Gustavo Cusinato y Luc\u00eda Varisco- mantuvieron la posici\u00f3n fijada frente a la propuesta de presupuesto provincial 2022 y se abstuvieron de votar el proyecto del Gobierno para 2023.\" \/>\n<meta property=\"og:url\" content=\"https:\/\/informelitoral.com.ar\/presupuesto-provincial-2023-para-maneiro-es-el-presupuesto-de-la-bicicleta-financiera\/\" \/>\n<meta property=\"og:site_name\" content=\"Informe Litoral\" \/>\n<meta property=\"article:publisher\" content=\"https:\/\/www.facebook.com\/informelitoral\/\" \/>\n<meta property=\"article:published_time\" content=\"2022-11-25T01:15:44+00:00\" \/>\n<meta property=\"og:image\" content=\"https:\/\/informelitoral.com.ar\/%77%70%2d%63%6f%6e%74%65%6e%74\/uploads\/2022\/11\/Julian-Maneiro-Diputados.jpg\" \/>\n\t<meta property=\"og:image:width\" content=\"1600\" \/>\n\t<meta property=\"og:image:height\" content=\"1523\" \/>\n\t<meta property=\"og:image:type\" content=\"image\/jpeg\" \/>\n<meta name=\"author\" content=\"Gonzalo Schmidt\" \/>\n<meta name=\"twitter:card\" content=\"summary_large_image\" \/>\n<meta name=\"twitter:creator\" content=\"@InformeLitoral\" \/>\n<meta name=\"twitter:site\" content=\"@InformeLitoral\" \/>\n<meta name=\"twitter:label1\" content=\"Escrito por\" \/>\n\t<meta name=\"twitter:data1\" content=\"Gonzalo Schmidt\" \/>\n\t<meta name=\"twitter:label2\" content=\"Tiempo de lectura\" \/>\n\t<meta name=\"twitter:data2\" content=\"3 minutos\" \/>\n<script type=\"application\/ld+json\" class=\"yoast-schema-graph\">{\"@context\":\"https:\\\/\\\/schema.org\",\"@graph\":[{\"@type\":\"Article\",\"@id\":\"https:\\\/\\\/informelitoral.com.ar\\\/presupuesto-provincial-2023-para-maneiro-es-el-presupuesto-de-la-bicicleta-financiera\\\/#article\",\"isPartOf\":{\"@id\":\"https:\\\/\\\/informelitoral.com.ar\\\/presupuesto-provincial-2023-para-maneiro-es-el-presupuesto-de-la-bicicleta-financiera\\\/\"},\"author\":{\"name\":\"Gonzalo Schmidt\",\"@id\":\"https:\\\/\\\/informelitoral.com.ar\\\/#\\\/schema\\\/person\\\/b9d00407c836482871ef1d57bf8e3180\"},\"headline\":\"Presupuesto provincial 2023: para Maneiro \u201ces el presupuesto de la bicicleta financiera\u201d\",\"datePublished\":\"2022-11-25T01:15:44+00:00\",\"mainEntityOfPage\":{\"@id\":\"https:\\\/\\\/informelitoral.com.ar\\\/presupuesto-provincial-2023-para-maneiro-es-el-presupuesto-de-la-bicicleta-financiera\\\/\"},\"wordCount\":520,\"commentCount\":0,\"publisher\":{\"@id\":\"https:\\\/\\\/informelitoral.com.ar\\\/#organization\"},\"image\":{\"@id\":\"https:\\\/\\\/informelitoral.com.ar\\\/presupuesto-provincial-2023-para-maneiro-es-el-presupuesto-de-la-bicicleta-financiera\\\/#primaryimage\"},\"thumbnailUrl\":\"https:\\\/\\\/informelitoral.com.ar\\\/%77%70%2d%63%6f%6e%74%65%6e%74\\\/uploads\\\/2022\\\/11\\\/Julian-Maneiro-Diputados.jpg\",\"keywords\":[\"Diputados\",\"Entre R\u00edos\",\"Juli\u00e1n Maneiro\",\"Legislativas\",\"Presupuesto\"],\"articleSection\":[\"Politica\"],\"inLanguage\":\"es\",\"potentialAction\":[{\"@type\":\"CommentAction\",\"name\":\"Comment\",\"target\":[\"https:\\\/\\\/informelitoral.com.ar\\\/presupuesto-provincial-2023-para-maneiro-es-el-presupuesto-de-la-bicicleta-financiera\\\/#respond\"]}]},{\"@type\":\"WebPage\",\"@id\":\"https:\\\/\\\/informelitoral.com.ar\\\/presupuesto-provincial-2023-para-maneiro-es-el-presupuesto-de-la-bicicleta-financiera\\\/\",\"url\":\"https:\\\/\\\/informelitoral.com.ar\\\/presupuesto-provincial-2023-para-maneiro-es-el-presupuesto-de-la-bicicleta-financiera\\\/\",\"name\":\"Presupuesto provincial 2023: para Maneiro \u201ces el presupuesto de la bicicleta financiera\u201d - Informe Litoral\",\"isPartOf\":{\"@id\":\"https:\\\/\\\/informelitoral.com.ar\\\/#website\"},\"primaryImageOfPage\":{\"@id\":\"https:\\\/\\\/informelitoral.com.ar\\\/presupuesto-provincial-2023-para-maneiro-es-el-presupuesto-de-la-bicicleta-financiera\\\/#primaryimage\"},\"image\":{\"@id\":\"https:\\\/\\\/informelitoral.com.ar\\\/presupuesto-provincial-2023-para-maneiro-es-el-presupuesto-de-la-bicicleta-financiera\\\/#primaryimage\"},\"thumbnailUrl\":\"https:\\\/\\\/informelitoral.com.ar\\\/%77%70%2d%63%6f%6e%74%65%6e%74\\\/uploads\\\/2022\\\/11\\\/Julian-Maneiro-Diputados.jpg\",\"datePublished\":\"2022-11-25T01:15:44+00:00\",\"breadcrumb\":{\"@id\":\"https:\\\/\\\/informelitoral.com.ar\\\/presupuesto-provincial-2023-para-maneiro-es-el-presupuesto-de-la-bicicleta-financiera\\\/#breadcrumb\"},\"inLanguage\":\"es\",\"potentialAction\":[{\"@type\":\"ReadAction\",\"target\":[\"https:\\\/\\\/informelitoral.com.ar\\\/presupuesto-provincial-2023-para-maneiro-es-el-presupuesto-de-la-bicicleta-financiera\\\/\"]}]},{\"@type\":\"ImageObject\",\"inLanguage\":\"es\",\"@id\":\"https:\\\/\\\/informelitoral.com.ar\\\/presupuesto-provincial-2023-para-maneiro-es-el-presupuesto-de-la-bicicleta-financiera\\\/#primaryimage\",\"url\":\"https:\\\/\\\/informelitoral.com.ar\\\/%77%70%2d%63%6f%6e%74%65%6e%74\\\/uploads\\\/2022\\\/11\\\/Julian-Maneiro-Diputados.jpg\",\"contentUrl\":\"https:\\\/\\\/informelitoral.com.ar\\\/%77%70%2d%63%6f%6e%74%65%6e%74\\\/uploads\\\/2022\\\/11\\\/Julian-Maneiro-Diputados.jpg\",\"width\":1600,\"height\":1523},{\"@type\":\"BreadcrumbList\",\"@id\":\"https:\\\/\\\/informelitoral.com.ar\\\/presupuesto-provincial-2023-para-maneiro-es-el-presupuesto-de-la-bicicleta-financiera\\\/#breadcrumb\",\"itemListElement\":[{\"@type\":\"ListItem\",\"position\":1,\"name\":\"Portada\",\"item\":\"https:\\\/\\\/informelitoral.com.ar\\\/\"},{\"@type\":\"ListItem\",\"position\":2,\"name\":\"Presupuesto provincial 2023: para Maneiro \u201ces el presupuesto de la bicicleta financiera\u201d\"}]},{\"@type\":\"WebSite\",\"@id\":\"https:\\\/\\\/informelitoral.com.ar\\\/#website\",\"url\":\"https:\\\/\\\/informelitoral.com.ar\\\/\",\"name\":\"Informe Litoral\",\"description\":\"&quot;Nos informamos&quot; \",\"publisher\":{\"@id\":\"https:\\\/\\\/informelitoral.com.ar\\\/#organization\"},\"potentialAction\":[{\"@type\":\"SearchAction\",\"target\":{\"@type\":\"EntryPoint\",\"urlTemplate\":\"https:\\\/\\\/informelitoral.com.ar\\\/?s={search_term_string}\"},\"query-input\":{\"@type\":\"PropertyValueSpecification\",\"valueRequired\":true,\"valueName\":\"search_term_string\"}}],\"inLanguage\":\"es\"},{\"@type\":\"Organization\",\"@id\":\"https:\\\/\\\/informelitoral.com.ar\\\/#organization\",\"name\":\"Informe Litoral\",\"url\":\"https:\\\/\\\/informelitoral.com.ar\\\/\",\"logo\":{\"@type\":\"ImageObject\",\"inLanguage\":\"es\",\"@id\":\"https:\\\/\\\/informelitoral.com.ar\\\/#\\\/schema\\\/logo\\\/image\\\/\",\"url\":\"https:\\\/\\\/informelitoral.com.ar\\\/%77%70%2d%63%6f%6e%74%65%6e%74\\\/uploads\\\/2021\\\/01\\\/circulo.png\",\"contentUrl\":\"https:\\\/\\\/informelitoral.com.ar\\\/%77%70%2d%63%6f%6e%74%65%6e%74\\\/uploads\\\/2021\\\/01\\\/circulo.png\",\"width\":723,\"height\":731,\"caption\":\"Informe Litoral\"},\"image\":{\"@id\":\"https:\\\/\\\/informelitoral.com.ar\\\/#\\\/schema\\\/logo\\\/image\\\/\"},\"sameAs\":[\"https:\\\/\\\/www.facebook.com\\\/informelitoral\\\/\",\"https:\\\/\\\/x.com\\\/InformeLitoral\",\"https:\\\/\\\/www.instagram.com\\\/informelitoral\\\/\",\"https:\\\/\\\/www.youtube.com\\\/channel\\\/UCua4Qvz8Icb6MYqhoq9xLXw\"]},{\"@type\":\"Person\",\"@id\":\"https:\\\/\\\/informelitoral.com.ar\\\/#\\\/schema\\\/person\\\/b9d00407c836482871ef1d57bf8e3180\",\"name\":\"Gonzalo Schmidt\",\"image\":{\"@type\":\"ImageObject\",\"inLanguage\":\"es\",\"@id\":\"https:\\\/\\\/secure.gravatar.com\\\/avatar\\\/31a1a7b66ff2de83bd0e9fd79d026630d2d99e55e8bfe501287647b4fd9743de?s=96&d=mm&r=g\",\"url\":\"https:\\\/\\\/secure.gravatar.com\\\/avatar\\\/31a1a7b66ff2de83bd0e9fd79d026630d2d99e55e8bfe501287647b4fd9743de?s=96&d=mm&r=g\",\"contentUrl\":\"https:\\\/\\\/secure.gravatar.com\\\/avatar\\\/31a1a7b66ff2de83bd0e9fd79d026630d2d99e55e8bfe501287647b4fd9743de?s=96&d=mm&r=g\",\"caption\":\"Gonzalo Schmidt\"},\"description\":\"Sitio web de noticias de la provincia de Entre R\u00edos, Argentina. Informaci\u00f3n y entretenimiento. Informe Litoral, nos informamos.\",\"sameAs\":[\"http:\\\/\\\/www.isletasnoticias.com.ar\"],\"url\":\"https:\\\/\\\/informelitoral.com.ar\\\/author\\\/gonzalo\\\/\"}]}<\/script>","yoast_head_json":{"title":"Presupuesto provincial 2023: para Maneiro \u201ces el presupuesto de la bicicleta financiera\u201d - Informe Litoral","robots":{"index":"index","follow":"follow","max-snippet":"max-snippet:-1","max-image-preview":"max-image-preview:large","max-video-preview":"max-video-preview:-1"},"canonical":"https:\/\/informelitoral.com.ar\/presupuesto-provincial-2023-para-maneiro-es-el-presupuesto-de-la-bicicleta-financiera\/","og_locale":"es_ES","og_type":"article","og_title":"Presupuesto provincial 2023: para Maneiro \u201ces el presupuesto de la bicicleta financiera\u201d - Informe Litoral","og_description":"El legislador provincial junto a los dem\u00e1s miembros del bloque de diputados de la Uni\u00f3n C\u00edvica Radical -Gustavo Cusinato y Luc\u00eda Varisco- mantuvieron la posici\u00f3n fijada frente a la propuesta de presupuesto provincial 2022 y se abstuvieron de votar el proyecto del Gobierno para 2023.","og_url":"https:\/\/informelitoral.com.ar\/presupuesto-provincial-2023-para-maneiro-es-el-presupuesto-de-la-bicicleta-financiera\/","og_site_name":"Informe Litoral","article_publisher":"https:\/\/www.facebook.com\/informelitoral\/","article_published_time":"2022-11-25T01:15:44+00:00","og_image":[{"width":1600,"height":1523,"url":"https:\/\/informelitoral.com.ar\/%77%70%2d%63%6f%6e%74%65%6e%74\/uploads\/2022\/11\/Julian-Maneiro-Diputados.jpg","type":"image\/jpeg"}],"author":"Gonzalo Schmidt","twitter_card":"summary_large_image","twitter_creator":"@InformeLitoral","twitter_site":"@InformeLitoral","twitter_misc":{"Escrito por":"Gonzalo Schmidt","Tiempo de lectura":"3 minutos"},"schema":{"@context":"https:\/\/schema.org","@graph":[{"@type":"Article","@id":"https:\/\/informelitoral.com.ar\/presupuesto-provincial-2023-para-maneiro-es-el-presupuesto-de-la-bicicleta-financiera\/#article","isPartOf":{"@id":"https:\/\/informelitoral.com.ar\/presupuesto-provincial-2023-para-maneiro-es-el-presupuesto-de-la-bicicleta-financiera\/"},"author":{"name":"Gonzalo Schmidt","@id":"https:\/\/informelitoral.com.ar\/#\/schema\/person\/b9d00407c836482871ef1d57bf8e3180"},"headline":"Presupuesto provincial 2023: para Maneiro \u201ces el presupuesto de la bicicleta financiera\u201d","datePublished":"2022-11-25T01:15:44+00:00","mainEntityOfPage":{"@id":"https:\/\/informelitoral.com.ar\/presupuesto-provincial-2023-para-maneiro-es-el-presupuesto-de-la-bicicleta-financiera\/"},"wordCount":520,"commentCount":0,"publisher":{"@id":"https:\/\/informelitoral.com.ar\/#organization"},"image":{"@id":"https:\/\/informelitoral.com.ar\/presupuesto-provincial-2023-para-maneiro-es-el-presupuesto-de-la-bicicleta-financiera\/#primaryimage"},"thumbnailUrl":"https:\/\/informelitoral.com.ar\/%77%70%2d%63%6f%6e%74%65%6e%74\/uploads\/2022\/11\/Julian-Maneiro-Diputados.jpg","keywords":["Diputados","Entre R\u00edos","Juli\u00e1n Maneiro","Legislativas","Presupuesto"],"articleSection":["Politica"],"inLanguage":"es","potentialAction":[{"@type":"CommentAction","name":"Comment","target":["https:\/\/informelitoral.com.ar\/presupuesto-provincial-2023-para-maneiro-es-el-presupuesto-de-la-bicicleta-financiera\/#respond"]}]},{"@type":"WebPage","@id":"https:\/\/informelitoral.com.ar\/presupuesto-provincial-2023-para-maneiro-es-el-presupuesto-de-la-bicicleta-financiera\/","url":"https:\/\/informelitoral.com.ar\/presupuesto-provincial-2023-para-maneiro-es-el-presupuesto-de-la-bicicleta-financiera\/","name":"Presupuesto provincial 2023: para Maneiro \u201ces el presupuesto de la bicicleta financiera\u201d - Informe Litoral","isPartOf":{"@id":"https:\/\/informelitoral.com.ar\/#website"},"primaryImageOfPage":{"@id":"https:\/\/informelitoral.com.ar\/presupuesto-provincial-2023-para-maneiro-es-el-presupuesto-de-la-bicicleta-financiera\/#primaryimage"},"image":{"@id":"https:\/\/informelitoral.com.ar\/presupuesto-provincial-2023-para-maneiro-es-el-presupuesto-de-la-bicicleta-financiera\/#primaryimage"},"thumbnailUrl":"https:\/\/informelitoral.com.ar\/%77%70%2d%63%6f%6e%74%65%6e%74\/uploads\/2022\/11\/Julian-Maneiro-Diputados.jpg","datePublished":"2022-11-25T01:15:44+00:00","breadcrumb":{"@id":"https:\/\/informelitoral.com.ar\/presupuesto-provincial-2023-para-maneiro-es-el-presupuesto-de-la-bicicleta-financiera\/#breadcrumb"},"inLanguage":"es","potentialAction":[{"@type":"ReadAction","target":["https:\/\/informelitoral.com.ar\/presupuesto-provincial-2023-para-maneiro-es-el-presupuesto-de-la-bicicleta-financiera\/"]}]},{"@type":"ImageObject","inLanguage":"es","@id":"https:\/\/informelitoral.com.ar\/presupuesto-provincial-2023-para-maneiro-es-el-presupuesto-de-la-bicicleta-financiera\/#primaryimage","url":"https:\/\/informelitoral.com.ar\/%77%70%2d%63%6f%6e%74%65%6e%74\/uploads\/2022\/11\/Julian-Maneiro-Diputados.jpg","contentUrl":"https:\/\/informelitoral.com.ar\/%77%70%2d%63%6f%6e%74%65%6e%74\/uploads\/2022\/11\/Julian-Maneiro-Diputados.jpg","width":1600,"height":1523},{"@type":"BreadcrumbList","@id":"https:\/\/informelitoral.com.ar\/presupuesto-provincial-2023-para-maneiro-es-el-presupuesto-de-la-bicicleta-financiera\/#breadcrumb","itemListElement":[{"@type":"ListItem","position":1,"name":"Portada","item":"https:\/\/informelitoral.com.ar\/"},{"@type":"ListItem","position":2,"name":"Presupuesto provincial 2023: para Maneiro \u201ces el presupuesto de la bicicleta financiera\u201d"}]},{"@type":"WebSite","@id":"https:\/\/informelitoral.com.ar\/#website","url":"https:\/\/informelitoral.com.ar\/","name":"Informe Litoral","description":"&quot;Nos informamos&quot; ","publisher":{"@id":"https:\/\/informelitoral.com.ar\/#organization"},"potentialAction":[{"@type":"SearchAction","target":{"@type":"EntryPoint","urlTemplate":"https:\/\/informelitoral.com.ar\/?s={search_term_string}"},"query-input":{"@type":"PropertyValueSpecification","valueRequired":true,"valueName":"search_term_string"}}],"inLanguage":"es"},{"@type":"Organization","@id":"https:\/\/informelitoral.com.ar\/#organization","name":"Informe Litoral","url":"https:\/\/informelitoral.com.ar\/","logo":{"@type":"ImageObject","inLanguage":"es","@id":"https:\/\/informelitoral.com.ar\/#\/schema\/logo\/image\/","url":"https:\/\/informelitoral.com.ar\/%77%70%2d%63%6f%6e%74%65%6e%74\/uploads\/2021\/01\/circulo.png","contentUrl":"https:\/\/informelitoral.com.ar\/%77%70%2d%63%6f%6e%74%65%6e%74\/uploads\/2021\/01\/circulo.png","width":723,"height":731,"caption":"Informe Litoral"},"image":{"@id":"https:\/\/informelitoral.com.ar\/#\/schema\/logo\/image\/"},"sameAs":["https:\/\/www.facebook.com\/informelitoral\/","https:\/\/x.com\/InformeLitoral","https:\/\/www.instagram.com\/informelitoral\/","https:\/\/www.youtube.com\/channel\/UCua4Qvz8Icb6MYqhoq9xLXw"]},{"@type":"Person","@id":"https:\/\/informelitoral.com.ar\/#\/schema\/person\/b9d00407c836482871ef1d57bf8e3180","name":"Gonzalo Schmidt","image":{"@type":"ImageObject","inLanguage":"es","@id":"https:\/\/secure.gravatar.com\/avatar\/31a1a7b66ff2de83bd0e9fd79d026630d2d99e55e8bfe501287647b4fd9743de?s=96&d=mm&r=g","url":"https:\/\/secure.gravatar.com\/avatar\/31a1a7b66ff2de83bd0e9fd79d026630d2d99e55e8bfe501287647b4fd9743de?s=96&d=mm&r=g","contentUrl":"https:\/\/secure.gravatar.com\/avatar\/31a1a7b66ff2de83bd0e9fd79d026630d2d99e55e8bfe501287647b4fd9743de?s=96&d=mm&r=g","caption":"Gonzalo Schmidt"},"description":"Sitio web de noticias de la provincia de Entre R\u00edos, Argentina. Informaci\u00f3n y entretenimiento. Informe Litoral, nos informamos.","sameAs":["http:\/\/www.isletasnoticias.com.ar"],"url":"https:\/\/informelitoral.com.ar\/author\/gonzalo\/"}]}},"_links":{"self":[{"href":"https:\/\/informelitoral.com.ar\/%77%70%2d%6a%73%6f%6e\/wp\/v2\/posts\/95830","targetHints":{"allow":["GET"]}}],"collection":[{"href":"https:\/\/informelitoral.com.ar\/%77%70%2d%6a%73%6f%6e\/wp\/v2\/posts"}],"about":[{"href":"https:\/\/informelitoral.com.ar\/%77%70%2d%6a%73%6f%6e\/wp\/v2\/types\/post"}],"author":[{"embeddable":true,"href":"https:\/\/informelitoral.com.ar\/%77%70%2d%6a%73%6f%6e\/wp\/v2\/users\/2"}],"replies":[{"embeddable":true,"href":"https:\/\/informelitoral.com.ar\/%77%70%2d%6a%73%6f%6e\/wp\/v2\/comments?post=95830"}],"version-history":[{"count":0,"href":"https:\/\/informelitoral.com.ar\/%77%70%2d%6a%73%6f%6e\/wp\/v2\/posts\/95830\/revisions"}],"wp:featuredmedia":[{"embeddable":true,"href":"https:\/\/informelitoral.com.ar\/%77%70%2d%6a%73%6f%6e\/wp\/v2\/media\/95831"}],"wp:attachment":[{"href":"https:\/\/informelitoral.com.ar\/%77%70%2d%6a%73%6f%6e\/wp\/v2\/media?parent=95830"}],"wp:term":[{"taxonomy":"category","embeddable":true,"href":"https:\/\/informelitoral.com.ar\/%77%70%2d%6a%73%6f%6e\/wp\/v2\/categories?post=95830"},{"taxonomy":"post_tag","embeddable":true,"href":"https:\/\/informelitoral.com.ar\/%77%70%2d%6a%73%6f%6e\/wp\/v2\/tags?post=95830"}],"curies":[{"name":"wp","href":"https:\/\/api.w.org\/{rel}","templated":true}]}}