{"id":9573,"date":"2015-01-14T00:20:07","date_gmt":"2015-01-14T03:20:07","guid":{"rendered":"http:\/\/www.isletasnoticias.com.ar\/?p=9573"},"modified":"2015-01-13T22:24:05","modified_gmt":"2015-01-14T01:24:05","slug":"afirman-que-el-nivel-de-ocupacion-por-el-turismo-en-entre-rios-es-superior-al-del-ano-pasado","status":"publish","type":"post","link":"https:\/\/informelitoral.com.ar\/afirman-que-el-nivel-de-ocupacion-por-el-turismo-en-entre-rios-es-superior-al-del-ano-pasado\/","title":{"rendered":"Afirman que el nivel de ocupaci\u00f3n por el turismo en Entre R\u00edos es superior al del a\u00f1o pasado"},"content":{"rendered":"<p><strong>En el comienzo del a\u00f1o Entre R\u00edos mantiene su afluencia tur\u00edstica y supera el nivel de ocupaci\u00f3n respecto al mismo periodo de la temporada pasada, seg\u00fan lo indica un relevamiento del Ministerio de Turismo de la provincia. El carnaval, las fiestas populares, los complejos termales y los parques nacionales, entre otros atractivos, posicionan a la provincia con un excelente nivel de ocupaci\u00f3n que alcanza el 83 por ciento promedio, con plazas que llegan hasta el 95 por ciento.<a href=\"http:\/\/www.isletasnoticias.com.ar\/%77%70%2d%63%6f%6e%74%65%6e%74\/uploads\/2015\/01\/m_1421160452.jpg\"><img loading=\"lazy\" decoding=\"async\" class=\"aligncenter size-full wp-image-9574\" src=\"http:\/\/www.isletasnoticias.com.ar\/%77%70%2d%63%6f%6e%74%65%6e%74\/uploads\/2015\/01\/m_1421160452.jpg\" alt=\"m_1421160452\" width=\"288\" height=\"192\" \/><\/a><\/strong><\/p>\n<p>La temporada estival en la provincia volvi\u00f3 a ser muy buena. Miles de vehiculos transitan las rutas entrerrianas para visitar los principales destinos tur\u00edsticos. Las playas, que esperan la bajante del r\u00edo Uruguay, y las termas son los lugares m\u00e1s elegido para el verano.<\/p>\n<p>\u00abDurantes estos primeros 11 d\u00edas de enero de 2015 las termas de Federaci\u00f3n registraron un total de 22.526 visitantes. Esto es un 34% mas que el mismo per\u00edodo del a\u00f1o 2014\u00bb, comento la directora de turismo de Federaci\u00f3n, Graciela Racedo. La reciente Fiesta nacional del Lago de esta ciudad, cont\u00f3 con la presencia de artistas de renombre nacional e internacional, y el balance de p\u00fablico fue altamente positivo.<\/p>\n<p>La ciudad de Gualeguaych\u00fa, dio comienzo al carnaval del pa\u00eds, con la presencia de 26.000 personas que vibraron al ritmo de la m\u00fasica y acompa\u00f1aron el esfuerzo de toda una comunidad que trabaja mejorando el nivel y las presentaciones de sus comparsas a\u00f1o tras a\u00f1o. El nivel de ocupaci\u00f3n fue elevado y el nivel de reservas augura una excelente temporada.<\/p>\n<p>En tanto, m\u00e1s de 11.000 personas disfrutaron de la Fiesta del Sol y del R\u00edo en Valle Mar\u00eda, con la m\u00fasica de Dj Der\u00f3, que colmaron las instalaciones del balneario de esta ciudad de la costa del Paran\u00e1 el fin de semana pasado.<\/p>\n<p>Concepci\u00f3n del Uruguay vivi\u00f3 la fiesta Nacional de La Playa, la cual se realiz\u00f3 en el predio multieventos, contando con una masiva afluencia de vecinos y turistas, que disfrutaron con la actuaci\u00f3n de los grupos musicales de nivel nacional que all\u00ed se presentaron. Los turistas en esa ciudad colmaron las instalaciones de Termas Concepci\u00f3n, que recientemente reinaugur\u00f3 su parque acu\u00e1tico con nuevos toboganes para el disfrute de toda la familia.<\/p>\n<p>Diamante se mostr\u00f3 al pa\u00eds a trav\u00e9s de la TV P\u00fablica con su festival de doma y folclore, siendo una de la fiesta de m\u00e1s convocatoria del comienzo del a\u00f1o entrerriano en la costa del Paran\u00e1. Con shows musicales de primer nivel, la fiesta de doma y folcklore, fue vista por miles de argentinos<\/p>\n<p>\u00abMas all\u00e1 de la creciente del R\u00edo Uruguay, Entre r\u00edos vive un momento tur\u00edstico muy relevante. Alcanzar un 82 % de nivel de ocupaci\u00f3n promedio, habla del trabajo de difusi\u00f3n, as\u00ed como el regreso de los turistas hacia este destino y el esfuerzo del sector privado por mejorar y ampliar el \u00e1rea de servicios de Entre R\u00edos\u201d, destac\u00f3 el ministro de turismo Hugo Mars\u00f3. Dijo ademas, que \u00abeste verano el gobernador Urribarri decidi\u00f3 que hay que seguir creciendo en turismo, y se generaron acciones publicitarias muy fuertes buscando una mayor presencia en los destinos tur\u00edsticos m\u00e1s importantes del pa\u00eds, y brindando informaci\u00f3n de todos los atractivos en las calles de las ciudades que mayor registro de visitantes tienen nuestra provincia\u00bb.<\/p>\n","protected":false},"excerpt":{"rendered":"<p>En el comienzo del a&ntilde;o Entre R&iacute;os mantiene su afluencia tur&iacute;stica y supera el nivel de ocupaci&oacute;n respecto al mismo periodo de la temporada pasada, seg&uacute;n lo indica un relevamiento del Ministerio de Turismo de la provincia. El carnaval, las fiestas populares, los complejos termales y los parques nacionales, entre otros atractivos, posicionan a la [&hellip;]<\/p>\n","protected":false},"author":2,"featured_media":0,"comment_status":"open","ping_status":"open","sticky":false,"template":"","format":"standard","meta":{"fifu_image_url":"","fifu_image_alt":"","footnotes":""},"categories":[6],"tags":[],"class_list":{"0":"post-9573","1":"post","2":"type-post","3":"status-publish","4":"format-standard","6":"category-entre-rios"},"yoast_head":"<title>Afirman que el nivel de ocupaci\u00f3n por el turismo en Entre R\u00edos es superior al del a\u00f1o pasado - Informe Litoral<\/title>\n<meta name=\"robots\" content=\"index, follow, max-snippet:-1, max-image-preview:large, max-video-preview:-1\" \/>\n<link rel=\"canonical\" href=\"https:\/\/informelitoral.com.ar\/afirman-que-el-nivel-de-ocupacion-por-el-turismo-en-entre-rios-es-superior-al-del-ano-pasado\/\" \/>\n<meta property=\"og:locale\" content=\"es_ES\" \/>\n<meta property=\"og:type\" content=\"article\" \/>\n<meta property=\"og:title\" content=\"Afirman que el nivel de ocupaci\u00f3n por el turismo en Entre R\u00edos es superior al del a\u00f1o pasado - Informe Litoral\" \/>\n<meta property=\"og:description\" content=\"En el comienzo del a&ntilde;o Entre R&iacute;os mantiene su afluencia tur&iacute;stica y supera el nivel de ocupaci&oacute;n respecto al mismo periodo de la temporada pasada, seg&uacute;n lo indica un relevamiento del Ministerio de Turismo de la provincia. El carnaval, las fiestas populares, los complejos termales y los parques nacionales, entre otros atractivos, posicionan a la [&hellip;]\" \/>\n<meta property=\"og:url\" content=\"https:\/\/informelitoral.com.ar\/afirman-que-el-nivel-de-ocupacion-por-el-turismo-en-entre-rios-es-superior-al-del-ano-pasado\/\" \/>\n<meta property=\"og:site_name\" content=\"Informe Litoral\" \/>\n<meta property=\"article:publisher\" content=\"https:\/\/www.facebook.com\/informelitoral\/\" \/>\n<meta property=\"article:published_time\" content=\"2015-01-14T03:20:07+00:00\" \/>\n<meta property=\"og:image\" content=\"https:\/\/informelitoral.com.ar\/%77%70%2d%63%6f%6e%74%65%6e%74\/uploads\/2015\/01\/m_1421160452.jpg\" \/>\n\t<meta property=\"og:image:width\" content=\"288\" \/>\n\t<meta property=\"og:image:height\" content=\"192\" \/>\n\t<meta property=\"og:image:type\" content=\"image\/jpeg\" \/>\n<meta name=\"author\" content=\"Gonzalo Schmidt\" \/>\n<meta name=\"twitter:card\" content=\"summary_large_image\" \/>\n<meta name=\"twitter:creator\" content=\"@InformeLitoral\" \/>\n<meta name=\"twitter:site\" content=\"@InformeLitoral\" \/>\n<meta name=\"twitter:label1\" content=\"Escrito por\" \/>\n\t<meta name=\"twitter:data1\" content=\"Gonzalo Schmidt\" \/>\n\t<meta name=\"twitter:label2\" content=\"Tiempo de lectura\" \/>\n\t<meta name=\"twitter:data2\" content=\"3 minutos\" \/>\n<script type=\"application\/ld+json\" class=\"yoast-schema-graph\">{\"@context\":\"https:\\\/\\\/schema.org\",\"@graph\":[{\"@type\":\"Article\",\"@id\":\"https:\\\/\\\/informelitoral.com.ar\\\/afirman-que-el-nivel-de-ocupacion-por-el-turismo-en-entre-rios-es-superior-al-del-ano-pasado\\\/#article\",\"isPartOf\":{\"@id\":\"https:\\\/\\\/informelitoral.com.ar\\\/afirman-que-el-nivel-de-ocupacion-por-el-turismo-en-entre-rios-es-superior-al-del-ano-pasado\\\/\"},\"author\":{\"name\":\"Gonzalo Schmidt\",\"@id\":\"https:\\\/\\\/informelitoral.com.ar\\\/#\\\/schema\\\/person\\\/b9d00407c836482871ef1d57bf8e3180\"},\"headline\":\"Afirman que el nivel de ocupaci\u00f3n por el turismo en Entre R\u00edos es superior al del a\u00f1o pasado\",\"datePublished\":\"2015-01-14T03:20:07+00:00\",\"mainEntityOfPage\":{\"@id\":\"https:\\\/\\\/informelitoral.com.ar\\\/afirman-que-el-nivel-de-ocupacion-por-el-turismo-en-entre-rios-es-superior-al-del-ano-pasado\\\/\"},\"wordCount\":591,\"commentCount\":0,\"publisher\":{\"@id\":\"https:\\\/\\\/informelitoral.com.ar\\\/#organization\"},\"image\":{\"@id\":\"https:\\\/\\\/informelitoral.com.ar\\\/afirman-que-el-nivel-de-ocupacion-por-el-turismo-en-entre-rios-es-superior-al-del-ano-pasado\\\/#primaryimage\"},\"thumbnailUrl\":\"http:\\\/\\\/www.isletasnoticias.com.ar\\\/%77%70%2d%63%6f%6e%74%65%6e%74\\\/uploads\\\/2015\\\/01\\\/m_1421160452.jpg\",\"articleSection\":[\"Entre R\u00edos\"],\"inLanguage\":\"es\",\"potentialAction\":[{\"@type\":\"CommentAction\",\"name\":\"Comment\",\"target\":[\"https:\\\/\\\/informelitoral.com.ar\\\/afirman-que-el-nivel-de-ocupacion-por-el-turismo-en-entre-rios-es-superior-al-del-ano-pasado\\\/#respond\"]}]},{\"@type\":\"WebPage\",\"@id\":\"https:\\\/\\\/informelitoral.com.ar\\\/afirman-que-el-nivel-de-ocupacion-por-el-turismo-en-entre-rios-es-superior-al-del-ano-pasado\\\/\",\"url\":\"https:\\\/\\\/informelitoral.com.ar\\\/afirman-que-el-nivel-de-ocupacion-por-el-turismo-en-entre-rios-es-superior-al-del-ano-pasado\\\/\",\"name\":\"Afirman que el nivel de ocupaci\u00f3n por el turismo en Entre R\u00edos es superior al del a\u00f1o pasado - Informe Litoral\",\"isPartOf\":{\"@id\":\"https:\\\/\\\/informelitoral.com.ar\\\/#website\"},\"primaryImageOfPage\":{\"@id\":\"https:\\\/\\\/informelitoral.com.ar\\\/afirman-que-el-nivel-de-ocupacion-por-el-turismo-en-entre-rios-es-superior-al-del-ano-pasado\\\/#primaryimage\"},\"image\":{\"@id\":\"https:\\\/\\\/informelitoral.com.ar\\\/afirman-que-el-nivel-de-ocupacion-por-el-turismo-en-entre-rios-es-superior-al-del-ano-pasado\\\/#primaryimage\"},\"thumbnailUrl\":\"http:\\\/\\\/www.isletasnoticias.com.ar\\\/%77%70%2d%63%6f%6e%74%65%6e%74\\\/uploads\\\/2015\\\/01\\\/m_1421160452.jpg\",\"datePublished\":\"2015-01-14T03:20:07+00:00\",\"breadcrumb\":{\"@id\":\"https:\\\/\\\/informelitoral.com.ar\\\/afirman-que-el-nivel-de-ocupacion-por-el-turismo-en-entre-rios-es-superior-al-del-ano-pasado\\\/#breadcrumb\"},\"inLanguage\":\"es\",\"potentialAction\":[{\"@type\":\"ReadAction\",\"target\":[\"https:\\\/\\\/informelitoral.com.ar\\\/afirman-que-el-nivel-de-ocupacion-por-el-turismo-en-entre-rios-es-superior-al-del-ano-pasado\\\/\"]}]},{\"@type\":\"ImageObject\",\"inLanguage\":\"es\",\"@id\":\"https:\\\/\\\/informelitoral.com.ar\\\/afirman-que-el-nivel-de-ocupacion-por-el-turismo-en-entre-rios-es-superior-al-del-ano-pasado\\\/#primaryimage\",\"url\":\"http:\\\/\\\/www.isletasnoticias.com.ar\\\/%77%70%2d%63%6f%6e%74%65%6e%74\\\/uploads\\\/2015\\\/01\\\/m_1421160452.jpg\",\"contentUrl\":\"http:\\\/\\\/www.isletasnoticias.com.ar\\\/%77%70%2d%63%6f%6e%74%65%6e%74\\\/uploads\\\/2015\\\/01\\\/m_1421160452.jpg\"},{\"@type\":\"BreadcrumbList\",\"@id\":\"https:\\\/\\\/informelitoral.com.ar\\\/afirman-que-el-nivel-de-ocupacion-por-el-turismo-en-entre-rios-es-superior-al-del-ano-pasado\\\/#breadcrumb\",\"itemListElement\":[{\"@type\":\"ListItem\",\"position\":1,\"name\":\"Portada\",\"item\":\"https:\\\/\\\/informelitoral.com.ar\\\/\"},{\"@type\":\"ListItem\",\"position\":2,\"name\":\"Afirman que el nivel de ocupaci\u00f3n por el turismo en Entre R\u00edos es superior al del a\u00f1o pasado\"}]},{\"@type\":\"WebSite\",\"@id\":\"https:\\\/\\\/informelitoral.com.ar\\\/#website\",\"url\":\"https:\\\/\\\/informelitoral.com.ar\\\/\",\"name\":\"Informe Litoral\",\"description\":\"&quot;Nos informamos&quot; \",\"publisher\":{\"@id\":\"https:\\\/\\\/informelitoral.com.ar\\\/#organization\"},\"potentialAction\":[{\"@type\":\"SearchAction\",\"target\":{\"@type\":\"EntryPoint\",\"urlTemplate\":\"https:\\\/\\\/informelitoral.com.ar\\\/?s={search_term_string}\"},\"query-input\":{\"@type\":\"PropertyValueSpecification\",\"valueRequired\":true,\"valueName\":\"search_term_string\"}}],\"inLanguage\":\"es\"},{\"@type\":\"Organization\",\"@id\":\"https:\\\/\\\/informelitoral.com.ar\\\/#organization\",\"name\":\"Informe Litoral\",\"url\":\"https:\\\/\\\/informelitoral.com.ar\\\/\",\"logo\":{\"@type\":\"ImageObject\",\"inLanguage\":\"es\",\"@id\":\"https:\\\/\\\/informelitoral.com.ar\\\/#\\\/schema\\\/logo\\\/image\\\/\",\"url\":\"https:\\\/\\\/informelitoral.com.ar\\\/%77%70%2d%63%6f%6e%74%65%6e%74\\\/uploads\\\/2021\\\/01\\\/circulo.png\",\"contentUrl\":\"https:\\\/\\\/informelitoral.com.ar\\\/%77%70%2d%63%6f%6e%74%65%6e%74\\\/uploads\\\/2021\\\/01\\\/circulo.png\",\"width\":723,\"height\":731,\"caption\":\"Informe Litoral\"},\"image\":{\"@id\":\"https:\\\/\\\/informelitoral.com.ar\\\/#\\\/schema\\\/logo\\\/image\\\/\"},\"sameAs\":[\"https:\\\/\\\/www.facebook.com\\\/informelitoral\\\/\",\"https:\\\/\\\/x.com\\\/InformeLitoral\",\"https:\\\/\\\/www.instagram.com\\\/informelitoral\\\/\",\"https:\\\/\\\/www.youtube.com\\\/channel\\\/UCua4Qvz8Icb6MYqhoq9xLXw\"]},{\"@type\":\"Person\",\"@id\":\"https:\\\/\\\/informelitoral.com.ar\\\/#\\\/schema\\\/person\\\/b9d00407c836482871ef1d57bf8e3180\",\"name\":\"Gonzalo Schmidt\",\"image\":{\"@type\":\"ImageObject\",\"inLanguage\":\"es\",\"@id\":\"https:\\\/\\\/secure.gravatar.com\\\/avatar\\\/31a1a7b66ff2de83bd0e9fd79d026630d2d99e55e8bfe501287647b4fd9743de?s=96&d=mm&r=g\",\"url\":\"https:\\\/\\\/secure.gravatar.com\\\/avatar\\\/31a1a7b66ff2de83bd0e9fd79d026630d2d99e55e8bfe501287647b4fd9743de?s=96&d=mm&r=g\",\"contentUrl\":\"https:\\\/\\\/secure.gravatar.com\\\/avatar\\\/31a1a7b66ff2de83bd0e9fd79d026630d2d99e55e8bfe501287647b4fd9743de?s=96&d=mm&r=g\",\"caption\":\"Gonzalo Schmidt\"},\"description\":\"Sitio web de noticias de la provincia de Entre R\u00edos, Argentina. Informaci\u00f3n y entretenimiento. Informe Litoral, nos informamos.\",\"sameAs\":[\"http:\\\/\\\/www.isletasnoticias.com.ar\"],\"url\":\"https:\\\/\\\/informelitoral.com.ar\\\/author\\\/gonzalo\\\/\"}]}<\/script>","yoast_head_json":{"title":"Afirman que el nivel de ocupaci\u00f3n por el turismo en Entre R\u00edos es superior al del a\u00f1o pasado - Informe Litoral","robots":{"index":"index","follow":"follow","max-snippet":"max-snippet:-1","max-image-preview":"max-image-preview:large","max-video-preview":"max-video-preview:-1"},"canonical":"https:\/\/informelitoral.com.ar\/afirman-que-el-nivel-de-ocupacion-por-el-turismo-en-entre-rios-es-superior-al-del-ano-pasado\/","og_locale":"es_ES","og_type":"article","og_title":"Afirman que el nivel de ocupaci\u00f3n por el turismo en Entre R\u00edos es superior al del a\u00f1o pasado - Informe Litoral","og_description":"En el comienzo del a&ntilde;o Entre R&iacute;os mantiene su afluencia tur&iacute;stica y supera el nivel de ocupaci&oacute;n respecto al mismo periodo de la temporada pasada, seg&uacute;n lo indica un relevamiento del Ministerio de Turismo de la provincia. El carnaval, las fiestas populares, los complejos termales y los parques nacionales, entre otros atractivos, posicionan a la [&hellip;]","og_url":"https:\/\/informelitoral.com.ar\/afirman-que-el-nivel-de-ocupacion-por-el-turismo-en-entre-rios-es-superior-al-del-ano-pasado\/","og_site_name":"Informe Litoral","article_publisher":"https:\/\/www.facebook.com\/informelitoral\/","article_published_time":"2015-01-14T03:20:07+00:00","og_image":[{"width":288,"height":192,"url":"https:\/\/informelitoral.com.ar\/%77%70%2d%63%6f%6e%74%65%6e%74\/uploads\/2015\/01\/m_1421160452.jpg","type":"image\/jpeg"}],"author":"Gonzalo Schmidt","twitter_card":"summary_large_image","twitter_creator":"@InformeLitoral","twitter_site":"@InformeLitoral","twitter_misc":{"Escrito por":"Gonzalo Schmidt","Tiempo de lectura":"3 minutos"},"schema":{"@context":"https:\/\/schema.org","@graph":[{"@type":"Article","@id":"https:\/\/informelitoral.com.ar\/afirman-que-el-nivel-de-ocupacion-por-el-turismo-en-entre-rios-es-superior-al-del-ano-pasado\/#article","isPartOf":{"@id":"https:\/\/informelitoral.com.ar\/afirman-que-el-nivel-de-ocupacion-por-el-turismo-en-entre-rios-es-superior-al-del-ano-pasado\/"},"author":{"name":"Gonzalo Schmidt","@id":"https:\/\/informelitoral.com.ar\/#\/schema\/person\/b9d00407c836482871ef1d57bf8e3180"},"headline":"Afirman que el nivel de ocupaci\u00f3n por el turismo en Entre R\u00edos es superior al del a\u00f1o pasado","datePublished":"2015-01-14T03:20:07+00:00","mainEntityOfPage":{"@id":"https:\/\/informelitoral.com.ar\/afirman-que-el-nivel-de-ocupacion-por-el-turismo-en-entre-rios-es-superior-al-del-ano-pasado\/"},"wordCount":591,"commentCount":0,"publisher":{"@id":"https:\/\/informelitoral.com.ar\/#organization"},"image":{"@id":"https:\/\/informelitoral.com.ar\/afirman-que-el-nivel-de-ocupacion-por-el-turismo-en-entre-rios-es-superior-al-del-ano-pasado\/#primaryimage"},"thumbnailUrl":"http:\/\/www.isletasnoticias.com.ar\/%77%70%2d%63%6f%6e%74%65%6e%74\/uploads\/2015\/01\/m_1421160452.jpg","articleSection":["Entre R\u00edos"],"inLanguage":"es","potentialAction":[{"@type":"CommentAction","name":"Comment","target":["https:\/\/informelitoral.com.ar\/afirman-que-el-nivel-de-ocupacion-por-el-turismo-en-entre-rios-es-superior-al-del-ano-pasado\/#respond"]}]},{"@type":"WebPage","@id":"https:\/\/informelitoral.com.ar\/afirman-que-el-nivel-de-ocupacion-por-el-turismo-en-entre-rios-es-superior-al-del-ano-pasado\/","url":"https:\/\/informelitoral.com.ar\/afirman-que-el-nivel-de-ocupacion-por-el-turismo-en-entre-rios-es-superior-al-del-ano-pasado\/","name":"Afirman que el nivel de ocupaci\u00f3n por el turismo en Entre R\u00edos es superior al del a\u00f1o pasado - Informe Litoral","isPartOf":{"@id":"https:\/\/informelitoral.com.ar\/#website"},"primaryImageOfPage":{"@id":"https:\/\/informelitoral.com.ar\/afirman-que-el-nivel-de-ocupacion-por-el-turismo-en-entre-rios-es-superior-al-del-ano-pasado\/#primaryimage"},"image":{"@id":"https:\/\/informelitoral.com.ar\/afirman-que-el-nivel-de-ocupacion-por-el-turismo-en-entre-rios-es-superior-al-del-ano-pasado\/#primaryimage"},"thumbnailUrl":"http:\/\/www.isletasnoticias.com.ar\/%77%70%2d%63%6f%6e%74%65%6e%74\/uploads\/2015\/01\/m_1421160452.jpg","datePublished":"2015-01-14T03:20:07+00:00","breadcrumb":{"@id":"https:\/\/informelitoral.com.ar\/afirman-que-el-nivel-de-ocupacion-por-el-turismo-en-entre-rios-es-superior-al-del-ano-pasado\/#breadcrumb"},"inLanguage":"es","potentialAction":[{"@type":"ReadAction","target":["https:\/\/informelitoral.com.ar\/afirman-que-el-nivel-de-ocupacion-por-el-turismo-en-entre-rios-es-superior-al-del-ano-pasado\/"]}]},{"@type":"ImageObject","inLanguage":"es","@id":"https:\/\/informelitoral.com.ar\/afirman-que-el-nivel-de-ocupacion-por-el-turismo-en-entre-rios-es-superior-al-del-ano-pasado\/#primaryimage","url":"http:\/\/www.isletasnoticias.com.ar\/%77%70%2d%63%6f%6e%74%65%6e%74\/uploads\/2015\/01\/m_1421160452.jpg","contentUrl":"http:\/\/www.isletasnoticias.com.ar\/%77%70%2d%63%6f%6e%74%65%6e%74\/uploads\/2015\/01\/m_1421160452.jpg"},{"@type":"BreadcrumbList","@id":"https:\/\/informelitoral.com.ar\/afirman-que-el-nivel-de-ocupacion-por-el-turismo-en-entre-rios-es-superior-al-del-ano-pasado\/#breadcrumb","itemListElement":[{"@type":"ListItem","position":1,"name":"Portada","item":"https:\/\/informelitoral.com.ar\/"},{"@type":"ListItem","position":2,"name":"Afirman que el nivel de ocupaci\u00f3n por el turismo en Entre R\u00edos es superior al del a\u00f1o pasado"}]},{"@type":"WebSite","@id":"https:\/\/informelitoral.com.ar\/#website","url":"https:\/\/informelitoral.com.ar\/","name":"Informe Litoral","description":"&quot;Nos informamos&quot; ","publisher":{"@id":"https:\/\/informelitoral.com.ar\/#organization"},"potentialAction":[{"@type":"SearchAction","target":{"@type":"EntryPoint","urlTemplate":"https:\/\/informelitoral.com.ar\/?s={search_term_string}"},"query-input":{"@type":"PropertyValueSpecification","valueRequired":true,"valueName":"search_term_string"}}],"inLanguage":"es"},{"@type":"Organization","@id":"https:\/\/informelitoral.com.ar\/#organization","name":"Informe Litoral","url":"https:\/\/informelitoral.com.ar\/","logo":{"@type":"ImageObject","inLanguage":"es","@id":"https:\/\/informelitoral.com.ar\/#\/schema\/logo\/image\/","url":"https:\/\/informelitoral.com.ar\/%77%70%2d%63%6f%6e%74%65%6e%74\/uploads\/2021\/01\/circulo.png","contentUrl":"https:\/\/informelitoral.com.ar\/%77%70%2d%63%6f%6e%74%65%6e%74\/uploads\/2021\/01\/circulo.png","width":723,"height":731,"caption":"Informe Litoral"},"image":{"@id":"https:\/\/informelitoral.com.ar\/#\/schema\/logo\/image\/"},"sameAs":["https:\/\/www.facebook.com\/informelitoral\/","https:\/\/x.com\/InformeLitoral","https:\/\/www.instagram.com\/informelitoral\/","https:\/\/www.youtube.com\/channel\/UCua4Qvz8Icb6MYqhoq9xLXw"]},{"@type":"Person","@id":"https:\/\/informelitoral.com.ar\/#\/schema\/person\/b9d00407c836482871ef1d57bf8e3180","name":"Gonzalo Schmidt","image":{"@type":"ImageObject","inLanguage":"es","@id":"https:\/\/secure.gravatar.com\/avatar\/31a1a7b66ff2de83bd0e9fd79d026630d2d99e55e8bfe501287647b4fd9743de?s=96&d=mm&r=g","url":"https:\/\/secure.gravatar.com\/avatar\/31a1a7b66ff2de83bd0e9fd79d026630d2d99e55e8bfe501287647b4fd9743de?s=96&d=mm&r=g","contentUrl":"https:\/\/secure.gravatar.com\/avatar\/31a1a7b66ff2de83bd0e9fd79d026630d2d99e55e8bfe501287647b4fd9743de?s=96&d=mm&r=g","caption":"Gonzalo Schmidt"},"description":"Sitio web de noticias de la provincia de Entre R\u00edos, Argentina. Informaci\u00f3n y entretenimiento. Informe Litoral, nos informamos.","sameAs":["http:\/\/www.isletasnoticias.com.ar"],"url":"https:\/\/informelitoral.com.ar\/author\/gonzalo\/"}]}},"_links":{"self":[{"href":"https:\/\/informelitoral.com.ar\/%77%70%2d%6a%73%6f%6e\/wp\/v2\/posts\/9573","targetHints":{"allow":["GET"]}}],"collection":[{"href":"https:\/\/informelitoral.com.ar\/%77%70%2d%6a%73%6f%6e\/wp\/v2\/posts"}],"about":[{"href":"https:\/\/informelitoral.com.ar\/%77%70%2d%6a%73%6f%6e\/wp\/v2\/types\/post"}],"author":[{"embeddable":true,"href":"https:\/\/informelitoral.com.ar\/%77%70%2d%6a%73%6f%6e\/wp\/v2\/users\/2"}],"replies":[{"embeddable":true,"href":"https:\/\/informelitoral.com.ar\/%77%70%2d%6a%73%6f%6e\/wp\/v2\/comments?post=9573"}],"version-history":[{"count":0,"href":"https:\/\/informelitoral.com.ar\/%77%70%2d%6a%73%6f%6e\/wp\/v2\/posts\/9573\/revisions"}],"wp:attachment":[{"href":"https:\/\/informelitoral.com.ar\/%77%70%2d%6a%73%6f%6e\/wp\/v2\/media?parent=9573"}],"wp:term":[{"taxonomy":"category","embeddable":true,"href":"https:\/\/informelitoral.com.ar\/%77%70%2d%6a%73%6f%6e\/wp\/v2\/categories?post=9573"},{"taxonomy":"post_tag","embeddable":true,"href":"https:\/\/informelitoral.com.ar\/%77%70%2d%6a%73%6f%6e\/wp\/v2\/tags?post=9573"}],"curies":[{"name":"wp","href":"https:\/\/api.w.org\/{rel}","templated":true}]}}