{"id":9555,"date":"2015-01-13T19:47:05","date_gmt":"2015-01-13T22:47:05","guid":{"rendered":"http:\/\/www.isletasnoticias.com.ar\/?p=9555"},"modified":"2015-01-13T19:49:29","modified_gmt":"2015-01-13T22:49:29","slug":"isletas-tras-la-tormenta-integrantes-de-la-junta-de-gobierno-colaboraron-parando-postes-caidos","status":"publish","type":"post","link":"https:\/\/informelitoral.com.ar\/isletas-tras-la-tormenta-integrantes-de-la-junta-de-gobierno-colaboraron-parando-postes-caidos\/","title":{"rendered":"Isletas: tras la tormenta, integrantes de la Junta de Gobierno colaboraron parando postes ca\u00eddos"},"content":{"rendered":"<p><strong>El propio tesorero comunal, <em>Omar Capellino<\/em>, junto a otros integrantes de la actual gesti\u00f3n local, trabajaron durante gran parte del lunes. Si bien lograron parar una importante cantidad de postes ca\u00eddos, no se logr\u00f3 restablecer el servicio de energ\u00eda el\u00e9ctrica a todos los vecinos.<a href=\"http:\/\/www.isletasnoticias.com.ar\/%77%70%2d%63%6f%6e%74%65%6e%74\/uploads\/2015\/01\/11.jpg\"><img loading=\"lazy\" decoding=\"async\" class=\"aligncenter size-medium wp-image-9556\" src=\"http:\/\/www.isletasnoticias.com.ar\/%77%70%2d%63%6f%6e%74%65%6e%74\/uploads\/2015\/01\/11-300x199.jpg\" alt=\"11\" width=\"300\" height=\"199\" srcset=\"https:\/\/informelitoral.com.ar\/%77%70%2d%63%6f%6e%74%65%6e%74\/uploads\/2015\/01\/11-300x199.jpg 300w, https:\/\/informelitoral.com.ar\/%77%70%2d%63%6f%6e%74%65%6e%74\/uploads\/2015\/01\/11.jpg 960w\" sizes=\"auto, (max-width: 300px) 100vw, 300px\" \/><\/a><\/strong><\/p>\n<p>Ante la falta de personal y material de trabajo de la Cooperativa de Servicios P\u00fablicos Quebracho de Viale, los propios integrantes de la Junta de Gobierno, decidieron colaborar parando una importante cantidad de postes ca\u00eddos.<a href=\"http:\/\/www.isletasnoticias.com.ar\/%77%70%2d%63%6f%6e%74%65%6e%74\/uploads\/2015\/01\/6.jpg\"><img loading=\"lazy\" decoding=\"async\" class=\"alignright wp-image-9557 size-medium\" src=\"http:\/\/www.isletasnoticias.com.ar\/%77%70%2d%63%6f%6e%74%65%6e%74\/uploads\/2015\/01\/6-300x199.jpg\" alt=\"6\" width=\"300\" height=\"199\" srcset=\"https:\/\/informelitoral.com.ar\/%77%70%2d%63%6f%6e%74%65%6e%74\/uploads\/2015\/01\/6-300x199.jpg 300w, https:\/\/informelitoral.com.ar\/%77%70%2d%63%6f%6e%74%65%6e%74\/uploads\/2015\/01\/6.jpg 960w\" sizes=\"auto, (max-width: 300px) 100vw, 300px\" \/><\/a><\/p>\n<p>Esto se dio tras la fuerte tormenta que afect\u00f3 parte de Isletas y otras localidades en las \u00faltimas horas del s\u00e1bado 10 de enero.<\/p>\n<p>Sin embargo, a pesar de ello, muchos vecinos siguen sin luz en sus viviendas, lo cual adem\u00e1s de los contratiempos generar\u00e1 m\u00e1s perdidas en la mayor\u00eda de los casos.<\/p>\n<p>Los trabajos desde la Junta, fueron encabezados por el propio tesorero, <strong>Omar Capellino<\/strong>, aunque tambi\u00e9n participaron el vocal C\u00e9sar Viola, el marido de la secretaria, Ra\u00fal \u00abRauli\u00bb Sosa, Alcides Wolff, entre otros. <em>(Isletas Noticias)<\/em><\/p>\n","protected":false},"excerpt":{"rendered":"<p>El propio tesorero comunal, Omar Capellino, junto a otros integrantes de la actual gesti&oacute;n local, trabajaron durante gran parte del lunes. Si bien lograron parar una importante cantidad de postes ca&iacute;dos, no se logr&oacute; restablecer el servicio de energ&iacute;a el&eacute;ctrica a todos los vecinos. Ante la falta de personal y material de trabajo de la [&hellip;]<\/p>\n","protected":false},"author":2,"featured_media":0,"comment_status":"open","ping_status":"open","sticky":false,"template":"","format":"standard","meta":{"fifu_image_url":"","fifu_image_alt":"","footnotes":""},"categories":[4,16],"tags":[],"class_list":{"0":"post-9555","1":"post","2":"type-post","3":"status-publish","4":"format-standard","6":"category-locales","7":"category-politi"},"yoast_head":"<title>Isletas: tras la tormenta, integrantes de la Junta de Gobierno colaboraron parando postes ca\u00eddos - Informe Litoral<\/title>\n<meta name=\"robots\" content=\"index, follow, max-snippet:-1, max-image-preview:large, max-video-preview:-1\" \/>\n<link rel=\"canonical\" href=\"https:\/\/informelitoral.com.ar\/isletas-tras-la-tormenta-integrantes-de-la-junta-de-gobierno-colaboraron-parando-postes-caidos\/\" \/>\n<meta property=\"og:locale\" content=\"es_ES\" \/>\n<meta property=\"og:type\" content=\"article\" \/>\n<meta property=\"og:title\" content=\"Isletas: tras la tormenta, integrantes de la Junta de Gobierno colaboraron parando postes ca\u00eddos - Informe Litoral\" \/>\n<meta property=\"og:description\" content=\"El propio tesorero comunal, Omar Capellino, junto a otros integrantes de la actual gesti&oacute;n local, trabajaron durante gran parte del lunes. Si bien lograron parar una importante cantidad de postes ca&iacute;dos, no se logr&oacute; restablecer el servicio de energ&iacute;a el&eacute;ctrica a todos los vecinos. Ante la falta de personal y material de trabajo de la [&hellip;]\" \/>\n<meta property=\"og:url\" content=\"https:\/\/informelitoral.com.ar\/isletas-tras-la-tormenta-integrantes-de-la-junta-de-gobierno-colaboraron-parando-postes-caidos\/\" \/>\n<meta property=\"og:site_name\" content=\"Informe Litoral\" \/>\n<meta property=\"article:publisher\" content=\"https:\/\/www.facebook.com\/informelitoral\/\" \/>\n<meta property=\"article:published_time\" content=\"2015-01-13T22:47:05+00:00\" \/>\n<meta property=\"article:modified_time\" content=\"2015-01-13T22:49:29+00:00\" \/>\n<meta property=\"og:image\" content=\"https:\/\/informelitoral.com.ar\/%77%70%2d%63%6f%6e%74%65%6e%74\/uploads\/2015\/01\/11.jpg\" \/>\n\t<meta property=\"og:image:width\" content=\"960\" \/>\n\t<meta property=\"og:image:height\" content=\"639\" \/>\n\t<meta property=\"og:image:type\" content=\"image\/jpeg\" \/>\n<meta name=\"author\" content=\"Gonzalo Schmidt\" \/>\n<meta name=\"twitter:card\" content=\"summary_large_image\" \/>\n<meta name=\"twitter:creator\" content=\"@InformeLitoral\" \/>\n<meta name=\"twitter:site\" content=\"@InformeLitoral\" \/>\n<meta name=\"twitter:label1\" content=\"Escrito por\" \/>\n\t<meta name=\"twitter:data1\" content=\"Gonzalo Schmidt\" \/>\n\t<meta name=\"twitter:label2\" content=\"Tiempo de lectura\" \/>\n\t<meta name=\"twitter:data2\" content=\"1 minuto\" \/>\n<script type=\"application\/ld+json\" class=\"yoast-schema-graph\">{\"@context\":\"https:\\\/\\\/schema.org\",\"@graph\":[{\"@type\":\"Article\",\"@id\":\"https:\\\/\\\/informelitoral.com.ar\\\/isletas-tras-la-tormenta-integrantes-de-la-junta-de-gobierno-colaboraron-parando-postes-caidos\\\/#article\",\"isPartOf\":{\"@id\":\"https:\\\/\\\/informelitoral.com.ar\\\/isletas-tras-la-tormenta-integrantes-de-la-junta-de-gobierno-colaboraron-parando-postes-caidos\\\/\"},\"author\":{\"name\":\"Gonzalo Schmidt\",\"@id\":\"https:\\\/\\\/informelitoral.com.ar\\\/#\\\/schema\\\/person\\\/b9d00407c836482871ef1d57bf8e3180\"},\"headline\":\"Isletas: tras la tormenta, integrantes de la Junta de Gobierno colaboraron parando postes ca\u00eddos\",\"datePublished\":\"2015-01-13T22:47:05+00:00\",\"dateModified\":\"2015-01-13T22:49:29+00:00\",\"mainEntityOfPage\":{\"@id\":\"https:\\\/\\\/informelitoral.com.ar\\\/isletas-tras-la-tormenta-integrantes-de-la-junta-de-gobierno-colaboraron-parando-postes-caidos\\\/\"},\"wordCount\":193,\"commentCount\":0,\"publisher\":{\"@id\":\"https:\\\/\\\/informelitoral.com.ar\\\/#organization\"},\"image\":{\"@id\":\"https:\\\/\\\/informelitoral.com.ar\\\/isletas-tras-la-tormenta-integrantes-de-la-junta-de-gobierno-colaboraron-parando-postes-caidos\\\/#primaryimage\"},\"thumbnailUrl\":\"http:\\\/\\\/www.isletasnoticias.com.ar\\\/%77%70%2d%63%6f%6e%74%65%6e%74\\\/uploads\\\/2015\\\/01\\\/11-300x199.jpg\",\"articleSection\":[\"Isletas\",\"Politica\"],\"inLanguage\":\"es\",\"potentialAction\":[{\"@type\":\"CommentAction\",\"name\":\"Comment\",\"target\":[\"https:\\\/\\\/informelitoral.com.ar\\\/isletas-tras-la-tormenta-integrantes-de-la-junta-de-gobierno-colaboraron-parando-postes-caidos\\\/#respond\"]}]},{\"@type\":\"WebPage\",\"@id\":\"https:\\\/\\\/informelitoral.com.ar\\\/isletas-tras-la-tormenta-integrantes-de-la-junta-de-gobierno-colaboraron-parando-postes-caidos\\\/\",\"url\":\"https:\\\/\\\/informelitoral.com.ar\\\/isletas-tras-la-tormenta-integrantes-de-la-junta-de-gobierno-colaboraron-parando-postes-caidos\\\/\",\"name\":\"Isletas: tras la tormenta, integrantes de la Junta de Gobierno colaboraron parando postes ca\u00eddos - Informe Litoral\",\"isPartOf\":{\"@id\":\"https:\\\/\\\/informelitoral.com.ar\\\/#website\"},\"primaryImageOfPage\":{\"@id\":\"https:\\\/\\\/informelitoral.com.ar\\\/isletas-tras-la-tormenta-integrantes-de-la-junta-de-gobierno-colaboraron-parando-postes-caidos\\\/#primaryimage\"},\"image\":{\"@id\":\"https:\\\/\\\/informelitoral.com.ar\\\/isletas-tras-la-tormenta-integrantes-de-la-junta-de-gobierno-colaboraron-parando-postes-caidos\\\/#primaryimage\"},\"thumbnailUrl\":\"http:\\\/\\\/www.isletasnoticias.com.ar\\\/%77%70%2d%63%6f%6e%74%65%6e%74\\\/uploads\\\/2015\\\/01\\\/11-300x199.jpg\",\"datePublished\":\"2015-01-13T22:47:05+00:00\",\"dateModified\":\"2015-01-13T22:49:29+00:00\",\"breadcrumb\":{\"@id\":\"https:\\\/\\\/informelitoral.com.ar\\\/isletas-tras-la-tormenta-integrantes-de-la-junta-de-gobierno-colaboraron-parando-postes-caidos\\\/#breadcrumb\"},\"inLanguage\":\"es\",\"potentialAction\":[{\"@type\":\"ReadAction\",\"target\":[\"https:\\\/\\\/informelitoral.com.ar\\\/isletas-tras-la-tormenta-integrantes-de-la-junta-de-gobierno-colaboraron-parando-postes-caidos\\\/\"]}]},{\"@type\":\"ImageObject\",\"inLanguage\":\"es\",\"@id\":\"https:\\\/\\\/informelitoral.com.ar\\\/isletas-tras-la-tormenta-integrantes-de-la-junta-de-gobierno-colaboraron-parando-postes-caidos\\\/#primaryimage\",\"url\":\"http:\\\/\\\/www.isletasnoticias.com.ar\\\/%77%70%2d%63%6f%6e%74%65%6e%74\\\/uploads\\\/2015\\\/01\\\/11-300x199.jpg\",\"contentUrl\":\"http:\\\/\\\/www.isletasnoticias.com.ar\\\/%77%70%2d%63%6f%6e%74%65%6e%74\\\/uploads\\\/2015\\\/01\\\/11-300x199.jpg\"},{\"@type\":\"BreadcrumbList\",\"@id\":\"https:\\\/\\\/informelitoral.com.ar\\\/isletas-tras-la-tormenta-integrantes-de-la-junta-de-gobierno-colaboraron-parando-postes-caidos\\\/#breadcrumb\",\"itemListElement\":[{\"@type\":\"ListItem\",\"position\":1,\"name\":\"Portada\",\"item\":\"https:\\\/\\\/informelitoral.com.ar\\\/\"},{\"@type\":\"ListItem\",\"position\":2,\"name\":\"Isletas: tras la tormenta, integrantes de la Junta de Gobierno colaboraron parando postes ca\u00eddos\"}]},{\"@type\":\"WebSite\",\"@id\":\"https:\\\/\\\/informelitoral.com.ar\\\/#website\",\"url\":\"https:\\\/\\\/informelitoral.com.ar\\\/\",\"name\":\"Informe Litoral\",\"description\":\"&quot;Nos informamos&quot; \",\"publisher\":{\"@id\":\"https:\\\/\\\/informelitoral.com.ar\\\/#organization\"},\"potentialAction\":[{\"@type\":\"SearchAction\",\"target\":{\"@type\":\"EntryPoint\",\"urlTemplate\":\"https:\\\/\\\/informelitoral.com.ar\\\/?s={search_term_string}\"},\"query-input\":{\"@type\":\"PropertyValueSpecification\",\"valueRequired\":true,\"valueName\":\"search_term_string\"}}],\"inLanguage\":\"es\"},{\"@type\":\"Organization\",\"@id\":\"https:\\\/\\\/informelitoral.com.ar\\\/#organization\",\"name\":\"Informe Litoral\",\"url\":\"https:\\\/\\\/informelitoral.com.ar\\\/\",\"logo\":{\"@type\":\"ImageObject\",\"inLanguage\":\"es\",\"@id\":\"https:\\\/\\\/informelitoral.com.ar\\\/#\\\/schema\\\/logo\\\/image\\\/\",\"url\":\"https:\\\/\\\/informelitoral.com.ar\\\/%77%70%2d%63%6f%6e%74%65%6e%74\\\/uploads\\\/2021\\\/01\\\/circulo.png\",\"contentUrl\":\"https:\\\/\\\/informelitoral.com.ar\\\/%77%70%2d%63%6f%6e%74%65%6e%74\\\/uploads\\\/2021\\\/01\\\/circulo.png\",\"width\":723,\"height\":731,\"caption\":\"Informe Litoral\"},\"image\":{\"@id\":\"https:\\\/\\\/informelitoral.com.ar\\\/#\\\/schema\\\/logo\\\/image\\\/\"},\"sameAs\":[\"https:\\\/\\\/www.facebook.com\\\/informelitoral\\\/\",\"https:\\\/\\\/x.com\\\/InformeLitoral\",\"https:\\\/\\\/www.instagram.com\\\/informelitoral\\\/\",\"https:\\\/\\\/www.youtube.com\\\/channel\\\/UCua4Qvz8Icb6MYqhoq9xLXw\"]},{\"@type\":\"Person\",\"@id\":\"https:\\\/\\\/informelitoral.com.ar\\\/#\\\/schema\\\/person\\\/b9d00407c836482871ef1d57bf8e3180\",\"name\":\"Gonzalo Schmidt\",\"image\":{\"@type\":\"ImageObject\",\"inLanguage\":\"es\",\"@id\":\"https:\\\/\\\/secure.gravatar.com\\\/avatar\\\/31a1a7b66ff2de83bd0e9fd79d026630d2d99e55e8bfe501287647b4fd9743de?s=96&d=mm&r=g\",\"url\":\"https:\\\/\\\/secure.gravatar.com\\\/avatar\\\/31a1a7b66ff2de83bd0e9fd79d026630d2d99e55e8bfe501287647b4fd9743de?s=96&d=mm&r=g\",\"contentUrl\":\"https:\\\/\\\/secure.gravatar.com\\\/avatar\\\/31a1a7b66ff2de83bd0e9fd79d026630d2d99e55e8bfe501287647b4fd9743de?s=96&d=mm&r=g\",\"caption\":\"Gonzalo Schmidt\"},\"description\":\"Sitio web de noticias de la provincia de Entre R\u00edos, Argentina. Informaci\u00f3n y entretenimiento. Informe Litoral, nos informamos.\",\"sameAs\":[\"http:\\\/\\\/www.isletasnoticias.com.ar\"],\"url\":\"https:\\\/\\\/informelitoral.com.ar\\\/author\\\/gonzalo\\\/\"}]}<\/script>","yoast_head_json":{"title":"Isletas: tras la tormenta, integrantes de la Junta de Gobierno colaboraron parando postes ca\u00eddos - Informe Litoral","robots":{"index":"index","follow":"follow","max-snippet":"max-snippet:-1","max-image-preview":"max-image-preview:large","max-video-preview":"max-video-preview:-1"},"canonical":"https:\/\/informelitoral.com.ar\/isletas-tras-la-tormenta-integrantes-de-la-junta-de-gobierno-colaboraron-parando-postes-caidos\/","og_locale":"es_ES","og_type":"article","og_title":"Isletas: tras la tormenta, integrantes de la Junta de Gobierno colaboraron parando postes ca\u00eddos - Informe Litoral","og_description":"El propio tesorero comunal, Omar Capellino, junto a otros integrantes de la actual gesti&oacute;n local, trabajaron durante gran parte del lunes. Si bien lograron parar una importante cantidad de postes ca&iacute;dos, no se logr&oacute; restablecer el servicio de energ&iacute;a el&eacute;ctrica a todos los vecinos. Ante la falta de personal y material de trabajo de la [&hellip;]","og_url":"https:\/\/informelitoral.com.ar\/isletas-tras-la-tormenta-integrantes-de-la-junta-de-gobierno-colaboraron-parando-postes-caidos\/","og_site_name":"Informe Litoral","article_publisher":"https:\/\/www.facebook.com\/informelitoral\/","article_published_time":"2015-01-13T22:47:05+00:00","article_modified_time":"2015-01-13T22:49:29+00:00","og_image":[{"width":960,"height":639,"url":"https:\/\/informelitoral.com.ar\/%77%70%2d%63%6f%6e%74%65%6e%74\/uploads\/2015\/01\/11.jpg","type":"image\/jpeg"}],"author":"Gonzalo Schmidt","twitter_card":"summary_large_image","twitter_creator":"@InformeLitoral","twitter_site":"@InformeLitoral","twitter_misc":{"Escrito por":"Gonzalo Schmidt","Tiempo de lectura":"1 minuto"},"schema":{"@context":"https:\/\/schema.org","@graph":[{"@type":"Article","@id":"https:\/\/informelitoral.com.ar\/isletas-tras-la-tormenta-integrantes-de-la-junta-de-gobierno-colaboraron-parando-postes-caidos\/#article","isPartOf":{"@id":"https:\/\/informelitoral.com.ar\/isletas-tras-la-tormenta-integrantes-de-la-junta-de-gobierno-colaboraron-parando-postes-caidos\/"},"author":{"name":"Gonzalo Schmidt","@id":"https:\/\/informelitoral.com.ar\/#\/schema\/person\/b9d00407c836482871ef1d57bf8e3180"},"headline":"Isletas: tras la tormenta, integrantes de la Junta de Gobierno colaboraron parando postes ca\u00eddos","datePublished":"2015-01-13T22:47:05+00:00","dateModified":"2015-01-13T22:49:29+00:00","mainEntityOfPage":{"@id":"https:\/\/informelitoral.com.ar\/isletas-tras-la-tormenta-integrantes-de-la-junta-de-gobierno-colaboraron-parando-postes-caidos\/"},"wordCount":193,"commentCount":0,"publisher":{"@id":"https:\/\/informelitoral.com.ar\/#organization"},"image":{"@id":"https:\/\/informelitoral.com.ar\/isletas-tras-la-tormenta-integrantes-de-la-junta-de-gobierno-colaboraron-parando-postes-caidos\/#primaryimage"},"thumbnailUrl":"http:\/\/www.isletasnoticias.com.ar\/%77%70%2d%63%6f%6e%74%65%6e%74\/uploads\/2015\/01\/11-300x199.jpg","articleSection":["Isletas","Politica"],"inLanguage":"es","potentialAction":[{"@type":"CommentAction","name":"Comment","target":["https:\/\/informelitoral.com.ar\/isletas-tras-la-tormenta-integrantes-de-la-junta-de-gobierno-colaboraron-parando-postes-caidos\/#respond"]}]},{"@type":"WebPage","@id":"https:\/\/informelitoral.com.ar\/isletas-tras-la-tormenta-integrantes-de-la-junta-de-gobierno-colaboraron-parando-postes-caidos\/","url":"https:\/\/informelitoral.com.ar\/isletas-tras-la-tormenta-integrantes-de-la-junta-de-gobierno-colaboraron-parando-postes-caidos\/","name":"Isletas: tras la tormenta, integrantes de la Junta de Gobierno colaboraron parando postes ca\u00eddos - Informe Litoral","isPartOf":{"@id":"https:\/\/informelitoral.com.ar\/#website"},"primaryImageOfPage":{"@id":"https:\/\/informelitoral.com.ar\/isletas-tras-la-tormenta-integrantes-de-la-junta-de-gobierno-colaboraron-parando-postes-caidos\/#primaryimage"},"image":{"@id":"https:\/\/informelitoral.com.ar\/isletas-tras-la-tormenta-integrantes-de-la-junta-de-gobierno-colaboraron-parando-postes-caidos\/#primaryimage"},"thumbnailUrl":"http:\/\/www.isletasnoticias.com.ar\/%77%70%2d%63%6f%6e%74%65%6e%74\/uploads\/2015\/01\/11-300x199.jpg","datePublished":"2015-01-13T22:47:05+00:00","dateModified":"2015-01-13T22:49:29+00:00","breadcrumb":{"@id":"https:\/\/informelitoral.com.ar\/isletas-tras-la-tormenta-integrantes-de-la-junta-de-gobierno-colaboraron-parando-postes-caidos\/#breadcrumb"},"inLanguage":"es","potentialAction":[{"@type":"ReadAction","target":["https:\/\/informelitoral.com.ar\/isletas-tras-la-tormenta-integrantes-de-la-junta-de-gobierno-colaboraron-parando-postes-caidos\/"]}]},{"@type":"ImageObject","inLanguage":"es","@id":"https:\/\/informelitoral.com.ar\/isletas-tras-la-tormenta-integrantes-de-la-junta-de-gobierno-colaboraron-parando-postes-caidos\/#primaryimage","url":"http:\/\/www.isletasnoticias.com.ar\/%77%70%2d%63%6f%6e%74%65%6e%74\/uploads\/2015\/01\/11-300x199.jpg","contentUrl":"http:\/\/www.isletasnoticias.com.ar\/%77%70%2d%63%6f%6e%74%65%6e%74\/uploads\/2015\/01\/11-300x199.jpg"},{"@type":"BreadcrumbList","@id":"https:\/\/informelitoral.com.ar\/isletas-tras-la-tormenta-integrantes-de-la-junta-de-gobierno-colaboraron-parando-postes-caidos\/#breadcrumb","itemListElement":[{"@type":"ListItem","position":1,"name":"Portada","item":"https:\/\/informelitoral.com.ar\/"},{"@type":"ListItem","position":2,"name":"Isletas: tras la tormenta, integrantes de la Junta de Gobierno colaboraron parando postes ca\u00eddos"}]},{"@type":"WebSite","@id":"https:\/\/informelitoral.com.ar\/#website","url":"https:\/\/informelitoral.com.ar\/","name":"Informe Litoral","description":"&quot;Nos informamos&quot; ","publisher":{"@id":"https:\/\/informelitoral.com.ar\/#organization"},"potentialAction":[{"@type":"SearchAction","target":{"@type":"EntryPoint","urlTemplate":"https:\/\/informelitoral.com.ar\/?s={search_term_string}"},"query-input":{"@type":"PropertyValueSpecification","valueRequired":true,"valueName":"search_term_string"}}],"inLanguage":"es"},{"@type":"Organization","@id":"https:\/\/informelitoral.com.ar\/#organization","name":"Informe Litoral","url":"https:\/\/informelitoral.com.ar\/","logo":{"@type":"ImageObject","inLanguage":"es","@id":"https:\/\/informelitoral.com.ar\/#\/schema\/logo\/image\/","url":"https:\/\/informelitoral.com.ar\/%77%70%2d%63%6f%6e%74%65%6e%74\/uploads\/2021\/01\/circulo.png","contentUrl":"https:\/\/informelitoral.com.ar\/%77%70%2d%63%6f%6e%74%65%6e%74\/uploads\/2021\/01\/circulo.png","width":723,"height":731,"caption":"Informe Litoral"},"image":{"@id":"https:\/\/informelitoral.com.ar\/#\/schema\/logo\/image\/"},"sameAs":["https:\/\/www.facebook.com\/informelitoral\/","https:\/\/x.com\/InformeLitoral","https:\/\/www.instagram.com\/informelitoral\/","https:\/\/www.youtube.com\/channel\/UCua4Qvz8Icb6MYqhoq9xLXw"]},{"@type":"Person","@id":"https:\/\/informelitoral.com.ar\/#\/schema\/person\/b9d00407c836482871ef1d57bf8e3180","name":"Gonzalo Schmidt","image":{"@type":"ImageObject","inLanguage":"es","@id":"https:\/\/secure.gravatar.com\/avatar\/31a1a7b66ff2de83bd0e9fd79d026630d2d99e55e8bfe501287647b4fd9743de?s=96&d=mm&r=g","url":"https:\/\/secure.gravatar.com\/avatar\/31a1a7b66ff2de83bd0e9fd79d026630d2d99e55e8bfe501287647b4fd9743de?s=96&d=mm&r=g","contentUrl":"https:\/\/secure.gravatar.com\/avatar\/31a1a7b66ff2de83bd0e9fd79d026630d2d99e55e8bfe501287647b4fd9743de?s=96&d=mm&r=g","caption":"Gonzalo Schmidt"},"description":"Sitio web de noticias de la provincia de Entre R\u00edos, Argentina. Informaci\u00f3n y entretenimiento. Informe Litoral, nos informamos.","sameAs":["http:\/\/www.isletasnoticias.com.ar"],"url":"https:\/\/informelitoral.com.ar\/author\/gonzalo\/"}]}},"_links":{"self":[{"href":"https:\/\/informelitoral.com.ar\/%77%70%2d%6a%73%6f%6e\/wp\/v2\/posts\/9555","targetHints":{"allow":["GET"]}}],"collection":[{"href":"https:\/\/informelitoral.com.ar\/%77%70%2d%6a%73%6f%6e\/wp\/v2\/posts"}],"about":[{"href":"https:\/\/informelitoral.com.ar\/%77%70%2d%6a%73%6f%6e\/wp\/v2\/types\/post"}],"author":[{"embeddable":true,"href":"https:\/\/informelitoral.com.ar\/%77%70%2d%6a%73%6f%6e\/wp\/v2\/users\/2"}],"replies":[{"embeddable":true,"href":"https:\/\/informelitoral.com.ar\/%77%70%2d%6a%73%6f%6e\/wp\/v2\/comments?post=9555"}],"version-history":[{"count":0,"href":"https:\/\/informelitoral.com.ar\/%77%70%2d%6a%73%6f%6e\/wp\/v2\/posts\/9555\/revisions"}],"wp:attachment":[{"href":"https:\/\/informelitoral.com.ar\/%77%70%2d%6a%73%6f%6e\/wp\/v2\/media?parent=9555"}],"wp:term":[{"taxonomy":"category","embeddable":true,"href":"https:\/\/informelitoral.com.ar\/%77%70%2d%6a%73%6f%6e\/wp\/v2\/categories?post=9555"},{"taxonomy":"post_tag","embeddable":true,"href":"https:\/\/informelitoral.com.ar\/%77%70%2d%6a%73%6f%6e\/wp\/v2\/tags?post=9555"}],"curies":[{"name":"wp","href":"https:\/\/api.w.org\/{rel}","templated":true}]}}