{"id":9548,"date":"2015-01-13T09:51:33","date_gmt":"2015-01-13T12:51:33","guid":{"rendered":"http:\/\/www.isletasnoticias.com.ar\/?p=9548"},"modified":"2015-01-13T22:02:17","modified_gmt":"2015-01-14T01:02:17","slug":"temporal-en-isletas-la-policia-hizo-un-relevamiento-casa-por-casa","status":"publish","type":"post","link":"https:\/\/informelitoral.com.ar\/temporal-en-isletas-la-policia-hizo-un-relevamiento-casa-por-casa\/","title":{"rendered":"Temporal en Isletas: la Polic\u00eda hizo un relevamiento casa por casa"},"content":{"rendered":"<p><strong>Durante casi todo el lunes, desde la Comisar\u00eda Isletas hicieron un relevamiento de los da\u00f1os ocasionados por el temporal casa por casa. El <em>suboficial mayor, Adri\u00e1n Vera<\/em> se mostr\u00f3 sorprendido por los destrozos registrados. Ahora volvi\u00f3 la lluvia, pero no la luz en varias casas.<a href=\"http:\/\/www.isletasnoticias.com.ar\/%77%70%2d%63%6f%6e%74%65%6e%74\/uploads\/2015\/01\/Foto1948.jpg\"><img loading=\"lazy\" decoding=\"async\" class=\"aligncenter size-medium wp-image-9550\" src=\"http:\/\/www.isletasnoticias.com.ar\/%77%70%2d%63%6f%6e%74%65%6e%74\/uploads\/2015\/01\/Foto1948-300x225.jpg\" alt=\"Foto1948\" width=\"300\" height=\"225\" srcset=\"https:\/\/informelitoral.com.ar\/%77%70%2d%63%6f%6e%74%65%6e%74\/uploads\/2015\/01\/Foto1948-300x225.jpg 300w, https:\/\/informelitoral.com.ar\/%77%70%2d%63%6f%6e%74%65%6e%74\/uploads\/2015\/01\/Foto1948-1024x768.jpg 1024w, https:\/\/informelitoral.com.ar\/%77%70%2d%63%6f%6e%74%65%6e%74\/uploads\/2015\/01\/Foto1948.jpg 2048w\" sizes=\"auto, (max-width: 300px) 100vw, 300px\" \/><\/a><\/strong><\/p>\n<p>Desde las 9.00 y hasta las 18.30 del lunes, el jefe de la Comisar\u00eda Isletas, el suboficial mayor\u00a0<strong>Adri\u00e1n Vera<\/strong>, acompa\u00f1ado de otro funcionario policial de la localidad, recorrieron casa por casa para hacer un relevamiento de los da\u00f1os ocasionados por el <a href=\"http:\/\/www.isletasnoticias.com.ar\/?p=9525\">fuerte temporal de viento, lluvia y granizo.\u00a0<\/a><\/p>\n<p>En plena recorrida, en la zona de la Capilla San Lorenzo, Vera dialog\u00f3 con<strong><em> IN<\/em><\/strong> y coment\u00f3 que registramos cada uno de los da\u00f1os casa por casa. La verdad que nunca pens\u00e9 que el temporal hab\u00eda causado tantos destrozos en nuestra jurisdicci\u00f3n\u00bb, reconoci\u00f3 Vera, oriundo de Diamante.<\/p>\n<p>\u00abS\u00f3lo paramos al medio d\u00eda y almorzamos un guiso, gracias a una familia que nos invit\u00f3. Luego seguimos visitando a la gente\u00bb, dijo el jefe policial isletense y con respecto a los da\u00f1os expres\u00f3: \u00abson de diferentes caracter\u00edsticas. Lo que m\u00e1s se ve, son \u00e1rboles ca\u00eddos, pero tambi\u00e9n hay varias viviendas que sufrieron da\u00f1os en sus techos y hasta en las paredes. Un vecino perdi\u00f3 electrodom\u00e9sticos y a otra familia les vol\u00f3 un tinglado completamente y tambi\u00e9n da\u00f1\u00f3 las maquinarias que estaban guardadas. Tambi\u00e9n hizo algunos da\u00f1os en instituciones y as\u00ed podr\u00eda seguir enumerando\u00bb, cont\u00f3.<a href=\"http:\/\/www.isletasnoticias.com.ar\/%77%70%2d%63%6f%6e%74%65%6e%74\/uploads\/2015\/01\/Foto1944.jpg\"><img loading=\"lazy\" decoding=\"async\" class=\"alignright wp-image-9551 size-medium\" src=\"http:\/\/www.isletasnoticias.com.ar\/%77%70%2d%63%6f%6e%74%65%6e%74\/uploads\/2015\/01\/Foto1944-300x225.jpg\" alt=\"Foto1944\" width=\"300\" height=\"225\" srcset=\"https:\/\/informelitoral.com.ar\/%77%70%2d%63%6f%6e%74%65%6e%74\/uploads\/2015\/01\/Foto1944-300x225.jpg 300w, https:\/\/informelitoral.com.ar\/%77%70%2d%63%6f%6e%74%65%6e%74\/uploads\/2015\/01\/Foto1944-1024x768.jpg 1024w, https:\/\/informelitoral.com.ar\/%77%70%2d%63%6f%6e%74%65%6e%74\/uploads\/2015\/01\/Foto1944.jpg 2048w\" sizes=\"auto, (max-width: 300px) 100vw, 300px\" \/><\/a><\/p>\n<p>Vera sostuvo que \u00aba medida que \u00edbamos recorriendo, nos comunic\u00e1bamos permanentemente con la Junta de Gobierno, haciendo un trabajo en conjunto, dando a conocer los da\u00f1os y los mismos tambi\u00e9n ser\u00e1n elevados a la Jefatura\u00bb.<\/p>\n<p>Actualmente todav\u00eda hay familias que contin\u00faan sin energ\u00eda el\u00e9ctrica desde el s\u00e1bado a las 22.00.<\/p>\n<p><strong>Otra vez lluvia<\/strong><\/p>\n<p>En horas tempranas de este martes nuevamente comenz\u00f3 a llover en la localidad de Isletas y la zona. Ya van cayendo m\u00e1s de \u00a040 mm. lo que dificulta los trabajos.<\/p>\n","protected":false},"excerpt":{"rendered":"<p>Durante casi todo el lunes, desde la Comisar&iacute;a Isletas hicieron un relevamiento de los da&ntilde;os ocasionados por el temporal casa por casa. El suboficial mayor, Adri&aacute;n Vera se mostr&oacute; sorprendido por los destrozos registrados. Ahora volvi&oacute; la lluvia, pero no la luz en varias casas. Desde las 9.00 y hasta las 18.30 del lunes, el [&hellip;]<\/p>\n","protected":false},"author":2,"featured_media":0,"comment_status":"open","ping_status":"open","sticky":false,"template":"","format":"standard","meta":{"fifu_image_url":"","fifu_image_alt":"","footnotes":""},"categories":[4],"tags":[],"class_list":{"0":"post-9548","1":"post","2":"type-post","3":"status-publish","4":"format-standard","6":"category-locales"},"yoast_head":"<title>Temporal en Isletas: la Polic\u00eda hizo un relevamiento casa por casa - Informe Litoral<\/title>\n<meta name=\"robots\" content=\"index, follow, max-snippet:-1, max-image-preview:large, max-video-preview:-1\" \/>\n<link rel=\"canonical\" href=\"https:\/\/informelitoral.com.ar\/temporal-en-isletas-la-policia-hizo-un-relevamiento-casa-por-casa\/\" \/>\n<meta property=\"og:locale\" content=\"es_ES\" \/>\n<meta property=\"og:type\" content=\"article\" \/>\n<meta property=\"og:title\" content=\"Temporal en Isletas: la Polic\u00eda hizo un relevamiento casa por casa - Informe Litoral\" \/>\n<meta property=\"og:description\" content=\"Durante casi todo el lunes, desde la Comisar&iacute;a Isletas hicieron un relevamiento de los da&ntilde;os ocasionados por el temporal casa por casa. El suboficial mayor, Adri&aacute;n Vera se mostr&oacute; sorprendido por los destrozos registrados. Ahora volvi&oacute; la lluvia, pero no la luz en varias casas. Desde las 9.00 y hasta las 18.30 del lunes, el [&hellip;]\" \/>\n<meta property=\"og:url\" content=\"https:\/\/informelitoral.com.ar\/temporal-en-isletas-la-policia-hizo-un-relevamiento-casa-por-casa\/\" \/>\n<meta property=\"og:site_name\" content=\"Informe Litoral\" \/>\n<meta property=\"article:publisher\" content=\"https:\/\/www.facebook.com\/informelitoral\/\" \/>\n<meta property=\"article:published_time\" content=\"2015-01-13T12:51:33+00:00\" \/>\n<meta property=\"article:modified_time\" content=\"2015-01-14T01:02:17+00:00\" \/>\n<meta property=\"og:image\" content=\"https:\/\/informelitoral.com.ar\/%77%70%2d%63%6f%6e%74%65%6e%74\/uploads\/2015\/01\/Foto1948.jpg\" \/>\n\t<meta property=\"og:image:width\" content=\"2048\" \/>\n\t<meta property=\"og:image:height\" content=\"1536\" \/>\n\t<meta property=\"og:image:type\" content=\"image\/jpeg\" \/>\n<meta name=\"author\" content=\"Gonzalo Schmidt\" \/>\n<meta name=\"twitter:card\" content=\"summary_large_image\" \/>\n<meta name=\"twitter:creator\" content=\"@InformeLitoral\" \/>\n<meta name=\"twitter:site\" content=\"@InformeLitoral\" \/>\n<meta name=\"twitter:label1\" content=\"Escrito por\" \/>\n\t<meta name=\"twitter:data1\" content=\"Gonzalo Schmidt\" \/>\n\t<meta name=\"twitter:label2\" content=\"Tiempo de lectura\" \/>\n\t<meta name=\"twitter:data2\" content=\"2 minutos\" \/>\n<script type=\"application\/ld+json\" class=\"yoast-schema-graph\">{\"@context\":\"https:\\\/\\\/schema.org\",\"@graph\":[{\"@type\":\"Article\",\"@id\":\"https:\\\/\\\/informelitoral.com.ar\\\/temporal-en-isletas-la-policia-hizo-un-relevamiento-casa-por-casa\\\/#article\",\"isPartOf\":{\"@id\":\"https:\\\/\\\/informelitoral.com.ar\\\/temporal-en-isletas-la-policia-hizo-un-relevamiento-casa-por-casa\\\/\"},\"author\":{\"name\":\"Gonzalo Schmidt\",\"@id\":\"https:\\\/\\\/informelitoral.com.ar\\\/#\\\/schema\\\/person\\\/b9d00407c836482871ef1d57bf8e3180\"},\"headline\":\"Temporal en Isletas: la Polic\u00eda hizo un relevamiento casa por casa\",\"datePublished\":\"2015-01-13T12:51:33+00:00\",\"dateModified\":\"2015-01-14T01:02:17+00:00\",\"mainEntityOfPage\":{\"@id\":\"https:\\\/\\\/informelitoral.com.ar\\\/temporal-en-isletas-la-policia-hizo-un-relevamiento-casa-por-casa\\\/\"},\"wordCount\":360,\"commentCount\":0,\"publisher\":{\"@id\":\"https:\\\/\\\/informelitoral.com.ar\\\/#organization\"},\"image\":{\"@id\":\"https:\\\/\\\/informelitoral.com.ar\\\/temporal-en-isletas-la-policia-hizo-un-relevamiento-casa-por-casa\\\/#primaryimage\"},\"thumbnailUrl\":\"http:\\\/\\\/www.isletasnoticias.com.ar\\\/%77%70%2d%63%6f%6e%74%65%6e%74\\\/uploads\\\/2015\\\/01\\\/Foto1948-300x225.jpg\",\"articleSection\":[\"Isletas\"],\"inLanguage\":\"es\",\"potentialAction\":[{\"@type\":\"CommentAction\",\"name\":\"Comment\",\"target\":[\"https:\\\/\\\/informelitoral.com.ar\\\/temporal-en-isletas-la-policia-hizo-un-relevamiento-casa-por-casa\\\/#respond\"]}]},{\"@type\":\"WebPage\",\"@id\":\"https:\\\/\\\/informelitoral.com.ar\\\/temporal-en-isletas-la-policia-hizo-un-relevamiento-casa-por-casa\\\/\",\"url\":\"https:\\\/\\\/informelitoral.com.ar\\\/temporal-en-isletas-la-policia-hizo-un-relevamiento-casa-por-casa\\\/\",\"name\":\"Temporal en Isletas: la Polic\u00eda hizo un relevamiento casa por casa - Informe Litoral\",\"isPartOf\":{\"@id\":\"https:\\\/\\\/informelitoral.com.ar\\\/#website\"},\"primaryImageOfPage\":{\"@id\":\"https:\\\/\\\/informelitoral.com.ar\\\/temporal-en-isletas-la-policia-hizo-un-relevamiento-casa-por-casa\\\/#primaryimage\"},\"image\":{\"@id\":\"https:\\\/\\\/informelitoral.com.ar\\\/temporal-en-isletas-la-policia-hizo-un-relevamiento-casa-por-casa\\\/#primaryimage\"},\"thumbnailUrl\":\"http:\\\/\\\/www.isletasnoticias.com.ar\\\/%77%70%2d%63%6f%6e%74%65%6e%74\\\/uploads\\\/2015\\\/01\\\/Foto1948-300x225.jpg\",\"datePublished\":\"2015-01-13T12:51:33+00:00\",\"dateModified\":\"2015-01-14T01:02:17+00:00\",\"breadcrumb\":{\"@id\":\"https:\\\/\\\/informelitoral.com.ar\\\/temporal-en-isletas-la-policia-hizo-un-relevamiento-casa-por-casa\\\/#breadcrumb\"},\"inLanguage\":\"es\",\"potentialAction\":[{\"@type\":\"ReadAction\",\"target\":[\"https:\\\/\\\/informelitoral.com.ar\\\/temporal-en-isletas-la-policia-hizo-un-relevamiento-casa-por-casa\\\/\"]}]},{\"@type\":\"ImageObject\",\"inLanguage\":\"es\",\"@id\":\"https:\\\/\\\/informelitoral.com.ar\\\/temporal-en-isletas-la-policia-hizo-un-relevamiento-casa-por-casa\\\/#primaryimage\",\"url\":\"http:\\\/\\\/www.isletasnoticias.com.ar\\\/%77%70%2d%63%6f%6e%74%65%6e%74\\\/uploads\\\/2015\\\/01\\\/Foto1948-300x225.jpg\",\"contentUrl\":\"http:\\\/\\\/www.isletasnoticias.com.ar\\\/%77%70%2d%63%6f%6e%74%65%6e%74\\\/uploads\\\/2015\\\/01\\\/Foto1948-300x225.jpg\"},{\"@type\":\"BreadcrumbList\",\"@id\":\"https:\\\/\\\/informelitoral.com.ar\\\/temporal-en-isletas-la-policia-hizo-un-relevamiento-casa-por-casa\\\/#breadcrumb\",\"itemListElement\":[{\"@type\":\"ListItem\",\"position\":1,\"name\":\"Portada\",\"item\":\"https:\\\/\\\/informelitoral.com.ar\\\/\"},{\"@type\":\"ListItem\",\"position\":2,\"name\":\"Temporal en Isletas: la Polic\u00eda hizo un relevamiento casa por casa\"}]},{\"@type\":\"WebSite\",\"@id\":\"https:\\\/\\\/informelitoral.com.ar\\\/#website\",\"url\":\"https:\\\/\\\/informelitoral.com.ar\\\/\",\"name\":\"Informe Litoral\",\"description\":\"&quot;Nos informamos&quot; \",\"publisher\":{\"@id\":\"https:\\\/\\\/informelitoral.com.ar\\\/#organization\"},\"potentialAction\":[{\"@type\":\"SearchAction\",\"target\":{\"@type\":\"EntryPoint\",\"urlTemplate\":\"https:\\\/\\\/informelitoral.com.ar\\\/?s={search_term_string}\"},\"query-input\":{\"@type\":\"PropertyValueSpecification\",\"valueRequired\":true,\"valueName\":\"search_term_string\"}}],\"inLanguage\":\"es\"},{\"@type\":\"Organization\",\"@id\":\"https:\\\/\\\/informelitoral.com.ar\\\/#organization\",\"name\":\"Informe Litoral\",\"url\":\"https:\\\/\\\/informelitoral.com.ar\\\/\",\"logo\":{\"@type\":\"ImageObject\",\"inLanguage\":\"es\",\"@id\":\"https:\\\/\\\/informelitoral.com.ar\\\/#\\\/schema\\\/logo\\\/image\\\/\",\"url\":\"https:\\\/\\\/informelitoral.com.ar\\\/%77%70%2d%63%6f%6e%74%65%6e%74\\\/uploads\\\/2021\\\/01\\\/circulo.png\",\"contentUrl\":\"https:\\\/\\\/informelitoral.com.ar\\\/%77%70%2d%63%6f%6e%74%65%6e%74\\\/uploads\\\/2021\\\/01\\\/circulo.png\",\"width\":723,\"height\":731,\"caption\":\"Informe Litoral\"},\"image\":{\"@id\":\"https:\\\/\\\/informelitoral.com.ar\\\/#\\\/schema\\\/logo\\\/image\\\/\"},\"sameAs\":[\"https:\\\/\\\/www.facebook.com\\\/informelitoral\\\/\",\"https:\\\/\\\/x.com\\\/InformeLitoral\",\"https:\\\/\\\/www.instagram.com\\\/informelitoral\\\/\",\"https:\\\/\\\/www.youtube.com\\\/channel\\\/UCua4Qvz8Icb6MYqhoq9xLXw\"]},{\"@type\":\"Person\",\"@id\":\"https:\\\/\\\/informelitoral.com.ar\\\/#\\\/schema\\\/person\\\/b9d00407c836482871ef1d57bf8e3180\",\"name\":\"Gonzalo Schmidt\",\"image\":{\"@type\":\"ImageObject\",\"inLanguage\":\"es\",\"@id\":\"https:\\\/\\\/secure.gravatar.com\\\/avatar\\\/31a1a7b66ff2de83bd0e9fd79d026630d2d99e55e8bfe501287647b4fd9743de?s=96&d=mm&r=g\",\"url\":\"https:\\\/\\\/secure.gravatar.com\\\/avatar\\\/31a1a7b66ff2de83bd0e9fd79d026630d2d99e55e8bfe501287647b4fd9743de?s=96&d=mm&r=g\",\"contentUrl\":\"https:\\\/\\\/secure.gravatar.com\\\/avatar\\\/31a1a7b66ff2de83bd0e9fd79d026630d2d99e55e8bfe501287647b4fd9743de?s=96&d=mm&r=g\",\"caption\":\"Gonzalo Schmidt\"},\"description\":\"Sitio web de noticias de la provincia de Entre R\u00edos, Argentina. Informaci\u00f3n y entretenimiento. Informe Litoral, nos informamos.\",\"sameAs\":[\"http:\\\/\\\/www.isletasnoticias.com.ar\"],\"url\":\"https:\\\/\\\/informelitoral.com.ar\\\/author\\\/gonzalo\\\/\"}]}<\/script>","yoast_head_json":{"title":"Temporal en Isletas: la Polic\u00eda hizo un relevamiento casa por casa - Informe Litoral","robots":{"index":"index","follow":"follow","max-snippet":"max-snippet:-1","max-image-preview":"max-image-preview:large","max-video-preview":"max-video-preview:-1"},"canonical":"https:\/\/informelitoral.com.ar\/temporal-en-isletas-la-policia-hizo-un-relevamiento-casa-por-casa\/","og_locale":"es_ES","og_type":"article","og_title":"Temporal en Isletas: la Polic\u00eda hizo un relevamiento casa por casa - Informe Litoral","og_description":"Durante casi todo el lunes, desde la Comisar&iacute;a Isletas hicieron un relevamiento de los da&ntilde;os ocasionados por el temporal casa por casa. El suboficial mayor, Adri&aacute;n Vera se mostr&oacute; sorprendido por los destrozos registrados. Ahora volvi&oacute; la lluvia, pero no la luz en varias casas. Desde las 9.00 y hasta las 18.30 del lunes, el [&hellip;]","og_url":"https:\/\/informelitoral.com.ar\/temporal-en-isletas-la-policia-hizo-un-relevamiento-casa-por-casa\/","og_site_name":"Informe Litoral","article_publisher":"https:\/\/www.facebook.com\/informelitoral\/","article_published_time":"2015-01-13T12:51:33+00:00","article_modified_time":"2015-01-14T01:02:17+00:00","og_image":[{"width":2048,"height":1536,"url":"https:\/\/informelitoral.com.ar\/%77%70%2d%63%6f%6e%74%65%6e%74\/uploads\/2015\/01\/Foto1948.jpg","type":"image\/jpeg"}],"author":"Gonzalo Schmidt","twitter_card":"summary_large_image","twitter_creator":"@InformeLitoral","twitter_site":"@InformeLitoral","twitter_misc":{"Escrito por":"Gonzalo Schmidt","Tiempo de lectura":"2 minutos"},"schema":{"@context":"https:\/\/schema.org","@graph":[{"@type":"Article","@id":"https:\/\/informelitoral.com.ar\/temporal-en-isletas-la-policia-hizo-un-relevamiento-casa-por-casa\/#article","isPartOf":{"@id":"https:\/\/informelitoral.com.ar\/temporal-en-isletas-la-policia-hizo-un-relevamiento-casa-por-casa\/"},"author":{"name":"Gonzalo Schmidt","@id":"https:\/\/informelitoral.com.ar\/#\/schema\/person\/b9d00407c836482871ef1d57bf8e3180"},"headline":"Temporal en Isletas: la Polic\u00eda hizo un relevamiento casa por casa","datePublished":"2015-01-13T12:51:33+00:00","dateModified":"2015-01-14T01:02:17+00:00","mainEntityOfPage":{"@id":"https:\/\/informelitoral.com.ar\/temporal-en-isletas-la-policia-hizo-un-relevamiento-casa-por-casa\/"},"wordCount":360,"commentCount":0,"publisher":{"@id":"https:\/\/informelitoral.com.ar\/#organization"},"image":{"@id":"https:\/\/informelitoral.com.ar\/temporal-en-isletas-la-policia-hizo-un-relevamiento-casa-por-casa\/#primaryimage"},"thumbnailUrl":"http:\/\/www.isletasnoticias.com.ar\/%77%70%2d%63%6f%6e%74%65%6e%74\/uploads\/2015\/01\/Foto1948-300x225.jpg","articleSection":["Isletas"],"inLanguage":"es","potentialAction":[{"@type":"CommentAction","name":"Comment","target":["https:\/\/informelitoral.com.ar\/temporal-en-isletas-la-policia-hizo-un-relevamiento-casa-por-casa\/#respond"]}]},{"@type":"WebPage","@id":"https:\/\/informelitoral.com.ar\/temporal-en-isletas-la-policia-hizo-un-relevamiento-casa-por-casa\/","url":"https:\/\/informelitoral.com.ar\/temporal-en-isletas-la-policia-hizo-un-relevamiento-casa-por-casa\/","name":"Temporal en Isletas: la Polic\u00eda hizo un relevamiento casa por casa - Informe Litoral","isPartOf":{"@id":"https:\/\/informelitoral.com.ar\/#website"},"primaryImageOfPage":{"@id":"https:\/\/informelitoral.com.ar\/temporal-en-isletas-la-policia-hizo-un-relevamiento-casa-por-casa\/#primaryimage"},"image":{"@id":"https:\/\/informelitoral.com.ar\/temporal-en-isletas-la-policia-hizo-un-relevamiento-casa-por-casa\/#primaryimage"},"thumbnailUrl":"http:\/\/www.isletasnoticias.com.ar\/%77%70%2d%63%6f%6e%74%65%6e%74\/uploads\/2015\/01\/Foto1948-300x225.jpg","datePublished":"2015-01-13T12:51:33+00:00","dateModified":"2015-01-14T01:02:17+00:00","breadcrumb":{"@id":"https:\/\/informelitoral.com.ar\/temporal-en-isletas-la-policia-hizo-un-relevamiento-casa-por-casa\/#breadcrumb"},"inLanguage":"es","potentialAction":[{"@type":"ReadAction","target":["https:\/\/informelitoral.com.ar\/temporal-en-isletas-la-policia-hizo-un-relevamiento-casa-por-casa\/"]}]},{"@type":"ImageObject","inLanguage":"es","@id":"https:\/\/informelitoral.com.ar\/temporal-en-isletas-la-policia-hizo-un-relevamiento-casa-por-casa\/#primaryimage","url":"http:\/\/www.isletasnoticias.com.ar\/%77%70%2d%63%6f%6e%74%65%6e%74\/uploads\/2015\/01\/Foto1948-300x225.jpg","contentUrl":"http:\/\/www.isletasnoticias.com.ar\/%77%70%2d%63%6f%6e%74%65%6e%74\/uploads\/2015\/01\/Foto1948-300x225.jpg"},{"@type":"BreadcrumbList","@id":"https:\/\/informelitoral.com.ar\/temporal-en-isletas-la-policia-hizo-un-relevamiento-casa-por-casa\/#breadcrumb","itemListElement":[{"@type":"ListItem","position":1,"name":"Portada","item":"https:\/\/informelitoral.com.ar\/"},{"@type":"ListItem","position":2,"name":"Temporal en Isletas: la Polic\u00eda hizo un relevamiento casa por casa"}]},{"@type":"WebSite","@id":"https:\/\/informelitoral.com.ar\/#website","url":"https:\/\/informelitoral.com.ar\/","name":"Informe Litoral","description":"&quot;Nos informamos&quot; ","publisher":{"@id":"https:\/\/informelitoral.com.ar\/#organization"},"potentialAction":[{"@type":"SearchAction","target":{"@type":"EntryPoint","urlTemplate":"https:\/\/informelitoral.com.ar\/?s={search_term_string}"},"query-input":{"@type":"PropertyValueSpecification","valueRequired":true,"valueName":"search_term_string"}}],"inLanguage":"es"},{"@type":"Organization","@id":"https:\/\/informelitoral.com.ar\/#organization","name":"Informe Litoral","url":"https:\/\/informelitoral.com.ar\/","logo":{"@type":"ImageObject","inLanguage":"es","@id":"https:\/\/informelitoral.com.ar\/#\/schema\/logo\/image\/","url":"https:\/\/informelitoral.com.ar\/%77%70%2d%63%6f%6e%74%65%6e%74\/uploads\/2021\/01\/circulo.png","contentUrl":"https:\/\/informelitoral.com.ar\/%77%70%2d%63%6f%6e%74%65%6e%74\/uploads\/2021\/01\/circulo.png","width":723,"height":731,"caption":"Informe Litoral"},"image":{"@id":"https:\/\/informelitoral.com.ar\/#\/schema\/logo\/image\/"},"sameAs":["https:\/\/www.facebook.com\/informelitoral\/","https:\/\/x.com\/InformeLitoral","https:\/\/www.instagram.com\/informelitoral\/","https:\/\/www.youtube.com\/channel\/UCua4Qvz8Icb6MYqhoq9xLXw"]},{"@type":"Person","@id":"https:\/\/informelitoral.com.ar\/#\/schema\/person\/b9d00407c836482871ef1d57bf8e3180","name":"Gonzalo Schmidt","image":{"@type":"ImageObject","inLanguage":"es","@id":"https:\/\/secure.gravatar.com\/avatar\/31a1a7b66ff2de83bd0e9fd79d026630d2d99e55e8bfe501287647b4fd9743de?s=96&d=mm&r=g","url":"https:\/\/secure.gravatar.com\/avatar\/31a1a7b66ff2de83bd0e9fd79d026630d2d99e55e8bfe501287647b4fd9743de?s=96&d=mm&r=g","contentUrl":"https:\/\/secure.gravatar.com\/avatar\/31a1a7b66ff2de83bd0e9fd79d026630d2d99e55e8bfe501287647b4fd9743de?s=96&d=mm&r=g","caption":"Gonzalo Schmidt"},"description":"Sitio web de noticias de la provincia de Entre R\u00edos, Argentina. Informaci\u00f3n y entretenimiento. Informe Litoral, nos informamos.","sameAs":["http:\/\/www.isletasnoticias.com.ar"],"url":"https:\/\/informelitoral.com.ar\/author\/gonzalo\/"}]}},"_links":{"self":[{"href":"https:\/\/informelitoral.com.ar\/%77%70%2d%6a%73%6f%6e\/wp\/v2\/posts\/9548","targetHints":{"allow":["GET"]}}],"collection":[{"href":"https:\/\/informelitoral.com.ar\/%77%70%2d%6a%73%6f%6e\/wp\/v2\/posts"}],"about":[{"href":"https:\/\/informelitoral.com.ar\/%77%70%2d%6a%73%6f%6e\/wp\/v2\/types\/post"}],"author":[{"embeddable":true,"href":"https:\/\/informelitoral.com.ar\/%77%70%2d%6a%73%6f%6e\/wp\/v2\/users\/2"}],"replies":[{"embeddable":true,"href":"https:\/\/informelitoral.com.ar\/%77%70%2d%6a%73%6f%6e\/wp\/v2\/comments?post=9548"}],"version-history":[{"count":0,"href":"https:\/\/informelitoral.com.ar\/%77%70%2d%6a%73%6f%6e\/wp\/v2\/posts\/9548\/revisions"}],"wp:attachment":[{"href":"https:\/\/informelitoral.com.ar\/%77%70%2d%6a%73%6f%6e\/wp\/v2\/media?parent=9548"}],"wp:term":[{"taxonomy":"category","embeddable":true,"href":"https:\/\/informelitoral.com.ar\/%77%70%2d%6a%73%6f%6e\/wp\/v2\/categories?post=9548"},{"taxonomy":"post_tag","embeddable":true,"href":"https:\/\/informelitoral.com.ar\/%77%70%2d%6a%73%6f%6e\/wp\/v2\/tags?post=9548"}],"curies":[{"name":"wp","href":"https:\/\/api.w.org\/{rel}","templated":true}]}}