{"id":9542,"date":"2015-01-13T09:26:01","date_gmt":"2015-01-13T12:26:01","guid":{"rendered":"http:\/\/www.isletasnoticias.com.ar\/?p=9542"},"modified":"2015-01-13T09:31:53","modified_gmt":"2015-01-13T12:31:53","slug":"precios-cuidados-2015los-nuevos-productos-y-sus-valores","status":"publish","type":"post","link":"https:\/\/informelitoral.com.ar\/precios-cuidados-2015los-nuevos-productos-y-sus-valores\/","title":{"rendered":"Precios Cuidados 2015: los nuevos productos y sus valores"},"content":{"rendered":"<p><strong>La n\u00f3mina de productos, que estar\u00e1 vigente entre enero y abril, presenta un aumento promedio del 3,8 por ciento y cuenta con m\u00e1s art\u00edculos. <em>Todos los detalles.<a href=\"http:\/\/www.isletasnoticias.com.ar\/%77%70%2d%63%6f%6e%74%65%6e%74\/uploads\/2015\/01\/e_1421141104.jpg\"><img loading=\"lazy\" decoding=\"async\" class=\"aligncenter size-medium wp-image-9543\" src=\"http:\/\/www.isletasnoticias.com.ar\/%77%70%2d%63%6f%6e%74%65%6e%74\/uploads\/2015\/01\/e_1421141104-300x225.jpg\" alt=\"e_1421141104\" width=\"300\" height=\"225\" srcset=\"https:\/\/informelitoral.com.ar\/%77%70%2d%63%6f%6e%74%65%6e%74\/uploads\/2015\/01\/e_1421141104-300x225.jpg 300w, https:\/\/informelitoral.com.ar\/%77%70%2d%63%6f%6e%74%65%6e%74\/uploads\/2015\/01\/e_1421141104.jpg 432w\" sizes=\"auto, (max-width: 300px) 100vw, 300px\" \/><\/a><\/em><\/strong><br \/>\nEl Gobierno lanz\u00f3 el nuevo esquema del Programa Precios Cuidados 2015 que prev\u00e9 una variaci\u00f3n de precios promedio del 3,8 por ciento y la incorporaci\u00f3n de 52 productos que pasar\u00e1n a formar parte de un total de 451 que ser\u00e1n abastecidos por 101 proveedores y se vender\u00e1n en m\u00e1s de 2.000 bocas de expendio de supermercados de todo el pa\u00eds.<\/p>\n<p>Tras la presentaci\u00f3n que realiz\u00f3 junto al ministro de Econom\u00eda, Axel Kicillof, el secretario Costa dijo en declaraciones a radio del Plata que a trav\u00e9s de Precios Cuidados \u201cse alcanzaron objetivos razonables y es gracias a los consumidores que denuncian y a la rigurosidad de la Secretaria de Comercio en ir atr\u00e1s del cumplimiento por parte de las empresas\u201d.<\/p>\n<p>Costa reflej\u00f3 los relevamientos que realiza la Secretar\u00eda respecto a la percepci\u00f3n del programa en la poblaci\u00f3n y que le permite afirmar que \u201cel 70% de los consumidores valora positivamente el programa\u201d y que \u201c6 de cada 10 consumidores busca activamente los precios cuidados\u201d.<br \/>\n\u201cComo Secretario de Comercio, no quiero que la gente s\u00f3lo compre productos de Precios\u00a0Cuidados.<\/p>\n<p>El objetivo del programa no es ese, sino servir de referencia y que la gente elija lo que quiere consumir pero sabiendo lo que valen las cosas\u201d, explic\u00f3 el funcionario.<\/p>\n<p>En ese sentido, agreg\u00f3 que \u201cel origen de Precios Cuidados se dio cuando se not\u00f3 que hab\u00eda una falta absoluta de referencias para el p\u00fablico. Cualquier consumidor entraba a cualquier comercio y ve\u00eda precio totalmente distintos y remarcaciones todo el tiempo\u201d.<\/p>\n<p>Tambi\u00e9n sobre el crecimiento del programa, Costa asegur\u00f3 que \u201cal comienzo del a\u00f1o pasado cuando se lanz\u00f3 el programa, a las grandes cadenas le representaba un 5% de la facturaci\u00f3n y en la actualidad est\u00e1 alrededor del 20%\u201d.<\/p>\n<p>En cuanto a la p\u00e9rdida de noticias sobre Precios Cuidados en los medios Costa expres\u00f3: \u201capelo a una frase norteamericana \u201cno news, good news\u201d, significa que si no hay novedades es porque el programa ya est\u00e1 instalado, hay conocimiento y se est\u00e1 cumpliendo satisfactoriamente\u201d.<\/p>\n<p>El funcionario tambi\u00e9n se manifest\u00f3 \u201cmuy optimista\u201d sobre las perspectivas para la actividad en 2015 y refiri\u00f3 la opini\u00f3n de dirigentes de la Confederaci\u00f3n Argentina de la Mediana Empresa y de la C\u00e1mara Argentina de Comercio para quienes \u201clas perspectivas para este a\u00f1o son muy buenas\u201d.<\/p>\n<p>Seg\u00fan el an\u00e1lisis de Costa y los dirigentes privados, \u201cel escenario para 2015 es muy bueno\u201d y se ver\u00e1 beneficiado por \u201cun fuerte repunte de ventas, a lo que se le suma todo el est\u00edmulo que hace el Gobierno\u201d.<\/p>\n<p>El secretario agreg\u00f3 que \u201cel ministro de Econom\u00eda est\u00e1 trabajando para que no haya problemas de actividad y de producci\u00f3n por restricci\u00f3n de divisas\u201d.<\/p>\n<p>Tambi\u00e9n consider\u00f3 que \u201chay objetivos pol\u00edticos de deslegitimar al Gobierno\u201d y al citar el caso de faltante de tampones en el mercado explic\u00f3 que \u201cen diciembre hubo un crecimiento de la demanda. Hubo un problema de log\u00edstica. Todo es importado de un tamp\u00f3n, por la maquinaria que se necesita para el procesamiento del algod\u00f3n y en su mayor\u00eda proviene de Brasil\u201d.<\/p>\n<p><a href=\"http:\/\/www.precioscuidados.com\/static\/files\/canastasAsu\/2015_nuevos\/centro_cuyo_litoral.pdf?DqEPf\" target=\"_blank\">El listado de nuevos productos y sus valores<\/a><\/p>\n","protected":false},"excerpt":{"rendered":"<p>La n&oacute;mina de productos, que estar&aacute; vigente entre enero y abril, presenta un aumento promedio del 3,8 por ciento y cuenta con m&aacute;s art&iacute;culos. Todos los detalles. El Gobierno lanz&oacute; el nuevo esquema del Programa Precios Cuidados 2015 que prev&eacute; una variaci&oacute;n de precios promedio del 3,8 por ciento y la incorporaci&oacute;n de 52 productos [&hellip;]<\/p>\n","protected":false},"author":2,"featured_media":0,"comment_status":"open","ping_status":"open","sticky":false,"template":"","format":"standard","meta":{"fifu_image_url":"","fifu_image_alt":"","footnotes":""},"categories":[7],"tags":[],"class_list":{"0":"post-9542","1":"post","2":"type-post","3":"status-publish","4":"format-standard","6":"category-nacionales"},"yoast_head":"<title>Precios Cuidados 2015: los nuevos productos y sus valores - Informe Litoral<\/title>\n<meta name=\"robots\" content=\"index, follow, max-snippet:-1, max-image-preview:large, max-video-preview:-1\" \/>\n<link rel=\"canonical\" href=\"https:\/\/informelitoral.com.ar\/precios-cuidados-2015los-nuevos-productos-y-sus-valores\/\" \/>\n<meta property=\"og:locale\" content=\"es_ES\" \/>\n<meta property=\"og:type\" content=\"article\" \/>\n<meta property=\"og:title\" content=\"Precios Cuidados 2015: los nuevos productos y sus valores - Informe Litoral\" \/>\n<meta property=\"og:description\" content=\"La n&oacute;mina de productos, que estar&aacute; vigente entre enero y abril, presenta un aumento promedio del 3,8 por ciento y cuenta con m&aacute;s art&iacute;culos. Todos los detalles. El Gobierno lanz&oacute; el nuevo esquema del Programa Precios Cuidados 2015 que prev&eacute; una variaci&oacute;n de precios promedio del 3,8 por ciento y la incorporaci&oacute;n de 52 productos [&hellip;]\" \/>\n<meta property=\"og:url\" content=\"https:\/\/informelitoral.com.ar\/precios-cuidados-2015los-nuevos-productos-y-sus-valores\/\" \/>\n<meta property=\"og:site_name\" content=\"Informe Litoral\" \/>\n<meta property=\"article:publisher\" content=\"https:\/\/www.facebook.com\/informelitoral\/\" \/>\n<meta property=\"article:published_time\" content=\"2015-01-13T12:26:01+00:00\" \/>\n<meta property=\"article:modified_time\" content=\"2015-01-13T12:31:53+00:00\" \/>\n<meta property=\"og:image\" content=\"https:\/\/informelitoral.com.ar\/%77%70%2d%63%6f%6e%74%65%6e%74\/uploads\/2015\/01\/e_1421141104.jpg\" \/>\n\t<meta property=\"og:image:width\" content=\"432\" \/>\n\t<meta property=\"og:image:height\" content=\"324\" \/>\n\t<meta property=\"og:image:type\" content=\"image\/jpeg\" \/>\n<meta name=\"author\" content=\"Gonzalo Schmidt\" \/>\n<meta name=\"twitter:card\" content=\"summary_large_image\" \/>\n<meta name=\"twitter:creator\" content=\"@InformeLitoral\" \/>\n<meta name=\"twitter:site\" content=\"@InformeLitoral\" \/>\n<meta name=\"twitter:label1\" content=\"Escrito por\" \/>\n\t<meta name=\"twitter:data1\" content=\"Gonzalo Schmidt\" \/>\n\t<meta name=\"twitter:label2\" content=\"Tiempo de lectura\" \/>\n\t<meta name=\"twitter:data2\" content=\"3 minutos\" \/>\n<script type=\"application\/ld+json\" class=\"yoast-schema-graph\">{\"@context\":\"https:\\\/\\\/schema.org\",\"@graph\":[{\"@type\":\"Article\",\"@id\":\"https:\\\/\\\/informelitoral.com.ar\\\/precios-cuidados-2015los-nuevos-productos-y-sus-valores\\\/#article\",\"isPartOf\":{\"@id\":\"https:\\\/\\\/informelitoral.com.ar\\\/precios-cuidados-2015los-nuevos-productos-y-sus-valores\\\/\"},\"author\":{\"name\":\"Gonzalo Schmidt\",\"@id\":\"https:\\\/\\\/informelitoral.com.ar\\\/#\\\/schema\\\/person\\\/b9d00407c836482871ef1d57bf8e3180\"},\"headline\":\"Precios Cuidados 2015: los nuevos productos y sus valores\",\"datePublished\":\"2015-01-13T12:26:01+00:00\",\"dateModified\":\"2015-01-13T12:31:53+00:00\",\"mainEntityOfPage\":{\"@id\":\"https:\\\/\\\/informelitoral.com.ar\\\/precios-cuidados-2015los-nuevos-productos-y-sus-valores\\\/\"},\"wordCount\":572,\"commentCount\":0,\"publisher\":{\"@id\":\"https:\\\/\\\/informelitoral.com.ar\\\/#organization\"},\"image\":{\"@id\":\"https:\\\/\\\/informelitoral.com.ar\\\/precios-cuidados-2015los-nuevos-productos-y-sus-valores\\\/#primaryimage\"},\"thumbnailUrl\":\"http:\\\/\\\/www.isletasnoticias.com.ar\\\/%77%70%2d%63%6f%6e%74%65%6e%74\\\/uploads\\\/2015\\\/01\\\/e_1421141104-300x225.jpg\",\"articleSection\":[\"Nacionales\"],\"inLanguage\":\"es\",\"potentialAction\":[{\"@type\":\"CommentAction\",\"name\":\"Comment\",\"target\":[\"https:\\\/\\\/informelitoral.com.ar\\\/precios-cuidados-2015los-nuevos-productos-y-sus-valores\\\/#respond\"]}]},{\"@type\":\"WebPage\",\"@id\":\"https:\\\/\\\/informelitoral.com.ar\\\/precios-cuidados-2015los-nuevos-productos-y-sus-valores\\\/\",\"url\":\"https:\\\/\\\/informelitoral.com.ar\\\/precios-cuidados-2015los-nuevos-productos-y-sus-valores\\\/\",\"name\":\"Precios Cuidados 2015: los nuevos productos y sus valores - Informe Litoral\",\"isPartOf\":{\"@id\":\"https:\\\/\\\/informelitoral.com.ar\\\/#website\"},\"primaryImageOfPage\":{\"@id\":\"https:\\\/\\\/informelitoral.com.ar\\\/precios-cuidados-2015los-nuevos-productos-y-sus-valores\\\/#primaryimage\"},\"image\":{\"@id\":\"https:\\\/\\\/informelitoral.com.ar\\\/precios-cuidados-2015los-nuevos-productos-y-sus-valores\\\/#primaryimage\"},\"thumbnailUrl\":\"http:\\\/\\\/www.isletasnoticias.com.ar\\\/%77%70%2d%63%6f%6e%74%65%6e%74\\\/uploads\\\/2015\\\/01\\\/e_1421141104-300x225.jpg\",\"datePublished\":\"2015-01-13T12:26:01+00:00\",\"dateModified\":\"2015-01-13T12:31:53+00:00\",\"breadcrumb\":{\"@id\":\"https:\\\/\\\/informelitoral.com.ar\\\/precios-cuidados-2015los-nuevos-productos-y-sus-valores\\\/#breadcrumb\"},\"inLanguage\":\"es\",\"potentialAction\":[{\"@type\":\"ReadAction\",\"target\":[\"https:\\\/\\\/informelitoral.com.ar\\\/precios-cuidados-2015los-nuevos-productos-y-sus-valores\\\/\"]}]},{\"@type\":\"ImageObject\",\"inLanguage\":\"es\",\"@id\":\"https:\\\/\\\/informelitoral.com.ar\\\/precios-cuidados-2015los-nuevos-productos-y-sus-valores\\\/#primaryimage\",\"url\":\"http:\\\/\\\/www.isletasnoticias.com.ar\\\/%77%70%2d%63%6f%6e%74%65%6e%74\\\/uploads\\\/2015\\\/01\\\/e_1421141104-300x225.jpg\",\"contentUrl\":\"http:\\\/\\\/www.isletasnoticias.com.ar\\\/%77%70%2d%63%6f%6e%74%65%6e%74\\\/uploads\\\/2015\\\/01\\\/e_1421141104-300x225.jpg\"},{\"@type\":\"BreadcrumbList\",\"@id\":\"https:\\\/\\\/informelitoral.com.ar\\\/precios-cuidados-2015los-nuevos-productos-y-sus-valores\\\/#breadcrumb\",\"itemListElement\":[{\"@type\":\"ListItem\",\"position\":1,\"name\":\"Portada\",\"item\":\"https:\\\/\\\/informelitoral.com.ar\\\/\"},{\"@type\":\"ListItem\",\"position\":2,\"name\":\"Precios Cuidados 2015: los nuevos productos y sus valores\"}]},{\"@type\":\"WebSite\",\"@id\":\"https:\\\/\\\/informelitoral.com.ar\\\/#website\",\"url\":\"https:\\\/\\\/informelitoral.com.ar\\\/\",\"name\":\"Informe Litoral\",\"description\":\"&quot;Nos informamos&quot; \",\"publisher\":{\"@id\":\"https:\\\/\\\/informelitoral.com.ar\\\/#organization\"},\"potentialAction\":[{\"@type\":\"SearchAction\",\"target\":{\"@type\":\"EntryPoint\",\"urlTemplate\":\"https:\\\/\\\/informelitoral.com.ar\\\/?s={search_term_string}\"},\"query-input\":{\"@type\":\"PropertyValueSpecification\",\"valueRequired\":true,\"valueName\":\"search_term_string\"}}],\"inLanguage\":\"es\"},{\"@type\":\"Organization\",\"@id\":\"https:\\\/\\\/informelitoral.com.ar\\\/#organization\",\"name\":\"Informe Litoral\",\"url\":\"https:\\\/\\\/informelitoral.com.ar\\\/\",\"logo\":{\"@type\":\"ImageObject\",\"inLanguage\":\"es\",\"@id\":\"https:\\\/\\\/informelitoral.com.ar\\\/#\\\/schema\\\/logo\\\/image\\\/\",\"url\":\"https:\\\/\\\/informelitoral.com.ar\\\/%77%70%2d%63%6f%6e%74%65%6e%74\\\/uploads\\\/2021\\\/01\\\/circulo.png\",\"contentUrl\":\"https:\\\/\\\/informelitoral.com.ar\\\/%77%70%2d%63%6f%6e%74%65%6e%74\\\/uploads\\\/2021\\\/01\\\/circulo.png\",\"width\":723,\"height\":731,\"caption\":\"Informe Litoral\"},\"image\":{\"@id\":\"https:\\\/\\\/informelitoral.com.ar\\\/#\\\/schema\\\/logo\\\/image\\\/\"},\"sameAs\":[\"https:\\\/\\\/www.facebook.com\\\/informelitoral\\\/\",\"https:\\\/\\\/x.com\\\/InformeLitoral\",\"https:\\\/\\\/www.instagram.com\\\/informelitoral\\\/\",\"https:\\\/\\\/www.youtube.com\\\/channel\\\/UCua4Qvz8Icb6MYqhoq9xLXw\"]},{\"@type\":\"Person\",\"@id\":\"https:\\\/\\\/informelitoral.com.ar\\\/#\\\/schema\\\/person\\\/b9d00407c836482871ef1d57bf8e3180\",\"name\":\"Gonzalo Schmidt\",\"image\":{\"@type\":\"ImageObject\",\"inLanguage\":\"es\",\"@id\":\"https:\\\/\\\/secure.gravatar.com\\\/avatar\\\/31a1a7b66ff2de83bd0e9fd79d026630d2d99e55e8bfe501287647b4fd9743de?s=96&d=mm&r=g\",\"url\":\"https:\\\/\\\/secure.gravatar.com\\\/avatar\\\/31a1a7b66ff2de83bd0e9fd79d026630d2d99e55e8bfe501287647b4fd9743de?s=96&d=mm&r=g\",\"contentUrl\":\"https:\\\/\\\/secure.gravatar.com\\\/avatar\\\/31a1a7b66ff2de83bd0e9fd79d026630d2d99e55e8bfe501287647b4fd9743de?s=96&d=mm&r=g\",\"caption\":\"Gonzalo Schmidt\"},\"description\":\"Sitio web de noticias de la provincia de Entre R\u00edos, Argentina. Informaci\u00f3n y entretenimiento. Informe Litoral, nos informamos.\",\"sameAs\":[\"http:\\\/\\\/www.isletasnoticias.com.ar\"],\"url\":\"https:\\\/\\\/informelitoral.com.ar\\\/author\\\/gonzalo\\\/\"}]}<\/script>","yoast_head_json":{"title":"Precios Cuidados 2015: los nuevos productos y sus valores - Informe Litoral","robots":{"index":"index","follow":"follow","max-snippet":"max-snippet:-1","max-image-preview":"max-image-preview:large","max-video-preview":"max-video-preview:-1"},"canonical":"https:\/\/informelitoral.com.ar\/precios-cuidados-2015los-nuevos-productos-y-sus-valores\/","og_locale":"es_ES","og_type":"article","og_title":"Precios Cuidados 2015: los nuevos productos y sus valores - Informe Litoral","og_description":"La n&oacute;mina de productos, que estar&aacute; vigente entre enero y abril, presenta un aumento promedio del 3,8 por ciento y cuenta con m&aacute;s art&iacute;culos. Todos los detalles. El Gobierno lanz&oacute; el nuevo esquema del Programa Precios Cuidados 2015 que prev&eacute; una variaci&oacute;n de precios promedio del 3,8 por ciento y la incorporaci&oacute;n de 52 productos [&hellip;]","og_url":"https:\/\/informelitoral.com.ar\/precios-cuidados-2015los-nuevos-productos-y-sus-valores\/","og_site_name":"Informe Litoral","article_publisher":"https:\/\/www.facebook.com\/informelitoral\/","article_published_time":"2015-01-13T12:26:01+00:00","article_modified_time":"2015-01-13T12:31:53+00:00","og_image":[{"width":432,"height":324,"url":"https:\/\/informelitoral.com.ar\/%77%70%2d%63%6f%6e%74%65%6e%74\/uploads\/2015\/01\/e_1421141104.jpg","type":"image\/jpeg"}],"author":"Gonzalo Schmidt","twitter_card":"summary_large_image","twitter_creator":"@InformeLitoral","twitter_site":"@InformeLitoral","twitter_misc":{"Escrito por":"Gonzalo Schmidt","Tiempo de lectura":"3 minutos"},"schema":{"@context":"https:\/\/schema.org","@graph":[{"@type":"Article","@id":"https:\/\/informelitoral.com.ar\/precios-cuidados-2015los-nuevos-productos-y-sus-valores\/#article","isPartOf":{"@id":"https:\/\/informelitoral.com.ar\/precios-cuidados-2015los-nuevos-productos-y-sus-valores\/"},"author":{"name":"Gonzalo Schmidt","@id":"https:\/\/informelitoral.com.ar\/#\/schema\/person\/b9d00407c836482871ef1d57bf8e3180"},"headline":"Precios Cuidados 2015: los nuevos productos y sus valores","datePublished":"2015-01-13T12:26:01+00:00","dateModified":"2015-01-13T12:31:53+00:00","mainEntityOfPage":{"@id":"https:\/\/informelitoral.com.ar\/precios-cuidados-2015los-nuevos-productos-y-sus-valores\/"},"wordCount":572,"commentCount":0,"publisher":{"@id":"https:\/\/informelitoral.com.ar\/#organization"},"image":{"@id":"https:\/\/informelitoral.com.ar\/precios-cuidados-2015los-nuevos-productos-y-sus-valores\/#primaryimage"},"thumbnailUrl":"http:\/\/www.isletasnoticias.com.ar\/%77%70%2d%63%6f%6e%74%65%6e%74\/uploads\/2015\/01\/e_1421141104-300x225.jpg","articleSection":["Nacionales"],"inLanguage":"es","potentialAction":[{"@type":"CommentAction","name":"Comment","target":["https:\/\/informelitoral.com.ar\/precios-cuidados-2015los-nuevos-productos-y-sus-valores\/#respond"]}]},{"@type":"WebPage","@id":"https:\/\/informelitoral.com.ar\/precios-cuidados-2015los-nuevos-productos-y-sus-valores\/","url":"https:\/\/informelitoral.com.ar\/precios-cuidados-2015los-nuevos-productos-y-sus-valores\/","name":"Precios Cuidados 2015: los nuevos productos y sus valores - Informe Litoral","isPartOf":{"@id":"https:\/\/informelitoral.com.ar\/#website"},"primaryImageOfPage":{"@id":"https:\/\/informelitoral.com.ar\/precios-cuidados-2015los-nuevos-productos-y-sus-valores\/#primaryimage"},"image":{"@id":"https:\/\/informelitoral.com.ar\/precios-cuidados-2015los-nuevos-productos-y-sus-valores\/#primaryimage"},"thumbnailUrl":"http:\/\/www.isletasnoticias.com.ar\/%77%70%2d%63%6f%6e%74%65%6e%74\/uploads\/2015\/01\/e_1421141104-300x225.jpg","datePublished":"2015-01-13T12:26:01+00:00","dateModified":"2015-01-13T12:31:53+00:00","breadcrumb":{"@id":"https:\/\/informelitoral.com.ar\/precios-cuidados-2015los-nuevos-productos-y-sus-valores\/#breadcrumb"},"inLanguage":"es","potentialAction":[{"@type":"ReadAction","target":["https:\/\/informelitoral.com.ar\/precios-cuidados-2015los-nuevos-productos-y-sus-valores\/"]}]},{"@type":"ImageObject","inLanguage":"es","@id":"https:\/\/informelitoral.com.ar\/precios-cuidados-2015los-nuevos-productos-y-sus-valores\/#primaryimage","url":"http:\/\/www.isletasnoticias.com.ar\/%77%70%2d%63%6f%6e%74%65%6e%74\/uploads\/2015\/01\/e_1421141104-300x225.jpg","contentUrl":"http:\/\/www.isletasnoticias.com.ar\/%77%70%2d%63%6f%6e%74%65%6e%74\/uploads\/2015\/01\/e_1421141104-300x225.jpg"},{"@type":"BreadcrumbList","@id":"https:\/\/informelitoral.com.ar\/precios-cuidados-2015los-nuevos-productos-y-sus-valores\/#breadcrumb","itemListElement":[{"@type":"ListItem","position":1,"name":"Portada","item":"https:\/\/informelitoral.com.ar\/"},{"@type":"ListItem","position":2,"name":"Precios Cuidados 2015: los nuevos productos y sus valores"}]},{"@type":"WebSite","@id":"https:\/\/informelitoral.com.ar\/#website","url":"https:\/\/informelitoral.com.ar\/","name":"Informe Litoral","description":"&quot;Nos informamos&quot; ","publisher":{"@id":"https:\/\/informelitoral.com.ar\/#organization"},"potentialAction":[{"@type":"SearchAction","target":{"@type":"EntryPoint","urlTemplate":"https:\/\/informelitoral.com.ar\/?s={search_term_string}"},"query-input":{"@type":"PropertyValueSpecification","valueRequired":true,"valueName":"search_term_string"}}],"inLanguage":"es"},{"@type":"Organization","@id":"https:\/\/informelitoral.com.ar\/#organization","name":"Informe Litoral","url":"https:\/\/informelitoral.com.ar\/","logo":{"@type":"ImageObject","inLanguage":"es","@id":"https:\/\/informelitoral.com.ar\/#\/schema\/logo\/image\/","url":"https:\/\/informelitoral.com.ar\/%77%70%2d%63%6f%6e%74%65%6e%74\/uploads\/2021\/01\/circulo.png","contentUrl":"https:\/\/informelitoral.com.ar\/%77%70%2d%63%6f%6e%74%65%6e%74\/uploads\/2021\/01\/circulo.png","width":723,"height":731,"caption":"Informe Litoral"},"image":{"@id":"https:\/\/informelitoral.com.ar\/#\/schema\/logo\/image\/"},"sameAs":["https:\/\/www.facebook.com\/informelitoral\/","https:\/\/x.com\/InformeLitoral","https:\/\/www.instagram.com\/informelitoral\/","https:\/\/www.youtube.com\/channel\/UCua4Qvz8Icb6MYqhoq9xLXw"]},{"@type":"Person","@id":"https:\/\/informelitoral.com.ar\/#\/schema\/person\/b9d00407c836482871ef1d57bf8e3180","name":"Gonzalo Schmidt","image":{"@type":"ImageObject","inLanguage":"es","@id":"https:\/\/secure.gravatar.com\/avatar\/31a1a7b66ff2de83bd0e9fd79d026630d2d99e55e8bfe501287647b4fd9743de?s=96&d=mm&r=g","url":"https:\/\/secure.gravatar.com\/avatar\/31a1a7b66ff2de83bd0e9fd79d026630d2d99e55e8bfe501287647b4fd9743de?s=96&d=mm&r=g","contentUrl":"https:\/\/secure.gravatar.com\/avatar\/31a1a7b66ff2de83bd0e9fd79d026630d2d99e55e8bfe501287647b4fd9743de?s=96&d=mm&r=g","caption":"Gonzalo Schmidt"},"description":"Sitio web de noticias de la provincia de Entre R\u00edos, Argentina. Informaci\u00f3n y entretenimiento. Informe Litoral, nos informamos.","sameAs":["http:\/\/www.isletasnoticias.com.ar"],"url":"https:\/\/informelitoral.com.ar\/author\/gonzalo\/"}]}},"_links":{"self":[{"href":"https:\/\/informelitoral.com.ar\/%77%70%2d%6a%73%6f%6e\/wp\/v2\/posts\/9542","targetHints":{"allow":["GET"]}}],"collection":[{"href":"https:\/\/informelitoral.com.ar\/%77%70%2d%6a%73%6f%6e\/wp\/v2\/posts"}],"about":[{"href":"https:\/\/informelitoral.com.ar\/%77%70%2d%6a%73%6f%6e\/wp\/v2\/types\/post"}],"author":[{"embeddable":true,"href":"https:\/\/informelitoral.com.ar\/%77%70%2d%6a%73%6f%6e\/wp\/v2\/users\/2"}],"replies":[{"embeddable":true,"href":"https:\/\/informelitoral.com.ar\/%77%70%2d%6a%73%6f%6e\/wp\/v2\/comments?post=9542"}],"version-history":[{"count":0,"href":"https:\/\/informelitoral.com.ar\/%77%70%2d%6a%73%6f%6e\/wp\/v2\/posts\/9542\/revisions"}],"wp:attachment":[{"href":"https:\/\/informelitoral.com.ar\/%77%70%2d%6a%73%6f%6e\/wp\/v2\/media?parent=9542"}],"wp:term":[{"taxonomy":"category","embeddable":true,"href":"https:\/\/informelitoral.com.ar\/%77%70%2d%6a%73%6f%6e\/wp\/v2\/categories?post=9542"},{"taxonomy":"post_tag","embeddable":true,"href":"https:\/\/informelitoral.com.ar\/%77%70%2d%6a%73%6f%6e\/wp\/v2\/tags?post=9542"}],"curies":[{"name":"wp","href":"https:\/\/api.w.org\/{rel}","templated":true}]}}