{"id":9539,"date":"2015-01-13T09:19:42","date_gmt":"2015-01-13T12:19:42","guid":{"rendered":"http:\/\/www.isletasnoticias.com.ar\/?p=9539"},"modified":"2015-01-27T23:30:23","modified_gmt":"2015-01-28T02:30:23","slug":"por-que-se-considera-al-martes-13-un-dia-de-mala-suerte","status":"publish","type":"post","link":"https:\/\/informelitoral.com.ar\/por-que-se-considera-al-martes-13-un-dia-de-mala-suerte\/","title":{"rendered":"\u00bfPor qu\u00e9 se considera al \u00abmartes 13\u00bb un d\u00eda de mala suerte?"},"content":{"rendered":"<p><strong>Debido a una creencia popular, en la mayor\u00eda de los pa\u00edses latinoamericanos este d\u00eda esta relacionado con la desgracias. <em>Enterate el origen de la historia.<a href=\"http:\/\/www.isletasnoticias.com.ar\/%77%70%2d%63%6f%6e%74%65%6e%74\/uploads\/2015\/01\/0008127176.png\"><img loading=\"lazy\" decoding=\"async\" class=\"aligncenter size-medium wp-image-9540\" src=\"http:\/\/www.isletasnoticias.com.ar\/%77%70%2d%63%6f%6e%74%65%6e%74\/uploads\/2015\/01\/0008127176-300x200.png\" alt=\"0008127176\" width=\"300\" height=\"200\" srcset=\"https:\/\/informelitoral.com.ar\/%77%70%2d%63%6f%6e%74%65%6e%74\/uploads\/2015\/01\/0008127176-300x200.png 300w, https:\/\/informelitoral.com.ar\/%77%70%2d%63%6f%6e%74%65%6e%74\/uploads\/2015\/01\/0008127176.png 678w\" sizes=\"auto, (max-width: 300px) 100vw, 300px\" \/><\/a><\/em><\/strong>En los pa\u00edses latinoamericanos, algo que viene de la tradici\u00f3n griega (heredado a trav\u00e9s de las costumbres espa\u00f1olas), el martes 13 est\u00e1 directamente relacionado con la mala suerte. Pero para averiguar su origen hay que repasar dos variables: una el d\u00eda \u00abmartes\u00bb y la otra el n\u00famero 13.<\/p>\n<p>De acuerdo a la tradici\u00f3n griega, el d\u00eda martes tiene una carga negativa por estar relacionados con Marte, un planeta considerado mal\u00e9fico, y a Ares, el dios de la guerra, la destrucci\u00f3n y la sangre.<\/p>\n<p>Por otro lado, la causa de la mala suerte del n\u00famero 13 es algo que pertenece a muchas culturas occidentales. Trece personas son las que participaron en la \u00faltima cena antes de la muerte de Cristo, tambi\u00e9n son trece los esp\u00edritus malignos en las leyendas n\u00f3rdicas. Por otro lado, en el cap\u00edtulo 13 del Apocalipsis es donde se habla del diablo, como fuente de todo mal.<\/p>\n<p>Por todo esto es que muchos huyen del n\u00famero 13. Por citar ejemplos m\u00e1s que populares: hay l\u00edneas a\u00e9reas que evitan la \u00abfila 13\u00bb para sus pasajeros o edificios modernos que pasan del piso 12 al 14, salte\u00e1ndose el trece.<\/p>\n<p>Pero cabe resaltar que nada de todo esto tiene un fundamento cient\u00edfico, se trata de un mito. Pero hay un viejo proverbio espa\u00f1ol que dice: \u00abMartes 13, no te cases ni te embarques, ni de tu casa te apartes\u00bb. Y muchos este d\u00eda lo cumplir\u00e1n al pie de la letra. <em>(Minutouno)<\/em><\/p>\n","protected":false},"excerpt":{"rendered":"<p>Debido a una creencia popular, en la mayor&iacute;a de los pa&iacute;ses latinoamericanos este d&iacute;a esta relacionado con la desgracias. Enterate el origen de la historia.En los pa&iacute;ses latinoamericanos, algo que viene de la tradici&oacute;n griega (heredado a trav&eacute;s de las costumbres espa&ntilde;olas), el martes 13 est&aacute; directamente relacionado con la mala suerte. Pero para averiguar [&hellip;]<\/p>\n","protected":false},"author":2,"featured_media":0,"comment_status":"open","ping_status":"open","sticky":false,"template":"","format":"standard","meta":{"fifu_image_url":"","fifu_image_alt":"","footnotes":""},"categories":[9],"tags":[],"class_list":{"0":"post-9539","1":"post","2":"type-post","3":"status-publish","4":"format-standard","6":"category-sociedad"},"yoast_head":"<title>\u00bfPor qu\u00e9 se considera al &quot;martes 13&quot; un d\u00eda de mala suerte? - Informe Litoral<\/title>\n<meta name=\"robots\" content=\"index, follow, max-snippet:-1, max-image-preview:large, max-video-preview:-1\" \/>\n<link rel=\"canonical\" href=\"https:\/\/informelitoral.com.ar\/por-que-se-considera-al-martes-13-un-dia-de-mala-suerte\/\" \/>\n<meta property=\"og:locale\" content=\"es_ES\" \/>\n<meta property=\"og:type\" content=\"article\" \/>\n<meta property=\"og:title\" content=\"\u00bfPor qu\u00e9 se considera al &quot;martes 13&quot; un d\u00eda de mala suerte? - Informe Litoral\" \/>\n<meta property=\"og:description\" content=\"Debido a una creencia popular, en la mayor&iacute;a de los pa&iacute;ses latinoamericanos este d&iacute;a esta relacionado con la desgracias. Enterate el origen de la historia.En los pa&iacute;ses latinoamericanos, algo que viene de la tradici&oacute;n griega (heredado a trav&eacute;s de las costumbres espa&ntilde;olas), el martes 13 est&aacute; directamente relacionado con la mala suerte. Pero para averiguar [&hellip;]\" \/>\n<meta property=\"og:url\" content=\"https:\/\/informelitoral.com.ar\/por-que-se-considera-al-martes-13-un-dia-de-mala-suerte\/\" \/>\n<meta property=\"og:site_name\" content=\"Informe Litoral\" \/>\n<meta property=\"article:publisher\" content=\"https:\/\/www.facebook.com\/informelitoral\/\" \/>\n<meta property=\"article:published_time\" content=\"2015-01-13T12:19:42+00:00\" \/>\n<meta property=\"article:modified_time\" content=\"2015-01-28T02:30:23+00:00\" \/>\n<meta property=\"og:image\" content=\"https:\/\/informelitoral.com.ar\/%77%70%2d%63%6f%6e%74%65%6e%74\/uploads\/2015\/01\/0008127176.png\" \/>\n\t<meta property=\"og:image:width\" content=\"678\" \/>\n\t<meta property=\"og:image:height\" content=\"452\" \/>\n\t<meta property=\"og:image:type\" content=\"image\/png\" \/>\n<meta name=\"author\" content=\"Gonzalo Schmidt\" \/>\n<meta name=\"twitter:card\" content=\"summary_large_image\" \/>\n<meta name=\"twitter:creator\" content=\"@InformeLitoral\" \/>\n<meta name=\"twitter:site\" content=\"@InformeLitoral\" \/>\n<meta name=\"twitter:label1\" content=\"Escrito por\" \/>\n\t<meta name=\"twitter:data1\" content=\"Gonzalo Schmidt\" \/>\n\t<meta name=\"twitter:label2\" content=\"Tiempo de lectura\" \/>\n\t<meta name=\"twitter:data2\" content=\"1 minuto\" \/>\n<script type=\"application\/ld+json\" class=\"yoast-schema-graph\">{\"@context\":\"https:\\\/\\\/schema.org\",\"@graph\":[{\"@type\":\"Article\",\"@id\":\"https:\\\/\\\/informelitoral.com.ar\\\/por-que-se-considera-al-martes-13-un-dia-de-mala-suerte\\\/#article\",\"isPartOf\":{\"@id\":\"https:\\\/\\\/informelitoral.com.ar\\\/por-que-se-considera-al-martes-13-un-dia-de-mala-suerte\\\/\"},\"author\":{\"name\":\"Gonzalo Schmidt\",\"@id\":\"https:\\\/\\\/informelitoral.com.ar\\\/#\\\/schema\\\/person\\\/b9d00407c836482871ef1d57bf8e3180\"},\"headline\":\"\u00bfPor qu\u00e9 se considera al \u00abmartes 13\u00bb un d\u00eda de mala suerte?\",\"datePublished\":\"2015-01-13T12:19:42+00:00\",\"dateModified\":\"2015-01-28T02:30:23+00:00\",\"mainEntityOfPage\":{\"@id\":\"https:\\\/\\\/informelitoral.com.ar\\\/por-que-se-considera-al-martes-13-un-dia-de-mala-suerte\\\/\"},\"wordCount\":295,\"commentCount\":0,\"publisher\":{\"@id\":\"https:\\\/\\\/informelitoral.com.ar\\\/#organization\"},\"image\":{\"@id\":\"https:\\\/\\\/informelitoral.com.ar\\\/por-que-se-considera-al-martes-13-un-dia-de-mala-suerte\\\/#primaryimage\"},\"thumbnailUrl\":\"http:\\\/\\\/www.isletasnoticias.com.ar\\\/%77%70%2d%63%6f%6e%74%65%6e%74\\\/uploads\\\/2015\\\/01\\\/0008127176-300x200.png\",\"articleSection\":[\"Sociedad\"],\"inLanguage\":\"es\",\"potentialAction\":[{\"@type\":\"CommentAction\",\"name\":\"Comment\",\"target\":[\"https:\\\/\\\/informelitoral.com.ar\\\/por-que-se-considera-al-martes-13-un-dia-de-mala-suerte\\\/#respond\"]}]},{\"@type\":\"WebPage\",\"@id\":\"https:\\\/\\\/informelitoral.com.ar\\\/por-que-se-considera-al-martes-13-un-dia-de-mala-suerte\\\/\",\"url\":\"https:\\\/\\\/informelitoral.com.ar\\\/por-que-se-considera-al-martes-13-un-dia-de-mala-suerte\\\/\",\"name\":\"\u00bfPor qu\u00e9 se considera al \\\"martes 13\\\" un d\u00eda de mala suerte? - Informe Litoral\",\"isPartOf\":{\"@id\":\"https:\\\/\\\/informelitoral.com.ar\\\/#website\"},\"primaryImageOfPage\":{\"@id\":\"https:\\\/\\\/informelitoral.com.ar\\\/por-que-se-considera-al-martes-13-un-dia-de-mala-suerte\\\/#primaryimage\"},\"image\":{\"@id\":\"https:\\\/\\\/informelitoral.com.ar\\\/por-que-se-considera-al-martes-13-un-dia-de-mala-suerte\\\/#primaryimage\"},\"thumbnailUrl\":\"http:\\\/\\\/www.isletasnoticias.com.ar\\\/%77%70%2d%63%6f%6e%74%65%6e%74\\\/uploads\\\/2015\\\/01\\\/0008127176-300x200.png\",\"datePublished\":\"2015-01-13T12:19:42+00:00\",\"dateModified\":\"2015-01-28T02:30:23+00:00\",\"breadcrumb\":{\"@id\":\"https:\\\/\\\/informelitoral.com.ar\\\/por-que-se-considera-al-martes-13-un-dia-de-mala-suerte\\\/#breadcrumb\"},\"inLanguage\":\"es\",\"potentialAction\":[{\"@type\":\"ReadAction\",\"target\":[\"https:\\\/\\\/informelitoral.com.ar\\\/por-que-se-considera-al-martes-13-un-dia-de-mala-suerte\\\/\"]}]},{\"@type\":\"ImageObject\",\"inLanguage\":\"es\",\"@id\":\"https:\\\/\\\/informelitoral.com.ar\\\/por-que-se-considera-al-martes-13-un-dia-de-mala-suerte\\\/#primaryimage\",\"url\":\"http:\\\/\\\/www.isletasnoticias.com.ar\\\/%77%70%2d%63%6f%6e%74%65%6e%74\\\/uploads\\\/2015\\\/01\\\/0008127176-300x200.png\",\"contentUrl\":\"http:\\\/\\\/www.isletasnoticias.com.ar\\\/%77%70%2d%63%6f%6e%74%65%6e%74\\\/uploads\\\/2015\\\/01\\\/0008127176-300x200.png\"},{\"@type\":\"BreadcrumbList\",\"@id\":\"https:\\\/\\\/informelitoral.com.ar\\\/por-que-se-considera-al-martes-13-un-dia-de-mala-suerte\\\/#breadcrumb\",\"itemListElement\":[{\"@type\":\"ListItem\",\"position\":1,\"name\":\"Portada\",\"item\":\"https:\\\/\\\/informelitoral.com.ar\\\/\"},{\"@type\":\"ListItem\",\"position\":2,\"name\":\"\u00bfPor qu\u00e9 se considera al \u00abmartes 13\u00bb un d\u00eda de mala suerte?\"}]},{\"@type\":\"WebSite\",\"@id\":\"https:\\\/\\\/informelitoral.com.ar\\\/#website\",\"url\":\"https:\\\/\\\/informelitoral.com.ar\\\/\",\"name\":\"Informe Litoral\",\"description\":\"&quot;Nos informamos&quot; \",\"publisher\":{\"@id\":\"https:\\\/\\\/informelitoral.com.ar\\\/#organization\"},\"potentialAction\":[{\"@type\":\"SearchAction\",\"target\":{\"@type\":\"EntryPoint\",\"urlTemplate\":\"https:\\\/\\\/informelitoral.com.ar\\\/?s={search_term_string}\"},\"query-input\":{\"@type\":\"PropertyValueSpecification\",\"valueRequired\":true,\"valueName\":\"search_term_string\"}}],\"inLanguage\":\"es\"},{\"@type\":\"Organization\",\"@id\":\"https:\\\/\\\/informelitoral.com.ar\\\/#organization\",\"name\":\"Informe Litoral\",\"url\":\"https:\\\/\\\/informelitoral.com.ar\\\/\",\"logo\":{\"@type\":\"ImageObject\",\"inLanguage\":\"es\",\"@id\":\"https:\\\/\\\/informelitoral.com.ar\\\/#\\\/schema\\\/logo\\\/image\\\/\",\"url\":\"https:\\\/\\\/informelitoral.com.ar\\\/%77%70%2d%63%6f%6e%74%65%6e%74\\\/uploads\\\/2021\\\/01\\\/circulo.png\",\"contentUrl\":\"https:\\\/\\\/informelitoral.com.ar\\\/%77%70%2d%63%6f%6e%74%65%6e%74\\\/uploads\\\/2021\\\/01\\\/circulo.png\",\"width\":723,\"height\":731,\"caption\":\"Informe Litoral\"},\"image\":{\"@id\":\"https:\\\/\\\/informelitoral.com.ar\\\/#\\\/schema\\\/logo\\\/image\\\/\"},\"sameAs\":[\"https:\\\/\\\/www.facebook.com\\\/informelitoral\\\/\",\"https:\\\/\\\/x.com\\\/InformeLitoral\",\"https:\\\/\\\/www.instagram.com\\\/informelitoral\\\/\",\"https:\\\/\\\/www.youtube.com\\\/channel\\\/UCua4Qvz8Icb6MYqhoq9xLXw\"]},{\"@type\":\"Person\",\"@id\":\"https:\\\/\\\/informelitoral.com.ar\\\/#\\\/schema\\\/person\\\/b9d00407c836482871ef1d57bf8e3180\",\"name\":\"Gonzalo Schmidt\",\"image\":{\"@type\":\"ImageObject\",\"inLanguage\":\"es\",\"@id\":\"https:\\\/\\\/secure.gravatar.com\\\/avatar\\\/31a1a7b66ff2de83bd0e9fd79d026630d2d99e55e8bfe501287647b4fd9743de?s=96&d=mm&r=g\",\"url\":\"https:\\\/\\\/secure.gravatar.com\\\/avatar\\\/31a1a7b66ff2de83bd0e9fd79d026630d2d99e55e8bfe501287647b4fd9743de?s=96&d=mm&r=g\",\"contentUrl\":\"https:\\\/\\\/secure.gravatar.com\\\/avatar\\\/31a1a7b66ff2de83bd0e9fd79d026630d2d99e55e8bfe501287647b4fd9743de?s=96&d=mm&r=g\",\"caption\":\"Gonzalo Schmidt\"},\"description\":\"Sitio web de noticias de la provincia de Entre R\u00edos, Argentina. Informaci\u00f3n y entretenimiento. Informe Litoral, nos informamos.\",\"sameAs\":[\"http:\\\/\\\/www.isletasnoticias.com.ar\"],\"url\":\"https:\\\/\\\/informelitoral.com.ar\\\/author\\\/gonzalo\\\/\"}]}<\/script>","yoast_head_json":{"title":"\u00bfPor qu\u00e9 se considera al \"martes 13\" un d\u00eda de mala suerte? - Informe Litoral","robots":{"index":"index","follow":"follow","max-snippet":"max-snippet:-1","max-image-preview":"max-image-preview:large","max-video-preview":"max-video-preview:-1"},"canonical":"https:\/\/informelitoral.com.ar\/por-que-se-considera-al-martes-13-un-dia-de-mala-suerte\/","og_locale":"es_ES","og_type":"article","og_title":"\u00bfPor qu\u00e9 se considera al \"martes 13\" un d\u00eda de mala suerte? - Informe Litoral","og_description":"Debido a una creencia popular, en la mayor&iacute;a de los pa&iacute;ses latinoamericanos este d&iacute;a esta relacionado con la desgracias. Enterate el origen de la historia.En los pa&iacute;ses latinoamericanos, algo que viene de la tradici&oacute;n griega (heredado a trav&eacute;s de las costumbres espa&ntilde;olas), el martes 13 est&aacute; directamente relacionado con la mala suerte. Pero para averiguar [&hellip;]","og_url":"https:\/\/informelitoral.com.ar\/por-que-se-considera-al-martes-13-un-dia-de-mala-suerte\/","og_site_name":"Informe Litoral","article_publisher":"https:\/\/www.facebook.com\/informelitoral\/","article_published_time":"2015-01-13T12:19:42+00:00","article_modified_time":"2015-01-28T02:30:23+00:00","og_image":[{"width":678,"height":452,"url":"https:\/\/informelitoral.com.ar\/%77%70%2d%63%6f%6e%74%65%6e%74\/uploads\/2015\/01\/0008127176.png","type":"image\/png"}],"author":"Gonzalo Schmidt","twitter_card":"summary_large_image","twitter_creator":"@InformeLitoral","twitter_site":"@InformeLitoral","twitter_misc":{"Escrito por":"Gonzalo Schmidt","Tiempo de lectura":"1 minuto"},"schema":{"@context":"https:\/\/schema.org","@graph":[{"@type":"Article","@id":"https:\/\/informelitoral.com.ar\/por-que-se-considera-al-martes-13-un-dia-de-mala-suerte\/#article","isPartOf":{"@id":"https:\/\/informelitoral.com.ar\/por-que-se-considera-al-martes-13-un-dia-de-mala-suerte\/"},"author":{"name":"Gonzalo Schmidt","@id":"https:\/\/informelitoral.com.ar\/#\/schema\/person\/b9d00407c836482871ef1d57bf8e3180"},"headline":"\u00bfPor qu\u00e9 se considera al \u00abmartes 13\u00bb un d\u00eda de mala suerte?","datePublished":"2015-01-13T12:19:42+00:00","dateModified":"2015-01-28T02:30:23+00:00","mainEntityOfPage":{"@id":"https:\/\/informelitoral.com.ar\/por-que-se-considera-al-martes-13-un-dia-de-mala-suerte\/"},"wordCount":295,"commentCount":0,"publisher":{"@id":"https:\/\/informelitoral.com.ar\/#organization"},"image":{"@id":"https:\/\/informelitoral.com.ar\/por-que-se-considera-al-martes-13-un-dia-de-mala-suerte\/#primaryimage"},"thumbnailUrl":"http:\/\/www.isletasnoticias.com.ar\/%77%70%2d%63%6f%6e%74%65%6e%74\/uploads\/2015\/01\/0008127176-300x200.png","articleSection":["Sociedad"],"inLanguage":"es","potentialAction":[{"@type":"CommentAction","name":"Comment","target":["https:\/\/informelitoral.com.ar\/por-que-se-considera-al-martes-13-un-dia-de-mala-suerte\/#respond"]}]},{"@type":"WebPage","@id":"https:\/\/informelitoral.com.ar\/por-que-se-considera-al-martes-13-un-dia-de-mala-suerte\/","url":"https:\/\/informelitoral.com.ar\/por-que-se-considera-al-martes-13-un-dia-de-mala-suerte\/","name":"\u00bfPor qu\u00e9 se considera al \"martes 13\" un d\u00eda de mala suerte? - Informe Litoral","isPartOf":{"@id":"https:\/\/informelitoral.com.ar\/#website"},"primaryImageOfPage":{"@id":"https:\/\/informelitoral.com.ar\/por-que-se-considera-al-martes-13-un-dia-de-mala-suerte\/#primaryimage"},"image":{"@id":"https:\/\/informelitoral.com.ar\/por-que-se-considera-al-martes-13-un-dia-de-mala-suerte\/#primaryimage"},"thumbnailUrl":"http:\/\/www.isletasnoticias.com.ar\/%77%70%2d%63%6f%6e%74%65%6e%74\/uploads\/2015\/01\/0008127176-300x200.png","datePublished":"2015-01-13T12:19:42+00:00","dateModified":"2015-01-28T02:30:23+00:00","breadcrumb":{"@id":"https:\/\/informelitoral.com.ar\/por-que-se-considera-al-martes-13-un-dia-de-mala-suerte\/#breadcrumb"},"inLanguage":"es","potentialAction":[{"@type":"ReadAction","target":["https:\/\/informelitoral.com.ar\/por-que-se-considera-al-martes-13-un-dia-de-mala-suerte\/"]}]},{"@type":"ImageObject","inLanguage":"es","@id":"https:\/\/informelitoral.com.ar\/por-que-se-considera-al-martes-13-un-dia-de-mala-suerte\/#primaryimage","url":"http:\/\/www.isletasnoticias.com.ar\/%77%70%2d%63%6f%6e%74%65%6e%74\/uploads\/2015\/01\/0008127176-300x200.png","contentUrl":"http:\/\/www.isletasnoticias.com.ar\/%77%70%2d%63%6f%6e%74%65%6e%74\/uploads\/2015\/01\/0008127176-300x200.png"},{"@type":"BreadcrumbList","@id":"https:\/\/informelitoral.com.ar\/por-que-se-considera-al-martes-13-un-dia-de-mala-suerte\/#breadcrumb","itemListElement":[{"@type":"ListItem","position":1,"name":"Portada","item":"https:\/\/informelitoral.com.ar\/"},{"@type":"ListItem","position":2,"name":"\u00bfPor qu\u00e9 se considera al \u00abmartes 13\u00bb un d\u00eda de mala suerte?"}]},{"@type":"WebSite","@id":"https:\/\/informelitoral.com.ar\/#website","url":"https:\/\/informelitoral.com.ar\/","name":"Informe Litoral","description":"&quot;Nos informamos&quot; ","publisher":{"@id":"https:\/\/informelitoral.com.ar\/#organization"},"potentialAction":[{"@type":"SearchAction","target":{"@type":"EntryPoint","urlTemplate":"https:\/\/informelitoral.com.ar\/?s={search_term_string}"},"query-input":{"@type":"PropertyValueSpecification","valueRequired":true,"valueName":"search_term_string"}}],"inLanguage":"es"},{"@type":"Organization","@id":"https:\/\/informelitoral.com.ar\/#organization","name":"Informe Litoral","url":"https:\/\/informelitoral.com.ar\/","logo":{"@type":"ImageObject","inLanguage":"es","@id":"https:\/\/informelitoral.com.ar\/#\/schema\/logo\/image\/","url":"https:\/\/informelitoral.com.ar\/%77%70%2d%63%6f%6e%74%65%6e%74\/uploads\/2021\/01\/circulo.png","contentUrl":"https:\/\/informelitoral.com.ar\/%77%70%2d%63%6f%6e%74%65%6e%74\/uploads\/2021\/01\/circulo.png","width":723,"height":731,"caption":"Informe Litoral"},"image":{"@id":"https:\/\/informelitoral.com.ar\/#\/schema\/logo\/image\/"},"sameAs":["https:\/\/www.facebook.com\/informelitoral\/","https:\/\/x.com\/InformeLitoral","https:\/\/www.instagram.com\/informelitoral\/","https:\/\/www.youtube.com\/channel\/UCua4Qvz8Icb6MYqhoq9xLXw"]},{"@type":"Person","@id":"https:\/\/informelitoral.com.ar\/#\/schema\/person\/b9d00407c836482871ef1d57bf8e3180","name":"Gonzalo Schmidt","image":{"@type":"ImageObject","inLanguage":"es","@id":"https:\/\/secure.gravatar.com\/avatar\/31a1a7b66ff2de83bd0e9fd79d026630d2d99e55e8bfe501287647b4fd9743de?s=96&d=mm&r=g","url":"https:\/\/secure.gravatar.com\/avatar\/31a1a7b66ff2de83bd0e9fd79d026630d2d99e55e8bfe501287647b4fd9743de?s=96&d=mm&r=g","contentUrl":"https:\/\/secure.gravatar.com\/avatar\/31a1a7b66ff2de83bd0e9fd79d026630d2d99e55e8bfe501287647b4fd9743de?s=96&d=mm&r=g","caption":"Gonzalo Schmidt"},"description":"Sitio web de noticias de la provincia de Entre R\u00edos, Argentina. Informaci\u00f3n y entretenimiento. Informe Litoral, nos informamos.","sameAs":["http:\/\/www.isletasnoticias.com.ar"],"url":"https:\/\/informelitoral.com.ar\/author\/gonzalo\/"}]}},"_links":{"self":[{"href":"https:\/\/informelitoral.com.ar\/%77%70%2d%6a%73%6f%6e\/wp\/v2\/posts\/9539","targetHints":{"allow":["GET"]}}],"collection":[{"href":"https:\/\/informelitoral.com.ar\/%77%70%2d%6a%73%6f%6e\/wp\/v2\/posts"}],"about":[{"href":"https:\/\/informelitoral.com.ar\/%77%70%2d%6a%73%6f%6e\/wp\/v2\/types\/post"}],"author":[{"embeddable":true,"href":"https:\/\/informelitoral.com.ar\/%77%70%2d%6a%73%6f%6e\/wp\/v2\/users\/2"}],"replies":[{"embeddable":true,"href":"https:\/\/informelitoral.com.ar\/%77%70%2d%6a%73%6f%6e\/wp\/v2\/comments?post=9539"}],"version-history":[{"count":0,"href":"https:\/\/informelitoral.com.ar\/%77%70%2d%6a%73%6f%6e\/wp\/v2\/posts\/9539\/revisions"}],"wp:attachment":[{"href":"https:\/\/informelitoral.com.ar\/%77%70%2d%6a%73%6f%6e\/wp\/v2\/media?parent=9539"}],"wp:term":[{"taxonomy":"category","embeddable":true,"href":"https:\/\/informelitoral.com.ar\/%77%70%2d%6a%73%6f%6e\/wp\/v2\/categories?post=9539"},{"taxonomy":"post_tag","embeddable":true,"href":"https:\/\/informelitoral.com.ar\/%77%70%2d%6a%73%6f%6e\/wp\/v2\/tags?post=9539"}],"curies":[{"name":"wp","href":"https:\/\/api.w.org\/{rel}","templated":true}]}}