{"id":9525,"date":"2015-01-12T08:16:49","date_gmt":"2015-01-12T11:16:49","guid":{"rendered":"http:\/\/www.isletasnoticias.com.ar\/?p=9525"},"modified":"2015-01-12T09:57:57","modified_gmt":"2015-01-12T12:57:57","slug":"isletas-intenso-temporal-dejo-importantes-danos-materiales-y-la-zona-continua-sin-luz","status":"publish","type":"post","link":"https:\/\/informelitoral.com.ar\/isletas-intenso-temporal-dejo-importantes-danos-materiales-y-la-zona-continua-sin-luz\/","title":{"rendered":"Isletas: intenso temporal dej\u00f3 importantes da\u00f1os materiales y la zona contin\u00faa sin luz"},"content":{"rendered":"<p><strong>Un intenso temporal de viento acompa\u00f1ado de lluvia y granizo afectaron el sector sur de esta y otras localidades en las \u00faltimas horas del s\u00e1bado. Hizo importantes da\u00f1os en galpones, molinos de viento, obras de ladrillo y tambi\u00e9n afect\u00f3 viviendas e instituciones. Afortunadamente no habr\u00eda personas lesionadas. La zona contin\u00faa sin energ\u00eda el\u00e9ctrica por los postes ca\u00eddos. Vecinos sostienen que nunca vivieron un temporal de esas caracter\u00edsticas.<a href=\"http:\/\/www.isletasnoticias.com.ar\/%77%70%2d%63%6f%6e%74%65%6e%74\/uploads\/2015\/01\/IMG_20150111_080728.jpg\"><img loading=\"lazy\" decoding=\"async\" class=\"aligncenter size-medium wp-image-9526\" src=\"http:\/\/www.isletasnoticias.com.ar\/%77%70%2d%63%6f%6e%74%65%6e%74\/uploads\/2015\/01\/IMG_20150111_080728-300x225.jpg\" alt=\"IMG_20150111_080728\" width=\"300\" height=\"225\" srcset=\"https:\/\/informelitoral.com.ar\/%77%70%2d%63%6f%6e%74%65%6e%74\/uploads\/2015\/01\/IMG_20150111_080728-300x225.jpg 300w, https:\/\/informelitoral.com.ar\/%77%70%2d%63%6f%6e%74%65%6e%74\/uploads\/2015\/01\/IMG_20150111_080728-1024x768.jpg 1024w\" sizes=\"auto, (max-width: 300px) 100vw, 300px\" \/><\/a> <\/strong><\/p>\n<p>Alrededor de las 22.15 del s\u00e1bado 10 de enero se desat\u00f3 un intenso temporal de viento, fuerte lluvia y ca\u00edda de granizo que se mantuvo durante aproximadamente media hora, dejando importantes da\u00f1os materiales en la zona sur de Isletas, Distrito Doll departamento Diamante, entre otros lugares, como Chilcas y Aranguren.<\/p>\n<p>Los da\u00f1os materiales son diversos. En al menos una vivienda cay\u00f3 un gajo sobre el techo, hundiendo algunas chapas, por lo que alcanz\u00f3 a ingresar agua. En otra vivienda de la zona de Distrito Doll, se volaron algunas chapas, al igual que en una casa en Isletas. Afortunadamente, no hubo v\u00edctimas fatales, ni personas lesionadas.<\/p>\n<p>El intenso viento, tambi\u00e9n destruy\u00f3 varios galpones y tinglados de diferentes magnitudes, sac\u00f3 una importante cantidad de \u00e1rboles de ra\u00edz, dej\u00f3 cortado por lo menos dos caminos con gajos y \u00e1rboles completos y tumb\u00f3 postes de energ\u00eda el\u00e9ctrica por lo que desde el s\u00e1bado a las 22.00 hasta este lunes por la ma\u00f1ana la zona continuaba sin servicio de energ\u00eda el\u00e9ctrica. Seg\u00fan nos informaron, reci\u00e9n este lunes o martes volver\u00e1 la luz.<\/p>\n<p>El granizo que cay\u00f3 en un sector tambi\u00e9n provoc\u00f3 da\u00f1os en al menos un maizal y nuevamente un rayo mat\u00f3 un vacuno en un campo Isletas, por lo que<a href=\"http:\/\/www.isletasnoticias.com.ar\/?p=9484\"> en pocos d\u00edas suman tres los animales muertos por dicho fen\u00f3meno.<\/a> Tambi\u00e9n corri\u00f3 varios metros a los rollos que se encontraban en un campo y tumb\u00f3 pilas de adobe en obras de ladrillo.<\/p>\n<p>Adem\u00e1s, al menos una instituci\u00f3n sufri\u00f3 da\u00f1os, se trata de la Iglesia Evang\u00e9lica del R\u00edo de la Plata (IERP) de Distrito Doll, donde se volaron algunas chapas. El camino al lugar permanece cortado por \u00e1rboles ca\u00eddos, al igual que el camino de tierra que une Isletas con Ram\u00edrez.<\/p>\n<p>Seg\u00fan la mayor\u00eda de los vecinos consultados, que van desde los 20 a los 80 a\u00f1os, nunca vivieron una tormenta de tal intensidad en la zona sur de Isletas o por lo menos los da\u00f1os no fueron de tanta magnitud.<\/p>\n<p>M\u00e1s fotos en<a href=\"https:\/\/www.facebook.com\/isletas.noticias?ref=ts&amp;fref=ts\"><em> Facebook. (Isletas Noticias)<\/em><\/a><\/p>\n","protected":false},"excerpt":{"rendered":"<p>Un intenso temporal de viento acompa&ntilde;ado de lluvia y granizo afectaron el sector sur de esta y otras localidades en las &uacute;ltimas horas del s&aacute;bado. Hizo importantes da&ntilde;os en galpones, molinos de viento, obras de ladrillo y tambi&eacute;n afect&oacute; viviendas e instituciones. Afortunadamente no habr&iacute;a personas lesionadas. La zona contin&uacute;a sin energ&iacute;a el&eacute;ctrica por los [&hellip;]<\/p>\n","protected":false},"author":2,"featured_media":0,"comment_status":"open","ping_status":"open","sticky":false,"template":"","format":"standard","meta":{"fifu_image_url":"","fifu_image_alt":"","footnotes":""},"categories":[4],"tags":[],"class_list":{"0":"post-9525","1":"post","2":"type-post","3":"status-publish","4":"format-standard","6":"category-locales"},"yoast_head":"<title>Isletas: intenso temporal dej\u00f3 importantes da\u00f1os materiales y la zona contin\u00faa sin luz  - Informe Litoral<\/title>\n<meta name=\"robots\" content=\"index, follow, max-snippet:-1, max-image-preview:large, max-video-preview:-1\" \/>\n<link rel=\"canonical\" href=\"https:\/\/informelitoral.com.ar\/isletas-intenso-temporal-dejo-importantes-danos-materiales-y-la-zona-continua-sin-luz\/\" \/>\n<meta property=\"og:locale\" content=\"es_ES\" \/>\n<meta property=\"og:type\" content=\"article\" \/>\n<meta property=\"og:title\" content=\"Isletas: intenso temporal dej\u00f3 importantes da\u00f1os materiales y la zona contin\u00faa sin luz  - Informe Litoral\" \/>\n<meta property=\"og:description\" content=\"Un intenso temporal de viento acompa&ntilde;ado de lluvia y granizo afectaron el sector sur de esta y otras localidades en las &uacute;ltimas horas del s&aacute;bado. Hizo importantes da&ntilde;os en galpones, molinos de viento, obras de ladrillo y tambi&eacute;n afect&oacute; viviendas e instituciones. Afortunadamente no habr&iacute;a personas lesionadas. La zona contin&uacute;a sin energ&iacute;a el&eacute;ctrica por los [&hellip;]\" \/>\n<meta property=\"og:url\" content=\"https:\/\/informelitoral.com.ar\/isletas-intenso-temporal-dejo-importantes-danos-materiales-y-la-zona-continua-sin-luz\/\" \/>\n<meta property=\"og:site_name\" content=\"Informe Litoral\" \/>\n<meta property=\"article:publisher\" content=\"https:\/\/www.facebook.com\/informelitoral\/\" \/>\n<meta property=\"article:published_time\" content=\"2015-01-12T11:16:49+00:00\" \/>\n<meta property=\"article:modified_time\" content=\"2015-01-12T12:57:57+00:00\" \/>\n<meta property=\"og:image\" content=\"https:\/\/informelitoral.com.ar\/%77%70%2d%63%6f%6e%74%65%6e%74\/uploads\/2015\/01\/IMG_20150111_080728.jpg\" \/>\n\t<meta property=\"og:image:width\" content=\"2592\" \/>\n\t<meta property=\"og:image:height\" content=\"1944\" \/>\n\t<meta property=\"og:image:type\" content=\"image\/jpeg\" \/>\n<meta name=\"author\" content=\"Gonzalo Schmidt\" \/>\n<meta name=\"twitter:card\" content=\"summary_large_image\" \/>\n<meta name=\"twitter:creator\" content=\"@InformeLitoral\" \/>\n<meta name=\"twitter:site\" content=\"@InformeLitoral\" \/>\n<meta name=\"twitter:label1\" content=\"Escrito por\" \/>\n\t<meta name=\"twitter:data1\" content=\"Gonzalo Schmidt\" \/>\n\t<meta name=\"twitter:label2\" content=\"Tiempo de lectura\" \/>\n\t<meta name=\"twitter:data2\" content=\"2 minutos\" \/>\n<script type=\"application\/ld+json\" class=\"yoast-schema-graph\">{\"@context\":\"https:\\\/\\\/schema.org\",\"@graph\":[{\"@type\":\"Article\",\"@id\":\"https:\\\/\\\/informelitoral.com.ar\\\/isletas-intenso-temporal-dejo-importantes-danos-materiales-y-la-zona-continua-sin-luz\\\/#article\",\"isPartOf\":{\"@id\":\"https:\\\/\\\/informelitoral.com.ar\\\/isletas-intenso-temporal-dejo-importantes-danos-materiales-y-la-zona-continua-sin-luz\\\/\"},\"author\":{\"name\":\"Gonzalo Schmidt\",\"@id\":\"https:\\\/\\\/informelitoral.com.ar\\\/#\\\/schema\\\/person\\\/b9d00407c836482871ef1d57bf8e3180\"},\"headline\":\"Isletas: intenso temporal dej\u00f3 importantes da\u00f1os materiales y la zona contin\u00faa sin luz\",\"datePublished\":\"2015-01-12T11:16:49+00:00\",\"dateModified\":\"2015-01-12T12:57:57+00:00\",\"mainEntityOfPage\":{\"@id\":\"https:\\\/\\\/informelitoral.com.ar\\\/isletas-intenso-temporal-dejo-importantes-danos-materiales-y-la-zona-continua-sin-luz\\\/\"},\"wordCount\":452,\"commentCount\":0,\"publisher\":{\"@id\":\"https:\\\/\\\/informelitoral.com.ar\\\/#organization\"},\"image\":{\"@id\":\"https:\\\/\\\/informelitoral.com.ar\\\/isletas-intenso-temporal-dejo-importantes-danos-materiales-y-la-zona-continua-sin-luz\\\/#primaryimage\"},\"thumbnailUrl\":\"http:\\\/\\\/www.isletasnoticias.com.ar\\\/%77%70%2d%63%6f%6e%74%65%6e%74\\\/uploads\\\/2015\\\/01\\\/IMG_20150111_080728-300x225.jpg\",\"articleSection\":[\"Isletas\"],\"inLanguage\":\"es\",\"potentialAction\":[{\"@type\":\"CommentAction\",\"name\":\"Comment\",\"target\":[\"https:\\\/\\\/informelitoral.com.ar\\\/isletas-intenso-temporal-dejo-importantes-danos-materiales-y-la-zona-continua-sin-luz\\\/#respond\"]}]},{\"@type\":\"WebPage\",\"@id\":\"https:\\\/\\\/informelitoral.com.ar\\\/isletas-intenso-temporal-dejo-importantes-danos-materiales-y-la-zona-continua-sin-luz\\\/\",\"url\":\"https:\\\/\\\/informelitoral.com.ar\\\/isletas-intenso-temporal-dejo-importantes-danos-materiales-y-la-zona-continua-sin-luz\\\/\",\"name\":\"Isletas: intenso temporal dej\u00f3 importantes da\u00f1os materiales y la zona contin\u00faa sin luz - Informe Litoral\",\"isPartOf\":{\"@id\":\"https:\\\/\\\/informelitoral.com.ar\\\/#website\"},\"primaryImageOfPage\":{\"@id\":\"https:\\\/\\\/informelitoral.com.ar\\\/isletas-intenso-temporal-dejo-importantes-danos-materiales-y-la-zona-continua-sin-luz\\\/#primaryimage\"},\"image\":{\"@id\":\"https:\\\/\\\/informelitoral.com.ar\\\/isletas-intenso-temporal-dejo-importantes-danos-materiales-y-la-zona-continua-sin-luz\\\/#primaryimage\"},\"thumbnailUrl\":\"http:\\\/\\\/www.isletasnoticias.com.ar\\\/%77%70%2d%63%6f%6e%74%65%6e%74\\\/uploads\\\/2015\\\/01\\\/IMG_20150111_080728-300x225.jpg\",\"datePublished\":\"2015-01-12T11:16:49+00:00\",\"dateModified\":\"2015-01-12T12:57:57+00:00\",\"breadcrumb\":{\"@id\":\"https:\\\/\\\/informelitoral.com.ar\\\/isletas-intenso-temporal-dejo-importantes-danos-materiales-y-la-zona-continua-sin-luz\\\/#breadcrumb\"},\"inLanguage\":\"es\",\"potentialAction\":[{\"@type\":\"ReadAction\",\"target\":[\"https:\\\/\\\/informelitoral.com.ar\\\/isletas-intenso-temporal-dejo-importantes-danos-materiales-y-la-zona-continua-sin-luz\\\/\"]}]},{\"@type\":\"ImageObject\",\"inLanguage\":\"es\",\"@id\":\"https:\\\/\\\/informelitoral.com.ar\\\/isletas-intenso-temporal-dejo-importantes-danos-materiales-y-la-zona-continua-sin-luz\\\/#primaryimage\",\"url\":\"http:\\\/\\\/www.isletasnoticias.com.ar\\\/%77%70%2d%63%6f%6e%74%65%6e%74\\\/uploads\\\/2015\\\/01\\\/IMG_20150111_080728-300x225.jpg\",\"contentUrl\":\"http:\\\/\\\/www.isletasnoticias.com.ar\\\/%77%70%2d%63%6f%6e%74%65%6e%74\\\/uploads\\\/2015\\\/01\\\/IMG_20150111_080728-300x225.jpg\"},{\"@type\":\"BreadcrumbList\",\"@id\":\"https:\\\/\\\/informelitoral.com.ar\\\/isletas-intenso-temporal-dejo-importantes-danos-materiales-y-la-zona-continua-sin-luz\\\/#breadcrumb\",\"itemListElement\":[{\"@type\":\"ListItem\",\"position\":1,\"name\":\"Portada\",\"item\":\"https:\\\/\\\/informelitoral.com.ar\\\/\"},{\"@type\":\"ListItem\",\"position\":2,\"name\":\"Isletas: intenso temporal dej\u00f3 importantes da\u00f1os materiales y la zona contin\u00faa sin luz\"}]},{\"@type\":\"WebSite\",\"@id\":\"https:\\\/\\\/informelitoral.com.ar\\\/#website\",\"url\":\"https:\\\/\\\/informelitoral.com.ar\\\/\",\"name\":\"Informe Litoral\",\"description\":\"&quot;Nos informamos&quot; \",\"publisher\":{\"@id\":\"https:\\\/\\\/informelitoral.com.ar\\\/#organization\"},\"potentialAction\":[{\"@type\":\"SearchAction\",\"target\":{\"@type\":\"EntryPoint\",\"urlTemplate\":\"https:\\\/\\\/informelitoral.com.ar\\\/?s={search_term_string}\"},\"query-input\":{\"@type\":\"PropertyValueSpecification\",\"valueRequired\":true,\"valueName\":\"search_term_string\"}}],\"inLanguage\":\"es\"},{\"@type\":\"Organization\",\"@id\":\"https:\\\/\\\/informelitoral.com.ar\\\/#organization\",\"name\":\"Informe Litoral\",\"url\":\"https:\\\/\\\/informelitoral.com.ar\\\/\",\"logo\":{\"@type\":\"ImageObject\",\"inLanguage\":\"es\",\"@id\":\"https:\\\/\\\/informelitoral.com.ar\\\/#\\\/schema\\\/logo\\\/image\\\/\",\"url\":\"https:\\\/\\\/informelitoral.com.ar\\\/%77%70%2d%63%6f%6e%74%65%6e%74\\\/uploads\\\/2021\\\/01\\\/circulo.png\",\"contentUrl\":\"https:\\\/\\\/informelitoral.com.ar\\\/%77%70%2d%63%6f%6e%74%65%6e%74\\\/uploads\\\/2021\\\/01\\\/circulo.png\",\"width\":723,\"height\":731,\"caption\":\"Informe Litoral\"},\"image\":{\"@id\":\"https:\\\/\\\/informelitoral.com.ar\\\/#\\\/schema\\\/logo\\\/image\\\/\"},\"sameAs\":[\"https:\\\/\\\/www.facebook.com\\\/informelitoral\\\/\",\"https:\\\/\\\/x.com\\\/InformeLitoral\",\"https:\\\/\\\/www.instagram.com\\\/informelitoral\\\/\",\"https:\\\/\\\/www.youtube.com\\\/channel\\\/UCua4Qvz8Icb6MYqhoq9xLXw\"]},{\"@type\":\"Person\",\"@id\":\"https:\\\/\\\/informelitoral.com.ar\\\/#\\\/schema\\\/person\\\/b9d00407c836482871ef1d57bf8e3180\",\"name\":\"Gonzalo Schmidt\",\"image\":{\"@type\":\"ImageObject\",\"inLanguage\":\"es\",\"@id\":\"https:\\\/\\\/secure.gravatar.com\\\/avatar\\\/31a1a7b66ff2de83bd0e9fd79d026630d2d99e55e8bfe501287647b4fd9743de?s=96&d=mm&r=g\",\"url\":\"https:\\\/\\\/secure.gravatar.com\\\/avatar\\\/31a1a7b66ff2de83bd0e9fd79d026630d2d99e55e8bfe501287647b4fd9743de?s=96&d=mm&r=g\",\"contentUrl\":\"https:\\\/\\\/secure.gravatar.com\\\/avatar\\\/31a1a7b66ff2de83bd0e9fd79d026630d2d99e55e8bfe501287647b4fd9743de?s=96&d=mm&r=g\",\"caption\":\"Gonzalo Schmidt\"},\"description\":\"Sitio web de noticias de la provincia de Entre R\u00edos, Argentina. Informaci\u00f3n y entretenimiento. Informe Litoral, nos informamos.\",\"sameAs\":[\"http:\\\/\\\/www.isletasnoticias.com.ar\"],\"url\":\"https:\\\/\\\/informelitoral.com.ar\\\/author\\\/gonzalo\\\/\"}]}<\/script>","yoast_head_json":{"title":"Isletas: intenso temporal dej\u00f3 importantes da\u00f1os materiales y la zona contin\u00faa sin luz  - Informe Litoral","robots":{"index":"index","follow":"follow","max-snippet":"max-snippet:-1","max-image-preview":"max-image-preview:large","max-video-preview":"max-video-preview:-1"},"canonical":"https:\/\/informelitoral.com.ar\/isletas-intenso-temporal-dejo-importantes-danos-materiales-y-la-zona-continua-sin-luz\/","og_locale":"es_ES","og_type":"article","og_title":"Isletas: intenso temporal dej\u00f3 importantes da\u00f1os materiales y la zona contin\u00faa sin luz  - Informe Litoral","og_description":"Un intenso temporal de viento acompa&ntilde;ado de lluvia y granizo afectaron el sector sur de esta y otras localidades en las &uacute;ltimas horas del s&aacute;bado. Hizo importantes da&ntilde;os en galpones, molinos de viento, obras de ladrillo y tambi&eacute;n afect&oacute; viviendas e instituciones. Afortunadamente no habr&iacute;a personas lesionadas. La zona contin&uacute;a sin energ&iacute;a el&eacute;ctrica por los [&hellip;]","og_url":"https:\/\/informelitoral.com.ar\/isletas-intenso-temporal-dejo-importantes-danos-materiales-y-la-zona-continua-sin-luz\/","og_site_name":"Informe Litoral","article_publisher":"https:\/\/www.facebook.com\/informelitoral\/","article_published_time":"2015-01-12T11:16:49+00:00","article_modified_time":"2015-01-12T12:57:57+00:00","og_image":[{"width":2592,"height":1944,"url":"https:\/\/informelitoral.com.ar\/%77%70%2d%63%6f%6e%74%65%6e%74\/uploads\/2015\/01\/IMG_20150111_080728.jpg","type":"image\/jpeg"}],"author":"Gonzalo Schmidt","twitter_card":"summary_large_image","twitter_creator":"@InformeLitoral","twitter_site":"@InformeLitoral","twitter_misc":{"Escrito por":"Gonzalo Schmidt","Tiempo de lectura":"2 minutos"},"schema":{"@context":"https:\/\/schema.org","@graph":[{"@type":"Article","@id":"https:\/\/informelitoral.com.ar\/isletas-intenso-temporal-dejo-importantes-danos-materiales-y-la-zona-continua-sin-luz\/#article","isPartOf":{"@id":"https:\/\/informelitoral.com.ar\/isletas-intenso-temporal-dejo-importantes-danos-materiales-y-la-zona-continua-sin-luz\/"},"author":{"name":"Gonzalo Schmidt","@id":"https:\/\/informelitoral.com.ar\/#\/schema\/person\/b9d00407c836482871ef1d57bf8e3180"},"headline":"Isletas: intenso temporal dej\u00f3 importantes da\u00f1os materiales y la zona contin\u00faa sin luz","datePublished":"2015-01-12T11:16:49+00:00","dateModified":"2015-01-12T12:57:57+00:00","mainEntityOfPage":{"@id":"https:\/\/informelitoral.com.ar\/isletas-intenso-temporal-dejo-importantes-danos-materiales-y-la-zona-continua-sin-luz\/"},"wordCount":452,"commentCount":0,"publisher":{"@id":"https:\/\/informelitoral.com.ar\/#organization"},"image":{"@id":"https:\/\/informelitoral.com.ar\/isletas-intenso-temporal-dejo-importantes-danos-materiales-y-la-zona-continua-sin-luz\/#primaryimage"},"thumbnailUrl":"http:\/\/www.isletasnoticias.com.ar\/%77%70%2d%63%6f%6e%74%65%6e%74\/uploads\/2015\/01\/IMG_20150111_080728-300x225.jpg","articleSection":["Isletas"],"inLanguage":"es","potentialAction":[{"@type":"CommentAction","name":"Comment","target":["https:\/\/informelitoral.com.ar\/isletas-intenso-temporal-dejo-importantes-danos-materiales-y-la-zona-continua-sin-luz\/#respond"]}]},{"@type":"WebPage","@id":"https:\/\/informelitoral.com.ar\/isletas-intenso-temporal-dejo-importantes-danos-materiales-y-la-zona-continua-sin-luz\/","url":"https:\/\/informelitoral.com.ar\/isletas-intenso-temporal-dejo-importantes-danos-materiales-y-la-zona-continua-sin-luz\/","name":"Isletas: intenso temporal dej\u00f3 importantes da\u00f1os materiales y la zona contin\u00faa sin luz - Informe Litoral","isPartOf":{"@id":"https:\/\/informelitoral.com.ar\/#website"},"primaryImageOfPage":{"@id":"https:\/\/informelitoral.com.ar\/isletas-intenso-temporal-dejo-importantes-danos-materiales-y-la-zona-continua-sin-luz\/#primaryimage"},"image":{"@id":"https:\/\/informelitoral.com.ar\/isletas-intenso-temporal-dejo-importantes-danos-materiales-y-la-zona-continua-sin-luz\/#primaryimage"},"thumbnailUrl":"http:\/\/www.isletasnoticias.com.ar\/%77%70%2d%63%6f%6e%74%65%6e%74\/uploads\/2015\/01\/IMG_20150111_080728-300x225.jpg","datePublished":"2015-01-12T11:16:49+00:00","dateModified":"2015-01-12T12:57:57+00:00","breadcrumb":{"@id":"https:\/\/informelitoral.com.ar\/isletas-intenso-temporal-dejo-importantes-danos-materiales-y-la-zona-continua-sin-luz\/#breadcrumb"},"inLanguage":"es","potentialAction":[{"@type":"ReadAction","target":["https:\/\/informelitoral.com.ar\/isletas-intenso-temporal-dejo-importantes-danos-materiales-y-la-zona-continua-sin-luz\/"]}]},{"@type":"ImageObject","inLanguage":"es","@id":"https:\/\/informelitoral.com.ar\/isletas-intenso-temporal-dejo-importantes-danos-materiales-y-la-zona-continua-sin-luz\/#primaryimage","url":"http:\/\/www.isletasnoticias.com.ar\/%77%70%2d%63%6f%6e%74%65%6e%74\/uploads\/2015\/01\/IMG_20150111_080728-300x225.jpg","contentUrl":"http:\/\/www.isletasnoticias.com.ar\/%77%70%2d%63%6f%6e%74%65%6e%74\/uploads\/2015\/01\/IMG_20150111_080728-300x225.jpg"},{"@type":"BreadcrumbList","@id":"https:\/\/informelitoral.com.ar\/isletas-intenso-temporal-dejo-importantes-danos-materiales-y-la-zona-continua-sin-luz\/#breadcrumb","itemListElement":[{"@type":"ListItem","position":1,"name":"Portada","item":"https:\/\/informelitoral.com.ar\/"},{"@type":"ListItem","position":2,"name":"Isletas: intenso temporal dej\u00f3 importantes da\u00f1os materiales y la zona contin\u00faa sin luz"}]},{"@type":"WebSite","@id":"https:\/\/informelitoral.com.ar\/#website","url":"https:\/\/informelitoral.com.ar\/","name":"Informe Litoral","description":"&quot;Nos informamos&quot; ","publisher":{"@id":"https:\/\/informelitoral.com.ar\/#organization"},"potentialAction":[{"@type":"SearchAction","target":{"@type":"EntryPoint","urlTemplate":"https:\/\/informelitoral.com.ar\/?s={search_term_string}"},"query-input":{"@type":"PropertyValueSpecification","valueRequired":true,"valueName":"search_term_string"}}],"inLanguage":"es"},{"@type":"Organization","@id":"https:\/\/informelitoral.com.ar\/#organization","name":"Informe Litoral","url":"https:\/\/informelitoral.com.ar\/","logo":{"@type":"ImageObject","inLanguage":"es","@id":"https:\/\/informelitoral.com.ar\/#\/schema\/logo\/image\/","url":"https:\/\/informelitoral.com.ar\/%77%70%2d%63%6f%6e%74%65%6e%74\/uploads\/2021\/01\/circulo.png","contentUrl":"https:\/\/informelitoral.com.ar\/%77%70%2d%63%6f%6e%74%65%6e%74\/uploads\/2021\/01\/circulo.png","width":723,"height":731,"caption":"Informe Litoral"},"image":{"@id":"https:\/\/informelitoral.com.ar\/#\/schema\/logo\/image\/"},"sameAs":["https:\/\/www.facebook.com\/informelitoral\/","https:\/\/x.com\/InformeLitoral","https:\/\/www.instagram.com\/informelitoral\/","https:\/\/www.youtube.com\/channel\/UCua4Qvz8Icb6MYqhoq9xLXw"]},{"@type":"Person","@id":"https:\/\/informelitoral.com.ar\/#\/schema\/person\/b9d00407c836482871ef1d57bf8e3180","name":"Gonzalo Schmidt","image":{"@type":"ImageObject","inLanguage":"es","@id":"https:\/\/secure.gravatar.com\/avatar\/31a1a7b66ff2de83bd0e9fd79d026630d2d99e55e8bfe501287647b4fd9743de?s=96&d=mm&r=g","url":"https:\/\/secure.gravatar.com\/avatar\/31a1a7b66ff2de83bd0e9fd79d026630d2d99e55e8bfe501287647b4fd9743de?s=96&d=mm&r=g","contentUrl":"https:\/\/secure.gravatar.com\/avatar\/31a1a7b66ff2de83bd0e9fd79d026630d2d99e55e8bfe501287647b4fd9743de?s=96&d=mm&r=g","caption":"Gonzalo Schmidt"},"description":"Sitio web de noticias de la provincia de Entre R\u00edos, Argentina. Informaci\u00f3n y entretenimiento. Informe Litoral, nos informamos.","sameAs":["http:\/\/www.isletasnoticias.com.ar"],"url":"https:\/\/informelitoral.com.ar\/author\/gonzalo\/"}]}},"_links":{"self":[{"href":"https:\/\/informelitoral.com.ar\/%77%70%2d%6a%73%6f%6e\/wp\/v2\/posts\/9525","targetHints":{"allow":["GET"]}}],"collection":[{"href":"https:\/\/informelitoral.com.ar\/%77%70%2d%6a%73%6f%6e\/wp\/v2\/posts"}],"about":[{"href":"https:\/\/informelitoral.com.ar\/%77%70%2d%6a%73%6f%6e\/wp\/v2\/types\/post"}],"author":[{"embeddable":true,"href":"https:\/\/informelitoral.com.ar\/%77%70%2d%6a%73%6f%6e\/wp\/v2\/users\/2"}],"replies":[{"embeddable":true,"href":"https:\/\/informelitoral.com.ar\/%77%70%2d%6a%73%6f%6e\/wp\/v2\/comments?post=9525"}],"version-history":[{"count":0,"href":"https:\/\/informelitoral.com.ar\/%77%70%2d%6a%73%6f%6e\/wp\/v2\/posts\/9525\/revisions"}],"wp:attachment":[{"href":"https:\/\/informelitoral.com.ar\/%77%70%2d%6a%73%6f%6e\/wp\/v2\/media?parent=9525"}],"wp:term":[{"taxonomy":"category","embeddable":true,"href":"https:\/\/informelitoral.com.ar\/%77%70%2d%6a%73%6f%6e\/wp\/v2\/categories?post=9525"},{"taxonomy":"post_tag","embeddable":true,"href":"https:\/\/informelitoral.com.ar\/%77%70%2d%6a%73%6f%6e\/wp\/v2\/tags?post=9525"}],"curies":[{"name":"wp","href":"https:\/\/api.w.org\/{rel}","templated":true}]}}