{"id":9504,"date":"2015-01-07T14:40:10","date_gmt":"2015-01-07T17:40:10","guid":{"rendered":"http:\/\/www.isletasnoticias.com.ar\/?p=9504"},"modified":"2015-01-07T14:40:10","modified_gmt":"2015-01-07T17:40:10","slug":"diamante-el-festival-es-de-todos","status":"publish","type":"post","link":"https:\/\/informelitoral.com.ar\/diamante-el-festival-es-de-todos\/","title":{"rendered":"Diamante: \u00abEl Festival es de todos\u00bb"},"content":{"rendered":"<p><strong>En una columna enviada a la redacci\u00f3n de <em>IN,<\/em> desde el radicalismo diamantino lanzaron duras cr\u00edticas contra la publicidad del gobernador <em>Sergio Urribarri<\/em> en el Festival Nacional de Jineteada y Folclore.\u00a0<a href=\"http:\/\/www.isletasnoticias.com.ar\/%77%70%2d%63%6f%6e%74%65%6e%74\/uploads\/2015\/01\/10923328_10204342089210174_1974265353906268004_n.jpg\"><img loading=\"lazy\" decoding=\"async\" class=\"aligncenter size-medium wp-image-9505\" src=\"http:\/\/www.isletasnoticias.com.ar\/%77%70%2d%63%6f%6e%74%65%6e%74\/uploads\/2015\/01\/10923328_10204342089210174_1974265353906268004_n-300x200.jpg\" alt=\"10923328_10204342089210174_1974265353906268004_n\" width=\"300\" height=\"200\" srcset=\"https:\/\/informelitoral.com.ar\/%77%70%2d%63%6f%6e%74%65%6e%74\/uploads\/2015\/01\/10923328_10204342089210174_1974265353906268004_n-300x200.jpg 300w, https:\/\/informelitoral.com.ar\/%77%70%2d%63%6f%6e%74%65%6e%74\/uploads\/2015\/01\/10923328_10204342089210174_1974265353906268004_n.jpg 960w\" sizes=\"auto, (max-width: 300px) 100vw, 300px\" \/><\/a><\/strong><\/p>\n<p><strong>\u00abEl Festival es de todos\u00bb<\/strong>, se titula el texto envido a la redacci\u00f3n de <em><strong>ISLETAS NOTICIAS<\/strong><\/em> por parte de la Uni\u00f3n C\u00edvica Radical de Diamante.<em> A continuaci\u00f3n lo reproducimos textualmente:\u00a0<\/em><\/p>\n<p>\u00abA la actual gesti\u00f3n municipal que encabeza<span class=\"text_exposed_show\"> la Intendenta Claudia Gieco no le alcanz\u00f3 la absurda reelaboraci\u00f3n de la historia del Festival de Diamante agreg\u00e1ndole cinco ediciones, sino que ahora han utilizado la fiesta de todos los Diamantinos para hacer campa\u00f1a pol\u00edtica de manera grotesca y violando el sentido de la pluralidad que hist\u00f3ricamente prim\u00f3 en el evento. <\/span><\/p>\n<p><span class=\"text_exposed_show\">Debe saber la Presidenta Municipal que el Festival Nacional de Jineteada y Folclore de Diamante no es de su propiedad ni del gobernador, sino que es organizado por la Municipalidad de Diamante y como tal debe abstenerse de darle el sentido de parcialidad pol\u00edtica que le han dado. La desmedida y chabacana presencia de publicidad del gobernador de la Provincia (a la que le debieron suspender el audio a causa de la silbatina recibida), no solo es un \u201cmanoseo\u201d al festival que ha logrado su prestigio gracias al aporte de las gestiones de todos los colores pol\u00edticos, sino que adem\u00e1s significa romper un nuevo l\u00edmite a la hora de utilizar los bienes, y en este caso eventos p\u00fablicos, para realizar un propagandismo propio de los reg\u00edmenes totalitarios. <\/span><\/p>\n<p><span class=\"text_exposed_show\">Nos preguntamos cuantos ingresos pudo haber recibido el quebrado Municipio de Diamante por venta de los espacios publicitarios que se le entreg\u00f3 al gobernador de la Provincia. A esta altura de los acontecimientos resultan rid\u00edculos los sue\u00f1os presidenciales del gobernador, pero m\u00e1s a\u00fan lo es la forma por medio de la cual se procede a la politizaci\u00f3n de un evento que es de todos los Diamantinos y no de un partido pol\u00edtico en particular\u00bb.<\/span><\/p>\n","protected":false},"excerpt":{"rendered":"<p>En una columna enviada a la redacci&oacute;n de IN, desde el radicalismo diamantino lanzaron duras cr&iacute;ticas contra la publicidad del gobernador Sergio Urribarri en el Festival Nacional de Jineteada y Folclore.&nbsp; &laquo;El Festival es de todos&raquo;, se titula el texto envido a la redacci&oacute;n de ISLETAS NOTICIAS por parte de la Uni&oacute;n C&iacute;vica Radical de [&hellip;]<\/p>\n","protected":false},"author":2,"featured_media":0,"comment_status":"open","ping_status":"open","sticky":false,"template":"","format":"standard","meta":{"fifu_image_url":"","fifu_image_alt":"","footnotes":""},"categories":[5,16],"tags":[],"class_list":{"0":"post-9504","1":"post","2":"type-post","3":"status-publish","4":"format-standard","6":"category-zonales","7":"category-politi"},"yoast_head":"<title>Diamante: &quot;El Festival es de todos&quot; - Informe Litoral<\/title>\n<meta name=\"robots\" content=\"index, follow, max-snippet:-1, max-image-preview:large, max-video-preview:-1\" \/>\n<link rel=\"canonical\" href=\"https:\/\/informelitoral.com.ar\/diamante-el-festival-es-de-todos\/\" \/>\n<meta property=\"og:locale\" content=\"es_ES\" \/>\n<meta property=\"og:type\" content=\"article\" \/>\n<meta property=\"og:title\" content=\"Diamante: &quot;El Festival es de todos&quot; - Informe Litoral\" \/>\n<meta property=\"og:description\" content=\"En una columna enviada a la redacci&oacute;n de IN, desde el radicalismo diamantino lanzaron duras cr&iacute;ticas contra la publicidad del gobernador Sergio Urribarri en el Festival Nacional de Jineteada y Folclore.&nbsp; &laquo;El Festival es de todos&raquo;, se titula el texto envido a la redacci&oacute;n de ISLETAS NOTICIAS por parte de la Uni&oacute;n C&iacute;vica Radical de [&hellip;]\" \/>\n<meta property=\"og:url\" content=\"https:\/\/informelitoral.com.ar\/diamante-el-festival-es-de-todos\/\" \/>\n<meta property=\"og:site_name\" content=\"Informe Litoral\" \/>\n<meta property=\"article:publisher\" content=\"https:\/\/www.facebook.com\/informelitoral\/\" \/>\n<meta property=\"article:published_time\" content=\"2015-01-07T17:40:10+00:00\" \/>\n<meta property=\"og:image\" content=\"https:\/\/informelitoral.com.ar\/%77%70%2d%63%6f%6e%74%65%6e%74\/uploads\/2015\/01\/10923328_10204342089210174_1974265353906268004_n.jpg\" \/>\n\t<meta property=\"og:image:width\" content=\"960\" \/>\n\t<meta property=\"og:image:height\" content=\"641\" \/>\n\t<meta property=\"og:image:type\" content=\"image\/jpeg\" \/>\n<meta name=\"author\" content=\"Gonzalo Schmidt\" \/>\n<meta name=\"twitter:card\" content=\"summary_large_image\" \/>\n<meta name=\"twitter:creator\" content=\"@InformeLitoral\" \/>\n<meta name=\"twitter:site\" content=\"@InformeLitoral\" \/>\n<meta name=\"twitter:label1\" content=\"Escrito por\" \/>\n\t<meta name=\"twitter:data1\" content=\"Gonzalo Schmidt\" \/>\n\t<meta name=\"twitter:label2\" content=\"Tiempo de lectura\" \/>\n\t<meta name=\"twitter:data2\" content=\"2 minutos\" \/>\n<script type=\"application\/ld+json\" class=\"yoast-schema-graph\">{\"@context\":\"https:\\\/\\\/schema.org\",\"@graph\":[{\"@type\":\"Article\",\"@id\":\"https:\\\/\\\/informelitoral.com.ar\\\/diamante-el-festival-es-de-todos\\\/#article\",\"isPartOf\":{\"@id\":\"https:\\\/\\\/informelitoral.com.ar\\\/diamante-el-festival-es-de-todos\\\/\"},\"author\":{\"name\":\"Gonzalo Schmidt\",\"@id\":\"https:\\\/\\\/informelitoral.com.ar\\\/#\\\/schema\\\/person\\\/b9d00407c836482871ef1d57bf8e3180\"},\"headline\":\"Diamante: \u00abEl Festival es de todos\u00bb\",\"datePublished\":\"2015-01-07T17:40:10+00:00\",\"mainEntityOfPage\":{\"@id\":\"https:\\\/\\\/informelitoral.com.ar\\\/diamante-el-festival-es-de-todos\\\/\"},\"wordCount\":350,\"commentCount\":0,\"publisher\":{\"@id\":\"https:\\\/\\\/informelitoral.com.ar\\\/#organization\"},\"image\":{\"@id\":\"https:\\\/\\\/informelitoral.com.ar\\\/diamante-el-festival-es-de-todos\\\/#primaryimage\"},\"thumbnailUrl\":\"http:\\\/\\\/www.isletasnoticias.com.ar\\\/%77%70%2d%63%6f%6e%74%65%6e%74\\\/uploads\\\/2015\\\/01\\\/10923328_10204342089210174_1974265353906268004_n-300x200.jpg\",\"articleSection\":[\"Departamento Diamante\",\"Politica\"],\"inLanguage\":\"es\",\"potentialAction\":[{\"@type\":\"CommentAction\",\"name\":\"Comment\",\"target\":[\"https:\\\/\\\/informelitoral.com.ar\\\/diamante-el-festival-es-de-todos\\\/#respond\"]}]},{\"@type\":\"WebPage\",\"@id\":\"https:\\\/\\\/informelitoral.com.ar\\\/diamante-el-festival-es-de-todos\\\/\",\"url\":\"https:\\\/\\\/informelitoral.com.ar\\\/diamante-el-festival-es-de-todos\\\/\",\"name\":\"Diamante: \\\"El Festival es de todos\\\" - Informe Litoral\",\"isPartOf\":{\"@id\":\"https:\\\/\\\/informelitoral.com.ar\\\/#website\"},\"primaryImageOfPage\":{\"@id\":\"https:\\\/\\\/informelitoral.com.ar\\\/diamante-el-festival-es-de-todos\\\/#primaryimage\"},\"image\":{\"@id\":\"https:\\\/\\\/informelitoral.com.ar\\\/diamante-el-festival-es-de-todos\\\/#primaryimage\"},\"thumbnailUrl\":\"http:\\\/\\\/www.isletasnoticias.com.ar\\\/%77%70%2d%63%6f%6e%74%65%6e%74\\\/uploads\\\/2015\\\/01\\\/10923328_10204342089210174_1974265353906268004_n-300x200.jpg\",\"datePublished\":\"2015-01-07T17:40:10+00:00\",\"breadcrumb\":{\"@id\":\"https:\\\/\\\/informelitoral.com.ar\\\/diamante-el-festival-es-de-todos\\\/#breadcrumb\"},\"inLanguage\":\"es\",\"potentialAction\":[{\"@type\":\"ReadAction\",\"target\":[\"https:\\\/\\\/informelitoral.com.ar\\\/diamante-el-festival-es-de-todos\\\/\"]}]},{\"@type\":\"ImageObject\",\"inLanguage\":\"es\",\"@id\":\"https:\\\/\\\/informelitoral.com.ar\\\/diamante-el-festival-es-de-todos\\\/#primaryimage\",\"url\":\"http:\\\/\\\/www.isletasnoticias.com.ar\\\/%77%70%2d%63%6f%6e%74%65%6e%74\\\/uploads\\\/2015\\\/01\\\/10923328_10204342089210174_1974265353906268004_n-300x200.jpg\",\"contentUrl\":\"http:\\\/\\\/www.isletasnoticias.com.ar\\\/%77%70%2d%63%6f%6e%74%65%6e%74\\\/uploads\\\/2015\\\/01\\\/10923328_10204342089210174_1974265353906268004_n-300x200.jpg\"},{\"@type\":\"BreadcrumbList\",\"@id\":\"https:\\\/\\\/informelitoral.com.ar\\\/diamante-el-festival-es-de-todos\\\/#breadcrumb\",\"itemListElement\":[{\"@type\":\"ListItem\",\"position\":1,\"name\":\"Portada\",\"item\":\"https:\\\/\\\/informelitoral.com.ar\\\/\"},{\"@type\":\"ListItem\",\"position\":2,\"name\":\"Diamante: \u00abEl Festival es de todos\u00bb\"}]},{\"@type\":\"WebSite\",\"@id\":\"https:\\\/\\\/informelitoral.com.ar\\\/#website\",\"url\":\"https:\\\/\\\/informelitoral.com.ar\\\/\",\"name\":\"Informe Litoral\",\"description\":\"&quot;Nos informamos&quot; \",\"publisher\":{\"@id\":\"https:\\\/\\\/informelitoral.com.ar\\\/#organization\"},\"potentialAction\":[{\"@type\":\"SearchAction\",\"target\":{\"@type\":\"EntryPoint\",\"urlTemplate\":\"https:\\\/\\\/informelitoral.com.ar\\\/?s={search_term_string}\"},\"query-input\":{\"@type\":\"PropertyValueSpecification\",\"valueRequired\":true,\"valueName\":\"search_term_string\"}}],\"inLanguage\":\"es\"},{\"@type\":\"Organization\",\"@id\":\"https:\\\/\\\/informelitoral.com.ar\\\/#organization\",\"name\":\"Informe Litoral\",\"url\":\"https:\\\/\\\/informelitoral.com.ar\\\/\",\"logo\":{\"@type\":\"ImageObject\",\"inLanguage\":\"es\",\"@id\":\"https:\\\/\\\/informelitoral.com.ar\\\/#\\\/schema\\\/logo\\\/image\\\/\",\"url\":\"https:\\\/\\\/informelitoral.com.ar\\\/%77%70%2d%63%6f%6e%74%65%6e%74\\\/uploads\\\/2021\\\/01\\\/circulo.png\",\"contentUrl\":\"https:\\\/\\\/informelitoral.com.ar\\\/%77%70%2d%63%6f%6e%74%65%6e%74\\\/uploads\\\/2021\\\/01\\\/circulo.png\",\"width\":723,\"height\":731,\"caption\":\"Informe Litoral\"},\"image\":{\"@id\":\"https:\\\/\\\/informelitoral.com.ar\\\/#\\\/schema\\\/logo\\\/image\\\/\"},\"sameAs\":[\"https:\\\/\\\/www.facebook.com\\\/informelitoral\\\/\",\"https:\\\/\\\/x.com\\\/InformeLitoral\",\"https:\\\/\\\/www.instagram.com\\\/informelitoral\\\/\",\"https:\\\/\\\/www.youtube.com\\\/channel\\\/UCua4Qvz8Icb6MYqhoq9xLXw\"]},{\"@type\":\"Person\",\"@id\":\"https:\\\/\\\/informelitoral.com.ar\\\/#\\\/schema\\\/person\\\/b9d00407c836482871ef1d57bf8e3180\",\"name\":\"Gonzalo Schmidt\",\"image\":{\"@type\":\"ImageObject\",\"inLanguage\":\"es\",\"@id\":\"https:\\\/\\\/secure.gravatar.com\\\/avatar\\\/31a1a7b66ff2de83bd0e9fd79d026630d2d99e55e8bfe501287647b4fd9743de?s=96&d=mm&r=g\",\"url\":\"https:\\\/\\\/secure.gravatar.com\\\/avatar\\\/31a1a7b66ff2de83bd0e9fd79d026630d2d99e55e8bfe501287647b4fd9743de?s=96&d=mm&r=g\",\"contentUrl\":\"https:\\\/\\\/secure.gravatar.com\\\/avatar\\\/31a1a7b66ff2de83bd0e9fd79d026630d2d99e55e8bfe501287647b4fd9743de?s=96&d=mm&r=g\",\"caption\":\"Gonzalo Schmidt\"},\"description\":\"Sitio web de noticias de la provincia de Entre R\u00edos, Argentina. Informaci\u00f3n y entretenimiento. Informe Litoral, nos informamos.\",\"sameAs\":[\"http:\\\/\\\/www.isletasnoticias.com.ar\"],\"url\":\"https:\\\/\\\/informelitoral.com.ar\\\/author\\\/gonzalo\\\/\"}]}<\/script>","yoast_head_json":{"title":"Diamante: \"El Festival es de todos\" - Informe Litoral","robots":{"index":"index","follow":"follow","max-snippet":"max-snippet:-1","max-image-preview":"max-image-preview:large","max-video-preview":"max-video-preview:-1"},"canonical":"https:\/\/informelitoral.com.ar\/diamante-el-festival-es-de-todos\/","og_locale":"es_ES","og_type":"article","og_title":"Diamante: \"El Festival es de todos\" - Informe Litoral","og_description":"En una columna enviada a la redacci&oacute;n de IN, desde el radicalismo diamantino lanzaron duras cr&iacute;ticas contra la publicidad del gobernador Sergio Urribarri en el Festival Nacional de Jineteada y Folclore.&nbsp; &laquo;El Festival es de todos&raquo;, se titula el texto envido a la redacci&oacute;n de ISLETAS NOTICIAS por parte de la Uni&oacute;n C&iacute;vica Radical de [&hellip;]","og_url":"https:\/\/informelitoral.com.ar\/diamante-el-festival-es-de-todos\/","og_site_name":"Informe Litoral","article_publisher":"https:\/\/www.facebook.com\/informelitoral\/","article_published_time":"2015-01-07T17:40:10+00:00","og_image":[{"width":960,"height":641,"url":"https:\/\/informelitoral.com.ar\/%77%70%2d%63%6f%6e%74%65%6e%74\/uploads\/2015\/01\/10923328_10204342089210174_1974265353906268004_n.jpg","type":"image\/jpeg"}],"author":"Gonzalo Schmidt","twitter_card":"summary_large_image","twitter_creator":"@InformeLitoral","twitter_site":"@InformeLitoral","twitter_misc":{"Escrito por":"Gonzalo Schmidt","Tiempo de lectura":"2 minutos"},"schema":{"@context":"https:\/\/schema.org","@graph":[{"@type":"Article","@id":"https:\/\/informelitoral.com.ar\/diamante-el-festival-es-de-todos\/#article","isPartOf":{"@id":"https:\/\/informelitoral.com.ar\/diamante-el-festival-es-de-todos\/"},"author":{"name":"Gonzalo Schmidt","@id":"https:\/\/informelitoral.com.ar\/#\/schema\/person\/b9d00407c836482871ef1d57bf8e3180"},"headline":"Diamante: \u00abEl Festival es de todos\u00bb","datePublished":"2015-01-07T17:40:10+00:00","mainEntityOfPage":{"@id":"https:\/\/informelitoral.com.ar\/diamante-el-festival-es-de-todos\/"},"wordCount":350,"commentCount":0,"publisher":{"@id":"https:\/\/informelitoral.com.ar\/#organization"},"image":{"@id":"https:\/\/informelitoral.com.ar\/diamante-el-festival-es-de-todos\/#primaryimage"},"thumbnailUrl":"http:\/\/www.isletasnoticias.com.ar\/%77%70%2d%63%6f%6e%74%65%6e%74\/uploads\/2015\/01\/10923328_10204342089210174_1974265353906268004_n-300x200.jpg","articleSection":["Departamento Diamante","Politica"],"inLanguage":"es","potentialAction":[{"@type":"CommentAction","name":"Comment","target":["https:\/\/informelitoral.com.ar\/diamante-el-festival-es-de-todos\/#respond"]}]},{"@type":"WebPage","@id":"https:\/\/informelitoral.com.ar\/diamante-el-festival-es-de-todos\/","url":"https:\/\/informelitoral.com.ar\/diamante-el-festival-es-de-todos\/","name":"Diamante: \"El Festival es de todos\" - Informe Litoral","isPartOf":{"@id":"https:\/\/informelitoral.com.ar\/#website"},"primaryImageOfPage":{"@id":"https:\/\/informelitoral.com.ar\/diamante-el-festival-es-de-todos\/#primaryimage"},"image":{"@id":"https:\/\/informelitoral.com.ar\/diamante-el-festival-es-de-todos\/#primaryimage"},"thumbnailUrl":"http:\/\/www.isletasnoticias.com.ar\/%77%70%2d%63%6f%6e%74%65%6e%74\/uploads\/2015\/01\/10923328_10204342089210174_1974265353906268004_n-300x200.jpg","datePublished":"2015-01-07T17:40:10+00:00","breadcrumb":{"@id":"https:\/\/informelitoral.com.ar\/diamante-el-festival-es-de-todos\/#breadcrumb"},"inLanguage":"es","potentialAction":[{"@type":"ReadAction","target":["https:\/\/informelitoral.com.ar\/diamante-el-festival-es-de-todos\/"]}]},{"@type":"ImageObject","inLanguage":"es","@id":"https:\/\/informelitoral.com.ar\/diamante-el-festival-es-de-todos\/#primaryimage","url":"http:\/\/www.isletasnoticias.com.ar\/%77%70%2d%63%6f%6e%74%65%6e%74\/uploads\/2015\/01\/10923328_10204342089210174_1974265353906268004_n-300x200.jpg","contentUrl":"http:\/\/www.isletasnoticias.com.ar\/%77%70%2d%63%6f%6e%74%65%6e%74\/uploads\/2015\/01\/10923328_10204342089210174_1974265353906268004_n-300x200.jpg"},{"@type":"BreadcrumbList","@id":"https:\/\/informelitoral.com.ar\/diamante-el-festival-es-de-todos\/#breadcrumb","itemListElement":[{"@type":"ListItem","position":1,"name":"Portada","item":"https:\/\/informelitoral.com.ar\/"},{"@type":"ListItem","position":2,"name":"Diamante: \u00abEl Festival es de todos\u00bb"}]},{"@type":"WebSite","@id":"https:\/\/informelitoral.com.ar\/#website","url":"https:\/\/informelitoral.com.ar\/","name":"Informe Litoral","description":"&quot;Nos informamos&quot; ","publisher":{"@id":"https:\/\/informelitoral.com.ar\/#organization"},"potentialAction":[{"@type":"SearchAction","target":{"@type":"EntryPoint","urlTemplate":"https:\/\/informelitoral.com.ar\/?s={search_term_string}"},"query-input":{"@type":"PropertyValueSpecification","valueRequired":true,"valueName":"search_term_string"}}],"inLanguage":"es"},{"@type":"Organization","@id":"https:\/\/informelitoral.com.ar\/#organization","name":"Informe Litoral","url":"https:\/\/informelitoral.com.ar\/","logo":{"@type":"ImageObject","inLanguage":"es","@id":"https:\/\/informelitoral.com.ar\/#\/schema\/logo\/image\/","url":"https:\/\/informelitoral.com.ar\/%77%70%2d%63%6f%6e%74%65%6e%74\/uploads\/2021\/01\/circulo.png","contentUrl":"https:\/\/informelitoral.com.ar\/%77%70%2d%63%6f%6e%74%65%6e%74\/uploads\/2021\/01\/circulo.png","width":723,"height":731,"caption":"Informe Litoral"},"image":{"@id":"https:\/\/informelitoral.com.ar\/#\/schema\/logo\/image\/"},"sameAs":["https:\/\/www.facebook.com\/informelitoral\/","https:\/\/x.com\/InformeLitoral","https:\/\/www.instagram.com\/informelitoral\/","https:\/\/www.youtube.com\/channel\/UCua4Qvz8Icb6MYqhoq9xLXw"]},{"@type":"Person","@id":"https:\/\/informelitoral.com.ar\/#\/schema\/person\/b9d00407c836482871ef1d57bf8e3180","name":"Gonzalo Schmidt","image":{"@type":"ImageObject","inLanguage":"es","@id":"https:\/\/secure.gravatar.com\/avatar\/31a1a7b66ff2de83bd0e9fd79d026630d2d99e55e8bfe501287647b4fd9743de?s=96&d=mm&r=g","url":"https:\/\/secure.gravatar.com\/avatar\/31a1a7b66ff2de83bd0e9fd79d026630d2d99e55e8bfe501287647b4fd9743de?s=96&d=mm&r=g","contentUrl":"https:\/\/secure.gravatar.com\/avatar\/31a1a7b66ff2de83bd0e9fd79d026630d2d99e55e8bfe501287647b4fd9743de?s=96&d=mm&r=g","caption":"Gonzalo Schmidt"},"description":"Sitio web de noticias de la provincia de Entre R\u00edos, Argentina. Informaci\u00f3n y entretenimiento. Informe Litoral, nos informamos.","sameAs":["http:\/\/www.isletasnoticias.com.ar"],"url":"https:\/\/informelitoral.com.ar\/author\/gonzalo\/"}]}},"_links":{"self":[{"href":"https:\/\/informelitoral.com.ar\/%77%70%2d%6a%73%6f%6e\/wp\/v2\/posts\/9504","targetHints":{"allow":["GET"]}}],"collection":[{"href":"https:\/\/informelitoral.com.ar\/%77%70%2d%6a%73%6f%6e\/wp\/v2\/posts"}],"about":[{"href":"https:\/\/informelitoral.com.ar\/%77%70%2d%6a%73%6f%6e\/wp\/v2\/types\/post"}],"author":[{"embeddable":true,"href":"https:\/\/informelitoral.com.ar\/%77%70%2d%6a%73%6f%6e\/wp\/v2\/users\/2"}],"replies":[{"embeddable":true,"href":"https:\/\/informelitoral.com.ar\/%77%70%2d%6a%73%6f%6e\/wp\/v2\/comments?post=9504"}],"version-history":[{"count":0,"href":"https:\/\/informelitoral.com.ar\/%77%70%2d%6a%73%6f%6e\/wp\/v2\/posts\/9504\/revisions"}],"wp:attachment":[{"href":"https:\/\/informelitoral.com.ar\/%77%70%2d%6a%73%6f%6e\/wp\/v2\/media?parent=9504"}],"wp:term":[{"taxonomy":"category","embeddable":true,"href":"https:\/\/informelitoral.com.ar\/%77%70%2d%6a%73%6f%6e\/wp\/v2\/categories?post=9504"},{"taxonomy":"post_tag","embeddable":true,"href":"https:\/\/informelitoral.com.ar\/%77%70%2d%6a%73%6f%6e\/wp\/v2\/tags?post=9504"}],"curies":[{"name":"wp","href":"https:\/\/api.w.org\/{rel}","templated":true}]}}