{"id":9501,"date":"2015-01-07T14:16:17","date_gmt":"2015-01-07T17:16:17","guid":{"rendered":"http:\/\/www.isletasnoticias.com.ar\/?p=9501"},"modified":"2015-01-07T14:16:17","modified_gmt":"2015-01-07T17:16:17","slug":"aclararon-la-confusion-sobre-las-parrillas-nazis-de-valle-maria","status":"publish","type":"post","link":"https:\/\/informelitoral.com.ar\/aclararon-la-confusion-sobre-las-parrillas-nazis-de-valle-maria\/","title":{"rendered":"Aclararon la confusi\u00f3n sobre las \u00abparrillas nazis\u00bb de Valle Mar\u00eda"},"content":{"rendered":"<p class=\"first\"><strong>Una joven paranaense brome\u00f3 acerca de la forma de las parrillas del balneario de Valle Mar\u00eda, pero la imagen se viraliz\u00f3 y gener\u00f3 una pol\u00e9mica inusitada en medios nacionales. La aclaraci\u00f3n del caso.<a href=\"http:\/\/www.isletasnoticias.com.ar\/%77%70%2d%63%6f%6e%74%65%6e%74\/uploads\/2015\/01\/parrilla0.jpg_2069580699.jpg\"><img loading=\"lazy\" decoding=\"async\" class=\"aligncenter size-medium wp-image-9502\" src=\"http:\/\/www.isletasnoticias.com.ar\/%77%70%2d%63%6f%6e%74%65%6e%74\/uploads\/2015\/01\/parrilla0.jpg_2069580699-300x199.jpg\" alt=\"parrilla0.jpg_2069580699\" width=\"300\" height=\"199\" srcset=\"https:\/\/informelitoral.com.ar\/%77%70%2d%63%6f%6e%74%65%6e%74\/uploads\/2015\/01\/parrilla0.jpg_2069580699-300x199.jpg 300w, https:\/\/informelitoral.com.ar\/%77%70%2d%63%6f%6e%74%65%6e%74\/uploads\/2015\/01\/parrilla0.jpg_2069580699.jpg 761w\" sizes=\"auto, (max-width: 300px) 100vw, 300px\" \/><\/a><\/strong><\/p>\n<p class=\"first\">Se sabe ya que las redes sociales son terreno f\u00e9rtil para la divulgaci\u00f3n de rumores y teor\u00edas de dudoso sustento; esta vez le toc\u00f3 sufrirlo en carne propia a <strong>Angie Weisheim<\/strong>, una estudiante paranaense, quien de paseo por Valle Mar\u00eda, tom\u00f3 una foto de las parrillas del balneario y la comparti\u00f3 en una red social. La imagen muestra una construcci\u00f3n que parece formar un s\u00edmbolo nazi.<\/p>\n<p>Horas despu\u00e9s, las im\u00e1genes de las parrillas del balneario de esa localidad del departamento Diamante, recorrieron los sitios digitales del pa\u00eds. Suena bizarro, pero se pone peor si mencionamos algunas de las descabelladas hip\u00f3tesis que se tejieron alrededor de esta pila de ladrillos. Es que, a simple vista, la r\u00fastica construcci\u00f3n parece formar una cruz esv\u00e1stica y, siendo parte del balneario una localidad fundada por inmigrantes alemanes, las im\u00e1genes -y un poco de imaginaci\u00f3n- dieron que hablar.<\/p>\n<p>\u201cA la foto la compart\u00ed a modo de chiste, tanto la imagen como la leyenda que la acompa\u00f1aban originalmente ten\u00edan un sentido ir\u00f3nico. Por eso la compart\u00ed en Instagram, porque en Facebook hay demasiada gente, es normal que haya alg\u00fan malentendido\u201d relat\u00f3 Weisheim a <em>UNO.<\/em><\/p>\n<p>Instagram es la red social que se encuentra en un crecimiento constante, pero que todav\u00eda no ha alcanzado la masividad de otras redes sociales. Facebook, en cambio, concentra al p\u00fablico m\u00e1s masivo y diverso, por lo que tener el control sobre lo que se publica, se vuelve una tarea complicada.<\/p>\n<p>\u201cLo que pas\u00f3 fue que alguien la sac\u00f3 de instagram y la llev\u00f3 a Facebook. Ah\u00ed se arm\u00f3 este revuelo\u201d. La imagen, sacada de contexto, se viraliz\u00f3. En cuesti\u00f3n de minutos fue levantada por algunos medios locales y los medios nacionales no tardaron en hacerse eco.<\/p>\n<p>Sin embargo, la autora de la fotograf\u00eda le puso fin a la pol\u00e9mica: \u201cCualquiera se da cuenta de que la esv\u00e1stica es al rev\u00e9s. Investigando un poquito te das cuenta, tambi\u00e9n, de que es la cruz de la paz de la India\u201d y sentenci\u00f3: \u201cHay que ser cabeza de tornillo para no investigar un toque antes de levantar una noticia, eh?\u201c, ironiz\u00f3.<\/p>\n<p>Efectivamente, la r\u00fastica construcci\u00f3n no tiene forma del cruz gamada, s\u00edmbolo del r\u00e9gimen nazi; sino de cruz de la paz de la India. Aunque, probablemente, m\u00e1s que una cuesti\u00f3n ideol\u00f3gica, se haya tratado de una cuesti\u00f3n de econom\u00eda del espacio y materiales.<\/p>\n<p>Tampoco not\u00f3 el detalle el responsable de Turismo de Valle Mar\u00eda, <strong>Silvestre Chazarreta<\/strong> que esta ma\u00f1ana se subi\u00f3 a la pol\u00e9mica y en declaraciones a LT14, sostuvo que \u201clos alba\u00f1iles no tienen idea de qu\u00e9 se trata la cruz esa\u201d y agreg\u00f3 que \u201chay mucha gente que tiene envidia porque nos est\u00e1 yendo bien\u201d. Cinta roja en la mu\u00f1eca para Chazarreta.<\/p>\n<p><strong>Sobre la esv\u00e1stica<\/strong><\/p>\n<p>Se trata de uno de los s\u00edmbolos m\u00e1s antiguos de la humanidad, aunque mucha gente lo desconoce y s\u00f3lo loa asocia a los nazis. Se han encontrado en infinidad de culturas, con significados muy diferentes entre s\u00ed antes de caer en manos de los hitlerianos. Su antiguedad data de 5.000 a\u00f1os y se calcula que las primeras aparecieron en restos arqueol\u00f3gicos del neol\u00edtico.<em> (UNO)<\/em><\/p>\n","protected":false},"excerpt":{"rendered":"<p>Una joven paranaense brome&oacute; acerca de la forma de las parrillas del balneario de Valle Mar&iacute;a, pero la imagen se viraliz&oacute; y gener&oacute; una pol&eacute;mica inusitada en medios nacionales. La aclaraci&oacute;n del caso. Se sabe ya que las redes sociales son terreno f&eacute;rtil para la divulgaci&oacute;n de rumores y teor&iacute;as de dudoso sustento; esta vez [&hellip;]<\/p>\n","protected":false},"author":2,"featured_media":0,"comment_status":"open","ping_status":"open","sticky":false,"template":"","format":"standard","meta":{"fifu_image_url":"","fifu_image_alt":"","footnotes":""},"categories":[6],"tags":[],"class_list":{"0":"post-9501","1":"post","2":"type-post","3":"status-publish","4":"format-standard","6":"category-entre-rios"},"yoast_head":"<title>Aclararon la confusi\u00f3n sobre las &quot;parrillas nazis&quot; de Valle Mar\u00eda - Informe Litoral<\/title>\n<meta name=\"robots\" content=\"index, follow, max-snippet:-1, max-image-preview:large, max-video-preview:-1\" \/>\n<link rel=\"canonical\" href=\"https:\/\/informelitoral.com.ar\/aclararon-la-confusion-sobre-las-parrillas-nazis-de-valle-maria\/\" \/>\n<meta property=\"og:locale\" content=\"es_ES\" \/>\n<meta property=\"og:type\" content=\"article\" \/>\n<meta property=\"og:title\" content=\"Aclararon la confusi\u00f3n sobre las &quot;parrillas nazis&quot; de Valle Mar\u00eda - Informe Litoral\" \/>\n<meta property=\"og:description\" content=\"Una joven paranaense brome&oacute; acerca de la forma de las parrillas del balneario de Valle Mar&iacute;a, pero la imagen se viraliz&oacute; y gener&oacute; una pol&eacute;mica inusitada en medios nacionales. La aclaraci&oacute;n del caso. Se sabe ya que las redes sociales son terreno f&eacute;rtil para la divulgaci&oacute;n de rumores y teor&iacute;as de dudoso sustento; esta vez [&hellip;]\" \/>\n<meta property=\"og:url\" content=\"https:\/\/informelitoral.com.ar\/aclararon-la-confusion-sobre-las-parrillas-nazis-de-valle-maria\/\" \/>\n<meta property=\"og:site_name\" content=\"Informe Litoral\" \/>\n<meta property=\"article:publisher\" content=\"https:\/\/www.facebook.com\/informelitoral\/\" \/>\n<meta property=\"article:published_time\" content=\"2015-01-07T17:16:17+00:00\" \/>\n<meta property=\"og:image\" content=\"https:\/\/informelitoral.com.ar\/%77%70%2d%63%6f%6e%74%65%6e%74\/uploads\/2015\/01\/parrilla0.jpg_2069580699.jpg\" \/>\n\t<meta property=\"og:image:width\" content=\"761\" \/>\n\t<meta property=\"og:image:height\" content=\"507\" \/>\n\t<meta property=\"og:image:type\" content=\"image\/jpeg\" \/>\n<meta name=\"author\" content=\"Gonzalo Schmidt\" \/>\n<meta name=\"twitter:card\" content=\"summary_large_image\" \/>\n<meta name=\"twitter:creator\" content=\"@InformeLitoral\" \/>\n<meta name=\"twitter:site\" content=\"@InformeLitoral\" \/>\n<meta name=\"twitter:label1\" content=\"Escrito por\" \/>\n\t<meta name=\"twitter:data1\" content=\"Gonzalo Schmidt\" \/>\n\t<meta name=\"twitter:label2\" content=\"Tiempo de lectura\" \/>\n\t<meta name=\"twitter:data2\" content=\"3 minutos\" \/>\n<script type=\"application\/ld+json\" class=\"yoast-schema-graph\">{\"@context\":\"https:\\\/\\\/schema.org\",\"@graph\":[{\"@type\":\"Article\",\"@id\":\"https:\\\/\\\/informelitoral.com.ar\\\/aclararon-la-confusion-sobre-las-parrillas-nazis-de-valle-maria\\\/#article\",\"isPartOf\":{\"@id\":\"https:\\\/\\\/informelitoral.com.ar\\\/aclararon-la-confusion-sobre-las-parrillas-nazis-de-valle-maria\\\/\"},\"author\":{\"name\":\"Gonzalo Schmidt\",\"@id\":\"https:\\\/\\\/informelitoral.com.ar\\\/#\\\/schema\\\/person\\\/b9d00407c836482871ef1d57bf8e3180\"},\"headline\":\"Aclararon la confusi\u00f3n sobre las \u00abparrillas nazis\u00bb de Valle Mar\u00eda\",\"datePublished\":\"2015-01-07T17:16:17+00:00\",\"mainEntityOfPage\":{\"@id\":\"https:\\\/\\\/informelitoral.com.ar\\\/aclararon-la-confusion-sobre-las-parrillas-nazis-de-valle-maria\\\/\"},\"wordCount\":612,\"commentCount\":0,\"publisher\":{\"@id\":\"https:\\\/\\\/informelitoral.com.ar\\\/#organization\"},\"image\":{\"@id\":\"https:\\\/\\\/informelitoral.com.ar\\\/aclararon-la-confusion-sobre-las-parrillas-nazis-de-valle-maria\\\/#primaryimage\"},\"thumbnailUrl\":\"http:\\\/\\\/www.isletasnoticias.com.ar\\\/%77%70%2d%63%6f%6e%74%65%6e%74\\\/uploads\\\/2015\\\/01\\\/parrilla0.jpg_2069580699-300x199.jpg\",\"articleSection\":[\"Entre R\u00edos\"],\"inLanguage\":\"es\",\"potentialAction\":[{\"@type\":\"CommentAction\",\"name\":\"Comment\",\"target\":[\"https:\\\/\\\/informelitoral.com.ar\\\/aclararon-la-confusion-sobre-las-parrillas-nazis-de-valle-maria\\\/#respond\"]}]},{\"@type\":\"WebPage\",\"@id\":\"https:\\\/\\\/informelitoral.com.ar\\\/aclararon-la-confusion-sobre-las-parrillas-nazis-de-valle-maria\\\/\",\"url\":\"https:\\\/\\\/informelitoral.com.ar\\\/aclararon-la-confusion-sobre-las-parrillas-nazis-de-valle-maria\\\/\",\"name\":\"Aclararon la confusi\u00f3n sobre las \\\"parrillas nazis\\\" de Valle Mar\u00eda - Informe Litoral\",\"isPartOf\":{\"@id\":\"https:\\\/\\\/informelitoral.com.ar\\\/#website\"},\"primaryImageOfPage\":{\"@id\":\"https:\\\/\\\/informelitoral.com.ar\\\/aclararon-la-confusion-sobre-las-parrillas-nazis-de-valle-maria\\\/#primaryimage\"},\"image\":{\"@id\":\"https:\\\/\\\/informelitoral.com.ar\\\/aclararon-la-confusion-sobre-las-parrillas-nazis-de-valle-maria\\\/#primaryimage\"},\"thumbnailUrl\":\"http:\\\/\\\/www.isletasnoticias.com.ar\\\/%77%70%2d%63%6f%6e%74%65%6e%74\\\/uploads\\\/2015\\\/01\\\/parrilla0.jpg_2069580699-300x199.jpg\",\"datePublished\":\"2015-01-07T17:16:17+00:00\",\"breadcrumb\":{\"@id\":\"https:\\\/\\\/informelitoral.com.ar\\\/aclararon-la-confusion-sobre-las-parrillas-nazis-de-valle-maria\\\/#breadcrumb\"},\"inLanguage\":\"es\",\"potentialAction\":[{\"@type\":\"ReadAction\",\"target\":[\"https:\\\/\\\/informelitoral.com.ar\\\/aclararon-la-confusion-sobre-las-parrillas-nazis-de-valle-maria\\\/\"]}]},{\"@type\":\"ImageObject\",\"inLanguage\":\"es\",\"@id\":\"https:\\\/\\\/informelitoral.com.ar\\\/aclararon-la-confusion-sobre-las-parrillas-nazis-de-valle-maria\\\/#primaryimage\",\"url\":\"http:\\\/\\\/www.isletasnoticias.com.ar\\\/%77%70%2d%63%6f%6e%74%65%6e%74\\\/uploads\\\/2015\\\/01\\\/parrilla0.jpg_2069580699-300x199.jpg\",\"contentUrl\":\"http:\\\/\\\/www.isletasnoticias.com.ar\\\/%77%70%2d%63%6f%6e%74%65%6e%74\\\/uploads\\\/2015\\\/01\\\/parrilla0.jpg_2069580699-300x199.jpg\"},{\"@type\":\"BreadcrumbList\",\"@id\":\"https:\\\/\\\/informelitoral.com.ar\\\/aclararon-la-confusion-sobre-las-parrillas-nazis-de-valle-maria\\\/#breadcrumb\",\"itemListElement\":[{\"@type\":\"ListItem\",\"position\":1,\"name\":\"Portada\",\"item\":\"https:\\\/\\\/informelitoral.com.ar\\\/\"},{\"@type\":\"ListItem\",\"position\":2,\"name\":\"Aclararon la confusi\u00f3n sobre las \u00abparrillas nazis\u00bb de Valle Mar\u00eda\"}]},{\"@type\":\"WebSite\",\"@id\":\"https:\\\/\\\/informelitoral.com.ar\\\/#website\",\"url\":\"https:\\\/\\\/informelitoral.com.ar\\\/\",\"name\":\"Informe Litoral\",\"description\":\"&quot;Nos informamos&quot; \",\"publisher\":{\"@id\":\"https:\\\/\\\/informelitoral.com.ar\\\/#organization\"},\"potentialAction\":[{\"@type\":\"SearchAction\",\"target\":{\"@type\":\"EntryPoint\",\"urlTemplate\":\"https:\\\/\\\/informelitoral.com.ar\\\/?s={search_term_string}\"},\"query-input\":{\"@type\":\"PropertyValueSpecification\",\"valueRequired\":true,\"valueName\":\"search_term_string\"}}],\"inLanguage\":\"es\"},{\"@type\":\"Organization\",\"@id\":\"https:\\\/\\\/informelitoral.com.ar\\\/#organization\",\"name\":\"Informe Litoral\",\"url\":\"https:\\\/\\\/informelitoral.com.ar\\\/\",\"logo\":{\"@type\":\"ImageObject\",\"inLanguage\":\"es\",\"@id\":\"https:\\\/\\\/informelitoral.com.ar\\\/#\\\/schema\\\/logo\\\/image\\\/\",\"url\":\"https:\\\/\\\/informelitoral.com.ar\\\/%77%70%2d%63%6f%6e%74%65%6e%74\\\/uploads\\\/2021\\\/01\\\/circulo.png\",\"contentUrl\":\"https:\\\/\\\/informelitoral.com.ar\\\/%77%70%2d%63%6f%6e%74%65%6e%74\\\/uploads\\\/2021\\\/01\\\/circulo.png\",\"width\":723,\"height\":731,\"caption\":\"Informe Litoral\"},\"image\":{\"@id\":\"https:\\\/\\\/informelitoral.com.ar\\\/#\\\/schema\\\/logo\\\/image\\\/\"},\"sameAs\":[\"https:\\\/\\\/www.facebook.com\\\/informelitoral\\\/\",\"https:\\\/\\\/x.com\\\/InformeLitoral\",\"https:\\\/\\\/www.instagram.com\\\/informelitoral\\\/\",\"https:\\\/\\\/www.youtube.com\\\/channel\\\/UCua4Qvz8Icb6MYqhoq9xLXw\"]},{\"@type\":\"Person\",\"@id\":\"https:\\\/\\\/informelitoral.com.ar\\\/#\\\/schema\\\/person\\\/b9d00407c836482871ef1d57bf8e3180\",\"name\":\"Gonzalo Schmidt\",\"image\":{\"@type\":\"ImageObject\",\"inLanguage\":\"es\",\"@id\":\"https:\\\/\\\/secure.gravatar.com\\\/avatar\\\/31a1a7b66ff2de83bd0e9fd79d026630d2d99e55e8bfe501287647b4fd9743de?s=96&d=mm&r=g\",\"url\":\"https:\\\/\\\/secure.gravatar.com\\\/avatar\\\/31a1a7b66ff2de83bd0e9fd79d026630d2d99e55e8bfe501287647b4fd9743de?s=96&d=mm&r=g\",\"contentUrl\":\"https:\\\/\\\/secure.gravatar.com\\\/avatar\\\/31a1a7b66ff2de83bd0e9fd79d026630d2d99e55e8bfe501287647b4fd9743de?s=96&d=mm&r=g\",\"caption\":\"Gonzalo Schmidt\"},\"description\":\"Sitio web de noticias de la provincia de Entre R\u00edos, Argentina. Informaci\u00f3n y entretenimiento. Informe Litoral, nos informamos.\",\"sameAs\":[\"http:\\\/\\\/www.isletasnoticias.com.ar\"],\"url\":\"https:\\\/\\\/informelitoral.com.ar\\\/author\\\/gonzalo\\\/\"}]}<\/script>","yoast_head_json":{"title":"Aclararon la confusi\u00f3n sobre las \"parrillas nazis\" de Valle Mar\u00eda - Informe Litoral","robots":{"index":"index","follow":"follow","max-snippet":"max-snippet:-1","max-image-preview":"max-image-preview:large","max-video-preview":"max-video-preview:-1"},"canonical":"https:\/\/informelitoral.com.ar\/aclararon-la-confusion-sobre-las-parrillas-nazis-de-valle-maria\/","og_locale":"es_ES","og_type":"article","og_title":"Aclararon la confusi\u00f3n sobre las \"parrillas nazis\" de Valle Mar\u00eda - Informe Litoral","og_description":"Una joven paranaense brome&oacute; acerca de la forma de las parrillas del balneario de Valle Mar&iacute;a, pero la imagen se viraliz&oacute; y gener&oacute; una pol&eacute;mica inusitada en medios nacionales. La aclaraci&oacute;n del caso. Se sabe ya que las redes sociales son terreno f&eacute;rtil para la divulgaci&oacute;n de rumores y teor&iacute;as de dudoso sustento; esta vez [&hellip;]","og_url":"https:\/\/informelitoral.com.ar\/aclararon-la-confusion-sobre-las-parrillas-nazis-de-valle-maria\/","og_site_name":"Informe Litoral","article_publisher":"https:\/\/www.facebook.com\/informelitoral\/","article_published_time":"2015-01-07T17:16:17+00:00","og_image":[{"width":761,"height":507,"url":"https:\/\/informelitoral.com.ar\/%77%70%2d%63%6f%6e%74%65%6e%74\/uploads\/2015\/01\/parrilla0.jpg_2069580699.jpg","type":"image\/jpeg"}],"author":"Gonzalo Schmidt","twitter_card":"summary_large_image","twitter_creator":"@InformeLitoral","twitter_site":"@InformeLitoral","twitter_misc":{"Escrito por":"Gonzalo Schmidt","Tiempo de lectura":"3 minutos"},"schema":{"@context":"https:\/\/schema.org","@graph":[{"@type":"Article","@id":"https:\/\/informelitoral.com.ar\/aclararon-la-confusion-sobre-las-parrillas-nazis-de-valle-maria\/#article","isPartOf":{"@id":"https:\/\/informelitoral.com.ar\/aclararon-la-confusion-sobre-las-parrillas-nazis-de-valle-maria\/"},"author":{"name":"Gonzalo Schmidt","@id":"https:\/\/informelitoral.com.ar\/#\/schema\/person\/b9d00407c836482871ef1d57bf8e3180"},"headline":"Aclararon la confusi\u00f3n sobre las \u00abparrillas nazis\u00bb de Valle Mar\u00eda","datePublished":"2015-01-07T17:16:17+00:00","mainEntityOfPage":{"@id":"https:\/\/informelitoral.com.ar\/aclararon-la-confusion-sobre-las-parrillas-nazis-de-valle-maria\/"},"wordCount":612,"commentCount":0,"publisher":{"@id":"https:\/\/informelitoral.com.ar\/#organization"},"image":{"@id":"https:\/\/informelitoral.com.ar\/aclararon-la-confusion-sobre-las-parrillas-nazis-de-valle-maria\/#primaryimage"},"thumbnailUrl":"http:\/\/www.isletasnoticias.com.ar\/%77%70%2d%63%6f%6e%74%65%6e%74\/uploads\/2015\/01\/parrilla0.jpg_2069580699-300x199.jpg","articleSection":["Entre R\u00edos"],"inLanguage":"es","potentialAction":[{"@type":"CommentAction","name":"Comment","target":["https:\/\/informelitoral.com.ar\/aclararon-la-confusion-sobre-las-parrillas-nazis-de-valle-maria\/#respond"]}]},{"@type":"WebPage","@id":"https:\/\/informelitoral.com.ar\/aclararon-la-confusion-sobre-las-parrillas-nazis-de-valle-maria\/","url":"https:\/\/informelitoral.com.ar\/aclararon-la-confusion-sobre-las-parrillas-nazis-de-valle-maria\/","name":"Aclararon la confusi\u00f3n sobre las \"parrillas nazis\" de Valle Mar\u00eda - Informe Litoral","isPartOf":{"@id":"https:\/\/informelitoral.com.ar\/#website"},"primaryImageOfPage":{"@id":"https:\/\/informelitoral.com.ar\/aclararon-la-confusion-sobre-las-parrillas-nazis-de-valle-maria\/#primaryimage"},"image":{"@id":"https:\/\/informelitoral.com.ar\/aclararon-la-confusion-sobre-las-parrillas-nazis-de-valle-maria\/#primaryimage"},"thumbnailUrl":"http:\/\/www.isletasnoticias.com.ar\/%77%70%2d%63%6f%6e%74%65%6e%74\/uploads\/2015\/01\/parrilla0.jpg_2069580699-300x199.jpg","datePublished":"2015-01-07T17:16:17+00:00","breadcrumb":{"@id":"https:\/\/informelitoral.com.ar\/aclararon-la-confusion-sobre-las-parrillas-nazis-de-valle-maria\/#breadcrumb"},"inLanguage":"es","potentialAction":[{"@type":"ReadAction","target":["https:\/\/informelitoral.com.ar\/aclararon-la-confusion-sobre-las-parrillas-nazis-de-valle-maria\/"]}]},{"@type":"ImageObject","inLanguage":"es","@id":"https:\/\/informelitoral.com.ar\/aclararon-la-confusion-sobre-las-parrillas-nazis-de-valle-maria\/#primaryimage","url":"http:\/\/www.isletasnoticias.com.ar\/%77%70%2d%63%6f%6e%74%65%6e%74\/uploads\/2015\/01\/parrilla0.jpg_2069580699-300x199.jpg","contentUrl":"http:\/\/www.isletasnoticias.com.ar\/%77%70%2d%63%6f%6e%74%65%6e%74\/uploads\/2015\/01\/parrilla0.jpg_2069580699-300x199.jpg"},{"@type":"BreadcrumbList","@id":"https:\/\/informelitoral.com.ar\/aclararon-la-confusion-sobre-las-parrillas-nazis-de-valle-maria\/#breadcrumb","itemListElement":[{"@type":"ListItem","position":1,"name":"Portada","item":"https:\/\/informelitoral.com.ar\/"},{"@type":"ListItem","position":2,"name":"Aclararon la confusi\u00f3n sobre las \u00abparrillas nazis\u00bb de Valle Mar\u00eda"}]},{"@type":"WebSite","@id":"https:\/\/informelitoral.com.ar\/#website","url":"https:\/\/informelitoral.com.ar\/","name":"Informe Litoral","description":"&quot;Nos informamos&quot; ","publisher":{"@id":"https:\/\/informelitoral.com.ar\/#organization"},"potentialAction":[{"@type":"SearchAction","target":{"@type":"EntryPoint","urlTemplate":"https:\/\/informelitoral.com.ar\/?s={search_term_string}"},"query-input":{"@type":"PropertyValueSpecification","valueRequired":true,"valueName":"search_term_string"}}],"inLanguage":"es"},{"@type":"Organization","@id":"https:\/\/informelitoral.com.ar\/#organization","name":"Informe Litoral","url":"https:\/\/informelitoral.com.ar\/","logo":{"@type":"ImageObject","inLanguage":"es","@id":"https:\/\/informelitoral.com.ar\/#\/schema\/logo\/image\/","url":"https:\/\/informelitoral.com.ar\/%77%70%2d%63%6f%6e%74%65%6e%74\/uploads\/2021\/01\/circulo.png","contentUrl":"https:\/\/informelitoral.com.ar\/%77%70%2d%63%6f%6e%74%65%6e%74\/uploads\/2021\/01\/circulo.png","width":723,"height":731,"caption":"Informe Litoral"},"image":{"@id":"https:\/\/informelitoral.com.ar\/#\/schema\/logo\/image\/"},"sameAs":["https:\/\/www.facebook.com\/informelitoral\/","https:\/\/x.com\/InformeLitoral","https:\/\/www.instagram.com\/informelitoral\/","https:\/\/www.youtube.com\/channel\/UCua4Qvz8Icb6MYqhoq9xLXw"]},{"@type":"Person","@id":"https:\/\/informelitoral.com.ar\/#\/schema\/person\/b9d00407c836482871ef1d57bf8e3180","name":"Gonzalo Schmidt","image":{"@type":"ImageObject","inLanguage":"es","@id":"https:\/\/secure.gravatar.com\/avatar\/31a1a7b66ff2de83bd0e9fd79d026630d2d99e55e8bfe501287647b4fd9743de?s=96&d=mm&r=g","url":"https:\/\/secure.gravatar.com\/avatar\/31a1a7b66ff2de83bd0e9fd79d026630d2d99e55e8bfe501287647b4fd9743de?s=96&d=mm&r=g","contentUrl":"https:\/\/secure.gravatar.com\/avatar\/31a1a7b66ff2de83bd0e9fd79d026630d2d99e55e8bfe501287647b4fd9743de?s=96&d=mm&r=g","caption":"Gonzalo Schmidt"},"description":"Sitio web de noticias de la provincia de Entre R\u00edos, Argentina. Informaci\u00f3n y entretenimiento. Informe Litoral, nos informamos.","sameAs":["http:\/\/www.isletasnoticias.com.ar"],"url":"https:\/\/informelitoral.com.ar\/author\/gonzalo\/"}]}},"_links":{"self":[{"href":"https:\/\/informelitoral.com.ar\/%77%70%2d%6a%73%6f%6e\/wp\/v2\/posts\/9501","targetHints":{"allow":["GET"]}}],"collection":[{"href":"https:\/\/informelitoral.com.ar\/%77%70%2d%6a%73%6f%6e\/wp\/v2\/posts"}],"about":[{"href":"https:\/\/informelitoral.com.ar\/%77%70%2d%6a%73%6f%6e\/wp\/v2\/types\/post"}],"author":[{"embeddable":true,"href":"https:\/\/informelitoral.com.ar\/%77%70%2d%6a%73%6f%6e\/wp\/v2\/users\/2"}],"replies":[{"embeddable":true,"href":"https:\/\/informelitoral.com.ar\/%77%70%2d%6a%73%6f%6e\/wp\/v2\/comments?post=9501"}],"version-history":[{"count":0,"href":"https:\/\/informelitoral.com.ar\/%77%70%2d%6a%73%6f%6e\/wp\/v2\/posts\/9501\/revisions"}],"wp:attachment":[{"href":"https:\/\/informelitoral.com.ar\/%77%70%2d%6a%73%6f%6e\/wp\/v2\/media?parent=9501"}],"wp:term":[{"taxonomy":"category","embeddable":true,"href":"https:\/\/informelitoral.com.ar\/%77%70%2d%6a%73%6f%6e\/wp\/v2\/categories?post=9501"},{"taxonomy":"post_tag","embeddable":true,"href":"https:\/\/informelitoral.com.ar\/%77%70%2d%6a%73%6f%6e\/wp\/v2\/tags?post=9501"}],"curies":[{"name":"wp","href":"https:\/\/api.w.org\/{rel}","templated":true}]}}