{"id":95008,"date":"2022-11-18T11:49:32","date_gmt":"2022-11-18T14:49:32","guid":{"rendered":"https:\/\/www.informelitoral.com.ar\/?p=95008"},"modified":"2022-11-18T11:58:41","modified_gmt":"2022-11-18T14:58:41","slug":"ley-agroindustrial-es-necesaria-su-aprobacion-en-el-congreso-nacional","status":"publish","type":"post","link":"https:\/\/informelitoral.com.ar\/ley-agroindustrial-es-necesaria-su-aprobacion-en-el-congreso-nacional\/","title":{"rendered":"Ley Agroindustrial: \u00abEs necesaria su aprobaci\u00f3n en el Congreso Nacional\u00bb"},"content":{"rendered":"<p>Marcelo Casaretto, presidente Comisi\u00f3n de Industria de la C\u00e1mara de Diputados de la Naci\u00f3n, se refiri\u00f3 a la necesidad de aprobaci\u00f3n de la Ley Agroindustrial.<\/p>\n<p>\u00abEn esta semana en mi Provincia de Entre R\u00edos estuve en Crespo en la Fiesta Nacional de la Avicultura, en Concordia en el Consejo de la Producci\u00f3n, y estar\u00e9 en San Salvador en la Fiesta Nacional del Arroz. La econom\u00eda de nuestra Provincia tiene una base agroindustrial, que necesita de una Ley como la que presentaron el Presidente y la Vicepresidenta de la Naci\u00f3n a fines del a\u00f1o pasado, y que hemos trabajado en el Congreso en estos meses, desde mi funci\u00f3n como Presidente de la Comisi\u00f3n de Industria, junto a los distintos bloques, y junto a los funcionarios del Poder Ejecutivo del Ministerio de Econom\u00eda, en las Secretar\u00edas de Agricultura y de Industria\u00bb, dijo.<\/p>\n<p>\u00abEl objetivo es la aprobaci\u00f3n de un R\u00c9GIMEN DE FOMENTO AL DESARROLLO AGROINDUSTRIAL FEDERAL INCLUSIVO, SUSTENTABLE Y EXPORTADOR para promover el incremento de la inversi\u00f3n y el empleo, impulsar la producci\u00f3n y la competitividad de los distintos sectores que forman parte de las cadenas y\/o redes de valor agroindustriales, mejorar la productividad, competitividad y la calidad de las mismas mediante una mayor industrializaci\u00f3n, procurar el aprovechamiento integral de la biomasa y su transformaci\u00f3n en bioproductos de alto valor agregado y energ\u00eda, potenciar la producci\u00f3n de los alimentos listos para consumir, los productos agroforestales, las tecnolog\u00edas y servicios para la agroindustria y en particular, las econom\u00edas regionales; atendiendo a la heterogeneidad existente en la productividad y en la competitividad de las distintas cadenas de valor y en los productores y las productoras MIPyMES que las conforman\u00bb, remarc\u00f3.<\/p>\n<p>La norma \u00abdebe tener vigencia por 10 A\u00d1OS con posibilidades de extender el plazo por parte del Poder Ejecutivo, abarcando las distintas actividades de las distintas cadenas de valor. Se tiene que crear una VENTANILLA \u00daNICA DIGITAL DE ADHESI\u00d3N al sistema para hacerlo r\u00e1pido y sin burocracias, con estabilidad de los beneficios por el t\u00e9rmino de su vigencia. Quienes adhieran deben cumplir con la INCREMENTALIDAD de al menos uno de estos indicadores: a) Volumen de ventas; b) Volumen de producci\u00f3n f\u00edsica; c) Volumen de exportaciones f\u00edsicas; d) Cantidad de personal ocupado; e) Inversiones realizadas\u00bb.<\/p>\n<p>\u00abLos beneficios por las NUEVAS INVERSIONES ser\u00e1n la AMORTIZACI\u00d3N ACELERADA en el impuesto a las Ganancias en 2 cuotas anuales, sean en bienes muebles, semovientes, inversiones y plantaciones perennes, molinos, bebederos, alambrados, mangas, viviendas para el personal, en tanto impliquen una ampliaci\u00f3n en la capacidad productiva o mejora en las condiciones laborales o est\u00e9n vinculadas con la conservaci\u00f3n y el mantenimiento de bienes de uso amortizables, como tambi\u00e9n aquellas vinculadas a mejoras en la capacidad de mantenimiento, almacenamiento y cuidado de la producci\u00f3n agropecuaria\u00bb, agreg\u00f3.<\/p>\n<p>Para \u00abla VALUACION DE LA HACIENDA Los beneficiarios y las beneficiarias que cumplan con los requisitos y resulten titulares de los establecimientos de invernada y\/o engorde a corral podr\u00e1n optar por valuar sus existencias por los m\u00e9todos descriptos en los incisos a) o b) del art\u00edculo 57.<\/p>\n<p>SALDO A FAVOR T\u00c9CNICO POR INVERSIONES EN BIENES DE USO. En el Impuesto al Valor Agregado, se reducir\u00e1 a TRES (3) per\u00edodos fiscales el plazo de devoluci\u00f3n. Se contemplan quienes est\u00e1n gravados a una al\u00edcuota inferior a la general.<\/p>\n<p>CERTIFICADO DE CR\u00c9DITO FISCAL. Se crea \u00abSistema de Promoci\u00f3n Agroindustrial para la Producci\u00f3n Sostenible\u00bb integrado por CUATRO (4) programas de promoci\u00f3n y dirigidos a: Incremento del uso de semilla fiscalizada de especies aut\u00f3gamas de producci\u00f3n nacional, Est\u00edmulo a la producci\u00f3n sustentable a trav\u00e9s de la promoci\u00f3n del uso de bioinsumos, fertilizantes y otro tipo de insumos; Incremento de la productividad de la ganader\u00eda extensiva e intensiva; Adopci\u00f3n de sistemas de gesti\u00f3n de la calidad, inocuidad, de triple impacto y de certificaciones oficiales. Se establecer\u00e1 un cupo en las Leyes de Presupuesto con un m\u00ednimo equivalente al 0,15% del valor de las exportaciones de los Productos Primarios (PP) y las Manufacturas de Origen Agropecuario (MOA) del a\u00f1o anterior. El 80% del monto asignado deber\u00e1 estar destinado a los beneficios para las MIPyMES.<\/p>\n<p>PROMOCION DEL EMPLEO. Quienes contraten nuevos empleados podr\u00e1n deducir el 50% de las contribuciones previsionales a cargo del empleador, por el periodo de 2 a\u00f1os, y hasta el100% para las MIPyMES agropecuarias e industriales.<\/p>\n<p>PROMOCION DE EXPORTACIONES CON VALOR AGREGADO. Las MIPyMES sin actividad exportadora tendr\u00e1n una bonificaci\u00f3n de las tasas exigidas para los tra?mites ante la Administracio?n Pu?blica Nacional, correspondientes exclusivamente a las primeras 3 (tres) operaciones de exportacio?n\u00bb.<\/p>\n<p>\u00abSe invita a las provincias, a la Ciudad Aut\u00f3noma de Buenos Aires y a los municipios a dictar las normas de promoci\u00f3n similares\u00bb, indic\u00f3.<\/p>\n","protected":false},"excerpt":{"rendered":"<p>Marcelo Casaretto, presidente Comisi\u00f3n de Industria de la C\u00e1mara de Diputados de la Naci\u00f3n, se refiri\u00f3 a la necesidad de aprobaci\u00f3n de la Ley Agroindustrial en el Congreso.<\/p>\n","protected":false},"author":8,"featured_media":95019,"comment_status":"open","ping_status":"open","sticky":false,"template":"","format":"standard","meta":{"fifu_image_url":"","fifu_image_alt":"","footnotes":""},"categories":[16],"tags":[],"class_list":{"0":"post-95008","1":"post","2":"type-post","3":"status-publish","4":"format-standard","5":"has-post-thumbnail","7":"category-politi"},"yoast_head":"<title>Ley Agroindustrial: &quot;Es necesaria su aprobaci\u00f3n en el Congreso Nacional&quot; - Informe Litoral<\/title>\n<meta name=\"robots\" content=\"index, follow, max-snippet:-1, max-image-preview:large, max-video-preview:-1\" \/>\n<link rel=\"canonical\" href=\"https:\/\/informelitoral.com.ar\/ley-agroindustrial-es-necesaria-su-aprobacion-en-el-congreso-nacional\/\" \/>\n<meta property=\"og:locale\" content=\"es_ES\" \/>\n<meta property=\"og:type\" content=\"article\" \/>\n<meta property=\"og:title\" content=\"Ley Agroindustrial: &quot;Es necesaria su aprobaci\u00f3n en el Congreso Nacional&quot; - Informe Litoral\" \/>\n<meta property=\"og:description\" content=\"Marcelo Casaretto, presidente Comisi\u00f3n de Industria de la C\u00e1mara de Diputados de la Naci\u00f3n, se refiri\u00f3 a la necesidad de aprobaci\u00f3n de la Ley Agroindustrial en el Congreso.\" \/>\n<meta property=\"og:url\" content=\"https:\/\/informelitoral.com.ar\/ley-agroindustrial-es-necesaria-su-aprobacion-en-el-congreso-nacional\/\" \/>\n<meta property=\"og:site_name\" content=\"Informe Litoral\" \/>\n<meta property=\"article:publisher\" content=\"https:\/\/www.facebook.com\/informelitoral\/\" \/>\n<meta property=\"article:published_time\" content=\"2022-11-18T14:49:32+00:00\" \/>\n<meta property=\"article:modified_time\" content=\"2022-11-18T14:58:41+00:00\" \/>\n<meta property=\"og:image\" content=\"https:\/\/informelitoral.com.ar\/%77%70%2d%63%6f%6e%74%65%6e%74\/uploads\/2022\/11\/o_1668725790.jpg\" \/>\n\t<meta property=\"og:image:width\" content=\"800\" \/>\n\t<meta property=\"og:image:height\" content=\"450\" \/>\n\t<meta property=\"og:image:type\" content=\"image\/jpeg\" \/>\n<meta name=\"author\" content=\"Sebastian\" \/>\n<meta name=\"twitter:card\" content=\"summary_large_image\" \/>\n<meta name=\"twitter:creator\" content=\"@InformeLitoral\" \/>\n<meta name=\"twitter:site\" content=\"@InformeLitoral\" \/>\n<meta name=\"twitter:label1\" content=\"Escrito por\" \/>\n\t<meta name=\"twitter:data1\" content=\"Sebastian\" \/>\n\t<meta name=\"twitter:label2\" content=\"Tiempo de lectura\" \/>\n\t<meta name=\"twitter:data2\" content=\"4 minutos\" \/>\n<script type=\"application\/ld+json\" class=\"yoast-schema-graph\">{\"@context\":\"https:\\\/\\\/schema.org\",\"@graph\":[{\"@type\":\"Article\",\"@id\":\"https:\\\/\\\/informelitoral.com.ar\\\/ley-agroindustrial-es-necesaria-su-aprobacion-en-el-congreso-nacional\\\/#article\",\"isPartOf\":{\"@id\":\"https:\\\/\\\/informelitoral.com.ar\\\/ley-agroindustrial-es-necesaria-su-aprobacion-en-el-congreso-nacional\\\/\"},\"author\":{\"name\":\"Sebastian\",\"@id\":\"https:\\\/\\\/informelitoral.com.ar\\\/#\\\/schema\\\/person\\\/f05f9f461677119578717524b127d6d5\"},\"headline\":\"Ley Agroindustrial: \u00abEs necesaria su aprobaci\u00f3n en el Congreso Nacional\u00bb\",\"datePublished\":\"2022-11-18T14:49:32+00:00\",\"dateModified\":\"2022-11-18T14:58:41+00:00\",\"mainEntityOfPage\":{\"@id\":\"https:\\\/\\\/informelitoral.com.ar\\\/ley-agroindustrial-es-necesaria-su-aprobacion-en-el-congreso-nacional\\\/\"},\"wordCount\":839,\"commentCount\":0,\"publisher\":{\"@id\":\"https:\\\/\\\/informelitoral.com.ar\\\/#organization\"},\"image\":{\"@id\":\"https:\\\/\\\/informelitoral.com.ar\\\/ley-agroindustrial-es-necesaria-su-aprobacion-en-el-congreso-nacional\\\/#primaryimage\"},\"thumbnailUrl\":\"https:\\\/\\\/informelitoral.com.ar\\\/%77%70%2d%63%6f%6e%74%65%6e%74\\\/uploads\\\/2022\\\/11\\\/o_1668725790.jpg\",\"articleSection\":[\"Politica\"],\"inLanguage\":\"es\",\"potentialAction\":[{\"@type\":\"CommentAction\",\"name\":\"Comment\",\"target\":[\"https:\\\/\\\/informelitoral.com.ar\\\/ley-agroindustrial-es-necesaria-su-aprobacion-en-el-congreso-nacional\\\/#respond\"]}]},{\"@type\":\"WebPage\",\"@id\":\"https:\\\/\\\/informelitoral.com.ar\\\/ley-agroindustrial-es-necesaria-su-aprobacion-en-el-congreso-nacional\\\/\",\"url\":\"https:\\\/\\\/informelitoral.com.ar\\\/ley-agroindustrial-es-necesaria-su-aprobacion-en-el-congreso-nacional\\\/\",\"name\":\"Ley Agroindustrial: \\\"Es necesaria su aprobaci\u00f3n en el Congreso Nacional\\\" - Informe Litoral\",\"isPartOf\":{\"@id\":\"https:\\\/\\\/informelitoral.com.ar\\\/#website\"},\"primaryImageOfPage\":{\"@id\":\"https:\\\/\\\/informelitoral.com.ar\\\/ley-agroindustrial-es-necesaria-su-aprobacion-en-el-congreso-nacional\\\/#primaryimage\"},\"image\":{\"@id\":\"https:\\\/\\\/informelitoral.com.ar\\\/ley-agroindustrial-es-necesaria-su-aprobacion-en-el-congreso-nacional\\\/#primaryimage\"},\"thumbnailUrl\":\"https:\\\/\\\/informelitoral.com.ar\\\/%77%70%2d%63%6f%6e%74%65%6e%74\\\/uploads\\\/2022\\\/11\\\/o_1668725790.jpg\",\"datePublished\":\"2022-11-18T14:49:32+00:00\",\"dateModified\":\"2022-11-18T14:58:41+00:00\",\"breadcrumb\":{\"@id\":\"https:\\\/\\\/informelitoral.com.ar\\\/ley-agroindustrial-es-necesaria-su-aprobacion-en-el-congreso-nacional\\\/#breadcrumb\"},\"inLanguage\":\"es\",\"potentialAction\":[{\"@type\":\"ReadAction\",\"target\":[\"https:\\\/\\\/informelitoral.com.ar\\\/ley-agroindustrial-es-necesaria-su-aprobacion-en-el-congreso-nacional\\\/\"]}]},{\"@type\":\"ImageObject\",\"inLanguage\":\"es\",\"@id\":\"https:\\\/\\\/informelitoral.com.ar\\\/ley-agroindustrial-es-necesaria-su-aprobacion-en-el-congreso-nacional\\\/#primaryimage\",\"url\":\"https:\\\/\\\/informelitoral.com.ar\\\/%77%70%2d%63%6f%6e%74%65%6e%74\\\/uploads\\\/2022\\\/11\\\/o_1668725790.jpg\",\"contentUrl\":\"https:\\\/\\\/informelitoral.com.ar\\\/%77%70%2d%63%6f%6e%74%65%6e%74\\\/uploads\\\/2022\\\/11\\\/o_1668725790.jpg\",\"width\":800,\"height\":450},{\"@type\":\"BreadcrumbList\",\"@id\":\"https:\\\/\\\/informelitoral.com.ar\\\/ley-agroindustrial-es-necesaria-su-aprobacion-en-el-congreso-nacional\\\/#breadcrumb\",\"itemListElement\":[{\"@type\":\"ListItem\",\"position\":1,\"name\":\"Portada\",\"item\":\"https:\\\/\\\/informelitoral.com.ar\\\/\"},{\"@type\":\"ListItem\",\"position\":2,\"name\":\"Ley Agroindustrial: \u00abEs necesaria su aprobaci\u00f3n en el Congreso Nacional\u00bb\"}]},{\"@type\":\"WebSite\",\"@id\":\"https:\\\/\\\/informelitoral.com.ar\\\/#website\",\"url\":\"https:\\\/\\\/informelitoral.com.ar\\\/\",\"name\":\"Informe Litoral\",\"description\":\"&quot;Nos informamos&quot; \",\"publisher\":{\"@id\":\"https:\\\/\\\/informelitoral.com.ar\\\/#organization\"},\"potentialAction\":[{\"@type\":\"SearchAction\",\"target\":{\"@type\":\"EntryPoint\",\"urlTemplate\":\"https:\\\/\\\/informelitoral.com.ar\\\/?s={search_term_string}\"},\"query-input\":{\"@type\":\"PropertyValueSpecification\",\"valueRequired\":true,\"valueName\":\"search_term_string\"}}],\"inLanguage\":\"es\"},{\"@type\":\"Organization\",\"@id\":\"https:\\\/\\\/informelitoral.com.ar\\\/#organization\",\"name\":\"Informe Litoral\",\"url\":\"https:\\\/\\\/informelitoral.com.ar\\\/\",\"logo\":{\"@type\":\"ImageObject\",\"inLanguage\":\"es\",\"@id\":\"https:\\\/\\\/informelitoral.com.ar\\\/#\\\/schema\\\/logo\\\/image\\\/\",\"url\":\"https:\\\/\\\/informelitoral.com.ar\\\/%77%70%2d%63%6f%6e%74%65%6e%74\\\/uploads\\\/2021\\\/01\\\/circulo.png\",\"contentUrl\":\"https:\\\/\\\/informelitoral.com.ar\\\/%77%70%2d%63%6f%6e%74%65%6e%74\\\/uploads\\\/2021\\\/01\\\/circulo.png\",\"width\":723,\"height\":731,\"caption\":\"Informe Litoral\"},\"image\":{\"@id\":\"https:\\\/\\\/informelitoral.com.ar\\\/#\\\/schema\\\/logo\\\/image\\\/\"},\"sameAs\":[\"https:\\\/\\\/www.facebook.com\\\/informelitoral\\\/\",\"https:\\\/\\\/x.com\\\/InformeLitoral\",\"https:\\\/\\\/www.instagram.com\\\/informelitoral\\\/\",\"https:\\\/\\\/www.youtube.com\\\/channel\\\/UCua4Qvz8Icb6MYqhoq9xLXw\"]},{\"@type\":\"Person\",\"@id\":\"https:\\\/\\\/informelitoral.com.ar\\\/#\\\/schema\\\/person\\\/f05f9f461677119578717524b127d6d5\",\"name\":\"Sebastian\",\"image\":{\"@type\":\"ImageObject\",\"inLanguage\":\"es\",\"@id\":\"https:\\\/\\\/secure.gravatar.com\\\/avatar\\\/b71bf7481d447dfb9583c7f2798e7cc64de6efb9067b74633ed8c31059a3bd82?s=96&d=mm&r=g\",\"url\":\"https:\\\/\\\/secure.gravatar.com\\\/avatar\\\/b71bf7481d447dfb9583c7f2798e7cc64de6efb9067b74633ed8c31059a3bd82?s=96&d=mm&r=g\",\"contentUrl\":\"https:\\\/\\\/secure.gravatar.com\\\/avatar\\\/b71bf7481d447dfb9583c7f2798e7cc64de6efb9067b74633ed8c31059a3bd82?s=96&d=mm&r=g\",\"caption\":\"Sebastian\"},\"url\":\"https:\\\/\\\/informelitoral.com.ar\\\/author\\\/sebastian\\\/\"}]}<\/script>","yoast_head_json":{"title":"Ley Agroindustrial: \"Es necesaria su aprobaci\u00f3n en el Congreso Nacional\" - Informe Litoral","robots":{"index":"index","follow":"follow","max-snippet":"max-snippet:-1","max-image-preview":"max-image-preview:large","max-video-preview":"max-video-preview:-1"},"canonical":"https:\/\/informelitoral.com.ar\/ley-agroindustrial-es-necesaria-su-aprobacion-en-el-congreso-nacional\/","og_locale":"es_ES","og_type":"article","og_title":"Ley Agroindustrial: \"Es necesaria su aprobaci\u00f3n en el Congreso Nacional\" - Informe Litoral","og_description":"Marcelo Casaretto, presidente Comisi\u00f3n de Industria de la C\u00e1mara de Diputados de la Naci\u00f3n, se refiri\u00f3 a la necesidad de aprobaci\u00f3n de la Ley Agroindustrial en el Congreso.","og_url":"https:\/\/informelitoral.com.ar\/ley-agroindustrial-es-necesaria-su-aprobacion-en-el-congreso-nacional\/","og_site_name":"Informe Litoral","article_publisher":"https:\/\/www.facebook.com\/informelitoral\/","article_published_time":"2022-11-18T14:49:32+00:00","article_modified_time":"2022-11-18T14:58:41+00:00","og_image":[{"width":800,"height":450,"url":"https:\/\/informelitoral.com.ar\/%77%70%2d%63%6f%6e%74%65%6e%74\/uploads\/2022\/11\/o_1668725790.jpg","type":"image\/jpeg"}],"author":"Sebastian","twitter_card":"summary_large_image","twitter_creator":"@InformeLitoral","twitter_site":"@InformeLitoral","twitter_misc":{"Escrito por":"Sebastian","Tiempo de lectura":"4 minutos"},"schema":{"@context":"https:\/\/schema.org","@graph":[{"@type":"Article","@id":"https:\/\/informelitoral.com.ar\/ley-agroindustrial-es-necesaria-su-aprobacion-en-el-congreso-nacional\/#article","isPartOf":{"@id":"https:\/\/informelitoral.com.ar\/ley-agroindustrial-es-necesaria-su-aprobacion-en-el-congreso-nacional\/"},"author":{"name":"Sebastian","@id":"https:\/\/informelitoral.com.ar\/#\/schema\/person\/f05f9f461677119578717524b127d6d5"},"headline":"Ley Agroindustrial: \u00abEs necesaria su aprobaci\u00f3n en el Congreso Nacional\u00bb","datePublished":"2022-11-18T14:49:32+00:00","dateModified":"2022-11-18T14:58:41+00:00","mainEntityOfPage":{"@id":"https:\/\/informelitoral.com.ar\/ley-agroindustrial-es-necesaria-su-aprobacion-en-el-congreso-nacional\/"},"wordCount":839,"commentCount":0,"publisher":{"@id":"https:\/\/informelitoral.com.ar\/#organization"},"image":{"@id":"https:\/\/informelitoral.com.ar\/ley-agroindustrial-es-necesaria-su-aprobacion-en-el-congreso-nacional\/#primaryimage"},"thumbnailUrl":"https:\/\/informelitoral.com.ar\/%77%70%2d%63%6f%6e%74%65%6e%74\/uploads\/2022\/11\/o_1668725790.jpg","articleSection":["Politica"],"inLanguage":"es","potentialAction":[{"@type":"CommentAction","name":"Comment","target":["https:\/\/informelitoral.com.ar\/ley-agroindustrial-es-necesaria-su-aprobacion-en-el-congreso-nacional\/#respond"]}]},{"@type":"WebPage","@id":"https:\/\/informelitoral.com.ar\/ley-agroindustrial-es-necesaria-su-aprobacion-en-el-congreso-nacional\/","url":"https:\/\/informelitoral.com.ar\/ley-agroindustrial-es-necesaria-su-aprobacion-en-el-congreso-nacional\/","name":"Ley Agroindustrial: \"Es necesaria su aprobaci\u00f3n en el Congreso Nacional\" - Informe Litoral","isPartOf":{"@id":"https:\/\/informelitoral.com.ar\/#website"},"primaryImageOfPage":{"@id":"https:\/\/informelitoral.com.ar\/ley-agroindustrial-es-necesaria-su-aprobacion-en-el-congreso-nacional\/#primaryimage"},"image":{"@id":"https:\/\/informelitoral.com.ar\/ley-agroindustrial-es-necesaria-su-aprobacion-en-el-congreso-nacional\/#primaryimage"},"thumbnailUrl":"https:\/\/informelitoral.com.ar\/%77%70%2d%63%6f%6e%74%65%6e%74\/uploads\/2022\/11\/o_1668725790.jpg","datePublished":"2022-11-18T14:49:32+00:00","dateModified":"2022-11-18T14:58:41+00:00","breadcrumb":{"@id":"https:\/\/informelitoral.com.ar\/ley-agroindustrial-es-necesaria-su-aprobacion-en-el-congreso-nacional\/#breadcrumb"},"inLanguage":"es","potentialAction":[{"@type":"ReadAction","target":["https:\/\/informelitoral.com.ar\/ley-agroindustrial-es-necesaria-su-aprobacion-en-el-congreso-nacional\/"]}]},{"@type":"ImageObject","inLanguage":"es","@id":"https:\/\/informelitoral.com.ar\/ley-agroindustrial-es-necesaria-su-aprobacion-en-el-congreso-nacional\/#primaryimage","url":"https:\/\/informelitoral.com.ar\/%77%70%2d%63%6f%6e%74%65%6e%74\/uploads\/2022\/11\/o_1668725790.jpg","contentUrl":"https:\/\/informelitoral.com.ar\/%77%70%2d%63%6f%6e%74%65%6e%74\/uploads\/2022\/11\/o_1668725790.jpg","width":800,"height":450},{"@type":"BreadcrumbList","@id":"https:\/\/informelitoral.com.ar\/ley-agroindustrial-es-necesaria-su-aprobacion-en-el-congreso-nacional\/#breadcrumb","itemListElement":[{"@type":"ListItem","position":1,"name":"Portada","item":"https:\/\/informelitoral.com.ar\/"},{"@type":"ListItem","position":2,"name":"Ley Agroindustrial: \u00abEs necesaria su aprobaci\u00f3n en el Congreso Nacional\u00bb"}]},{"@type":"WebSite","@id":"https:\/\/informelitoral.com.ar\/#website","url":"https:\/\/informelitoral.com.ar\/","name":"Informe Litoral","description":"&quot;Nos informamos&quot; ","publisher":{"@id":"https:\/\/informelitoral.com.ar\/#organization"},"potentialAction":[{"@type":"SearchAction","target":{"@type":"EntryPoint","urlTemplate":"https:\/\/informelitoral.com.ar\/?s={search_term_string}"},"query-input":{"@type":"PropertyValueSpecification","valueRequired":true,"valueName":"search_term_string"}}],"inLanguage":"es"},{"@type":"Organization","@id":"https:\/\/informelitoral.com.ar\/#organization","name":"Informe Litoral","url":"https:\/\/informelitoral.com.ar\/","logo":{"@type":"ImageObject","inLanguage":"es","@id":"https:\/\/informelitoral.com.ar\/#\/schema\/logo\/image\/","url":"https:\/\/informelitoral.com.ar\/%77%70%2d%63%6f%6e%74%65%6e%74\/uploads\/2021\/01\/circulo.png","contentUrl":"https:\/\/informelitoral.com.ar\/%77%70%2d%63%6f%6e%74%65%6e%74\/uploads\/2021\/01\/circulo.png","width":723,"height":731,"caption":"Informe Litoral"},"image":{"@id":"https:\/\/informelitoral.com.ar\/#\/schema\/logo\/image\/"},"sameAs":["https:\/\/www.facebook.com\/informelitoral\/","https:\/\/x.com\/InformeLitoral","https:\/\/www.instagram.com\/informelitoral\/","https:\/\/www.youtube.com\/channel\/UCua4Qvz8Icb6MYqhoq9xLXw"]},{"@type":"Person","@id":"https:\/\/informelitoral.com.ar\/#\/schema\/person\/f05f9f461677119578717524b127d6d5","name":"Sebastian","image":{"@type":"ImageObject","inLanguage":"es","@id":"https:\/\/secure.gravatar.com\/avatar\/b71bf7481d447dfb9583c7f2798e7cc64de6efb9067b74633ed8c31059a3bd82?s=96&d=mm&r=g","url":"https:\/\/secure.gravatar.com\/avatar\/b71bf7481d447dfb9583c7f2798e7cc64de6efb9067b74633ed8c31059a3bd82?s=96&d=mm&r=g","contentUrl":"https:\/\/secure.gravatar.com\/avatar\/b71bf7481d447dfb9583c7f2798e7cc64de6efb9067b74633ed8c31059a3bd82?s=96&d=mm&r=g","caption":"Sebastian"},"url":"https:\/\/informelitoral.com.ar\/author\/sebastian\/"}]}},"_links":{"self":[{"href":"https:\/\/informelitoral.com.ar\/%77%70%2d%6a%73%6f%6e\/wp\/v2\/posts\/95008","targetHints":{"allow":["GET"]}}],"collection":[{"href":"https:\/\/informelitoral.com.ar\/%77%70%2d%6a%73%6f%6e\/wp\/v2\/posts"}],"about":[{"href":"https:\/\/informelitoral.com.ar\/%77%70%2d%6a%73%6f%6e\/wp\/v2\/types\/post"}],"author":[{"embeddable":true,"href":"https:\/\/informelitoral.com.ar\/%77%70%2d%6a%73%6f%6e\/wp\/v2\/users\/8"}],"replies":[{"embeddable":true,"href":"https:\/\/informelitoral.com.ar\/%77%70%2d%6a%73%6f%6e\/wp\/v2\/comments?post=95008"}],"version-history":[{"count":0,"href":"https:\/\/informelitoral.com.ar\/%77%70%2d%6a%73%6f%6e\/wp\/v2\/posts\/95008\/revisions"}],"wp:featuredmedia":[{"embeddable":true,"href":"https:\/\/informelitoral.com.ar\/%77%70%2d%6a%73%6f%6e\/wp\/v2\/media\/95019"}],"wp:attachment":[{"href":"https:\/\/informelitoral.com.ar\/%77%70%2d%6a%73%6f%6e\/wp\/v2\/media?parent=95008"}],"wp:term":[{"taxonomy":"category","embeddable":true,"href":"https:\/\/informelitoral.com.ar\/%77%70%2d%6a%73%6f%6e\/wp\/v2\/categories?post=95008"},{"taxonomy":"post_tag","embeddable":true,"href":"https:\/\/informelitoral.com.ar\/%77%70%2d%6a%73%6f%6e\/wp\/v2\/tags?post=95008"}],"curies":[{"name":"wp","href":"https:\/\/api.w.org\/{rel}","templated":true}]}}