{"id":950,"date":"2013-04-10T22:37:26","date_gmt":"2013-04-11T01:37:26","guid":{"rendered":"http:\/\/www.isletasnoticias.com.ar\/?p=950"},"modified":"2013-04-10T22:38:04","modified_gmt":"2013-04-11T01:38:04","slug":"sancionaran-a-los-responsables-de-las-quemas-en-las-islas-entrerrianas","status":"publish","type":"post","link":"https:\/\/informelitoral.com.ar\/sancionaran-a-los-responsables-de-las-quemas-en-las-islas-entrerrianas\/","title":{"rendered":"Sancionar\u00e1n a los responsables de las quemas en las islas entrerrianas"},"content":{"rendered":"<p><strong>Este mi\u00e9rcoles encontraron indendios en diferentes islas de Entre R\u00edos. Habr\u00e1 castigo para los que iniciaron el fuego, ya que est\u00e1 prohibido efectuar quemas en territorio entrerriano.<\/strong><\/p>\n<p style=\"text-align: center;\"><a href=\"http:\/\/www.isletasnoticias.com.ar\/%77%70%2d%63%6f%6e%74%65%6e%74\/uploads\/2013\/04\/Islas.jpg_869080375.jpg\"><img loading=\"lazy\" decoding=\"async\" class=\"size-medium wp-image-951 aligncenter\" alt=\"Islas.jpg_869080375\" src=\"http:\/\/www.isletasnoticias.com.ar\/%77%70%2d%63%6f%6e%74%65%6e%74\/uploads\/2013\/04\/Islas.jpg_869080375-300x225.jpg\" width=\"300\" height=\"225\" srcset=\"https:\/\/informelitoral.com.ar\/%77%70%2d%63%6f%6e%74%65%6e%74\/uploads\/2013\/04\/Islas.jpg_869080375-300x225.jpg 300w, https:\/\/informelitoral.com.ar\/%77%70%2d%63%6f%6e%74%65%6e%74\/uploads\/2013\/04\/Islas.jpg_869080375.jpg 624w\" sizes=\"auto, (max-width: 300px) 100vw, 300px\" \/><\/a><\/p>\n<p>El Plan Provincial de Manejo del Fuego, dependiente de la Secretar\u00eda de Ambiente, realiz\u00f3 este mi\u00e9rcoles vuelos de patrullaje sobre la zona de islas, donde se detectaron focos de incendio, e inmediatamente se comenz\u00f3 a labrar las actas correspondientes para notificar y sancionar a los infractores. Se record\u00f3 que est\u00e1 prohibido efectuar quemas en todo el territorio entrerriano sin previa autorizaci\u00f3n de dicho organismo provincial.<\/p>\n<p><em>\u201cSeg\u00fan lo que establece la Ley 9.868, la Secretar\u00eda de Ambiente, a trav\u00e9s del Plan de Manejo del Fuego, como autoridad de aplicaci\u00f3n tiene por funci\u00f3n detectar los lugares donde se realizaron las quemas, constatar que se efectuaron sin previa autorizaci\u00f3n y luego sancionar a los infractores o propietarios de dichos campos\u201d,<\/em> explic\u00f3 el secretario de Ambiente, <strong>Fernando Raffo.<\/strong><\/p>\n<p>Adem\u00e1s, reiter\u00f3 que <em>\u201clas quemas ponen en riesgo la vida humana generando una contaminaci\u00f3n ambiental en asentamientos poblacionales cercanos a los focos \u00edgneos detectados y afectando la biodiversidad, sobre todo en ambiente de islas\u201d<\/em>. Y afirm\u00f3: <em>\u201cApenas nos enteramos de los incendios se realizaron vuelos de patrullaje para detectarlos y comenzar a labrar las actuaciones correspondientes para sancionar a los infractores\u201d.<\/em><\/p>\n<p>En Entre R\u00edos est\u00e1 en vigencia la Ley 9.868 y el decreto N\u00ba 3186 que proh\u00edben toda quema en el \u00e1mbito rural de la provincia sin expresa autorizaci\u00f3n de la Secretar\u00eda de Ambiente de Entre R\u00edos.<\/p>\n<p>Para tal efecto se puede solicitar el permiso llenando el formulario correspondiente que puede descargarse de la p\u00e1gina web del organismo:\u00a0<a title=\"www.entrerios.gov.ar\/ambiente\" href=\"http:\/\/www.entrerios.gov.ar\/ambiente\" target=\"_self\">www.entrerios.gov.ar\/ambiente<\/a>.<\/p>\n<p>En caso de detectarse quemas no autorizadas, se labran actas de comprobaci\u00f3n que pueden derivar en multas que van desde 1 a 15.000 sueldos b\u00e1sicos del escalaf\u00f3n general, categor\u00eda 10, de la administraci\u00f3n p\u00fablica provincial; es decir que van de 626 pesos hasta 9,4 millones de pesos.<\/p>\n<p><strong>Patrullajes<\/strong><\/p>\n<p>Personal del Plan Provincial de Manejo del Fuego realiz\u00f3 este mi\u00e9rcoles vuelos de patrullaje donde se detectaron nueve incendios en las islas de Victoria, en las zonas de los arroyos Los Confines y El Paranacito, y tambi\u00e9n cerca del enlace vial Rosario \u2013 Victoria.<\/p>\n<p>Con los datos obtenidos, actas y fotograf\u00edas a\u00e9reas, se est\u00e1n realizando las actuaciones correspondientes para cursar cartas documento a los infractores.<\/p>\n<p>Desde el organismo provincial se solicita a la poblaci\u00f3n que denuncie las quemas llamando al tel\u00e9fono del Plan de Manejo del Fuego (0343) 484-0555.<\/p>\n<p><strong>Combate de los incendios<\/strong><\/p>\n<p>Defensa Civil de la provincia es la encargada de coordinar el combate de los incendios para lo cual desde el Plan Provincial se pone a disposici\u00f3n los dos aviones hidrantes con los que cuenta y que fueron enviados por el Plan Nacional de Manejo del Fuego. Uno de ellos tiene asiento en Col\u00f3n y otro en Victoria.<\/p>\n<p>Para estas tareas, Defensa Civil cuenta tambi\u00e9n con la ayuda de los cuerpos de bomberos voluntarios y brigadas de incendios de la Polic\u00eda de Entre R\u00edos que act\u00faan desde tierra.<\/p>\n<p>Fuente: UNO.<\/p>\n","protected":false},"excerpt":{"rendered":"<p>Este mi&eacute;rcoles encontraron indendios en diferentes islas de Entre R&iacute;os. Habr&aacute; castigo para los que iniciaron el fuego, ya que est&aacute; prohibido efectuar quemas en territorio entrerriano. El Plan Provincial de Manejo del Fuego, dependiente de la Secretar&iacute;a de Ambiente, realiz&oacute; este mi&eacute;rcoles vuelos de patrullaje sobre la zona de islas, donde se detectaron focos [&hellip;]<\/p>\n","protected":false},"author":2,"featured_media":0,"comment_status":"open","ping_status":"open","sticky":false,"template":"","format":"standard","meta":{"fifu_image_url":"","fifu_image_alt":"","footnotes":""},"categories":[6],"tags":[],"class_list":{"0":"post-950","1":"post","2":"type-post","3":"status-publish","4":"format-standard","6":"category-entre-rios"},"yoast_head":"<title>Sancionar\u00e1n a los responsables de las quemas en las islas entrerrianas - Informe Litoral<\/title>\n<meta name=\"robots\" content=\"index, follow, max-snippet:-1, max-image-preview:large, max-video-preview:-1\" \/>\n<link rel=\"canonical\" href=\"https:\/\/informelitoral.com.ar\/sancionaran-a-los-responsables-de-las-quemas-en-las-islas-entrerrianas\/\" \/>\n<meta property=\"og:locale\" content=\"es_ES\" \/>\n<meta property=\"og:type\" content=\"article\" \/>\n<meta property=\"og:title\" content=\"Sancionar\u00e1n a los responsables de las quemas en las islas entrerrianas - Informe Litoral\" \/>\n<meta property=\"og:description\" content=\"Este mi&eacute;rcoles encontraron indendios en diferentes islas de Entre R&iacute;os. Habr&aacute; castigo para los que iniciaron el fuego, ya que est&aacute; prohibido efectuar quemas en territorio entrerriano. El Plan Provincial de Manejo del Fuego, dependiente de la Secretar&iacute;a de Ambiente, realiz&oacute; este mi&eacute;rcoles vuelos de patrullaje sobre la zona de islas, donde se detectaron focos [&hellip;]\" \/>\n<meta property=\"og:url\" content=\"https:\/\/informelitoral.com.ar\/sancionaran-a-los-responsables-de-las-quemas-en-las-islas-entrerrianas\/\" \/>\n<meta property=\"og:site_name\" content=\"Informe Litoral\" \/>\n<meta property=\"article:publisher\" content=\"https:\/\/www.facebook.com\/informelitoral\/\" \/>\n<meta property=\"article:published_time\" content=\"2013-04-11T01:37:26+00:00\" \/>\n<meta property=\"article:modified_time\" content=\"2013-04-11T01:38:04+00:00\" \/>\n<meta property=\"og:image\" content=\"https:\/\/informelitoral.com.ar\/%77%70%2d%63%6f%6e%74%65%6e%74\/uploads\/2013\/04\/Islas.jpg_869080375.jpg\" \/>\n\t<meta property=\"og:image:width\" content=\"624\" \/>\n\t<meta property=\"og:image:height\" content=\"468\" \/>\n\t<meta property=\"og:image:type\" content=\"image\/jpeg\" \/>\n<meta name=\"author\" content=\"Gonzalo Schmidt\" \/>\n<meta name=\"twitter:card\" content=\"summary_large_image\" \/>\n<meta name=\"twitter:creator\" content=\"@InformeLitoral\" \/>\n<meta name=\"twitter:site\" content=\"@InformeLitoral\" \/>\n<meta name=\"twitter:label1\" content=\"Escrito por\" \/>\n\t<meta name=\"twitter:data1\" content=\"Gonzalo Schmidt\" \/>\n\t<meta name=\"twitter:label2\" content=\"Tiempo de lectura\" \/>\n\t<meta name=\"twitter:data2\" content=\"3 minutos\" \/>\n<script type=\"application\/ld+json\" class=\"yoast-schema-graph\">{\"@context\":\"https:\\\/\\\/schema.org\",\"@graph\":[{\"@type\":\"Article\",\"@id\":\"https:\\\/\\\/informelitoral.com.ar\\\/sancionaran-a-los-responsables-de-las-quemas-en-las-islas-entrerrianas\\\/#article\",\"isPartOf\":{\"@id\":\"https:\\\/\\\/informelitoral.com.ar\\\/sancionaran-a-los-responsables-de-las-quemas-en-las-islas-entrerrianas\\\/\"},\"author\":{\"name\":\"Gonzalo Schmidt\",\"@id\":\"https:\\\/\\\/informelitoral.com.ar\\\/#\\\/schema\\\/person\\\/b9d00407c836482871ef1d57bf8e3180\"},\"headline\":\"Sancionar\u00e1n a los responsables de las quemas en las islas entrerrianas\",\"datePublished\":\"2013-04-11T01:37:26+00:00\",\"dateModified\":\"2013-04-11T01:38:04+00:00\",\"mainEntityOfPage\":{\"@id\":\"https:\\\/\\\/informelitoral.com.ar\\\/sancionaran-a-los-responsables-de-las-quemas-en-las-islas-entrerrianas\\\/\"},\"wordCount\":544,\"commentCount\":0,\"publisher\":{\"@id\":\"https:\\\/\\\/informelitoral.com.ar\\\/#organization\"},\"image\":{\"@id\":\"https:\\\/\\\/informelitoral.com.ar\\\/sancionaran-a-los-responsables-de-las-quemas-en-las-islas-entrerrianas\\\/#primaryimage\"},\"thumbnailUrl\":\"http:\\\/\\\/www.isletasnoticias.com.ar\\\/%77%70%2d%63%6f%6e%74%65%6e%74\\\/uploads\\\/2013\\\/04\\\/Islas.jpg_869080375-300x225.jpg\",\"articleSection\":[\"Entre R\u00edos\"],\"inLanguage\":\"es\",\"potentialAction\":[{\"@type\":\"CommentAction\",\"name\":\"Comment\",\"target\":[\"https:\\\/\\\/informelitoral.com.ar\\\/sancionaran-a-los-responsables-de-las-quemas-en-las-islas-entrerrianas\\\/#respond\"]}]},{\"@type\":\"WebPage\",\"@id\":\"https:\\\/\\\/informelitoral.com.ar\\\/sancionaran-a-los-responsables-de-las-quemas-en-las-islas-entrerrianas\\\/\",\"url\":\"https:\\\/\\\/informelitoral.com.ar\\\/sancionaran-a-los-responsables-de-las-quemas-en-las-islas-entrerrianas\\\/\",\"name\":\"Sancionar\u00e1n a los responsables de las quemas en las islas entrerrianas - Informe Litoral\",\"isPartOf\":{\"@id\":\"https:\\\/\\\/informelitoral.com.ar\\\/#website\"},\"primaryImageOfPage\":{\"@id\":\"https:\\\/\\\/informelitoral.com.ar\\\/sancionaran-a-los-responsables-de-las-quemas-en-las-islas-entrerrianas\\\/#primaryimage\"},\"image\":{\"@id\":\"https:\\\/\\\/informelitoral.com.ar\\\/sancionaran-a-los-responsables-de-las-quemas-en-las-islas-entrerrianas\\\/#primaryimage\"},\"thumbnailUrl\":\"http:\\\/\\\/www.isletasnoticias.com.ar\\\/%77%70%2d%63%6f%6e%74%65%6e%74\\\/uploads\\\/2013\\\/04\\\/Islas.jpg_869080375-300x225.jpg\",\"datePublished\":\"2013-04-11T01:37:26+00:00\",\"dateModified\":\"2013-04-11T01:38:04+00:00\",\"breadcrumb\":{\"@id\":\"https:\\\/\\\/informelitoral.com.ar\\\/sancionaran-a-los-responsables-de-las-quemas-en-las-islas-entrerrianas\\\/#breadcrumb\"},\"inLanguage\":\"es\",\"potentialAction\":[{\"@type\":\"ReadAction\",\"target\":[\"https:\\\/\\\/informelitoral.com.ar\\\/sancionaran-a-los-responsables-de-las-quemas-en-las-islas-entrerrianas\\\/\"]}]},{\"@type\":\"ImageObject\",\"inLanguage\":\"es\",\"@id\":\"https:\\\/\\\/informelitoral.com.ar\\\/sancionaran-a-los-responsables-de-las-quemas-en-las-islas-entrerrianas\\\/#primaryimage\",\"url\":\"http:\\\/\\\/www.isletasnoticias.com.ar\\\/%77%70%2d%63%6f%6e%74%65%6e%74\\\/uploads\\\/2013\\\/04\\\/Islas.jpg_869080375-300x225.jpg\",\"contentUrl\":\"http:\\\/\\\/www.isletasnoticias.com.ar\\\/%77%70%2d%63%6f%6e%74%65%6e%74\\\/uploads\\\/2013\\\/04\\\/Islas.jpg_869080375-300x225.jpg\"},{\"@type\":\"BreadcrumbList\",\"@id\":\"https:\\\/\\\/informelitoral.com.ar\\\/sancionaran-a-los-responsables-de-las-quemas-en-las-islas-entrerrianas\\\/#breadcrumb\",\"itemListElement\":[{\"@type\":\"ListItem\",\"position\":1,\"name\":\"Portada\",\"item\":\"https:\\\/\\\/informelitoral.com.ar\\\/\"},{\"@type\":\"ListItem\",\"position\":2,\"name\":\"Sancionar\u00e1n a los responsables de las quemas en las islas entrerrianas\"}]},{\"@type\":\"WebSite\",\"@id\":\"https:\\\/\\\/informelitoral.com.ar\\\/#website\",\"url\":\"https:\\\/\\\/informelitoral.com.ar\\\/\",\"name\":\"Informe Litoral\",\"description\":\"&quot;Nos informamos&quot; \",\"publisher\":{\"@id\":\"https:\\\/\\\/informelitoral.com.ar\\\/#organization\"},\"potentialAction\":[{\"@type\":\"SearchAction\",\"target\":{\"@type\":\"EntryPoint\",\"urlTemplate\":\"https:\\\/\\\/informelitoral.com.ar\\\/?s={search_term_string}\"},\"query-input\":{\"@type\":\"PropertyValueSpecification\",\"valueRequired\":true,\"valueName\":\"search_term_string\"}}],\"inLanguage\":\"es\"},{\"@type\":\"Organization\",\"@id\":\"https:\\\/\\\/informelitoral.com.ar\\\/#organization\",\"name\":\"Informe Litoral\",\"url\":\"https:\\\/\\\/informelitoral.com.ar\\\/\",\"logo\":{\"@type\":\"ImageObject\",\"inLanguage\":\"es\",\"@id\":\"https:\\\/\\\/informelitoral.com.ar\\\/#\\\/schema\\\/logo\\\/image\\\/\",\"url\":\"https:\\\/\\\/informelitoral.com.ar\\\/%77%70%2d%63%6f%6e%74%65%6e%74\\\/uploads\\\/2021\\\/01\\\/circulo.png\",\"contentUrl\":\"https:\\\/\\\/informelitoral.com.ar\\\/%77%70%2d%63%6f%6e%74%65%6e%74\\\/uploads\\\/2021\\\/01\\\/circulo.png\",\"width\":723,\"height\":731,\"caption\":\"Informe Litoral\"},\"image\":{\"@id\":\"https:\\\/\\\/informelitoral.com.ar\\\/#\\\/schema\\\/logo\\\/image\\\/\"},\"sameAs\":[\"https:\\\/\\\/www.facebook.com\\\/informelitoral\\\/\",\"https:\\\/\\\/x.com\\\/InformeLitoral\",\"https:\\\/\\\/www.instagram.com\\\/informelitoral\\\/\",\"https:\\\/\\\/www.youtube.com\\\/channel\\\/UCua4Qvz8Icb6MYqhoq9xLXw\"]},{\"@type\":\"Person\",\"@id\":\"https:\\\/\\\/informelitoral.com.ar\\\/#\\\/schema\\\/person\\\/b9d00407c836482871ef1d57bf8e3180\",\"name\":\"Gonzalo Schmidt\",\"image\":{\"@type\":\"ImageObject\",\"inLanguage\":\"es\",\"@id\":\"https:\\\/\\\/secure.gravatar.com\\\/avatar\\\/31a1a7b66ff2de83bd0e9fd79d026630d2d99e55e8bfe501287647b4fd9743de?s=96&d=mm&r=g\",\"url\":\"https:\\\/\\\/secure.gravatar.com\\\/avatar\\\/31a1a7b66ff2de83bd0e9fd79d026630d2d99e55e8bfe501287647b4fd9743de?s=96&d=mm&r=g\",\"contentUrl\":\"https:\\\/\\\/secure.gravatar.com\\\/avatar\\\/31a1a7b66ff2de83bd0e9fd79d026630d2d99e55e8bfe501287647b4fd9743de?s=96&d=mm&r=g\",\"caption\":\"Gonzalo Schmidt\"},\"description\":\"Sitio web de noticias de la provincia de Entre R\u00edos, Argentina. Informaci\u00f3n y entretenimiento. Informe Litoral, nos informamos.\",\"sameAs\":[\"http:\\\/\\\/www.isletasnoticias.com.ar\"],\"url\":\"https:\\\/\\\/informelitoral.com.ar\\\/author\\\/gonzalo\\\/\"}]}<\/script>","yoast_head_json":{"title":"Sancionar\u00e1n a los responsables de las quemas en las islas entrerrianas - Informe Litoral","robots":{"index":"index","follow":"follow","max-snippet":"max-snippet:-1","max-image-preview":"max-image-preview:large","max-video-preview":"max-video-preview:-1"},"canonical":"https:\/\/informelitoral.com.ar\/sancionaran-a-los-responsables-de-las-quemas-en-las-islas-entrerrianas\/","og_locale":"es_ES","og_type":"article","og_title":"Sancionar\u00e1n a los responsables de las quemas en las islas entrerrianas - Informe Litoral","og_description":"Este mi&eacute;rcoles encontraron indendios en diferentes islas de Entre R&iacute;os. Habr&aacute; castigo para los que iniciaron el fuego, ya que est&aacute; prohibido efectuar quemas en territorio entrerriano. El Plan Provincial de Manejo del Fuego, dependiente de la Secretar&iacute;a de Ambiente, realiz&oacute; este mi&eacute;rcoles vuelos de patrullaje sobre la zona de islas, donde se detectaron focos [&hellip;]","og_url":"https:\/\/informelitoral.com.ar\/sancionaran-a-los-responsables-de-las-quemas-en-las-islas-entrerrianas\/","og_site_name":"Informe Litoral","article_publisher":"https:\/\/www.facebook.com\/informelitoral\/","article_published_time":"2013-04-11T01:37:26+00:00","article_modified_time":"2013-04-11T01:38:04+00:00","og_image":[{"width":624,"height":468,"url":"https:\/\/informelitoral.com.ar\/%77%70%2d%63%6f%6e%74%65%6e%74\/uploads\/2013\/04\/Islas.jpg_869080375.jpg","type":"image\/jpeg"}],"author":"Gonzalo Schmidt","twitter_card":"summary_large_image","twitter_creator":"@InformeLitoral","twitter_site":"@InformeLitoral","twitter_misc":{"Escrito por":"Gonzalo Schmidt","Tiempo de lectura":"3 minutos"},"schema":{"@context":"https:\/\/schema.org","@graph":[{"@type":"Article","@id":"https:\/\/informelitoral.com.ar\/sancionaran-a-los-responsables-de-las-quemas-en-las-islas-entrerrianas\/#article","isPartOf":{"@id":"https:\/\/informelitoral.com.ar\/sancionaran-a-los-responsables-de-las-quemas-en-las-islas-entrerrianas\/"},"author":{"name":"Gonzalo Schmidt","@id":"https:\/\/informelitoral.com.ar\/#\/schema\/person\/b9d00407c836482871ef1d57bf8e3180"},"headline":"Sancionar\u00e1n a los responsables de las quemas en las islas entrerrianas","datePublished":"2013-04-11T01:37:26+00:00","dateModified":"2013-04-11T01:38:04+00:00","mainEntityOfPage":{"@id":"https:\/\/informelitoral.com.ar\/sancionaran-a-los-responsables-de-las-quemas-en-las-islas-entrerrianas\/"},"wordCount":544,"commentCount":0,"publisher":{"@id":"https:\/\/informelitoral.com.ar\/#organization"},"image":{"@id":"https:\/\/informelitoral.com.ar\/sancionaran-a-los-responsables-de-las-quemas-en-las-islas-entrerrianas\/#primaryimage"},"thumbnailUrl":"http:\/\/www.isletasnoticias.com.ar\/%77%70%2d%63%6f%6e%74%65%6e%74\/uploads\/2013\/04\/Islas.jpg_869080375-300x225.jpg","articleSection":["Entre R\u00edos"],"inLanguage":"es","potentialAction":[{"@type":"CommentAction","name":"Comment","target":["https:\/\/informelitoral.com.ar\/sancionaran-a-los-responsables-de-las-quemas-en-las-islas-entrerrianas\/#respond"]}]},{"@type":"WebPage","@id":"https:\/\/informelitoral.com.ar\/sancionaran-a-los-responsables-de-las-quemas-en-las-islas-entrerrianas\/","url":"https:\/\/informelitoral.com.ar\/sancionaran-a-los-responsables-de-las-quemas-en-las-islas-entrerrianas\/","name":"Sancionar\u00e1n a los responsables de las quemas en las islas entrerrianas - Informe Litoral","isPartOf":{"@id":"https:\/\/informelitoral.com.ar\/#website"},"primaryImageOfPage":{"@id":"https:\/\/informelitoral.com.ar\/sancionaran-a-los-responsables-de-las-quemas-en-las-islas-entrerrianas\/#primaryimage"},"image":{"@id":"https:\/\/informelitoral.com.ar\/sancionaran-a-los-responsables-de-las-quemas-en-las-islas-entrerrianas\/#primaryimage"},"thumbnailUrl":"http:\/\/www.isletasnoticias.com.ar\/%77%70%2d%63%6f%6e%74%65%6e%74\/uploads\/2013\/04\/Islas.jpg_869080375-300x225.jpg","datePublished":"2013-04-11T01:37:26+00:00","dateModified":"2013-04-11T01:38:04+00:00","breadcrumb":{"@id":"https:\/\/informelitoral.com.ar\/sancionaran-a-los-responsables-de-las-quemas-en-las-islas-entrerrianas\/#breadcrumb"},"inLanguage":"es","potentialAction":[{"@type":"ReadAction","target":["https:\/\/informelitoral.com.ar\/sancionaran-a-los-responsables-de-las-quemas-en-las-islas-entrerrianas\/"]}]},{"@type":"ImageObject","inLanguage":"es","@id":"https:\/\/informelitoral.com.ar\/sancionaran-a-los-responsables-de-las-quemas-en-las-islas-entrerrianas\/#primaryimage","url":"http:\/\/www.isletasnoticias.com.ar\/%77%70%2d%63%6f%6e%74%65%6e%74\/uploads\/2013\/04\/Islas.jpg_869080375-300x225.jpg","contentUrl":"http:\/\/www.isletasnoticias.com.ar\/%77%70%2d%63%6f%6e%74%65%6e%74\/uploads\/2013\/04\/Islas.jpg_869080375-300x225.jpg"},{"@type":"BreadcrumbList","@id":"https:\/\/informelitoral.com.ar\/sancionaran-a-los-responsables-de-las-quemas-en-las-islas-entrerrianas\/#breadcrumb","itemListElement":[{"@type":"ListItem","position":1,"name":"Portada","item":"https:\/\/informelitoral.com.ar\/"},{"@type":"ListItem","position":2,"name":"Sancionar\u00e1n a los responsables de las quemas en las islas entrerrianas"}]},{"@type":"WebSite","@id":"https:\/\/informelitoral.com.ar\/#website","url":"https:\/\/informelitoral.com.ar\/","name":"Informe Litoral","description":"&quot;Nos informamos&quot; ","publisher":{"@id":"https:\/\/informelitoral.com.ar\/#organization"},"potentialAction":[{"@type":"SearchAction","target":{"@type":"EntryPoint","urlTemplate":"https:\/\/informelitoral.com.ar\/?s={search_term_string}"},"query-input":{"@type":"PropertyValueSpecification","valueRequired":true,"valueName":"search_term_string"}}],"inLanguage":"es"},{"@type":"Organization","@id":"https:\/\/informelitoral.com.ar\/#organization","name":"Informe Litoral","url":"https:\/\/informelitoral.com.ar\/","logo":{"@type":"ImageObject","inLanguage":"es","@id":"https:\/\/informelitoral.com.ar\/#\/schema\/logo\/image\/","url":"https:\/\/informelitoral.com.ar\/%77%70%2d%63%6f%6e%74%65%6e%74\/uploads\/2021\/01\/circulo.png","contentUrl":"https:\/\/informelitoral.com.ar\/%77%70%2d%63%6f%6e%74%65%6e%74\/uploads\/2021\/01\/circulo.png","width":723,"height":731,"caption":"Informe Litoral"},"image":{"@id":"https:\/\/informelitoral.com.ar\/#\/schema\/logo\/image\/"},"sameAs":["https:\/\/www.facebook.com\/informelitoral\/","https:\/\/x.com\/InformeLitoral","https:\/\/www.instagram.com\/informelitoral\/","https:\/\/www.youtube.com\/channel\/UCua4Qvz8Icb6MYqhoq9xLXw"]},{"@type":"Person","@id":"https:\/\/informelitoral.com.ar\/#\/schema\/person\/b9d00407c836482871ef1d57bf8e3180","name":"Gonzalo Schmidt","image":{"@type":"ImageObject","inLanguage":"es","@id":"https:\/\/secure.gravatar.com\/avatar\/31a1a7b66ff2de83bd0e9fd79d026630d2d99e55e8bfe501287647b4fd9743de?s=96&d=mm&r=g","url":"https:\/\/secure.gravatar.com\/avatar\/31a1a7b66ff2de83bd0e9fd79d026630d2d99e55e8bfe501287647b4fd9743de?s=96&d=mm&r=g","contentUrl":"https:\/\/secure.gravatar.com\/avatar\/31a1a7b66ff2de83bd0e9fd79d026630d2d99e55e8bfe501287647b4fd9743de?s=96&d=mm&r=g","caption":"Gonzalo Schmidt"},"description":"Sitio web de noticias de la provincia de Entre R\u00edos, Argentina. Informaci\u00f3n y entretenimiento. Informe Litoral, nos informamos.","sameAs":["http:\/\/www.isletasnoticias.com.ar"],"url":"https:\/\/informelitoral.com.ar\/author\/gonzalo\/"}]}},"_links":{"self":[{"href":"https:\/\/informelitoral.com.ar\/%77%70%2d%6a%73%6f%6e\/wp\/v2\/posts\/950","targetHints":{"allow":["GET"]}}],"collection":[{"href":"https:\/\/informelitoral.com.ar\/%77%70%2d%6a%73%6f%6e\/wp\/v2\/posts"}],"about":[{"href":"https:\/\/informelitoral.com.ar\/%77%70%2d%6a%73%6f%6e\/wp\/v2\/types\/post"}],"author":[{"embeddable":true,"href":"https:\/\/informelitoral.com.ar\/%77%70%2d%6a%73%6f%6e\/wp\/v2\/users\/2"}],"replies":[{"embeddable":true,"href":"https:\/\/informelitoral.com.ar\/%77%70%2d%6a%73%6f%6e\/wp\/v2\/comments?post=950"}],"version-history":[{"count":0,"href":"https:\/\/informelitoral.com.ar\/%77%70%2d%6a%73%6f%6e\/wp\/v2\/posts\/950\/revisions"}],"wp:attachment":[{"href":"https:\/\/informelitoral.com.ar\/%77%70%2d%6a%73%6f%6e\/wp\/v2\/media?parent=950"}],"wp:term":[{"taxonomy":"category","embeddable":true,"href":"https:\/\/informelitoral.com.ar\/%77%70%2d%6a%73%6f%6e\/wp\/v2\/categories?post=950"},{"taxonomy":"post_tag","embeddable":true,"href":"https:\/\/informelitoral.com.ar\/%77%70%2d%6a%73%6f%6e\/wp\/v2\/tags?post=950"}],"curies":[{"name":"wp","href":"https:\/\/api.w.org\/{rel}","templated":true}]}}