{"id":94967,"date":"2022-11-18T10:34:49","date_gmt":"2022-11-18T13:34:49","guid":{"rendered":"https:\/\/www.informelitoral.com.ar\/?p=94967"},"modified":"2022-11-18T10:45:53","modified_gmt":"2022-11-18T13:45:53","slug":"se-realizo-un-encuentro-de-trabajo-e-intercambio-sectorial-sobre-cambio-climatico","status":"publish","type":"post","link":"https:\/\/informelitoral.com.ar\/se-realizo-un-encuentro-de-trabajo-e-intercambio-sectorial-sobre-cambio-climatico\/","title":{"rendered":"Se realiz\u00f3 un encuentro de trabajo e intercambio sectorial sobre cambio clim\u00e1tico"},"content":{"rendered":"<p>En la capital provincial, la Secretar\u00eda de Ambiente convoc\u00f3 a una mesa de trabajo sobre cambio clim\u00e1tico con organismos provinciales relevantes en la materia.<\/p>\n<p>En la oportunidad, la secretaria de Ambiente, Daniela Garc\u00eda, dijo que la jornada de trabajo tuvo por objetivo \u201ctrabajar en todos los aspectos que hacen al cambio clim\u00e1tico, con la mirada puesta en mejorar la presencia energ\u00e9tica, las emisiones, el tratamiento de efluentes. Si bien la Secretar\u00eda de Ambiente no tiene un \u00e1rea espec\u00edfica conformada como tal de cambio clim\u00e1tico, s\u00ed tenemos gente especializada en el tema y formamos parte de este proyecto binacional\u201d.<\/p>\n<p>El encuentro nos sirvi\u00f3 para que cada uno cuente en qu\u00e9 estamos trabajando y empezar a armar una agenda de trabajo com\u00fan bajo el paraguas del cambio clim\u00e1tico\u201d.<\/p>\n<p>Por su parte, la subsecretaria de Ambiente, Valeria Gonz\u00e1lez Wetzel, expres\u00f3 que \u201ces una instancia muy importante. El objetivo principal que perseguimos es generar estrategias colaborativas, generar alianzas\u201d.<\/p>\n<p>\u201cTodos los ciudadanos estamos impactados por el cambio clim\u00e1tico pero nosotros tenemos las responsabilidades particulares dentro de las distintas \u00e1reas de trabajo, donde nos va a estar tocando fuertemente este tema. El objetivo es empezar a incorporar la perspectiva de cambio clim\u00e1tico en nuestras \u00e1reas de trabajo paulatinamente, con toda la informaci\u00f3n y sobre todo trabajando en red. Necesitamos esa mirada integral e inclusiva\u201d, afirm\u00f3.<\/p>\n<p>De la jornada de trabajo que se realiz\u00f3 en la Sala Antequeda estuvieron presentes tambi\u00e9n el secretario de Agricultura y Ganader\u00eda, Lucio Amavet; la coordinadora regional del proyecto de Adaptaci\u00f3n al Cambio Clim\u00e1tico, Myrna Campoleoni; los directores de Defensa Civil, Lautaro L\u00f3pez; de Hidr\u00e1ulica, Cristian Gietz; y la directora General de Planificaci\u00f3n, Liliana Lukaush; el coordinador de Energ\u00edas Renovables de la Secretar\u00eda de Energ\u00eda, Germ\u00e1n Rearte; y representantes del Programa de Educaci\u00f3n Ambiental del CGE; de la Direcci\u00f3n de Planificaci\u00f3n; del Observatorio de G\u00e9nero y Derechos Humanos; y del Proyecto binacional ACC.<\/p>\n","protected":false},"excerpt":{"rendered":"<p>Se llev\u00f3 a cabo en Paran\u00e1 una instancia de trabajo, intercambio y presentaci\u00f3n sobre cambio clim\u00e1tico con representantes de organismos provinciales y referentes de Argentina y Uruguay del proyecto de Adaptaci\u00f3n al Cambio Clim\u00e1tico.<\/p>\n","protected":false},"author":8,"featured_media":94988,"comment_status":"open","ping_status":"open","sticky":false,"template":"","format":"standard","meta":{"fifu_image_url":"","fifu_image_alt":"","footnotes":""},"categories":[6],"tags":[],"class_list":{"0":"post-94967","1":"post","2":"type-post","3":"status-publish","4":"format-standard","5":"has-post-thumbnail","7":"category-entre-rios"},"yoast_head":"<title>Se realiz\u00f3 un encuentro de trabajo e intercambio sectorial sobre cambio clim\u00e1tico - Informe Litoral<\/title>\n<meta name=\"robots\" content=\"index, follow, max-snippet:-1, max-image-preview:large, max-video-preview:-1\" \/>\n<link rel=\"canonical\" href=\"https:\/\/informelitoral.com.ar\/se-realizo-un-encuentro-de-trabajo-e-intercambio-sectorial-sobre-cambio-climatico\/\" \/>\n<meta property=\"og:locale\" content=\"es_ES\" \/>\n<meta property=\"og:type\" content=\"article\" \/>\n<meta property=\"og:title\" content=\"Se realiz\u00f3 un encuentro de trabajo e intercambio sectorial sobre cambio clim\u00e1tico - Informe Litoral\" \/>\n<meta property=\"og:description\" content=\"Se llev\u00f3 a cabo en Paran\u00e1 una instancia de trabajo, intercambio y presentaci\u00f3n sobre cambio clim\u00e1tico con representantes de organismos provinciales y referentes de Argentina y Uruguay del proyecto de Adaptaci\u00f3n al Cambio Clim\u00e1tico.\" \/>\n<meta property=\"og:url\" content=\"https:\/\/informelitoral.com.ar\/se-realizo-un-encuentro-de-trabajo-e-intercambio-sectorial-sobre-cambio-climatico\/\" \/>\n<meta property=\"og:site_name\" content=\"Informe Litoral\" \/>\n<meta property=\"article:publisher\" content=\"https:\/\/www.facebook.com\/informelitoral\/\" \/>\n<meta property=\"article:published_time\" content=\"2022-11-18T13:34:49+00:00\" \/>\n<meta property=\"article:modified_time\" content=\"2022-11-18T13:45:53+00:00\" \/>\n<meta property=\"og:image\" content=\"https:\/\/informelitoral.com.ar\/%77%70%2d%63%6f%6e%74%65%6e%74\/uploads\/2022\/11\/p_1668773266.jpg\" \/>\n\t<meta property=\"og:image:width\" content=\"1920\" \/>\n\t<meta property=\"og:image:height\" content=\"800\" \/>\n\t<meta property=\"og:image:type\" content=\"image\/jpeg\" \/>\n<meta name=\"author\" content=\"Sebastian\" \/>\n<meta name=\"twitter:card\" content=\"summary_large_image\" \/>\n<meta name=\"twitter:creator\" content=\"@InformeLitoral\" \/>\n<meta name=\"twitter:site\" content=\"@InformeLitoral\" \/>\n<meta name=\"twitter:label1\" content=\"Escrito por\" \/>\n\t<meta name=\"twitter:data1\" content=\"Sebastian\" \/>\n\t<meta name=\"twitter:label2\" content=\"Tiempo de lectura\" \/>\n\t<meta name=\"twitter:data2\" content=\"2 minutos\" \/>\n<script type=\"application\/ld+json\" class=\"yoast-schema-graph\">{\"@context\":\"https:\\\/\\\/schema.org\",\"@graph\":[{\"@type\":\"Article\",\"@id\":\"https:\\\/\\\/informelitoral.com.ar\\\/se-realizo-un-encuentro-de-trabajo-e-intercambio-sectorial-sobre-cambio-climatico\\\/#article\",\"isPartOf\":{\"@id\":\"https:\\\/\\\/informelitoral.com.ar\\\/se-realizo-un-encuentro-de-trabajo-e-intercambio-sectorial-sobre-cambio-climatico\\\/\"},\"author\":{\"name\":\"Sebastian\",\"@id\":\"https:\\\/\\\/informelitoral.com.ar\\\/#\\\/schema\\\/person\\\/f05f9f461677119578717524b127d6d5\"},\"headline\":\"Se realiz\u00f3 un encuentro de trabajo e intercambio sectorial sobre cambio clim\u00e1tico\",\"datePublished\":\"2022-11-18T13:34:49+00:00\",\"dateModified\":\"2022-11-18T13:45:53+00:00\",\"mainEntityOfPage\":{\"@id\":\"https:\\\/\\\/informelitoral.com.ar\\\/se-realizo-un-encuentro-de-trabajo-e-intercambio-sectorial-sobre-cambio-climatico\\\/\"},\"wordCount\":353,\"commentCount\":0,\"publisher\":{\"@id\":\"https:\\\/\\\/informelitoral.com.ar\\\/#organization\"},\"image\":{\"@id\":\"https:\\\/\\\/informelitoral.com.ar\\\/se-realizo-un-encuentro-de-trabajo-e-intercambio-sectorial-sobre-cambio-climatico\\\/#primaryimage\"},\"thumbnailUrl\":\"https:\\\/\\\/informelitoral.com.ar\\\/%77%70%2d%63%6f%6e%74%65%6e%74\\\/uploads\\\/2022\\\/11\\\/p_1668773266.jpg\",\"articleSection\":[\"Entre R\u00edos\"],\"inLanguage\":\"es\",\"potentialAction\":[{\"@type\":\"CommentAction\",\"name\":\"Comment\",\"target\":[\"https:\\\/\\\/informelitoral.com.ar\\\/se-realizo-un-encuentro-de-trabajo-e-intercambio-sectorial-sobre-cambio-climatico\\\/#respond\"]}]},{\"@type\":\"WebPage\",\"@id\":\"https:\\\/\\\/informelitoral.com.ar\\\/se-realizo-un-encuentro-de-trabajo-e-intercambio-sectorial-sobre-cambio-climatico\\\/\",\"url\":\"https:\\\/\\\/informelitoral.com.ar\\\/se-realizo-un-encuentro-de-trabajo-e-intercambio-sectorial-sobre-cambio-climatico\\\/\",\"name\":\"Se realiz\u00f3 un encuentro de trabajo e intercambio sectorial sobre cambio clim\u00e1tico - Informe Litoral\",\"isPartOf\":{\"@id\":\"https:\\\/\\\/informelitoral.com.ar\\\/#website\"},\"primaryImageOfPage\":{\"@id\":\"https:\\\/\\\/informelitoral.com.ar\\\/se-realizo-un-encuentro-de-trabajo-e-intercambio-sectorial-sobre-cambio-climatico\\\/#primaryimage\"},\"image\":{\"@id\":\"https:\\\/\\\/informelitoral.com.ar\\\/se-realizo-un-encuentro-de-trabajo-e-intercambio-sectorial-sobre-cambio-climatico\\\/#primaryimage\"},\"thumbnailUrl\":\"https:\\\/\\\/informelitoral.com.ar\\\/%77%70%2d%63%6f%6e%74%65%6e%74\\\/uploads\\\/2022\\\/11\\\/p_1668773266.jpg\",\"datePublished\":\"2022-11-18T13:34:49+00:00\",\"dateModified\":\"2022-11-18T13:45:53+00:00\",\"breadcrumb\":{\"@id\":\"https:\\\/\\\/informelitoral.com.ar\\\/se-realizo-un-encuentro-de-trabajo-e-intercambio-sectorial-sobre-cambio-climatico\\\/#breadcrumb\"},\"inLanguage\":\"es\",\"potentialAction\":[{\"@type\":\"ReadAction\",\"target\":[\"https:\\\/\\\/informelitoral.com.ar\\\/se-realizo-un-encuentro-de-trabajo-e-intercambio-sectorial-sobre-cambio-climatico\\\/\"]}]},{\"@type\":\"ImageObject\",\"inLanguage\":\"es\",\"@id\":\"https:\\\/\\\/informelitoral.com.ar\\\/se-realizo-un-encuentro-de-trabajo-e-intercambio-sectorial-sobre-cambio-climatico\\\/#primaryimage\",\"url\":\"https:\\\/\\\/informelitoral.com.ar\\\/%77%70%2d%63%6f%6e%74%65%6e%74\\\/uploads\\\/2022\\\/11\\\/p_1668773266.jpg\",\"contentUrl\":\"https:\\\/\\\/informelitoral.com.ar\\\/%77%70%2d%63%6f%6e%74%65%6e%74\\\/uploads\\\/2022\\\/11\\\/p_1668773266.jpg\",\"width\":1920,\"height\":800},{\"@type\":\"BreadcrumbList\",\"@id\":\"https:\\\/\\\/informelitoral.com.ar\\\/se-realizo-un-encuentro-de-trabajo-e-intercambio-sectorial-sobre-cambio-climatico\\\/#breadcrumb\",\"itemListElement\":[{\"@type\":\"ListItem\",\"position\":1,\"name\":\"Portada\",\"item\":\"https:\\\/\\\/informelitoral.com.ar\\\/\"},{\"@type\":\"ListItem\",\"position\":2,\"name\":\"Se realiz\u00f3 un encuentro de trabajo e intercambio sectorial sobre cambio clim\u00e1tico\"}]},{\"@type\":\"WebSite\",\"@id\":\"https:\\\/\\\/informelitoral.com.ar\\\/#website\",\"url\":\"https:\\\/\\\/informelitoral.com.ar\\\/\",\"name\":\"Informe Litoral\",\"description\":\"&quot;Nos informamos&quot; \",\"publisher\":{\"@id\":\"https:\\\/\\\/informelitoral.com.ar\\\/#organization\"},\"potentialAction\":[{\"@type\":\"SearchAction\",\"target\":{\"@type\":\"EntryPoint\",\"urlTemplate\":\"https:\\\/\\\/informelitoral.com.ar\\\/?s={search_term_string}\"},\"query-input\":{\"@type\":\"PropertyValueSpecification\",\"valueRequired\":true,\"valueName\":\"search_term_string\"}}],\"inLanguage\":\"es\"},{\"@type\":\"Organization\",\"@id\":\"https:\\\/\\\/informelitoral.com.ar\\\/#organization\",\"name\":\"Informe Litoral\",\"url\":\"https:\\\/\\\/informelitoral.com.ar\\\/\",\"logo\":{\"@type\":\"ImageObject\",\"inLanguage\":\"es\",\"@id\":\"https:\\\/\\\/informelitoral.com.ar\\\/#\\\/schema\\\/logo\\\/image\\\/\",\"url\":\"https:\\\/\\\/informelitoral.com.ar\\\/%77%70%2d%63%6f%6e%74%65%6e%74\\\/uploads\\\/2021\\\/01\\\/circulo.png\",\"contentUrl\":\"https:\\\/\\\/informelitoral.com.ar\\\/%77%70%2d%63%6f%6e%74%65%6e%74\\\/uploads\\\/2021\\\/01\\\/circulo.png\",\"width\":723,\"height\":731,\"caption\":\"Informe Litoral\"},\"image\":{\"@id\":\"https:\\\/\\\/informelitoral.com.ar\\\/#\\\/schema\\\/logo\\\/image\\\/\"},\"sameAs\":[\"https:\\\/\\\/www.facebook.com\\\/informelitoral\\\/\",\"https:\\\/\\\/x.com\\\/InformeLitoral\",\"https:\\\/\\\/www.instagram.com\\\/informelitoral\\\/\",\"https:\\\/\\\/www.youtube.com\\\/channel\\\/UCua4Qvz8Icb6MYqhoq9xLXw\"]},{\"@type\":\"Person\",\"@id\":\"https:\\\/\\\/informelitoral.com.ar\\\/#\\\/schema\\\/person\\\/f05f9f461677119578717524b127d6d5\",\"name\":\"Sebastian\",\"image\":{\"@type\":\"ImageObject\",\"inLanguage\":\"es\",\"@id\":\"https:\\\/\\\/secure.gravatar.com\\\/avatar\\\/b71bf7481d447dfb9583c7f2798e7cc64de6efb9067b74633ed8c31059a3bd82?s=96&d=mm&r=g\",\"url\":\"https:\\\/\\\/secure.gravatar.com\\\/avatar\\\/b71bf7481d447dfb9583c7f2798e7cc64de6efb9067b74633ed8c31059a3bd82?s=96&d=mm&r=g\",\"contentUrl\":\"https:\\\/\\\/secure.gravatar.com\\\/avatar\\\/b71bf7481d447dfb9583c7f2798e7cc64de6efb9067b74633ed8c31059a3bd82?s=96&d=mm&r=g\",\"caption\":\"Sebastian\"},\"url\":\"https:\\\/\\\/informelitoral.com.ar\\\/author\\\/sebastian\\\/\"}]}<\/script>","yoast_head_json":{"title":"Se realiz\u00f3 un encuentro de trabajo e intercambio sectorial sobre cambio clim\u00e1tico - Informe Litoral","robots":{"index":"index","follow":"follow","max-snippet":"max-snippet:-1","max-image-preview":"max-image-preview:large","max-video-preview":"max-video-preview:-1"},"canonical":"https:\/\/informelitoral.com.ar\/se-realizo-un-encuentro-de-trabajo-e-intercambio-sectorial-sobre-cambio-climatico\/","og_locale":"es_ES","og_type":"article","og_title":"Se realiz\u00f3 un encuentro de trabajo e intercambio sectorial sobre cambio clim\u00e1tico - Informe Litoral","og_description":"Se llev\u00f3 a cabo en Paran\u00e1 una instancia de trabajo, intercambio y presentaci\u00f3n sobre cambio clim\u00e1tico con representantes de organismos provinciales y referentes de Argentina y Uruguay del proyecto de Adaptaci\u00f3n al Cambio Clim\u00e1tico.","og_url":"https:\/\/informelitoral.com.ar\/se-realizo-un-encuentro-de-trabajo-e-intercambio-sectorial-sobre-cambio-climatico\/","og_site_name":"Informe Litoral","article_publisher":"https:\/\/www.facebook.com\/informelitoral\/","article_published_time":"2022-11-18T13:34:49+00:00","article_modified_time":"2022-11-18T13:45:53+00:00","og_image":[{"width":1920,"height":800,"url":"https:\/\/informelitoral.com.ar\/%77%70%2d%63%6f%6e%74%65%6e%74\/uploads\/2022\/11\/p_1668773266.jpg","type":"image\/jpeg"}],"author":"Sebastian","twitter_card":"summary_large_image","twitter_creator":"@InformeLitoral","twitter_site":"@InformeLitoral","twitter_misc":{"Escrito por":"Sebastian","Tiempo de lectura":"2 minutos"},"schema":{"@context":"https:\/\/schema.org","@graph":[{"@type":"Article","@id":"https:\/\/informelitoral.com.ar\/se-realizo-un-encuentro-de-trabajo-e-intercambio-sectorial-sobre-cambio-climatico\/#article","isPartOf":{"@id":"https:\/\/informelitoral.com.ar\/se-realizo-un-encuentro-de-trabajo-e-intercambio-sectorial-sobre-cambio-climatico\/"},"author":{"name":"Sebastian","@id":"https:\/\/informelitoral.com.ar\/#\/schema\/person\/f05f9f461677119578717524b127d6d5"},"headline":"Se realiz\u00f3 un encuentro de trabajo e intercambio sectorial sobre cambio clim\u00e1tico","datePublished":"2022-11-18T13:34:49+00:00","dateModified":"2022-11-18T13:45:53+00:00","mainEntityOfPage":{"@id":"https:\/\/informelitoral.com.ar\/se-realizo-un-encuentro-de-trabajo-e-intercambio-sectorial-sobre-cambio-climatico\/"},"wordCount":353,"commentCount":0,"publisher":{"@id":"https:\/\/informelitoral.com.ar\/#organization"},"image":{"@id":"https:\/\/informelitoral.com.ar\/se-realizo-un-encuentro-de-trabajo-e-intercambio-sectorial-sobre-cambio-climatico\/#primaryimage"},"thumbnailUrl":"https:\/\/informelitoral.com.ar\/%77%70%2d%63%6f%6e%74%65%6e%74\/uploads\/2022\/11\/p_1668773266.jpg","articleSection":["Entre R\u00edos"],"inLanguage":"es","potentialAction":[{"@type":"CommentAction","name":"Comment","target":["https:\/\/informelitoral.com.ar\/se-realizo-un-encuentro-de-trabajo-e-intercambio-sectorial-sobre-cambio-climatico\/#respond"]}]},{"@type":"WebPage","@id":"https:\/\/informelitoral.com.ar\/se-realizo-un-encuentro-de-trabajo-e-intercambio-sectorial-sobre-cambio-climatico\/","url":"https:\/\/informelitoral.com.ar\/se-realizo-un-encuentro-de-trabajo-e-intercambio-sectorial-sobre-cambio-climatico\/","name":"Se realiz\u00f3 un encuentro de trabajo e intercambio sectorial sobre cambio clim\u00e1tico - Informe Litoral","isPartOf":{"@id":"https:\/\/informelitoral.com.ar\/#website"},"primaryImageOfPage":{"@id":"https:\/\/informelitoral.com.ar\/se-realizo-un-encuentro-de-trabajo-e-intercambio-sectorial-sobre-cambio-climatico\/#primaryimage"},"image":{"@id":"https:\/\/informelitoral.com.ar\/se-realizo-un-encuentro-de-trabajo-e-intercambio-sectorial-sobre-cambio-climatico\/#primaryimage"},"thumbnailUrl":"https:\/\/informelitoral.com.ar\/%77%70%2d%63%6f%6e%74%65%6e%74\/uploads\/2022\/11\/p_1668773266.jpg","datePublished":"2022-11-18T13:34:49+00:00","dateModified":"2022-11-18T13:45:53+00:00","breadcrumb":{"@id":"https:\/\/informelitoral.com.ar\/se-realizo-un-encuentro-de-trabajo-e-intercambio-sectorial-sobre-cambio-climatico\/#breadcrumb"},"inLanguage":"es","potentialAction":[{"@type":"ReadAction","target":["https:\/\/informelitoral.com.ar\/se-realizo-un-encuentro-de-trabajo-e-intercambio-sectorial-sobre-cambio-climatico\/"]}]},{"@type":"ImageObject","inLanguage":"es","@id":"https:\/\/informelitoral.com.ar\/se-realizo-un-encuentro-de-trabajo-e-intercambio-sectorial-sobre-cambio-climatico\/#primaryimage","url":"https:\/\/informelitoral.com.ar\/%77%70%2d%63%6f%6e%74%65%6e%74\/uploads\/2022\/11\/p_1668773266.jpg","contentUrl":"https:\/\/informelitoral.com.ar\/%77%70%2d%63%6f%6e%74%65%6e%74\/uploads\/2022\/11\/p_1668773266.jpg","width":1920,"height":800},{"@type":"BreadcrumbList","@id":"https:\/\/informelitoral.com.ar\/se-realizo-un-encuentro-de-trabajo-e-intercambio-sectorial-sobre-cambio-climatico\/#breadcrumb","itemListElement":[{"@type":"ListItem","position":1,"name":"Portada","item":"https:\/\/informelitoral.com.ar\/"},{"@type":"ListItem","position":2,"name":"Se realiz\u00f3 un encuentro de trabajo e intercambio sectorial sobre cambio clim\u00e1tico"}]},{"@type":"WebSite","@id":"https:\/\/informelitoral.com.ar\/#website","url":"https:\/\/informelitoral.com.ar\/","name":"Informe Litoral","description":"&quot;Nos informamos&quot; ","publisher":{"@id":"https:\/\/informelitoral.com.ar\/#organization"},"potentialAction":[{"@type":"SearchAction","target":{"@type":"EntryPoint","urlTemplate":"https:\/\/informelitoral.com.ar\/?s={search_term_string}"},"query-input":{"@type":"PropertyValueSpecification","valueRequired":true,"valueName":"search_term_string"}}],"inLanguage":"es"},{"@type":"Organization","@id":"https:\/\/informelitoral.com.ar\/#organization","name":"Informe Litoral","url":"https:\/\/informelitoral.com.ar\/","logo":{"@type":"ImageObject","inLanguage":"es","@id":"https:\/\/informelitoral.com.ar\/#\/schema\/logo\/image\/","url":"https:\/\/informelitoral.com.ar\/%77%70%2d%63%6f%6e%74%65%6e%74\/uploads\/2021\/01\/circulo.png","contentUrl":"https:\/\/informelitoral.com.ar\/%77%70%2d%63%6f%6e%74%65%6e%74\/uploads\/2021\/01\/circulo.png","width":723,"height":731,"caption":"Informe Litoral"},"image":{"@id":"https:\/\/informelitoral.com.ar\/#\/schema\/logo\/image\/"},"sameAs":["https:\/\/www.facebook.com\/informelitoral\/","https:\/\/x.com\/InformeLitoral","https:\/\/www.instagram.com\/informelitoral\/","https:\/\/www.youtube.com\/channel\/UCua4Qvz8Icb6MYqhoq9xLXw"]},{"@type":"Person","@id":"https:\/\/informelitoral.com.ar\/#\/schema\/person\/f05f9f461677119578717524b127d6d5","name":"Sebastian","image":{"@type":"ImageObject","inLanguage":"es","@id":"https:\/\/secure.gravatar.com\/avatar\/b71bf7481d447dfb9583c7f2798e7cc64de6efb9067b74633ed8c31059a3bd82?s=96&d=mm&r=g","url":"https:\/\/secure.gravatar.com\/avatar\/b71bf7481d447dfb9583c7f2798e7cc64de6efb9067b74633ed8c31059a3bd82?s=96&d=mm&r=g","contentUrl":"https:\/\/secure.gravatar.com\/avatar\/b71bf7481d447dfb9583c7f2798e7cc64de6efb9067b74633ed8c31059a3bd82?s=96&d=mm&r=g","caption":"Sebastian"},"url":"https:\/\/informelitoral.com.ar\/author\/sebastian\/"}]}},"_links":{"self":[{"href":"https:\/\/informelitoral.com.ar\/%77%70%2d%6a%73%6f%6e\/wp\/v2\/posts\/94967","targetHints":{"allow":["GET"]}}],"collection":[{"href":"https:\/\/informelitoral.com.ar\/%77%70%2d%6a%73%6f%6e\/wp\/v2\/posts"}],"about":[{"href":"https:\/\/informelitoral.com.ar\/%77%70%2d%6a%73%6f%6e\/wp\/v2\/types\/post"}],"author":[{"embeddable":true,"href":"https:\/\/informelitoral.com.ar\/%77%70%2d%6a%73%6f%6e\/wp\/v2\/users\/8"}],"replies":[{"embeddable":true,"href":"https:\/\/informelitoral.com.ar\/%77%70%2d%6a%73%6f%6e\/wp\/v2\/comments?post=94967"}],"version-history":[{"count":0,"href":"https:\/\/informelitoral.com.ar\/%77%70%2d%6a%73%6f%6e\/wp\/v2\/posts\/94967\/revisions"}],"wp:featuredmedia":[{"embeddable":true,"href":"https:\/\/informelitoral.com.ar\/%77%70%2d%6a%73%6f%6e\/wp\/v2\/media\/94988"}],"wp:attachment":[{"href":"https:\/\/informelitoral.com.ar\/%77%70%2d%6a%73%6f%6e\/wp\/v2\/media?parent=94967"}],"wp:term":[{"taxonomy":"category","embeddable":true,"href":"https:\/\/informelitoral.com.ar\/%77%70%2d%6a%73%6f%6e\/wp\/v2\/categories?post=94967"},{"taxonomy":"post_tag","embeddable":true,"href":"https:\/\/informelitoral.com.ar\/%77%70%2d%6a%73%6f%6e\/wp\/v2\/tags?post=94967"}],"curies":[{"name":"wp","href":"https:\/\/api.w.org\/{rel}","templated":true}]}}