{"id":9496,"date":"2015-01-07T13:58:06","date_gmt":"2015-01-07T16:58:06","guid":{"rendered":"http:\/\/www.isletasnoticias.com.ar\/?p=9496"},"modified":"2015-01-07T14:06:07","modified_gmt":"2015-01-07T17:06:07","slug":"urribarri-mido-mas-que-lo-que-media-nestor-cuando-faltaba-lo-mismo-que-ahora","status":"publish","type":"post","link":"https:\/\/informelitoral.com.ar\/urribarri-mido-mas-que-lo-que-media-nestor-cuando-faltaba-lo-mismo-que-ahora\/","title":{"rendered":"Urribarri: \u00abmido m\u00e1s que lo que media N\u00e9stor cuando faltaba lo mismo que ahora\u00bb"},"content":{"rendered":"<p><strong>El gobernador entrerriano asegur\u00f3 que estar\u00eda dispuesto a ir como candidato a vicepresidente de algunos referentes del oficialismo, pero no de Scioli a quien volvi\u00f3 a cuestionar. Conf\u00eda en revertir la desventaja en los sondeos.<a href=\"http:\/\/www.isletasnoticias.com.ar\/%77%70%2d%63%6f%6e%74%65%6e%74\/uploads\/2015\/01\/e_1420623559.jpg\"><img loading=\"lazy\" decoding=\"async\" class=\"aligncenter size-medium wp-image-9497\" src=\"http:\/\/www.isletasnoticias.com.ar\/%77%70%2d%63%6f%6e%74%65%6e%74\/uploads\/2015\/01\/e_1420623559-300x225.jpg\" alt=\"e_1420623559\" width=\"300\" height=\"225\" srcset=\"https:\/\/informelitoral.com.ar\/%77%70%2d%63%6f%6e%74%65%6e%74\/uploads\/2015\/01\/e_1420623559-300x225.jpg 300w, https:\/\/informelitoral.com.ar\/%77%70%2d%63%6f%6e%74%65%6e%74\/uploads\/2015\/01\/e_1420623559.jpg 432w\" sizes=\"auto, (max-width: 300px) 100vw, 300px\" \/><\/a><\/strong><\/p>\n<div class=\"noticia-texto\">Para los primeros d\u00edas de 2015 <strong>Sergio Urribarri<\/strong> se fij\u00f3 el objetivo de constituirse en la contracara de <strong>Daniel Scioli<\/strong>. Con esa meta, el gobernador de Entre R\u00edos instal\u00f3 un parador de su provincia en las playas del norte de esta ciudad. Con palmeras que recrean el ambiente mesopot\u00e1mico, el lugar se distingue por otro detalle. \u00abAc\u00e1 exprimimos la naranja\u00bb, se anuncia en un puesto en el que se regala jugo de naranja exprimido, detalla en una nota el diario <em>La Naci\u00f3n,<\/em> seg\u00fan reproduce Elonce.<\/div>\n<div class=\"noticia-texto\"><\/div>\n<div class=\"noticia-texto\">En el interior de un tr\u00e1iler que lo protege del sol, Urribarri redobla su ofensiva contra el gobernador bonaerense. \u00abDaniel no har\u00eda nada contra Clar\u00edn\u00bb, dice, tras afirmar que si Scioli llegara a la presidencia dar\u00eda marcha atr\u00e1s con la ley de medios.<\/div>\n<div class=\"noticia-texto\">\n<p><strong>-Dijo que Scioli \u00abes un riesgo de volver atr\u00e1s\u00bb. \u00bfEn qu\u00e9 concretamente?<\/strong><\/p>\n<p>-\u00c9l ha definido como estrategia agradar a todo el mundo y en los a\u00f1os que vienen, para cuidar los logros y profundizarlos, hay que tomar decisiones que van a tocar intereses.<\/p>\n<p><strong>-\u00bfUsted tiene lo que le falta a Scioli?<\/strong><br \/>\n-Por supuesto. <span style=\"text-decoration: underline;\">Entre R\u00edos es la mejor expresi\u00f3n de las pol\u00edticas p\u00fablicas de estos a\u00f1os.<\/span> Sin tener petr\u00f3leo ni miner\u00eda es la provincia que m\u00e1s creci\u00f3, triplic\u00f3 las exportaciones y aument\u00f3 un 54% la matr\u00edcula estudiantil.<\/p>\n<p><strong>-\u00bfScioli puede volver atr\u00e1s con la Ley de Medios?<\/strong><br \/>\n-S\u00ed. Daniel no har\u00eda nada contra Clar\u00edn.<\/p>\n<p><strong>-\u00bfY en el tema de los fondos buitre?<\/strong><br \/>\n-Hubiera seguido el consejo de los que dec\u00edan que hab\u00eda que pagar.<\/p>\n<p><strong>-Pero si Scioli es todo eso, \u00bfpor qu\u00e9 el kirchnerismo lo propuso dos veces para gobernar la provincia m\u00e1s importante del pa\u00eds?<\/strong><br \/>\n-Era un buen elector. Pero lo que se va a disputar ahora es qui\u00e9n conduce institucionalmente el pa\u00eds.<\/p>\n<p><strong>-\u00bfY ahora no es lo mismo?<\/strong><br \/>\n-No. Es imposible decir hoy que despu\u00e9s de Cristina hay un elector imprescindible.<\/p>\n<p><strong>-Imagine que Cristina tiene los nombres de todos los precandidatos del oficialismo en una libreta y va anotando los pros y los contras de cada uno. A favor de Urribarri: Entre R\u00edos es la provincia que m\u00e1s creci\u00f3. \u00bfA Miguel Galuccio se lo anotamos como poroto tambi\u00e9n?<\/strong><br \/>\n-S\u00ed, por qu\u00e9 no. La decisi\u00f3n la tom\u00f3 la Presidenta. Pero la iniciativa de ir a Inglaterra a hablar con Miguel el 28 de diciembre de 2011 y contarle qu\u00e9 es lo que uno intu\u00eda que iba a pasar con YPF fue m\u00eda.<\/p>\n<p><strong>-Veamos la columna de los contras. En un escenario similar al que enfrenta hoy Cristina, en 2007 Jorge Busti lo eligi\u00f3 a usted como sucesor de su proyecto en Entre R\u00edos y a los dos a\u00f1os ya se hab\u00edan peleado. \u00bfEs confiable?<\/strong><br \/>\n-\u00a1S\u00ed, ciento por ciento! En 2008 [por el conflicto con el campo] cambi\u00f3 la historia del pa\u00eds. Busti se qued\u00f3 del lado de los que a\u00f1oran el pa\u00eds para pocos y nosotros nos quedamos en este otro lado.<\/p>\n<p><strong>-Otra contra es que Urribarri no mide.<\/strong><br \/>\n&#8211;<span style=\"text-decoration: underline;\">Mido m\u00e1s que lo que media N\u00e9stor cuando faltaba lo mismo que ahora<\/span>. Hoy el 80% de los argentinos no sabe a qui\u00e9n va a votar. Es como preguntarle d\u00f3nde van a ir de vacaciones en 2016.<\/p>\n<p><strong>-\u00bfPor qu\u00e9 ser\u00e1 que no mide?<\/strong><br \/>\n-Porque nuestra prioridad fue gobernar y no estar todos las semanas recorriendo canales de televisi\u00f3n e invirtiendo sumas siderales en publicidad de un apellido o de una provincia. Ahora estamos haci\u00e9ndolo, pero con el 1% de los recursos que destinan otros candidatos.<\/p>\n<p><strong>-Hagamos un juego: le pedimos prestada la lapicera a la Presidenta para armar la boleta del Frente para la Victoria y ponemos a Urribarri de presidente. \u00bfCon Scioli qu\u00e9 hacemos?<\/strong><br \/>\n-Primero Ganarle. Despu\u00e9s ocupar\u00e1 alg\u00fan lugar en Deportes que es su fuerte [Se r\u00ede].<\/p>\n<p><strong>-\u00bfA Randazzo y Dom\u00ednguez los mandamos a la provincia?<\/strong><br \/>\n-Son dos muy buenos candidatos a gobernador de la provincia de Buenos Aires, si deciden serlo.<\/p>\n<p><strong>-\u00bfAceptar\u00eda terminar como vice?<\/strong><br \/>\n-Hay dirigentes con los que he hablado sobre la necesidad de converger en alg\u00fan momento: Juli\u00e1n Dom\u00ednguez, Agust\u00edn Rossi, Jorge Taiana y An\u00edbal Fern\u00e1ndez. Pero para analizar eso hay que transitar estos 4 o 5 meses y ver cu\u00e1les son las posibilidades de cada uno.<\/p>\n<p><strong>-\u00bfCon alguno de ellos aceptar\u00eda ser vice?<\/strong><br \/>\n-Si mide mucho m\u00e1s que yo, s\u00ed.<\/p>\n<p><strong>-Julio De Vido apoya su candidatura. Si usted es presidente \u00bf\u00e9l sigue en el Gabinete?<\/strong><br \/>\n-No lo he hablado con \u00e9l. Pero hay algo que en la Argentina se tiene que valorar que es la experiencia y el conocimiento. Ese aprendizaje de tantos a\u00f1os en funcionarios del Gobierno amerita la posibilidad de que algunos de ellos contin\u00faen.<\/p>\n<p><strong>-\u00bfIntentar\u00eda retenerlo?<\/strong><br \/>\n-S\u00ed, creo que es un funcionario muy valioso.<\/p>\n<\/div>\n<p><span class=\"fuente\">Fuente: <em>La Naci\u00f3n<\/em><\/span><\/p>\n","protected":false},"excerpt":{"rendered":"<p>El gobernador entrerriano asegur&oacute; que estar&iacute;a dispuesto a ir como candidato a vicepresidente de algunos referentes del oficialismo, pero no de Scioli a quien volvi&oacute; a cuestionar. Conf&iacute;a en revertir la desventaja en los sondeos. Para los primeros d&iacute;as de 2015 Sergio Urribarri se fij&oacute; el objetivo de constituirse en la contracara de Daniel Scioli. [&hellip;]<\/p>\n","protected":false},"author":2,"featured_media":0,"comment_status":"open","ping_status":"open","sticky":false,"template":"","format":"standard","meta":{"fifu_image_url":"","fifu_image_alt":"","footnotes":""},"categories":[6,16],"tags":[],"class_list":{"0":"post-9496","1":"post","2":"type-post","3":"status-publish","4":"format-standard","6":"category-entre-rios","7":"category-politi"},"yoast_head":"<title>Urribarri: &quot;mido m\u00e1s que lo que media N\u00e9stor cuando faltaba lo mismo que ahora&quot; - Informe Litoral<\/title>\n<meta name=\"robots\" content=\"index, follow, max-snippet:-1, max-image-preview:large, max-video-preview:-1\" \/>\n<link rel=\"canonical\" href=\"https:\/\/informelitoral.com.ar\/urribarri-mido-mas-que-lo-que-media-nestor-cuando-faltaba-lo-mismo-que-ahora\/\" \/>\n<meta property=\"og:locale\" content=\"es_ES\" \/>\n<meta property=\"og:type\" content=\"article\" \/>\n<meta property=\"og:title\" content=\"Urribarri: &quot;mido m\u00e1s que lo que media N\u00e9stor cuando faltaba lo mismo que ahora&quot; - Informe Litoral\" \/>\n<meta property=\"og:description\" content=\"El gobernador entrerriano asegur&oacute; que estar&iacute;a dispuesto a ir como candidato a vicepresidente de algunos referentes del oficialismo, pero no de Scioli a quien volvi&oacute; a cuestionar. Conf&iacute;a en revertir la desventaja en los sondeos. Para los primeros d&iacute;as de 2015 Sergio Urribarri se fij&oacute; el objetivo de constituirse en la contracara de Daniel Scioli. [&hellip;]\" \/>\n<meta property=\"og:url\" content=\"https:\/\/informelitoral.com.ar\/urribarri-mido-mas-que-lo-que-media-nestor-cuando-faltaba-lo-mismo-que-ahora\/\" \/>\n<meta property=\"og:site_name\" content=\"Informe Litoral\" \/>\n<meta property=\"article:publisher\" content=\"https:\/\/www.facebook.com\/informelitoral\/\" \/>\n<meta property=\"article:published_time\" content=\"2015-01-07T16:58:06+00:00\" \/>\n<meta property=\"article:modified_time\" content=\"2015-01-07T17:06:07+00:00\" \/>\n<meta property=\"og:image\" content=\"https:\/\/informelitoral.com.ar\/%77%70%2d%63%6f%6e%74%65%6e%74\/uploads\/2015\/01\/e_1420623559.jpg\" \/>\n\t<meta property=\"og:image:width\" content=\"432\" \/>\n\t<meta property=\"og:image:height\" content=\"324\" \/>\n\t<meta property=\"og:image:type\" content=\"image\/jpeg\" \/>\n<meta name=\"author\" content=\"Gonzalo Schmidt\" \/>\n<meta name=\"twitter:card\" content=\"summary_large_image\" \/>\n<meta name=\"twitter:creator\" content=\"@InformeLitoral\" \/>\n<meta name=\"twitter:site\" content=\"@InformeLitoral\" \/>\n<meta name=\"twitter:label1\" content=\"Escrito por\" \/>\n\t<meta name=\"twitter:data1\" content=\"Gonzalo Schmidt\" \/>\n\t<meta name=\"twitter:label2\" content=\"Tiempo de lectura\" \/>\n\t<meta name=\"twitter:data2\" content=\"4 minutos\" \/>\n<script type=\"application\/ld+json\" class=\"yoast-schema-graph\">{\"@context\":\"https:\\\/\\\/schema.org\",\"@graph\":[{\"@type\":\"Article\",\"@id\":\"https:\\\/\\\/informelitoral.com.ar\\\/urribarri-mido-mas-que-lo-que-media-nestor-cuando-faltaba-lo-mismo-que-ahora\\\/#article\",\"isPartOf\":{\"@id\":\"https:\\\/\\\/informelitoral.com.ar\\\/urribarri-mido-mas-que-lo-que-media-nestor-cuando-faltaba-lo-mismo-que-ahora\\\/\"},\"author\":{\"name\":\"Gonzalo Schmidt\",\"@id\":\"https:\\\/\\\/informelitoral.com.ar\\\/#\\\/schema\\\/person\\\/b9d00407c836482871ef1d57bf8e3180\"},\"headline\":\"Urribarri: \u00abmido m\u00e1s que lo que media N\u00e9stor cuando faltaba lo mismo que ahora\u00bb\",\"datePublished\":\"2015-01-07T16:58:06+00:00\",\"dateModified\":\"2015-01-07T17:06:07+00:00\",\"mainEntityOfPage\":{\"@id\":\"https:\\\/\\\/informelitoral.com.ar\\\/urribarri-mido-mas-que-lo-que-media-nestor-cuando-faltaba-lo-mismo-que-ahora\\\/\"},\"wordCount\":894,\"commentCount\":0,\"publisher\":{\"@id\":\"https:\\\/\\\/informelitoral.com.ar\\\/#organization\"},\"image\":{\"@id\":\"https:\\\/\\\/informelitoral.com.ar\\\/urribarri-mido-mas-que-lo-que-media-nestor-cuando-faltaba-lo-mismo-que-ahora\\\/#primaryimage\"},\"thumbnailUrl\":\"http:\\\/\\\/www.isletasnoticias.com.ar\\\/%77%70%2d%63%6f%6e%74%65%6e%74\\\/uploads\\\/2015\\\/01\\\/e_1420623559-300x225.jpg\",\"articleSection\":[\"Entre R\u00edos\",\"Politica\"],\"inLanguage\":\"es\",\"potentialAction\":[{\"@type\":\"CommentAction\",\"name\":\"Comment\",\"target\":[\"https:\\\/\\\/informelitoral.com.ar\\\/urribarri-mido-mas-que-lo-que-media-nestor-cuando-faltaba-lo-mismo-que-ahora\\\/#respond\"]}]},{\"@type\":\"WebPage\",\"@id\":\"https:\\\/\\\/informelitoral.com.ar\\\/urribarri-mido-mas-que-lo-que-media-nestor-cuando-faltaba-lo-mismo-que-ahora\\\/\",\"url\":\"https:\\\/\\\/informelitoral.com.ar\\\/urribarri-mido-mas-que-lo-que-media-nestor-cuando-faltaba-lo-mismo-que-ahora\\\/\",\"name\":\"Urribarri: \\\"mido m\u00e1s que lo que media N\u00e9stor cuando faltaba lo mismo que ahora\\\" - Informe Litoral\",\"isPartOf\":{\"@id\":\"https:\\\/\\\/informelitoral.com.ar\\\/#website\"},\"primaryImageOfPage\":{\"@id\":\"https:\\\/\\\/informelitoral.com.ar\\\/urribarri-mido-mas-que-lo-que-media-nestor-cuando-faltaba-lo-mismo-que-ahora\\\/#primaryimage\"},\"image\":{\"@id\":\"https:\\\/\\\/informelitoral.com.ar\\\/urribarri-mido-mas-que-lo-que-media-nestor-cuando-faltaba-lo-mismo-que-ahora\\\/#primaryimage\"},\"thumbnailUrl\":\"http:\\\/\\\/www.isletasnoticias.com.ar\\\/%77%70%2d%63%6f%6e%74%65%6e%74\\\/uploads\\\/2015\\\/01\\\/e_1420623559-300x225.jpg\",\"datePublished\":\"2015-01-07T16:58:06+00:00\",\"dateModified\":\"2015-01-07T17:06:07+00:00\",\"breadcrumb\":{\"@id\":\"https:\\\/\\\/informelitoral.com.ar\\\/urribarri-mido-mas-que-lo-que-media-nestor-cuando-faltaba-lo-mismo-que-ahora\\\/#breadcrumb\"},\"inLanguage\":\"es\",\"potentialAction\":[{\"@type\":\"ReadAction\",\"target\":[\"https:\\\/\\\/informelitoral.com.ar\\\/urribarri-mido-mas-que-lo-que-media-nestor-cuando-faltaba-lo-mismo-que-ahora\\\/\"]}]},{\"@type\":\"ImageObject\",\"inLanguage\":\"es\",\"@id\":\"https:\\\/\\\/informelitoral.com.ar\\\/urribarri-mido-mas-que-lo-que-media-nestor-cuando-faltaba-lo-mismo-que-ahora\\\/#primaryimage\",\"url\":\"http:\\\/\\\/www.isletasnoticias.com.ar\\\/%77%70%2d%63%6f%6e%74%65%6e%74\\\/uploads\\\/2015\\\/01\\\/e_1420623559-300x225.jpg\",\"contentUrl\":\"http:\\\/\\\/www.isletasnoticias.com.ar\\\/%77%70%2d%63%6f%6e%74%65%6e%74\\\/uploads\\\/2015\\\/01\\\/e_1420623559-300x225.jpg\"},{\"@type\":\"BreadcrumbList\",\"@id\":\"https:\\\/\\\/informelitoral.com.ar\\\/urribarri-mido-mas-que-lo-que-media-nestor-cuando-faltaba-lo-mismo-que-ahora\\\/#breadcrumb\",\"itemListElement\":[{\"@type\":\"ListItem\",\"position\":1,\"name\":\"Portada\",\"item\":\"https:\\\/\\\/informelitoral.com.ar\\\/\"},{\"@type\":\"ListItem\",\"position\":2,\"name\":\"Urribarri: \u00abmido m\u00e1s que lo que media N\u00e9stor cuando faltaba lo mismo que ahora\u00bb\"}]},{\"@type\":\"WebSite\",\"@id\":\"https:\\\/\\\/informelitoral.com.ar\\\/#website\",\"url\":\"https:\\\/\\\/informelitoral.com.ar\\\/\",\"name\":\"Informe Litoral\",\"description\":\"&quot;Nos informamos&quot; \",\"publisher\":{\"@id\":\"https:\\\/\\\/informelitoral.com.ar\\\/#organization\"},\"potentialAction\":[{\"@type\":\"SearchAction\",\"target\":{\"@type\":\"EntryPoint\",\"urlTemplate\":\"https:\\\/\\\/informelitoral.com.ar\\\/?s={search_term_string}\"},\"query-input\":{\"@type\":\"PropertyValueSpecification\",\"valueRequired\":true,\"valueName\":\"search_term_string\"}}],\"inLanguage\":\"es\"},{\"@type\":\"Organization\",\"@id\":\"https:\\\/\\\/informelitoral.com.ar\\\/#organization\",\"name\":\"Informe Litoral\",\"url\":\"https:\\\/\\\/informelitoral.com.ar\\\/\",\"logo\":{\"@type\":\"ImageObject\",\"inLanguage\":\"es\",\"@id\":\"https:\\\/\\\/informelitoral.com.ar\\\/#\\\/schema\\\/logo\\\/image\\\/\",\"url\":\"https:\\\/\\\/informelitoral.com.ar\\\/%77%70%2d%63%6f%6e%74%65%6e%74\\\/uploads\\\/2021\\\/01\\\/circulo.png\",\"contentUrl\":\"https:\\\/\\\/informelitoral.com.ar\\\/%77%70%2d%63%6f%6e%74%65%6e%74\\\/uploads\\\/2021\\\/01\\\/circulo.png\",\"width\":723,\"height\":731,\"caption\":\"Informe Litoral\"},\"image\":{\"@id\":\"https:\\\/\\\/informelitoral.com.ar\\\/#\\\/schema\\\/logo\\\/image\\\/\"},\"sameAs\":[\"https:\\\/\\\/www.facebook.com\\\/informelitoral\\\/\",\"https:\\\/\\\/x.com\\\/InformeLitoral\",\"https:\\\/\\\/www.instagram.com\\\/informelitoral\\\/\",\"https:\\\/\\\/www.youtube.com\\\/channel\\\/UCua4Qvz8Icb6MYqhoq9xLXw\"]},{\"@type\":\"Person\",\"@id\":\"https:\\\/\\\/informelitoral.com.ar\\\/#\\\/schema\\\/person\\\/b9d00407c836482871ef1d57bf8e3180\",\"name\":\"Gonzalo Schmidt\",\"image\":{\"@type\":\"ImageObject\",\"inLanguage\":\"es\",\"@id\":\"https:\\\/\\\/secure.gravatar.com\\\/avatar\\\/31a1a7b66ff2de83bd0e9fd79d026630d2d99e55e8bfe501287647b4fd9743de?s=96&d=mm&r=g\",\"url\":\"https:\\\/\\\/secure.gravatar.com\\\/avatar\\\/31a1a7b66ff2de83bd0e9fd79d026630d2d99e55e8bfe501287647b4fd9743de?s=96&d=mm&r=g\",\"contentUrl\":\"https:\\\/\\\/secure.gravatar.com\\\/avatar\\\/31a1a7b66ff2de83bd0e9fd79d026630d2d99e55e8bfe501287647b4fd9743de?s=96&d=mm&r=g\",\"caption\":\"Gonzalo Schmidt\"},\"description\":\"Sitio web de noticias de la provincia de Entre R\u00edos, Argentina. Informaci\u00f3n y entretenimiento. Informe Litoral, nos informamos.\",\"sameAs\":[\"http:\\\/\\\/www.isletasnoticias.com.ar\"],\"url\":\"https:\\\/\\\/informelitoral.com.ar\\\/author\\\/gonzalo\\\/\"}]}<\/script>","yoast_head_json":{"title":"Urribarri: \"mido m\u00e1s que lo que media N\u00e9stor cuando faltaba lo mismo que ahora\" - Informe Litoral","robots":{"index":"index","follow":"follow","max-snippet":"max-snippet:-1","max-image-preview":"max-image-preview:large","max-video-preview":"max-video-preview:-1"},"canonical":"https:\/\/informelitoral.com.ar\/urribarri-mido-mas-que-lo-que-media-nestor-cuando-faltaba-lo-mismo-que-ahora\/","og_locale":"es_ES","og_type":"article","og_title":"Urribarri: \"mido m\u00e1s que lo que media N\u00e9stor cuando faltaba lo mismo que ahora\" - Informe Litoral","og_description":"El gobernador entrerriano asegur&oacute; que estar&iacute;a dispuesto a ir como candidato a vicepresidente de algunos referentes del oficialismo, pero no de Scioli a quien volvi&oacute; a cuestionar. Conf&iacute;a en revertir la desventaja en los sondeos. Para los primeros d&iacute;as de 2015 Sergio Urribarri se fij&oacute; el objetivo de constituirse en la contracara de Daniel Scioli. [&hellip;]","og_url":"https:\/\/informelitoral.com.ar\/urribarri-mido-mas-que-lo-que-media-nestor-cuando-faltaba-lo-mismo-que-ahora\/","og_site_name":"Informe Litoral","article_publisher":"https:\/\/www.facebook.com\/informelitoral\/","article_published_time":"2015-01-07T16:58:06+00:00","article_modified_time":"2015-01-07T17:06:07+00:00","og_image":[{"width":432,"height":324,"url":"https:\/\/informelitoral.com.ar\/%77%70%2d%63%6f%6e%74%65%6e%74\/uploads\/2015\/01\/e_1420623559.jpg","type":"image\/jpeg"}],"author":"Gonzalo Schmidt","twitter_card":"summary_large_image","twitter_creator":"@InformeLitoral","twitter_site":"@InformeLitoral","twitter_misc":{"Escrito por":"Gonzalo Schmidt","Tiempo de lectura":"4 minutos"},"schema":{"@context":"https:\/\/schema.org","@graph":[{"@type":"Article","@id":"https:\/\/informelitoral.com.ar\/urribarri-mido-mas-que-lo-que-media-nestor-cuando-faltaba-lo-mismo-que-ahora\/#article","isPartOf":{"@id":"https:\/\/informelitoral.com.ar\/urribarri-mido-mas-que-lo-que-media-nestor-cuando-faltaba-lo-mismo-que-ahora\/"},"author":{"name":"Gonzalo Schmidt","@id":"https:\/\/informelitoral.com.ar\/#\/schema\/person\/b9d00407c836482871ef1d57bf8e3180"},"headline":"Urribarri: \u00abmido m\u00e1s que lo que media N\u00e9stor cuando faltaba lo mismo que ahora\u00bb","datePublished":"2015-01-07T16:58:06+00:00","dateModified":"2015-01-07T17:06:07+00:00","mainEntityOfPage":{"@id":"https:\/\/informelitoral.com.ar\/urribarri-mido-mas-que-lo-que-media-nestor-cuando-faltaba-lo-mismo-que-ahora\/"},"wordCount":894,"commentCount":0,"publisher":{"@id":"https:\/\/informelitoral.com.ar\/#organization"},"image":{"@id":"https:\/\/informelitoral.com.ar\/urribarri-mido-mas-que-lo-que-media-nestor-cuando-faltaba-lo-mismo-que-ahora\/#primaryimage"},"thumbnailUrl":"http:\/\/www.isletasnoticias.com.ar\/%77%70%2d%63%6f%6e%74%65%6e%74\/uploads\/2015\/01\/e_1420623559-300x225.jpg","articleSection":["Entre R\u00edos","Politica"],"inLanguage":"es","potentialAction":[{"@type":"CommentAction","name":"Comment","target":["https:\/\/informelitoral.com.ar\/urribarri-mido-mas-que-lo-que-media-nestor-cuando-faltaba-lo-mismo-que-ahora\/#respond"]}]},{"@type":"WebPage","@id":"https:\/\/informelitoral.com.ar\/urribarri-mido-mas-que-lo-que-media-nestor-cuando-faltaba-lo-mismo-que-ahora\/","url":"https:\/\/informelitoral.com.ar\/urribarri-mido-mas-que-lo-que-media-nestor-cuando-faltaba-lo-mismo-que-ahora\/","name":"Urribarri: \"mido m\u00e1s que lo que media N\u00e9stor cuando faltaba lo mismo que ahora\" - Informe Litoral","isPartOf":{"@id":"https:\/\/informelitoral.com.ar\/#website"},"primaryImageOfPage":{"@id":"https:\/\/informelitoral.com.ar\/urribarri-mido-mas-que-lo-que-media-nestor-cuando-faltaba-lo-mismo-que-ahora\/#primaryimage"},"image":{"@id":"https:\/\/informelitoral.com.ar\/urribarri-mido-mas-que-lo-que-media-nestor-cuando-faltaba-lo-mismo-que-ahora\/#primaryimage"},"thumbnailUrl":"http:\/\/www.isletasnoticias.com.ar\/%77%70%2d%63%6f%6e%74%65%6e%74\/uploads\/2015\/01\/e_1420623559-300x225.jpg","datePublished":"2015-01-07T16:58:06+00:00","dateModified":"2015-01-07T17:06:07+00:00","breadcrumb":{"@id":"https:\/\/informelitoral.com.ar\/urribarri-mido-mas-que-lo-que-media-nestor-cuando-faltaba-lo-mismo-que-ahora\/#breadcrumb"},"inLanguage":"es","potentialAction":[{"@type":"ReadAction","target":["https:\/\/informelitoral.com.ar\/urribarri-mido-mas-que-lo-que-media-nestor-cuando-faltaba-lo-mismo-que-ahora\/"]}]},{"@type":"ImageObject","inLanguage":"es","@id":"https:\/\/informelitoral.com.ar\/urribarri-mido-mas-que-lo-que-media-nestor-cuando-faltaba-lo-mismo-que-ahora\/#primaryimage","url":"http:\/\/www.isletasnoticias.com.ar\/%77%70%2d%63%6f%6e%74%65%6e%74\/uploads\/2015\/01\/e_1420623559-300x225.jpg","contentUrl":"http:\/\/www.isletasnoticias.com.ar\/%77%70%2d%63%6f%6e%74%65%6e%74\/uploads\/2015\/01\/e_1420623559-300x225.jpg"},{"@type":"BreadcrumbList","@id":"https:\/\/informelitoral.com.ar\/urribarri-mido-mas-que-lo-que-media-nestor-cuando-faltaba-lo-mismo-que-ahora\/#breadcrumb","itemListElement":[{"@type":"ListItem","position":1,"name":"Portada","item":"https:\/\/informelitoral.com.ar\/"},{"@type":"ListItem","position":2,"name":"Urribarri: \u00abmido m\u00e1s que lo que media N\u00e9stor cuando faltaba lo mismo que ahora\u00bb"}]},{"@type":"WebSite","@id":"https:\/\/informelitoral.com.ar\/#website","url":"https:\/\/informelitoral.com.ar\/","name":"Informe Litoral","description":"&quot;Nos informamos&quot; ","publisher":{"@id":"https:\/\/informelitoral.com.ar\/#organization"},"potentialAction":[{"@type":"SearchAction","target":{"@type":"EntryPoint","urlTemplate":"https:\/\/informelitoral.com.ar\/?s={search_term_string}"},"query-input":{"@type":"PropertyValueSpecification","valueRequired":true,"valueName":"search_term_string"}}],"inLanguage":"es"},{"@type":"Organization","@id":"https:\/\/informelitoral.com.ar\/#organization","name":"Informe Litoral","url":"https:\/\/informelitoral.com.ar\/","logo":{"@type":"ImageObject","inLanguage":"es","@id":"https:\/\/informelitoral.com.ar\/#\/schema\/logo\/image\/","url":"https:\/\/informelitoral.com.ar\/%77%70%2d%63%6f%6e%74%65%6e%74\/uploads\/2021\/01\/circulo.png","contentUrl":"https:\/\/informelitoral.com.ar\/%77%70%2d%63%6f%6e%74%65%6e%74\/uploads\/2021\/01\/circulo.png","width":723,"height":731,"caption":"Informe Litoral"},"image":{"@id":"https:\/\/informelitoral.com.ar\/#\/schema\/logo\/image\/"},"sameAs":["https:\/\/www.facebook.com\/informelitoral\/","https:\/\/x.com\/InformeLitoral","https:\/\/www.instagram.com\/informelitoral\/","https:\/\/www.youtube.com\/channel\/UCua4Qvz8Icb6MYqhoq9xLXw"]},{"@type":"Person","@id":"https:\/\/informelitoral.com.ar\/#\/schema\/person\/b9d00407c836482871ef1d57bf8e3180","name":"Gonzalo Schmidt","image":{"@type":"ImageObject","inLanguage":"es","@id":"https:\/\/secure.gravatar.com\/avatar\/31a1a7b66ff2de83bd0e9fd79d026630d2d99e55e8bfe501287647b4fd9743de?s=96&d=mm&r=g","url":"https:\/\/secure.gravatar.com\/avatar\/31a1a7b66ff2de83bd0e9fd79d026630d2d99e55e8bfe501287647b4fd9743de?s=96&d=mm&r=g","contentUrl":"https:\/\/secure.gravatar.com\/avatar\/31a1a7b66ff2de83bd0e9fd79d026630d2d99e55e8bfe501287647b4fd9743de?s=96&d=mm&r=g","caption":"Gonzalo Schmidt"},"description":"Sitio web de noticias de la provincia de Entre R\u00edos, Argentina. Informaci\u00f3n y entretenimiento. Informe Litoral, nos informamos.","sameAs":["http:\/\/www.isletasnoticias.com.ar"],"url":"https:\/\/informelitoral.com.ar\/author\/gonzalo\/"}]}},"_links":{"self":[{"href":"https:\/\/informelitoral.com.ar\/%77%70%2d%6a%73%6f%6e\/wp\/v2\/posts\/9496","targetHints":{"allow":["GET"]}}],"collection":[{"href":"https:\/\/informelitoral.com.ar\/%77%70%2d%6a%73%6f%6e\/wp\/v2\/posts"}],"about":[{"href":"https:\/\/informelitoral.com.ar\/%77%70%2d%6a%73%6f%6e\/wp\/v2\/types\/post"}],"author":[{"embeddable":true,"href":"https:\/\/informelitoral.com.ar\/%77%70%2d%6a%73%6f%6e\/wp\/v2\/users\/2"}],"replies":[{"embeddable":true,"href":"https:\/\/informelitoral.com.ar\/%77%70%2d%6a%73%6f%6e\/wp\/v2\/comments?post=9496"}],"version-history":[{"count":0,"href":"https:\/\/informelitoral.com.ar\/%77%70%2d%6a%73%6f%6e\/wp\/v2\/posts\/9496\/revisions"}],"wp:attachment":[{"href":"https:\/\/informelitoral.com.ar\/%77%70%2d%6a%73%6f%6e\/wp\/v2\/media?parent=9496"}],"wp:term":[{"taxonomy":"category","embeddable":true,"href":"https:\/\/informelitoral.com.ar\/%77%70%2d%6a%73%6f%6e\/wp\/v2\/categories?post=9496"},{"taxonomy":"post_tag","embeddable":true,"href":"https:\/\/informelitoral.com.ar\/%77%70%2d%6a%73%6f%6e\/wp\/v2\/tags?post=9496"}],"curies":[{"name":"wp","href":"https:\/\/api.w.org\/{rel}","templated":true}]}}