{"id":9493,"date":"2015-01-07T13:42:25","date_gmt":"2015-01-07T16:42:25","guid":{"rendered":"http:\/\/www.isletasnoticias.com.ar\/?p=9493"},"modified":"2015-01-07T13:42:25","modified_gmt":"2015-01-07T16:42:25","slug":"chaco-murio-por-desnutricion-y-tuberculosis-un-nino-de-7-anos","status":"publish","type":"post","link":"https:\/\/informelitoral.com.ar\/chaco-murio-por-desnutricion-y-tuberculosis-un-nino-de-7-anos\/","title":{"rendered":"Chaco: muri\u00f3 por desnutrici\u00f3n y tuberculosis un ni\u00f1o de 7 a\u00f1os"},"content":{"rendered":"<p><strong>N\u00e9stor viv\u00eda en condiciones de extrema pobreza, sufr\u00eda diversas patolog\u00edas y falta de alimentaci\u00f3n. Perdi\u00f3 la vida tras varios meses en grave estado.<a href=\"http:\/\/www.isletasnoticias.com.ar\/%77%70%2d%63%6f%6e%74%65%6e%74\/uploads\/2015\/01\/0012054333.jpg\"><img loading=\"lazy\" decoding=\"async\" class=\"aligncenter size-medium wp-image-9494\" src=\"http:\/\/www.isletasnoticias.com.ar\/%77%70%2d%63%6f%6e%74%65%6e%74\/uploads\/2015\/01\/0012054333-300x168.jpg\" alt=\"0012054333\" width=\"300\" height=\"168\" srcset=\"https:\/\/informelitoral.com.ar\/%77%70%2d%63%6f%6e%74%65%6e%74\/uploads\/2015\/01\/0012054333-300x168.jpg 300w, https:\/\/informelitoral.com.ar\/%77%70%2d%63%6f%6e%74%65%6e%74\/uploads\/2015\/01\/0012054333.jpg 770w\" sizes=\"auto, (max-width: 300px) 100vw, 300px\" \/><\/a><\/strong><\/p>\n<p><strong>N\u00e9stor Femen\u00eda<\/strong>, un ni\u00f1o de la comunidad Qom de s\u00f3lo 7 a\u00f1os, muri\u00f3 el martes tras una larga agon\u00eda generada por diversas patolog\u00edas pero, principalmente, por su organismo extremadamente debilitado a causa de la desnutrici\u00f3n cr\u00f3nica.<\/p>\n<p>N\u00e9stor ven\u00eda luchando a contrarreloj para sobrevivir desde octubre de 2014. \u00abNosotros no vamos a ocultar nada: es un paciente desnutrido con una neumon\u00eda por tuberculosis. Por un lado estamos tratando su neumon\u00eda izquierda por su tuberculosis, por otro lado estamos asistiendo nutricionalmente a este ni\u00f1ito\u00bb, detall\u00f3 ese mes el m\u00e9dico del Servicio de Pediatr\u00eda del hospital de Castelli y director de la Regi\u00f3n Sanitaria, Walter Vargas Gonz\u00e1lez, mientras el peque\u00f1o qom sobreviv\u00eda. Cuando se supo la triste noticia, Gonz\u00e1lez se lament\u00f3: \u00abCon N\u00e9stor ten\u00edamos un v\u00ednculo personal, para nosotros no es un n\u00famero m\u00e1s\u00bb.<\/p>\n<p>La tuberculosis, la desnutrici\u00f3n y otras patolog\u00edas hicieron que el qom de 7 a\u00f1os padeciera fallas multiorg\u00e1nicas, seg\u00fan informa el diario Primera L\u00ednea. En los momentos m\u00e1s cr\u00edticos debieron extraerle agua que compromet\u00eda el coraz\u00f3n y los pulmones, pero luego nada se pudo hacer.<\/p>\n<p>N\u00e9stor ya hab\u00eda sido noticia cuando se conoci\u00f3 su delicada situaci\u00f3n e internaci\u00f3n y se convirti\u00f3 en un caso emblem\u00e1tico de las comunidades ind\u00edgenas que habitan El Impenetrable, ya que la tuberculosis y el Chagas son enfermedades que afectan a la poblaci\u00f3n local. Seg\u00fan el Ministerio de Salud de la Naci\u00f3n, entre 2008 y 2009, se registraron 789 casos de tuberculosis en la provincia.<\/p>\n<p>El ni\u00f1o qom estuvo bajo asistencia en el hospital de Juan Jos\u00e9 Castelli y luego contin\u00fao el tratamiento en su casa, pero empeor\u00f3 y volvi\u00f3 a ser internado. Finalmente, el 19 de diciembre lo derivaron al Hospital Pedi\u00e1trico, donde falleci\u00f3 el martes.<\/p>\n<p>Alicia Michelini, directora del hospital, indic\u00f3 que respetaron \u00abel protocolo previsto por la Organizaci\u00f3n Mundial de la Salud para el tratamiento de pacientes con tuberculosis, pero hubo otros factores de riesgo que tienen que ver con lo social, lo ambiental y lo familiar que en este tipo de situaciones pesa como en cualquier patolog\u00eda cr\u00f3nica\u00bb.<\/p>\n<p>Desde el gobierno provincial aseguraron que brindaron toda la asistencia posible. El subsecretario de Desarrollo y Econom\u00eda Social, Jorge Hern\u00e1n N\u00fa\u00f1ez, inform\u00f3: \u00abEn el caso de la familia del ni\u00f1o Femen\u00eda venimos trabajando de manera conjunta con la Naci\u00f3n, brindando asistencia alimentaria y agua mineral peri\u00f3dicamente, en conjunto con el apoyo log\u00edstico del Ministerio de la provincia\u00bb.<\/p>\n<p>Sin embargo, el portal SoloChaco agrega que el funcionario no pudo explicar c\u00f3mo N\u00e9stor lleg\u00f3 a un grado tan extremo de falta de alimentaci\u00f3n ni c\u00f3mo todo su grupo familiar padece alg\u00fan grado de desnutrici\u00f3n.<\/p>\n<p>La muerte del peque\u00f1o N\u00e9stor ya genera reacciones de dolor, bronca y conmoci\u00f3n en usuarios de todo el pa\u00eds en las redes sociales. <em>(Infobae)<\/em><\/p>\n","protected":false},"excerpt":{"rendered":"<p>N&eacute;stor viv&iacute;a en condiciones de extrema pobreza, sufr&iacute;a diversas patolog&iacute;as y falta de alimentaci&oacute;n. Perdi&oacute; la vida tras varios meses en grave estado. N&eacute;stor Femen&iacute;a, un ni&ntilde;o de la comunidad Qom de s&oacute;lo 7 a&ntilde;os, muri&oacute; el martes tras una larga agon&iacute;a generada por diversas patolog&iacute;as pero, principalmente, por su organismo extremadamente debilitado a causa [&hellip;]<\/p>\n","protected":false},"author":2,"featured_media":0,"comment_status":"open","ping_status":"open","sticky":false,"template":"","format":"standard","meta":{"fifu_image_url":"","fifu_image_alt":"","footnotes":""},"categories":[7],"tags":[],"class_list":{"0":"post-9493","1":"post","2":"type-post","3":"status-publish","4":"format-standard","6":"category-nacionales"},"yoast_head":"<title>Chaco: muri\u00f3 por desnutrici\u00f3n y tuberculosis un ni\u00f1o de 7 a\u00f1os - Informe Litoral<\/title>\n<meta name=\"robots\" content=\"index, follow, max-snippet:-1, max-image-preview:large, max-video-preview:-1\" \/>\n<link rel=\"canonical\" href=\"https:\/\/informelitoral.com.ar\/chaco-murio-por-desnutricion-y-tuberculosis-un-nino-de-7-anos\/\" \/>\n<meta property=\"og:locale\" content=\"es_ES\" \/>\n<meta property=\"og:type\" content=\"article\" \/>\n<meta property=\"og:title\" content=\"Chaco: muri\u00f3 por desnutrici\u00f3n y tuberculosis un ni\u00f1o de 7 a\u00f1os - Informe Litoral\" \/>\n<meta property=\"og:description\" content=\"N&eacute;stor viv&iacute;a en condiciones de extrema pobreza, sufr&iacute;a diversas patolog&iacute;as y falta de alimentaci&oacute;n. Perdi&oacute; la vida tras varios meses en grave estado. N&eacute;stor Femen&iacute;a, un ni&ntilde;o de la comunidad Qom de s&oacute;lo 7 a&ntilde;os, muri&oacute; el martes tras una larga agon&iacute;a generada por diversas patolog&iacute;as pero, principalmente, por su organismo extremadamente debilitado a causa [&hellip;]\" \/>\n<meta property=\"og:url\" content=\"https:\/\/informelitoral.com.ar\/chaco-murio-por-desnutricion-y-tuberculosis-un-nino-de-7-anos\/\" \/>\n<meta property=\"og:site_name\" content=\"Informe Litoral\" \/>\n<meta property=\"article:publisher\" content=\"https:\/\/www.facebook.com\/informelitoral\/\" \/>\n<meta property=\"article:published_time\" content=\"2015-01-07T16:42:25+00:00\" \/>\n<meta property=\"og:image\" content=\"https:\/\/informelitoral.com.ar\/%77%70%2d%63%6f%6e%74%65%6e%74\/uploads\/2015\/01\/0012054333.jpg\" \/>\n\t<meta property=\"og:image:width\" content=\"770\" \/>\n\t<meta property=\"og:image:height\" content=\"433\" \/>\n\t<meta property=\"og:image:type\" content=\"image\/jpeg\" \/>\n<meta name=\"author\" content=\"Gonzalo Schmidt\" \/>\n<meta name=\"twitter:card\" content=\"summary_large_image\" \/>\n<meta name=\"twitter:creator\" content=\"@InformeLitoral\" \/>\n<meta name=\"twitter:site\" content=\"@InformeLitoral\" \/>\n<meta name=\"twitter:label1\" content=\"Escrito por\" \/>\n\t<meta name=\"twitter:data1\" content=\"Gonzalo Schmidt\" \/>\n\t<meta name=\"twitter:label2\" content=\"Tiempo de lectura\" \/>\n\t<meta name=\"twitter:data2\" content=\"3 minutos\" \/>\n<script type=\"application\/ld+json\" class=\"yoast-schema-graph\">{\"@context\":\"https:\\\/\\\/schema.org\",\"@graph\":[{\"@type\":\"Article\",\"@id\":\"https:\\\/\\\/informelitoral.com.ar\\\/chaco-murio-por-desnutricion-y-tuberculosis-un-nino-de-7-anos\\\/#article\",\"isPartOf\":{\"@id\":\"https:\\\/\\\/informelitoral.com.ar\\\/chaco-murio-por-desnutricion-y-tuberculosis-un-nino-de-7-anos\\\/\"},\"author\":{\"name\":\"Gonzalo Schmidt\",\"@id\":\"https:\\\/\\\/informelitoral.com.ar\\\/#\\\/schema\\\/person\\\/b9d00407c836482871ef1d57bf8e3180\"},\"headline\":\"Chaco: muri\u00f3 por desnutrici\u00f3n y tuberculosis un ni\u00f1o de 7 a\u00f1os\",\"datePublished\":\"2015-01-07T16:42:25+00:00\",\"mainEntityOfPage\":{\"@id\":\"https:\\\/\\\/informelitoral.com.ar\\\/chaco-murio-por-desnutricion-y-tuberculosis-un-nino-de-7-anos\\\/\"},\"wordCount\":555,\"commentCount\":0,\"publisher\":{\"@id\":\"https:\\\/\\\/informelitoral.com.ar\\\/#organization\"},\"image\":{\"@id\":\"https:\\\/\\\/informelitoral.com.ar\\\/chaco-murio-por-desnutricion-y-tuberculosis-un-nino-de-7-anos\\\/#primaryimage\"},\"thumbnailUrl\":\"http:\\\/\\\/www.isletasnoticias.com.ar\\\/%77%70%2d%63%6f%6e%74%65%6e%74\\\/uploads\\\/2015\\\/01\\\/0012054333-300x168.jpg\",\"articleSection\":[\"Nacionales\"],\"inLanguage\":\"es\",\"potentialAction\":[{\"@type\":\"CommentAction\",\"name\":\"Comment\",\"target\":[\"https:\\\/\\\/informelitoral.com.ar\\\/chaco-murio-por-desnutricion-y-tuberculosis-un-nino-de-7-anos\\\/#respond\"]}]},{\"@type\":\"WebPage\",\"@id\":\"https:\\\/\\\/informelitoral.com.ar\\\/chaco-murio-por-desnutricion-y-tuberculosis-un-nino-de-7-anos\\\/\",\"url\":\"https:\\\/\\\/informelitoral.com.ar\\\/chaco-murio-por-desnutricion-y-tuberculosis-un-nino-de-7-anos\\\/\",\"name\":\"Chaco: muri\u00f3 por desnutrici\u00f3n y tuberculosis un ni\u00f1o de 7 a\u00f1os - Informe Litoral\",\"isPartOf\":{\"@id\":\"https:\\\/\\\/informelitoral.com.ar\\\/#website\"},\"primaryImageOfPage\":{\"@id\":\"https:\\\/\\\/informelitoral.com.ar\\\/chaco-murio-por-desnutricion-y-tuberculosis-un-nino-de-7-anos\\\/#primaryimage\"},\"image\":{\"@id\":\"https:\\\/\\\/informelitoral.com.ar\\\/chaco-murio-por-desnutricion-y-tuberculosis-un-nino-de-7-anos\\\/#primaryimage\"},\"thumbnailUrl\":\"http:\\\/\\\/www.isletasnoticias.com.ar\\\/%77%70%2d%63%6f%6e%74%65%6e%74\\\/uploads\\\/2015\\\/01\\\/0012054333-300x168.jpg\",\"datePublished\":\"2015-01-07T16:42:25+00:00\",\"breadcrumb\":{\"@id\":\"https:\\\/\\\/informelitoral.com.ar\\\/chaco-murio-por-desnutricion-y-tuberculosis-un-nino-de-7-anos\\\/#breadcrumb\"},\"inLanguage\":\"es\",\"potentialAction\":[{\"@type\":\"ReadAction\",\"target\":[\"https:\\\/\\\/informelitoral.com.ar\\\/chaco-murio-por-desnutricion-y-tuberculosis-un-nino-de-7-anos\\\/\"]}]},{\"@type\":\"ImageObject\",\"inLanguage\":\"es\",\"@id\":\"https:\\\/\\\/informelitoral.com.ar\\\/chaco-murio-por-desnutricion-y-tuberculosis-un-nino-de-7-anos\\\/#primaryimage\",\"url\":\"http:\\\/\\\/www.isletasnoticias.com.ar\\\/%77%70%2d%63%6f%6e%74%65%6e%74\\\/uploads\\\/2015\\\/01\\\/0012054333-300x168.jpg\",\"contentUrl\":\"http:\\\/\\\/www.isletasnoticias.com.ar\\\/%77%70%2d%63%6f%6e%74%65%6e%74\\\/uploads\\\/2015\\\/01\\\/0012054333-300x168.jpg\"},{\"@type\":\"BreadcrumbList\",\"@id\":\"https:\\\/\\\/informelitoral.com.ar\\\/chaco-murio-por-desnutricion-y-tuberculosis-un-nino-de-7-anos\\\/#breadcrumb\",\"itemListElement\":[{\"@type\":\"ListItem\",\"position\":1,\"name\":\"Portada\",\"item\":\"https:\\\/\\\/informelitoral.com.ar\\\/\"},{\"@type\":\"ListItem\",\"position\":2,\"name\":\"Chaco: muri\u00f3 por desnutrici\u00f3n y tuberculosis un ni\u00f1o de 7 a\u00f1os\"}]},{\"@type\":\"WebSite\",\"@id\":\"https:\\\/\\\/informelitoral.com.ar\\\/#website\",\"url\":\"https:\\\/\\\/informelitoral.com.ar\\\/\",\"name\":\"Informe Litoral\",\"description\":\"&quot;Nos informamos&quot; \",\"publisher\":{\"@id\":\"https:\\\/\\\/informelitoral.com.ar\\\/#organization\"},\"potentialAction\":[{\"@type\":\"SearchAction\",\"target\":{\"@type\":\"EntryPoint\",\"urlTemplate\":\"https:\\\/\\\/informelitoral.com.ar\\\/?s={search_term_string}\"},\"query-input\":{\"@type\":\"PropertyValueSpecification\",\"valueRequired\":true,\"valueName\":\"search_term_string\"}}],\"inLanguage\":\"es\"},{\"@type\":\"Organization\",\"@id\":\"https:\\\/\\\/informelitoral.com.ar\\\/#organization\",\"name\":\"Informe Litoral\",\"url\":\"https:\\\/\\\/informelitoral.com.ar\\\/\",\"logo\":{\"@type\":\"ImageObject\",\"inLanguage\":\"es\",\"@id\":\"https:\\\/\\\/informelitoral.com.ar\\\/#\\\/schema\\\/logo\\\/image\\\/\",\"url\":\"https:\\\/\\\/informelitoral.com.ar\\\/%77%70%2d%63%6f%6e%74%65%6e%74\\\/uploads\\\/2021\\\/01\\\/circulo.png\",\"contentUrl\":\"https:\\\/\\\/informelitoral.com.ar\\\/%77%70%2d%63%6f%6e%74%65%6e%74\\\/uploads\\\/2021\\\/01\\\/circulo.png\",\"width\":723,\"height\":731,\"caption\":\"Informe Litoral\"},\"image\":{\"@id\":\"https:\\\/\\\/informelitoral.com.ar\\\/#\\\/schema\\\/logo\\\/image\\\/\"},\"sameAs\":[\"https:\\\/\\\/www.facebook.com\\\/informelitoral\\\/\",\"https:\\\/\\\/x.com\\\/InformeLitoral\",\"https:\\\/\\\/www.instagram.com\\\/informelitoral\\\/\",\"https:\\\/\\\/www.youtube.com\\\/channel\\\/UCua4Qvz8Icb6MYqhoq9xLXw\"]},{\"@type\":\"Person\",\"@id\":\"https:\\\/\\\/informelitoral.com.ar\\\/#\\\/schema\\\/person\\\/b9d00407c836482871ef1d57bf8e3180\",\"name\":\"Gonzalo Schmidt\",\"image\":{\"@type\":\"ImageObject\",\"inLanguage\":\"es\",\"@id\":\"https:\\\/\\\/secure.gravatar.com\\\/avatar\\\/31a1a7b66ff2de83bd0e9fd79d026630d2d99e55e8bfe501287647b4fd9743de?s=96&d=mm&r=g\",\"url\":\"https:\\\/\\\/secure.gravatar.com\\\/avatar\\\/31a1a7b66ff2de83bd0e9fd79d026630d2d99e55e8bfe501287647b4fd9743de?s=96&d=mm&r=g\",\"contentUrl\":\"https:\\\/\\\/secure.gravatar.com\\\/avatar\\\/31a1a7b66ff2de83bd0e9fd79d026630d2d99e55e8bfe501287647b4fd9743de?s=96&d=mm&r=g\",\"caption\":\"Gonzalo Schmidt\"},\"description\":\"Sitio web de noticias de la provincia de Entre R\u00edos, Argentina. Informaci\u00f3n y entretenimiento. Informe Litoral, nos informamos.\",\"sameAs\":[\"http:\\\/\\\/www.isletasnoticias.com.ar\"],\"url\":\"https:\\\/\\\/informelitoral.com.ar\\\/author\\\/gonzalo\\\/\"}]}<\/script>","yoast_head_json":{"title":"Chaco: muri\u00f3 por desnutrici\u00f3n y tuberculosis un ni\u00f1o de 7 a\u00f1os - Informe Litoral","robots":{"index":"index","follow":"follow","max-snippet":"max-snippet:-1","max-image-preview":"max-image-preview:large","max-video-preview":"max-video-preview:-1"},"canonical":"https:\/\/informelitoral.com.ar\/chaco-murio-por-desnutricion-y-tuberculosis-un-nino-de-7-anos\/","og_locale":"es_ES","og_type":"article","og_title":"Chaco: muri\u00f3 por desnutrici\u00f3n y tuberculosis un ni\u00f1o de 7 a\u00f1os - Informe Litoral","og_description":"N&eacute;stor viv&iacute;a en condiciones de extrema pobreza, sufr&iacute;a diversas patolog&iacute;as y falta de alimentaci&oacute;n. Perdi&oacute; la vida tras varios meses en grave estado. N&eacute;stor Femen&iacute;a, un ni&ntilde;o de la comunidad Qom de s&oacute;lo 7 a&ntilde;os, muri&oacute; el martes tras una larga agon&iacute;a generada por diversas patolog&iacute;as pero, principalmente, por su organismo extremadamente debilitado a causa [&hellip;]","og_url":"https:\/\/informelitoral.com.ar\/chaco-murio-por-desnutricion-y-tuberculosis-un-nino-de-7-anos\/","og_site_name":"Informe Litoral","article_publisher":"https:\/\/www.facebook.com\/informelitoral\/","article_published_time":"2015-01-07T16:42:25+00:00","og_image":[{"width":770,"height":433,"url":"https:\/\/informelitoral.com.ar\/%77%70%2d%63%6f%6e%74%65%6e%74\/uploads\/2015\/01\/0012054333.jpg","type":"image\/jpeg"}],"author":"Gonzalo Schmidt","twitter_card":"summary_large_image","twitter_creator":"@InformeLitoral","twitter_site":"@InformeLitoral","twitter_misc":{"Escrito por":"Gonzalo Schmidt","Tiempo de lectura":"3 minutos"},"schema":{"@context":"https:\/\/schema.org","@graph":[{"@type":"Article","@id":"https:\/\/informelitoral.com.ar\/chaco-murio-por-desnutricion-y-tuberculosis-un-nino-de-7-anos\/#article","isPartOf":{"@id":"https:\/\/informelitoral.com.ar\/chaco-murio-por-desnutricion-y-tuberculosis-un-nino-de-7-anos\/"},"author":{"name":"Gonzalo Schmidt","@id":"https:\/\/informelitoral.com.ar\/#\/schema\/person\/b9d00407c836482871ef1d57bf8e3180"},"headline":"Chaco: muri\u00f3 por desnutrici\u00f3n y tuberculosis un ni\u00f1o de 7 a\u00f1os","datePublished":"2015-01-07T16:42:25+00:00","mainEntityOfPage":{"@id":"https:\/\/informelitoral.com.ar\/chaco-murio-por-desnutricion-y-tuberculosis-un-nino-de-7-anos\/"},"wordCount":555,"commentCount":0,"publisher":{"@id":"https:\/\/informelitoral.com.ar\/#organization"},"image":{"@id":"https:\/\/informelitoral.com.ar\/chaco-murio-por-desnutricion-y-tuberculosis-un-nino-de-7-anos\/#primaryimage"},"thumbnailUrl":"http:\/\/www.isletasnoticias.com.ar\/%77%70%2d%63%6f%6e%74%65%6e%74\/uploads\/2015\/01\/0012054333-300x168.jpg","articleSection":["Nacionales"],"inLanguage":"es","potentialAction":[{"@type":"CommentAction","name":"Comment","target":["https:\/\/informelitoral.com.ar\/chaco-murio-por-desnutricion-y-tuberculosis-un-nino-de-7-anos\/#respond"]}]},{"@type":"WebPage","@id":"https:\/\/informelitoral.com.ar\/chaco-murio-por-desnutricion-y-tuberculosis-un-nino-de-7-anos\/","url":"https:\/\/informelitoral.com.ar\/chaco-murio-por-desnutricion-y-tuberculosis-un-nino-de-7-anos\/","name":"Chaco: muri\u00f3 por desnutrici\u00f3n y tuberculosis un ni\u00f1o de 7 a\u00f1os - Informe Litoral","isPartOf":{"@id":"https:\/\/informelitoral.com.ar\/#website"},"primaryImageOfPage":{"@id":"https:\/\/informelitoral.com.ar\/chaco-murio-por-desnutricion-y-tuberculosis-un-nino-de-7-anos\/#primaryimage"},"image":{"@id":"https:\/\/informelitoral.com.ar\/chaco-murio-por-desnutricion-y-tuberculosis-un-nino-de-7-anos\/#primaryimage"},"thumbnailUrl":"http:\/\/www.isletasnoticias.com.ar\/%77%70%2d%63%6f%6e%74%65%6e%74\/uploads\/2015\/01\/0012054333-300x168.jpg","datePublished":"2015-01-07T16:42:25+00:00","breadcrumb":{"@id":"https:\/\/informelitoral.com.ar\/chaco-murio-por-desnutricion-y-tuberculosis-un-nino-de-7-anos\/#breadcrumb"},"inLanguage":"es","potentialAction":[{"@type":"ReadAction","target":["https:\/\/informelitoral.com.ar\/chaco-murio-por-desnutricion-y-tuberculosis-un-nino-de-7-anos\/"]}]},{"@type":"ImageObject","inLanguage":"es","@id":"https:\/\/informelitoral.com.ar\/chaco-murio-por-desnutricion-y-tuberculosis-un-nino-de-7-anos\/#primaryimage","url":"http:\/\/www.isletasnoticias.com.ar\/%77%70%2d%63%6f%6e%74%65%6e%74\/uploads\/2015\/01\/0012054333-300x168.jpg","contentUrl":"http:\/\/www.isletasnoticias.com.ar\/%77%70%2d%63%6f%6e%74%65%6e%74\/uploads\/2015\/01\/0012054333-300x168.jpg"},{"@type":"BreadcrumbList","@id":"https:\/\/informelitoral.com.ar\/chaco-murio-por-desnutricion-y-tuberculosis-un-nino-de-7-anos\/#breadcrumb","itemListElement":[{"@type":"ListItem","position":1,"name":"Portada","item":"https:\/\/informelitoral.com.ar\/"},{"@type":"ListItem","position":2,"name":"Chaco: muri\u00f3 por desnutrici\u00f3n y tuberculosis un ni\u00f1o de 7 a\u00f1os"}]},{"@type":"WebSite","@id":"https:\/\/informelitoral.com.ar\/#website","url":"https:\/\/informelitoral.com.ar\/","name":"Informe Litoral","description":"&quot;Nos informamos&quot; ","publisher":{"@id":"https:\/\/informelitoral.com.ar\/#organization"},"potentialAction":[{"@type":"SearchAction","target":{"@type":"EntryPoint","urlTemplate":"https:\/\/informelitoral.com.ar\/?s={search_term_string}"},"query-input":{"@type":"PropertyValueSpecification","valueRequired":true,"valueName":"search_term_string"}}],"inLanguage":"es"},{"@type":"Organization","@id":"https:\/\/informelitoral.com.ar\/#organization","name":"Informe Litoral","url":"https:\/\/informelitoral.com.ar\/","logo":{"@type":"ImageObject","inLanguage":"es","@id":"https:\/\/informelitoral.com.ar\/#\/schema\/logo\/image\/","url":"https:\/\/informelitoral.com.ar\/%77%70%2d%63%6f%6e%74%65%6e%74\/uploads\/2021\/01\/circulo.png","contentUrl":"https:\/\/informelitoral.com.ar\/%77%70%2d%63%6f%6e%74%65%6e%74\/uploads\/2021\/01\/circulo.png","width":723,"height":731,"caption":"Informe Litoral"},"image":{"@id":"https:\/\/informelitoral.com.ar\/#\/schema\/logo\/image\/"},"sameAs":["https:\/\/www.facebook.com\/informelitoral\/","https:\/\/x.com\/InformeLitoral","https:\/\/www.instagram.com\/informelitoral\/","https:\/\/www.youtube.com\/channel\/UCua4Qvz8Icb6MYqhoq9xLXw"]},{"@type":"Person","@id":"https:\/\/informelitoral.com.ar\/#\/schema\/person\/b9d00407c836482871ef1d57bf8e3180","name":"Gonzalo Schmidt","image":{"@type":"ImageObject","inLanguage":"es","@id":"https:\/\/secure.gravatar.com\/avatar\/31a1a7b66ff2de83bd0e9fd79d026630d2d99e55e8bfe501287647b4fd9743de?s=96&d=mm&r=g","url":"https:\/\/secure.gravatar.com\/avatar\/31a1a7b66ff2de83bd0e9fd79d026630d2d99e55e8bfe501287647b4fd9743de?s=96&d=mm&r=g","contentUrl":"https:\/\/secure.gravatar.com\/avatar\/31a1a7b66ff2de83bd0e9fd79d026630d2d99e55e8bfe501287647b4fd9743de?s=96&d=mm&r=g","caption":"Gonzalo Schmidt"},"description":"Sitio web de noticias de la provincia de Entre R\u00edos, Argentina. Informaci\u00f3n y entretenimiento. Informe Litoral, nos informamos.","sameAs":["http:\/\/www.isletasnoticias.com.ar"],"url":"https:\/\/informelitoral.com.ar\/author\/gonzalo\/"}]}},"_links":{"self":[{"href":"https:\/\/informelitoral.com.ar\/%77%70%2d%6a%73%6f%6e\/wp\/v2\/posts\/9493","targetHints":{"allow":["GET"]}}],"collection":[{"href":"https:\/\/informelitoral.com.ar\/%77%70%2d%6a%73%6f%6e\/wp\/v2\/posts"}],"about":[{"href":"https:\/\/informelitoral.com.ar\/%77%70%2d%6a%73%6f%6e\/wp\/v2\/types\/post"}],"author":[{"embeddable":true,"href":"https:\/\/informelitoral.com.ar\/%77%70%2d%6a%73%6f%6e\/wp\/v2\/users\/2"}],"replies":[{"embeddable":true,"href":"https:\/\/informelitoral.com.ar\/%77%70%2d%6a%73%6f%6e\/wp\/v2\/comments?post=9493"}],"version-history":[{"count":0,"href":"https:\/\/informelitoral.com.ar\/%77%70%2d%6a%73%6f%6e\/wp\/v2\/posts\/9493\/revisions"}],"wp:attachment":[{"href":"https:\/\/informelitoral.com.ar\/%77%70%2d%6a%73%6f%6e\/wp\/v2\/media?parent=9493"}],"wp:term":[{"taxonomy":"category","embeddable":true,"href":"https:\/\/informelitoral.com.ar\/%77%70%2d%6a%73%6f%6e\/wp\/v2\/categories?post=9493"},{"taxonomy":"post_tag","embeddable":true,"href":"https:\/\/informelitoral.com.ar\/%77%70%2d%6a%73%6f%6e\/wp\/v2\/tags?post=9493"}],"curies":[{"name":"wp","href":"https:\/\/api.w.org\/{rel}","templated":true}]}}