{"id":94870,"date":"2022-11-18T09:14:33","date_gmt":"2022-11-18T12:14:33","guid":{"rendered":"https:\/\/www.informelitoral.com.ar\/?p=94870"},"modified":"2022-11-18T09:20:01","modified_gmt":"2022-11-18T12:20:01","slug":"tras-las-lesiones-de-nico-gonzalez-y-joaquin-correa-quienes-son-los-otros-tocados-de-la-seleccion-que-pueden-ser-reemplazados-antes-del-mundial-de-qatar","status":"publish","type":"post","link":"https:\/\/informelitoral.com.ar\/tras-las-lesiones-de-nico-gonzalez-y-joaquin-correa-quienes-son-los-otros-tocados-de-la-seleccion-que-pueden-ser-reemplazados-antes-del-mundial-de-qatar\/","title":{"rendered":"Tras las lesiones de Nico Gonz\u00e1lez y Joaqu\u00edn Correa, qui\u00e9nes son los otros \u201ctocados\u201d de la Selecci\u00f3n que pueden ser reemplazados antes del Mundial de Qatar"},"content":{"rendered":"<p>Luego de confirmarse\u00a0<b>las bajas de Nicol\u00e1s Gonz\u00e1lez (entr\u00f3 en su lugar \u00c1ngel Correa) y Joaqu\u00edn Correa (lo reemplaza Thiago Almada) por sendas lesiones<\/b>, hay otros jugadores de la\u00a0<b>selecci\u00f3n argentina\u00a0<\/b>que no est\u00e1n al ciento por ciento en el aspecto f\u00edsico y en el b\u00fanker no descartan volver a cambiar la lista de 26 que fue presentada el viernes 11. Cabe recordar que este mi\u00e9rcoles luego de la\u00a0<b>goleada 5-0 a los Emiratos \u00c1rabes Unidos (EAU)<\/b><b>\u00a0<\/b>en el \u00faltimo partido antes del comienzo del\u00a0<b>Mundial de Qatar,\u00a0<\/b>el entrenador\u00a0<b>Lionel Scaloni revel\u00f3 que podr\u00edan hacerse modificaciones<\/b>, algo que ya empez\u00f3 a cumplir.<\/p>\n<p><b>Cristian Romero\u00a0<\/b>es uno de los otros\u00a0<i>tocados\u00a0<\/i>que qued\u00f3 en el plantel. El\u00a0<i>Cuti\u00a0<\/i>sufri\u00f3 una lesi\u00f3n en su pierna derecha el 17 de agosto durante un partido entre Tottenham y Chelsea y desde entonces no hab\u00eda vuelto a tener continuidad en su club, m\u00e1s all\u00e1 de sumar algunos minutos. El zaguero es pieza clave del equipo y por eso se decidi\u00f3 que viaje al gran torneo, pero ahora su estado es una preocupaci\u00f3n. Iba a ser titular en Abu Dhabi, aunque el cuerpo t\u00e9cnico opt\u00f3 por preservarlo.<\/p>\n<p class=\"paragraph\">Aunque sin dudas el nombre que m\u00e1s llama la atenci\u00f3n es el de\u00a0<b>Marcos Acu\u00f1a<\/b>, quien pudo jugar todo el primer tiempo del amistoso en Abu Dhabi, rindi\u00f3 en gran nivel, pero al parecer<b>\u00a0la pubalgia lo tiene a maltraer<\/b>. El jugador del Sevilla no est\u00e1 recuperado de sus problemas f\u00edsicos y est\u00e1 generando un dolor de cabeza en el cuerpo t\u00e9cnico, que adem\u00e1s tiene a Tagliafico, quien compite con el puesto, con una sobrecarga muscular.<\/p>\n<p class=\"paragraph\">Adem\u00e1s, el caso\u00a0<b>Paulo Dybala<\/b>. La\u00a0<i>Joya\u00a0<\/i>viene de disputar algunos minutos en el \u00faltimo partido de la Roma el domingo, por lo que su evoluci\u00f3n es m\u00e1s que positiva, m\u00e1s all\u00e1 de que su plaza mundialista estuvo en duda hasta \u00faltimo momento.<\/p>\n","protected":false},"excerpt":{"rendered":"<p>Despu\u00e9s de la baja de los hombres de la Fiorentina y el Inter de MIl\u00e1n, hay m\u00e1s futbolistas afectados por problemas f\u00edsicos<\/p>\n","protected":false},"author":8,"featured_media":94283,"comment_status":"open","ping_status":"open","sticky":false,"template":"","format":"standard","meta":{"fifu_image_url":"","fifu_image_alt":"","footnotes":""},"categories":[13],"tags":[],"class_list":{"0":"post-94870","1":"post","2":"type-post","3":"status-publish","4":"format-standard","5":"has-post-thumbnail","7":"category-deportes"},"yoast_head":"<title>Tras las lesiones de Nico Gonz\u00e1lez y Joaqu\u00edn Correa, qui\u00e9nes son los otros \u201ctocados\u201d de la Selecci\u00f3n que pueden ser reemplazados antes del Mundial de Qatar - Informe Litoral<\/title>\n<meta name=\"robots\" content=\"index, follow, max-snippet:-1, max-image-preview:large, max-video-preview:-1\" \/>\n<link rel=\"canonical\" href=\"https:\/\/informelitoral.com.ar\/tras-las-lesiones-de-nico-gonzalez-y-joaquin-correa-quienes-son-los-otros-tocados-de-la-seleccion-que-pueden-ser-reemplazados-antes-del-mundial-de-qatar\/\" \/>\n<meta property=\"og:locale\" content=\"es_ES\" \/>\n<meta property=\"og:type\" content=\"article\" \/>\n<meta property=\"og:title\" content=\"Tras las lesiones de Nico Gonz\u00e1lez y Joaqu\u00edn Correa, qui\u00e9nes son los otros \u201ctocados\u201d de la Selecci\u00f3n que pueden ser reemplazados antes del Mundial de Qatar - Informe Litoral\" \/>\n<meta property=\"og:description\" content=\"Despu\u00e9s de la baja de los hombres de la Fiorentina y el Inter de MIl\u00e1n, hay m\u00e1s futbolistas afectados por problemas f\u00edsicos\" \/>\n<meta property=\"og:url\" content=\"https:\/\/informelitoral.com.ar\/tras-las-lesiones-de-nico-gonzalez-y-joaquin-correa-quienes-son-los-otros-tocados-de-la-seleccion-que-pueden-ser-reemplazados-antes-del-mundial-de-qatar\/\" \/>\n<meta property=\"og:site_name\" content=\"Informe Litoral\" \/>\n<meta property=\"article:publisher\" content=\"https:\/\/www.facebook.com\/informelitoral\/\" \/>\n<meta property=\"article:published_time\" content=\"2022-11-18T12:14:33+00:00\" \/>\n<meta property=\"article:modified_time\" content=\"2022-11-18T12:20:01+00:00\" \/>\n<meta property=\"og:image\" content=\"https:\/\/informelitoral.com.ar\/%77%70%2d%63%6f%6e%74%65%6e%74\/uploads\/2022\/11\/SYYOBQKWAFFANGEHRC4IL3U3RA.webp\" \/>\n\t<meta property=\"og:image:width\" content=\"992\" \/>\n\t<meta property=\"og:image:height\" content=\"558\" \/>\n\t<meta property=\"og:image:type\" content=\"image\/webp\" \/>\n<meta name=\"author\" content=\"Sebastian\" \/>\n<meta name=\"twitter:card\" content=\"summary_large_image\" \/>\n<meta name=\"twitter:creator\" content=\"@InformeLitoral\" \/>\n<meta name=\"twitter:site\" content=\"@InformeLitoral\" \/>\n<meta name=\"twitter:label1\" content=\"Escrito por\" \/>\n\t<meta name=\"twitter:data1\" content=\"Sebastian\" \/>\n\t<meta name=\"twitter:label2\" content=\"Tiempo de lectura\" \/>\n\t<meta name=\"twitter:data2\" content=\"2 minutos\" \/>\n<script type=\"application\/ld+json\" class=\"yoast-schema-graph\">{\"@context\":\"https:\\\/\\\/schema.org\",\"@graph\":[{\"@type\":\"Article\",\"@id\":\"https:\\\/\\\/informelitoral.com.ar\\\/tras-las-lesiones-de-nico-gonzalez-y-joaquin-correa-quienes-son-los-otros-tocados-de-la-seleccion-que-pueden-ser-reemplazados-antes-del-mundial-de-qatar\\\/#article\",\"isPartOf\":{\"@id\":\"https:\\\/\\\/informelitoral.com.ar\\\/tras-las-lesiones-de-nico-gonzalez-y-joaquin-correa-quienes-son-los-otros-tocados-de-la-seleccion-que-pueden-ser-reemplazados-antes-del-mundial-de-qatar\\\/\"},\"author\":{\"name\":\"Sebastian\",\"@id\":\"https:\\\/\\\/informelitoral.com.ar\\\/#\\\/schema\\\/person\\\/f05f9f461677119578717524b127d6d5\"},\"headline\":\"Tras las lesiones de Nico Gonz\u00e1lez y Joaqu\u00edn Correa, qui\u00e9nes son los otros \u201ctocados\u201d de la Selecci\u00f3n que pueden ser reemplazados antes del Mundial de Qatar\",\"datePublished\":\"2022-11-18T12:14:33+00:00\",\"dateModified\":\"2022-11-18T12:20:01+00:00\",\"mainEntityOfPage\":{\"@id\":\"https:\\\/\\\/informelitoral.com.ar\\\/tras-las-lesiones-de-nico-gonzalez-y-joaquin-correa-quienes-son-los-otros-tocados-de-la-seleccion-que-pueden-ser-reemplazados-antes-del-mundial-de-qatar\\\/\"},\"wordCount\":362,\"commentCount\":0,\"publisher\":{\"@id\":\"https:\\\/\\\/informelitoral.com.ar\\\/#organization\"},\"image\":{\"@id\":\"https:\\\/\\\/informelitoral.com.ar\\\/tras-las-lesiones-de-nico-gonzalez-y-joaquin-correa-quienes-son-los-otros-tocados-de-la-seleccion-que-pueden-ser-reemplazados-antes-del-mundial-de-qatar\\\/#primaryimage\"},\"thumbnailUrl\":\"https:\\\/\\\/informelitoral.com.ar\\\/%77%70%2d%63%6f%6e%74%65%6e%74\\\/uploads\\\/2022\\\/11\\\/SYYOBQKWAFFANGEHRC4IL3U3RA.webp\",\"articleSection\":[\"Deportes\"],\"inLanguage\":\"es\",\"potentialAction\":[{\"@type\":\"CommentAction\",\"name\":\"Comment\",\"target\":[\"https:\\\/\\\/informelitoral.com.ar\\\/tras-las-lesiones-de-nico-gonzalez-y-joaquin-correa-quienes-son-los-otros-tocados-de-la-seleccion-que-pueden-ser-reemplazados-antes-del-mundial-de-qatar\\\/#respond\"]}]},{\"@type\":\"WebPage\",\"@id\":\"https:\\\/\\\/informelitoral.com.ar\\\/tras-las-lesiones-de-nico-gonzalez-y-joaquin-correa-quienes-son-los-otros-tocados-de-la-seleccion-que-pueden-ser-reemplazados-antes-del-mundial-de-qatar\\\/\",\"url\":\"https:\\\/\\\/informelitoral.com.ar\\\/tras-las-lesiones-de-nico-gonzalez-y-joaquin-correa-quienes-son-los-otros-tocados-de-la-seleccion-que-pueden-ser-reemplazados-antes-del-mundial-de-qatar\\\/\",\"name\":\"Tras las lesiones de Nico Gonz\u00e1lez y Joaqu\u00edn Correa, qui\u00e9nes son los otros \u201ctocados\u201d de la Selecci\u00f3n que pueden ser reemplazados antes del Mundial de Qatar - Informe Litoral\",\"isPartOf\":{\"@id\":\"https:\\\/\\\/informelitoral.com.ar\\\/#website\"},\"primaryImageOfPage\":{\"@id\":\"https:\\\/\\\/informelitoral.com.ar\\\/tras-las-lesiones-de-nico-gonzalez-y-joaquin-correa-quienes-son-los-otros-tocados-de-la-seleccion-que-pueden-ser-reemplazados-antes-del-mundial-de-qatar\\\/#primaryimage\"},\"image\":{\"@id\":\"https:\\\/\\\/informelitoral.com.ar\\\/tras-las-lesiones-de-nico-gonzalez-y-joaquin-correa-quienes-son-los-otros-tocados-de-la-seleccion-que-pueden-ser-reemplazados-antes-del-mundial-de-qatar\\\/#primaryimage\"},\"thumbnailUrl\":\"https:\\\/\\\/informelitoral.com.ar\\\/%77%70%2d%63%6f%6e%74%65%6e%74\\\/uploads\\\/2022\\\/11\\\/SYYOBQKWAFFANGEHRC4IL3U3RA.webp\",\"datePublished\":\"2022-11-18T12:14:33+00:00\",\"dateModified\":\"2022-11-18T12:20:01+00:00\",\"breadcrumb\":{\"@id\":\"https:\\\/\\\/informelitoral.com.ar\\\/tras-las-lesiones-de-nico-gonzalez-y-joaquin-correa-quienes-son-los-otros-tocados-de-la-seleccion-que-pueden-ser-reemplazados-antes-del-mundial-de-qatar\\\/#breadcrumb\"},\"inLanguage\":\"es\",\"potentialAction\":[{\"@type\":\"ReadAction\",\"target\":[\"https:\\\/\\\/informelitoral.com.ar\\\/tras-las-lesiones-de-nico-gonzalez-y-joaquin-correa-quienes-son-los-otros-tocados-de-la-seleccion-que-pueden-ser-reemplazados-antes-del-mundial-de-qatar\\\/\"]}]},{\"@type\":\"ImageObject\",\"inLanguage\":\"es\",\"@id\":\"https:\\\/\\\/informelitoral.com.ar\\\/tras-las-lesiones-de-nico-gonzalez-y-joaquin-correa-quienes-son-los-otros-tocados-de-la-seleccion-que-pueden-ser-reemplazados-antes-del-mundial-de-qatar\\\/#primaryimage\",\"url\":\"https:\\\/\\\/informelitoral.com.ar\\\/%77%70%2d%63%6f%6e%74%65%6e%74\\\/uploads\\\/2022\\\/11\\\/SYYOBQKWAFFANGEHRC4IL3U3RA.webp\",\"contentUrl\":\"https:\\\/\\\/informelitoral.com.ar\\\/%77%70%2d%63%6f%6e%74%65%6e%74\\\/uploads\\\/2022\\\/11\\\/SYYOBQKWAFFANGEHRC4IL3U3RA.webp\",\"width\":992,\"height\":558},{\"@type\":\"BreadcrumbList\",\"@id\":\"https:\\\/\\\/informelitoral.com.ar\\\/tras-las-lesiones-de-nico-gonzalez-y-joaquin-correa-quienes-son-los-otros-tocados-de-la-seleccion-que-pueden-ser-reemplazados-antes-del-mundial-de-qatar\\\/#breadcrumb\",\"itemListElement\":[{\"@type\":\"ListItem\",\"position\":1,\"name\":\"Portada\",\"item\":\"https:\\\/\\\/informelitoral.com.ar\\\/\"},{\"@type\":\"ListItem\",\"position\":2,\"name\":\"Tras las lesiones de Nico Gonz\u00e1lez y Joaqu\u00edn Correa, qui\u00e9nes son los otros \u201ctocados\u201d de la Selecci\u00f3n que pueden ser reemplazados antes del Mundial de Qatar\"}]},{\"@type\":\"WebSite\",\"@id\":\"https:\\\/\\\/informelitoral.com.ar\\\/#website\",\"url\":\"https:\\\/\\\/informelitoral.com.ar\\\/\",\"name\":\"Informe Litoral\",\"description\":\"&quot;Nos informamos&quot; \",\"publisher\":{\"@id\":\"https:\\\/\\\/informelitoral.com.ar\\\/#organization\"},\"potentialAction\":[{\"@type\":\"SearchAction\",\"target\":{\"@type\":\"EntryPoint\",\"urlTemplate\":\"https:\\\/\\\/informelitoral.com.ar\\\/?s={search_term_string}\"},\"query-input\":{\"@type\":\"PropertyValueSpecification\",\"valueRequired\":true,\"valueName\":\"search_term_string\"}}],\"inLanguage\":\"es\"},{\"@type\":\"Organization\",\"@id\":\"https:\\\/\\\/informelitoral.com.ar\\\/#organization\",\"name\":\"Informe Litoral\",\"url\":\"https:\\\/\\\/informelitoral.com.ar\\\/\",\"logo\":{\"@type\":\"ImageObject\",\"inLanguage\":\"es\",\"@id\":\"https:\\\/\\\/informelitoral.com.ar\\\/#\\\/schema\\\/logo\\\/image\\\/\",\"url\":\"https:\\\/\\\/informelitoral.com.ar\\\/%77%70%2d%63%6f%6e%74%65%6e%74\\\/uploads\\\/2021\\\/01\\\/circulo.png\",\"contentUrl\":\"https:\\\/\\\/informelitoral.com.ar\\\/%77%70%2d%63%6f%6e%74%65%6e%74\\\/uploads\\\/2021\\\/01\\\/circulo.png\",\"width\":723,\"height\":731,\"caption\":\"Informe Litoral\"},\"image\":{\"@id\":\"https:\\\/\\\/informelitoral.com.ar\\\/#\\\/schema\\\/logo\\\/image\\\/\"},\"sameAs\":[\"https:\\\/\\\/www.facebook.com\\\/informelitoral\\\/\",\"https:\\\/\\\/x.com\\\/InformeLitoral\",\"https:\\\/\\\/www.instagram.com\\\/informelitoral\\\/\",\"https:\\\/\\\/www.youtube.com\\\/channel\\\/UCua4Qvz8Icb6MYqhoq9xLXw\"]},{\"@type\":\"Person\",\"@id\":\"https:\\\/\\\/informelitoral.com.ar\\\/#\\\/schema\\\/person\\\/f05f9f461677119578717524b127d6d5\",\"name\":\"Sebastian\",\"image\":{\"@type\":\"ImageObject\",\"inLanguage\":\"es\",\"@id\":\"https:\\\/\\\/secure.gravatar.com\\\/avatar\\\/b71bf7481d447dfb9583c7f2798e7cc64de6efb9067b74633ed8c31059a3bd82?s=96&d=mm&r=g\",\"url\":\"https:\\\/\\\/secure.gravatar.com\\\/avatar\\\/b71bf7481d447dfb9583c7f2798e7cc64de6efb9067b74633ed8c31059a3bd82?s=96&d=mm&r=g\",\"contentUrl\":\"https:\\\/\\\/secure.gravatar.com\\\/avatar\\\/b71bf7481d447dfb9583c7f2798e7cc64de6efb9067b74633ed8c31059a3bd82?s=96&d=mm&r=g\",\"caption\":\"Sebastian\"},\"url\":\"https:\\\/\\\/informelitoral.com.ar\\\/author\\\/sebastian\\\/\"}]}<\/script>","yoast_head_json":{"title":"Tras las lesiones de Nico Gonz\u00e1lez y Joaqu\u00edn Correa, qui\u00e9nes son los otros \u201ctocados\u201d de la Selecci\u00f3n que pueden ser reemplazados antes del Mundial de Qatar - Informe Litoral","robots":{"index":"index","follow":"follow","max-snippet":"max-snippet:-1","max-image-preview":"max-image-preview:large","max-video-preview":"max-video-preview:-1"},"canonical":"https:\/\/informelitoral.com.ar\/tras-las-lesiones-de-nico-gonzalez-y-joaquin-correa-quienes-son-los-otros-tocados-de-la-seleccion-que-pueden-ser-reemplazados-antes-del-mundial-de-qatar\/","og_locale":"es_ES","og_type":"article","og_title":"Tras las lesiones de Nico Gonz\u00e1lez y Joaqu\u00edn Correa, qui\u00e9nes son los otros \u201ctocados\u201d de la Selecci\u00f3n que pueden ser reemplazados antes del Mundial de Qatar - Informe Litoral","og_description":"Despu\u00e9s de la baja de los hombres de la Fiorentina y el Inter de MIl\u00e1n, hay m\u00e1s futbolistas afectados por problemas f\u00edsicos","og_url":"https:\/\/informelitoral.com.ar\/tras-las-lesiones-de-nico-gonzalez-y-joaquin-correa-quienes-son-los-otros-tocados-de-la-seleccion-que-pueden-ser-reemplazados-antes-del-mundial-de-qatar\/","og_site_name":"Informe Litoral","article_publisher":"https:\/\/www.facebook.com\/informelitoral\/","article_published_time":"2022-11-18T12:14:33+00:00","article_modified_time":"2022-11-18T12:20:01+00:00","og_image":[{"width":992,"height":558,"url":"https:\/\/informelitoral.com.ar\/%77%70%2d%63%6f%6e%74%65%6e%74\/uploads\/2022\/11\/SYYOBQKWAFFANGEHRC4IL3U3RA.webp","type":"image\/webp"}],"author":"Sebastian","twitter_card":"summary_large_image","twitter_creator":"@InformeLitoral","twitter_site":"@InformeLitoral","twitter_misc":{"Escrito por":"Sebastian","Tiempo de lectura":"2 minutos"},"schema":{"@context":"https:\/\/schema.org","@graph":[{"@type":"Article","@id":"https:\/\/informelitoral.com.ar\/tras-las-lesiones-de-nico-gonzalez-y-joaquin-correa-quienes-son-los-otros-tocados-de-la-seleccion-que-pueden-ser-reemplazados-antes-del-mundial-de-qatar\/#article","isPartOf":{"@id":"https:\/\/informelitoral.com.ar\/tras-las-lesiones-de-nico-gonzalez-y-joaquin-correa-quienes-son-los-otros-tocados-de-la-seleccion-que-pueden-ser-reemplazados-antes-del-mundial-de-qatar\/"},"author":{"name":"Sebastian","@id":"https:\/\/informelitoral.com.ar\/#\/schema\/person\/f05f9f461677119578717524b127d6d5"},"headline":"Tras las lesiones de Nico Gonz\u00e1lez y Joaqu\u00edn Correa, qui\u00e9nes son los otros \u201ctocados\u201d de la Selecci\u00f3n que pueden ser reemplazados antes del Mundial de Qatar","datePublished":"2022-11-18T12:14:33+00:00","dateModified":"2022-11-18T12:20:01+00:00","mainEntityOfPage":{"@id":"https:\/\/informelitoral.com.ar\/tras-las-lesiones-de-nico-gonzalez-y-joaquin-correa-quienes-son-los-otros-tocados-de-la-seleccion-que-pueden-ser-reemplazados-antes-del-mundial-de-qatar\/"},"wordCount":362,"commentCount":0,"publisher":{"@id":"https:\/\/informelitoral.com.ar\/#organization"},"image":{"@id":"https:\/\/informelitoral.com.ar\/tras-las-lesiones-de-nico-gonzalez-y-joaquin-correa-quienes-son-los-otros-tocados-de-la-seleccion-que-pueden-ser-reemplazados-antes-del-mundial-de-qatar\/#primaryimage"},"thumbnailUrl":"https:\/\/informelitoral.com.ar\/%77%70%2d%63%6f%6e%74%65%6e%74\/uploads\/2022\/11\/SYYOBQKWAFFANGEHRC4IL3U3RA.webp","articleSection":["Deportes"],"inLanguage":"es","potentialAction":[{"@type":"CommentAction","name":"Comment","target":["https:\/\/informelitoral.com.ar\/tras-las-lesiones-de-nico-gonzalez-y-joaquin-correa-quienes-son-los-otros-tocados-de-la-seleccion-que-pueden-ser-reemplazados-antes-del-mundial-de-qatar\/#respond"]}]},{"@type":"WebPage","@id":"https:\/\/informelitoral.com.ar\/tras-las-lesiones-de-nico-gonzalez-y-joaquin-correa-quienes-son-los-otros-tocados-de-la-seleccion-que-pueden-ser-reemplazados-antes-del-mundial-de-qatar\/","url":"https:\/\/informelitoral.com.ar\/tras-las-lesiones-de-nico-gonzalez-y-joaquin-correa-quienes-son-los-otros-tocados-de-la-seleccion-que-pueden-ser-reemplazados-antes-del-mundial-de-qatar\/","name":"Tras las lesiones de Nico Gonz\u00e1lez y Joaqu\u00edn Correa, qui\u00e9nes son los otros \u201ctocados\u201d de la Selecci\u00f3n que pueden ser reemplazados antes del Mundial de Qatar - Informe Litoral","isPartOf":{"@id":"https:\/\/informelitoral.com.ar\/#website"},"primaryImageOfPage":{"@id":"https:\/\/informelitoral.com.ar\/tras-las-lesiones-de-nico-gonzalez-y-joaquin-correa-quienes-son-los-otros-tocados-de-la-seleccion-que-pueden-ser-reemplazados-antes-del-mundial-de-qatar\/#primaryimage"},"image":{"@id":"https:\/\/informelitoral.com.ar\/tras-las-lesiones-de-nico-gonzalez-y-joaquin-correa-quienes-son-los-otros-tocados-de-la-seleccion-que-pueden-ser-reemplazados-antes-del-mundial-de-qatar\/#primaryimage"},"thumbnailUrl":"https:\/\/informelitoral.com.ar\/%77%70%2d%63%6f%6e%74%65%6e%74\/uploads\/2022\/11\/SYYOBQKWAFFANGEHRC4IL3U3RA.webp","datePublished":"2022-11-18T12:14:33+00:00","dateModified":"2022-11-18T12:20:01+00:00","breadcrumb":{"@id":"https:\/\/informelitoral.com.ar\/tras-las-lesiones-de-nico-gonzalez-y-joaquin-correa-quienes-son-los-otros-tocados-de-la-seleccion-que-pueden-ser-reemplazados-antes-del-mundial-de-qatar\/#breadcrumb"},"inLanguage":"es","potentialAction":[{"@type":"ReadAction","target":["https:\/\/informelitoral.com.ar\/tras-las-lesiones-de-nico-gonzalez-y-joaquin-correa-quienes-son-los-otros-tocados-de-la-seleccion-que-pueden-ser-reemplazados-antes-del-mundial-de-qatar\/"]}]},{"@type":"ImageObject","inLanguage":"es","@id":"https:\/\/informelitoral.com.ar\/tras-las-lesiones-de-nico-gonzalez-y-joaquin-correa-quienes-son-los-otros-tocados-de-la-seleccion-que-pueden-ser-reemplazados-antes-del-mundial-de-qatar\/#primaryimage","url":"https:\/\/informelitoral.com.ar\/%77%70%2d%63%6f%6e%74%65%6e%74\/uploads\/2022\/11\/SYYOBQKWAFFANGEHRC4IL3U3RA.webp","contentUrl":"https:\/\/informelitoral.com.ar\/%77%70%2d%63%6f%6e%74%65%6e%74\/uploads\/2022\/11\/SYYOBQKWAFFANGEHRC4IL3U3RA.webp","width":992,"height":558},{"@type":"BreadcrumbList","@id":"https:\/\/informelitoral.com.ar\/tras-las-lesiones-de-nico-gonzalez-y-joaquin-correa-quienes-son-los-otros-tocados-de-la-seleccion-que-pueden-ser-reemplazados-antes-del-mundial-de-qatar\/#breadcrumb","itemListElement":[{"@type":"ListItem","position":1,"name":"Portada","item":"https:\/\/informelitoral.com.ar\/"},{"@type":"ListItem","position":2,"name":"Tras las lesiones de Nico Gonz\u00e1lez y Joaqu\u00edn Correa, qui\u00e9nes son los otros \u201ctocados\u201d de la Selecci\u00f3n que pueden ser reemplazados antes del Mundial de Qatar"}]},{"@type":"WebSite","@id":"https:\/\/informelitoral.com.ar\/#website","url":"https:\/\/informelitoral.com.ar\/","name":"Informe Litoral","description":"&quot;Nos informamos&quot; ","publisher":{"@id":"https:\/\/informelitoral.com.ar\/#organization"},"potentialAction":[{"@type":"SearchAction","target":{"@type":"EntryPoint","urlTemplate":"https:\/\/informelitoral.com.ar\/?s={search_term_string}"},"query-input":{"@type":"PropertyValueSpecification","valueRequired":true,"valueName":"search_term_string"}}],"inLanguage":"es"},{"@type":"Organization","@id":"https:\/\/informelitoral.com.ar\/#organization","name":"Informe Litoral","url":"https:\/\/informelitoral.com.ar\/","logo":{"@type":"ImageObject","inLanguage":"es","@id":"https:\/\/informelitoral.com.ar\/#\/schema\/logo\/image\/","url":"https:\/\/informelitoral.com.ar\/%77%70%2d%63%6f%6e%74%65%6e%74\/uploads\/2021\/01\/circulo.png","contentUrl":"https:\/\/informelitoral.com.ar\/%77%70%2d%63%6f%6e%74%65%6e%74\/uploads\/2021\/01\/circulo.png","width":723,"height":731,"caption":"Informe Litoral"},"image":{"@id":"https:\/\/informelitoral.com.ar\/#\/schema\/logo\/image\/"},"sameAs":["https:\/\/www.facebook.com\/informelitoral\/","https:\/\/x.com\/InformeLitoral","https:\/\/www.instagram.com\/informelitoral\/","https:\/\/www.youtube.com\/channel\/UCua4Qvz8Icb6MYqhoq9xLXw"]},{"@type":"Person","@id":"https:\/\/informelitoral.com.ar\/#\/schema\/person\/f05f9f461677119578717524b127d6d5","name":"Sebastian","image":{"@type":"ImageObject","inLanguage":"es","@id":"https:\/\/secure.gravatar.com\/avatar\/b71bf7481d447dfb9583c7f2798e7cc64de6efb9067b74633ed8c31059a3bd82?s=96&d=mm&r=g","url":"https:\/\/secure.gravatar.com\/avatar\/b71bf7481d447dfb9583c7f2798e7cc64de6efb9067b74633ed8c31059a3bd82?s=96&d=mm&r=g","contentUrl":"https:\/\/secure.gravatar.com\/avatar\/b71bf7481d447dfb9583c7f2798e7cc64de6efb9067b74633ed8c31059a3bd82?s=96&d=mm&r=g","caption":"Sebastian"},"url":"https:\/\/informelitoral.com.ar\/author\/sebastian\/"}]}},"_links":{"self":[{"href":"https:\/\/informelitoral.com.ar\/%77%70%2d%6a%73%6f%6e\/wp\/v2\/posts\/94870","targetHints":{"allow":["GET"]}}],"collection":[{"href":"https:\/\/informelitoral.com.ar\/%77%70%2d%6a%73%6f%6e\/wp\/v2\/posts"}],"about":[{"href":"https:\/\/informelitoral.com.ar\/%77%70%2d%6a%73%6f%6e\/wp\/v2\/types\/post"}],"author":[{"embeddable":true,"href":"https:\/\/informelitoral.com.ar\/%77%70%2d%6a%73%6f%6e\/wp\/v2\/users\/8"}],"replies":[{"embeddable":true,"href":"https:\/\/informelitoral.com.ar\/%77%70%2d%6a%73%6f%6e\/wp\/v2\/comments?post=94870"}],"version-history":[{"count":0,"href":"https:\/\/informelitoral.com.ar\/%77%70%2d%6a%73%6f%6e\/wp\/v2\/posts\/94870\/revisions"}],"wp:featuredmedia":[{"embeddable":true,"href":"https:\/\/informelitoral.com.ar\/%77%70%2d%6a%73%6f%6e\/wp\/v2\/media\/94283"}],"wp:attachment":[{"href":"https:\/\/informelitoral.com.ar\/%77%70%2d%6a%73%6f%6e\/wp\/v2\/media?parent=94870"}],"wp:term":[{"taxonomy":"category","embeddable":true,"href":"https:\/\/informelitoral.com.ar\/%77%70%2d%6a%73%6f%6e\/wp\/v2\/categories?post=94870"},{"taxonomy":"post_tag","embeddable":true,"href":"https:\/\/informelitoral.com.ar\/%77%70%2d%6a%73%6f%6e\/wp\/v2\/tags?post=94870"}],"curies":[{"name":"wp","href":"https:\/\/api.w.org\/{rel}","templated":true}]}}