{"id":9484,"date":"2015-01-06T21:53:44","date_gmt":"2015-01-07T00:53:44","guid":{"rendered":"http:\/\/www.isletasnoticias.com.ar\/?p=9484"},"modified":"2015-01-06T22:05:55","modified_gmt":"2015-01-07T01:05:55","slug":"isletas-un-rayo-mato-a-dos-vacas-lecheras","status":"publish","type":"post","link":"https:\/\/informelitoral.com.ar\/isletas-un-rayo-mato-a-dos-vacas-lecheras\/","title":{"rendered":"Isletas: un rayo mat\u00f3 a dos vacas lecheras"},"content":{"rendered":"<p><strong>Una fuerte tormenta el\u00e9ctrica se registr\u00f3 en Isletas y la regi\u00f3n este martes por la tarde. Uno de los rayos mat\u00f3 a dos vacas lecheras. Contin\u00faan las lluvias.\u00a0<a href=\"http:\/\/www.isletasnoticias.com.ar\/%77%70%2d%63%6f%6e%74%65%6e%74\/uploads\/2015\/01\/rayo.jpg\"><img loading=\"lazy\" decoding=\"async\" class=\"aligncenter size-medium wp-image-9485\" src=\"http:\/\/www.isletasnoticias.com.ar\/%77%70%2d%63%6f%6e%74%65%6e%74\/uploads\/2015\/01\/rayo-225x300.jpg\" alt=\"rayo\" width=\"225\" height=\"300\" srcset=\"https:\/\/informelitoral.com.ar\/%77%70%2d%63%6f%6e%74%65%6e%74\/uploads\/2015\/01\/rayo-225x300.jpg 225w, https:\/\/informelitoral.com.ar\/%77%70%2d%63%6f%6e%74%65%6e%74\/uploads\/2015\/01\/rayo.jpg 480w\" sizes=\"auto, (max-width: 225px) 100vw, 225px\" \/><\/a><\/strong><\/p>\n<p>Dos vacas lecheras murieron fulminadas por un rayo este martes en horas de la tarde en un tambo de esta localidad del departamento Diamante, en medio de fuertes lluvias acompa\u00f1adas de tormenta el\u00e9ctrica.<\/p>\n<p>El establecimiento se encuentra ubicado sobre el camino de ripio que comunica Isletas con Ram\u00edrez, a unos 10 km. de esta \u00faltima ciudad.<\/p>\n<p>Seg\u00fan poste\u00f3 el propio productor de apellido Eichmann en la red social Facebook, las vacas \u00abjusto hab\u00edan salido del tambo\u00bb tras ser orde\u00f1adas. \u00abFue un impacto impresionante. Se sab\u00eda que cay\u00f3 cerca y las otras vacas fueron enseguida a ver qu\u00e9 pas\u00f3 y ah\u00ed nos dimos cuenta que algo hab\u00eda pasado pero por la lluvia no se ve\u00eda bien\u00bb, explic\u00f3 el productor.<\/p>\n<p>La imagen hace estremecer, con solo pensar que podr\u00eda haber alcanzado a seres humanos, teniendo en cuenta que por el horario, muchos vecinos se encuentraban en el campo realizando sus actividades.<\/p>\n<p>Las perdidas econ\u00f3micas, rondar\u00edan los $35.000, seg\u00fan un productor vecino, \u00abpero por suerte fueron vacas\u00bb, reconoci\u00f3.<\/p>\n<p>Seg\u00fan el Servicio Metereol\u00f3gico Nacional, las lluvias continuar\u00edan hasta el s\u00e1bado en esta regi\u00f3n de Entre R\u00edos. <em>(Isletas Noticias)<\/em><\/p>\n","protected":false},"excerpt":{"rendered":"<p>Una fuerte tormenta el&eacute;ctrica se registr&oacute; en Isletas y la regi&oacute;n este martes por la tarde. Uno de los rayos mat&oacute; a dos vacas lecheras. Contin&uacute;an las lluvias.&nbsp; Dos vacas lecheras murieron fulminadas por un rayo este martes en horas de la tarde en un tambo de esta localidad del departamento Diamante, en medio de [&hellip;]<\/p>\n","protected":false},"author":2,"featured_media":0,"comment_status":"open","ping_status":"open","sticky":false,"template":"","format":"standard","meta":{"fifu_image_url":"","fifu_image_alt":"","footnotes":""},"categories":[4],"tags":[],"class_list":{"0":"post-9484","1":"post","2":"type-post","3":"status-publish","4":"format-standard","6":"category-locales"},"yoast_head":"<title>Isletas: un rayo mat\u00f3 a dos vacas lecheras  - Informe Litoral<\/title>\n<meta name=\"robots\" content=\"index, follow, max-snippet:-1, max-image-preview:large, max-video-preview:-1\" \/>\n<link rel=\"canonical\" href=\"https:\/\/informelitoral.com.ar\/isletas-un-rayo-mato-a-dos-vacas-lecheras\/\" \/>\n<meta property=\"og:locale\" content=\"es_ES\" \/>\n<meta property=\"og:type\" content=\"article\" \/>\n<meta property=\"og:title\" content=\"Isletas: un rayo mat\u00f3 a dos vacas lecheras  - Informe Litoral\" \/>\n<meta property=\"og:description\" content=\"Una fuerte tormenta el&eacute;ctrica se registr&oacute; en Isletas y la regi&oacute;n este martes por la tarde. Uno de los rayos mat&oacute; a dos vacas lecheras. Contin&uacute;an las lluvias.&nbsp; Dos vacas lecheras murieron fulminadas por un rayo este martes en horas de la tarde en un tambo de esta localidad del departamento Diamante, en medio de [&hellip;]\" \/>\n<meta property=\"og:url\" content=\"https:\/\/informelitoral.com.ar\/isletas-un-rayo-mato-a-dos-vacas-lecheras\/\" \/>\n<meta property=\"og:site_name\" content=\"Informe Litoral\" \/>\n<meta property=\"article:publisher\" content=\"https:\/\/www.facebook.com\/informelitoral\/\" \/>\n<meta property=\"article:published_time\" content=\"2015-01-07T00:53:44+00:00\" \/>\n<meta property=\"article:modified_time\" content=\"2015-01-07T01:05:55+00:00\" \/>\n<meta property=\"og:image\" content=\"https:\/\/informelitoral.com.ar\/%77%70%2d%63%6f%6e%74%65%6e%74\/uploads\/2015\/01\/rayo.jpg\" \/>\n\t<meta property=\"og:image:width\" content=\"480\" \/>\n\t<meta property=\"og:image:height\" content=\"640\" \/>\n\t<meta property=\"og:image:type\" content=\"image\/jpeg\" \/>\n<meta name=\"author\" content=\"Gonzalo Schmidt\" \/>\n<meta name=\"twitter:card\" content=\"summary_large_image\" \/>\n<meta name=\"twitter:creator\" content=\"@InformeLitoral\" \/>\n<meta name=\"twitter:site\" content=\"@InformeLitoral\" \/>\n<meta name=\"twitter:label1\" content=\"Escrito por\" \/>\n\t<meta name=\"twitter:data1\" content=\"Gonzalo Schmidt\" \/>\n\t<meta name=\"twitter:label2\" content=\"Tiempo de lectura\" \/>\n\t<meta name=\"twitter:data2\" content=\"1 minuto\" \/>\n<script type=\"application\/ld+json\" class=\"yoast-schema-graph\">{\"@context\":\"https:\\\/\\\/schema.org\",\"@graph\":[{\"@type\":\"Article\",\"@id\":\"https:\\\/\\\/informelitoral.com.ar\\\/isletas-un-rayo-mato-a-dos-vacas-lecheras\\\/#article\",\"isPartOf\":{\"@id\":\"https:\\\/\\\/informelitoral.com.ar\\\/isletas-un-rayo-mato-a-dos-vacas-lecheras\\\/\"},\"author\":{\"name\":\"Gonzalo Schmidt\",\"@id\":\"https:\\\/\\\/informelitoral.com.ar\\\/#\\\/schema\\\/person\\\/b9d00407c836482871ef1d57bf8e3180\"},\"headline\":\"Isletas: un rayo mat\u00f3 a dos vacas lecheras\",\"datePublished\":\"2015-01-07T00:53:44+00:00\",\"dateModified\":\"2015-01-07T01:05:55+00:00\",\"mainEntityOfPage\":{\"@id\":\"https:\\\/\\\/informelitoral.com.ar\\\/isletas-un-rayo-mato-a-dos-vacas-lecheras\\\/\"},\"wordCount\":240,\"commentCount\":0,\"publisher\":{\"@id\":\"https:\\\/\\\/informelitoral.com.ar\\\/#organization\"},\"image\":{\"@id\":\"https:\\\/\\\/informelitoral.com.ar\\\/isletas-un-rayo-mato-a-dos-vacas-lecheras\\\/#primaryimage\"},\"thumbnailUrl\":\"http:\\\/\\\/www.isletasnoticias.com.ar\\\/%77%70%2d%63%6f%6e%74%65%6e%74\\\/uploads\\\/2015\\\/01\\\/rayo-225x300.jpg\",\"articleSection\":[\"Isletas\"],\"inLanguage\":\"es\",\"potentialAction\":[{\"@type\":\"CommentAction\",\"name\":\"Comment\",\"target\":[\"https:\\\/\\\/informelitoral.com.ar\\\/isletas-un-rayo-mato-a-dos-vacas-lecheras\\\/#respond\"]}]},{\"@type\":\"WebPage\",\"@id\":\"https:\\\/\\\/informelitoral.com.ar\\\/isletas-un-rayo-mato-a-dos-vacas-lecheras\\\/\",\"url\":\"https:\\\/\\\/informelitoral.com.ar\\\/isletas-un-rayo-mato-a-dos-vacas-lecheras\\\/\",\"name\":\"Isletas: un rayo mat\u00f3 a dos vacas lecheras - Informe Litoral\",\"isPartOf\":{\"@id\":\"https:\\\/\\\/informelitoral.com.ar\\\/#website\"},\"primaryImageOfPage\":{\"@id\":\"https:\\\/\\\/informelitoral.com.ar\\\/isletas-un-rayo-mato-a-dos-vacas-lecheras\\\/#primaryimage\"},\"image\":{\"@id\":\"https:\\\/\\\/informelitoral.com.ar\\\/isletas-un-rayo-mato-a-dos-vacas-lecheras\\\/#primaryimage\"},\"thumbnailUrl\":\"http:\\\/\\\/www.isletasnoticias.com.ar\\\/%77%70%2d%63%6f%6e%74%65%6e%74\\\/uploads\\\/2015\\\/01\\\/rayo-225x300.jpg\",\"datePublished\":\"2015-01-07T00:53:44+00:00\",\"dateModified\":\"2015-01-07T01:05:55+00:00\",\"breadcrumb\":{\"@id\":\"https:\\\/\\\/informelitoral.com.ar\\\/isletas-un-rayo-mato-a-dos-vacas-lecheras\\\/#breadcrumb\"},\"inLanguage\":\"es\",\"potentialAction\":[{\"@type\":\"ReadAction\",\"target\":[\"https:\\\/\\\/informelitoral.com.ar\\\/isletas-un-rayo-mato-a-dos-vacas-lecheras\\\/\"]}]},{\"@type\":\"ImageObject\",\"inLanguage\":\"es\",\"@id\":\"https:\\\/\\\/informelitoral.com.ar\\\/isletas-un-rayo-mato-a-dos-vacas-lecheras\\\/#primaryimage\",\"url\":\"http:\\\/\\\/www.isletasnoticias.com.ar\\\/%77%70%2d%63%6f%6e%74%65%6e%74\\\/uploads\\\/2015\\\/01\\\/rayo-225x300.jpg\",\"contentUrl\":\"http:\\\/\\\/www.isletasnoticias.com.ar\\\/%77%70%2d%63%6f%6e%74%65%6e%74\\\/uploads\\\/2015\\\/01\\\/rayo-225x300.jpg\"},{\"@type\":\"BreadcrumbList\",\"@id\":\"https:\\\/\\\/informelitoral.com.ar\\\/isletas-un-rayo-mato-a-dos-vacas-lecheras\\\/#breadcrumb\",\"itemListElement\":[{\"@type\":\"ListItem\",\"position\":1,\"name\":\"Portada\",\"item\":\"https:\\\/\\\/informelitoral.com.ar\\\/\"},{\"@type\":\"ListItem\",\"position\":2,\"name\":\"Isletas: un rayo mat\u00f3 a dos vacas lecheras\"}]},{\"@type\":\"WebSite\",\"@id\":\"https:\\\/\\\/informelitoral.com.ar\\\/#website\",\"url\":\"https:\\\/\\\/informelitoral.com.ar\\\/\",\"name\":\"Informe Litoral\",\"description\":\"&quot;Nos informamos&quot; \",\"publisher\":{\"@id\":\"https:\\\/\\\/informelitoral.com.ar\\\/#organization\"},\"potentialAction\":[{\"@type\":\"SearchAction\",\"target\":{\"@type\":\"EntryPoint\",\"urlTemplate\":\"https:\\\/\\\/informelitoral.com.ar\\\/?s={search_term_string}\"},\"query-input\":{\"@type\":\"PropertyValueSpecification\",\"valueRequired\":true,\"valueName\":\"search_term_string\"}}],\"inLanguage\":\"es\"},{\"@type\":\"Organization\",\"@id\":\"https:\\\/\\\/informelitoral.com.ar\\\/#organization\",\"name\":\"Informe Litoral\",\"url\":\"https:\\\/\\\/informelitoral.com.ar\\\/\",\"logo\":{\"@type\":\"ImageObject\",\"inLanguage\":\"es\",\"@id\":\"https:\\\/\\\/informelitoral.com.ar\\\/#\\\/schema\\\/logo\\\/image\\\/\",\"url\":\"https:\\\/\\\/informelitoral.com.ar\\\/%77%70%2d%63%6f%6e%74%65%6e%74\\\/uploads\\\/2021\\\/01\\\/circulo.png\",\"contentUrl\":\"https:\\\/\\\/informelitoral.com.ar\\\/%77%70%2d%63%6f%6e%74%65%6e%74\\\/uploads\\\/2021\\\/01\\\/circulo.png\",\"width\":723,\"height\":731,\"caption\":\"Informe Litoral\"},\"image\":{\"@id\":\"https:\\\/\\\/informelitoral.com.ar\\\/#\\\/schema\\\/logo\\\/image\\\/\"},\"sameAs\":[\"https:\\\/\\\/www.facebook.com\\\/informelitoral\\\/\",\"https:\\\/\\\/x.com\\\/InformeLitoral\",\"https:\\\/\\\/www.instagram.com\\\/informelitoral\\\/\",\"https:\\\/\\\/www.youtube.com\\\/channel\\\/UCua4Qvz8Icb6MYqhoq9xLXw\"]},{\"@type\":\"Person\",\"@id\":\"https:\\\/\\\/informelitoral.com.ar\\\/#\\\/schema\\\/person\\\/b9d00407c836482871ef1d57bf8e3180\",\"name\":\"Gonzalo Schmidt\",\"image\":{\"@type\":\"ImageObject\",\"inLanguage\":\"es\",\"@id\":\"https:\\\/\\\/secure.gravatar.com\\\/avatar\\\/31a1a7b66ff2de83bd0e9fd79d026630d2d99e55e8bfe501287647b4fd9743de?s=96&d=mm&r=g\",\"url\":\"https:\\\/\\\/secure.gravatar.com\\\/avatar\\\/31a1a7b66ff2de83bd0e9fd79d026630d2d99e55e8bfe501287647b4fd9743de?s=96&d=mm&r=g\",\"contentUrl\":\"https:\\\/\\\/secure.gravatar.com\\\/avatar\\\/31a1a7b66ff2de83bd0e9fd79d026630d2d99e55e8bfe501287647b4fd9743de?s=96&d=mm&r=g\",\"caption\":\"Gonzalo Schmidt\"},\"description\":\"Sitio web de noticias de la provincia de Entre R\u00edos, Argentina. Informaci\u00f3n y entretenimiento. Informe Litoral, nos informamos.\",\"sameAs\":[\"http:\\\/\\\/www.isletasnoticias.com.ar\"],\"url\":\"https:\\\/\\\/informelitoral.com.ar\\\/author\\\/gonzalo\\\/\"}]}<\/script>","yoast_head_json":{"title":"Isletas: un rayo mat\u00f3 a dos vacas lecheras  - Informe Litoral","robots":{"index":"index","follow":"follow","max-snippet":"max-snippet:-1","max-image-preview":"max-image-preview:large","max-video-preview":"max-video-preview:-1"},"canonical":"https:\/\/informelitoral.com.ar\/isletas-un-rayo-mato-a-dos-vacas-lecheras\/","og_locale":"es_ES","og_type":"article","og_title":"Isletas: un rayo mat\u00f3 a dos vacas lecheras  - Informe Litoral","og_description":"Una fuerte tormenta el&eacute;ctrica se registr&oacute; en Isletas y la regi&oacute;n este martes por la tarde. Uno de los rayos mat&oacute; a dos vacas lecheras. Contin&uacute;an las lluvias.&nbsp; Dos vacas lecheras murieron fulminadas por un rayo este martes en horas de la tarde en un tambo de esta localidad del departamento Diamante, en medio de [&hellip;]","og_url":"https:\/\/informelitoral.com.ar\/isletas-un-rayo-mato-a-dos-vacas-lecheras\/","og_site_name":"Informe Litoral","article_publisher":"https:\/\/www.facebook.com\/informelitoral\/","article_published_time":"2015-01-07T00:53:44+00:00","article_modified_time":"2015-01-07T01:05:55+00:00","og_image":[{"width":480,"height":640,"url":"https:\/\/informelitoral.com.ar\/%77%70%2d%63%6f%6e%74%65%6e%74\/uploads\/2015\/01\/rayo.jpg","type":"image\/jpeg"}],"author":"Gonzalo Schmidt","twitter_card":"summary_large_image","twitter_creator":"@InformeLitoral","twitter_site":"@InformeLitoral","twitter_misc":{"Escrito por":"Gonzalo Schmidt","Tiempo de lectura":"1 minuto"},"schema":{"@context":"https:\/\/schema.org","@graph":[{"@type":"Article","@id":"https:\/\/informelitoral.com.ar\/isletas-un-rayo-mato-a-dos-vacas-lecheras\/#article","isPartOf":{"@id":"https:\/\/informelitoral.com.ar\/isletas-un-rayo-mato-a-dos-vacas-lecheras\/"},"author":{"name":"Gonzalo Schmidt","@id":"https:\/\/informelitoral.com.ar\/#\/schema\/person\/b9d00407c836482871ef1d57bf8e3180"},"headline":"Isletas: un rayo mat\u00f3 a dos vacas lecheras","datePublished":"2015-01-07T00:53:44+00:00","dateModified":"2015-01-07T01:05:55+00:00","mainEntityOfPage":{"@id":"https:\/\/informelitoral.com.ar\/isletas-un-rayo-mato-a-dos-vacas-lecheras\/"},"wordCount":240,"commentCount":0,"publisher":{"@id":"https:\/\/informelitoral.com.ar\/#organization"},"image":{"@id":"https:\/\/informelitoral.com.ar\/isletas-un-rayo-mato-a-dos-vacas-lecheras\/#primaryimage"},"thumbnailUrl":"http:\/\/www.isletasnoticias.com.ar\/%77%70%2d%63%6f%6e%74%65%6e%74\/uploads\/2015\/01\/rayo-225x300.jpg","articleSection":["Isletas"],"inLanguage":"es","potentialAction":[{"@type":"CommentAction","name":"Comment","target":["https:\/\/informelitoral.com.ar\/isletas-un-rayo-mato-a-dos-vacas-lecheras\/#respond"]}]},{"@type":"WebPage","@id":"https:\/\/informelitoral.com.ar\/isletas-un-rayo-mato-a-dos-vacas-lecheras\/","url":"https:\/\/informelitoral.com.ar\/isletas-un-rayo-mato-a-dos-vacas-lecheras\/","name":"Isletas: un rayo mat\u00f3 a dos vacas lecheras - Informe Litoral","isPartOf":{"@id":"https:\/\/informelitoral.com.ar\/#website"},"primaryImageOfPage":{"@id":"https:\/\/informelitoral.com.ar\/isletas-un-rayo-mato-a-dos-vacas-lecheras\/#primaryimage"},"image":{"@id":"https:\/\/informelitoral.com.ar\/isletas-un-rayo-mato-a-dos-vacas-lecheras\/#primaryimage"},"thumbnailUrl":"http:\/\/www.isletasnoticias.com.ar\/%77%70%2d%63%6f%6e%74%65%6e%74\/uploads\/2015\/01\/rayo-225x300.jpg","datePublished":"2015-01-07T00:53:44+00:00","dateModified":"2015-01-07T01:05:55+00:00","breadcrumb":{"@id":"https:\/\/informelitoral.com.ar\/isletas-un-rayo-mato-a-dos-vacas-lecheras\/#breadcrumb"},"inLanguage":"es","potentialAction":[{"@type":"ReadAction","target":["https:\/\/informelitoral.com.ar\/isletas-un-rayo-mato-a-dos-vacas-lecheras\/"]}]},{"@type":"ImageObject","inLanguage":"es","@id":"https:\/\/informelitoral.com.ar\/isletas-un-rayo-mato-a-dos-vacas-lecheras\/#primaryimage","url":"http:\/\/www.isletasnoticias.com.ar\/%77%70%2d%63%6f%6e%74%65%6e%74\/uploads\/2015\/01\/rayo-225x300.jpg","contentUrl":"http:\/\/www.isletasnoticias.com.ar\/%77%70%2d%63%6f%6e%74%65%6e%74\/uploads\/2015\/01\/rayo-225x300.jpg"},{"@type":"BreadcrumbList","@id":"https:\/\/informelitoral.com.ar\/isletas-un-rayo-mato-a-dos-vacas-lecheras\/#breadcrumb","itemListElement":[{"@type":"ListItem","position":1,"name":"Portada","item":"https:\/\/informelitoral.com.ar\/"},{"@type":"ListItem","position":2,"name":"Isletas: un rayo mat\u00f3 a dos vacas lecheras"}]},{"@type":"WebSite","@id":"https:\/\/informelitoral.com.ar\/#website","url":"https:\/\/informelitoral.com.ar\/","name":"Informe Litoral","description":"&quot;Nos informamos&quot; ","publisher":{"@id":"https:\/\/informelitoral.com.ar\/#organization"},"potentialAction":[{"@type":"SearchAction","target":{"@type":"EntryPoint","urlTemplate":"https:\/\/informelitoral.com.ar\/?s={search_term_string}"},"query-input":{"@type":"PropertyValueSpecification","valueRequired":true,"valueName":"search_term_string"}}],"inLanguage":"es"},{"@type":"Organization","@id":"https:\/\/informelitoral.com.ar\/#organization","name":"Informe Litoral","url":"https:\/\/informelitoral.com.ar\/","logo":{"@type":"ImageObject","inLanguage":"es","@id":"https:\/\/informelitoral.com.ar\/#\/schema\/logo\/image\/","url":"https:\/\/informelitoral.com.ar\/%77%70%2d%63%6f%6e%74%65%6e%74\/uploads\/2021\/01\/circulo.png","contentUrl":"https:\/\/informelitoral.com.ar\/%77%70%2d%63%6f%6e%74%65%6e%74\/uploads\/2021\/01\/circulo.png","width":723,"height":731,"caption":"Informe Litoral"},"image":{"@id":"https:\/\/informelitoral.com.ar\/#\/schema\/logo\/image\/"},"sameAs":["https:\/\/www.facebook.com\/informelitoral\/","https:\/\/x.com\/InformeLitoral","https:\/\/www.instagram.com\/informelitoral\/","https:\/\/www.youtube.com\/channel\/UCua4Qvz8Icb6MYqhoq9xLXw"]},{"@type":"Person","@id":"https:\/\/informelitoral.com.ar\/#\/schema\/person\/b9d00407c836482871ef1d57bf8e3180","name":"Gonzalo Schmidt","image":{"@type":"ImageObject","inLanguage":"es","@id":"https:\/\/secure.gravatar.com\/avatar\/31a1a7b66ff2de83bd0e9fd79d026630d2d99e55e8bfe501287647b4fd9743de?s=96&d=mm&r=g","url":"https:\/\/secure.gravatar.com\/avatar\/31a1a7b66ff2de83bd0e9fd79d026630d2d99e55e8bfe501287647b4fd9743de?s=96&d=mm&r=g","contentUrl":"https:\/\/secure.gravatar.com\/avatar\/31a1a7b66ff2de83bd0e9fd79d026630d2d99e55e8bfe501287647b4fd9743de?s=96&d=mm&r=g","caption":"Gonzalo Schmidt"},"description":"Sitio web de noticias de la provincia de Entre R\u00edos, Argentina. Informaci\u00f3n y entretenimiento. Informe Litoral, nos informamos.","sameAs":["http:\/\/www.isletasnoticias.com.ar"],"url":"https:\/\/informelitoral.com.ar\/author\/gonzalo\/"}]}},"_links":{"self":[{"href":"https:\/\/informelitoral.com.ar\/%77%70%2d%6a%73%6f%6e\/wp\/v2\/posts\/9484","targetHints":{"allow":["GET"]}}],"collection":[{"href":"https:\/\/informelitoral.com.ar\/%77%70%2d%6a%73%6f%6e\/wp\/v2\/posts"}],"about":[{"href":"https:\/\/informelitoral.com.ar\/%77%70%2d%6a%73%6f%6e\/wp\/v2\/types\/post"}],"author":[{"embeddable":true,"href":"https:\/\/informelitoral.com.ar\/%77%70%2d%6a%73%6f%6e\/wp\/v2\/users\/2"}],"replies":[{"embeddable":true,"href":"https:\/\/informelitoral.com.ar\/%77%70%2d%6a%73%6f%6e\/wp\/v2\/comments?post=9484"}],"version-history":[{"count":0,"href":"https:\/\/informelitoral.com.ar\/%77%70%2d%6a%73%6f%6e\/wp\/v2\/posts\/9484\/revisions"}],"wp:attachment":[{"href":"https:\/\/informelitoral.com.ar\/%77%70%2d%6a%73%6f%6e\/wp\/v2\/media?parent=9484"}],"wp:term":[{"taxonomy":"category","embeddable":true,"href":"https:\/\/informelitoral.com.ar\/%77%70%2d%6a%73%6f%6e\/wp\/v2\/categories?post=9484"},{"taxonomy":"post_tag","embeddable":true,"href":"https:\/\/informelitoral.com.ar\/%77%70%2d%6a%73%6f%6e\/wp\/v2\/tags?post=9484"}],"curies":[{"name":"wp","href":"https:\/\/api.w.org\/{rel}","templated":true}]}}