{"id":94601,"date":"2022-11-17T08:11:56","date_gmt":"2022-11-17T11:11:56","guid":{"rendered":"https:\/\/www.informelitoral.com.ar\/?p=94601"},"modified":"2022-11-17T08:18:12","modified_gmt":"2022-11-17T11:18:12","slug":"preven-sensaciones-termicas-superiores-a-40-grados-cuando-bajara-la-temperatura","status":"publish","type":"post","link":"https:\/\/informelitoral.com.ar\/preven-sensaciones-termicas-superiores-a-40-grados-cuando-bajara-la-temperatura\/","title":{"rendered":"Prev\u00e9n sensaciones t\u00e9rmicas superiores a 40 grados: cu\u00e1ndo bajar\u00e1 la temperatura"},"content":{"rendered":"<p>El meteor\u00f3logo Alejandro G\u00f3mez, ratific\u00f3 que hoy persistir\u00e1 el aire c\u00e1lido, con temperaturas de hasta 36 grados.<\/p>\n<p>\u201cEl d\u00eda m\u00e1s caluroso ser\u00e1 el viernes con 37 grados y sensaci\u00f3n t\u00e9rmica que superar\u00eda los 40 grados\u201d, se\u00f1al\u00f3 durante su habitual reporte de los jueves . Se trata de valores muy elevados debido a la humedad.<\/p>\n<p><b>M\u00e1s nubosidad, menos temperatura<\/b><br \/>\nDesde el s\u00e1bado \u201cse percibe una perturbaci\u00f3n en niveles medios que aportar\u00edan nubosidad en nuestra zona y habr\u00e1 que estar atentos porque se inestabilizar\u00e1 en el centro del pa\u00eds, hasta C\u00f3rdoba inclusive\u201d, se\u00f1al\u00f3.<\/p>\n<p>Al respecto, dio cuenta de que \u201cdesde la tarde podr\u00eda generar inestabilidad en nuestra zona, aunque la probabilidad es baja\u201d.<\/p>\n<p>No obstante, \u201cse amortiguar\u00e1n las temperaturas que estar\u00edan en el orden de los 34 grados aunque la t\u00e9rmica volver\u00eda a ser muy elevada\u201d.<\/p>\n<p><b>Llega el sistema frontal<\/b><br \/>\nG\u00f3mez anunci\u00f3 un \u201cdomingo con abundante nubosidad y temperaturas que no superar\u00edan los 33 grados. Las condiciones desmejorar\u00edan con la llegada de un sistema frontal con probables lluvias y tormentas dispersas. Las precipitaciones ser\u00edan moderadas\u201d, dijo durante el programa\u00a0<i>El Despertador<\/i>.<\/p>\n<p><b>\u00bfFiesta de Disfraces con lluvias?<\/b><br \/>\n\u201cApuntamos que sobre todo en la noche del domingo se concentrar\u00eda la inestabilidad m\u00e1s importante\u201d, advirti\u00f3 sobre las perspectivas para la Fiesta de Disfraces que, a tres d\u00edas de su realizaci\u00f3n no ser\u00edan las mejores desde el punto de vista meteorol\u00f3gico.<\/p>\n<p><b>Mejora, refresca y despu\u00e9s, vuelve el calor<\/b><br \/>\n\u201cMejorar\u00eda en la madrugada del lunes con rotaci\u00f3n de vientos al sur, con descenso t\u00e9rmico. Ser\u00eda el d\u00eda m\u00e1s agradable\u201d, al igual que la ma\u00f1ana del martes.<\/p>\n<p>\u201cDesde mediados de la semana venidera volver\u00edamos al calor\u201d, complet\u00f3 el especialista.<\/p>\n","protected":false},"excerpt":{"rendered":"<p>El meteor\u00f3logo Alejandro G\u00f3mez estim\u00f3 que el viernes ser\u00e1 la jornada m\u00e1s calurosa. Detall\u00f3 el pron\u00f3stico para el fin de semana y precis\u00f3 que las perspectivas para la noche de la Fiesta de Disfraces no son las mejores.<\/p>\n","protected":false},"author":8,"featured_media":91739,"comment_status":"open","ping_status":"open","sticky":false,"template":"","format":"standard","meta":{"fifu_image_url":"","fifu_image_alt":"","footnotes":""},"categories":[6],"tags":[113],"class_list":{"0":"post-94601","1":"post","2":"type-post","3":"status-publish","4":"format-standard","5":"has-post-thumbnail","7":"category-entre-rios","8":"tag-smn"},"yoast_head":"<title>Prev\u00e9n sensaciones t\u00e9rmicas superiores a 40 grados: cu\u00e1ndo bajar\u00e1 la temperatura - Informe Litoral<\/title>\n<meta name=\"robots\" content=\"index, follow, max-snippet:-1, max-image-preview:large, max-video-preview:-1\" \/>\n<link rel=\"canonical\" href=\"https:\/\/informelitoral.com.ar\/preven-sensaciones-termicas-superiores-a-40-grados-cuando-bajara-la-temperatura\/\" \/>\n<meta property=\"og:locale\" content=\"es_ES\" \/>\n<meta property=\"og:type\" content=\"article\" \/>\n<meta property=\"og:title\" content=\"Prev\u00e9n sensaciones t\u00e9rmicas superiores a 40 grados: cu\u00e1ndo bajar\u00e1 la temperatura - Informe Litoral\" \/>\n<meta property=\"og:description\" content=\"El meteor\u00f3logo Alejandro G\u00f3mez estim\u00f3 que el viernes ser\u00e1 la jornada m\u00e1s calurosa. Detall\u00f3 el pron\u00f3stico para el fin de semana y precis\u00f3 que las perspectivas para la noche de la Fiesta de Disfraces no son las mejores.\" \/>\n<meta property=\"og:url\" content=\"https:\/\/informelitoral.com.ar\/preven-sensaciones-termicas-superiores-a-40-grados-cuando-bajara-la-temperatura\/\" \/>\n<meta property=\"og:site_name\" content=\"Informe Litoral\" \/>\n<meta property=\"article:publisher\" content=\"https:\/\/www.facebook.com\/informelitoral\/\" \/>\n<meta property=\"article:published_time\" content=\"2022-11-17T11:11:56+00:00\" \/>\n<meta property=\"article:modified_time\" content=\"2022-11-17T11:18:12+00:00\" \/>\n<meta property=\"og:image\" content=\"https:\/\/informelitoral.com.ar\/%77%70%2d%63%6f%6e%74%65%6e%74\/uploads\/2022\/10\/clima-soleado.jpg\" \/>\n\t<meta property=\"og:image:width\" content=\"800\" \/>\n\t<meta property=\"og:image:height\" content=\"533\" \/>\n\t<meta property=\"og:image:type\" content=\"image\/jpeg\" \/>\n<meta name=\"author\" content=\"Sebastian\" \/>\n<meta name=\"twitter:card\" content=\"summary_large_image\" \/>\n<meta name=\"twitter:creator\" content=\"@InformeLitoral\" \/>\n<meta name=\"twitter:site\" content=\"@InformeLitoral\" \/>\n<meta name=\"twitter:label1\" content=\"Escrito por\" \/>\n\t<meta name=\"twitter:data1\" content=\"Sebastian\" \/>\n\t<meta name=\"twitter:label2\" content=\"Tiempo de lectura\" \/>\n\t<meta name=\"twitter:data2\" content=\"2 minutos\" \/>\n<script type=\"application\/ld+json\" class=\"yoast-schema-graph\">{\"@context\":\"https:\\\/\\\/schema.org\",\"@graph\":[{\"@type\":\"Article\",\"@id\":\"https:\\\/\\\/informelitoral.com.ar\\\/preven-sensaciones-termicas-superiores-a-40-grados-cuando-bajara-la-temperatura\\\/#article\",\"isPartOf\":{\"@id\":\"https:\\\/\\\/informelitoral.com.ar\\\/preven-sensaciones-termicas-superiores-a-40-grados-cuando-bajara-la-temperatura\\\/\"},\"author\":{\"name\":\"Sebastian\",\"@id\":\"https:\\\/\\\/informelitoral.com.ar\\\/#\\\/schema\\\/person\\\/f05f9f461677119578717524b127d6d5\"},\"headline\":\"Prev\u00e9n sensaciones t\u00e9rmicas superiores a 40 grados: cu\u00e1ndo bajar\u00e1 la temperatura\",\"datePublished\":\"2022-11-17T11:11:56+00:00\",\"dateModified\":\"2022-11-17T11:18:12+00:00\",\"mainEntityOfPage\":{\"@id\":\"https:\\\/\\\/informelitoral.com.ar\\\/preven-sensaciones-termicas-superiores-a-40-grados-cuando-bajara-la-temperatura\\\/\"},\"wordCount\":318,\"commentCount\":0,\"publisher\":{\"@id\":\"https:\\\/\\\/informelitoral.com.ar\\\/#organization\"},\"image\":{\"@id\":\"https:\\\/\\\/informelitoral.com.ar\\\/preven-sensaciones-termicas-superiores-a-40-grados-cuando-bajara-la-temperatura\\\/#primaryimage\"},\"thumbnailUrl\":\"https:\\\/\\\/informelitoral.com.ar\\\/%77%70%2d%63%6f%6e%74%65%6e%74\\\/uploads\\\/2022\\\/10\\\/clima-soleado.jpg\",\"keywords\":[\"SMN\"],\"articleSection\":[\"Entre R\u00edos\"],\"inLanguage\":\"es\",\"potentialAction\":[{\"@type\":\"CommentAction\",\"name\":\"Comment\",\"target\":[\"https:\\\/\\\/informelitoral.com.ar\\\/preven-sensaciones-termicas-superiores-a-40-grados-cuando-bajara-la-temperatura\\\/#respond\"]}]},{\"@type\":\"WebPage\",\"@id\":\"https:\\\/\\\/informelitoral.com.ar\\\/preven-sensaciones-termicas-superiores-a-40-grados-cuando-bajara-la-temperatura\\\/\",\"url\":\"https:\\\/\\\/informelitoral.com.ar\\\/preven-sensaciones-termicas-superiores-a-40-grados-cuando-bajara-la-temperatura\\\/\",\"name\":\"Prev\u00e9n sensaciones t\u00e9rmicas superiores a 40 grados: cu\u00e1ndo bajar\u00e1 la temperatura - Informe Litoral\",\"isPartOf\":{\"@id\":\"https:\\\/\\\/informelitoral.com.ar\\\/#website\"},\"primaryImageOfPage\":{\"@id\":\"https:\\\/\\\/informelitoral.com.ar\\\/preven-sensaciones-termicas-superiores-a-40-grados-cuando-bajara-la-temperatura\\\/#primaryimage\"},\"image\":{\"@id\":\"https:\\\/\\\/informelitoral.com.ar\\\/preven-sensaciones-termicas-superiores-a-40-grados-cuando-bajara-la-temperatura\\\/#primaryimage\"},\"thumbnailUrl\":\"https:\\\/\\\/informelitoral.com.ar\\\/%77%70%2d%63%6f%6e%74%65%6e%74\\\/uploads\\\/2022\\\/10\\\/clima-soleado.jpg\",\"datePublished\":\"2022-11-17T11:11:56+00:00\",\"dateModified\":\"2022-11-17T11:18:12+00:00\",\"breadcrumb\":{\"@id\":\"https:\\\/\\\/informelitoral.com.ar\\\/preven-sensaciones-termicas-superiores-a-40-grados-cuando-bajara-la-temperatura\\\/#breadcrumb\"},\"inLanguage\":\"es\",\"potentialAction\":[{\"@type\":\"ReadAction\",\"target\":[\"https:\\\/\\\/informelitoral.com.ar\\\/preven-sensaciones-termicas-superiores-a-40-grados-cuando-bajara-la-temperatura\\\/\"]}]},{\"@type\":\"ImageObject\",\"inLanguage\":\"es\",\"@id\":\"https:\\\/\\\/informelitoral.com.ar\\\/preven-sensaciones-termicas-superiores-a-40-grados-cuando-bajara-la-temperatura\\\/#primaryimage\",\"url\":\"https:\\\/\\\/informelitoral.com.ar\\\/%77%70%2d%63%6f%6e%74%65%6e%74\\\/uploads\\\/2022\\\/10\\\/clima-soleado.jpg\",\"contentUrl\":\"https:\\\/\\\/informelitoral.com.ar\\\/%77%70%2d%63%6f%6e%74%65%6e%74\\\/uploads\\\/2022\\\/10\\\/clima-soleado.jpg\",\"width\":800,\"height\":533},{\"@type\":\"BreadcrumbList\",\"@id\":\"https:\\\/\\\/informelitoral.com.ar\\\/preven-sensaciones-termicas-superiores-a-40-grados-cuando-bajara-la-temperatura\\\/#breadcrumb\",\"itemListElement\":[{\"@type\":\"ListItem\",\"position\":1,\"name\":\"Portada\",\"item\":\"https:\\\/\\\/informelitoral.com.ar\\\/\"},{\"@type\":\"ListItem\",\"position\":2,\"name\":\"Prev\u00e9n sensaciones t\u00e9rmicas superiores a 40 grados: cu\u00e1ndo bajar\u00e1 la temperatura\"}]},{\"@type\":\"WebSite\",\"@id\":\"https:\\\/\\\/informelitoral.com.ar\\\/#website\",\"url\":\"https:\\\/\\\/informelitoral.com.ar\\\/\",\"name\":\"Informe Litoral\",\"description\":\"&quot;Nos informamos&quot; \",\"publisher\":{\"@id\":\"https:\\\/\\\/informelitoral.com.ar\\\/#organization\"},\"potentialAction\":[{\"@type\":\"SearchAction\",\"target\":{\"@type\":\"EntryPoint\",\"urlTemplate\":\"https:\\\/\\\/informelitoral.com.ar\\\/?s={search_term_string}\"},\"query-input\":{\"@type\":\"PropertyValueSpecification\",\"valueRequired\":true,\"valueName\":\"search_term_string\"}}],\"inLanguage\":\"es\"},{\"@type\":\"Organization\",\"@id\":\"https:\\\/\\\/informelitoral.com.ar\\\/#organization\",\"name\":\"Informe Litoral\",\"url\":\"https:\\\/\\\/informelitoral.com.ar\\\/\",\"logo\":{\"@type\":\"ImageObject\",\"inLanguage\":\"es\",\"@id\":\"https:\\\/\\\/informelitoral.com.ar\\\/#\\\/schema\\\/logo\\\/image\\\/\",\"url\":\"https:\\\/\\\/informelitoral.com.ar\\\/%77%70%2d%63%6f%6e%74%65%6e%74\\\/uploads\\\/2021\\\/01\\\/circulo.png\",\"contentUrl\":\"https:\\\/\\\/informelitoral.com.ar\\\/%77%70%2d%63%6f%6e%74%65%6e%74\\\/uploads\\\/2021\\\/01\\\/circulo.png\",\"width\":723,\"height\":731,\"caption\":\"Informe Litoral\"},\"image\":{\"@id\":\"https:\\\/\\\/informelitoral.com.ar\\\/#\\\/schema\\\/logo\\\/image\\\/\"},\"sameAs\":[\"https:\\\/\\\/www.facebook.com\\\/informelitoral\\\/\",\"https:\\\/\\\/x.com\\\/InformeLitoral\",\"https:\\\/\\\/www.instagram.com\\\/informelitoral\\\/\",\"https:\\\/\\\/www.youtube.com\\\/channel\\\/UCua4Qvz8Icb6MYqhoq9xLXw\"]},{\"@type\":\"Person\",\"@id\":\"https:\\\/\\\/informelitoral.com.ar\\\/#\\\/schema\\\/person\\\/f05f9f461677119578717524b127d6d5\",\"name\":\"Sebastian\",\"image\":{\"@type\":\"ImageObject\",\"inLanguage\":\"es\",\"@id\":\"https:\\\/\\\/secure.gravatar.com\\\/avatar\\\/b71bf7481d447dfb9583c7f2798e7cc64de6efb9067b74633ed8c31059a3bd82?s=96&d=mm&r=g\",\"url\":\"https:\\\/\\\/secure.gravatar.com\\\/avatar\\\/b71bf7481d447dfb9583c7f2798e7cc64de6efb9067b74633ed8c31059a3bd82?s=96&d=mm&r=g\",\"contentUrl\":\"https:\\\/\\\/secure.gravatar.com\\\/avatar\\\/b71bf7481d447dfb9583c7f2798e7cc64de6efb9067b74633ed8c31059a3bd82?s=96&d=mm&r=g\",\"caption\":\"Sebastian\"},\"url\":\"https:\\\/\\\/informelitoral.com.ar\\\/author\\\/sebastian\\\/\"}]}<\/script>","yoast_head_json":{"title":"Prev\u00e9n sensaciones t\u00e9rmicas superiores a 40 grados: cu\u00e1ndo bajar\u00e1 la temperatura - Informe Litoral","robots":{"index":"index","follow":"follow","max-snippet":"max-snippet:-1","max-image-preview":"max-image-preview:large","max-video-preview":"max-video-preview:-1"},"canonical":"https:\/\/informelitoral.com.ar\/preven-sensaciones-termicas-superiores-a-40-grados-cuando-bajara-la-temperatura\/","og_locale":"es_ES","og_type":"article","og_title":"Prev\u00e9n sensaciones t\u00e9rmicas superiores a 40 grados: cu\u00e1ndo bajar\u00e1 la temperatura - Informe Litoral","og_description":"El meteor\u00f3logo Alejandro G\u00f3mez estim\u00f3 que el viernes ser\u00e1 la jornada m\u00e1s calurosa. Detall\u00f3 el pron\u00f3stico para el fin de semana y precis\u00f3 que las perspectivas para la noche de la Fiesta de Disfraces no son las mejores.","og_url":"https:\/\/informelitoral.com.ar\/preven-sensaciones-termicas-superiores-a-40-grados-cuando-bajara-la-temperatura\/","og_site_name":"Informe Litoral","article_publisher":"https:\/\/www.facebook.com\/informelitoral\/","article_published_time":"2022-11-17T11:11:56+00:00","article_modified_time":"2022-11-17T11:18:12+00:00","og_image":[{"width":800,"height":533,"url":"https:\/\/informelitoral.com.ar\/%77%70%2d%63%6f%6e%74%65%6e%74\/uploads\/2022\/10\/clima-soleado.jpg","type":"image\/jpeg"}],"author":"Sebastian","twitter_card":"summary_large_image","twitter_creator":"@InformeLitoral","twitter_site":"@InformeLitoral","twitter_misc":{"Escrito por":"Sebastian","Tiempo de lectura":"2 minutos"},"schema":{"@context":"https:\/\/schema.org","@graph":[{"@type":"Article","@id":"https:\/\/informelitoral.com.ar\/preven-sensaciones-termicas-superiores-a-40-grados-cuando-bajara-la-temperatura\/#article","isPartOf":{"@id":"https:\/\/informelitoral.com.ar\/preven-sensaciones-termicas-superiores-a-40-grados-cuando-bajara-la-temperatura\/"},"author":{"name":"Sebastian","@id":"https:\/\/informelitoral.com.ar\/#\/schema\/person\/f05f9f461677119578717524b127d6d5"},"headline":"Prev\u00e9n sensaciones t\u00e9rmicas superiores a 40 grados: cu\u00e1ndo bajar\u00e1 la temperatura","datePublished":"2022-11-17T11:11:56+00:00","dateModified":"2022-11-17T11:18:12+00:00","mainEntityOfPage":{"@id":"https:\/\/informelitoral.com.ar\/preven-sensaciones-termicas-superiores-a-40-grados-cuando-bajara-la-temperatura\/"},"wordCount":318,"commentCount":0,"publisher":{"@id":"https:\/\/informelitoral.com.ar\/#organization"},"image":{"@id":"https:\/\/informelitoral.com.ar\/preven-sensaciones-termicas-superiores-a-40-grados-cuando-bajara-la-temperatura\/#primaryimage"},"thumbnailUrl":"https:\/\/informelitoral.com.ar\/%77%70%2d%63%6f%6e%74%65%6e%74\/uploads\/2022\/10\/clima-soleado.jpg","keywords":["SMN"],"articleSection":["Entre R\u00edos"],"inLanguage":"es","potentialAction":[{"@type":"CommentAction","name":"Comment","target":["https:\/\/informelitoral.com.ar\/preven-sensaciones-termicas-superiores-a-40-grados-cuando-bajara-la-temperatura\/#respond"]}]},{"@type":"WebPage","@id":"https:\/\/informelitoral.com.ar\/preven-sensaciones-termicas-superiores-a-40-grados-cuando-bajara-la-temperatura\/","url":"https:\/\/informelitoral.com.ar\/preven-sensaciones-termicas-superiores-a-40-grados-cuando-bajara-la-temperatura\/","name":"Prev\u00e9n sensaciones t\u00e9rmicas superiores a 40 grados: cu\u00e1ndo bajar\u00e1 la temperatura - Informe Litoral","isPartOf":{"@id":"https:\/\/informelitoral.com.ar\/#website"},"primaryImageOfPage":{"@id":"https:\/\/informelitoral.com.ar\/preven-sensaciones-termicas-superiores-a-40-grados-cuando-bajara-la-temperatura\/#primaryimage"},"image":{"@id":"https:\/\/informelitoral.com.ar\/preven-sensaciones-termicas-superiores-a-40-grados-cuando-bajara-la-temperatura\/#primaryimage"},"thumbnailUrl":"https:\/\/informelitoral.com.ar\/%77%70%2d%63%6f%6e%74%65%6e%74\/uploads\/2022\/10\/clima-soleado.jpg","datePublished":"2022-11-17T11:11:56+00:00","dateModified":"2022-11-17T11:18:12+00:00","breadcrumb":{"@id":"https:\/\/informelitoral.com.ar\/preven-sensaciones-termicas-superiores-a-40-grados-cuando-bajara-la-temperatura\/#breadcrumb"},"inLanguage":"es","potentialAction":[{"@type":"ReadAction","target":["https:\/\/informelitoral.com.ar\/preven-sensaciones-termicas-superiores-a-40-grados-cuando-bajara-la-temperatura\/"]}]},{"@type":"ImageObject","inLanguage":"es","@id":"https:\/\/informelitoral.com.ar\/preven-sensaciones-termicas-superiores-a-40-grados-cuando-bajara-la-temperatura\/#primaryimage","url":"https:\/\/informelitoral.com.ar\/%77%70%2d%63%6f%6e%74%65%6e%74\/uploads\/2022\/10\/clima-soleado.jpg","contentUrl":"https:\/\/informelitoral.com.ar\/%77%70%2d%63%6f%6e%74%65%6e%74\/uploads\/2022\/10\/clima-soleado.jpg","width":800,"height":533},{"@type":"BreadcrumbList","@id":"https:\/\/informelitoral.com.ar\/preven-sensaciones-termicas-superiores-a-40-grados-cuando-bajara-la-temperatura\/#breadcrumb","itemListElement":[{"@type":"ListItem","position":1,"name":"Portada","item":"https:\/\/informelitoral.com.ar\/"},{"@type":"ListItem","position":2,"name":"Prev\u00e9n sensaciones t\u00e9rmicas superiores a 40 grados: cu\u00e1ndo bajar\u00e1 la temperatura"}]},{"@type":"WebSite","@id":"https:\/\/informelitoral.com.ar\/#website","url":"https:\/\/informelitoral.com.ar\/","name":"Informe Litoral","description":"&quot;Nos informamos&quot; ","publisher":{"@id":"https:\/\/informelitoral.com.ar\/#organization"},"potentialAction":[{"@type":"SearchAction","target":{"@type":"EntryPoint","urlTemplate":"https:\/\/informelitoral.com.ar\/?s={search_term_string}"},"query-input":{"@type":"PropertyValueSpecification","valueRequired":true,"valueName":"search_term_string"}}],"inLanguage":"es"},{"@type":"Organization","@id":"https:\/\/informelitoral.com.ar\/#organization","name":"Informe Litoral","url":"https:\/\/informelitoral.com.ar\/","logo":{"@type":"ImageObject","inLanguage":"es","@id":"https:\/\/informelitoral.com.ar\/#\/schema\/logo\/image\/","url":"https:\/\/informelitoral.com.ar\/%77%70%2d%63%6f%6e%74%65%6e%74\/uploads\/2021\/01\/circulo.png","contentUrl":"https:\/\/informelitoral.com.ar\/%77%70%2d%63%6f%6e%74%65%6e%74\/uploads\/2021\/01\/circulo.png","width":723,"height":731,"caption":"Informe Litoral"},"image":{"@id":"https:\/\/informelitoral.com.ar\/#\/schema\/logo\/image\/"},"sameAs":["https:\/\/www.facebook.com\/informelitoral\/","https:\/\/x.com\/InformeLitoral","https:\/\/www.instagram.com\/informelitoral\/","https:\/\/www.youtube.com\/channel\/UCua4Qvz8Icb6MYqhoq9xLXw"]},{"@type":"Person","@id":"https:\/\/informelitoral.com.ar\/#\/schema\/person\/f05f9f461677119578717524b127d6d5","name":"Sebastian","image":{"@type":"ImageObject","inLanguage":"es","@id":"https:\/\/secure.gravatar.com\/avatar\/b71bf7481d447dfb9583c7f2798e7cc64de6efb9067b74633ed8c31059a3bd82?s=96&d=mm&r=g","url":"https:\/\/secure.gravatar.com\/avatar\/b71bf7481d447dfb9583c7f2798e7cc64de6efb9067b74633ed8c31059a3bd82?s=96&d=mm&r=g","contentUrl":"https:\/\/secure.gravatar.com\/avatar\/b71bf7481d447dfb9583c7f2798e7cc64de6efb9067b74633ed8c31059a3bd82?s=96&d=mm&r=g","caption":"Sebastian"},"url":"https:\/\/informelitoral.com.ar\/author\/sebastian\/"}]}},"_links":{"self":[{"href":"https:\/\/informelitoral.com.ar\/%77%70%2d%6a%73%6f%6e\/wp\/v2\/posts\/94601","targetHints":{"allow":["GET"]}}],"collection":[{"href":"https:\/\/informelitoral.com.ar\/%77%70%2d%6a%73%6f%6e\/wp\/v2\/posts"}],"about":[{"href":"https:\/\/informelitoral.com.ar\/%77%70%2d%6a%73%6f%6e\/wp\/v2\/types\/post"}],"author":[{"embeddable":true,"href":"https:\/\/informelitoral.com.ar\/%77%70%2d%6a%73%6f%6e\/wp\/v2\/users\/8"}],"replies":[{"embeddable":true,"href":"https:\/\/informelitoral.com.ar\/%77%70%2d%6a%73%6f%6e\/wp\/v2\/comments?post=94601"}],"version-history":[{"count":0,"href":"https:\/\/informelitoral.com.ar\/%77%70%2d%6a%73%6f%6e\/wp\/v2\/posts\/94601\/revisions"}],"wp:featuredmedia":[{"embeddable":true,"href":"https:\/\/informelitoral.com.ar\/%77%70%2d%6a%73%6f%6e\/wp\/v2\/media\/91739"}],"wp:attachment":[{"href":"https:\/\/informelitoral.com.ar\/%77%70%2d%6a%73%6f%6e\/wp\/v2\/media?parent=94601"}],"wp:term":[{"taxonomy":"category","embeddable":true,"href":"https:\/\/informelitoral.com.ar\/%77%70%2d%6a%73%6f%6e\/wp\/v2\/categories?post=94601"},{"taxonomy":"post_tag","embeddable":true,"href":"https:\/\/informelitoral.com.ar\/%77%70%2d%6a%73%6f%6e\/wp\/v2\/tags?post=94601"}],"curies":[{"name":"wp","href":"https:\/\/api.w.org\/{rel}","templated":true}]}}