{"id":94577,"date":"2022-11-16T19:17:39","date_gmt":"2022-11-16T22:17:39","guid":{"rendered":"https:\/\/www.informelitoral.com.ar\/?p=94577"},"modified":"2022-11-16T19:32:40","modified_gmt":"2022-11-16T22:32:40","slug":"con-emilia-y-l-gante-confirmaron-los-artistas-de-la-fiesta-de-disfraces","status":"publish","type":"post","link":"https:\/\/informelitoral.com.ar\/con-emilia-y-l-gante-confirmaron-los-artistas-de-la-fiesta-de-disfraces\/","title":{"rendered":"Con Emilia y L-Gante confirmaron los artistas de la Fiesta de Disfraces"},"content":{"rendered":"<p>La Fiesta de Disfraces 2022 se llevar\u00e1 a cabo pr\u00f3ximo domingo 20 de noviembre en el predio est\u00e1 ubicado sobre el Acceso Norte, entre las calles Juan Morath y Jorge Luis Borges de la ciudad de Paran\u00e1. El encuentro, que se realiza por segunda vez en el a\u00f1o, es uno de los m\u00e1s importantes de Sudam\u00e9rica y convoca a miles de fan\u00e1ticos de los disfraces que llegan a tierras entrerrianas desde distintos puntos del mundo.<\/p>\n<p>Los organizadores dieron a conocer este mi\u00e9rcoles los cantantes y DJs que se presentar\u00e1n ante los miles de disfrazados que se dar\u00e1n cita al megaevento.<\/p>\n<p>En ese sentido,\u00a0<i>Elonce<\/i>\u00a0confirm\u00f3 que se presentar\u00e1n la entrerriana Emilia Mernes, L-Gante, Ke Personaje, Des Horvat, Blancah, Alejandro Arcas (Live), Venezia, FJL, Cele Arrabal, Pa Bailar, Campee &amp; LJ.<\/p>\n<p>Hasta el momento se desconcen la distribucion de los artistas y DJ en los escenarios y los horarios en que se presentar\u00e1n.<\/p>\n<h5>Sobre los artistas que encabezan la grilla<\/h5>\n<p><b>Emilia Mernes,<\/b>\u00a0la entrerriana de Nogoy\u00e1 es una de las artistas del momento. Su carrera va en ascenso y en septiembre arraso el Movistar Arena. La cantante est\u00e1 de novia con el Duki, y su relaci\u00f3n cada d\u00eda se afianza m\u00e1s.<br \/>\nEntre los \u00e9xitos de la joven est\u00e1 \u201cCuatro Veinte\u201d, \u201cIntoxicado\u201d, \u201cRapido lento\u201d y \u201cLa Chain\u201d, entre otros.<\/p>\n<p><b>L-Gante<\/b>, es uno de los artistas revelaci\u00f3n de los \u00faltimos tiempos. El rapero lleg\u00f3 a todas las edades y sigue cosechando \u00e9xitos. Sus canciones suenan en todos lados y entre las m\u00e1s escuchadas se encuentran \u201cRKT\u201d, \u201cBar\u201d, junto a Tini Stoessel; Con BZRP Music realiz\u00f3 la Sessions #38. La \u00faltima canci\u00f3n \u201cEl \u00faltimo rom\u00e1ntico\u201d, el cantante lanz\u00f3 el videoclip tan anunciado con Wanda Nara y en pocas horas se posicion\u00f3 como lo m\u00e1s visto.<\/p>\n","protected":false},"excerpt":{"rendered":"<p>A cuatro dias del megaevento, conoci\u00f3 qui\u00e9nes ser\u00e1n los cantantes y DJs que se presentar\u00e1n ante los miles de disfrazados que se dar\u00e1n cita el pr\u00f3ximo 20 de noviembre en Paran\u00e1.<\/p>\n","protected":false},"author":8,"featured_media":94597,"comment_status":"open","ping_status":"open","sticky":false,"template":"","format":"standard","meta":{"fifu_image_url":"","fifu_image_alt":"","footnotes":""},"categories":[3],"tags":[621],"class_list":{"0":"post-94577","1":"post","2":"type-post","3":"status-publish","4":"format-standard","5":"has-post-thumbnail","7":"category-noticias","8":"tag-fiesta"},"yoast_head":"<title>Con Emilia y L-Gante confirmaron los artistas de la Fiesta de Disfraces - Informe Litoral<\/title>\n<meta name=\"robots\" content=\"index, follow, max-snippet:-1, max-image-preview:large, max-video-preview:-1\" \/>\n<link rel=\"canonical\" href=\"https:\/\/informelitoral.com.ar\/con-emilia-y-l-gante-confirmaron-los-artistas-de-la-fiesta-de-disfraces\/\" \/>\n<meta property=\"og:locale\" content=\"es_ES\" \/>\n<meta property=\"og:type\" content=\"article\" \/>\n<meta property=\"og:title\" content=\"Con Emilia y L-Gante confirmaron los artistas de la Fiesta de Disfraces - Informe Litoral\" \/>\n<meta property=\"og:description\" content=\"A cuatro dias del megaevento, conoci\u00f3 qui\u00e9nes ser\u00e1n los cantantes y DJs que se presentar\u00e1n ante los miles de disfrazados que se dar\u00e1n cita el pr\u00f3ximo 20 de noviembre en Paran\u00e1.\" \/>\n<meta property=\"og:url\" content=\"https:\/\/informelitoral.com.ar\/con-emilia-y-l-gante-confirmaron-los-artistas-de-la-fiesta-de-disfraces\/\" \/>\n<meta property=\"og:site_name\" content=\"Informe Litoral\" \/>\n<meta property=\"article:publisher\" content=\"https:\/\/www.facebook.com\/informelitoral\/\" \/>\n<meta property=\"article:published_time\" content=\"2022-11-16T22:17:39+00:00\" \/>\n<meta property=\"article:modified_time\" content=\"2022-11-16T22:32:40+00:00\" \/>\n<meta property=\"og:image\" content=\"https:\/\/informelitoral.com.ar\/%77%70%2d%63%6f%6e%74%65%6e%74\/uploads\/2022\/11\/o_1668631834_1.jpg\" \/>\n\t<meta property=\"og:image:width\" content=\"800\" \/>\n\t<meta property=\"og:image:height\" content=\"450\" \/>\n\t<meta property=\"og:image:type\" content=\"image\/jpeg\" \/>\n<meta name=\"author\" content=\"Sebastian\" \/>\n<meta name=\"twitter:card\" content=\"summary_large_image\" \/>\n<meta name=\"twitter:creator\" content=\"@InformeLitoral\" \/>\n<meta name=\"twitter:site\" content=\"@InformeLitoral\" \/>\n<meta name=\"twitter:label1\" content=\"Escrito por\" \/>\n\t<meta name=\"twitter:data1\" content=\"Sebastian\" \/>\n\t<meta name=\"twitter:label2\" content=\"Tiempo de lectura\" \/>\n\t<meta name=\"twitter:data2\" content=\"2 minutos\" \/>\n<script type=\"application\/ld+json\" class=\"yoast-schema-graph\">{\"@context\":\"https:\\\/\\\/schema.org\",\"@graph\":[{\"@type\":\"Article\",\"@id\":\"https:\\\/\\\/informelitoral.com.ar\\\/con-emilia-y-l-gante-confirmaron-los-artistas-de-la-fiesta-de-disfraces\\\/#article\",\"isPartOf\":{\"@id\":\"https:\\\/\\\/informelitoral.com.ar\\\/con-emilia-y-l-gante-confirmaron-los-artistas-de-la-fiesta-de-disfraces\\\/\"},\"author\":{\"name\":\"Sebastian\",\"@id\":\"https:\\\/\\\/informelitoral.com.ar\\\/#\\\/schema\\\/person\\\/f05f9f461677119578717524b127d6d5\"},\"headline\":\"Con Emilia y L-Gante confirmaron los artistas de la Fiesta de Disfraces\",\"datePublished\":\"2022-11-16T22:17:39+00:00\",\"dateModified\":\"2022-11-16T22:32:40+00:00\",\"mainEntityOfPage\":{\"@id\":\"https:\\\/\\\/informelitoral.com.ar\\\/con-emilia-y-l-gante-confirmaron-los-artistas-de-la-fiesta-de-disfraces\\\/\"},\"wordCount\":318,\"commentCount\":0,\"publisher\":{\"@id\":\"https:\\\/\\\/informelitoral.com.ar\\\/#organization\"},\"image\":{\"@id\":\"https:\\\/\\\/informelitoral.com.ar\\\/con-emilia-y-l-gante-confirmaron-los-artistas-de-la-fiesta-de-disfraces\\\/#primaryimage\"},\"thumbnailUrl\":\"https:\\\/\\\/informelitoral.com.ar\\\/%77%70%2d%63%6f%6e%74%65%6e%74\\\/uploads\\\/2022\\\/11\\\/o_1668631834_1.jpg\",\"keywords\":[\"Fiesta\"],\"articleSection\":[\"Noticias\"],\"inLanguage\":\"es\",\"potentialAction\":[{\"@type\":\"CommentAction\",\"name\":\"Comment\",\"target\":[\"https:\\\/\\\/informelitoral.com.ar\\\/con-emilia-y-l-gante-confirmaron-los-artistas-de-la-fiesta-de-disfraces\\\/#respond\"]}]},{\"@type\":\"WebPage\",\"@id\":\"https:\\\/\\\/informelitoral.com.ar\\\/con-emilia-y-l-gante-confirmaron-los-artistas-de-la-fiesta-de-disfraces\\\/\",\"url\":\"https:\\\/\\\/informelitoral.com.ar\\\/con-emilia-y-l-gante-confirmaron-los-artistas-de-la-fiesta-de-disfraces\\\/\",\"name\":\"Con Emilia y L-Gante confirmaron los artistas de la Fiesta de Disfraces - Informe Litoral\",\"isPartOf\":{\"@id\":\"https:\\\/\\\/informelitoral.com.ar\\\/#website\"},\"primaryImageOfPage\":{\"@id\":\"https:\\\/\\\/informelitoral.com.ar\\\/con-emilia-y-l-gante-confirmaron-los-artistas-de-la-fiesta-de-disfraces\\\/#primaryimage\"},\"image\":{\"@id\":\"https:\\\/\\\/informelitoral.com.ar\\\/con-emilia-y-l-gante-confirmaron-los-artistas-de-la-fiesta-de-disfraces\\\/#primaryimage\"},\"thumbnailUrl\":\"https:\\\/\\\/informelitoral.com.ar\\\/%77%70%2d%63%6f%6e%74%65%6e%74\\\/uploads\\\/2022\\\/11\\\/o_1668631834_1.jpg\",\"datePublished\":\"2022-11-16T22:17:39+00:00\",\"dateModified\":\"2022-11-16T22:32:40+00:00\",\"breadcrumb\":{\"@id\":\"https:\\\/\\\/informelitoral.com.ar\\\/con-emilia-y-l-gante-confirmaron-los-artistas-de-la-fiesta-de-disfraces\\\/#breadcrumb\"},\"inLanguage\":\"es\",\"potentialAction\":[{\"@type\":\"ReadAction\",\"target\":[\"https:\\\/\\\/informelitoral.com.ar\\\/con-emilia-y-l-gante-confirmaron-los-artistas-de-la-fiesta-de-disfraces\\\/\"]}]},{\"@type\":\"ImageObject\",\"inLanguage\":\"es\",\"@id\":\"https:\\\/\\\/informelitoral.com.ar\\\/con-emilia-y-l-gante-confirmaron-los-artistas-de-la-fiesta-de-disfraces\\\/#primaryimage\",\"url\":\"https:\\\/\\\/informelitoral.com.ar\\\/%77%70%2d%63%6f%6e%74%65%6e%74\\\/uploads\\\/2022\\\/11\\\/o_1668631834_1.jpg\",\"contentUrl\":\"https:\\\/\\\/informelitoral.com.ar\\\/%77%70%2d%63%6f%6e%74%65%6e%74\\\/uploads\\\/2022\\\/11\\\/o_1668631834_1.jpg\",\"width\":800,\"height\":450},{\"@type\":\"BreadcrumbList\",\"@id\":\"https:\\\/\\\/informelitoral.com.ar\\\/con-emilia-y-l-gante-confirmaron-los-artistas-de-la-fiesta-de-disfraces\\\/#breadcrumb\",\"itemListElement\":[{\"@type\":\"ListItem\",\"position\":1,\"name\":\"Portada\",\"item\":\"https:\\\/\\\/informelitoral.com.ar\\\/\"},{\"@type\":\"ListItem\",\"position\":2,\"name\":\"Con Emilia y L-Gante confirmaron los artistas de la Fiesta de Disfraces\"}]},{\"@type\":\"WebSite\",\"@id\":\"https:\\\/\\\/informelitoral.com.ar\\\/#website\",\"url\":\"https:\\\/\\\/informelitoral.com.ar\\\/\",\"name\":\"Informe Litoral\",\"description\":\"&quot;Nos informamos&quot; \",\"publisher\":{\"@id\":\"https:\\\/\\\/informelitoral.com.ar\\\/#organization\"},\"potentialAction\":[{\"@type\":\"SearchAction\",\"target\":{\"@type\":\"EntryPoint\",\"urlTemplate\":\"https:\\\/\\\/informelitoral.com.ar\\\/?s={search_term_string}\"},\"query-input\":{\"@type\":\"PropertyValueSpecification\",\"valueRequired\":true,\"valueName\":\"search_term_string\"}}],\"inLanguage\":\"es\"},{\"@type\":\"Organization\",\"@id\":\"https:\\\/\\\/informelitoral.com.ar\\\/#organization\",\"name\":\"Informe Litoral\",\"url\":\"https:\\\/\\\/informelitoral.com.ar\\\/\",\"logo\":{\"@type\":\"ImageObject\",\"inLanguage\":\"es\",\"@id\":\"https:\\\/\\\/informelitoral.com.ar\\\/#\\\/schema\\\/logo\\\/image\\\/\",\"url\":\"https:\\\/\\\/informelitoral.com.ar\\\/%77%70%2d%63%6f%6e%74%65%6e%74\\\/uploads\\\/2021\\\/01\\\/circulo.png\",\"contentUrl\":\"https:\\\/\\\/informelitoral.com.ar\\\/%77%70%2d%63%6f%6e%74%65%6e%74\\\/uploads\\\/2021\\\/01\\\/circulo.png\",\"width\":723,\"height\":731,\"caption\":\"Informe Litoral\"},\"image\":{\"@id\":\"https:\\\/\\\/informelitoral.com.ar\\\/#\\\/schema\\\/logo\\\/image\\\/\"},\"sameAs\":[\"https:\\\/\\\/www.facebook.com\\\/informelitoral\\\/\",\"https:\\\/\\\/x.com\\\/InformeLitoral\",\"https:\\\/\\\/www.instagram.com\\\/informelitoral\\\/\",\"https:\\\/\\\/www.youtube.com\\\/channel\\\/UCua4Qvz8Icb6MYqhoq9xLXw\"]},{\"@type\":\"Person\",\"@id\":\"https:\\\/\\\/informelitoral.com.ar\\\/#\\\/schema\\\/person\\\/f05f9f461677119578717524b127d6d5\",\"name\":\"Sebastian\",\"image\":{\"@type\":\"ImageObject\",\"inLanguage\":\"es\",\"@id\":\"https:\\\/\\\/secure.gravatar.com\\\/avatar\\\/b71bf7481d447dfb9583c7f2798e7cc64de6efb9067b74633ed8c31059a3bd82?s=96&d=mm&r=g\",\"url\":\"https:\\\/\\\/secure.gravatar.com\\\/avatar\\\/b71bf7481d447dfb9583c7f2798e7cc64de6efb9067b74633ed8c31059a3bd82?s=96&d=mm&r=g\",\"contentUrl\":\"https:\\\/\\\/secure.gravatar.com\\\/avatar\\\/b71bf7481d447dfb9583c7f2798e7cc64de6efb9067b74633ed8c31059a3bd82?s=96&d=mm&r=g\",\"caption\":\"Sebastian\"},\"url\":\"https:\\\/\\\/informelitoral.com.ar\\\/author\\\/sebastian\\\/\"}]}<\/script>","yoast_head_json":{"title":"Con Emilia y L-Gante confirmaron los artistas de la Fiesta de Disfraces - Informe Litoral","robots":{"index":"index","follow":"follow","max-snippet":"max-snippet:-1","max-image-preview":"max-image-preview:large","max-video-preview":"max-video-preview:-1"},"canonical":"https:\/\/informelitoral.com.ar\/con-emilia-y-l-gante-confirmaron-los-artistas-de-la-fiesta-de-disfraces\/","og_locale":"es_ES","og_type":"article","og_title":"Con Emilia y L-Gante confirmaron los artistas de la Fiesta de Disfraces - Informe Litoral","og_description":"A cuatro dias del megaevento, conoci\u00f3 qui\u00e9nes ser\u00e1n los cantantes y DJs que se presentar\u00e1n ante los miles de disfrazados que se dar\u00e1n cita el pr\u00f3ximo 20 de noviembre en Paran\u00e1.","og_url":"https:\/\/informelitoral.com.ar\/con-emilia-y-l-gante-confirmaron-los-artistas-de-la-fiesta-de-disfraces\/","og_site_name":"Informe Litoral","article_publisher":"https:\/\/www.facebook.com\/informelitoral\/","article_published_time":"2022-11-16T22:17:39+00:00","article_modified_time":"2022-11-16T22:32:40+00:00","og_image":[{"width":800,"height":450,"url":"https:\/\/informelitoral.com.ar\/%77%70%2d%63%6f%6e%74%65%6e%74\/uploads\/2022\/11\/o_1668631834_1.jpg","type":"image\/jpeg"}],"author":"Sebastian","twitter_card":"summary_large_image","twitter_creator":"@InformeLitoral","twitter_site":"@InformeLitoral","twitter_misc":{"Escrito por":"Sebastian","Tiempo de lectura":"2 minutos"},"schema":{"@context":"https:\/\/schema.org","@graph":[{"@type":"Article","@id":"https:\/\/informelitoral.com.ar\/con-emilia-y-l-gante-confirmaron-los-artistas-de-la-fiesta-de-disfraces\/#article","isPartOf":{"@id":"https:\/\/informelitoral.com.ar\/con-emilia-y-l-gante-confirmaron-los-artistas-de-la-fiesta-de-disfraces\/"},"author":{"name":"Sebastian","@id":"https:\/\/informelitoral.com.ar\/#\/schema\/person\/f05f9f461677119578717524b127d6d5"},"headline":"Con Emilia y L-Gante confirmaron los artistas de la Fiesta de Disfraces","datePublished":"2022-11-16T22:17:39+00:00","dateModified":"2022-11-16T22:32:40+00:00","mainEntityOfPage":{"@id":"https:\/\/informelitoral.com.ar\/con-emilia-y-l-gante-confirmaron-los-artistas-de-la-fiesta-de-disfraces\/"},"wordCount":318,"commentCount":0,"publisher":{"@id":"https:\/\/informelitoral.com.ar\/#organization"},"image":{"@id":"https:\/\/informelitoral.com.ar\/con-emilia-y-l-gante-confirmaron-los-artistas-de-la-fiesta-de-disfraces\/#primaryimage"},"thumbnailUrl":"https:\/\/informelitoral.com.ar\/%77%70%2d%63%6f%6e%74%65%6e%74\/uploads\/2022\/11\/o_1668631834_1.jpg","keywords":["Fiesta"],"articleSection":["Noticias"],"inLanguage":"es","potentialAction":[{"@type":"CommentAction","name":"Comment","target":["https:\/\/informelitoral.com.ar\/con-emilia-y-l-gante-confirmaron-los-artistas-de-la-fiesta-de-disfraces\/#respond"]}]},{"@type":"WebPage","@id":"https:\/\/informelitoral.com.ar\/con-emilia-y-l-gante-confirmaron-los-artistas-de-la-fiesta-de-disfraces\/","url":"https:\/\/informelitoral.com.ar\/con-emilia-y-l-gante-confirmaron-los-artistas-de-la-fiesta-de-disfraces\/","name":"Con Emilia y L-Gante confirmaron los artistas de la Fiesta de Disfraces - Informe Litoral","isPartOf":{"@id":"https:\/\/informelitoral.com.ar\/#website"},"primaryImageOfPage":{"@id":"https:\/\/informelitoral.com.ar\/con-emilia-y-l-gante-confirmaron-los-artistas-de-la-fiesta-de-disfraces\/#primaryimage"},"image":{"@id":"https:\/\/informelitoral.com.ar\/con-emilia-y-l-gante-confirmaron-los-artistas-de-la-fiesta-de-disfraces\/#primaryimage"},"thumbnailUrl":"https:\/\/informelitoral.com.ar\/%77%70%2d%63%6f%6e%74%65%6e%74\/uploads\/2022\/11\/o_1668631834_1.jpg","datePublished":"2022-11-16T22:17:39+00:00","dateModified":"2022-11-16T22:32:40+00:00","breadcrumb":{"@id":"https:\/\/informelitoral.com.ar\/con-emilia-y-l-gante-confirmaron-los-artistas-de-la-fiesta-de-disfraces\/#breadcrumb"},"inLanguage":"es","potentialAction":[{"@type":"ReadAction","target":["https:\/\/informelitoral.com.ar\/con-emilia-y-l-gante-confirmaron-los-artistas-de-la-fiesta-de-disfraces\/"]}]},{"@type":"ImageObject","inLanguage":"es","@id":"https:\/\/informelitoral.com.ar\/con-emilia-y-l-gante-confirmaron-los-artistas-de-la-fiesta-de-disfraces\/#primaryimage","url":"https:\/\/informelitoral.com.ar\/%77%70%2d%63%6f%6e%74%65%6e%74\/uploads\/2022\/11\/o_1668631834_1.jpg","contentUrl":"https:\/\/informelitoral.com.ar\/%77%70%2d%63%6f%6e%74%65%6e%74\/uploads\/2022\/11\/o_1668631834_1.jpg","width":800,"height":450},{"@type":"BreadcrumbList","@id":"https:\/\/informelitoral.com.ar\/con-emilia-y-l-gante-confirmaron-los-artistas-de-la-fiesta-de-disfraces\/#breadcrumb","itemListElement":[{"@type":"ListItem","position":1,"name":"Portada","item":"https:\/\/informelitoral.com.ar\/"},{"@type":"ListItem","position":2,"name":"Con Emilia y L-Gante confirmaron los artistas de la Fiesta de Disfraces"}]},{"@type":"WebSite","@id":"https:\/\/informelitoral.com.ar\/#website","url":"https:\/\/informelitoral.com.ar\/","name":"Informe Litoral","description":"&quot;Nos informamos&quot; ","publisher":{"@id":"https:\/\/informelitoral.com.ar\/#organization"},"potentialAction":[{"@type":"SearchAction","target":{"@type":"EntryPoint","urlTemplate":"https:\/\/informelitoral.com.ar\/?s={search_term_string}"},"query-input":{"@type":"PropertyValueSpecification","valueRequired":true,"valueName":"search_term_string"}}],"inLanguage":"es"},{"@type":"Organization","@id":"https:\/\/informelitoral.com.ar\/#organization","name":"Informe Litoral","url":"https:\/\/informelitoral.com.ar\/","logo":{"@type":"ImageObject","inLanguage":"es","@id":"https:\/\/informelitoral.com.ar\/#\/schema\/logo\/image\/","url":"https:\/\/informelitoral.com.ar\/%77%70%2d%63%6f%6e%74%65%6e%74\/uploads\/2021\/01\/circulo.png","contentUrl":"https:\/\/informelitoral.com.ar\/%77%70%2d%63%6f%6e%74%65%6e%74\/uploads\/2021\/01\/circulo.png","width":723,"height":731,"caption":"Informe Litoral"},"image":{"@id":"https:\/\/informelitoral.com.ar\/#\/schema\/logo\/image\/"},"sameAs":["https:\/\/www.facebook.com\/informelitoral\/","https:\/\/x.com\/InformeLitoral","https:\/\/www.instagram.com\/informelitoral\/","https:\/\/www.youtube.com\/channel\/UCua4Qvz8Icb6MYqhoq9xLXw"]},{"@type":"Person","@id":"https:\/\/informelitoral.com.ar\/#\/schema\/person\/f05f9f461677119578717524b127d6d5","name":"Sebastian","image":{"@type":"ImageObject","inLanguage":"es","@id":"https:\/\/secure.gravatar.com\/avatar\/b71bf7481d447dfb9583c7f2798e7cc64de6efb9067b74633ed8c31059a3bd82?s=96&d=mm&r=g","url":"https:\/\/secure.gravatar.com\/avatar\/b71bf7481d447dfb9583c7f2798e7cc64de6efb9067b74633ed8c31059a3bd82?s=96&d=mm&r=g","contentUrl":"https:\/\/secure.gravatar.com\/avatar\/b71bf7481d447dfb9583c7f2798e7cc64de6efb9067b74633ed8c31059a3bd82?s=96&d=mm&r=g","caption":"Sebastian"},"url":"https:\/\/informelitoral.com.ar\/author\/sebastian\/"}]}},"_links":{"self":[{"href":"https:\/\/informelitoral.com.ar\/%77%70%2d%6a%73%6f%6e\/wp\/v2\/posts\/94577","targetHints":{"allow":["GET"]}}],"collection":[{"href":"https:\/\/informelitoral.com.ar\/%77%70%2d%6a%73%6f%6e\/wp\/v2\/posts"}],"about":[{"href":"https:\/\/informelitoral.com.ar\/%77%70%2d%6a%73%6f%6e\/wp\/v2\/types\/post"}],"author":[{"embeddable":true,"href":"https:\/\/informelitoral.com.ar\/%77%70%2d%6a%73%6f%6e\/wp\/v2\/users\/8"}],"replies":[{"embeddable":true,"href":"https:\/\/informelitoral.com.ar\/%77%70%2d%6a%73%6f%6e\/wp\/v2\/comments?post=94577"}],"version-history":[{"count":0,"href":"https:\/\/informelitoral.com.ar\/%77%70%2d%6a%73%6f%6e\/wp\/v2\/posts\/94577\/revisions"}],"wp:featuredmedia":[{"embeddable":true,"href":"https:\/\/informelitoral.com.ar\/%77%70%2d%6a%73%6f%6e\/wp\/v2\/media\/94597"}],"wp:attachment":[{"href":"https:\/\/informelitoral.com.ar\/%77%70%2d%6a%73%6f%6e\/wp\/v2\/media?parent=94577"}],"wp:term":[{"taxonomy":"category","embeddable":true,"href":"https:\/\/informelitoral.com.ar\/%77%70%2d%6a%73%6f%6e\/wp\/v2\/categories?post=94577"},{"taxonomy":"post_tag","embeddable":true,"href":"https:\/\/informelitoral.com.ar\/%77%70%2d%6a%73%6f%6e\/wp\/v2\/tags?post=94577"}],"curies":[{"name":"wp","href":"https:\/\/api.w.org\/{rel}","templated":true}]}}