{"id":9446,"date":"2015-01-01T21:05:02","date_gmt":"2015-01-02T00:05:02","guid":{"rendered":"http:\/\/www.isletasnoticias.com.ar\/?p=9446"},"modified":"2015-01-01T21:05:02","modified_gmt":"2015-01-02T00:05:02","slug":"preven-caida-en-la-produccion-agricola-201415","status":"publish","type":"post","link":"https:\/\/informelitoral.com.ar\/preven-caida-en-la-produccion-agricola-201415\/","title":{"rendered":"Prev\u00e9n ca\u00edda en la producci\u00f3n agr\u00edcola 2014\/15"},"content":{"rendered":"<p><strong>Un informe privado asegura que la baja ser\u00e1 de 1,4% en relaci\u00f3n a la cosecha anterior. El ma\u00edz comandar\u00e1 el descenso.<a href=\"http:\/\/www.isletasnoticias.com.ar\/%77%70%2d%63%6f%6e%74%65%6e%74\/uploads\/2015\/01\/trigo-cosecha.jpg\"><img loading=\"lazy\" decoding=\"async\" class=\"aligncenter size-medium wp-image-9447\" src=\"http:\/\/www.isletasnoticias.com.ar\/%77%70%2d%63%6f%6e%74%65%6e%74\/uploads\/2015\/01\/trigo-cosecha-300x174.jpg\" alt=\"trigo-cosecha\" width=\"300\" height=\"174\" srcset=\"https:\/\/informelitoral.com.ar\/%77%70%2d%63%6f%6e%74%65%6e%74\/uploads\/2015\/01\/trigo-cosecha-300x174.jpg 300w, https:\/\/informelitoral.com.ar\/%77%70%2d%63%6f%6e%74%65%6e%74\/uploads\/2015\/01\/trigo-cosecha.jpg 624w\" sizes=\"auto, (max-width: 300px) 100vw, 300px\" \/><\/a><\/strong><\/p>\n<p>La producci\u00f3n agr\u00edcola de la campa\u00f1a 2014\/15 alcanzar\u00e1 101 millones de toneladas, lo que implica una reducci\u00f3n de 1,4% en relaci\u00f3n a la cosecha del ciclo anterior, seg\u00fan estim\u00f3 un informe dado a conocer ayer por Investigaciones Econ\u00f3micas Sectoriales (IES).<\/p>\n<p>De acuerdo con sus proyecciones, en el presente ciclo la producci\u00f3n de trigo registrar\u00e1 una recuperaci\u00f3n de 30,6%, tras dos p\u00e9simas cosechas. La consultora tambi\u00e9n prev\u00e9 una \u201cbuena producci\u00f3n de soja, que mantendr\u00e1 los niveles r\u00e9cord del ciclo\u201d.<\/p>\n<p>En cambio, pronostic\u00f3 que la cosecha de ma\u00edz en la actual campa\u00f1a verificar\u00e1 una ca\u00edda del orden de 12%, \u201cafectada por los mayores costes de capital que demanda su implantaci\u00f3n\u201d.<\/p>\n<p>En cuanto a los precios de las commodities agr\u00edcolas, IES evalu\u00f3 que \u201csi bien presentan un escenario bajista (por los fundamentos de oferta y de demanda de la actual campa\u00f1a como al panorama macrofinanciero global)\u201d los valores de los granos \u201cse mantienen elevados en t\u00e9rminos hist\u00f3ricos\u201d. En este sentido, se\u00f1al\u00f3 que \u201cel suave rebote en noviembre permite inferir que la ca\u00edda alcanz\u00f3 un piso, aunque no se espera un repunte robusto en el corto plazo\u201d.<\/p>\n<p>Por otra parte, el informe tambi\u00e9n precis\u00f3 que las exportaciones del sector agr\u00edcola sumaron en los primeros once meses del a\u00f1o un valor de u$s25.014,4 millones, lo que implica un descenso de 11,4% con respecto a igual per\u00edodo de 2013.<\/p>\n<p>A su vez, el volumen exportado por el sector tuvo una baja en el lapso enero-noviembre de 8,9% interanual, al totalizar un stock de 58,5 millones de toneladas.<\/p>\n<p>Seg\u00fan detall\u00f3, los granos tuvieron una participaci\u00f3n de 36,7% en el valor total exportado por el sector agr\u00edcola, mientras que los aceites vegetales (14,9% aceites de soja, girasol, man\u00ed, oliva y aceite ma\u00edz) y subproductos oleaginosos representaron un 47%. Por su parte, los cultivos industriales representaron un 2,3% del valor exportado.<\/p>\n<p>El informe indic\u00f3 que la participaci\u00f3n de las ventas externas del sector agr\u00edcola en el total de las exportaciones del pa\u00eds en los primeros once meses del a\u00f1o lleg\u00f3 al 39,8%, guarismo levemente superior al 39,4% de igual per\u00edodo de 2013.<\/p>\n<p>En ese marco, la consultora destac\u00f3 que \u201cel sector agroindustrial es el m\u00e1s importante en el comercio exterior argentino\u201d.<em> (DyN)<\/em><\/p>\n","protected":false},"excerpt":{"rendered":"<p>Un informe privado asegura que la baja ser&aacute; de 1,4% en relaci&oacute;n a la cosecha anterior. El ma&iacute;z comandar&aacute; el descenso. La producci&oacute;n agr&iacute;cola de la campa&ntilde;a 2014\/15 alcanzar&aacute; 101 millones de toneladas, lo que implica una reducci&oacute;n de 1,4% en relaci&oacute;n a la cosecha del ciclo anterior, seg&uacute;n estim&oacute; un informe dado a conocer [&hellip;]<\/p>\n","protected":false},"author":2,"featured_media":0,"comment_status":"open","ping_status":"open","sticky":false,"template":"","format":"standard","meta":{"fifu_image_url":"","fifu_image_alt":"","footnotes":""},"categories":[10],"tags":[],"class_list":{"0":"post-9446","1":"post","2":"type-post","3":"status-publish","4":"format-standard","6":"category-campo"},"yoast_head":"<title>Prev\u00e9n ca\u00edda en la producci\u00f3n agr\u00edcola 2014\/15 - Informe Litoral<\/title>\n<meta name=\"robots\" content=\"index, follow, max-snippet:-1, max-image-preview:large, max-video-preview:-1\" \/>\n<link rel=\"canonical\" href=\"https:\/\/informelitoral.com.ar\/preven-caida-en-la-produccion-agricola-201415\/\" \/>\n<meta property=\"og:locale\" content=\"es_ES\" \/>\n<meta property=\"og:type\" content=\"article\" \/>\n<meta property=\"og:title\" content=\"Prev\u00e9n ca\u00edda en la producci\u00f3n agr\u00edcola 2014\/15 - Informe Litoral\" \/>\n<meta property=\"og:description\" content=\"Un informe privado asegura que la baja ser&aacute; de 1,4% en relaci&oacute;n a la cosecha anterior. El ma&iacute;z comandar&aacute; el descenso. La producci&oacute;n agr&iacute;cola de la campa&ntilde;a 2014\/15 alcanzar&aacute; 101 millones de toneladas, lo que implica una reducci&oacute;n de 1,4% en relaci&oacute;n a la cosecha del ciclo anterior, seg&uacute;n estim&oacute; un informe dado a conocer [&hellip;]\" \/>\n<meta property=\"og:url\" content=\"https:\/\/informelitoral.com.ar\/preven-caida-en-la-produccion-agricola-201415\/\" \/>\n<meta property=\"og:site_name\" content=\"Informe Litoral\" \/>\n<meta property=\"article:publisher\" content=\"https:\/\/www.facebook.com\/informelitoral\/\" \/>\n<meta property=\"article:published_time\" content=\"2015-01-02T00:05:02+00:00\" \/>\n<meta property=\"og:image\" content=\"https:\/\/informelitoral.com.ar\/%77%70%2d%63%6f%6e%74%65%6e%74\/uploads\/2015\/01\/trigo-cosecha.jpg\" \/>\n\t<meta property=\"og:image:width\" content=\"624\" \/>\n\t<meta property=\"og:image:height\" content=\"363\" \/>\n\t<meta property=\"og:image:type\" content=\"image\/jpeg\" \/>\n<meta name=\"author\" content=\"Gonzalo Schmidt\" \/>\n<meta name=\"twitter:card\" content=\"summary_large_image\" \/>\n<meta name=\"twitter:creator\" content=\"@InformeLitoral\" \/>\n<meta name=\"twitter:site\" content=\"@InformeLitoral\" \/>\n<meta name=\"twitter:label1\" content=\"Escrito por\" \/>\n\t<meta name=\"twitter:data1\" content=\"Gonzalo Schmidt\" \/>\n\t<meta name=\"twitter:label2\" content=\"Tiempo de lectura\" \/>\n\t<meta name=\"twitter:data2\" content=\"2 minutos\" \/>\n<script type=\"application\/ld+json\" class=\"yoast-schema-graph\">{\"@context\":\"https:\\\/\\\/schema.org\",\"@graph\":[{\"@type\":\"Article\",\"@id\":\"https:\\\/\\\/informelitoral.com.ar\\\/preven-caida-en-la-produccion-agricola-201415\\\/#article\",\"isPartOf\":{\"@id\":\"https:\\\/\\\/informelitoral.com.ar\\\/preven-caida-en-la-produccion-agricola-201415\\\/\"},\"author\":{\"name\":\"Gonzalo Schmidt\",\"@id\":\"https:\\\/\\\/informelitoral.com.ar\\\/#\\\/schema\\\/person\\\/b9d00407c836482871ef1d57bf8e3180\"},\"headline\":\"Prev\u00e9n ca\u00edda en la producci\u00f3n agr\u00edcola 2014\\\/15\",\"datePublished\":\"2015-01-02T00:05:02+00:00\",\"mainEntityOfPage\":{\"@id\":\"https:\\\/\\\/informelitoral.com.ar\\\/preven-caida-en-la-produccion-agricola-201415\\\/\"},\"wordCount\":417,\"commentCount\":0,\"publisher\":{\"@id\":\"https:\\\/\\\/informelitoral.com.ar\\\/#organization\"},\"image\":{\"@id\":\"https:\\\/\\\/informelitoral.com.ar\\\/preven-caida-en-la-produccion-agricola-201415\\\/#primaryimage\"},\"thumbnailUrl\":\"http:\\\/\\\/www.isletasnoticias.com.ar\\\/%77%70%2d%63%6f%6e%74%65%6e%74\\\/uploads\\\/2015\\\/01\\\/trigo-cosecha-300x174.jpg\",\"articleSection\":[\"Campo\"],\"inLanguage\":\"es\",\"potentialAction\":[{\"@type\":\"CommentAction\",\"name\":\"Comment\",\"target\":[\"https:\\\/\\\/informelitoral.com.ar\\\/preven-caida-en-la-produccion-agricola-201415\\\/#respond\"]}]},{\"@type\":\"WebPage\",\"@id\":\"https:\\\/\\\/informelitoral.com.ar\\\/preven-caida-en-la-produccion-agricola-201415\\\/\",\"url\":\"https:\\\/\\\/informelitoral.com.ar\\\/preven-caida-en-la-produccion-agricola-201415\\\/\",\"name\":\"Prev\u00e9n ca\u00edda en la producci\u00f3n agr\u00edcola 2014\\\/15 - Informe Litoral\",\"isPartOf\":{\"@id\":\"https:\\\/\\\/informelitoral.com.ar\\\/#website\"},\"primaryImageOfPage\":{\"@id\":\"https:\\\/\\\/informelitoral.com.ar\\\/preven-caida-en-la-produccion-agricola-201415\\\/#primaryimage\"},\"image\":{\"@id\":\"https:\\\/\\\/informelitoral.com.ar\\\/preven-caida-en-la-produccion-agricola-201415\\\/#primaryimage\"},\"thumbnailUrl\":\"http:\\\/\\\/www.isletasnoticias.com.ar\\\/%77%70%2d%63%6f%6e%74%65%6e%74\\\/uploads\\\/2015\\\/01\\\/trigo-cosecha-300x174.jpg\",\"datePublished\":\"2015-01-02T00:05:02+00:00\",\"breadcrumb\":{\"@id\":\"https:\\\/\\\/informelitoral.com.ar\\\/preven-caida-en-la-produccion-agricola-201415\\\/#breadcrumb\"},\"inLanguage\":\"es\",\"potentialAction\":[{\"@type\":\"ReadAction\",\"target\":[\"https:\\\/\\\/informelitoral.com.ar\\\/preven-caida-en-la-produccion-agricola-201415\\\/\"]}]},{\"@type\":\"ImageObject\",\"inLanguage\":\"es\",\"@id\":\"https:\\\/\\\/informelitoral.com.ar\\\/preven-caida-en-la-produccion-agricola-201415\\\/#primaryimage\",\"url\":\"http:\\\/\\\/www.isletasnoticias.com.ar\\\/%77%70%2d%63%6f%6e%74%65%6e%74\\\/uploads\\\/2015\\\/01\\\/trigo-cosecha-300x174.jpg\",\"contentUrl\":\"http:\\\/\\\/www.isletasnoticias.com.ar\\\/%77%70%2d%63%6f%6e%74%65%6e%74\\\/uploads\\\/2015\\\/01\\\/trigo-cosecha-300x174.jpg\"},{\"@type\":\"BreadcrumbList\",\"@id\":\"https:\\\/\\\/informelitoral.com.ar\\\/preven-caida-en-la-produccion-agricola-201415\\\/#breadcrumb\",\"itemListElement\":[{\"@type\":\"ListItem\",\"position\":1,\"name\":\"Portada\",\"item\":\"https:\\\/\\\/informelitoral.com.ar\\\/\"},{\"@type\":\"ListItem\",\"position\":2,\"name\":\"Prev\u00e9n ca\u00edda en la producci\u00f3n agr\u00edcola 2014\\\/15\"}]},{\"@type\":\"WebSite\",\"@id\":\"https:\\\/\\\/informelitoral.com.ar\\\/#website\",\"url\":\"https:\\\/\\\/informelitoral.com.ar\\\/\",\"name\":\"Informe Litoral\",\"description\":\"&quot;Nos informamos&quot; \",\"publisher\":{\"@id\":\"https:\\\/\\\/informelitoral.com.ar\\\/#organization\"},\"potentialAction\":[{\"@type\":\"SearchAction\",\"target\":{\"@type\":\"EntryPoint\",\"urlTemplate\":\"https:\\\/\\\/informelitoral.com.ar\\\/?s={search_term_string}\"},\"query-input\":{\"@type\":\"PropertyValueSpecification\",\"valueRequired\":true,\"valueName\":\"search_term_string\"}}],\"inLanguage\":\"es\"},{\"@type\":\"Organization\",\"@id\":\"https:\\\/\\\/informelitoral.com.ar\\\/#organization\",\"name\":\"Informe Litoral\",\"url\":\"https:\\\/\\\/informelitoral.com.ar\\\/\",\"logo\":{\"@type\":\"ImageObject\",\"inLanguage\":\"es\",\"@id\":\"https:\\\/\\\/informelitoral.com.ar\\\/#\\\/schema\\\/logo\\\/image\\\/\",\"url\":\"https:\\\/\\\/informelitoral.com.ar\\\/%77%70%2d%63%6f%6e%74%65%6e%74\\\/uploads\\\/2021\\\/01\\\/circulo.png\",\"contentUrl\":\"https:\\\/\\\/informelitoral.com.ar\\\/%77%70%2d%63%6f%6e%74%65%6e%74\\\/uploads\\\/2021\\\/01\\\/circulo.png\",\"width\":723,\"height\":731,\"caption\":\"Informe Litoral\"},\"image\":{\"@id\":\"https:\\\/\\\/informelitoral.com.ar\\\/#\\\/schema\\\/logo\\\/image\\\/\"},\"sameAs\":[\"https:\\\/\\\/www.facebook.com\\\/informelitoral\\\/\",\"https:\\\/\\\/x.com\\\/InformeLitoral\",\"https:\\\/\\\/www.instagram.com\\\/informelitoral\\\/\",\"https:\\\/\\\/www.youtube.com\\\/channel\\\/UCua4Qvz8Icb6MYqhoq9xLXw\"]},{\"@type\":\"Person\",\"@id\":\"https:\\\/\\\/informelitoral.com.ar\\\/#\\\/schema\\\/person\\\/b9d00407c836482871ef1d57bf8e3180\",\"name\":\"Gonzalo Schmidt\",\"image\":{\"@type\":\"ImageObject\",\"inLanguage\":\"es\",\"@id\":\"https:\\\/\\\/secure.gravatar.com\\\/avatar\\\/31a1a7b66ff2de83bd0e9fd79d026630d2d99e55e8bfe501287647b4fd9743de?s=96&d=mm&r=g\",\"url\":\"https:\\\/\\\/secure.gravatar.com\\\/avatar\\\/31a1a7b66ff2de83bd0e9fd79d026630d2d99e55e8bfe501287647b4fd9743de?s=96&d=mm&r=g\",\"contentUrl\":\"https:\\\/\\\/secure.gravatar.com\\\/avatar\\\/31a1a7b66ff2de83bd0e9fd79d026630d2d99e55e8bfe501287647b4fd9743de?s=96&d=mm&r=g\",\"caption\":\"Gonzalo Schmidt\"},\"description\":\"Sitio web de noticias de la provincia de Entre R\u00edos, Argentina. Informaci\u00f3n y entretenimiento. Informe Litoral, nos informamos.\",\"sameAs\":[\"http:\\\/\\\/www.isletasnoticias.com.ar\"],\"url\":\"https:\\\/\\\/informelitoral.com.ar\\\/author\\\/gonzalo\\\/\"}]}<\/script>","yoast_head_json":{"title":"Prev\u00e9n ca\u00edda en la producci\u00f3n agr\u00edcola 2014\/15 - Informe Litoral","robots":{"index":"index","follow":"follow","max-snippet":"max-snippet:-1","max-image-preview":"max-image-preview:large","max-video-preview":"max-video-preview:-1"},"canonical":"https:\/\/informelitoral.com.ar\/preven-caida-en-la-produccion-agricola-201415\/","og_locale":"es_ES","og_type":"article","og_title":"Prev\u00e9n ca\u00edda en la producci\u00f3n agr\u00edcola 2014\/15 - Informe Litoral","og_description":"Un informe privado asegura que la baja ser&aacute; de 1,4% en relaci&oacute;n a la cosecha anterior. El ma&iacute;z comandar&aacute; el descenso. La producci&oacute;n agr&iacute;cola de la campa&ntilde;a 2014\/15 alcanzar&aacute; 101 millones de toneladas, lo que implica una reducci&oacute;n de 1,4% en relaci&oacute;n a la cosecha del ciclo anterior, seg&uacute;n estim&oacute; un informe dado a conocer [&hellip;]","og_url":"https:\/\/informelitoral.com.ar\/preven-caida-en-la-produccion-agricola-201415\/","og_site_name":"Informe Litoral","article_publisher":"https:\/\/www.facebook.com\/informelitoral\/","article_published_time":"2015-01-02T00:05:02+00:00","og_image":[{"width":624,"height":363,"url":"https:\/\/informelitoral.com.ar\/%77%70%2d%63%6f%6e%74%65%6e%74\/uploads\/2015\/01\/trigo-cosecha.jpg","type":"image\/jpeg"}],"author":"Gonzalo Schmidt","twitter_card":"summary_large_image","twitter_creator":"@InformeLitoral","twitter_site":"@InformeLitoral","twitter_misc":{"Escrito por":"Gonzalo Schmidt","Tiempo de lectura":"2 minutos"},"schema":{"@context":"https:\/\/schema.org","@graph":[{"@type":"Article","@id":"https:\/\/informelitoral.com.ar\/preven-caida-en-la-produccion-agricola-201415\/#article","isPartOf":{"@id":"https:\/\/informelitoral.com.ar\/preven-caida-en-la-produccion-agricola-201415\/"},"author":{"name":"Gonzalo Schmidt","@id":"https:\/\/informelitoral.com.ar\/#\/schema\/person\/b9d00407c836482871ef1d57bf8e3180"},"headline":"Prev\u00e9n ca\u00edda en la producci\u00f3n agr\u00edcola 2014\/15","datePublished":"2015-01-02T00:05:02+00:00","mainEntityOfPage":{"@id":"https:\/\/informelitoral.com.ar\/preven-caida-en-la-produccion-agricola-201415\/"},"wordCount":417,"commentCount":0,"publisher":{"@id":"https:\/\/informelitoral.com.ar\/#organization"},"image":{"@id":"https:\/\/informelitoral.com.ar\/preven-caida-en-la-produccion-agricola-201415\/#primaryimage"},"thumbnailUrl":"http:\/\/www.isletasnoticias.com.ar\/%77%70%2d%63%6f%6e%74%65%6e%74\/uploads\/2015\/01\/trigo-cosecha-300x174.jpg","articleSection":["Campo"],"inLanguage":"es","potentialAction":[{"@type":"CommentAction","name":"Comment","target":["https:\/\/informelitoral.com.ar\/preven-caida-en-la-produccion-agricola-201415\/#respond"]}]},{"@type":"WebPage","@id":"https:\/\/informelitoral.com.ar\/preven-caida-en-la-produccion-agricola-201415\/","url":"https:\/\/informelitoral.com.ar\/preven-caida-en-la-produccion-agricola-201415\/","name":"Prev\u00e9n ca\u00edda en la producci\u00f3n agr\u00edcola 2014\/15 - Informe Litoral","isPartOf":{"@id":"https:\/\/informelitoral.com.ar\/#website"},"primaryImageOfPage":{"@id":"https:\/\/informelitoral.com.ar\/preven-caida-en-la-produccion-agricola-201415\/#primaryimage"},"image":{"@id":"https:\/\/informelitoral.com.ar\/preven-caida-en-la-produccion-agricola-201415\/#primaryimage"},"thumbnailUrl":"http:\/\/www.isletasnoticias.com.ar\/%77%70%2d%63%6f%6e%74%65%6e%74\/uploads\/2015\/01\/trigo-cosecha-300x174.jpg","datePublished":"2015-01-02T00:05:02+00:00","breadcrumb":{"@id":"https:\/\/informelitoral.com.ar\/preven-caida-en-la-produccion-agricola-201415\/#breadcrumb"},"inLanguage":"es","potentialAction":[{"@type":"ReadAction","target":["https:\/\/informelitoral.com.ar\/preven-caida-en-la-produccion-agricola-201415\/"]}]},{"@type":"ImageObject","inLanguage":"es","@id":"https:\/\/informelitoral.com.ar\/preven-caida-en-la-produccion-agricola-201415\/#primaryimage","url":"http:\/\/www.isletasnoticias.com.ar\/%77%70%2d%63%6f%6e%74%65%6e%74\/uploads\/2015\/01\/trigo-cosecha-300x174.jpg","contentUrl":"http:\/\/www.isletasnoticias.com.ar\/%77%70%2d%63%6f%6e%74%65%6e%74\/uploads\/2015\/01\/trigo-cosecha-300x174.jpg"},{"@type":"BreadcrumbList","@id":"https:\/\/informelitoral.com.ar\/preven-caida-en-la-produccion-agricola-201415\/#breadcrumb","itemListElement":[{"@type":"ListItem","position":1,"name":"Portada","item":"https:\/\/informelitoral.com.ar\/"},{"@type":"ListItem","position":2,"name":"Prev\u00e9n ca\u00edda en la producci\u00f3n agr\u00edcola 2014\/15"}]},{"@type":"WebSite","@id":"https:\/\/informelitoral.com.ar\/#website","url":"https:\/\/informelitoral.com.ar\/","name":"Informe Litoral","description":"&quot;Nos informamos&quot; ","publisher":{"@id":"https:\/\/informelitoral.com.ar\/#organization"},"potentialAction":[{"@type":"SearchAction","target":{"@type":"EntryPoint","urlTemplate":"https:\/\/informelitoral.com.ar\/?s={search_term_string}"},"query-input":{"@type":"PropertyValueSpecification","valueRequired":true,"valueName":"search_term_string"}}],"inLanguage":"es"},{"@type":"Organization","@id":"https:\/\/informelitoral.com.ar\/#organization","name":"Informe Litoral","url":"https:\/\/informelitoral.com.ar\/","logo":{"@type":"ImageObject","inLanguage":"es","@id":"https:\/\/informelitoral.com.ar\/#\/schema\/logo\/image\/","url":"https:\/\/informelitoral.com.ar\/%77%70%2d%63%6f%6e%74%65%6e%74\/uploads\/2021\/01\/circulo.png","contentUrl":"https:\/\/informelitoral.com.ar\/%77%70%2d%63%6f%6e%74%65%6e%74\/uploads\/2021\/01\/circulo.png","width":723,"height":731,"caption":"Informe Litoral"},"image":{"@id":"https:\/\/informelitoral.com.ar\/#\/schema\/logo\/image\/"},"sameAs":["https:\/\/www.facebook.com\/informelitoral\/","https:\/\/x.com\/InformeLitoral","https:\/\/www.instagram.com\/informelitoral\/","https:\/\/www.youtube.com\/channel\/UCua4Qvz8Icb6MYqhoq9xLXw"]},{"@type":"Person","@id":"https:\/\/informelitoral.com.ar\/#\/schema\/person\/b9d00407c836482871ef1d57bf8e3180","name":"Gonzalo Schmidt","image":{"@type":"ImageObject","inLanguage":"es","@id":"https:\/\/secure.gravatar.com\/avatar\/31a1a7b66ff2de83bd0e9fd79d026630d2d99e55e8bfe501287647b4fd9743de?s=96&d=mm&r=g","url":"https:\/\/secure.gravatar.com\/avatar\/31a1a7b66ff2de83bd0e9fd79d026630d2d99e55e8bfe501287647b4fd9743de?s=96&d=mm&r=g","contentUrl":"https:\/\/secure.gravatar.com\/avatar\/31a1a7b66ff2de83bd0e9fd79d026630d2d99e55e8bfe501287647b4fd9743de?s=96&d=mm&r=g","caption":"Gonzalo Schmidt"},"description":"Sitio web de noticias de la provincia de Entre R\u00edos, Argentina. Informaci\u00f3n y entretenimiento. Informe Litoral, nos informamos.","sameAs":["http:\/\/www.isletasnoticias.com.ar"],"url":"https:\/\/informelitoral.com.ar\/author\/gonzalo\/"}]}},"_links":{"self":[{"href":"https:\/\/informelitoral.com.ar\/%77%70%2d%6a%73%6f%6e\/wp\/v2\/posts\/9446","targetHints":{"allow":["GET"]}}],"collection":[{"href":"https:\/\/informelitoral.com.ar\/%77%70%2d%6a%73%6f%6e\/wp\/v2\/posts"}],"about":[{"href":"https:\/\/informelitoral.com.ar\/%77%70%2d%6a%73%6f%6e\/wp\/v2\/types\/post"}],"author":[{"embeddable":true,"href":"https:\/\/informelitoral.com.ar\/%77%70%2d%6a%73%6f%6e\/wp\/v2\/users\/2"}],"replies":[{"embeddable":true,"href":"https:\/\/informelitoral.com.ar\/%77%70%2d%6a%73%6f%6e\/wp\/v2\/comments?post=9446"}],"version-history":[{"count":0,"href":"https:\/\/informelitoral.com.ar\/%77%70%2d%6a%73%6f%6e\/wp\/v2\/posts\/9446\/revisions"}],"wp:attachment":[{"href":"https:\/\/informelitoral.com.ar\/%77%70%2d%6a%73%6f%6e\/wp\/v2\/media?parent=9446"}],"wp:term":[{"taxonomy":"category","embeddable":true,"href":"https:\/\/informelitoral.com.ar\/%77%70%2d%6a%73%6f%6e\/wp\/v2\/categories?post=9446"},{"taxonomy":"post_tag","embeddable":true,"href":"https:\/\/informelitoral.com.ar\/%77%70%2d%6a%73%6f%6e\/wp\/v2\/tags?post=9446"}],"curies":[{"name":"wp","href":"https:\/\/api.w.org\/{rel}","templated":true}]}}