{"id":94251,"date":"2022-11-15T09:11:40","date_gmt":"2022-11-15T12:11:40","guid":{"rendered":"https:\/\/www.informelitoral.com.ar\/?p=94251"},"modified":"2022-11-15T09:50:56","modified_gmt":"2022-11-15T12:50:56","slug":"el-indec-da-a-conocer-el-indice-de-inflacion-de-octubre","status":"publish","type":"post","link":"https:\/\/informelitoral.com.ar\/el-indec-da-a-conocer-el-indice-de-inflacion-de-octubre\/","title":{"rendered":"El Indec da a conocer el \u00edndice de inflaci\u00f3n de octubre"},"content":{"rendered":"<section class=\"texto\">El Instituto Nacional de Estad\u00edstica y Censos (Indec) dar\u00e1 a conocer este martes la variaci\u00f3n del \u00cdndice de Precios al Consumidor (IPC-Costo de Vida) de octubre, que seg\u00fan estimaciones privadas habr\u00eda rondado el 6,5%.De confirmarse el c\u00e1lculo, incluido en el \u00faltimo el Relevamiento de Expectativas del Mercado (REM) que realiz\u00f3 el Banco Central (BCRA), la inflaci\u00f3n de octubre se habr\u00eda elevado respecto del 6,2% de septiembre.El gobierno lanz\u00f3 el viernes el programa Precios Justos, que congelar\u00e1 los valores de 1.788 productos de la canasta b\u00e1sica por cuatro meses, entre diciembre y marzo, luego de un acuerdo alcanzado con 102 empresas y grandes cadenas de supermercados.\u00bbEl acuerdo de Precios Justos resuelve uno de los problemas de la inflaci\u00f3n; pero debemos seguir trabajando en el sendero de la pol\u00edtica fiscal y la acumulaci\u00f3n de reservas\u00bb, se\u00f1al\u00f3 el ministro de Econom\u00eda, Sergio Massa durante la presentaci\u00f3n del acuerdo.Ese mismo d\u00eda, el viceministro de Econom\u00eda, Gabriel Rubinstein, destac\u00f3 que ese programa \u00abes una muy buena herramienta para intentar desacelerar la inercia inflacionaria hacia el 4% mensual en meses venideros\u00bb.A trav\u00e9s de su cuenta de Twitter el funcionario apunt\u00f3 a que \u00abese 4% (mensual), o 60% anual, es el que proyectamos e incluimos en el Presupuesto 2023. Y es una cifra bien compatible con los fundamentos \u00abmacro\u00bb, fiscales, monetarios\u00bb entre otros.Precios Justos \u00abes solo un paso. Solo una pieza, pero buen importante del andamiaje que nos posibilitar\u00e1 mejoras ulteriores, en procura de un orden fiscal cada vez m\u00e1s profundo, y una inflaci\u00f3n cada vez m\u00e1s baja\u00bb, dijo Rubinstein.<\/section>\n<div class=\"publi-top publi-listado\">\n<div class=\"publi-728\">\n<div id=\"banner-interior-b\" class=\"banner-zone-found banner-step-1 banner-loop-1 banner-is-dfp banner-step-4\" data-google-query-id=\"CM3B25qUsPsCFVkAuQYdVhkNVg\"><\/div>\n<\/div>\n<\/div>\n","protected":false},"excerpt":{"rendered":"<p>De confirmarse las estimaciones, la inflaci\u00f3n de octubre se habr\u00eda elevado respecto del 6,2% de septiembre. El gobierno lanz\u00f3 el viernes el programa Precios Justos, que congelar\u00e1 los valores de 1.788 productos por cuatro meses.<\/p>\n","protected":false},"author":8,"featured_media":94260,"comment_status":"open","ping_status":"open","sticky":false,"template":"","format":"standard","meta":{"fifu_image_url":"","fifu_image_alt":"","footnotes":""},"categories":[1594],"tags":[78],"class_list":{"0":"post-94251","1":"post","2":"type-post","3":"status-publish","4":"format-standard","5":"has-post-thumbnail","7":"category-economia","8":"tag-indec"},"yoast_head":"<title>El Indec da a conocer el \u00edndice de inflaci\u00f3n de octubre - Informe Litoral<\/title>\n<meta name=\"robots\" content=\"index, follow, max-snippet:-1, max-image-preview:large, max-video-preview:-1\" \/>\n<link rel=\"canonical\" href=\"https:\/\/informelitoral.com.ar\/el-indec-da-a-conocer-el-indice-de-inflacion-de-octubre\/\" \/>\n<meta property=\"og:locale\" content=\"es_ES\" \/>\n<meta property=\"og:type\" content=\"article\" \/>\n<meta property=\"og:title\" content=\"El Indec da a conocer el \u00edndice de inflaci\u00f3n de octubre - Informe Litoral\" \/>\n<meta property=\"og:description\" content=\"De confirmarse las estimaciones, la inflaci\u00f3n de octubre se habr\u00eda elevado respecto del 6,2% de septiembre. El gobierno lanz\u00f3 el viernes el programa Precios Justos, que congelar\u00e1 los valores de 1.788 productos por cuatro meses.\" \/>\n<meta property=\"og:url\" content=\"https:\/\/informelitoral.com.ar\/el-indec-da-a-conocer-el-indice-de-inflacion-de-octubre\/\" \/>\n<meta property=\"og:site_name\" content=\"Informe Litoral\" \/>\n<meta property=\"article:publisher\" content=\"https:\/\/www.facebook.com\/informelitoral\/\" \/>\n<meta property=\"article:published_time\" content=\"2022-11-15T12:11:40+00:00\" \/>\n<meta property=\"article:modified_time\" content=\"2022-11-15T12:50:56+00:00\" \/>\n<meta property=\"og:image\" content=\"https:\/\/informelitoral.com.ar\/%77%70%2d%63%6f%6e%74%65%6e%74\/uploads\/2022\/11\/o_1556137312.jpg\" \/>\n\t<meta property=\"og:image:width\" content=\"800\" \/>\n\t<meta property=\"og:image:height\" content=\"450\" \/>\n\t<meta property=\"og:image:type\" content=\"image\/jpeg\" \/>\n<meta name=\"author\" content=\"Sebastian\" \/>\n<meta name=\"twitter:card\" content=\"summary_large_image\" \/>\n<meta name=\"twitter:creator\" content=\"@InformeLitoral\" \/>\n<meta name=\"twitter:site\" content=\"@InformeLitoral\" \/>\n<meta name=\"twitter:label1\" content=\"Escrito por\" \/>\n\t<meta name=\"twitter:data1\" content=\"Sebastian\" \/>\n\t<meta name=\"twitter:label2\" content=\"Tiempo de lectura\" \/>\n\t<meta name=\"twitter:data2\" content=\"1 minuto\" \/>\n<script type=\"application\/ld+json\" class=\"yoast-schema-graph\">{\"@context\":\"https:\\\/\\\/schema.org\",\"@graph\":[{\"@type\":\"Article\",\"@id\":\"https:\\\/\\\/informelitoral.com.ar\\\/el-indec-da-a-conocer-el-indice-de-inflacion-de-octubre\\\/#article\",\"isPartOf\":{\"@id\":\"https:\\\/\\\/informelitoral.com.ar\\\/el-indec-da-a-conocer-el-indice-de-inflacion-de-octubre\\\/\"},\"author\":{\"name\":\"Sebastian\",\"@id\":\"https:\\\/\\\/informelitoral.com.ar\\\/#\\\/schema\\\/person\\\/f05f9f461677119578717524b127d6d5\"},\"headline\":\"El Indec da a conocer el \u00edndice de inflaci\u00f3n de octubre\",\"datePublished\":\"2022-11-15T12:11:40+00:00\",\"dateModified\":\"2022-11-15T12:50:56+00:00\",\"mainEntityOfPage\":{\"@id\":\"https:\\\/\\\/informelitoral.com.ar\\\/el-indec-da-a-conocer-el-indice-de-inflacion-de-octubre\\\/\"},\"wordCount\":283,\"commentCount\":0,\"publisher\":{\"@id\":\"https:\\\/\\\/informelitoral.com.ar\\\/#organization\"},\"image\":{\"@id\":\"https:\\\/\\\/informelitoral.com.ar\\\/el-indec-da-a-conocer-el-indice-de-inflacion-de-octubre\\\/#primaryimage\"},\"thumbnailUrl\":\"https:\\\/\\\/informelitoral.com.ar\\\/%77%70%2d%63%6f%6e%74%65%6e%74\\\/uploads\\\/2022\\\/11\\\/o_1556137312.jpg\",\"keywords\":[\"Indec\"],\"articleSection\":[\"Econom\u00eda\"],\"inLanguage\":\"es\",\"potentialAction\":[{\"@type\":\"CommentAction\",\"name\":\"Comment\",\"target\":[\"https:\\\/\\\/informelitoral.com.ar\\\/el-indec-da-a-conocer-el-indice-de-inflacion-de-octubre\\\/#respond\"]}]},{\"@type\":\"WebPage\",\"@id\":\"https:\\\/\\\/informelitoral.com.ar\\\/el-indec-da-a-conocer-el-indice-de-inflacion-de-octubre\\\/\",\"url\":\"https:\\\/\\\/informelitoral.com.ar\\\/el-indec-da-a-conocer-el-indice-de-inflacion-de-octubre\\\/\",\"name\":\"El Indec da a conocer el \u00edndice de inflaci\u00f3n de octubre - Informe Litoral\",\"isPartOf\":{\"@id\":\"https:\\\/\\\/informelitoral.com.ar\\\/#website\"},\"primaryImageOfPage\":{\"@id\":\"https:\\\/\\\/informelitoral.com.ar\\\/el-indec-da-a-conocer-el-indice-de-inflacion-de-octubre\\\/#primaryimage\"},\"image\":{\"@id\":\"https:\\\/\\\/informelitoral.com.ar\\\/el-indec-da-a-conocer-el-indice-de-inflacion-de-octubre\\\/#primaryimage\"},\"thumbnailUrl\":\"https:\\\/\\\/informelitoral.com.ar\\\/%77%70%2d%63%6f%6e%74%65%6e%74\\\/uploads\\\/2022\\\/11\\\/o_1556137312.jpg\",\"datePublished\":\"2022-11-15T12:11:40+00:00\",\"dateModified\":\"2022-11-15T12:50:56+00:00\",\"breadcrumb\":{\"@id\":\"https:\\\/\\\/informelitoral.com.ar\\\/el-indec-da-a-conocer-el-indice-de-inflacion-de-octubre\\\/#breadcrumb\"},\"inLanguage\":\"es\",\"potentialAction\":[{\"@type\":\"ReadAction\",\"target\":[\"https:\\\/\\\/informelitoral.com.ar\\\/el-indec-da-a-conocer-el-indice-de-inflacion-de-octubre\\\/\"]}]},{\"@type\":\"ImageObject\",\"inLanguage\":\"es\",\"@id\":\"https:\\\/\\\/informelitoral.com.ar\\\/el-indec-da-a-conocer-el-indice-de-inflacion-de-octubre\\\/#primaryimage\",\"url\":\"https:\\\/\\\/informelitoral.com.ar\\\/%77%70%2d%63%6f%6e%74%65%6e%74\\\/uploads\\\/2022\\\/11\\\/o_1556137312.jpg\",\"contentUrl\":\"https:\\\/\\\/informelitoral.com.ar\\\/%77%70%2d%63%6f%6e%74%65%6e%74\\\/uploads\\\/2022\\\/11\\\/o_1556137312.jpg\",\"width\":800,\"height\":450},{\"@type\":\"BreadcrumbList\",\"@id\":\"https:\\\/\\\/informelitoral.com.ar\\\/el-indec-da-a-conocer-el-indice-de-inflacion-de-octubre\\\/#breadcrumb\",\"itemListElement\":[{\"@type\":\"ListItem\",\"position\":1,\"name\":\"Portada\",\"item\":\"https:\\\/\\\/informelitoral.com.ar\\\/\"},{\"@type\":\"ListItem\",\"position\":2,\"name\":\"El Indec da a conocer el \u00edndice de inflaci\u00f3n de octubre\"}]},{\"@type\":\"WebSite\",\"@id\":\"https:\\\/\\\/informelitoral.com.ar\\\/#website\",\"url\":\"https:\\\/\\\/informelitoral.com.ar\\\/\",\"name\":\"Informe Litoral\",\"description\":\"&quot;Nos informamos&quot; \",\"publisher\":{\"@id\":\"https:\\\/\\\/informelitoral.com.ar\\\/#organization\"},\"potentialAction\":[{\"@type\":\"SearchAction\",\"target\":{\"@type\":\"EntryPoint\",\"urlTemplate\":\"https:\\\/\\\/informelitoral.com.ar\\\/?s={search_term_string}\"},\"query-input\":{\"@type\":\"PropertyValueSpecification\",\"valueRequired\":true,\"valueName\":\"search_term_string\"}}],\"inLanguage\":\"es\"},{\"@type\":\"Organization\",\"@id\":\"https:\\\/\\\/informelitoral.com.ar\\\/#organization\",\"name\":\"Informe Litoral\",\"url\":\"https:\\\/\\\/informelitoral.com.ar\\\/\",\"logo\":{\"@type\":\"ImageObject\",\"inLanguage\":\"es\",\"@id\":\"https:\\\/\\\/informelitoral.com.ar\\\/#\\\/schema\\\/logo\\\/image\\\/\",\"url\":\"https:\\\/\\\/informelitoral.com.ar\\\/%77%70%2d%63%6f%6e%74%65%6e%74\\\/uploads\\\/2021\\\/01\\\/circulo.png\",\"contentUrl\":\"https:\\\/\\\/informelitoral.com.ar\\\/%77%70%2d%63%6f%6e%74%65%6e%74\\\/uploads\\\/2021\\\/01\\\/circulo.png\",\"width\":723,\"height\":731,\"caption\":\"Informe Litoral\"},\"image\":{\"@id\":\"https:\\\/\\\/informelitoral.com.ar\\\/#\\\/schema\\\/logo\\\/image\\\/\"},\"sameAs\":[\"https:\\\/\\\/www.facebook.com\\\/informelitoral\\\/\",\"https:\\\/\\\/x.com\\\/InformeLitoral\",\"https:\\\/\\\/www.instagram.com\\\/informelitoral\\\/\",\"https:\\\/\\\/www.youtube.com\\\/channel\\\/UCua4Qvz8Icb6MYqhoq9xLXw\"]},{\"@type\":\"Person\",\"@id\":\"https:\\\/\\\/informelitoral.com.ar\\\/#\\\/schema\\\/person\\\/f05f9f461677119578717524b127d6d5\",\"name\":\"Sebastian\",\"image\":{\"@type\":\"ImageObject\",\"inLanguage\":\"es\",\"@id\":\"https:\\\/\\\/secure.gravatar.com\\\/avatar\\\/b71bf7481d447dfb9583c7f2798e7cc64de6efb9067b74633ed8c31059a3bd82?s=96&d=mm&r=g\",\"url\":\"https:\\\/\\\/secure.gravatar.com\\\/avatar\\\/b71bf7481d447dfb9583c7f2798e7cc64de6efb9067b74633ed8c31059a3bd82?s=96&d=mm&r=g\",\"contentUrl\":\"https:\\\/\\\/secure.gravatar.com\\\/avatar\\\/b71bf7481d447dfb9583c7f2798e7cc64de6efb9067b74633ed8c31059a3bd82?s=96&d=mm&r=g\",\"caption\":\"Sebastian\"},\"url\":\"https:\\\/\\\/informelitoral.com.ar\\\/author\\\/sebastian\\\/\"}]}<\/script>","yoast_head_json":{"title":"El Indec da a conocer el \u00edndice de inflaci\u00f3n de octubre - Informe Litoral","robots":{"index":"index","follow":"follow","max-snippet":"max-snippet:-1","max-image-preview":"max-image-preview:large","max-video-preview":"max-video-preview:-1"},"canonical":"https:\/\/informelitoral.com.ar\/el-indec-da-a-conocer-el-indice-de-inflacion-de-octubre\/","og_locale":"es_ES","og_type":"article","og_title":"El Indec da a conocer el \u00edndice de inflaci\u00f3n de octubre - Informe Litoral","og_description":"De confirmarse las estimaciones, la inflaci\u00f3n de octubre se habr\u00eda elevado respecto del 6,2% de septiembre. El gobierno lanz\u00f3 el viernes el programa Precios Justos, que congelar\u00e1 los valores de 1.788 productos por cuatro meses.","og_url":"https:\/\/informelitoral.com.ar\/el-indec-da-a-conocer-el-indice-de-inflacion-de-octubre\/","og_site_name":"Informe Litoral","article_publisher":"https:\/\/www.facebook.com\/informelitoral\/","article_published_time":"2022-11-15T12:11:40+00:00","article_modified_time":"2022-11-15T12:50:56+00:00","og_image":[{"width":800,"height":450,"url":"https:\/\/informelitoral.com.ar\/%77%70%2d%63%6f%6e%74%65%6e%74\/uploads\/2022\/11\/o_1556137312.jpg","type":"image\/jpeg"}],"author":"Sebastian","twitter_card":"summary_large_image","twitter_creator":"@InformeLitoral","twitter_site":"@InformeLitoral","twitter_misc":{"Escrito por":"Sebastian","Tiempo de lectura":"1 minuto"},"schema":{"@context":"https:\/\/schema.org","@graph":[{"@type":"Article","@id":"https:\/\/informelitoral.com.ar\/el-indec-da-a-conocer-el-indice-de-inflacion-de-octubre\/#article","isPartOf":{"@id":"https:\/\/informelitoral.com.ar\/el-indec-da-a-conocer-el-indice-de-inflacion-de-octubre\/"},"author":{"name":"Sebastian","@id":"https:\/\/informelitoral.com.ar\/#\/schema\/person\/f05f9f461677119578717524b127d6d5"},"headline":"El Indec da a conocer el \u00edndice de inflaci\u00f3n de octubre","datePublished":"2022-11-15T12:11:40+00:00","dateModified":"2022-11-15T12:50:56+00:00","mainEntityOfPage":{"@id":"https:\/\/informelitoral.com.ar\/el-indec-da-a-conocer-el-indice-de-inflacion-de-octubre\/"},"wordCount":283,"commentCount":0,"publisher":{"@id":"https:\/\/informelitoral.com.ar\/#organization"},"image":{"@id":"https:\/\/informelitoral.com.ar\/el-indec-da-a-conocer-el-indice-de-inflacion-de-octubre\/#primaryimage"},"thumbnailUrl":"https:\/\/informelitoral.com.ar\/%77%70%2d%63%6f%6e%74%65%6e%74\/uploads\/2022\/11\/o_1556137312.jpg","keywords":["Indec"],"articleSection":["Econom\u00eda"],"inLanguage":"es","potentialAction":[{"@type":"CommentAction","name":"Comment","target":["https:\/\/informelitoral.com.ar\/el-indec-da-a-conocer-el-indice-de-inflacion-de-octubre\/#respond"]}]},{"@type":"WebPage","@id":"https:\/\/informelitoral.com.ar\/el-indec-da-a-conocer-el-indice-de-inflacion-de-octubre\/","url":"https:\/\/informelitoral.com.ar\/el-indec-da-a-conocer-el-indice-de-inflacion-de-octubre\/","name":"El Indec da a conocer el \u00edndice de inflaci\u00f3n de octubre - Informe Litoral","isPartOf":{"@id":"https:\/\/informelitoral.com.ar\/#website"},"primaryImageOfPage":{"@id":"https:\/\/informelitoral.com.ar\/el-indec-da-a-conocer-el-indice-de-inflacion-de-octubre\/#primaryimage"},"image":{"@id":"https:\/\/informelitoral.com.ar\/el-indec-da-a-conocer-el-indice-de-inflacion-de-octubre\/#primaryimage"},"thumbnailUrl":"https:\/\/informelitoral.com.ar\/%77%70%2d%63%6f%6e%74%65%6e%74\/uploads\/2022\/11\/o_1556137312.jpg","datePublished":"2022-11-15T12:11:40+00:00","dateModified":"2022-11-15T12:50:56+00:00","breadcrumb":{"@id":"https:\/\/informelitoral.com.ar\/el-indec-da-a-conocer-el-indice-de-inflacion-de-octubre\/#breadcrumb"},"inLanguage":"es","potentialAction":[{"@type":"ReadAction","target":["https:\/\/informelitoral.com.ar\/el-indec-da-a-conocer-el-indice-de-inflacion-de-octubre\/"]}]},{"@type":"ImageObject","inLanguage":"es","@id":"https:\/\/informelitoral.com.ar\/el-indec-da-a-conocer-el-indice-de-inflacion-de-octubre\/#primaryimage","url":"https:\/\/informelitoral.com.ar\/%77%70%2d%63%6f%6e%74%65%6e%74\/uploads\/2022\/11\/o_1556137312.jpg","contentUrl":"https:\/\/informelitoral.com.ar\/%77%70%2d%63%6f%6e%74%65%6e%74\/uploads\/2022\/11\/o_1556137312.jpg","width":800,"height":450},{"@type":"BreadcrumbList","@id":"https:\/\/informelitoral.com.ar\/el-indec-da-a-conocer-el-indice-de-inflacion-de-octubre\/#breadcrumb","itemListElement":[{"@type":"ListItem","position":1,"name":"Portada","item":"https:\/\/informelitoral.com.ar\/"},{"@type":"ListItem","position":2,"name":"El Indec da a conocer el \u00edndice de inflaci\u00f3n de octubre"}]},{"@type":"WebSite","@id":"https:\/\/informelitoral.com.ar\/#website","url":"https:\/\/informelitoral.com.ar\/","name":"Informe Litoral","description":"&quot;Nos informamos&quot; ","publisher":{"@id":"https:\/\/informelitoral.com.ar\/#organization"},"potentialAction":[{"@type":"SearchAction","target":{"@type":"EntryPoint","urlTemplate":"https:\/\/informelitoral.com.ar\/?s={search_term_string}"},"query-input":{"@type":"PropertyValueSpecification","valueRequired":true,"valueName":"search_term_string"}}],"inLanguage":"es"},{"@type":"Organization","@id":"https:\/\/informelitoral.com.ar\/#organization","name":"Informe Litoral","url":"https:\/\/informelitoral.com.ar\/","logo":{"@type":"ImageObject","inLanguage":"es","@id":"https:\/\/informelitoral.com.ar\/#\/schema\/logo\/image\/","url":"https:\/\/informelitoral.com.ar\/%77%70%2d%63%6f%6e%74%65%6e%74\/uploads\/2021\/01\/circulo.png","contentUrl":"https:\/\/informelitoral.com.ar\/%77%70%2d%63%6f%6e%74%65%6e%74\/uploads\/2021\/01\/circulo.png","width":723,"height":731,"caption":"Informe Litoral"},"image":{"@id":"https:\/\/informelitoral.com.ar\/#\/schema\/logo\/image\/"},"sameAs":["https:\/\/www.facebook.com\/informelitoral\/","https:\/\/x.com\/InformeLitoral","https:\/\/www.instagram.com\/informelitoral\/","https:\/\/www.youtube.com\/channel\/UCua4Qvz8Icb6MYqhoq9xLXw"]},{"@type":"Person","@id":"https:\/\/informelitoral.com.ar\/#\/schema\/person\/f05f9f461677119578717524b127d6d5","name":"Sebastian","image":{"@type":"ImageObject","inLanguage":"es","@id":"https:\/\/secure.gravatar.com\/avatar\/b71bf7481d447dfb9583c7f2798e7cc64de6efb9067b74633ed8c31059a3bd82?s=96&d=mm&r=g","url":"https:\/\/secure.gravatar.com\/avatar\/b71bf7481d447dfb9583c7f2798e7cc64de6efb9067b74633ed8c31059a3bd82?s=96&d=mm&r=g","contentUrl":"https:\/\/secure.gravatar.com\/avatar\/b71bf7481d447dfb9583c7f2798e7cc64de6efb9067b74633ed8c31059a3bd82?s=96&d=mm&r=g","caption":"Sebastian"},"url":"https:\/\/informelitoral.com.ar\/author\/sebastian\/"}]}},"_links":{"self":[{"href":"https:\/\/informelitoral.com.ar\/%77%70%2d%6a%73%6f%6e\/wp\/v2\/posts\/94251","targetHints":{"allow":["GET"]}}],"collection":[{"href":"https:\/\/informelitoral.com.ar\/%77%70%2d%6a%73%6f%6e\/wp\/v2\/posts"}],"about":[{"href":"https:\/\/informelitoral.com.ar\/%77%70%2d%6a%73%6f%6e\/wp\/v2\/types\/post"}],"author":[{"embeddable":true,"href":"https:\/\/informelitoral.com.ar\/%77%70%2d%6a%73%6f%6e\/wp\/v2\/users\/8"}],"replies":[{"embeddable":true,"href":"https:\/\/informelitoral.com.ar\/%77%70%2d%6a%73%6f%6e\/wp\/v2\/comments?post=94251"}],"version-history":[{"count":0,"href":"https:\/\/informelitoral.com.ar\/%77%70%2d%6a%73%6f%6e\/wp\/v2\/posts\/94251\/revisions"}],"wp:featuredmedia":[{"embeddable":true,"href":"https:\/\/informelitoral.com.ar\/%77%70%2d%6a%73%6f%6e\/wp\/v2\/media\/94260"}],"wp:attachment":[{"href":"https:\/\/informelitoral.com.ar\/%77%70%2d%6a%73%6f%6e\/wp\/v2\/media?parent=94251"}],"wp:term":[{"taxonomy":"category","embeddable":true,"href":"https:\/\/informelitoral.com.ar\/%77%70%2d%6a%73%6f%6e\/wp\/v2\/categories?post=94251"},{"taxonomy":"post_tag","embeddable":true,"href":"https:\/\/informelitoral.com.ar\/%77%70%2d%6a%73%6f%6e\/wp\/v2\/tags?post=94251"}],"curies":[{"name":"wp","href":"https:\/\/api.w.org\/{rel}","templated":true}]}}