{"id":9400,"date":"2014-12-26T17:24:47","date_gmt":"2014-12-26T20:24:47","guid":{"rendered":"http:\/\/www.isletasnoticias.com.ar\/?p=9400"},"modified":"2014-12-27T07:54:12","modified_gmt":"2014-12-27T10:54:12","slug":"isletas-el-mal-tiempo-pone-en-riesgo-un-fin-de-semana-a-pura-fiesta","status":"publish","type":"post","link":"https:\/\/informelitoral.com.ar\/isletas-el-mal-tiempo-pone-en-riesgo-un-fin-de-semana-a-pura-fiesta\/","title":{"rendered":"Isletas: el mal tiempo pone en riesgo un fin de semana a pura fiesta"},"content":{"rendered":"<figure id=\"attachment_9401\" aria-describedby=\"caption-attachment-9401\" style=\"width: 244px\" class=\"wp-caption alignleft\"><a href=\"http:\/\/www.isletasnoticias.com.ar\/%77%70%2d%63%6f%6e%74%65%6e%74\/uploads\/2014\/12\/cielo.jpg\"><img loading=\"lazy\" decoding=\"async\" class=\"wp-image-9401 size-medium\" src=\"http:\/\/www.isletasnoticias.com.ar\/%77%70%2d%63%6f%6e%74%65%6e%74\/uploads\/2014\/12\/cielo-244x300.jpg\" alt=\"cielo\" width=\"244\" height=\"300\" srcset=\"https:\/\/informelitoral.com.ar\/%77%70%2d%63%6f%6e%74%65%6e%74\/uploads\/2014\/12\/cielo-244x300.jpg 244w, https:\/\/informelitoral.com.ar\/%77%70%2d%63%6f%6e%74%65%6e%74\/uploads\/2014\/12\/cielo.jpg 351w\" sizes=\"auto, (max-width: 244px) 100vw, 244px\" \/><\/a><figcaption id=\"caption-attachment-9401\" class=\"wp-caption-text\">(Imagen ilustrativa)<\/figcaption><\/figure>\n<p><strong>La Fiesta Despedida de A\u00f1o en la Escuela Privada N\u00b0 143 se tuvo que suspender por segunda vez. El baile en la Escuela N\u00b0 14, previsto para este s\u00e1bado a la noche, corre riesgo. La despedida de a\u00f1o del FPV, por ahora se hace el domingo, tal como estaba previsto desde un principio. <em>\u00bfQu\u00e9 dice el pron\u00f3stico?<\/em><\/strong><\/p>\n<p>En las zonas rurales, como Isletas, cuando llueve se generan diferentes complicaciones, que tienen que ver b\u00e1sicamente con la imposibilidad de transitar por la mayor\u00eda de los caminos y las instituciones no son ajenas a ello. La mayor\u00eda de las fiestas se realizan al aire libre, por lo tanto, cuando llueve y en una \u00e9poca del a\u00f1o donde hay pocas fechas disponibles, suspender un evento, puede significar no hacerlo m\u00e1s, por lo menos durante el corriente a\u00f1o.<\/p>\n<p>Para este viernes, s\u00e1bado y domingo, en Isletas, hab\u00eda programadas tres fiestas, de las cuales, por el momento, dos siguen en pie, pero de cumplirse el pron\u00f3stico del SMN, una corre riesgo y tendr\u00eda que suspenderse.<\/p>\n<p>La <strong>Escuela Privada N\u00b0 143<\/strong>, 25 de Mayo, ten\u00eda previsto realizar su Fiesta Despedida de A\u00f1o este viernes por la noche, pero seg\u00fan inform\u00f3 la directora de la instituci\u00f3n, <strong>Alcira Aguilar<\/strong>, tuvieron que suspenderla nuevamente por el mal tiempo.<\/p>\n<p>En tanto, <strong>la Escuela N\u00b0 14<\/strong>, Hip\u00f3lito Vieytes, tiene programado su tradicional Baile de Fin de A\u00f1o para este s\u00e1bado 27, pero reci\u00e9n ma\u00f1ana a la ma\u00f1ana decidir\u00e1n si se realiza o no, todo depende claro, de las condiciones del tiempo.<\/p>\n<p>Finalmente, el fin de semana a pura fiesta en la localidad, cerrar\u00eda el domingo 28, con la <strong>Fiesta Despedida de A\u00f1o organizada por el Frente Para la Victoria y la Juventud Peronista<\/strong>. Seg\u00fan coment\u00f3 el referente del partido a nivel local, <strong>Luis Ch\u00e9mez<\/strong>, por el momento no tienen previsto suspenderlo. \u00ab\u00danicamente que llueva mucho el s\u00e1bado y domingo\u00bb, coment\u00f3.<\/p>\n<p>De esta forma, lo que iban a ser tres noches de fiesta e ingresos econ\u00f3micos para dos escuelas, una vez m\u00e1s podr\u00edan quedar sin poder hacerse, por lo menos durante lo que resta del 2014.<\/p>\n<p><strong>El pron\u00f3stico<\/strong><\/p>\n<p>Seg\u00fan el pron\u00f3stico del Servicio Metereol\u00f3gico Nacional (SMN), para lo que resta de este viernes hay posibilidad de chaparrones y tormentas aisladas; para el s\u00e1bado se prev\u00e9n lluvias y tormentas. En tanto, para el domingo, las condiciones estar\u00edan mejorando, por lo menos temporalmente, ya que por la ma\u00f1ana se espera que est\u00e9 inestable y hacia la tarde-noche cielo algo nublado.\u00a0<em>(Gonzalo Schmidt)<\/em><\/p>\n","protected":false},"excerpt":{"rendered":"<p>La Fiesta Despedida de A&ntilde;o en la Escuela Privada N&deg; 143 se tuvo que suspender por segunda vez. El baile en la Escuela N&deg; 14, previsto para este s&aacute;bado a la noche, corre riesgo. La despedida de a&ntilde;o del FPV, por ahora se hace el domingo, tal como estaba previsto desde un principio. &iquest;Qu&eacute; dice [&hellip;]<\/p>\n","protected":false},"author":2,"featured_media":0,"comment_status":"open","ping_status":"open","sticky":false,"template":"","format":"standard","meta":{"fifu_image_url":"","fifu_image_alt":"","footnotes":""},"categories":[4,9],"tags":[],"class_list":{"0":"post-9400","1":"post","2":"type-post","3":"status-publish","4":"format-standard","6":"category-locales","7":"category-sociedad"},"yoast_head":"<title>Isletas: el mal tiempo pone en riesgo un fin de semana a pura fiesta - Informe Litoral<\/title>\n<meta name=\"robots\" content=\"index, follow, max-snippet:-1, max-image-preview:large, max-video-preview:-1\" \/>\n<link rel=\"canonical\" href=\"https:\/\/informelitoral.com.ar\/isletas-el-mal-tiempo-pone-en-riesgo-un-fin-de-semana-a-pura-fiesta\/\" \/>\n<meta property=\"og:locale\" content=\"es_ES\" \/>\n<meta property=\"og:type\" content=\"article\" \/>\n<meta property=\"og:title\" content=\"Isletas: el mal tiempo pone en riesgo un fin de semana a pura fiesta - Informe Litoral\" \/>\n<meta property=\"og:description\" content=\"La Fiesta Despedida de A&ntilde;o en la Escuela Privada N&deg; 143 se tuvo que suspender por segunda vez. El baile en la Escuela N&deg; 14, previsto para este s&aacute;bado a la noche, corre riesgo. La despedida de a&ntilde;o del FPV, por ahora se hace el domingo, tal como estaba previsto desde un principio. &iquest;Qu&eacute; dice [&hellip;]\" \/>\n<meta property=\"og:url\" content=\"https:\/\/informelitoral.com.ar\/isletas-el-mal-tiempo-pone-en-riesgo-un-fin-de-semana-a-pura-fiesta\/\" \/>\n<meta property=\"og:site_name\" content=\"Informe Litoral\" \/>\n<meta property=\"article:publisher\" content=\"https:\/\/www.facebook.com\/informelitoral\/\" \/>\n<meta property=\"article:published_time\" content=\"2014-12-26T20:24:47+00:00\" \/>\n<meta property=\"article:modified_time\" content=\"2014-12-27T10:54:12+00:00\" \/>\n<meta property=\"og:image\" content=\"https:\/\/informelitoral.com.ar\/%77%70%2d%63%6f%6e%74%65%6e%74\/uploads\/2014\/12\/cielo.jpg\" \/>\n\t<meta property=\"og:image:width\" content=\"351\" \/>\n\t<meta property=\"og:image:height\" content=\"431\" \/>\n\t<meta property=\"og:image:type\" content=\"image\/jpeg\" \/>\n<meta name=\"author\" content=\"Gonzalo Schmidt\" \/>\n<meta name=\"twitter:card\" content=\"summary_large_image\" \/>\n<meta name=\"twitter:creator\" content=\"@InformeLitoral\" \/>\n<meta name=\"twitter:site\" content=\"@InformeLitoral\" \/>\n<meta name=\"twitter:label1\" content=\"Escrito por\" \/>\n\t<meta name=\"twitter:data1\" content=\"Gonzalo Schmidt\" \/>\n\t<meta name=\"twitter:label2\" content=\"Tiempo de lectura\" \/>\n\t<meta name=\"twitter:data2\" content=\"2 minutos\" \/>\n<script type=\"application\/ld+json\" class=\"yoast-schema-graph\">{\"@context\":\"https:\\\/\\\/schema.org\",\"@graph\":[{\"@type\":\"Article\",\"@id\":\"https:\\\/\\\/informelitoral.com.ar\\\/isletas-el-mal-tiempo-pone-en-riesgo-un-fin-de-semana-a-pura-fiesta\\\/#article\",\"isPartOf\":{\"@id\":\"https:\\\/\\\/informelitoral.com.ar\\\/isletas-el-mal-tiempo-pone-en-riesgo-un-fin-de-semana-a-pura-fiesta\\\/\"},\"author\":{\"name\":\"Gonzalo Schmidt\",\"@id\":\"https:\\\/\\\/informelitoral.com.ar\\\/#\\\/schema\\\/person\\\/b9d00407c836482871ef1d57bf8e3180\"},\"headline\":\"Isletas: el mal tiempo pone en riesgo un fin de semana a pura fiesta\",\"datePublished\":\"2014-12-26T20:24:47+00:00\",\"dateModified\":\"2014-12-27T10:54:12+00:00\",\"mainEntityOfPage\":{\"@id\":\"https:\\\/\\\/informelitoral.com.ar\\\/isletas-el-mal-tiempo-pone-en-riesgo-un-fin-de-semana-a-pura-fiesta\\\/\"},\"wordCount\":464,\"commentCount\":0,\"publisher\":{\"@id\":\"https:\\\/\\\/informelitoral.com.ar\\\/#organization\"},\"image\":{\"@id\":\"https:\\\/\\\/informelitoral.com.ar\\\/isletas-el-mal-tiempo-pone-en-riesgo-un-fin-de-semana-a-pura-fiesta\\\/#primaryimage\"},\"thumbnailUrl\":\"http:\\\/\\\/www.isletasnoticias.com.ar\\\/%77%70%2d%63%6f%6e%74%65%6e%74\\\/uploads\\\/2014\\\/12\\\/cielo-244x300.jpg\",\"articleSection\":[\"Isletas\",\"Sociedad\"],\"inLanguage\":\"es\",\"potentialAction\":[{\"@type\":\"CommentAction\",\"name\":\"Comment\",\"target\":[\"https:\\\/\\\/informelitoral.com.ar\\\/isletas-el-mal-tiempo-pone-en-riesgo-un-fin-de-semana-a-pura-fiesta\\\/#respond\"]}]},{\"@type\":\"WebPage\",\"@id\":\"https:\\\/\\\/informelitoral.com.ar\\\/isletas-el-mal-tiempo-pone-en-riesgo-un-fin-de-semana-a-pura-fiesta\\\/\",\"url\":\"https:\\\/\\\/informelitoral.com.ar\\\/isletas-el-mal-tiempo-pone-en-riesgo-un-fin-de-semana-a-pura-fiesta\\\/\",\"name\":\"Isletas: el mal tiempo pone en riesgo un fin de semana a pura fiesta - Informe Litoral\",\"isPartOf\":{\"@id\":\"https:\\\/\\\/informelitoral.com.ar\\\/#website\"},\"primaryImageOfPage\":{\"@id\":\"https:\\\/\\\/informelitoral.com.ar\\\/isletas-el-mal-tiempo-pone-en-riesgo-un-fin-de-semana-a-pura-fiesta\\\/#primaryimage\"},\"image\":{\"@id\":\"https:\\\/\\\/informelitoral.com.ar\\\/isletas-el-mal-tiempo-pone-en-riesgo-un-fin-de-semana-a-pura-fiesta\\\/#primaryimage\"},\"thumbnailUrl\":\"http:\\\/\\\/www.isletasnoticias.com.ar\\\/%77%70%2d%63%6f%6e%74%65%6e%74\\\/uploads\\\/2014\\\/12\\\/cielo-244x300.jpg\",\"datePublished\":\"2014-12-26T20:24:47+00:00\",\"dateModified\":\"2014-12-27T10:54:12+00:00\",\"breadcrumb\":{\"@id\":\"https:\\\/\\\/informelitoral.com.ar\\\/isletas-el-mal-tiempo-pone-en-riesgo-un-fin-de-semana-a-pura-fiesta\\\/#breadcrumb\"},\"inLanguage\":\"es\",\"potentialAction\":[{\"@type\":\"ReadAction\",\"target\":[\"https:\\\/\\\/informelitoral.com.ar\\\/isletas-el-mal-tiempo-pone-en-riesgo-un-fin-de-semana-a-pura-fiesta\\\/\"]}]},{\"@type\":\"ImageObject\",\"inLanguage\":\"es\",\"@id\":\"https:\\\/\\\/informelitoral.com.ar\\\/isletas-el-mal-tiempo-pone-en-riesgo-un-fin-de-semana-a-pura-fiesta\\\/#primaryimage\",\"url\":\"http:\\\/\\\/www.isletasnoticias.com.ar\\\/%77%70%2d%63%6f%6e%74%65%6e%74\\\/uploads\\\/2014\\\/12\\\/cielo-244x300.jpg\",\"contentUrl\":\"http:\\\/\\\/www.isletasnoticias.com.ar\\\/%77%70%2d%63%6f%6e%74%65%6e%74\\\/uploads\\\/2014\\\/12\\\/cielo-244x300.jpg\"},{\"@type\":\"BreadcrumbList\",\"@id\":\"https:\\\/\\\/informelitoral.com.ar\\\/isletas-el-mal-tiempo-pone-en-riesgo-un-fin-de-semana-a-pura-fiesta\\\/#breadcrumb\",\"itemListElement\":[{\"@type\":\"ListItem\",\"position\":1,\"name\":\"Portada\",\"item\":\"https:\\\/\\\/informelitoral.com.ar\\\/\"},{\"@type\":\"ListItem\",\"position\":2,\"name\":\"Isletas: el mal tiempo pone en riesgo un fin de semana a pura fiesta\"}]},{\"@type\":\"WebSite\",\"@id\":\"https:\\\/\\\/informelitoral.com.ar\\\/#website\",\"url\":\"https:\\\/\\\/informelitoral.com.ar\\\/\",\"name\":\"Informe Litoral\",\"description\":\"&quot;Nos informamos&quot; \",\"publisher\":{\"@id\":\"https:\\\/\\\/informelitoral.com.ar\\\/#organization\"},\"potentialAction\":[{\"@type\":\"SearchAction\",\"target\":{\"@type\":\"EntryPoint\",\"urlTemplate\":\"https:\\\/\\\/informelitoral.com.ar\\\/?s={search_term_string}\"},\"query-input\":{\"@type\":\"PropertyValueSpecification\",\"valueRequired\":true,\"valueName\":\"search_term_string\"}}],\"inLanguage\":\"es\"},{\"@type\":\"Organization\",\"@id\":\"https:\\\/\\\/informelitoral.com.ar\\\/#organization\",\"name\":\"Informe Litoral\",\"url\":\"https:\\\/\\\/informelitoral.com.ar\\\/\",\"logo\":{\"@type\":\"ImageObject\",\"inLanguage\":\"es\",\"@id\":\"https:\\\/\\\/informelitoral.com.ar\\\/#\\\/schema\\\/logo\\\/image\\\/\",\"url\":\"https:\\\/\\\/informelitoral.com.ar\\\/%77%70%2d%63%6f%6e%74%65%6e%74\\\/uploads\\\/2021\\\/01\\\/circulo.png\",\"contentUrl\":\"https:\\\/\\\/informelitoral.com.ar\\\/%77%70%2d%63%6f%6e%74%65%6e%74\\\/uploads\\\/2021\\\/01\\\/circulo.png\",\"width\":723,\"height\":731,\"caption\":\"Informe Litoral\"},\"image\":{\"@id\":\"https:\\\/\\\/informelitoral.com.ar\\\/#\\\/schema\\\/logo\\\/image\\\/\"},\"sameAs\":[\"https:\\\/\\\/www.facebook.com\\\/informelitoral\\\/\",\"https:\\\/\\\/x.com\\\/InformeLitoral\",\"https:\\\/\\\/www.instagram.com\\\/informelitoral\\\/\",\"https:\\\/\\\/www.youtube.com\\\/channel\\\/UCua4Qvz8Icb6MYqhoq9xLXw\"]},{\"@type\":\"Person\",\"@id\":\"https:\\\/\\\/informelitoral.com.ar\\\/#\\\/schema\\\/person\\\/b9d00407c836482871ef1d57bf8e3180\",\"name\":\"Gonzalo Schmidt\",\"image\":{\"@type\":\"ImageObject\",\"inLanguage\":\"es\",\"@id\":\"https:\\\/\\\/secure.gravatar.com\\\/avatar\\\/31a1a7b66ff2de83bd0e9fd79d026630d2d99e55e8bfe501287647b4fd9743de?s=96&d=mm&r=g\",\"url\":\"https:\\\/\\\/secure.gravatar.com\\\/avatar\\\/31a1a7b66ff2de83bd0e9fd79d026630d2d99e55e8bfe501287647b4fd9743de?s=96&d=mm&r=g\",\"contentUrl\":\"https:\\\/\\\/secure.gravatar.com\\\/avatar\\\/31a1a7b66ff2de83bd0e9fd79d026630d2d99e55e8bfe501287647b4fd9743de?s=96&d=mm&r=g\",\"caption\":\"Gonzalo Schmidt\"},\"description\":\"Sitio web de noticias de la provincia de Entre R\u00edos, Argentina. Informaci\u00f3n y entretenimiento. Informe Litoral, nos informamos.\",\"sameAs\":[\"http:\\\/\\\/www.isletasnoticias.com.ar\"],\"url\":\"https:\\\/\\\/informelitoral.com.ar\\\/author\\\/gonzalo\\\/\"}]}<\/script>","yoast_head_json":{"title":"Isletas: el mal tiempo pone en riesgo un fin de semana a pura fiesta - Informe Litoral","robots":{"index":"index","follow":"follow","max-snippet":"max-snippet:-1","max-image-preview":"max-image-preview:large","max-video-preview":"max-video-preview:-1"},"canonical":"https:\/\/informelitoral.com.ar\/isletas-el-mal-tiempo-pone-en-riesgo-un-fin-de-semana-a-pura-fiesta\/","og_locale":"es_ES","og_type":"article","og_title":"Isletas: el mal tiempo pone en riesgo un fin de semana a pura fiesta - Informe Litoral","og_description":"La Fiesta Despedida de A&ntilde;o en la Escuela Privada N&deg; 143 se tuvo que suspender por segunda vez. El baile en la Escuela N&deg; 14, previsto para este s&aacute;bado a la noche, corre riesgo. La despedida de a&ntilde;o del FPV, por ahora se hace el domingo, tal como estaba previsto desde un principio. &iquest;Qu&eacute; dice [&hellip;]","og_url":"https:\/\/informelitoral.com.ar\/isletas-el-mal-tiempo-pone-en-riesgo-un-fin-de-semana-a-pura-fiesta\/","og_site_name":"Informe Litoral","article_publisher":"https:\/\/www.facebook.com\/informelitoral\/","article_published_time":"2014-12-26T20:24:47+00:00","article_modified_time":"2014-12-27T10:54:12+00:00","og_image":[{"width":351,"height":431,"url":"https:\/\/informelitoral.com.ar\/%77%70%2d%63%6f%6e%74%65%6e%74\/uploads\/2014\/12\/cielo.jpg","type":"image\/jpeg"}],"author":"Gonzalo Schmidt","twitter_card":"summary_large_image","twitter_creator":"@InformeLitoral","twitter_site":"@InformeLitoral","twitter_misc":{"Escrito por":"Gonzalo Schmidt","Tiempo de lectura":"2 minutos"},"schema":{"@context":"https:\/\/schema.org","@graph":[{"@type":"Article","@id":"https:\/\/informelitoral.com.ar\/isletas-el-mal-tiempo-pone-en-riesgo-un-fin-de-semana-a-pura-fiesta\/#article","isPartOf":{"@id":"https:\/\/informelitoral.com.ar\/isletas-el-mal-tiempo-pone-en-riesgo-un-fin-de-semana-a-pura-fiesta\/"},"author":{"name":"Gonzalo Schmidt","@id":"https:\/\/informelitoral.com.ar\/#\/schema\/person\/b9d00407c836482871ef1d57bf8e3180"},"headline":"Isletas: el mal tiempo pone en riesgo un fin de semana a pura fiesta","datePublished":"2014-12-26T20:24:47+00:00","dateModified":"2014-12-27T10:54:12+00:00","mainEntityOfPage":{"@id":"https:\/\/informelitoral.com.ar\/isletas-el-mal-tiempo-pone-en-riesgo-un-fin-de-semana-a-pura-fiesta\/"},"wordCount":464,"commentCount":0,"publisher":{"@id":"https:\/\/informelitoral.com.ar\/#organization"},"image":{"@id":"https:\/\/informelitoral.com.ar\/isletas-el-mal-tiempo-pone-en-riesgo-un-fin-de-semana-a-pura-fiesta\/#primaryimage"},"thumbnailUrl":"http:\/\/www.isletasnoticias.com.ar\/%77%70%2d%63%6f%6e%74%65%6e%74\/uploads\/2014\/12\/cielo-244x300.jpg","articleSection":["Isletas","Sociedad"],"inLanguage":"es","potentialAction":[{"@type":"CommentAction","name":"Comment","target":["https:\/\/informelitoral.com.ar\/isletas-el-mal-tiempo-pone-en-riesgo-un-fin-de-semana-a-pura-fiesta\/#respond"]}]},{"@type":"WebPage","@id":"https:\/\/informelitoral.com.ar\/isletas-el-mal-tiempo-pone-en-riesgo-un-fin-de-semana-a-pura-fiesta\/","url":"https:\/\/informelitoral.com.ar\/isletas-el-mal-tiempo-pone-en-riesgo-un-fin-de-semana-a-pura-fiesta\/","name":"Isletas: el mal tiempo pone en riesgo un fin de semana a pura fiesta - Informe Litoral","isPartOf":{"@id":"https:\/\/informelitoral.com.ar\/#website"},"primaryImageOfPage":{"@id":"https:\/\/informelitoral.com.ar\/isletas-el-mal-tiempo-pone-en-riesgo-un-fin-de-semana-a-pura-fiesta\/#primaryimage"},"image":{"@id":"https:\/\/informelitoral.com.ar\/isletas-el-mal-tiempo-pone-en-riesgo-un-fin-de-semana-a-pura-fiesta\/#primaryimage"},"thumbnailUrl":"http:\/\/www.isletasnoticias.com.ar\/%77%70%2d%63%6f%6e%74%65%6e%74\/uploads\/2014\/12\/cielo-244x300.jpg","datePublished":"2014-12-26T20:24:47+00:00","dateModified":"2014-12-27T10:54:12+00:00","breadcrumb":{"@id":"https:\/\/informelitoral.com.ar\/isletas-el-mal-tiempo-pone-en-riesgo-un-fin-de-semana-a-pura-fiesta\/#breadcrumb"},"inLanguage":"es","potentialAction":[{"@type":"ReadAction","target":["https:\/\/informelitoral.com.ar\/isletas-el-mal-tiempo-pone-en-riesgo-un-fin-de-semana-a-pura-fiesta\/"]}]},{"@type":"ImageObject","inLanguage":"es","@id":"https:\/\/informelitoral.com.ar\/isletas-el-mal-tiempo-pone-en-riesgo-un-fin-de-semana-a-pura-fiesta\/#primaryimage","url":"http:\/\/www.isletasnoticias.com.ar\/%77%70%2d%63%6f%6e%74%65%6e%74\/uploads\/2014\/12\/cielo-244x300.jpg","contentUrl":"http:\/\/www.isletasnoticias.com.ar\/%77%70%2d%63%6f%6e%74%65%6e%74\/uploads\/2014\/12\/cielo-244x300.jpg"},{"@type":"BreadcrumbList","@id":"https:\/\/informelitoral.com.ar\/isletas-el-mal-tiempo-pone-en-riesgo-un-fin-de-semana-a-pura-fiesta\/#breadcrumb","itemListElement":[{"@type":"ListItem","position":1,"name":"Portada","item":"https:\/\/informelitoral.com.ar\/"},{"@type":"ListItem","position":2,"name":"Isletas: el mal tiempo pone en riesgo un fin de semana a pura fiesta"}]},{"@type":"WebSite","@id":"https:\/\/informelitoral.com.ar\/#website","url":"https:\/\/informelitoral.com.ar\/","name":"Informe Litoral","description":"&quot;Nos informamos&quot; ","publisher":{"@id":"https:\/\/informelitoral.com.ar\/#organization"},"potentialAction":[{"@type":"SearchAction","target":{"@type":"EntryPoint","urlTemplate":"https:\/\/informelitoral.com.ar\/?s={search_term_string}"},"query-input":{"@type":"PropertyValueSpecification","valueRequired":true,"valueName":"search_term_string"}}],"inLanguage":"es"},{"@type":"Organization","@id":"https:\/\/informelitoral.com.ar\/#organization","name":"Informe Litoral","url":"https:\/\/informelitoral.com.ar\/","logo":{"@type":"ImageObject","inLanguage":"es","@id":"https:\/\/informelitoral.com.ar\/#\/schema\/logo\/image\/","url":"https:\/\/informelitoral.com.ar\/%77%70%2d%63%6f%6e%74%65%6e%74\/uploads\/2021\/01\/circulo.png","contentUrl":"https:\/\/informelitoral.com.ar\/%77%70%2d%63%6f%6e%74%65%6e%74\/uploads\/2021\/01\/circulo.png","width":723,"height":731,"caption":"Informe Litoral"},"image":{"@id":"https:\/\/informelitoral.com.ar\/#\/schema\/logo\/image\/"},"sameAs":["https:\/\/www.facebook.com\/informelitoral\/","https:\/\/x.com\/InformeLitoral","https:\/\/www.instagram.com\/informelitoral\/","https:\/\/www.youtube.com\/channel\/UCua4Qvz8Icb6MYqhoq9xLXw"]},{"@type":"Person","@id":"https:\/\/informelitoral.com.ar\/#\/schema\/person\/b9d00407c836482871ef1d57bf8e3180","name":"Gonzalo Schmidt","image":{"@type":"ImageObject","inLanguage":"es","@id":"https:\/\/secure.gravatar.com\/avatar\/31a1a7b66ff2de83bd0e9fd79d026630d2d99e55e8bfe501287647b4fd9743de?s=96&d=mm&r=g","url":"https:\/\/secure.gravatar.com\/avatar\/31a1a7b66ff2de83bd0e9fd79d026630d2d99e55e8bfe501287647b4fd9743de?s=96&d=mm&r=g","contentUrl":"https:\/\/secure.gravatar.com\/avatar\/31a1a7b66ff2de83bd0e9fd79d026630d2d99e55e8bfe501287647b4fd9743de?s=96&d=mm&r=g","caption":"Gonzalo Schmidt"},"description":"Sitio web de noticias de la provincia de Entre R\u00edos, Argentina. Informaci\u00f3n y entretenimiento. Informe Litoral, nos informamos.","sameAs":["http:\/\/www.isletasnoticias.com.ar"],"url":"https:\/\/informelitoral.com.ar\/author\/gonzalo\/"}]}},"_links":{"self":[{"href":"https:\/\/informelitoral.com.ar\/%77%70%2d%6a%73%6f%6e\/wp\/v2\/posts\/9400","targetHints":{"allow":["GET"]}}],"collection":[{"href":"https:\/\/informelitoral.com.ar\/%77%70%2d%6a%73%6f%6e\/wp\/v2\/posts"}],"about":[{"href":"https:\/\/informelitoral.com.ar\/%77%70%2d%6a%73%6f%6e\/wp\/v2\/types\/post"}],"author":[{"embeddable":true,"href":"https:\/\/informelitoral.com.ar\/%77%70%2d%6a%73%6f%6e\/wp\/v2\/users\/2"}],"replies":[{"embeddable":true,"href":"https:\/\/informelitoral.com.ar\/%77%70%2d%6a%73%6f%6e\/wp\/v2\/comments?post=9400"}],"version-history":[{"count":0,"href":"https:\/\/informelitoral.com.ar\/%77%70%2d%6a%73%6f%6e\/wp\/v2\/posts\/9400\/revisions"}],"wp:attachment":[{"href":"https:\/\/informelitoral.com.ar\/%77%70%2d%6a%73%6f%6e\/wp\/v2\/media?parent=9400"}],"wp:term":[{"taxonomy":"category","embeddable":true,"href":"https:\/\/informelitoral.com.ar\/%77%70%2d%6a%73%6f%6e\/wp\/v2\/categories?post=9400"},{"taxonomy":"post_tag","embeddable":true,"href":"https:\/\/informelitoral.com.ar\/%77%70%2d%6a%73%6f%6e\/wp\/v2\/tags?post=9400"}],"curies":[{"name":"wp","href":"https:\/\/api.w.org\/{rel}","templated":true}]}}