{"id":9393,"date":"2014-12-26T10:09:53","date_gmt":"2014-12-26T13:09:53","guid":{"rendered":"http:\/\/www.isletasnoticias.com.ar\/?p=9393"},"modified":"2014-12-26T10:09:53","modified_gmt":"2014-12-26T13:09:53","slug":"desde-la-alianza-ramirense-destacan-que-tenemos-varias-personas-en-condiciones-de-ser-intendente-en-2015","status":"publish","type":"post","link":"https:\/\/informelitoral.com.ar\/desde-la-alianza-ramirense-destacan-que-tenemos-varias-personas-en-condiciones-de-ser-intendente-en-2015\/","title":{"rendered":"Desde la Alianza Ramirense destacan que \u201ctenemos varias personas en condiciones de ser intendente en 2015\u201d"},"content":{"rendered":"<p><strong>Los integrantes del espacio pol\u00edtico de Ram\u00edrez, destacan \u201cel programa de acci\u00f3n\u201d desde las elecciones del 2011 a la fecha y el trabajo en el HCD. Si bien reconocieron que tienen \u201cvarias personas en condiciones de ser intendente\u201d, adelantaron que el nombre se definir\u00e1 en el primer trimestre del 2015. Tambi\u00e9n, en declaraciones a <em>ISLETAS NOTICIAS<\/em>, enumeraron lo que a su criterio, son los principales problemas de la ciudad, respondieron en duros t\u00e9rminos a las cr\u00edticas que recibieron por parte del senador y ex intendente Daniel Kr\u00e4mer y repasaron algunos proyectos en caso de llegar a la intendencia.\u00a0<\/strong><\/p>\n<figure id=\"attachment_9395\" aria-describedby=\"caption-attachment-9395\" style=\"width: 300px\" class=\"wp-caption aligncenter\"><a href=\"http:\/\/www.isletasnoticias.com.ar\/%77%70%2d%63%6f%6e%74%65%6e%74\/uploads\/2014\/12\/Foto1666.jpg\"><img loading=\"lazy\" decoding=\"async\" class=\"wp-image-9395 size-medium\" src=\"http:\/\/www.isletasnoticias.com.ar\/%77%70%2d%63%6f%6e%74%65%6e%74\/uploads\/2014\/12\/Foto1666-300x225.jpg\" alt=\"Foto1666\" width=\"300\" height=\"225\" srcset=\"https:\/\/informelitoral.com.ar\/%77%70%2d%63%6f%6e%74%65%6e%74\/uploads\/2014\/12\/Foto1666-300x225.jpg 300w, https:\/\/informelitoral.com.ar\/%77%70%2d%63%6f%6e%74%65%6e%74\/uploads\/2014\/12\/Foto1666-1024x768.jpg 1024w, https:\/\/informelitoral.com.ar\/%77%70%2d%63%6f%6e%74%65%6e%74\/uploads\/2014\/12\/Foto1666.jpg 2048w\" sizes=\"auto, (max-width: 300px) 100vw, 300px\" \/><\/a><figcaption id=\"caption-attachment-9395\" class=\"wp-caption-text\">De Izq. a Der.: Gustavo Vergara, Pablo Omarini y Flavia Pamberger.<\/figcaption><\/figure>\n<p>El presidente de la Alianza Ramirense (UCR- Nuevo Espacio), <strong>Pablo Sebasti\u00e1n Omarini<\/strong>; el vicepresidente, <strong>Jos\u00e9 Elizalde<\/strong>; el secretario y ex candidato a intendente, <strong>Gustavo Vergara<\/strong> y la vocal, <strong>Flavia Pamberger<\/strong>, recibieron a <strong><em>IN<\/em><\/strong> en el local partidario de calle San Mart\u00edn, para dialogar sobre diferentes temas del orden pol\u00edtico partidario y la situaci\u00f3n de la ciudad.<a href=\"http:\/\/www.isletasnoticias.com.ar\/%77%70%2d%63%6f%6e%74%65%6e%74\/uploads\/2014\/12\/Foto1665.jpg\"><img loading=\"lazy\" decoding=\"async\" class=\"alignright wp-image-9394 size-medium\" src=\"http:\/\/www.isletasnoticias.com.ar\/%77%70%2d%63%6f%6e%74%65%6e%74\/uploads\/2014\/12\/Foto1665-300x225.jpg\" alt=\"Foto1665\" width=\"300\" height=\"225\" srcset=\"https:\/\/informelitoral.com.ar\/%77%70%2d%63%6f%6e%74%65%6e%74\/uploads\/2014\/12\/Foto1665-300x225.jpg 300w, https:\/\/informelitoral.com.ar\/%77%70%2d%63%6f%6e%74%65%6e%74\/uploads\/2014\/12\/Foto1665-1024x768.jpg 1024w, https:\/\/informelitoral.com.ar\/%77%70%2d%63%6f%6e%74%65%6e%74\/uploads\/2014\/12\/Foto1665.jpg 2048w\" sizes=\"auto, (max-width: 300px) 100vw, 300px\" \/><\/a><\/p>\n<p>Al hacer un balance del a\u00f1o, Omarini expres\u00f3 que \u201ces positivo y lo comenzamos a hacer desde las elecciones del 2011 porque hemos mantenido un programa de acci\u00f3n en base a cierta perseverancia y planificaci\u00f3n. A lo largo de estos \u00faltimos tres a\u00f1os la gente incorpor\u00f3 una agenda de trabajo de la Alianza, que a veces se va adaptando a las situaciones particulares que vive la ciudad. Todo ese trabajo lo cerramos con la Cena de Fin de A\u00f1o, donde convocamos a m\u00e1s de 700 personas en un d\u00eda lluvioso por lo que mucha gente no pudo asistir. Hay vocaci\u00f3n de trabajo, de servicio y de gobierno\u201d, remarc\u00f3 el dirigente.<\/p>\n<p><strong>&#8211; Tengo entendido que realizan visitas peri\u00f3dicas a la casa de los vecinos\u2026<\/strong><\/p>\n<p>&#8211; <strong>(Pamberger) <\/strong>Si. Nosotros tenemos nuestros representantes en el Concejo Deliberante a trav\u00e9s de tres personas que complementan el trabajo de la Comisi\u00f3n en cuanto a la presentaci\u00f3n de proyectos y las visitas permanentes casa por casa. La idea es llevar el Concejo a cada uno de los hogares. Esto demuestra que uno no hace campa\u00f1a solo los \u00faltimos meses antes de las elecciones, sino que hacemos un proceso desde 2011 que se coronar\u00e1 en octubre de 2015.<\/p>\n<p><strong>&#8211; \u00bfTienen definido qui\u00e9n ser\u00e1 el candidato a intendente en 2015?<\/strong><\/p>\n<p>&#8211; <strong>(Omarini)<\/strong> La idea siempre es trabajar en equipo, pero sabemos que tiene que haber un l\u00edder. Hoy tenemos varias personas en condiciones de ser intendente en 2015, pero vamos a definir qui\u00e9n est\u00e1 mejor posicionado por consenso finalizando el primer trimestre del a\u00f1o.<\/p>\n<p><strong>&#8211; \u00bfC\u00f3mo ven el di\u00e1logo a nivel provincial entre Atilio Benedetti (UCR) y Alfredo De Angeli (PRO)?\u00a0 <\/strong><\/p>\n<p>&#8211; <strong>(Omarini)<\/strong> Tenemos un posicionamiento enfocado b\u00e1sicamente en el orden local, mientras que a nivel provincial, como tenemos una mirada amplia, contamos con personas que pueden apoyar a diferentes candidatos. De todas maneras, al di\u00e1logo entre el radicalismo y el PRO lo vemos positivo mientras los valores sean comunes y se puedan llegar a posibles acuerdos que vayan en beneficio de la ciudadan\u00eda.<\/p>\n<p><strong>&#8211; \u00bfCu\u00e1les son los principales problemas que observan en Ram\u00edrez?<\/strong><\/p>\n<p>&#8211; <strong>(Vergara) <\/strong>Ram\u00edrez tiene varios problemas estructurales. Uno es el tema del agua, ya que las gestiones de Daniel y Edelmiro Kr\u00e4mer no le dieron la atenci\u00f3n necesaria para resolverlo de manera definitiva. Tambi\u00e9n est\u00e1 el problema de los desag\u00fces pluviales y cloacales porque Ram\u00edrez actualmente est\u00e1 tirando pr\u00e1cticamente todos los desechos sin ning\u00fan tipo de tratamiento lo cual va a traer consecuencias ecol\u00f3gicas y legales a futuro. Tenemos el problema del basural a cielo abierto, donde fuimos una de las primeras ciudades a nivel nacional que tuvo tratamiento de resididos en los a\u00f1os 1995 y \u201996, pero en la segunda gesti\u00f3n de Kr\u00e4mer se dej\u00f3 sin efecto dicho tratamiento. Por otro lado, se siguen acumulando problemas que quedar\u00e1n para el pr\u00f3ximo gobierno como es la falta de equipamiento, ausencia de un adecuado control interno, contrataci\u00f3n de mucha gente y en especial familiares o amigos, lo cual genera un problema financiero. Necesitamos una perspectiva m\u00e1s moderna de la administraci\u00f3n, un viso de progreso y planificaci\u00f3n hacia el futuro y con la familia K\u00e4mer no lo vamos a tener.<\/p>\n<p><strong>(Omarini)<\/strong> Adem\u00e1s actualmente el trabajador que piensa distinto recibe amenazas como las de perder su fuente laboral y eso no puede ser as\u00ed.<\/p>\n<p><strong>&#8211; \u00bfQu\u00e9 proyectos proponen en caso de llegar a la intendencia?<\/strong><\/p>\n<p>&#8211; <strong>(Omarini) <\/strong>Nuestro lema siempre ha sido ir por una perspectiva propositiva para la sociedad. Tenemos una visi\u00f3n cr\u00edtica de lo que se hace pero consideramos que lo m\u00e1s importante es plantear qu\u00e9 vamos a hacer nosotros. En primer lugar proponemos otro m\u00e9todo de trabajo, desde el punto de vista filos\u00f3fico, que tiene que ver con el respeto a la condici\u00f3n del ser humano, a la posibilidad de pensar distinto sin sentirse perseguido. Hay que superar el paternalismo y el personalismo por una l\u00f3gica de trabajo en equipo. Nuestras propuestas tienden a fijar pol\u00edticas p\u00fablicas para cada \u00e1rea de corto, mediano y largo plazo y hoy ni siquiera hay un concepto de pol\u00edticas p\u00fablicas. En la cuesti\u00f3n del agua hay que hacer un diagn\u00f3stico claro a trav\u00e9s de equipos t\u00e9cnicos que determinen c\u00f3mo resolver el tema de fondo; lo mismo en cuanto al desarrollo y la planificaci\u00f3n urbana, donde hay loteos que se vendieron sin ning\u00fan tipo de planificaci\u00f3n y hay gente que no puede acceder a sus casas con veh\u00edculos en d\u00edas de lluvia. Hay propuestas para medio ambiente, la salud p\u00fablica, una pol\u00edtica de viviendas municipales, administraci\u00f3n eficiente de los recursos y respeto al trabajador municipal. El vecino necesita que la Municipalidad est\u00e9 a la altura de la perspectiva hist\u00f3rica de la ciudad, porque hoy el sector privado est\u00e1 dos cabezas encima del municipio, cuando lo ideal es ir al mismo paso.<\/p>\n<p><strong>&#8211; El senador Daniel Kr\u00e4mer, en una entrevista con El Observador de Crespo, dijo que la Alianza Ramirense en un \u201crejunte\u201d\u2026<\/strong><\/p>\n<p>&#8211; <strong>(Omarini)<\/strong> Es llamativo que el llame rejunte al resultado de un grupo de gente que proviene de distintos lugares, de diferentes esferas sociales, posiciones ideol\u00f3gicas, religiosas y est\u00e9n dispuestas a unirse en torno a valores comunes. Eso no se llama rejunte, se llama pluralismo. Evidentemente \u00e9l (por Daniel Kr\u00e4mer), desconoce el pluralismo porque nunca lo implement\u00f3 porque en Ram\u00edrez siempre ha gobernado una familia, eso es nepotismo. En la misma nota se define a s\u00ed mismo, cuando dice que \u2018el candidato voy a ser yo o mi padre\u2019, o sea del Partido Justicialista ni se acuerda, no hay discusi\u00f3n a la hora de elegir el candidato, todo lo definen dos o tres personas y eso es una cuesti\u00f3n de valores, va m\u00e1s all\u00e1 de cualquier partido pol\u00edtico. La sociedad busca di\u00e1logo, consensos. Adem\u00e1s el kr\u00e4merismo fue obsecuente al menemismo y hoy est\u00e1n con el kirchnerismo\u2026<\/p>\n<p><strong>&#8211; \u00bfHay posibilidad de formar alg\u00fan frente con otros partidos a nivel local?<\/strong><\/p>\n<p>&#8211; <strong>(Omarini)<\/strong> Nosotros ese paso ya lo hemos dado porque la Alianza es un espacio de di\u00e1logo que est\u00e1 integrado por m\u00e1s de un partido. No cerramos la puerta para aquel que se quiera sumar a trabajar, pero siempre en base a valores y proyectos comunes. La idea no es decirle a la sociedad algo que quiera escuchar y que el resultado sea nada, debemos ser serios.<\/p>\n<p><strong>&#8211; \u00bfQu\u00e9 panorama avizoran para 2015?<\/strong><\/p>\n<p>&#8211; <strong>(Vergara)<\/strong> Creo que las posibilidades de acceder al gobierno son muy ciertas. En la \u00faltima elecci\u00f3n perdimos por unos 220 votos por lo cual estamos en condiciones, porque la gente valora la permanencia pol\u00edtica de la Alianza siendo oposici\u00f3n, lo cual es dif\u00edcil. Adem\u00e1s los concejales hicieron un trabajo importante.<\/p>\n<p>&#8211; <strong>(Pamberger)<\/strong> La gente por ah\u00ed todav\u00eda tiene miedo de participar, pero lentamente van perdiendo ese temor y lo vamos confirmando todos los a\u00f1os. Deben saber que en un futuro gobierno de la Alianza se van a poder expresar libremente.<\/p>\n<p>&#8211; <strong>(Omarini)<\/strong> Queremos que esa expresi\u00f3n de deseo que tiene la gente en la calle, en el 2015 la vuelque en las urnas y en cualquier acci\u00f3n multiplicadora para la Alianza, colaborando con nuestros eventos, participar en las redes sociales, todo suma y es muy importante para nosotros.<\/p>\n","protected":false},"excerpt":{"rendered":"<p>Los integrantes del espacio pol&iacute;tico de Ram&iacute;rez, destacan &ldquo;el programa de acci&oacute;n&rdquo; desde las elecciones del 2011 a la fecha y el trabajo en el HCD. Si bien reconocieron que tienen &ldquo;varias personas en condiciones de ser intendente&rdquo;, adelantaron que el nombre se definir&aacute; en el primer trimestre del 2015. Tambi&eacute;n, en declaraciones a ISLETAS [&hellip;]<\/p>\n","protected":false},"author":2,"featured_media":0,"comment_status":"open","ping_status":"open","sticky":false,"template":"","format":"standard","meta":{"fifu_image_url":"","fifu_image_alt":"","footnotes":""},"categories":[5,16],"tags":[],"class_list":{"0":"post-9393","1":"post","2":"type-post","3":"status-publish","4":"format-standard","6":"category-zonales","7":"category-politi"},"yoast_head":"<title>Desde la Alianza Ramirense destacan que \u201ctenemos varias personas en condiciones de ser intendente en 2015\u201d - Informe Litoral<\/title>\n<meta name=\"robots\" content=\"index, follow, max-snippet:-1, max-image-preview:large, max-video-preview:-1\" \/>\n<link rel=\"canonical\" href=\"https:\/\/informelitoral.com.ar\/desde-la-alianza-ramirense-destacan-que-tenemos-varias-personas-en-condiciones-de-ser-intendente-en-2015\/\" \/>\n<meta property=\"og:locale\" content=\"es_ES\" \/>\n<meta property=\"og:type\" content=\"article\" \/>\n<meta property=\"og:title\" content=\"Desde la Alianza Ramirense destacan que \u201ctenemos varias personas en condiciones de ser intendente en 2015\u201d - Informe Litoral\" \/>\n<meta property=\"og:description\" content=\"Los integrantes del espacio pol&iacute;tico de Ram&iacute;rez, destacan &ldquo;el programa de acci&oacute;n&rdquo; desde las elecciones del 2011 a la fecha y el trabajo en el HCD. Si bien reconocieron que tienen &ldquo;varias personas en condiciones de ser intendente&rdquo;, adelantaron que el nombre se definir&aacute; en el primer trimestre del 2015. Tambi&eacute;n, en declaraciones a ISLETAS [&hellip;]\" \/>\n<meta property=\"og:url\" content=\"https:\/\/informelitoral.com.ar\/desde-la-alianza-ramirense-destacan-que-tenemos-varias-personas-en-condiciones-de-ser-intendente-en-2015\/\" \/>\n<meta property=\"og:site_name\" content=\"Informe Litoral\" \/>\n<meta property=\"article:publisher\" content=\"https:\/\/www.facebook.com\/informelitoral\/\" \/>\n<meta property=\"article:published_time\" content=\"2014-12-26T13:09:53+00:00\" \/>\n<meta property=\"og:image\" content=\"https:\/\/informelitoral.com.ar\/%77%70%2d%63%6f%6e%74%65%6e%74\/uploads\/2014\/12\/Foto1666.jpg\" \/>\n\t<meta property=\"og:image:width\" content=\"2048\" \/>\n\t<meta property=\"og:image:height\" content=\"1536\" \/>\n\t<meta property=\"og:image:type\" content=\"image\/jpeg\" \/>\n<meta name=\"author\" content=\"Gonzalo Schmidt\" \/>\n<meta name=\"twitter:card\" content=\"summary_large_image\" \/>\n<meta name=\"twitter:creator\" content=\"@InformeLitoral\" \/>\n<meta name=\"twitter:site\" content=\"@InformeLitoral\" \/>\n<meta name=\"twitter:label1\" content=\"Escrito por\" \/>\n\t<meta name=\"twitter:data1\" content=\"Gonzalo Schmidt\" \/>\n\t<meta name=\"twitter:label2\" content=\"Tiempo de lectura\" \/>\n\t<meta name=\"twitter:data2\" content=\"7 minutos\" \/>\n<script type=\"application\/ld+json\" class=\"yoast-schema-graph\">{\"@context\":\"https:\\\/\\\/schema.org\",\"@graph\":[{\"@type\":\"Article\",\"@id\":\"https:\\\/\\\/informelitoral.com.ar\\\/desde-la-alianza-ramirense-destacan-que-tenemos-varias-personas-en-condiciones-de-ser-intendente-en-2015\\\/#article\",\"isPartOf\":{\"@id\":\"https:\\\/\\\/informelitoral.com.ar\\\/desde-la-alianza-ramirense-destacan-que-tenemos-varias-personas-en-condiciones-de-ser-intendente-en-2015\\\/\"},\"author\":{\"name\":\"Gonzalo Schmidt\",\"@id\":\"https:\\\/\\\/informelitoral.com.ar\\\/#\\\/schema\\\/person\\\/b9d00407c836482871ef1d57bf8e3180\"},\"headline\":\"Desde la Alianza Ramirense destacan que \u201ctenemos varias personas en condiciones de ser intendente en 2015\u201d\",\"datePublished\":\"2014-12-26T13:09:53+00:00\",\"mainEntityOfPage\":{\"@id\":\"https:\\\/\\\/informelitoral.com.ar\\\/desde-la-alianza-ramirense-destacan-que-tenemos-varias-personas-en-condiciones-de-ser-intendente-en-2015\\\/\"},\"wordCount\":1463,\"commentCount\":0,\"publisher\":{\"@id\":\"https:\\\/\\\/informelitoral.com.ar\\\/#organization\"},\"image\":{\"@id\":\"https:\\\/\\\/informelitoral.com.ar\\\/desde-la-alianza-ramirense-destacan-que-tenemos-varias-personas-en-condiciones-de-ser-intendente-en-2015\\\/#primaryimage\"},\"thumbnailUrl\":\"http:\\\/\\\/www.isletasnoticias.com.ar\\\/%77%70%2d%63%6f%6e%74%65%6e%74\\\/uploads\\\/2014\\\/12\\\/Foto1666-300x225.jpg\",\"articleSection\":[\"Departamento Diamante\",\"Politica\"],\"inLanguage\":\"es\",\"potentialAction\":[{\"@type\":\"CommentAction\",\"name\":\"Comment\",\"target\":[\"https:\\\/\\\/informelitoral.com.ar\\\/desde-la-alianza-ramirense-destacan-que-tenemos-varias-personas-en-condiciones-de-ser-intendente-en-2015\\\/#respond\"]}]},{\"@type\":\"WebPage\",\"@id\":\"https:\\\/\\\/informelitoral.com.ar\\\/desde-la-alianza-ramirense-destacan-que-tenemos-varias-personas-en-condiciones-de-ser-intendente-en-2015\\\/\",\"url\":\"https:\\\/\\\/informelitoral.com.ar\\\/desde-la-alianza-ramirense-destacan-que-tenemos-varias-personas-en-condiciones-de-ser-intendente-en-2015\\\/\",\"name\":\"Desde la Alianza Ramirense destacan que \u201ctenemos varias personas en condiciones de ser intendente en 2015\u201d - Informe Litoral\",\"isPartOf\":{\"@id\":\"https:\\\/\\\/informelitoral.com.ar\\\/#website\"},\"primaryImageOfPage\":{\"@id\":\"https:\\\/\\\/informelitoral.com.ar\\\/desde-la-alianza-ramirense-destacan-que-tenemos-varias-personas-en-condiciones-de-ser-intendente-en-2015\\\/#primaryimage\"},\"image\":{\"@id\":\"https:\\\/\\\/informelitoral.com.ar\\\/desde-la-alianza-ramirense-destacan-que-tenemos-varias-personas-en-condiciones-de-ser-intendente-en-2015\\\/#primaryimage\"},\"thumbnailUrl\":\"http:\\\/\\\/www.isletasnoticias.com.ar\\\/%77%70%2d%63%6f%6e%74%65%6e%74\\\/uploads\\\/2014\\\/12\\\/Foto1666-300x225.jpg\",\"datePublished\":\"2014-12-26T13:09:53+00:00\",\"breadcrumb\":{\"@id\":\"https:\\\/\\\/informelitoral.com.ar\\\/desde-la-alianza-ramirense-destacan-que-tenemos-varias-personas-en-condiciones-de-ser-intendente-en-2015\\\/#breadcrumb\"},\"inLanguage\":\"es\",\"potentialAction\":[{\"@type\":\"ReadAction\",\"target\":[\"https:\\\/\\\/informelitoral.com.ar\\\/desde-la-alianza-ramirense-destacan-que-tenemos-varias-personas-en-condiciones-de-ser-intendente-en-2015\\\/\"]}]},{\"@type\":\"ImageObject\",\"inLanguage\":\"es\",\"@id\":\"https:\\\/\\\/informelitoral.com.ar\\\/desde-la-alianza-ramirense-destacan-que-tenemos-varias-personas-en-condiciones-de-ser-intendente-en-2015\\\/#primaryimage\",\"url\":\"http:\\\/\\\/www.isletasnoticias.com.ar\\\/%77%70%2d%63%6f%6e%74%65%6e%74\\\/uploads\\\/2014\\\/12\\\/Foto1666-300x225.jpg\",\"contentUrl\":\"http:\\\/\\\/www.isletasnoticias.com.ar\\\/%77%70%2d%63%6f%6e%74%65%6e%74\\\/uploads\\\/2014\\\/12\\\/Foto1666-300x225.jpg\"},{\"@type\":\"BreadcrumbList\",\"@id\":\"https:\\\/\\\/informelitoral.com.ar\\\/desde-la-alianza-ramirense-destacan-que-tenemos-varias-personas-en-condiciones-de-ser-intendente-en-2015\\\/#breadcrumb\",\"itemListElement\":[{\"@type\":\"ListItem\",\"position\":1,\"name\":\"Portada\",\"item\":\"https:\\\/\\\/informelitoral.com.ar\\\/\"},{\"@type\":\"ListItem\",\"position\":2,\"name\":\"Desde la Alianza Ramirense destacan que \u201ctenemos varias personas en condiciones de ser intendente en 2015\u201d\"}]},{\"@type\":\"WebSite\",\"@id\":\"https:\\\/\\\/informelitoral.com.ar\\\/#website\",\"url\":\"https:\\\/\\\/informelitoral.com.ar\\\/\",\"name\":\"Informe Litoral\",\"description\":\"&quot;Nos informamos&quot; \",\"publisher\":{\"@id\":\"https:\\\/\\\/informelitoral.com.ar\\\/#organization\"},\"potentialAction\":[{\"@type\":\"SearchAction\",\"target\":{\"@type\":\"EntryPoint\",\"urlTemplate\":\"https:\\\/\\\/informelitoral.com.ar\\\/?s={search_term_string}\"},\"query-input\":{\"@type\":\"PropertyValueSpecification\",\"valueRequired\":true,\"valueName\":\"search_term_string\"}}],\"inLanguage\":\"es\"},{\"@type\":\"Organization\",\"@id\":\"https:\\\/\\\/informelitoral.com.ar\\\/#organization\",\"name\":\"Informe Litoral\",\"url\":\"https:\\\/\\\/informelitoral.com.ar\\\/\",\"logo\":{\"@type\":\"ImageObject\",\"inLanguage\":\"es\",\"@id\":\"https:\\\/\\\/informelitoral.com.ar\\\/#\\\/schema\\\/logo\\\/image\\\/\",\"url\":\"https:\\\/\\\/informelitoral.com.ar\\\/%77%70%2d%63%6f%6e%74%65%6e%74\\\/uploads\\\/2021\\\/01\\\/circulo.png\",\"contentUrl\":\"https:\\\/\\\/informelitoral.com.ar\\\/%77%70%2d%63%6f%6e%74%65%6e%74\\\/uploads\\\/2021\\\/01\\\/circulo.png\",\"width\":723,\"height\":731,\"caption\":\"Informe Litoral\"},\"image\":{\"@id\":\"https:\\\/\\\/informelitoral.com.ar\\\/#\\\/schema\\\/logo\\\/image\\\/\"},\"sameAs\":[\"https:\\\/\\\/www.facebook.com\\\/informelitoral\\\/\",\"https:\\\/\\\/x.com\\\/InformeLitoral\",\"https:\\\/\\\/www.instagram.com\\\/informelitoral\\\/\",\"https:\\\/\\\/www.youtube.com\\\/channel\\\/UCua4Qvz8Icb6MYqhoq9xLXw\"]},{\"@type\":\"Person\",\"@id\":\"https:\\\/\\\/informelitoral.com.ar\\\/#\\\/schema\\\/person\\\/b9d00407c836482871ef1d57bf8e3180\",\"name\":\"Gonzalo Schmidt\",\"image\":{\"@type\":\"ImageObject\",\"inLanguage\":\"es\",\"@id\":\"https:\\\/\\\/secure.gravatar.com\\\/avatar\\\/31a1a7b66ff2de83bd0e9fd79d026630d2d99e55e8bfe501287647b4fd9743de?s=96&d=mm&r=g\",\"url\":\"https:\\\/\\\/secure.gravatar.com\\\/avatar\\\/31a1a7b66ff2de83bd0e9fd79d026630d2d99e55e8bfe501287647b4fd9743de?s=96&d=mm&r=g\",\"contentUrl\":\"https:\\\/\\\/secure.gravatar.com\\\/avatar\\\/31a1a7b66ff2de83bd0e9fd79d026630d2d99e55e8bfe501287647b4fd9743de?s=96&d=mm&r=g\",\"caption\":\"Gonzalo Schmidt\"},\"description\":\"Sitio web de noticias de la provincia de Entre R\u00edos, Argentina. Informaci\u00f3n y entretenimiento. Informe Litoral, nos informamos.\",\"sameAs\":[\"http:\\\/\\\/www.isletasnoticias.com.ar\"],\"url\":\"https:\\\/\\\/informelitoral.com.ar\\\/author\\\/gonzalo\\\/\"}]}<\/script>","yoast_head_json":{"title":"Desde la Alianza Ramirense destacan que \u201ctenemos varias personas en condiciones de ser intendente en 2015\u201d - Informe Litoral","robots":{"index":"index","follow":"follow","max-snippet":"max-snippet:-1","max-image-preview":"max-image-preview:large","max-video-preview":"max-video-preview:-1"},"canonical":"https:\/\/informelitoral.com.ar\/desde-la-alianza-ramirense-destacan-que-tenemos-varias-personas-en-condiciones-de-ser-intendente-en-2015\/","og_locale":"es_ES","og_type":"article","og_title":"Desde la Alianza Ramirense destacan que \u201ctenemos varias personas en condiciones de ser intendente en 2015\u201d - Informe Litoral","og_description":"Los integrantes del espacio pol&iacute;tico de Ram&iacute;rez, destacan &ldquo;el programa de acci&oacute;n&rdquo; desde las elecciones del 2011 a la fecha y el trabajo en el HCD. Si bien reconocieron que tienen &ldquo;varias personas en condiciones de ser intendente&rdquo;, adelantaron que el nombre se definir&aacute; en el primer trimestre del 2015. Tambi&eacute;n, en declaraciones a ISLETAS [&hellip;]","og_url":"https:\/\/informelitoral.com.ar\/desde-la-alianza-ramirense-destacan-que-tenemos-varias-personas-en-condiciones-de-ser-intendente-en-2015\/","og_site_name":"Informe Litoral","article_publisher":"https:\/\/www.facebook.com\/informelitoral\/","article_published_time":"2014-12-26T13:09:53+00:00","og_image":[{"width":2048,"height":1536,"url":"https:\/\/informelitoral.com.ar\/%77%70%2d%63%6f%6e%74%65%6e%74\/uploads\/2014\/12\/Foto1666.jpg","type":"image\/jpeg"}],"author":"Gonzalo Schmidt","twitter_card":"summary_large_image","twitter_creator":"@InformeLitoral","twitter_site":"@InformeLitoral","twitter_misc":{"Escrito por":"Gonzalo Schmidt","Tiempo de lectura":"7 minutos"},"schema":{"@context":"https:\/\/schema.org","@graph":[{"@type":"Article","@id":"https:\/\/informelitoral.com.ar\/desde-la-alianza-ramirense-destacan-que-tenemos-varias-personas-en-condiciones-de-ser-intendente-en-2015\/#article","isPartOf":{"@id":"https:\/\/informelitoral.com.ar\/desde-la-alianza-ramirense-destacan-que-tenemos-varias-personas-en-condiciones-de-ser-intendente-en-2015\/"},"author":{"name":"Gonzalo Schmidt","@id":"https:\/\/informelitoral.com.ar\/#\/schema\/person\/b9d00407c836482871ef1d57bf8e3180"},"headline":"Desde la Alianza Ramirense destacan que \u201ctenemos varias personas en condiciones de ser intendente en 2015\u201d","datePublished":"2014-12-26T13:09:53+00:00","mainEntityOfPage":{"@id":"https:\/\/informelitoral.com.ar\/desde-la-alianza-ramirense-destacan-que-tenemos-varias-personas-en-condiciones-de-ser-intendente-en-2015\/"},"wordCount":1463,"commentCount":0,"publisher":{"@id":"https:\/\/informelitoral.com.ar\/#organization"},"image":{"@id":"https:\/\/informelitoral.com.ar\/desde-la-alianza-ramirense-destacan-que-tenemos-varias-personas-en-condiciones-de-ser-intendente-en-2015\/#primaryimage"},"thumbnailUrl":"http:\/\/www.isletasnoticias.com.ar\/%77%70%2d%63%6f%6e%74%65%6e%74\/uploads\/2014\/12\/Foto1666-300x225.jpg","articleSection":["Departamento Diamante","Politica"],"inLanguage":"es","potentialAction":[{"@type":"CommentAction","name":"Comment","target":["https:\/\/informelitoral.com.ar\/desde-la-alianza-ramirense-destacan-que-tenemos-varias-personas-en-condiciones-de-ser-intendente-en-2015\/#respond"]}]},{"@type":"WebPage","@id":"https:\/\/informelitoral.com.ar\/desde-la-alianza-ramirense-destacan-que-tenemos-varias-personas-en-condiciones-de-ser-intendente-en-2015\/","url":"https:\/\/informelitoral.com.ar\/desde-la-alianza-ramirense-destacan-que-tenemos-varias-personas-en-condiciones-de-ser-intendente-en-2015\/","name":"Desde la Alianza Ramirense destacan que \u201ctenemos varias personas en condiciones de ser intendente en 2015\u201d - Informe Litoral","isPartOf":{"@id":"https:\/\/informelitoral.com.ar\/#website"},"primaryImageOfPage":{"@id":"https:\/\/informelitoral.com.ar\/desde-la-alianza-ramirense-destacan-que-tenemos-varias-personas-en-condiciones-de-ser-intendente-en-2015\/#primaryimage"},"image":{"@id":"https:\/\/informelitoral.com.ar\/desde-la-alianza-ramirense-destacan-que-tenemos-varias-personas-en-condiciones-de-ser-intendente-en-2015\/#primaryimage"},"thumbnailUrl":"http:\/\/www.isletasnoticias.com.ar\/%77%70%2d%63%6f%6e%74%65%6e%74\/uploads\/2014\/12\/Foto1666-300x225.jpg","datePublished":"2014-12-26T13:09:53+00:00","breadcrumb":{"@id":"https:\/\/informelitoral.com.ar\/desde-la-alianza-ramirense-destacan-que-tenemos-varias-personas-en-condiciones-de-ser-intendente-en-2015\/#breadcrumb"},"inLanguage":"es","potentialAction":[{"@type":"ReadAction","target":["https:\/\/informelitoral.com.ar\/desde-la-alianza-ramirense-destacan-que-tenemos-varias-personas-en-condiciones-de-ser-intendente-en-2015\/"]}]},{"@type":"ImageObject","inLanguage":"es","@id":"https:\/\/informelitoral.com.ar\/desde-la-alianza-ramirense-destacan-que-tenemos-varias-personas-en-condiciones-de-ser-intendente-en-2015\/#primaryimage","url":"http:\/\/www.isletasnoticias.com.ar\/%77%70%2d%63%6f%6e%74%65%6e%74\/uploads\/2014\/12\/Foto1666-300x225.jpg","contentUrl":"http:\/\/www.isletasnoticias.com.ar\/%77%70%2d%63%6f%6e%74%65%6e%74\/uploads\/2014\/12\/Foto1666-300x225.jpg"},{"@type":"BreadcrumbList","@id":"https:\/\/informelitoral.com.ar\/desde-la-alianza-ramirense-destacan-que-tenemos-varias-personas-en-condiciones-de-ser-intendente-en-2015\/#breadcrumb","itemListElement":[{"@type":"ListItem","position":1,"name":"Portada","item":"https:\/\/informelitoral.com.ar\/"},{"@type":"ListItem","position":2,"name":"Desde la Alianza Ramirense destacan que \u201ctenemos varias personas en condiciones de ser intendente en 2015\u201d"}]},{"@type":"WebSite","@id":"https:\/\/informelitoral.com.ar\/#website","url":"https:\/\/informelitoral.com.ar\/","name":"Informe Litoral","description":"&quot;Nos informamos&quot; ","publisher":{"@id":"https:\/\/informelitoral.com.ar\/#organization"},"potentialAction":[{"@type":"SearchAction","target":{"@type":"EntryPoint","urlTemplate":"https:\/\/informelitoral.com.ar\/?s={search_term_string}"},"query-input":{"@type":"PropertyValueSpecification","valueRequired":true,"valueName":"search_term_string"}}],"inLanguage":"es"},{"@type":"Organization","@id":"https:\/\/informelitoral.com.ar\/#organization","name":"Informe Litoral","url":"https:\/\/informelitoral.com.ar\/","logo":{"@type":"ImageObject","inLanguage":"es","@id":"https:\/\/informelitoral.com.ar\/#\/schema\/logo\/image\/","url":"https:\/\/informelitoral.com.ar\/%77%70%2d%63%6f%6e%74%65%6e%74\/uploads\/2021\/01\/circulo.png","contentUrl":"https:\/\/informelitoral.com.ar\/%77%70%2d%63%6f%6e%74%65%6e%74\/uploads\/2021\/01\/circulo.png","width":723,"height":731,"caption":"Informe Litoral"},"image":{"@id":"https:\/\/informelitoral.com.ar\/#\/schema\/logo\/image\/"},"sameAs":["https:\/\/www.facebook.com\/informelitoral\/","https:\/\/x.com\/InformeLitoral","https:\/\/www.instagram.com\/informelitoral\/","https:\/\/www.youtube.com\/channel\/UCua4Qvz8Icb6MYqhoq9xLXw"]},{"@type":"Person","@id":"https:\/\/informelitoral.com.ar\/#\/schema\/person\/b9d00407c836482871ef1d57bf8e3180","name":"Gonzalo Schmidt","image":{"@type":"ImageObject","inLanguage":"es","@id":"https:\/\/secure.gravatar.com\/avatar\/31a1a7b66ff2de83bd0e9fd79d026630d2d99e55e8bfe501287647b4fd9743de?s=96&d=mm&r=g","url":"https:\/\/secure.gravatar.com\/avatar\/31a1a7b66ff2de83bd0e9fd79d026630d2d99e55e8bfe501287647b4fd9743de?s=96&d=mm&r=g","contentUrl":"https:\/\/secure.gravatar.com\/avatar\/31a1a7b66ff2de83bd0e9fd79d026630d2d99e55e8bfe501287647b4fd9743de?s=96&d=mm&r=g","caption":"Gonzalo Schmidt"},"description":"Sitio web de noticias de la provincia de Entre R\u00edos, Argentina. Informaci\u00f3n y entretenimiento. Informe Litoral, nos informamos.","sameAs":["http:\/\/www.isletasnoticias.com.ar"],"url":"https:\/\/informelitoral.com.ar\/author\/gonzalo\/"}]}},"_links":{"self":[{"href":"https:\/\/informelitoral.com.ar\/%77%70%2d%6a%73%6f%6e\/wp\/v2\/posts\/9393","targetHints":{"allow":["GET"]}}],"collection":[{"href":"https:\/\/informelitoral.com.ar\/%77%70%2d%6a%73%6f%6e\/wp\/v2\/posts"}],"about":[{"href":"https:\/\/informelitoral.com.ar\/%77%70%2d%6a%73%6f%6e\/wp\/v2\/types\/post"}],"author":[{"embeddable":true,"href":"https:\/\/informelitoral.com.ar\/%77%70%2d%6a%73%6f%6e\/wp\/v2\/users\/2"}],"replies":[{"embeddable":true,"href":"https:\/\/informelitoral.com.ar\/%77%70%2d%6a%73%6f%6e\/wp\/v2\/comments?post=9393"}],"version-history":[{"count":0,"href":"https:\/\/informelitoral.com.ar\/%77%70%2d%6a%73%6f%6e\/wp\/v2\/posts\/9393\/revisions"}],"wp:attachment":[{"href":"https:\/\/informelitoral.com.ar\/%77%70%2d%6a%73%6f%6e\/wp\/v2\/media?parent=9393"}],"wp:term":[{"taxonomy":"category","embeddable":true,"href":"https:\/\/informelitoral.com.ar\/%77%70%2d%6a%73%6f%6e\/wp\/v2\/categories?post=9393"},{"taxonomy":"post_tag","embeddable":true,"href":"https:\/\/informelitoral.com.ar\/%77%70%2d%6a%73%6f%6e\/wp\/v2\/tags?post=9393"}],"curies":[{"name":"wp","href":"https:\/\/api.w.org\/{rel}","templated":true}]}}