{"id":93901,"date":"2022-11-11T13:00:03","date_gmt":"2022-11-11T16:00:03","guid":{"rendered":"https:\/\/www.informelitoral.com.ar\/?p=93901"},"modified":"2022-11-11T18:24:00","modified_gmt":"2022-11-11T21:24:00","slug":"bolsacer-fue-parte-de-giro-do-trigo-argentino-2022","status":"publish","type":"post","link":"https:\/\/informelitoral.com.ar\/bolsacer-fue-parte-de-giro-do-trigo-argentino-2022\/","title":{"rendered":"BolsaCER fue parte de Giro Do Trigo Argentino 2022"},"content":{"rendered":"<p>El gerente Ing. Agr. H\u00e9ctor Mart\u00ednez junto al Ing. Pablo Fontanini, integrante del Sistema de Informaci\u00f3n de Bolsa de Cereales de Entre R\u00edos (SIBER), presentaron los datos productivos de trigo de la presente campa\u00f1a en suelo entrerriano al contingente de empresarios brasileros de ABITRIGO (Associacao Brasielira da Industria do Trigo).<\/p>\n<p>Este lunes se realiz\u00f3 la primera jornada del giro do trigo argentino 2022, organizado por la C\u00e1mara Arbitral de la Bolsa de Cereales de Buenos Aires.\u00a0La zona visitada abarc\u00f3 gran parte del departamento Victoria, recorriendo cultivos de trigo y plantas de acopio de la zona, intercambiando informaci\u00f3n t\u00e9cnica sobre sistemas de producci\u00f3n, calidad y evoluci\u00f3n del clima en nuestra provincia.<\/p>\n","protected":false},"excerpt":{"rendered":"<p>Fueron presentados los atos productivos de trigo de la presente campa\u00f1a en suelo entrerriano al contingente de empresarios brasileros de ABITRIGO (Associacao Brasielira da Industria do Trigo). <\/p>\n","protected":false},"author":8,"featured_media":93908,"comment_status":"open","ping_status":"open","sticky":false,"template":"","format":"standard","meta":{"fifu_image_url":"","fifu_image_alt":"","footnotes":""},"categories":[10],"tags":[3486],"class_list":{"0":"post-93901","1":"post","2":"type-post","3":"status-publish","4":"format-standard","5":"has-post-thumbnail","7":"category-campo","8":"tag-bolsa-de-cereales-de-entre-rios"},"yoast_head":"<title>BolsaCER fue parte de Giro Do Trigo Argentino 2022 - Informe Litoral<\/title>\n<meta name=\"robots\" content=\"index, follow, max-snippet:-1, max-image-preview:large, max-video-preview:-1\" \/>\n<link rel=\"canonical\" href=\"https:\/\/informelitoral.com.ar\/bolsacer-fue-parte-de-giro-do-trigo-argentino-2022\/\" \/>\n<meta property=\"og:locale\" content=\"es_ES\" \/>\n<meta property=\"og:type\" content=\"article\" \/>\n<meta property=\"og:title\" content=\"BolsaCER fue parte de Giro Do Trigo Argentino 2022 - Informe Litoral\" \/>\n<meta property=\"og:description\" content=\"Fueron presentados los atos productivos de trigo de la presente campa\u00f1a en suelo entrerriano al contingente de empresarios brasileros de ABITRIGO (Associacao Brasielira da Industria do Trigo).\" \/>\n<meta property=\"og:url\" content=\"https:\/\/informelitoral.com.ar\/bolsacer-fue-parte-de-giro-do-trigo-argentino-2022\/\" \/>\n<meta property=\"og:site_name\" content=\"Informe Litoral\" \/>\n<meta property=\"article:publisher\" content=\"https:\/\/www.facebook.com\/informelitoral\/\" \/>\n<meta property=\"article:published_time\" content=\"2022-11-11T16:00:03+00:00\" \/>\n<meta property=\"article:modified_time\" content=\"2022-11-11T21:24:00+00:00\" \/>\n<meta property=\"og:image\" content=\"https:\/\/informelitoral.com.ar\/%77%70%2d%63%6f%6e%74%65%6e%74\/uploads\/2022\/11\/636d90b068116_g.jpg\" \/>\n\t<meta property=\"og:image:width\" content=\"600\" \/>\n\t<meta property=\"og:image:height\" content=\"400\" \/>\n\t<meta property=\"og:image:type\" content=\"image\/jpeg\" \/>\n<meta name=\"author\" content=\"Sebastian\" \/>\n<meta name=\"twitter:card\" content=\"summary_large_image\" \/>\n<meta name=\"twitter:creator\" content=\"@InformeLitoral\" \/>\n<meta name=\"twitter:site\" content=\"@InformeLitoral\" \/>\n<meta name=\"twitter:label1\" content=\"Escrito por\" \/>\n\t<meta name=\"twitter:data1\" content=\"Sebastian\" \/>\n\t<meta name=\"twitter:label2\" content=\"Tiempo de lectura\" \/>\n\t<meta name=\"twitter:data2\" content=\"1 minuto\" \/>\n<script type=\"application\/ld+json\" class=\"yoast-schema-graph\">{\"@context\":\"https:\\\/\\\/schema.org\",\"@graph\":[{\"@type\":\"Article\",\"@id\":\"https:\\\/\\\/informelitoral.com.ar\\\/bolsacer-fue-parte-de-giro-do-trigo-argentino-2022\\\/#article\",\"isPartOf\":{\"@id\":\"https:\\\/\\\/informelitoral.com.ar\\\/bolsacer-fue-parte-de-giro-do-trigo-argentino-2022\\\/\"},\"author\":{\"name\":\"Sebastian\",\"@id\":\"https:\\\/\\\/informelitoral.com.ar\\\/#\\\/schema\\\/person\\\/f05f9f461677119578717524b127d6d5\"},\"headline\":\"BolsaCER fue parte de Giro Do Trigo Argentino 2022\",\"datePublished\":\"2022-11-11T16:00:03+00:00\",\"dateModified\":\"2022-11-11T21:24:00+00:00\",\"mainEntityOfPage\":{\"@id\":\"https:\\\/\\\/informelitoral.com.ar\\\/bolsacer-fue-parte-de-giro-do-trigo-argentino-2022\\\/\"},\"wordCount\":128,\"commentCount\":0,\"publisher\":{\"@id\":\"https:\\\/\\\/informelitoral.com.ar\\\/#organization\"},\"image\":{\"@id\":\"https:\\\/\\\/informelitoral.com.ar\\\/bolsacer-fue-parte-de-giro-do-trigo-argentino-2022\\\/#primaryimage\"},\"thumbnailUrl\":\"https:\\\/\\\/informelitoral.com.ar\\\/%77%70%2d%63%6f%6e%74%65%6e%74\\\/uploads\\\/2022\\\/11\\\/636d90b068116_g.jpg\",\"keywords\":[\"Bolsa de Cereales de Entre R\u00edos\"],\"articleSection\":[\"Campo\"],\"inLanguage\":\"es\",\"potentialAction\":[{\"@type\":\"CommentAction\",\"name\":\"Comment\",\"target\":[\"https:\\\/\\\/informelitoral.com.ar\\\/bolsacer-fue-parte-de-giro-do-trigo-argentino-2022\\\/#respond\"]}]},{\"@type\":\"WebPage\",\"@id\":\"https:\\\/\\\/informelitoral.com.ar\\\/bolsacer-fue-parte-de-giro-do-trigo-argentino-2022\\\/\",\"url\":\"https:\\\/\\\/informelitoral.com.ar\\\/bolsacer-fue-parte-de-giro-do-trigo-argentino-2022\\\/\",\"name\":\"BolsaCER fue parte de Giro Do Trigo Argentino 2022 - Informe Litoral\",\"isPartOf\":{\"@id\":\"https:\\\/\\\/informelitoral.com.ar\\\/#website\"},\"primaryImageOfPage\":{\"@id\":\"https:\\\/\\\/informelitoral.com.ar\\\/bolsacer-fue-parte-de-giro-do-trigo-argentino-2022\\\/#primaryimage\"},\"image\":{\"@id\":\"https:\\\/\\\/informelitoral.com.ar\\\/bolsacer-fue-parte-de-giro-do-trigo-argentino-2022\\\/#primaryimage\"},\"thumbnailUrl\":\"https:\\\/\\\/informelitoral.com.ar\\\/%77%70%2d%63%6f%6e%74%65%6e%74\\\/uploads\\\/2022\\\/11\\\/636d90b068116_g.jpg\",\"datePublished\":\"2022-11-11T16:00:03+00:00\",\"dateModified\":\"2022-11-11T21:24:00+00:00\",\"breadcrumb\":{\"@id\":\"https:\\\/\\\/informelitoral.com.ar\\\/bolsacer-fue-parte-de-giro-do-trigo-argentino-2022\\\/#breadcrumb\"},\"inLanguage\":\"es\",\"potentialAction\":[{\"@type\":\"ReadAction\",\"target\":[\"https:\\\/\\\/informelitoral.com.ar\\\/bolsacer-fue-parte-de-giro-do-trigo-argentino-2022\\\/\"]}]},{\"@type\":\"ImageObject\",\"inLanguage\":\"es\",\"@id\":\"https:\\\/\\\/informelitoral.com.ar\\\/bolsacer-fue-parte-de-giro-do-trigo-argentino-2022\\\/#primaryimage\",\"url\":\"https:\\\/\\\/informelitoral.com.ar\\\/%77%70%2d%63%6f%6e%74%65%6e%74\\\/uploads\\\/2022\\\/11\\\/636d90b068116_g.jpg\",\"contentUrl\":\"https:\\\/\\\/informelitoral.com.ar\\\/%77%70%2d%63%6f%6e%74%65%6e%74\\\/uploads\\\/2022\\\/11\\\/636d90b068116_g.jpg\",\"width\":600,\"height\":400},{\"@type\":\"BreadcrumbList\",\"@id\":\"https:\\\/\\\/informelitoral.com.ar\\\/bolsacer-fue-parte-de-giro-do-trigo-argentino-2022\\\/#breadcrumb\",\"itemListElement\":[{\"@type\":\"ListItem\",\"position\":1,\"name\":\"Portada\",\"item\":\"https:\\\/\\\/informelitoral.com.ar\\\/\"},{\"@type\":\"ListItem\",\"position\":2,\"name\":\"BolsaCER fue parte de Giro Do Trigo Argentino 2022\"}]},{\"@type\":\"WebSite\",\"@id\":\"https:\\\/\\\/informelitoral.com.ar\\\/#website\",\"url\":\"https:\\\/\\\/informelitoral.com.ar\\\/\",\"name\":\"Informe Litoral\",\"description\":\"&quot;Nos informamos&quot; \",\"publisher\":{\"@id\":\"https:\\\/\\\/informelitoral.com.ar\\\/#organization\"},\"potentialAction\":[{\"@type\":\"SearchAction\",\"target\":{\"@type\":\"EntryPoint\",\"urlTemplate\":\"https:\\\/\\\/informelitoral.com.ar\\\/?s={search_term_string}\"},\"query-input\":{\"@type\":\"PropertyValueSpecification\",\"valueRequired\":true,\"valueName\":\"search_term_string\"}}],\"inLanguage\":\"es\"},{\"@type\":\"Organization\",\"@id\":\"https:\\\/\\\/informelitoral.com.ar\\\/#organization\",\"name\":\"Informe Litoral\",\"url\":\"https:\\\/\\\/informelitoral.com.ar\\\/\",\"logo\":{\"@type\":\"ImageObject\",\"inLanguage\":\"es\",\"@id\":\"https:\\\/\\\/informelitoral.com.ar\\\/#\\\/schema\\\/logo\\\/image\\\/\",\"url\":\"https:\\\/\\\/informelitoral.com.ar\\\/%77%70%2d%63%6f%6e%74%65%6e%74\\\/uploads\\\/2021\\\/01\\\/circulo.png\",\"contentUrl\":\"https:\\\/\\\/informelitoral.com.ar\\\/%77%70%2d%63%6f%6e%74%65%6e%74\\\/uploads\\\/2021\\\/01\\\/circulo.png\",\"width\":723,\"height\":731,\"caption\":\"Informe Litoral\"},\"image\":{\"@id\":\"https:\\\/\\\/informelitoral.com.ar\\\/#\\\/schema\\\/logo\\\/image\\\/\"},\"sameAs\":[\"https:\\\/\\\/www.facebook.com\\\/informelitoral\\\/\",\"https:\\\/\\\/x.com\\\/InformeLitoral\",\"https:\\\/\\\/www.instagram.com\\\/informelitoral\\\/\",\"https:\\\/\\\/www.youtube.com\\\/channel\\\/UCua4Qvz8Icb6MYqhoq9xLXw\"]},{\"@type\":\"Person\",\"@id\":\"https:\\\/\\\/informelitoral.com.ar\\\/#\\\/schema\\\/person\\\/f05f9f461677119578717524b127d6d5\",\"name\":\"Sebastian\",\"image\":{\"@type\":\"ImageObject\",\"inLanguage\":\"es\",\"@id\":\"https:\\\/\\\/secure.gravatar.com\\\/avatar\\\/b71bf7481d447dfb9583c7f2798e7cc64de6efb9067b74633ed8c31059a3bd82?s=96&d=mm&r=g\",\"url\":\"https:\\\/\\\/secure.gravatar.com\\\/avatar\\\/b71bf7481d447dfb9583c7f2798e7cc64de6efb9067b74633ed8c31059a3bd82?s=96&d=mm&r=g\",\"contentUrl\":\"https:\\\/\\\/secure.gravatar.com\\\/avatar\\\/b71bf7481d447dfb9583c7f2798e7cc64de6efb9067b74633ed8c31059a3bd82?s=96&d=mm&r=g\",\"caption\":\"Sebastian\"},\"url\":\"https:\\\/\\\/informelitoral.com.ar\\\/author\\\/sebastian\\\/\"}]}<\/script>","yoast_head_json":{"title":"BolsaCER fue parte de Giro Do Trigo Argentino 2022 - Informe Litoral","robots":{"index":"index","follow":"follow","max-snippet":"max-snippet:-1","max-image-preview":"max-image-preview:large","max-video-preview":"max-video-preview:-1"},"canonical":"https:\/\/informelitoral.com.ar\/bolsacer-fue-parte-de-giro-do-trigo-argentino-2022\/","og_locale":"es_ES","og_type":"article","og_title":"BolsaCER fue parte de Giro Do Trigo Argentino 2022 - Informe Litoral","og_description":"Fueron presentados los atos productivos de trigo de la presente campa\u00f1a en suelo entrerriano al contingente de empresarios brasileros de ABITRIGO (Associacao Brasielira da Industria do Trigo).","og_url":"https:\/\/informelitoral.com.ar\/bolsacer-fue-parte-de-giro-do-trigo-argentino-2022\/","og_site_name":"Informe Litoral","article_publisher":"https:\/\/www.facebook.com\/informelitoral\/","article_published_time":"2022-11-11T16:00:03+00:00","article_modified_time":"2022-11-11T21:24:00+00:00","og_image":[{"width":600,"height":400,"url":"https:\/\/informelitoral.com.ar\/%77%70%2d%63%6f%6e%74%65%6e%74\/uploads\/2022\/11\/636d90b068116_g.jpg","type":"image\/jpeg"}],"author":"Sebastian","twitter_card":"summary_large_image","twitter_creator":"@InformeLitoral","twitter_site":"@InformeLitoral","twitter_misc":{"Escrito por":"Sebastian","Tiempo de lectura":"1 minuto"},"schema":{"@context":"https:\/\/schema.org","@graph":[{"@type":"Article","@id":"https:\/\/informelitoral.com.ar\/bolsacer-fue-parte-de-giro-do-trigo-argentino-2022\/#article","isPartOf":{"@id":"https:\/\/informelitoral.com.ar\/bolsacer-fue-parte-de-giro-do-trigo-argentino-2022\/"},"author":{"name":"Sebastian","@id":"https:\/\/informelitoral.com.ar\/#\/schema\/person\/f05f9f461677119578717524b127d6d5"},"headline":"BolsaCER fue parte de Giro Do Trigo Argentino 2022","datePublished":"2022-11-11T16:00:03+00:00","dateModified":"2022-11-11T21:24:00+00:00","mainEntityOfPage":{"@id":"https:\/\/informelitoral.com.ar\/bolsacer-fue-parte-de-giro-do-trigo-argentino-2022\/"},"wordCount":128,"commentCount":0,"publisher":{"@id":"https:\/\/informelitoral.com.ar\/#organization"},"image":{"@id":"https:\/\/informelitoral.com.ar\/bolsacer-fue-parte-de-giro-do-trigo-argentino-2022\/#primaryimage"},"thumbnailUrl":"https:\/\/informelitoral.com.ar\/%77%70%2d%63%6f%6e%74%65%6e%74\/uploads\/2022\/11\/636d90b068116_g.jpg","keywords":["Bolsa de Cereales de Entre R\u00edos"],"articleSection":["Campo"],"inLanguage":"es","potentialAction":[{"@type":"CommentAction","name":"Comment","target":["https:\/\/informelitoral.com.ar\/bolsacer-fue-parte-de-giro-do-trigo-argentino-2022\/#respond"]}]},{"@type":"WebPage","@id":"https:\/\/informelitoral.com.ar\/bolsacer-fue-parte-de-giro-do-trigo-argentino-2022\/","url":"https:\/\/informelitoral.com.ar\/bolsacer-fue-parte-de-giro-do-trigo-argentino-2022\/","name":"BolsaCER fue parte de Giro Do Trigo Argentino 2022 - Informe Litoral","isPartOf":{"@id":"https:\/\/informelitoral.com.ar\/#website"},"primaryImageOfPage":{"@id":"https:\/\/informelitoral.com.ar\/bolsacer-fue-parte-de-giro-do-trigo-argentino-2022\/#primaryimage"},"image":{"@id":"https:\/\/informelitoral.com.ar\/bolsacer-fue-parte-de-giro-do-trigo-argentino-2022\/#primaryimage"},"thumbnailUrl":"https:\/\/informelitoral.com.ar\/%77%70%2d%63%6f%6e%74%65%6e%74\/uploads\/2022\/11\/636d90b068116_g.jpg","datePublished":"2022-11-11T16:00:03+00:00","dateModified":"2022-11-11T21:24:00+00:00","breadcrumb":{"@id":"https:\/\/informelitoral.com.ar\/bolsacer-fue-parte-de-giro-do-trigo-argentino-2022\/#breadcrumb"},"inLanguage":"es","potentialAction":[{"@type":"ReadAction","target":["https:\/\/informelitoral.com.ar\/bolsacer-fue-parte-de-giro-do-trigo-argentino-2022\/"]}]},{"@type":"ImageObject","inLanguage":"es","@id":"https:\/\/informelitoral.com.ar\/bolsacer-fue-parte-de-giro-do-trigo-argentino-2022\/#primaryimage","url":"https:\/\/informelitoral.com.ar\/%77%70%2d%63%6f%6e%74%65%6e%74\/uploads\/2022\/11\/636d90b068116_g.jpg","contentUrl":"https:\/\/informelitoral.com.ar\/%77%70%2d%63%6f%6e%74%65%6e%74\/uploads\/2022\/11\/636d90b068116_g.jpg","width":600,"height":400},{"@type":"BreadcrumbList","@id":"https:\/\/informelitoral.com.ar\/bolsacer-fue-parte-de-giro-do-trigo-argentino-2022\/#breadcrumb","itemListElement":[{"@type":"ListItem","position":1,"name":"Portada","item":"https:\/\/informelitoral.com.ar\/"},{"@type":"ListItem","position":2,"name":"BolsaCER fue parte de Giro Do Trigo Argentino 2022"}]},{"@type":"WebSite","@id":"https:\/\/informelitoral.com.ar\/#website","url":"https:\/\/informelitoral.com.ar\/","name":"Informe Litoral","description":"&quot;Nos informamos&quot; ","publisher":{"@id":"https:\/\/informelitoral.com.ar\/#organization"},"potentialAction":[{"@type":"SearchAction","target":{"@type":"EntryPoint","urlTemplate":"https:\/\/informelitoral.com.ar\/?s={search_term_string}"},"query-input":{"@type":"PropertyValueSpecification","valueRequired":true,"valueName":"search_term_string"}}],"inLanguage":"es"},{"@type":"Organization","@id":"https:\/\/informelitoral.com.ar\/#organization","name":"Informe Litoral","url":"https:\/\/informelitoral.com.ar\/","logo":{"@type":"ImageObject","inLanguage":"es","@id":"https:\/\/informelitoral.com.ar\/#\/schema\/logo\/image\/","url":"https:\/\/informelitoral.com.ar\/%77%70%2d%63%6f%6e%74%65%6e%74\/uploads\/2021\/01\/circulo.png","contentUrl":"https:\/\/informelitoral.com.ar\/%77%70%2d%63%6f%6e%74%65%6e%74\/uploads\/2021\/01\/circulo.png","width":723,"height":731,"caption":"Informe Litoral"},"image":{"@id":"https:\/\/informelitoral.com.ar\/#\/schema\/logo\/image\/"},"sameAs":["https:\/\/www.facebook.com\/informelitoral\/","https:\/\/x.com\/InformeLitoral","https:\/\/www.instagram.com\/informelitoral\/","https:\/\/www.youtube.com\/channel\/UCua4Qvz8Icb6MYqhoq9xLXw"]},{"@type":"Person","@id":"https:\/\/informelitoral.com.ar\/#\/schema\/person\/f05f9f461677119578717524b127d6d5","name":"Sebastian","image":{"@type":"ImageObject","inLanguage":"es","@id":"https:\/\/secure.gravatar.com\/avatar\/b71bf7481d447dfb9583c7f2798e7cc64de6efb9067b74633ed8c31059a3bd82?s=96&d=mm&r=g","url":"https:\/\/secure.gravatar.com\/avatar\/b71bf7481d447dfb9583c7f2798e7cc64de6efb9067b74633ed8c31059a3bd82?s=96&d=mm&r=g","contentUrl":"https:\/\/secure.gravatar.com\/avatar\/b71bf7481d447dfb9583c7f2798e7cc64de6efb9067b74633ed8c31059a3bd82?s=96&d=mm&r=g","caption":"Sebastian"},"url":"https:\/\/informelitoral.com.ar\/author\/sebastian\/"}]}},"_links":{"self":[{"href":"https:\/\/informelitoral.com.ar\/%77%70%2d%6a%73%6f%6e\/wp\/v2\/posts\/93901","targetHints":{"allow":["GET"]}}],"collection":[{"href":"https:\/\/informelitoral.com.ar\/%77%70%2d%6a%73%6f%6e\/wp\/v2\/posts"}],"about":[{"href":"https:\/\/informelitoral.com.ar\/%77%70%2d%6a%73%6f%6e\/wp\/v2\/types\/post"}],"author":[{"embeddable":true,"href":"https:\/\/informelitoral.com.ar\/%77%70%2d%6a%73%6f%6e\/wp\/v2\/users\/8"}],"replies":[{"embeddable":true,"href":"https:\/\/informelitoral.com.ar\/%77%70%2d%6a%73%6f%6e\/wp\/v2\/comments?post=93901"}],"version-history":[{"count":0,"href":"https:\/\/informelitoral.com.ar\/%77%70%2d%6a%73%6f%6e\/wp\/v2\/posts\/93901\/revisions"}],"wp:featuredmedia":[{"embeddable":true,"href":"https:\/\/informelitoral.com.ar\/%77%70%2d%6a%73%6f%6e\/wp\/v2\/media\/93908"}],"wp:attachment":[{"href":"https:\/\/informelitoral.com.ar\/%77%70%2d%6a%73%6f%6e\/wp\/v2\/media?parent=93901"}],"wp:term":[{"taxonomy":"category","embeddable":true,"href":"https:\/\/informelitoral.com.ar\/%77%70%2d%6a%73%6f%6e\/wp\/v2\/categories?post=93901"},{"taxonomy":"post_tag","embeddable":true,"href":"https:\/\/informelitoral.com.ar\/%77%70%2d%6a%73%6f%6e\/wp\/v2\/tags?post=93901"}],"curies":[{"name":"wp","href":"https:\/\/api.w.org\/{rel}","templated":true}]}}