{"id":93872,"date":"2022-11-11T11:50:26","date_gmt":"2022-11-11T14:50:26","guid":{"rendered":"https:\/\/www.informelitoral.com.ar\/?p=93872"},"modified":"2022-11-11T12:03:35","modified_gmt":"2022-11-11T15:03:35","slug":"carlos-zambrano-y-luis-advincula-fueron-sancionados-tras-ser-expulsados-en-el-boca-vs-racing-2","status":"publish","type":"post","link":"https:\/\/informelitoral.com.ar\/carlos-zambrano-y-luis-advincula-fueron-sancionados-tras-ser-expulsados-en-el-boca-vs-racing-2\/","title":{"rendered":"Carlos Zambrano y Luis Adv\u00edncula fueron sancionados tras ser expulsados en el Boca vs Racing"},"content":{"rendered":"<p class=\"paragraph\"><b>Carlos Zambrano<\/b>\u00a0y\u00a0<b>Luis Adv\u00edncula<\/b>\u00a0jugaron en la derrota 1-2 de\u00a0<b>Boca Juniors<\/b>\u00a0frente a\u00a0<b>Racing Club<\/b>\u00a0por la final del\u00a0<b>Trofeo de Campeones\u00a0<\/b>del pasado domingo 6 de noviembre<b>.\u00a0<\/b>Ambos jugadores peruanos fueron expulsados tras estar envueltos en una trifulca despu\u00e9s del segundo gol de la \u2018<i>academia<\/i>\u2019, que fue obra de\u00a0<b>Carlos Alcaraz<\/b>.<\/p>\n<p class=\"paragraph\">El encuentro culmin\u00f3 con siete futbolistas sancionados con tarjeta roja para los \u2018<i>xeneizes<\/i>\u2019 y con tres<b>\u00a0<\/b>para<b>\u00a0<\/b>el<i>\u00a0\u2018primer grande\u2019,\u00a0<\/i>dando como ganador al equipo de Avellaneda debido a que Boca se qued\u00f3 con seis hombres al consumarse la expulsi\u00f3n v\u00eda VAR del atacante Dar\u00edo Benedetto<i>.<\/i><\/p>\n<div class=\"inline ad-wrapper\">\n<div class=\"dfpAd display_inline_block ad_margin_wrapper\"><\/div>\n<\/div>\n<p class=\"paragraph\">El \u2018<i>Kaiser<\/i>\u2019 recibi\u00f3 la cartulina roja cuando ya estaba en la banca de suplentes. Hab\u00eda sido sustituido por\u00a0<b>Agust\u00edn S\u00e1ndez<\/b>,<b>\u00a0<\/b>joven central argentino, en el entretiempo del compromiso. El motivo por el cual el \u00e1rbitro decidi\u00f3 echarlo fue por reclamar de manera muy euf\u00f3rica, justo en el momento m\u00e1s tenso del juego.<\/p>\n<p class=\"paragraph\">En el caso del \u2018<i>Rayo<\/i>\u2019, a\u00fan permanec\u00eda en el terreno de juego cuando fue castigado de esa manera. \u2018<i>Lucho<\/i>\u2019 ven\u00eda haciendo un partido bueno, en donde estaba siendo bastante desequilibrante por la banda derecha. Adem\u00e1s, estaba aportando bastante en el aspecto t\u00e1ctico, dado a que ten\u00eda controlado al extremo que jugaba por su zona, que era\u00a0<b>Johan Carbonero<\/b>.<\/p>\n<p class=\"paragraph\">El compromiso se jug\u00f3 en el Estadio\u00a0<b>Parque La Pedrera.\u00a0<\/b>El Tribunal de Disciplina de la Asociaci\u00f3n del F\u00fatbol Argentino (AFA) anunci\u00f3 este 10 de noviembre las sanciones para los implicados. En el caso de los defensores de la selecci\u00f3n peruana recibieron una fecha de suspensi\u00f3n y la tendr\u00e1n que cumplir en la primera jornada del\u00a0<b>Liga Argentina 2023<\/b>.<\/p>\n<div class=\"jwplayer-ctn\">\n<div>\n<div id=\"992da600-13e5-4796-88c8-396c364be2f7\" class=\"jwplayer jw-reset jw-state-idle jw-stretch-uniform jw-flag-aspect-mode jw-breakpoint-4 jw-floating-dismissible jw-flag-user-inactive\" tabindex=\"0\" role=\"application\" aria-label=\"Reproductor de Video\" aria-describedby=\"jw-shortcuts-tooltip-explanation\">\n<div class=\"jw-aspect jw-reset\"><\/div>\n<div class=\"jw-wrapper jw-reset\">\n<div>\n<div><\/div>\n<\/div>\n<\/div>\n<\/div>\n<\/div>\n<p>&nbsp;<\/p>\n<\/div>\n","protected":false},"excerpt":{"rendered":"<p>Los futbolistas peruanos recibieron la tarjeta roja en la final del Trofeo de Campeones 2022 de Argentina<\/p>\n","protected":false},"author":8,"featured_media":93884,"comment_status":"open","ping_status":"open","sticky":false,"template":"","format":"standard","meta":{"fifu_image_url":"","fifu_image_alt":"","footnotes":""},"categories":[13],"tags":[384],"class_list":{"0":"post-93872","1":"post","2":"type-post","3":"status-publish","4":"format-standard","5":"has-post-thumbnail","7":"category-deportes","8":"tag-boca-juniors"},"yoast_head":"<title>Carlos Zambrano y Luis Adv\u00edncula fueron sancionados tras ser expulsados en el Boca vs Racing - Informe Litoral<\/title>\n<meta name=\"robots\" content=\"index, follow, max-snippet:-1, max-image-preview:large, max-video-preview:-1\" \/>\n<link rel=\"canonical\" href=\"https:\/\/informelitoral.com.ar\/carlos-zambrano-y-luis-advincula-fueron-sancionados-tras-ser-expulsados-en-el-boca-vs-racing-2\/\" \/>\n<meta property=\"og:locale\" content=\"es_ES\" \/>\n<meta property=\"og:type\" content=\"article\" \/>\n<meta property=\"og:title\" content=\"Carlos Zambrano y Luis Adv\u00edncula fueron sancionados tras ser expulsados en el Boca vs Racing - Informe Litoral\" \/>\n<meta property=\"og:description\" content=\"Los futbolistas peruanos recibieron la tarjeta roja en la final del Trofeo de Campeones 2022 de Argentina\" \/>\n<meta property=\"og:url\" content=\"https:\/\/informelitoral.com.ar\/carlos-zambrano-y-luis-advincula-fueron-sancionados-tras-ser-expulsados-en-el-boca-vs-racing-2\/\" \/>\n<meta property=\"og:site_name\" content=\"Informe Litoral\" \/>\n<meta property=\"article:publisher\" content=\"https:\/\/www.facebook.com\/informelitoral\/\" \/>\n<meta property=\"article:published_time\" content=\"2022-11-11T14:50:26+00:00\" \/>\n<meta property=\"article:modified_time\" content=\"2022-11-11T15:03:35+00:00\" \/>\n<meta property=\"og:image\" content=\"https:\/\/informelitoral.com.ar\/%77%70%2d%63%6f%6e%74%65%6e%74\/uploads\/2022\/11\/D26TOHM6ENDKFBJVZT5XBVFYTI.jpg\" \/>\n\t<meta property=\"og:image:width\" content=\"580\" \/>\n\t<meta property=\"og:image:height\" content=\"330\" \/>\n\t<meta property=\"og:image:type\" content=\"image\/jpeg\" \/>\n<meta name=\"author\" content=\"Sebastian\" \/>\n<meta name=\"twitter:card\" content=\"summary_large_image\" \/>\n<meta name=\"twitter:creator\" content=\"@InformeLitoral\" \/>\n<meta name=\"twitter:site\" content=\"@InformeLitoral\" \/>\n<meta name=\"twitter:label1\" content=\"Escrito por\" \/>\n\t<meta name=\"twitter:data1\" content=\"Sebastian\" \/>\n\t<meta name=\"twitter:label2\" content=\"Tiempo de lectura\" \/>\n\t<meta name=\"twitter:data2\" content=\"1 minuto\" \/>\n<script type=\"application\/ld+json\" class=\"yoast-schema-graph\">{\"@context\":\"https:\\\/\\\/schema.org\",\"@graph\":[{\"@type\":\"Article\",\"@id\":\"https:\\\/\\\/informelitoral.com.ar\\\/carlos-zambrano-y-luis-advincula-fueron-sancionados-tras-ser-expulsados-en-el-boca-vs-racing-2\\\/#article\",\"isPartOf\":{\"@id\":\"https:\\\/\\\/informelitoral.com.ar\\\/carlos-zambrano-y-luis-advincula-fueron-sancionados-tras-ser-expulsados-en-el-boca-vs-racing-2\\\/\"},\"author\":{\"name\":\"Sebastian\",\"@id\":\"https:\\\/\\\/informelitoral.com.ar\\\/#\\\/schema\\\/person\\\/f05f9f461677119578717524b127d6d5\"},\"headline\":\"Carlos Zambrano y Luis Adv\u00edncula fueron sancionados tras ser expulsados en el Boca vs Racing\",\"datePublished\":\"2022-11-11T14:50:26+00:00\",\"dateModified\":\"2022-11-11T15:03:35+00:00\",\"mainEntityOfPage\":{\"@id\":\"https:\\\/\\\/informelitoral.com.ar\\\/carlos-zambrano-y-luis-advincula-fueron-sancionados-tras-ser-expulsados-en-el-boca-vs-racing-2\\\/\"},\"wordCount\":304,\"commentCount\":0,\"publisher\":{\"@id\":\"https:\\\/\\\/informelitoral.com.ar\\\/#organization\"},\"image\":{\"@id\":\"https:\\\/\\\/informelitoral.com.ar\\\/carlos-zambrano-y-luis-advincula-fueron-sancionados-tras-ser-expulsados-en-el-boca-vs-racing-2\\\/#primaryimage\"},\"thumbnailUrl\":\"https:\\\/\\\/informelitoral.com.ar\\\/%77%70%2d%63%6f%6e%74%65%6e%74\\\/uploads\\\/2022\\\/11\\\/D26TOHM6ENDKFBJVZT5XBVFYTI.jpg\",\"keywords\":[\"Boca Juniors\"],\"articleSection\":[\"Deportes\"],\"inLanguage\":\"es\",\"potentialAction\":[{\"@type\":\"CommentAction\",\"name\":\"Comment\",\"target\":[\"https:\\\/\\\/informelitoral.com.ar\\\/carlos-zambrano-y-luis-advincula-fueron-sancionados-tras-ser-expulsados-en-el-boca-vs-racing-2\\\/#respond\"]}]},{\"@type\":\"WebPage\",\"@id\":\"https:\\\/\\\/informelitoral.com.ar\\\/carlos-zambrano-y-luis-advincula-fueron-sancionados-tras-ser-expulsados-en-el-boca-vs-racing-2\\\/\",\"url\":\"https:\\\/\\\/informelitoral.com.ar\\\/carlos-zambrano-y-luis-advincula-fueron-sancionados-tras-ser-expulsados-en-el-boca-vs-racing-2\\\/\",\"name\":\"Carlos Zambrano y Luis Adv\u00edncula fueron sancionados tras ser expulsados en el Boca vs Racing - Informe Litoral\",\"isPartOf\":{\"@id\":\"https:\\\/\\\/informelitoral.com.ar\\\/#website\"},\"primaryImageOfPage\":{\"@id\":\"https:\\\/\\\/informelitoral.com.ar\\\/carlos-zambrano-y-luis-advincula-fueron-sancionados-tras-ser-expulsados-en-el-boca-vs-racing-2\\\/#primaryimage\"},\"image\":{\"@id\":\"https:\\\/\\\/informelitoral.com.ar\\\/carlos-zambrano-y-luis-advincula-fueron-sancionados-tras-ser-expulsados-en-el-boca-vs-racing-2\\\/#primaryimage\"},\"thumbnailUrl\":\"https:\\\/\\\/informelitoral.com.ar\\\/%77%70%2d%63%6f%6e%74%65%6e%74\\\/uploads\\\/2022\\\/11\\\/D26TOHM6ENDKFBJVZT5XBVFYTI.jpg\",\"datePublished\":\"2022-11-11T14:50:26+00:00\",\"dateModified\":\"2022-11-11T15:03:35+00:00\",\"breadcrumb\":{\"@id\":\"https:\\\/\\\/informelitoral.com.ar\\\/carlos-zambrano-y-luis-advincula-fueron-sancionados-tras-ser-expulsados-en-el-boca-vs-racing-2\\\/#breadcrumb\"},\"inLanguage\":\"es\",\"potentialAction\":[{\"@type\":\"ReadAction\",\"target\":[\"https:\\\/\\\/informelitoral.com.ar\\\/carlos-zambrano-y-luis-advincula-fueron-sancionados-tras-ser-expulsados-en-el-boca-vs-racing-2\\\/\"]}]},{\"@type\":\"ImageObject\",\"inLanguage\":\"es\",\"@id\":\"https:\\\/\\\/informelitoral.com.ar\\\/carlos-zambrano-y-luis-advincula-fueron-sancionados-tras-ser-expulsados-en-el-boca-vs-racing-2\\\/#primaryimage\",\"url\":\"https:\\\/\\\/informelitoral.com.ar\\\/%77%70%2d%63%6f%6e%74%65%6e%74\\\/uploads\\\/2022\\\/11\\\/D26TOHM6ENDKFBJVZT5XBVFYTI.jpg\",\"contentUrl\":\"https:\\\/\\\/informelitoral.com.ar\\\/%77%70%2d%63%6f%6e%74%65%6e%74\\\/uploads\\\/2022\\\/11\\\/D26TOHM6ENDKFBJVZT5XBVFYTI.jpg\",\"width\":580,\"height\":330},{\"@type\":\"BreadcrumbList\",\"@id\":\"https:\\\/\\\/informelitoral.com.ar\\\/carlos-zambrano-y-luis-advincula-fueron-sancionados-tras-ser-expulsados-en-el-boca-vs-racing-2\\\/#breadcrumb\",\"itemListElement\":[{\"@type\":\"ListItem\",\"position\":1,\"name\":\"Portada\",\"item\":\"https:\\\/\\\/informelitoral.com.ar\\\/\"},{\"@type\":\"ListItem\",\"position\":2,\"name\":\"Carlos Zambrano y Luis Adv\u00edncula fueron sancionados tras ser expulsados en el Boca vs Racing\"}]},{\"@type\":\"WebSite\",\"@id\":\"https:\\\/\\\/informelitoral.com.ar\\\/#website\",\"url\":\"https:\\\/\\\/informelitoral.com.ar\\\/\",\"name\":\"Informe Litoral\",\"description\":\"&quot;Nos informamos&quot; \",\"publisher\":{\"@id\":\"https:\\\/\\\/informelitoral.com.ar\\\/#organization\"},\"potentialAction\":[{\"@type\":\"SearchAction\",\"target\":{\"@type\":\"EntryPoint\",\"urlTemplate\":\"https:\\\/\\\/informelitoral.com.ar\\\/?s={search_term_string}\"},\"query-input\":{\"@type\":\"PropertyValueSpecification\",\"valueRequired\":true,\"valueName\":\"search_term_string\"}}],\"inLanguage\":\"es\"},{\"@type\":\"Organization\",\"@id\":\"https:\\\/\\\/informelitoral.com.ar\\\/#organization\",\"name\":\"Informe Litoral\",\"url\":\"https:\\\/\\\/informelitoral.com.ar\\\/\",\"logo\":{\"@type\":\"ImageObject\",\"inLanguage\":\"es\",\"@id\":\"https:\\\/\\\/informelitoral.com.ar\\\/#\\\/schema\\\/logo\\\/image\\\/\",\"url\":\"https:\\\/\\\/informelitoral.com.ar\\\/%77%70%2d%63%6f%6e%74%65%6e%74\\\/uploads\\\/2021\\\/01\\\/circulo.png\",\"contentUrl\":\"https:\\\/\\\/informelitoral.com.ar\\\/%77%70%2d%63%6f%6e%74%65%6e%74\\\/uploads\\\/2021\\\/01\\\/circulo.png\",\"width\":723,\"height\":731,\"caption\":\"Informe Litoral\"},\"image\":{\"@id\":\"https:\\\/\\\/informelitoral.com.ar\\\/#\\\/schema\\\/logo\\\/image\\\/\"},\"sameAs\":[\"https:\\\/\\\/www.facebook.com\\\/informelitoral\\\/\",\"https:\\\/\\\/x.com\\\/InformeLitoral\",\"https:\\\/\\\/www.instagram.com\\\/informelitoral\\\/\",\"https:\\\/\\\/www.youtube.com\\\/channel\\\/UCua4Qvz8Icb6MYqhoq9xLXw\"]},{\"@type\":\"Person\",\"@id\":\"https:\\\/\\\/informelitoral.com.ar\\\/#\\\/schema\\\/person\\\/f05f9f461677119578717524b127d6d5\",\"name\":\"Sebastian\",\"image\":{\"@type\":\"ImageObject\",\"inLanguage\":\"es\",\"@id\":\"https:\\\/\\\/secure.gravatar.com\\\/avatar\\\/b71bf7481d447dfb9583c7f2798e7cc64de6efb9067b74633ed8c31059a3bd82?s=96&d=mm&r=g\",\"url\":\"https:\\\/\\\/secure.gravatar.com\\\/avatar\\\/b71bf7481d447dfb9583c7f2798e7cc64de6efb9067b74633ed8c31059a3bd82?s=96&d=mm&r=g\",\"contentUrl\":\"https:\\\/\\\/secure.gravatar.com\\\/avatar\\\/b71bf7481d447dfb9583c7f2798e7cc64de6efb9067b74633ed8c31059a3bd82?s=96&d=mm&r=g\",\"caption\":\"Sebastian\"},\"url\":\"https:\\\/\\\/informelitoral.com.ar\\\/author\\\/sebastian\\\/\"}]}<\/script>","yoast_head_json":{"title":"Carlos Zambrano y Luis Adv\u00edncula fueron sancionados tras ser expulsados en el Boca vs Racing - Informe Litoral","robots":{"index":"index","follow":"follow","max-snippet":"max-snippet:-1","max-image-preview":"max-image-preview:large","max-video-preview":"max-video-preview:-1"},"canonical":"https:\/\/informelitoral.com.ar\/carlos-zambrano-y-luis-advincula-fueron-sancionados-tras-ser-expulsados-en-el-boca-vs-racing-2\/","og_locale":"es_ES","og_type":"article","og_title":"Carlos Zambrano y Luis Adv\u00edncula fueron sancionados tras ser expulsados en el Boca vs Racing - Informe Litoral","og_description":"Los futbolistas peruanos recibieron la tarjeta roja en la final del Trofeo de Campeones 2022 de Argentina","og_url":"https:\/\/informelitoral.com.ar\/carlos-zambrano-y-luis-advincula-fueron-sancionados-tras-ser-expulsados-en-el-boca-vs-racing-2\/","og_site_name":"Informe Litoral","article_publisher":"https:\/\/www.facebook.com\/informelitoral\/","article_published_time":"2022-11-11T14:50:26+00:00","article_modified_time":"2022-11-11T15:03:35+00:00","og_image":[{"width":580,"height":330,"url":"https:\/\/informelitoral.com.ar\/%77%70%2d%63%6f%6e%74%65%6e%74\/uploads\/2022\/11\/D26TOHM6ENDKFBJVZT5XBVFYTI.jpg","type":"image\/jpeg"}],"author":"Sebastian","twitter_card":"summary_large_image","twitter_creator":"@InformeLitoral","twitter_site":"@InformeLitoral","twitter_misc":{"Escrito por":"Sebastian","Tiempo de lectura":"1 minuto"},"schema":{"@context":"https:\/\/schema.org","@graph":[{"@type":"Article","@id":"https:\/\/informelitoral.com.ar\/carlos-zambrano-y-luis-advincula-fueron-sancionados-tras-ser-expulsados-en-el-boca-vs-racing-2\/#article","isPartOf":{"@id":"https:\/\/informelitoral.com.ar\/carlos-zambrano-y-luis-advincula-fueron-sancionados-tras-ser-expulsados-en-el-boca-vs-racing-2\/"},"author":{"name":"Sebastian","@id":"https:\/\/informelitoral.com.ar\/#\/schema\/person\/f05f9f461677119578717524b127d6d5"},"headline":"Carlos Zambrano y Luis Adv\u00edncula fueron sancionados tras ser expulsados en el Boca vs Racing","datePublished":"2022-11-11T14:50:26+00:00","dateModified":"2022-11-11T15:03:35+00:00","mainEntityOfPage":{"@id":"https:\/\/informelitoral.com.ar\/carlos-zambrano-y-luis-advincula-fueron-sancionados-tras-ser-expulsados-en-el-boca-vs-racing-2\/"},"wordCount":304,"commentCount":0,"publisher":{"@id":"https:\/\/informelitoral.com.ar\/#organization"},"image":{"@id":"https:\/\/informelitoral.com.ar\/carlos-zambrano-y-luis-advincula-fueron-sancionados-tras-ser-expulsados-en-el-boca-vs-racing-2\/#primaryimage"},"thumbnailUrl":"https:\/\/informelitoral.com.ar\/%77%70%2d%63%6f%6e%74%65%6e%74\/uploads\/2022\/11\/D26TOHM6ENDKFBJVZT5XBVFYTI.jpg","keywords":["Boca Juniors"],"articleSection":["Deportes"],"inLanguage":"es","potentialAction":[{"@type":"CommentAction","name":"Comment","target":["https:\/\/informelitoral.com.ar\/carlos-zambrano-y-luis-advincula-fueron-sancionados-tras-ser-expulsados-en-el-boca-vs-racing-2\/#respond"]}]},{"@type":"WebPage","@id":"https:\/\/informelitoral.com.ar\/carlos-zambrano-y-luis-advincula-fueron-sancionados-tras-ser-expulsados-en-el-boca-vs-racing-2\/","url":"https:\/\/informelitoral.com.ar\/carlos-zambrano-y-luis-advincula-fueron-sancionados-tras-ser-expulsados-en-el-boca-vs-racing-2\/","name":"Carlos Zambrano y Luis Adv\u00edncula fueron sancionados tras ser expulsados en el Boca vs Racing - Informe Litoral","isPartOf":{"@id":"https:\/\/informelitoral.com.ar\/#website"},"primaryImageOfPage":{"@id":"https:\/\/informelitoral.com.ar\/carlos-zambrano-y-luis-advincula-fueron-sancionados-tras-ser-expulsados-en-el-boca-vs-racing-2\/#primaryimage"},"image":{"@id":"https:\/\/informelitoral.com.ar\/carlos-zambrano-y-luis-advincula-fueron-sancionados-tras-ser-expulsados-en-el-boca-vs-racing-2\/#primaryimage"},"thumbnailUrl":"https:\/\/informelitoral.com.ar\/%77%70%2d%63%6f%6e%74%65%6e%74\/uploads\/2022\/11\/D26TOHM6ENDKFBJVZT5XBVFYTI.jpg","datePublished":"2022-11-11T14:50:26+00:00","dateModified":"2022-11-11T15:03:35+00:00","breadcrumb":{"@id":"https:\/\/informelitoral.com.ar\/carlos-zambrano-y-luis-advincula-fueron-sancionados-tras-ser-expulsados-en-el-boca-vs-racing-2\/#breadcrumb"},"inLanguage":"es","potentialAction":[{"@type":"ReadAction","target":["https:\/\/informelitoral.com.ar\/carlos-zambrano-y-luis-advincula-fueron-sancionados-tras-ser-expulsados-en-el-boca-vs-racing-2\/"]}]},{"@type":"ImageObject","inLanguage":"es","@id":"https:\/\/informelitoral.com.ar\/carlos-zambrano-y-luis-advincula-fueron-sancionados-tras-ser-expulsados-en-el-boca-vs-racing-2\/#primaryimage","url":"https:\/\/informelitoral.com.ar\/%77%70%2d%63%6f%6e%74%65%6e%74\/uploads\/2022\/11\/D26TOHM6ENDKFBJVZT5XBVFYTI.jpg","contentUrl":"https:\/\/informelitoral.com.ar\/%77%70%2d%63%6f%6e%74%65%6e%74\/uploads\/2022\/11\/D26TOHM6ENDKFBJVZT5XBVFYTI.jpg","width":580,"height":330},{"@type":"BreadcrumbList","@id":"https:\/\/informelitoral.com.ar\/carlos-zambrano-y-luis-advincula-fueron-sancionados-tras-ser-expulsados-en-el-boca-vs-racing-2\/#breadcrumb","itemListElement":[{"@type":"ListItem","position":1,"name":"Portada","item":"https:\/\/informelitoral.com.ar\/"},{"@type":"ListItem","position":2,"name":"Carlos Zambrano y Luis Adv\u00edncula fueron sancionados tras ser expulsados en el Boca vs Racing"}]},{"@type":"WebSite","@id":"https:\/\/informelitoral.com.ar\/#website","url":"https:\/\/informelitoral.com.ar\/","name":"Informe Litoral","description":"&quot;Nos informamos&quot; ","publisher":{"@id":"https:\/\/informelitoral.com.ar\/#organization"},"potentialAction":[{"@type":"SearchAction","target":{"@type":"EntryPoint","urlTemplate":"https:\/\/informelitoral.com.ar\/?s={search_term_string}"},"query-input":{"@type":"PropertyValueSpecification","valueRequired":true,"valueName":"search_term_string"}}],"inLanguage":"es"},{"@type":"Organization","@id":"https:\/\/informelitoral.com.ar\/#organization","name":"Informe Litoral","url":"https:\/\/informelitoral.com.ar\/","logo":{"@type":"ImageObject","inLanguage":"es","@id":"https:\/\/informelitoral.com.ar\/#\/schema\/logo\/image\/","url":"https:\/\/informelitoral.com.ar\/%77%70%2d%63%6f%6e%74%65%6e%74\/uploads\/2021\/01\/circulo.png","contentUrl":"https:\/\/informelitoral.com.ar\/%77%70%2d%63%6f%6e%74%65%6e%74\/uploads\/2021\/01\/circulo.png","width":723,"height":731,"caption":"Informe Litoral"},"image":{"@id":"https:\/\/informelitoral.com.ar\/#\/schema\/logo\/image\/"},"sameAs":["https:\/\/www.facebook.com\/informelitoral\/","https:\/\/x.com\/InformeLitoral","https:\/\/www.instagram.com\/informelitoral\/","https:\/\/www.youtube.com\/channel\/UCua4Qvz8Icb6MYqhoq9xLXw"]},{"@type":"Person","@id":"https:\/\/informelitoral.com.ar\/#\/schema\/person\/f05f9f461677119578717524b127d6d5","name":"Sebastian","image":{"@type":"ImageObject","inLanguage":"es","@id":"https:\/\/secure.gravatar.com\/avatar\/b71bf7481d447dfb9583c7f2798e7cc64de6efb9067b74633ed8c31059a3bd82?s=96&d=mm&r=g","url":"https:\/\/secure.gravatar.com\/avatar\/b71bf7481d447dfb9583c7f2798e7cc64de6efb9067b74633ed8c31059a3bd82?s=96&d=mm&r=g","contentUrl":"https:\/\/secure.gravatar.com\/avatar\/b71bf7481d447dfb9583c7f2798e7cc64de6efb9067b74633ed8c31059a3bd82?s=96&d=mm&r=g","caption":"Sebastian"},"url":"https:\/\/informelitoral.com.ar\/author\/sebastian\/"}]}},"_links":{"self":[{"href":"https:\/\/informelitoral.com.ar\/%77%70%2d%6a%73%6f%6e\/wp\/v2\/posts\/93872","targetHints":{"allow":["GET"]}}],"collection":[{"href":"https:\/\/informelitoral.com.ar\/%77%70%2d%6a%73%6f%6e\/wp\/v2\/posts"}],"about":[{"href":"https:\/\/informelitoral.com.ar\/%77%70%2d%6a%73%6f%6e\/wp\/v2\/types\/post"}],"author":[{"embeddable":true,"href":"https:\/\/informelitoral.com.ar\/%77%70%2d%6a%73%6f%6e\/wp\/v2\/users\/8"}],"replies":[{"embeddable":true,"href":"https:\/\/informelitoral.com.ar\/%77%70%2d%6a%73%6f%6e\/wp\/v2\/comments?post=93872"}],"version-history":[{"count":0,"href":"https:\/\/informelitoral.com.ar\/%77%70%2d%6a%73%6f%6e\/wp\/v2\/posts\/93872\/revisions"}],"wp:featuredmedia":[{"embeddable":true,"href":"https:\/\/informelitoral.com.ar\/%77%70%2d%6a%73%6f%6e\/wp\/v2\/media\/93884"}],"wp:attachment":[{"href":"https:\/\/informelitoral.com.ar\/%77%70%2d%6a%73%6f%6e\/wp\/v2\/media?parent=93872"}],"wp:term":[{"taxonomy":"category","embeddable":true,"href":"https:\/\/informelitoral.com.ar\/%77%70%2d%6a%73%6f%6e\/wp\/v2\/categories?post=93872"},{"taxonomy":"post_tag","embeddable":true,"href":"https:\/\/informelitoral.com.ar\/%77%70%2d%6a%73%6f%6e\/wp\/v2\/tags?post=93872"}],"curies":[{"name":"wp","href":"https:\/\/api.w.org\/{rel}","templated":true}]}}