{"id":93857,"date":"2022-11-11T10:18:28","date_gmt":"2022-11-11T13:18:28","guid":{"rendered":"https:\/\/www.informelitoral.com.ar\/?p=93857"},"modified":"2022-11-11T10:28:11","modified_gmt":"2022-11-11T13:28:11","slug":"massa-promete-dolares-para-la-produccion-y-advierte-que-el-plan-de-estabilizacion-no-termino","status":"publish","type":"post","link":"https:\/\/informelitoral.com.ar\/massa-promete-dolares-para-la-produccion-y-advierte-que-el-plan-de-estabilizacion-no-termino\/","title":{"rendered":"Massa promete d\u00f3lares para la producci\u00f3n y advierte que \u00abel plan de estabilizaci\u00f3n no termin\u00f3\u00bb"},"content":{"rendered":"<p>El ministro de Econom\u00eda, Sergio Massa, dej\u00f3 varias definiciones a los principales industriales del pa\u00eds al participar de la Conferencia Anual de la UIA. Les asegur\u00f3 que seguir\u00e1n con las medidas para que los d\u00f3lares sean destinados a la producci\u00f3n, y que el Gobierno cerrar\u00e1 el a\u00f1o cumpliendo con las metas de reservas y de d\u00e9ficit fiscal.<br \/>\n\u00abPoner los d\u00f3lares al servicio de la producci\u00f3n y no para que unos vivos cambien de avi\u00f3n dos veces por a\u00f1o\u00bb, enfatiz\u00f3 Massa sobre las necesidades actuales. En ese sentido, aprovech\u00f3 para apuntar a los jueces que v\u00eda medidas cautelares aprueban importaciones de art\u00edculos, por ejemplo, de lujo.<br \/>\nSobre las restricciones, Massa asever\u00f3 que son medidas para proteger a los sectores productivos, y no a los que hacen \u00abtimba o rulos\u00bb. Sin embargo, los industriales le reclamaron por las demoras en autorizar algunas importaciones que son necesarias para la producci\u00f3n.<br \/>\nAsimismo, advirti\u00f3 que \u00abtodav\u00eda el proceso de estabilizaci\u00f3n no termin\u00f3. Tenemos que terminar de fortalecer nuestro nivel de reservas. Creo que tenemos que avanzar m\u00e1s en las medidas que terminen de garantizar que tenemos orden fiscal\u00bb.<br \/>\nPor otro lado, el ministro de Econom\u00eda dijo que trabaja con el Banco Naci\u00f3n para habilitar \u00abun mecanismo\u00bb para que \u00abtodos aquellos sectores y actores que tengan capacidad de cr\u00e9dito en la Argentina pero no tengan acceso a los mercados de cr\u00e9dito internacional\u00bb puedan acceder a financiamiento.<br \/>\n\u00abLo que hacemos es colateralizar garant\u00edas para darles financiamiento desde Estados Unidos y desde Espa\u00f1a (a trav\u00e9s de Banco Naci\u00f3n) a los que necesitan importar desde el mercado europeo y desde Estados Unidos\u00bb, se\u00f1al\u00f3 esta tarde al participar en la Conferencia Industrial de la UIA en el porte\u00f1o Parque Norte.<br \/>\n\u2022 Massa adelant\u00f3 que cambiar\u00e1 el Sistema Integral de Monitoreo de Importaciones<br \/>\nEl ministro de Econom\u00eda, Sergio Massa, dijo que en el marco del \u00abcuidado de las reservas\u00bb el Gobierno ten\u00eda \u00abla responsabilidad de cambiar el Sistema Integral de Monitoreo de Importaciones (SIMI)\u00bb, al participar de la 28\u00b0 Conferencia Industrial que organiza la entidad fabril en Parque Norte de la ciudad de Buenos Aires<br \/>\nEl Ministro se\u00f1al\u00f3 que el cambio se debi\u00f3 a la necesidad de \u00abtener un sistema con trazabilidad\u00bb y que adem\u00e1s hab\u00eda un \u00abfestival de cautelares contra el sistema\u00bb por lo que \u00abhasta fin de a\u00f1o nos aparec\u00edan pendientes pedidos por 39.000 millones de d\u00f3lares en importaciones\u00bb y \u00abtodos saben que ese n\u00famero no es el que necesita la producci\u00f3n para trabajar, ten\u00eda que ver con pedidos acumulados, medidas cautelares\u00bb.<br \/>\n\u2022 Abog\u00f3 por la \u00abacumulaci\u00f3n de reservas\u00bb y las \u00abmedidas de orden fiscal\u00bb<br \/>\nSergio Massa, abog\u00f3 este jueves por \u00abterminar de fortalecer nuestro programa de acumulaci\u00f3n de reservas y avanzar en las medidas de orden fiscal, entendiendo que son principios que tienen que regir en la Argentina gobierne quien gobierne\u00bb. \u00abNos falta poner m\u00e1s valor agregado a la hora de exportar para que nos permita equilibrar y fortalecer nuestras reservas\u00bb, sostuvo el ministro.<br \/>\n\u2022 Massa respondi\u00f3 a las cr\u00edticas de la oposici\u00f3n por el presupuesto<br \/>\nLa oposici\u00f3n acus\u00f3 al ministro de intentar dejar una bomba que va a explotar pronto y en referencia a eso, el titular del Palacio de Hacienda revel\u00f3: \u00abEn privado, los economistas de Cambiemos no me dicen lo mismo. Inclusive viv\u00ed algunas situaciones de reconocimiento por la valent\u00eda de plantear detalles en el proyecto del Presupuesto\u00bb.<br \/>\n\u2022 Vuelve la venta de gas argentino a Chile<br \/>\nEl ministro de Econom\u00eda anunci\u00f3 el regreso de las ventas de gas a Chile con contratos en firme y confi\u00f3 en revertir la cuenta de energ\u00eda a partir del aumento de las exportaciones con el desarrollo de Vaca Muerta. \u00abS\u00f3lo con las perforaciones o fracturas que el a\u00f1o que viene se van a poner en marcha para llenar el Gasoducto N\u00e9stor Kirchner, que va a estar terminado el 20 de junio, nos va a permitir que en 2025 la cuenta de oil, de petr\u00f3leo, que hoy es negativa para la Argentina, pase a ser positiva, no a precios de hoy sino a precios hist\u00f3ricos\u00bb, dijo Massa esta tarde.<br \/>\nAdem\u00e1s, el titular de la cartera econ\u00f3mica anunci\u00f3 que \u00abel lunes se firma la vuelta de contratos en firme de exportaciones de gas a Chile, lo que nos va a permitir aumentar vol\u00famenes de exportaci\u00f3n de gas en verano\u00bb. A ello se sumar\u00e1 el gasoducto N\u00e9stor Kirchner, que el a\u00f1o que viene \u00abnos va a permitir un ahorro de US$ 2.700 millones de importaciones de GNL\u00bb, agreg\u00f3. \u00abEstamos viendo si podemos encontrar una ventana de oportunidad pero no es f\u00e1cil porque el mundo se est\u00e1 matando por energ\u00eda; energ\u00eda va a ser una de las grandes batallas del mundo en los pr\u00f3ximos 10 a\u00f1os\u00bb, complet\u00f3 Massa.<br \/>\nUn mensaje a los industriales: \u00abLos d\u00f3lares son para producci\u00f3n y trabajo\u00bb<br \/>\nEl ministro de Econom\u00eda, Sergio Massa, ratific\u00f3 hoy la decisi\u00f3n del Gobierno nacional de cuidar las reservas y destinarlas \u201cal trabajo y la producci\u00f3n, no a la especulaci\u00f3n\u201d, al hablar ante empresarios en la 28\u00b0 Conferencia de la Uni\u00f3n Industrial Argentina (UIA), public\u00f3 \u00c1mbito.<br \/>\n\u201cEl proceso de estabilizaci\u00f3n todav\u00eda no termin\u00f3. Tenemos que seguir fortaleciendo la acumulaci\u00f3n de reservas y avanzar en las medidas de orden fiscal para mostrar que el primer gesto de austeridad lo hacemos desde el Estado\u201d, apunt\u00f3 Massa ante un auditorio colmado por dirigentes fabriles. \u00abNos falta poner m\u00e1s valor agregado a la hora de exportar para que nos permita equilibrar y engrosar nuestras reservas\u00bb, remarc\u00f3 Massa.<\/p>\n","protected":false},"excerpt":{"rendered":"<p>El Ministro de Econom\u00eda asegur\u00f3 a industriales que los d\u00f3lares ser\u00e1n para la producci\u00f3n, y no para la \u00abtimba\u00bb<\/p>\n","protected":false},"author":8,"featured_media":93866,"comment_status":"open","ping_status":"open","sticky":false,"template":"","format":"standard","meta":{"fifu_image_url":"","fifu_image_alt":"","footnotes":""},"categories":[1594],"tags":[],"class_list":{"0":"post-93857","1":"post","2":"type-post","3":"status-publish","4":"format-standard","5":"has-post-thumbnail","7":"category-economia"},"yoast_head":"<title>Massa promete d\u00f3lares para la producci\u00f3n y advierte que &quot;el plan de estabilizaci\u00f3n no termin\u00f3&quot; - Informe Litoral<\/title>\n<meta name=\"robots\" content=\"index, follow, max-snippet:-1, max-image-preview:large, max-video-preview:-1\" \/>\n<link rel=\"canonical\" href=\"https:\/\/informelitoral.com.ar\/massa-promete-dolares-para-la-produccion-y-advierte-que-el-plan-de-estabilizacion-no-termino\/\" \/>\n<meta property=\"og:locale\" content=\"es_ES\" \/>\n<meta property=\"og:type\" content=\"article\" \/>\n<meta property=\"og:title\" content=\"Massa promete d\u00f3lares para la producci\u00f3n y advierte que &quot;el plan de estabilizaci\u00f3n no termin\u00f3&quot; - Informe Litoral\" \/>\n<meta property=\"og:description\" content=\"El Ministro de Econom\u00eda asegur\u00f3 a industriales que los d\u00f3lares ser\u00e1n para la producci\u00f3n, y no para la &quot;timba&quot;\" \/>\n<meta property=\"og:url\" content=\"https:\/\/informelitoral.com.ar\/massa-promete-dolares-para-la-produccion-y-advierte-que-el-plan-de-estabilizacion-no-termino\/\" \/>\n<meta property=\"og:site_name\" content=\"Informe Litoral\" \/>\n<meta property=\"article:publisher\" content=\"https:\/\/www.facebook.com\/informelitoral\/\" \/>\n<meta property=\"article:published_time\" content=\"2022-11-11T13:18:28+00:00\" \/>\n<meta property=\"article:modified_time\" content=\"2022-11-11T13:28:11+00:00\" \/>\n<meta property=\"og:image\" content=\"https:\/\/informelitoral.com.ar\/%77%70%2d%63%6f%6e%74%65%6e%74\/uploads\/2022\/11\/MP6BR3TPAJDAHEVPPPWDGIJGCA.webp\" \/>\n\t<meta property=\"og:image:width\" content=\"992\" \/>\n\t<meta property=\"og:image:height\" content=\"661\" \/>\n\t<meta property=\"og:image:type\" content=\"image\/webp\" \/>\n<meta name=\"author\" content=\"Sebastian\" \/>\n<meta name=\"twitter:card\" content=\"summary_large_image\" \/>\n<meta name=\"twitter:creator\" content=\"@InformeLitoral\" \/>\n<meta name=\"twitter:site\" content=\"@InformeLitoral\" \/>\n<meta name=\"twitter:label1\" content=\"Escrito por\" \/>\n\t<meta name=\"twitter:data1\" content=\"Sebastian\" \/>\n\t<meta name=\"twitter:label2\" content=\"Tiempo de lectura\" \/>\n\t<meta name=\"twitter:data2\" content=\"5 minutos\" \/>\n<script type=\"application\/ld+json\" class=\"yoast-schema-graph\">{\"@context\":\"https:\\\/\\\/schema.org\",\"@graph\":[{\"@type\":\"Article\",\"@id\":\"https:\\\/\\\/informelitoral.com.ar\\\/massa-promete-dolares-para-la-produccion-y-advierte-que-el-plan-de-estabilizacion-no-termino\\\/#article\",\"isPartOf\":{\"@id\":\"https:\\\/\\\/informelitoral.com.ar\\\/massa-promete-dolares-para-la-produccion-y-advierte-que-el-plan-de-estabilizacion-no-termino\\\/\"},\"author\":{\"name\":\"Sebastian\",\"@id\":\"https:\\\/\\\/informelitoral.com.ar\\\/#\\\/schema\\\/person\\\/f05f9f461677119578717524b127d6d5\"},\"headline\":\"Massa promete d\u00f3lares para la producci\u00f3n y advierte que \u00abel plan de estabilizaci\u00f3n no termin\u00f3\u00bb\",\"datePublished\":\"2022-11-11T13:18:28+00:00\",\"dateModified\":\"2022-11-11T13:28:11+00:00\",\"mainEntityOfPage\":{\"@id\":\"https:\\\/\\\/informelitoral.com.ar\\\/massa-promete-dolares-para-la-produccion-y-advierte-que-el-plan-de-estabilizacion-no-termino\\\/\"},\"wordCount\":980,\"commentCount\":0,\"publisher\":{\"@id\":\"https:\\\/\\\/informelitoral.com.ar\\\/#organization\"},\"image\":{\"@id\":\"https:\\\/\\\/informelitoral.com.ar\\\/massa-promete-dolares-para-la-produccion-y-advierte-que-el-plan-de-estabilizacion-no-termino\\\/#primaryimage\"},\"thumbnailUrl\":\"https:\\\/\\\/informelitoral.com.ar\\\/%77%70%2d%63%6f%6e%74%65%6e%74\\\/uploads\\\/2022\\\/11\\\/MP6BR3TPAJDAHEVPPPWDGIJGCA.webp\",\"articleSection\":[\"Econom\u00eda\"],\"inLanguage\":\"es\",\"potentialAction\":[{\"@type\":\"CommentAction\",\"name\":\"Comment\",\"target\":[\"https:\\\/\\\/informelitoral.com.ar\\\/massa-promete-dolares-para-la-produccion-y-advierte-que-el-plan-de-estabilizacion-no-termino\\\/#respond\"]}]},{\"@type\":\"WebPage\",\"@id\":\"https:\\\/\\\/informelitoral.com.ar\\\/massa-promete-dolares-para-la-produccion-y-advierte-que-el-plan-de-estabilizacion-no-termino\\\/\",\"url\":\"https:\\\/\\\/informelitoral.com.ar\\\/massa-promete-dolares-para-la-produccion-y-advierte-que-el-plan-de-estabilizacion-no-termino\\\/\",\"name\":\"Massa promete d\u00f3lares para la producci\u00f3n y advierte que \\\"el plan de estabilizaci\u00f3n no termin\u00f3\\\" - Informe Litoral\",\"isPartOf\":{\"@id\":\"https:\\\/\\\/informelitoral.com.ar\\\/#website\"},\"primaryImageOfPage\":{\"@id\":\"https:\\\/\\\/informelitoral.com.ar\\\/massa-promete-dolares-para-la-produccion-y-advierte-que-el-plan-de-estabilizacion-no-termino\\\/#primaryimage\"},\"image\":{\"@id\":\"https:\\\/\\\/informelitoral.com.ar\\\/massa-promete-dolares-para-la-produccion-y-advierte-que-el-plan-de-estabilizacion-no-termino\\\/#primaryimage\"},\"thumbnailUrl\":\"https:\\\/\\\/informelitoral.com.ar\\\/%77%70%2d%63%6f%6e%74%65%6e%74\\\/uploads\\\/2022\\\/11\\\/MP6BR3TPAJDAHEVPPPWDGIJGCA.webp\",\"datePublished\":\"2022-11-11T13:18:28+00:00\",\"dateModified\":\"2022-11-11T13:28:11+00:00\",\"breadcrumb\":{\"@id\":\"https:\\\/\\\/informelitoral.com.ar\\\/massa-promete-dolares-para-la-produccion-y-advierte-que-el-plan-de-estabilizacion-no-termino\\\/#breadcrumb\"},\"inLanguage\":\"es\",\"potentialAction\":[{\"@type\":\"ReadAction\",\"target\":[\"https:\\\/\\\/informelitoral.com.ar\\\/massa-promete-dolares-para-la-produccion-y-advierte-que-el-plan-de-estabilizacion-no-termino\\\/\"]}]},{\"@type\":\"ImageObject\",\"inLanguage\":\"es\",\"@id\":\"https:\\\/\\\/informelitoral.com.ar\\\/massa-promete-dolares-para-la-produccion-y-advierte-que-el-plan-de-estabilizacion-no-termino\\\/#primaryimage\",\"url\":\"https:\\\/\\\/informelitoral.com.ar\\\/%77%70%2d%63%6f%6e%74%65%6e%74\\\/uploads\\\/2022\\\/11\\\/MP6BR3TPAJDAHEVPPPWDGIJGCA.webp\",\"contentUrl\":\"https:\\\/\\\/informelitoral.com.ar\\\/%77%70%2d%63%6f%6e%74%65%6e%74\\\/uploads\\\/2022\\\/11\\\/MP6BR3TPAJDAHEVPPPWDGIJGCA.webp\",\"width\":992,\"height\":661},{\"@type\":\"BreadcrumbList\",\"@id\":\"https:\\\/\\\/informelitoral.com.ar\\\/massa-promete-dolares-para-la-produccion-y-advierte-que-el-plan-de-estabilizacion-no-termino\\\/#breadcrumb\",\"itemListElement\":[{\"@type\":\"ListItem\",\"position\":1,\"name\":\"Portada\",\"item\":\"https:\\\/\\\/informelitoral.com.ar\\\/\"},{\"@type\":\"ListItem\",\"position\":2,\"name\":\"Massa promete d\u00f3lares para la producci\u00f3n y advierte que \u00abel plan de estabilizaci\u00f3n no termin\u00f3\u00bb\"}]},{\"@type\":\"WebSite\",\"@id\":\"https:\\\/\\\/informelitoral.com.ar\\\/#website\",\"url\":\"https:\\\/\\\/informelitoral.com.ar\\\/\",\"name\":\"Informe Litoral\",\"description\":\"&quot;Nos informamos&quot; \",\"publisher\":{\"@id\":\"https:\\\/\\\/informelitoral.com.ar\\\/#organization\"},\"potentialAction\":[{\"@type\":\"SearchAction\",\"target\":{\"@type\":\"EntryPoint\",\"urlTemplate\":\"https:\\\/\\\/informelitoral.com.ar\\\/?s={search_term_string}\"},\"query-input\":{\"@type\":\"PropertyValueSpecification\",\"valueRequired\":true,\"valueName\":\"search_term_string\"}}],\"inLanguage\":\"es\"},{\"@type\":\"Organization\",\"@id\":\"https:\\\/\\\/informelitoral.com.ar\\\/#organization\",\"name\":\"Informe Litoral\",\"url\":\"https:\\\/\\\/informelitoral.com.ar\\\/\",\"logo\":{\"@type\":\"ImageObject\",\"inLanguage\":\"es\",\"@id\":\"https:\\\/\\\/informelitoral.com.ar\\\/#\\\/schema\\\/logo\\\/image\\\/\",\"url\":\"https:\\\/\\\/informelitoral.com.ar\\\/%77%70%2d%63%6f%6e%74%65%6e%74\\\/uploads\\\/2021\\\/01\\\/circulo.png\",\"contentUrl\":\"https:\\\/\\\/informelitoral.com.ar\\\/%77%70%2d%63%6f%6e%74%65%6e%74\\\/uploads\\\/2021\\\/01\\\/circulo.png\",\"width\":723,\"height\":731,\"caption\":\"Informe Litoral\"},\"image\":{\"@id\":\"https:\\\/\\\/informelitoral.com.ar\\\/#\\\/schema\\\/logo\\\/image\\\/\"},\"sameAs\":[\"https:\\\/\\\/www.facebook.com\\\/informelitoral\\\/\",\"https:\\\/\\\/x.com\\\/InformeLitoral\",\"https:\\\/\\\/www.instagram.com\\\/informelitoral\\\/\",\"https:\\\/\\\/www.youtube.com\\\/channel\\\/UCua4Qvz8Icb6MYqhoq9xLXw\"]},{\"@type\":\"Person\",\"@id\":\"https:\\\/\\\/informelitoral.com.ar\\\/#\\\/schema\\\/person\\\/f05f9f461677119578717524b127d6d5\",\"name\":\"Sebastian\",\"image\":{\"@type\":\"ImageObject\",\"inLanguage\":\"es\",\"@id\":\"https:\\\/\\\/secure.gravatar.com\\\/avatar\\\/b71bf7481d447dfb9583c7f2798e7cc64de6efb9067b74633ed8c31059a3bd82?s=96&d=mm&r=g\",\"url\":\"https:\\\/\\\/secure.gravatar.com\\\/avatar\\\/b71bf7481d447dfb9583c7f2798e7cc64de6efb9067b74633ed8c31059a3bd82?s=96&d=mm&r=g\",\"contentUrl\":\"https:\\\/\\\/secure.gravatar.com\\\/avatar\\\/b71bf7481d447dfb9583c7f2798e7cc64de6efb9067b74633ed8c31059a3bd82?s=96&d=mm&r=g\",\"caption\":\"Sebastian\"},\"url\":\"https:\\\/\\\/informelitoral.com.ar\\\/author\\\/sebastian\\\/\"}]}<\/script>","yoast_head_json":{"title":"Massa promete d\u00f3lares para la producci\u00f3n y advierte que \"el plan de estabilizaci\u00f3n no termin\u00f3\" - Informe Litoral","robots":{"index":"index","follow":"follow","max-snippet":"max-snippet:-1","max-image-preview":"max-image-preview:large","max-video-preview":"max-video-preview:-1"},"canonical":"https:\/\/informelitoral.com.ar\/massa-promete-dolares-para-la-produccion-y-advierte-que-el-plan-de-estabilizacion-no-termino\/","og_locale":"es_ES","og_type":"article","og_title":"Massa promete d\u00f3lares para la producci\u00f3n y advierte que \"el plan de estabilizaci\u00f3n no termin\u00f3\" - Informe Litoral","og_description":"El Ministro de Econom\u00eda asegur\u00f3 a industriales que los d\u00f3lares ser\u00e1n para la producci\u00f3n, y no para la \"timba\"","og_url":"https:\/\/informelitoral.com.ar\/massa-promete-dolares-para-la-produccion-y-advierte-que-el-plan-de-estabilizacion-no-termino\/","og_site_name":"Informe Litoral","article_publisher":"https:\/\/www.facebook.com\/informelitoral\/","article_published_time":"2022-11-11T13:18:28+00:00","article_modified_time":"2022-11-11T13:28:11+00:00","og_image":[{"width":992,"height":661,"url":"https:\/\/informelitoral.com.ar\/%77%70%2d%63%6f%6e%74%65%6e%74\/uploads\/2022\/11\/MP6BR3TPAJDAHEVPPPWDGIJGCA.webp","type":"image\/webp"}],"author":"Sebastian","twitter_card":"summary_large_image","twitter_creator":"@InformeLitoral","twitter_site":"@InformeLitoral","twitter_misc":{"Escrito por":"Sebastian","Tiempo de lectura":"5 minutos"},"schema":{"@context":"https:\/\/schema.org","@graph":[{"@type":"Article","@id":"https:\/\/informelitoral.com.ar\/massa-promete-dolares-para-la-produccion-y-advierte-que-el-plan-de-estabilizacion-no-termino\/#article","isPartOf":{"@id":"https:\/\/informelitoral.com.ar\/massa-promete-dolares-para-la-produccion-y-advierte-que-el-plan-de-estabilizacion-no-termino\/"},"author":{"name":"Sebastian","@id":"https:\/\/informelitoral.com.ar\/#\/schema\/person\/f05f9f461677119578717524b127d6d5"},"headline":"Massa promete d\u00f3lares para la producci\u00f3n y advierte que \u00abel plan de estabilizaci\u00f3n no termin\u00f3\u00bb","datePublished":"2022-11-11T13:18:28+00:00","dateModified":"2022-11-11T13:28:11+00:00","mainEntityOfPage":{"@id":"https:\/\/informelitoral.com.ar\/massa-promete-dolares-para-la-produccion-y-advierte-que-el-plan-de-estabilizacion-no-termino\/"},"wordCount":980,"commentCount":0,"publisher":{"@id":"https:\/\/informelitoral.com.ar\/#organization"},"image":{"@id":"https:\/\/informelitoral.com.ar\/massa-promete-dolares-para-la-produccion-y-advierte-que-el-plan-de-estabilizacion-no-termino\/#primaryimage"},"thumbnailUrl":"https:\/\/informelitoral.com.ar\/%77%70%2d%63%6f%6e%74%65%6e%74\/uploads\/2022\/11\/MP6BR3TPAJDAHEVPPPWDGIJGCA.webp","articleSection":["Econom\u00eda"],"inLanguage":"es","potentialAction":[{"@type":"CommentAction","name":"Comment","target":["https:\/\/informelitoral.com.ar\/massa-promete-dolares-para-la-produccion-y-advierte-que-el-plan-de-estabilizacion-no-termino\/#respond"]}]},{"@type":"WebPage","@id":"https:\/\/informelitoral.com.ar\/massa-promete-dolares-para-la-produccion-y-advierte-que-el-plan-de-estabilizacion-no-termino\/","url":"https:\/\/informelitoral.com.ar\/massa-promete-dolares-para-la-produccion-y-advierte-que-el-plan-de-estabilizacion-no-termino\/","name":"Massa promete d\u00f3lares para la producci\u00f3n y advierte que \"el plan de estabilizaci\u00f3n no termin\u00f3\" - Informe Litoral","isPartOf":{"@id":"https:\/\/informelitoral.com.ar\/#website"},"primaryImageOfPage":{"@id":"https:\/\/informelitoral.com.ar\/massa-promete-dolares-para-la-produccion-y-advierte-que-el-plan-de-estabilizacion-no-termino\/#primaryimage"},"image":{"@id":"https:\/\/informelitoral.com.ar\/massa-promete-dolares-para-la-produccion-y-advierte-que-el-plan-de-estabilizacion-no-termino\/#primaryimage"},"thumbnailUrl":"https:\/\/informelitoral.com.ar\/%77%70%2d%63%6f%6e%74%65%6e%74\/uploads\/2022\/11\/MP6BR3TPAJDAHEVPPPWDGIJGCA.webp","datePublished":"2022-11-11T13:18:28+00:00","dateModified":"2022-11-11T13:28:11+00:00","breadcrumb":{"@id":"https:\/\/informelitoral.com.ar\/massa-promete-dolares-para-la-produccion-y-advierte-que-el-plan-de-estabilizacion-no-termino\/#breadcrumb"},"inLanguage":"es","potentialAction":[{"@type":"ReadAction","target":["https:\/\/informelitoral.com.ar\/massa-promete-dolares-para-la-produccion-y-advierte-que-el-plan-de-estabilizacion-no-termino\/"]}]},{"@type":"ImageObject","inLanguage":"es","@id":"https:\/\/informelitoral.com.ar\/massa-promete-dolares-para-la-produccion-y-advierte-que-el-plan-de-estabilizacion-no-termino\/#primaryimage","url":"https:\/\/informelitoral.com.ar\/%77%70%2d%63%6f%6e%74%65%6e%74\/uploads\/2022\/11\/MP6BR3TPAJDAHEVPPPWDGIJGCA.webp","contentUrl":"https:\/\/informelitoral.com.ar\/%77%70%2d%63%6f%6e%74%65%6e%74\/uploads\/2022\/11\/MP6BR3TPAJDAHEVPPPWDGIJGCA.webp","width":992,"height":661},{"@type":"BreadcrumbList","@id":"https:\/\/informelitoral.com.ar\/massa-promete-dolares-para-la-produccion-y-advierte-que-el-plan-de-estabilizacion-no-termino\/#breadcrumb","itemListElement":[{"@type":"ListItem","position":1,"name":"Portada","item":"https:\/\/informelitoral.com.ar\/"},{"@type":"ListItem","position":2,"name":"Massa promete d\u00f3lares para la producci\u00f3n y advierte que \u00abel plan de estabilizaci\u00f3n no termin\u00f3\u00bb"}]},{"@type":"WebSite","@id":"https:\/\/informelitoral.com.ar\/#website","url":"https:\/\/informelitoral.com.ar\/","name":"Informe Litoral","description":"&quot;Nos informamos&quot; ","publisher":{"@id":"https:\/\/informelitoral.com.ar\/#organization"},"potentialAction":[{"@type":"SearchAction","target":{"@type":"EntryPoint","urlTemplate":"https:\/\/informelitoral.com.ar\/?s={search_term_string}"},"query-input":{"@type":"PropertyValueSpecification","valueRequired":true,"valueName":"search_term_string"}}],"inLanguage":"es"},{"@type":"Organization","@id":"https:\/\/informelitoral.com.ar\/#organization","name":"Informe Litoral","url":"https:\/\/informelitoral.com.ar\/","logo":{"@type":"ImageObject","inLanguage":"es","@id":"https:\/\/informelitoral.com.ar\/#\/schema\/logo\/image\/","url":"https:\/\/informelitoral.com.ar\/%77%70%2d%63%6f%6e%74%65%6e%74\/uploads\/2021\/01\/circulo.png","contentUrl":"https:\/\/informelitoral.com.ar\/%77%70%2d%63%6f%6e%74%65%6e%74\/uploads\/2021\/01\/circulo.png","width":723,"height":731,"caption":"Informe Litoral"},"image":{"@id":"https:\/\/informelitoral.com.ar\/#\/schema\/logo\/image\/"},"sameAs":["https:\/\/www.facebook.com\/informelitoral\/","https:\/\/x.com\/InformeLitoral","https:\/\/www.instagram.com\/informelitoral\/","https:\/\/www.youtube.com\/channel\/UCua4Qvz8Icb6MYqhoq9xLXw"]},{"@type":"Person","@id":"https:\/\/informelitoral.com.ar\/#\/schema\/person\/f05f9f461677119578717524b127d6d5","name":"Sebastian","image":{"@type":"ImageObject","inLanguage":"es","@id":"https:\/\/secure.gravatar.com\/avatar\/b71bf7481d447dfb9583c7f2798e7cc64de6efb9067b74633ed8c31059a3bd82?s=96&d=mm&r=g","url":"https:\/\/secure.gravatar.com\/avatar\/b71bf7481d447dfb9583c7f2798e7cc64de6efb9067b74633ed8c31059a3bd82?s=96&d=mm&r=g","contentUrl":"https:\/\/secure.gravatar.com\/avatar\/b71bf7481d447dfb9583c7f2798e7cc64de6efb9067b74633ed8c31059a3bd82?s=96&d=mm&r=g","caption":"Sebastian"},"url":"https:\/\/informelitoral.com.ar\/author\/sebastian\/"}]}},"_links":{"self":[{"href":"https:\/\/informelitoral.com.ar\/%77%70%2d%6a%73%6f%6e\/wp\/v2\/posts\/93857","targetHints":{"allow":["GET"]}}],"collection":[{"href":"https:\/\/informelitoral.com.ar\/%77%70%2d%6a%73%6f%6e\/wp\/v2\/posts"}],"about":[{"href":"https:\/\/informelitoral.com.ar\/%77%70%2d%6a%73%6f%6e\/wp\/v2\/types\/post"}],"author":[{"embeddable":true,"href":"https:\/\/informelitoral.com.ar\/%77%70%2d%6a%73%6f%6e\/wp\/v2\/users\/8"}],"replies":[{"embeddable":true,"href":"https:\/\/informelitoral.com.ar\/%77%70%2d%6a%73%6f%6e\/wp\/v2\/comments?post=93857"}],"version-history":[{"count":0,"href":"https:\/\/informelitoral.com.ar\/%77%70%2d%6a%73%6f%6e\/wp\/v2\/posts\/93857\/revisions"}],"wp:featuredmedia":[{"embeddable":true,"href":"https:\/\/informelitoral.com.ar\/%77%70%2d%6a%73%6f%6e\/wp\/v2\/media\/93866"}],"wp:attachment":[{"href":"https:\/\/informelitoral.com.ar\/%77%70%2d%6a%73%6f%6e\/wp\/v2\/media?parent=93857"}],"wp:term":[{"taxonomy":"category","embeddable":true,"href":"https:\/\/informelitoral.com.ar\/%77%70%2d%6a%73%6f%6e\/wp\/v2\/categories?post=93857"},{"taxonomy":"post_tag","embeddable":true,"href":"https:\/\/informelitoral.com.ar\/%77%70%2d%6a%73%6f%6e\/wp\/v2\/tags?post=93857"}],"curies":[{"name":"wp","href":"https:\/\/api.w.org\/{rel}","templated":true}]}}