{"id":93836,"date":"2022-11-11T09:36:02","date_gmt":"2022-11-11T12:36:02","guid":{"rendered":"https:\/\/www.informelitoral.com.ar\/?p=93836"},"modified":"2022-11-11T09:44:43","modified_gmt":"2022-11-11T12:44:43","slug":"bordet-impulsa-una-plataforma-portuaria-para-la-region-centro","status":"publish","type":"post","link":"https:\/\/informelitoral.com.ar\/bordet-impulsa-una-plataforma-portuaria-para-la-region-centro\/","title":{"rendered":"Bordet impulsa una plataforma portuaria para la Regi\u00f3n Centro"},"content":{"rendered":"<p>As\u00ed lo manifest\u00f3 tras recorrer el puerto de Singapur, que fue el primero en Asia y hoy uno de los m\u00e1s importantes del mundo.<\/p>\n<p>El mandatario entrerriano, acompa\u00f1ado por el titular del CFI, Ignacio Lamothe; el embajador argentino Mauricio Nine; los ministros de Econom\u00eda de Entre R\u00edos, Hugo Ballay; de Industria y Comercio de C\u00f3rdoba, Eduardo Acastello; y de Agricultura y Ganader\u00eda de C\u00f3rdoba, Sergio Busso; y la secretaria de Gesti\u00f3n Federal de Santa Fe, Candelaria del Pino, fue recibido por el Jefe de Asuntos Corporativos y de Aprendizaje del grupo, Sr. Chris Chan y por el vicepresidente adjunto de Desarrollo de Negocios y el responsable de la regi\u00f3n latinoamericana, Sr. Ng You Yi.<\/p>\n<p>Bordet, que encabeza esta misi\u00f3n comercial con el objetivo de promocionar la oferta exportable de la Regi\u00f3n Centro en Asia, promover las inversiones productivas y concretar acuerdos de cooperaci\u00f3n, puso de relieve que \u201cdesde la Regi\u00f3n Centro nos planteamos el desaf\u00edo de salir hacia el exterior en bloque, poder negociar como un bloque con fortaleza para llegar con nuestra producci\u00f3n agroalimentaria\u201d.<\/p>\n<p>Para cumplir con este objetivo deberemos profundizar la pol\u00edtica de desarrollo portuaria. \u201cTenemos nuestros puertos p\u00fablicos entrerrianos operando y alcanzando niveles de carga que no se registraban desde hace 20 a\u00f1os, y el fortalecimiento del sistema portuario es una pol\u00edtica de Estado. Ahora es necesario avanzar hacia la ampliaci\u00f3n y la modernizaci\u00f3n de nuestros puertos para adaptarlos a las exigencias que impone el comercio internacional actual\u201d.<\/p>\n<p>Tambi\u00e9n ratific\u00f3 su apoyo a la iniciativa de \u201cincorporar a C\u00f3rdoba a las provincias que integran la hidrov\u00eda Paran\u00e1-Paraguay\u201d, y remarc\u00f3 que \u201cno por su car\u00e1cter mediterr\u00e1neo tiene que quedar excluida\u201d. \u201cLa hidrov\u00eda forma parte de un gran complejo log\u00edstico\u201d, puntualiz\u00f3.<\/p>\n<p>\u201cNecesitamos la sustentabilidad de estos puertos en el futuro y esta sustentabilidad est\u00e1 dada por el manejo y administraci\u00f3n de la hidrov\u00eda que contemplen los puertos secundarios, no s\u00f3lo de Entre R\u00edos, sino de Chaco, de Santa Fe, de Corrientes; y tambi\u00e9n que asegure la navegabilidad hacia Formosa y hacia Posadas, que es lo que nos proponemos\u201d.<\/p>\n<p>Acompa\u00f1\u00f3 al mandatario el presidente de Las Camelias SA, Ra\u00fal Mars\u00f3, que integra el c\u00edrculo de empresarios av\u00edcolas m\u00e1s importantes de la provincia y el pa\u00eds, quien puso de relieve la importancia estrat\u00e9gica de las estaciones fluviales entrerrianas.<\/p>\n","protected":false},"excerpt":{"rendered":"<p>\u201cEs nuestro objetivo posicionarnos en una plataforma portuaria y poder llegar a los pa\u00edses asi\u00e1ticos de manera m\u00e1s competitiva con nuestros costos log\u00edsticos de transporte\u201d, expres\u00f3 hoy el gobernador Gustavo Bordet.<\/p>\n","protected":false},"author":8,"featured_media":93845,"comment_status":"open","ping_status":"open","sticky":false,"template":"","format":"standard","meta":{"fifu_image_url":"","fifu_image_alt":"","footnotes":""},"categories":[16],"tags":[167],"class_list":{"0":"post-93836","1":"post","2":"type-post","3":"status-publish","4":"format-standard","5":"has-post-thumbnail","7":"category-politi","8":"tag-gustavo-bordet"},"yoast_head":"<title>Bordet impulsa una plataforma portuaria para la Regi\u00f3n Centro - Informe Litoral<\/title>\n<meta name=\"robots\" content=\"index, follow, max-snippet:-1, max-image-preview:large, max-video-preview:-1\" \/>\n<link rel=\"canonical\" href=\"https:\/\/informelitoral.com.ar\/bordet-impulsa-una-plataforma-portuaria-para-la-region-centro\/\" \/>\n<meta property=\"og:locale\" content=\"es_ES\" \/>\n<meta property=\"og:type\" content=\"article\" \/>\n<meta property=\"og:title\" content=\"Bordet impulsa una plataforma portuaria para la Regi\u00f3n Centro - Informe Litoral\" \/>\n<meta property=\"og:description\" content=\"\u201cEs nuestro objetivo posicionarnos en una plataforma portuaria y poder llegar a los pa\u00edses asi\u00e1ticos de manera m\u00e1s competitiva con nuestros costos log\u00edsticos de transporte\u201d, expres\u00f3 hoy el gobernador Gustavo Bordet.\" \/>\n<meta property=\"og:url\" content=\"https:\/\/informelitoral.com.ar\/bordet-impulsa-una-plataforma-portuaria-para-la-region-centro\/\" \/>\n<meta property=\"og:site_name\" content=\"Informe Litoral\" \/>\n<meta property=\"article:publisher\" content=\"https:\/\/www.facebook.com\/informelitoral\/\" \/>\n<meta property=\"article:published_time\" content=\"2022-11-11T12:36:02+00:00\" \/>\n<meta property=\"article:modified_time\" content=\"2022-11-11T12:44:43+00:00\" \/>\n<meta property=\"og:image\" content=\"https:\/\/informelitoral.com.ar\/%77%70%2d%63%6f%6e%74%65%6e%74\/uploads\/2022\/11\/p_1668168809.jpeg\" \/>\n\t<meta property=\"og:image:width\" content=\"1920\" \/>\n\t<meta property=\"og:image:height\" content=\"800\" \/>\n\t<meta property=\"og:image:type\" content=\"image\/jpeg\" \/>\n<meta name=\"author\" content=\"Sebastian\" \/>\n<meta name=\"twitter:card\" content=\"summary_large_image\" \/>\n<meta name=\"twitter:creator\" content=\"@InformeLitoral\" \/>\n<meta name=\"twitter:site\" content=\"@InformeLitoral\" \/>\n<meta name=\"twitter:label1\" content=\"Escrito por\" \/>\n\t<meta name=\"twitter:data1\" content=\"Sebastian\" \/>\n\t<meta name=\"twitter:label2\" content=\"Tiempo de lectura\" \/>\n\t<meta name=\"twitter:data2\" content=\"2 minutos\" \/>\n<script type=\"application\/ld+json\" class=\"yoast-schema-graph\">{\"@context\":\"https:\\\/\\\/schema.org\",\"@graph\":[{\"@type\":\"Article\",\"@id\":\"https:\\\/\\\/informelitoral.com.ar\\\/bordet-impulsa-una-plataforma-portuaria-para-la-region-centro\\\/#article\",\"isPartOf\":{\"@id\":\"https:\\\/\\\/informelitoral.com.ar\\\/bordet-impulsa-una-plataforma-portuaria-para-la-region-centro\\\/\"},\"author\":{\"name\":\"Sebastian\",\"@id\":\"https:\\\/\\\/informelitoral.com.ar\\\/#\\\/schema\\\/person\\\/f05f9f461677119578717524b127d6d5\"},\"headline\":\"Bordet impulsa una plataforma portuaria para la Regi\u00f3n Centro\",\"datePublished\":\"2022-11-11T12:36:02+00:00\",\"dateModified\":\"2022-11-11T12:44:43+00:00\",\"mainEntityOfPage\":{\"@id\":\"https:\\\/\\\/informelitoral.com.ar\\\/bordet-impulsa-una-plataforma-portuaria-para-la-region-centro\\\/\"},\"wordCount\":426,\"commentCount\":0,\"publisher\":{\"@id\":\"https:\\\/\\\/informelitoral.com.ar\\\/#organization\"},\"image\":{\"@id\":\"https:\\\/\\\/informelitoral.com.ar\\\/bordet-impulsa-una-plataforma-portuaria-para-la-region-centro\\\/#primaryimage\"},\"thumbnailUrl\":\"https:\\\/\\\/informelitoral.com.ar\\\/%77%70%2d%63%6f%6e%74%65%6e%74\\\/uploads\\\/2022\\\/11\\\/p_1668168809.jpeg\",\"keywords\":[\"Gustavo Bordet\"],\"articleSection\":[\"Politica\"],\"inLanguage\":\"es\",\"potentialAction\":[{\"@type\":\"CommentAction\",\"name\":\"Comment\",\"target\":[\"https:\\\/\\\/informelitoral.com.ar\\\/bordet-impulsa-una-plataforma-portuaria-para-la-region-centro\\\/#respond\"]}]},{\"@type\":\"WebPage\",\"@id\":\"https:\\\/\\\/informelitoral.com.ar\\\/bordet-impulsa-una-plataforma-portuaria-para-la-region-centro\\\/\",\"url\":\"https:\\\/\\\/informelitoral.com.ar\\\/bordet-impulsa-una-plataforma-portuaria-para-la-region-centro\\\/\",\"name\":\"Bordet impulsa una plataforma portuaria para la Regi\u00f3n Centro - Informe Litoral\",\"isPartOf\":{\"@id\":\"https:\\\/\\\/informelitoral.com.ar\\\/#website\"},\"primaryImageOfPage\":{\"@id\":\"https:\\\/\\\/informelitoral.com.ar\\\/bordet-impulsa-una-plataforma-portuaria-para-la-region-centro\\\/#primaryimage\"},\"image\":{\"@id\":\"https:\\\/\\\/informelitoral.com.ar\\\/bordet-impulsa-una-plataforma-portuaria-para-la-region-centro\\\/#primaryimage\"},\"thumbnailUrl\":\"https:\\\/\\\/informelitoral.com.ar\\\/%77%70%2d%63%6f%6e%74%65%6e%74\\\/uploads\\\/2022\\\/11\\\/p_1668168809.jpeg\",\"datePublished\":\"2022-11-11T12:36:02+00:00\",\"dateModified\":\"2022-11-11T12:44:43+00:00\",\"breadcrumb\":{\"@id\":\"https:\\\/\\\/informelitoral.com.ar\\\/bordet-impulsa-una-plataforma-portuaria-para-la-region-centro\\\/#breadcrumb\"},\"inLanguage\":\"es\",\"potentialAction\":[{\"@type\":\"ReadAction\",\"target\":[\"https:\\\/\\\/informelitoral.com.ar\\\/bordet-impulsa-una-plataforma-portuaria-para-la-region-centro\\\/\"]}]},{\"@type\":\"ImageObject\",\"inLanguage\":\"es\",\"@id\":\"https:\\\/\\\/informelitoral.com.ar\\\/bordet-impulsa-una-plataforma-portuaria-para-la-region-centro\\\/#primaryimage\",\"url\":\"https:\\\/\\\/informelitoral.com.ar\\\/%77%70%2d%63%6f%6e%74%65%6e%74\\\/uploads\\\/2022\\\/11\\\/p_1668168809.jpeg\",\"contentUrl\":\"https:\\\/\\\/informelitoral.com.ar\\\/%77%70%2d%63%6f%6e%74%65%6e%74\\\/uploads\\\/2022\\\/11\\\/p_1668168809.jpeg\",\"width\":1920,\"height\":800},{\"@type\":\"BreadcrumbList\",\"@id\":\"https:\\\/\\\/informelitoral.com.ar\\\/bordet-impulsa-una-plataforma-portuaria-para-la-region-centro\\\/#breadcrumb\",\"itemListElement\":[{\"@type\":\"ListItem\",\"position\":1,\"name\":\"Portada\",\"item\":\"https:\\\/\\\/informelitoral.com.ar\\\/\"},{\"@type\":\"ListItem\",\"position\":2,\"name\":\"Bordet impulsa una plataforma portuaria para la Regi\u00f3n Centro\"}]},{\"@type\":\"WebSite\",\"@id\":\"https:\\\/\\\/informelitoral.com.ar\\\/#website\",\"url\":\"https:\\\/\\\/informelitoral.com.ar\\\/\",\"name\":\"Informe Litoral\",\"description\":\"&quot;Nos informamos&quot; \",\"publisher\":{\"@id\":\"https:\\\/\\\/informelitoral.com.ar\\\/#organization\"},\"potentialAction\":[{\"@type\":\"SearchAction\",\"target\":{\"@type\":\"EntryPoint\",\"urlTemplate\":\"https:\\\/\\\/informelitoral.com.ar\\\/?s={search_term_string}\"},\"query-input\":{\"@type\":\"PropertyValueSpecification\",\"valueRequired\":true,\"valueName\":\"search_term_string\"}}],\"inLanguage\":\"es\"},{\"@type\":\"Organization\",\"@id\":\"https:\\\/\\\/informelitoral.com.ar\\\/#organization\",\"name\":\"Informe Litoral\",\"url\":\"https:\\\/\\\/informelitoral.com.ar\\\/\",\"logo\":{\"@type\":\"ImageObject\",\"inLanguage\":\"es\",\"@id\":\"https:\\\/\\\/informelitoral.com.ar\\\/#\\\/schema\\\/logo\\\/image\\\/\",\"url\":\"https:\\\/\\\/informelitoral.com.ar\\\/%77%70%2d%63%6f%6e%74%65%6e%74\\\/uploads\\\/2021\\\/01\\\/circulo.png\",\"contentUrl\":\"https:\\\/\\\/informelitoral.com.ar\\\/%77%70%2d%63%6f%6e%74%65%6e%74\\\/uploads\\\/2021\\\/01\\\/circulo.png\",\"width\":723,\"height\":731,\"caption\":\"Informe Litoral\"},\"image\":{\"@id\":\"https:\\\/\\\/informelitoral.com.ar\\\/#\\\/schema\\\/logo\\\/image\\\/\"},\"sameAs\":[\"https:\\\/\\\/www.facebook.com\\\/informelitoral\\\/\",\"https:\\\/\\\/x.com\\\/InformeLitoral\",\"https:\\\/\\\/www.instagram.com\\\/informelitoral\\\/\",\"https:\\\/\\\/www.youtube.com\\\/channel\\\/UCua4Qvz8Icb6MYqhoq9xLXw\"]},{\"@type\":\"Person\",\"@id\":\"https:\\\/\\\/informelitoral.com.ar\\\/#\\\/schema\\\/person\\\/f05f9f461677119578717524b127d6d5\",\"name\":\"Sebastian\",\"image\":{\"@type\":\"ImageObject\",\"inLanguage\":\"es\",\"@id\":\"https:\\\/\\\/secure.gravatar.com\\\/avatar\\\/b71bf7481d447dfb9583c7f2798e7cc64de6efb9067b74633ed8c31059a3bd82?s=96&d=mm&r=g\",\"url\":\"https:\\\/\\\/secure.gravatar.com\\\/avatar\\\/b71bf7481d447dfb9583c7f2798e7cc64de6efb9067b74633ed8c31059a3bd82?s=96&d=mm&r=g\",\"contentUrl\":\"https:\\\/\\\/secure.gravatar.com\\\/avatar\\\/b71bf7481d447dfb9583c7f2798e7cc64de6efb9067b74633ed8c31059a3bd82?s=96&d=mm&r=g\",\"caption\":\"Sebastian\"},\"url\":\"https:\\\/\\\/informelitoral.com.ar\\\/author\\\/sebastian\\\/\"}]}<\/script>","yoast_head_json":{"title":"Bordet impulsa una plataforma portuaria para la Regi\u00f3n Centro - Informe Litoral","robots":{"index":"index","follow":"follow","max-snippet":"max-snippet:-1","max-image-preview":"max-image-preview:large","max-video-preview":"max-video-preview:-1"},"canonical":"https:\/\/informelitoral.com.ar\/bordet-impulsa-una-plataforma-portuaria-para-la-region-centro\/","og_locale":"es_ES","og_type":"article","og_title":"Bordet impulsa una plataforma portuaria para la Regi\u00f3n Centro - Informe Litoral","og_description":"\u201cEs nuestro objetivo posicionarnos en una plataforma portuaria y poder llegar a los pa\u00edses asi\u00e1ticos de manera m\u00e1s competitiva con nuestros costos log\u00edsticos de transporte\u201d, expres\u00f3 hoy el gobernador Gustavo Bordet.","og_url":"https:\/\/informelitoral.com.ar\/bordet-impulsa-una-plataforma-portuaria-para-la-region-centro\/","og_site_name":"Informe Litoral","article_publisher":"https:\/\/www.facebook.com\/informelitoral\/","article_published_time":"2022-11-11T12:36:02+00:00","article_modified_time":"2022-11-11T12:44:43+00:00","og_image":[{"width":1920,"height":800,"url":"https:\/\/informelitoral.com.ar\/%77%70%2d%63%6f%6e%74%65%6e%74\/uploads\/2022\/11\/p_1668168809.jpeg","type":"image\/jpeg"}],"author":"Sebastian","twitter_card":"summary_large_image","twitter_creator":"@InformeLitoral","twitter_site":"@InformeLitoral","twitter_misc":{"Escrito por":"Sebastian","Tiempo de lectura":"2 minutos"},"schema":{"@context":"https:\/\/schema.org","@graph":[{"@type":"Article","@id":"https:\/\/informelitoral.com.ar\/bordet-impulsa-una-plataforma-portuaria-para-la-region-centro\/#article","isPartOf":{"@id":"https:\/\/informelitoral.com.ar\/bordet-impulsa-una-plataforma-portuaria-para-la-region-centro\/"},"author":{"name":"Sebastian","@id":"https:\/\/informelitoral.com.ar\/#\/schema\/person\/f05f9f461677119578717524b127d6d5"},"headline":"Bordet impulsa una plataforma portuaria para la Regi\u00f3n Centro","datePublished":"2022-11-11T12:36:02+00:00","dateModified":"2022-11-11T12:44:43+00:00","mainEntityOfPage":{"@id":"https:\/\/informelitoral.com.ar\/bordet-impulsa-una-plataforma-portuaria-para-la-region-centro\/"},"wordCount":426,"commentCount":0,"publisher":{"@id":"https:\/\/informelitoral.com.ar\/#organization"},"image":{"@id":"https:\/\/informelitoral.com.ar\/bordet-impulsa-una-plataforma-portuaria-para-la-region-centro\/#primaryimage"},"thumbnailUrl":"https:\/\/informelitoral.com.ar\/%77%70%2d%63%6f%6e%74%65%6e%74\/uploads\/2022\/11\/p_1668168809.jpeg","keywords":["Gustavo Bordet"],"articleSection":["Politica"],"inLanguage":"es","potentialAction":[{"@type":"CommentAction","name":"Comment","target":["https:\/\/informelitoral.com.ar\/bordet-impulsa-una-plataforma-portuaria-para-la-region-centro\/#respond"]}]},{"@type":"WebPage","@id":"https:\/\/informelitoral.com.ar\/bordet-impulsa-una-plataforma-portuaria-para-la-region-centro\/","url":"https:\/\/informelitoral.com.ar\/bordet-impulsa-una-plataforma-portuaria-para-la-region-centro\/","name":"Bordet impulsa una plataforma portuaria para la Regi\u00f3n Centro - Informe Litoral","isPartOf":{"@id":"https:\/\/informelitoral.com.ar\/#website"},"primaryImageOfPage":{"@id":"https:\/\/informelitoral.com.ar\/bordet-impulsa-una-plataforma-portuaria-para-la-region-centro\/#primaryimage"},"image":{"@id":"https:\/\/informelitoral.com.ar\/bordet-impulsa-una-plataforma-portuaria-para-la-region-centro\/#primaryimage"},"thumbnailUrl":"https:\/\/informelitoral.com.ar\/%77%70%2d%63%6f%6e%74%65%6e%74\/uploads\/2022\/11\/p_1668168809.jpeg","datePublished":"2022-11-11T12:36:02+00:00","dateModified":"2022-11-11T12:44:43+00:00","breadcrumb":{"@id":"https:\/\/informelitoral.com.ar\/bordet-impulsa-una-plataforma-portuaria-para-la-region-centro\/#breadcrumb"},"inLanguage":"es","potentialAction":[{"@type":"ReadAction","target":["https:\/\/informelitoral.com.ar\/bordet-impulsa-una-plataforma-portuaria-para-la-region-centro\/"]}]},{"@type":"ImageObject","inLanguage":"es","@id":"https:\/\/informelitoral.com.ar\/bordet-impulsa-una-plataforma-portuaria-para-la-region-centro\/#primaryimage","url":"https:\/\/informelitoral.com.ar\/%77%70%2d%63%6f%6e%74%65%6e%74\/uploads\/2022\/11\/p_1668168809.jpeg","contentUrl":"https:\/\/informelitoral.com.ar\/%77%70%2d%63%6f%6e%74%65%6e%74\/uploads\/2022\/11\/p_1668168809.jpeg","width":1920,"height":800},{"@type":"BreadcrumbList","@id":"https:\/\/informelitoral.com.ar\/bordet-impulsa-una-plataforma-portuaria-para-la-region-centro\/#breadcrumb","itemListElement":[{"@type":"ListItem","position":1,"name":"Portada","item":"https:\/\/informelitoral.com.ar\/"},{"@type":"ListItem","position":2,"name":"Bordet impulsa una plataforma portuaria para la Regi\u00f3n Centro"}]},{"@type":"WebSite","@id":"https:\/\/informelitoral.com.ar\/#website","url":"https:\/\/informelitoral.com.ar\/","name":"Informe Litoral","description":"&quot;Nos informamos&quot; ","publisher":{"@id":"https:\/\/informelitoral.com.ar\/#organization"},"potentialAction":[{"@type":"SearchAction","target":{"@type":"EntryPoint","urlTemplate":"https:\/\/informelitoral.com.ar\/?s={search_term_string}"},"query-input":{"@type":"PropertyValueSpecification","valueRequired":true,"valueName":"search_term_string"}}],"inLanguage":"es"},{"@type":"Organization","@id":"https:\/\/informelitoral.com.ar\/#organization","name":"Informe Litoral","url":"https:\/\/informelitoral.com.ar\/","logo":{"@type":"ImageObject","inLanguage":"es","@id":"https:\/\/informelitoral.com.ar\/#\/schema\/logo\/image\/","url":"https:\/\/informelitoral.com.ar\/%77%70%2d%63%6f%6e%74%65%6e%74\/uploads\/2021\/01\/circulo.png","contentUrl":"https:\/\/informelitoral.com.ar\/%77%70%2d%63%6f%6e%74%65%6e%74\/uploads\/2021\/01\/circulo.png","width":723,"height":731,"caption":"Informe Litoral"},"image":{"@id":"https:\/\/informelitoral.com.ar\/#\/schema\/logo\/image\/"},"sameAs":["https:\/\/www.facebook.com\/informelitoral\/","https:\/\/x.com\/InformeLitoral","https:\/\/www.instagram.com\/informelitoral\/","https:\/\/www.youtube.com\/channel\/UCua4Qvz8Icb6MYqhoq9xLXw"]},{"@type":"Person","@id":"https:\/\/informelitoral.com.ar\/#\/schema\/person\/f05f9f461677119578717524b127d6d5","name":"Sebastian","image":{"@type":"ImageObject","inLanguage":"es","@id":"https:\/\/secure.gravatar.com\/avatar\/b71bf7481d447dfb9583c7f2798e7cc64de6efb9067b74633ed8c31059a3bd82?s=96&d=mm&r=g","url":"https:\/\/secure.gravatar.com\/avatar\/b71bf7481d447dfb9583c7f2798e7cc64de6efb9067b74633ed8c31059a3bd82?s=96&d=mm&r=g","contentUrl":"https:\/\/secure.gravatar.com\/avatar\/b71bf7481d447dfb9583c7f2798e7cc64de6efb9067b74633ed8c31059a3bd82?s=96&d=mm&r=g","caption":"Sebastian"},"url":"https:\/\/informelitoral.com.ar\/author\/sebastian\/"}]}},"_links":{"self":[{"href":"https:\/\/informelitoral.com.ar\/%77%70%2d%6a%73%6f%6e\/wp\/v2\/posts\/93836","targetHints":{"allow":["GET"]}}],"collection":[{"href":"https:\/\/informelitoral.com.ar\/%77%70%2d%6a%73%6f%6e\/wp\/v2\/posts"}],"about":[{"href":"https:\/\/informelitoral.com.ar\/%77%70%2d%6a%73%6f%6e\/wp\/v2\/types\/post"}],"author":[{"embeddable":true,"href":"https:\/\/informelitoral.com.ar\/%77%70%2d%6a%73%6f%6e\/wp\/v2\/users\/8"}],"replies":[{"embeddable":true,"href":"https:\/\/informelitoral.com.ar\/%77%70%2d%6a%73%6f%6e\/wp\/v2\/comments?post=93836"}],"version-history":[{"count":0,"href":"https:\/\/informelitoral.com.ar\/%77%70%2d%6a%73%6f%6e\/wp\/v2\/posts\/93836\/revisions"}],"wp:featuredmedia":[{"embeddable":true,"href":"https:\/\/informelitoral.com.ar\/%77%70%2d%6a%73%6f%6e\/wp\/v2\/media\/93845"}],"wp:attachment":[{"href":"https:\/\/informelitoral.com.ar\/%77%70%2d%6a%73%6f%6e\/wp\/v2\/media?parent=93836"}],"wp:term":[{"taxonomy":"category","embeddable":true,"href":"https:\/\/informelitoral.com.ar\/%77%70%2d%6a%73%6f%6e\/wp\/v2\/categories?post=93836"},{"taxonomy":"post_tag","embeddable":true,"href":"https:\/\/informelitoral.com.ar\/%77%70%2d%6a%73%6f%6e\/wp\/v2\/tags?post=93836"}],"curies":[{"name":"wp","href":"https:\/\/api.w.org\/{rel}","templated":true}]}}