{"id":9383,"date":"2014-12-26T09:42:03","date_gmt":"2014-12-26T12:42:03","guid":{"rendered":"http:\/\/www.isletasnoticias.com.ar\/?p=9383"},"modified":"2014-12-26T09:42:03","modified_gmt":"2014-12-26T12:42:03","slug":"entidades-empresarias-aseguran-que-las-ventas-navidenas-crecieron-un-30","status":"publish","type":"post","link":"https:\/\/informelitoral.com.ar\/entidades-empresarias-aseguran-que-las-ventas-navidenas-crecieron-un-30\/","title":{"rendered":"Entidades empresarias aseguran que las ventas navide\u00f1as crecieron un 30%"},"content":{"rendered":"<p><strong>Por lo menos 16 personas murieron en accidentes viales durante las primeras horas de la Navidad. Seis de las v\u00edctimas circulaban en motocicletas, entre ellas un menor de cuatro a\u00f1os que perdi\u00f3 la vida junto con su padre, en San Juan.<a href=\"http:\/\/www.isletasnoticias.com.ar\/%77%70%2d%63%6f%6e%74%65%6e%74\/uploads\/2014\/12\/ventas.jpg\"><img loading=\"lazy\" decoding=\"async\" class=\"aligncenter size-medium wp-image-9384\" src=\"http:\/\/www.isletasnoticias.com.ar\/%77%70%2d%63%6f%6e%74%65%6e%74\/uploads\/2014\/12\/ventas-300x167.jpg\" alt=\"ventas\" width=\"300\" height=\"167\" srcset=\"https:\/\/informelitoral.com.ar\/%77%70%2d%63%6f%6e%74%65%6e%74\/uploads\/2014\/12\/ventas-300x167.jpg 300w, https:\/\/informelitoral.com.ar\/%77%70%2d%63%6f%6e%74%65%6e%74\/uploads\/2014\/12\/ventas.jpg 594w\" sizes=\"auto, (max-width: 300px) 100vw, 300px\" \/><\/a><\/strong><\/p>\n<p>Impulsadas por ofertas, pagos en cuotas sin inter\u00e9s y descuentos exclusivos, las ventas navide\u00f1as registraron este a\u00f1o un crecimiento comparadas con el 2013, con una facturaci\u00f3n superior a los 20.000 millones de pesos.<\/p>\n<p>De acuerdo con un sondeo de la Confederaci\u00f3n Argentina de la Mediana Empresa (CAME), las ventas aumentaron 30% en shoppings y centros comerciales a Cielo Abierto y en el comercio electr\u00f3nico crecieron un 50%.<\/p>\n<p>Por su parte, Fedec\u00e1maras indic\u00f3 que el promedio de cada compra fue de 350 pesos y la facturaci\u00f3n super\u00f3 los 20.000 millones de pesos, con un incremento del 35% por el efecto inflacionario.<\/p>\n<p>Seg\u00fan el relevamiento, los rubros m\u00e1s favorecidos fueron los dedicados a la venta de ropa y calzado; alimentos y bebidas; jugueter\u00eda; art\u00edculos de bazar; perfumer\u00eda; marroquiner\u00eda y camping.<\/p>\n<p>Para el economista Mart\u00edn Tetaz, los descuentos de entre 10% y 15% impuls\u00f3 fuertemente el consumo y dinamiz\u00f3 las ventas. \u201cLa gente busca el placer de la ganga, la ganga es una de las herramientas m\u00e1s importantes de venta dentro de la fiebre de consumo\u201d, sostuvo.<\/p>\n<p>En declaraciones a radio Continental, afirm\u00f3 que \u201chay otro efecto en las fiestas que es el de sobreconfianza de cu\u00e1nto nos va a durar el aguinaldo\u201d. \u201cEn muchos casos se gasta el aguinaldo por anticipado, se hace bolsa la tarjeta total viene el aguinaldo y al final el aguinaldo no puede absorberlo todo y uno lo tiene gastado antes que ocurra\u201d, consider\u00f3.<\/p>\n<p>Dijo que \u201cla gente que est\u00e1 m\u00e1s holgada no recuerda los precios, la gente que est\u00e1 m\u00e1s justa s\u00ed lo sabe\u201d. Pero, las ofertas tambi\u00e9n se extendieron a quienes realizaron compras v\u00eda internet, sin necesidad de concurrir a los establecimientos comerciales. Quienes utilizaron el medio inform\u00e1tico, obtuvieron descuentos de hasta el 50 por ciento en televisores, consolas, bicicletas, notebooks, celulares, tablets y piletas de lona.<\/p>\n","protected":false},"excerpt":{"rendered":"<p>Por lo menos 16 personas murieron en accidentes viales durante las primeras horas de la Navidad. Seis de las v&iacute;ctimas circulaban en motocicletas, entre ellas un menor de cuatro a&ntilde;os que perdi&oacute; la vida junto con su padre, en San Juan. Impulsadas por ofertas, pagos en cuotas sin inter&eacute;s y descuentos exclusivos, las ventas navide&ntilde;as [&hellip;]<\/p>\n","protected":false},"author":2,"featured_media":0,"comment_status":"open","ping_status":"open","sticky":false,"template":"","format":"standard","meta":{"fifu_image_url":"","fifu_image_alt":"","footnotes":""},"categories":[7],"tags":[],"class_list":{"0":"post-9383","1":"post","2":"type-post","3":"status-publish","4":"format-standard","6":"category-nacionales"},"yoast_head":"<title>Entidades empresarias aseguran que las ventas navide\u00f1as crecieron un 30% - Informe Litoral<\/title>\n<meta name=\"robots\" content=\"index, follow, max-snippet:-1, max-image-preview:large, max-video-preview:-1\" \/>\n<link rel=\"canonical\" href=\"https:\/\/informelitoral.com.ar\/entidades-empresarias-aseguran-que-las-ventas-navidenas-crecieron-un-30\/\" \/>\n<meta property=\"og:locale\" content=\"es_ES\" \/>\n<meta property=\"og:type\" content=\"article\" \/>\n<meta property=\"og:title\" content=\"Entidades empresarias aseguran que las ventas navide\u00f1as crecieron un 30% - Informe Litoral\" \/>\n<meta property=\"og:description\" content=\"Por lo menos 16 personas murieron en accidentes viales durante las primeras horas de la Navidad. Seis de las v&iacute;ctimas circulaban en motocicletas, entre ellas un menor de cuatro a&ntilde;os que perdi&oacute; la vida junto con su padre, en San Juan. Impulsadas por ofertas, pagos en cuotas sin inter&eacute;s y descuentos exclusivos, las ventas navide&ntilde;as [&hellip;]\" \/>\n<meta property=\"og:url\" content=\"https:\/\/informelitoral.com.ar\/entidades-empresarias-aseguran-que-las-ventas-navidenas-crecieron-un-30\/\" \/>\n<meta property=\"og:site_name\" content=\"Informe Litoral\" \/>\n<meta property=\"article:publisher\" content=\"https:\/\/www.facebook.com\/informelitoral\/\" \/>\n<meta property=\"article:published_time\" content=\"2014-12-26T12:42:03+00:00\" \/>\n<meta property=\"og:image\" content=\"https:\/\/informelitoral.com.ar\/%77%70%2d%63%6f%6e%74%65%6e%74\/uploads\/2014\/12\/ventas.jpg\" \/>\n\t<meta property=\"og:image:width\" content=\"594\" \/>\n\t<meta property=\"og:image:height\" content=\"331\" \/>\n\t<meta property=\"og:image:type\" content=\"image\/jpeg\" \/>\n<meta name=\"author\" content=\"Gonzalo Schmidt\" \/>\n<meta name=\"twitter:card\" content=\"summary_large_image\" \/>\n<meta name=\"twitter:creator\" content=\"@InformeLitoral\" \/>\n<meta name=\"twitter:site\" content=\"@InformeLitoral\" \/>\n<meta name=\"twitter:label1\" content=\"Escrito por\" \/>\n\t<meta name=\"twitter:data1\" content=\"Gonzalo Schmidt\" \/>\n\t<meta name=\"twitter:label2\" content=\"Tiempo de lectura\" \/>\n\t<meta name=\"twitter:data2\" content=\"2 minutos\" \/>\n<script type=\"application\/ld+json\" class=\"yoast-schema-graph\">{\"@context\":\"https:\\\/\\\/schema.org\",\"@graph\":[{\"@type\":\"Article\",\"@id\":\"https:\\\/\\\/informelitoral.com.ar\\\/entidades-empresarias-aseguran-que-las-ventas-navidenas-crecieron-un-30\\\/#article\",\"isPartOf\":{\"@id\":\"https:\\\/\\\/informelitoral.com.ar\\\/entidades-empresarias-aseguran-que-las-ventas-navidenas-crecieron-un-30\\\/\"},\"author\":{\"name\":\"Gonzalo Schmidt\",\"@id\":\"https:\\\/\\\/informelitoral.com.ar\\\/#\\\/schema\\\/person\\\/b9d00407c836482871ef1d57bf8e3180\"},\"headline\":\"Entidades empresarias aseguran que las ventas navide\u00f1as crecieron un 30%\",\"datePublished\":\"2014-12-26T12:42:03+00:00\",\"mainEntityOfPage\":{\"@id\":\"https:\\\/\\\/informelitoral.com.ar\\\/entidades-empresarias-aseguran-que-las-ventas-navidenas-crecieron-un-30\\\/\"},\"wordCount\":365,\"commentCount\":0,\"publisher\":{\"@id\":\"https:\\\/\\\/informelitoral.com.ar\\\/#organization\"},\"image\":{\"@id\":\"https:\\\/\\\/informelitoral.com.ar\\\/entidades-empresarias-aseguran-que-las-ventas-navidenas-crecieron-un-30\\\/#primaryimage\"},\"thumbnailUrl\":\"http:\\\/\\\/www.isletasnoticias.com.ar\\\/%77%70%2d%63%6f%6e%74%65%6e%74\\\/uploads\\\/2014\\\/12\\\/ventas-300x167.jpg\",\"articleSection\":[\"Nacionales\"],\"inLanguage\":\"es\",\"potentialAction\":[{\"@type\":\"CommentAction\",\"name\":\"Comment\",\"target\":[\"https:\\\/\\\/informelitoral.com.ar\\\/entidades-empresarias-aseguran-que-las-ventas-navidenas-crecieron-un-30\\\/#respond\"]}]},{\"@type\":\"WebPage\",\"@id\":\"https:\\\/\\\/informelitoral.com.ar\\\/entidades-empresarias-aseguran-que-las-ventas-navidenas-crecieron-un-30\\\/\",\"url\":\"https:\\\/\\\/informelitoral.com.ar\\\/entidades-empresarias-aseguran-que-las-ventas-navidenas-crecieron-un-30\\\/\",\"name\":\"Entidades empresarias aseguran que las ventas navide\u00f1as crecieron un 30% - Informe Litoral\",\"isPartOf\":{\"@id\":\"https:\\\/\\\/informelitoral.com.ar\\\/#website\"},\"primaryImageOfPage\":{\"@id\":\"https:\\\/\\\/informelitoral.com.ar\\\/entidades-empresarias-aseguran-que-las-ventas-navidenas-crecieron-un-30\\\/#primaryimage\"},\"image\":{\"@id\":\"https:\\\/\\\/informelitoral.com.ar\\\/entidades-empresarias-aseguran-que-las-ventas-navidenas-crecieron-un-30\\\/#primaryimage\"},\"thumbnailUrl\":\"http:\\\/\\\/www.isletasnoticias.com.ar\\\/%77%70%2d%63%6f%6e%74%65%6e%74\\\/uploads\\\/2014\\\/12\\\/ventas-300x167.jpg\",\"datePublished\":\"2014-12-26T12:42:03+00:00\",\"breadcrumb\":{\"@id\":\"https:\\\/\\\/informelitoral.com.ar\\\/entidades-empresarias-aseguran-que-las-ventas-navidenas-crecieron-un-30\\\/#breadcrumb\"},\"inLanguage\":\"es\",\"potentialAction\":[{\"@type\":\"ReadAction\",\"target\":[\"https:\\\/\\\/informelitoral.com.ar\\\/entidades-empresarias-aseguran-que-las-ventas-navidenas-crecieron-un-30\\\/\"]}]},{\"@type\":\"ImageObject\",\"inLanguage\":\"es\",\"@id\":\"https:\\\/\\\/informelitoral.com.ar\\\/entidades-empresarias-aseguran-que-las-ventas-navidenas-crecieron-un-30\\\/#primaryimage\",\"url\":\"http:\\\/\\\/www.isletasnoticias.com.ar\\\/%77%70%2d%63%6f%6e%74%65%6e%74\\\/uploads\\\/2014\\\/12\\\/ventas-300x167.jpg\",\"contentUrl\":\"http:\\\/\\\/www.isletasnoticias.com.ar\\\/%77%70%2d%63%6f%6e%74%65%6e%74\\\/uploads\\\/2014\\\/12\\\/ventas-300x167.jpg\"},{\"@type\":\"BreadcrumbList\",\"@id\":\"https:\\\/\\\/informelitoral.com.ar\\\/entidades-empresarias-aseguran-que-las-ventas-navidenas-crecieron-un-30\\\/#breadcrumb\",\"itemListElement\":[{\"@type\":\"ListItem\",\"position\":1,\"name\":\"Portada\",\"item\":\"https:\\\/\\\/informelitoral.com.ar\\\/\"},{\"@type\":\"ListItem\",\"position\":2,\"name\":\"Entidades empresarias aseguran que las ventas navide\u00f1as crecieron un 30%\"}]},{\"@type\":\"WebSite\",\"@id\":\"https:\\\/\\\/informelitoral.com.ar\\\/#website\",\"url\":\"https:\\\/\\\/informelitoral.com.ar\\\/\",\"name\":\"Informe Litoral\",\"description\":\"&quot;Nos informamos&quot; \",\"publisher\":{\"@id\":\"https:\\\/\\\/informelitoral.com.ar\\\/#organization\"},\"potentialAction\":[{\"@type\":\"SearchAction\",\"target\":{\"@type\":\"EntryPoint\",\"urlTemplate\":\"https:\\\/\\\/informelitoral.com.ar\\\/?s={search_term_string}\"},\"query-input\":{\"@type\":\"PropertyValueSpecification\",\"valueRequired\":true,\"valueName\":\"search_term_string\"}}],\"inLanguage\":\"es\"},{\"@type\":\"Organization\",\"@id\":\"https:\\\/\\\/informelitoral.com.ar\\\/#organization\",\"name\":\"Informe Litoral\",\"url\":\"https:\\\/\\\/informelitoral.com.ar\\\/\",\"logo\":{\"@type\":\"ImageObject\",\"inLanguage\":\"es\",\"@id\":\"https:\\\/\\\/informelitoral.com.ar\\\/#\\\/schema\\\/logo\\\/image\\\/\",\"url\":\"https:\\\/\\\/informelitoral.com.ar\\\/%77%70%2d%63%6f%6e%74%65%6e%74\\\/uploads\\\/2021\\\/01\\\/circulo.png\",\"contentUrl\":\"https:\\\/\\\/informelitoral.com.ar\\\/%77%70%2d%63%6f%6e%74%65%6e%74\\\/uploads\\\/2021\\\/01\\\/circulo.png\",\"width\":723,\"height\":731,\"caption\":\"Informe Litoral\"},\"image\":{\"@id\":\"https:\\\/\\\/informelitoral.com.ar\\\/#\\\/schema\\\/logo\\\/image\\\/\"},\"sameAs\":[\"https:\\\/\\\/www.facebook.com\\\/informelitoral\\\/\",\"https:\\\/\\\/x.com\\\/InformeLitoral\",\"https:\\\/\\\/www.instagram.com\\\/informelitoral\\\/\",\"https:\\\/\\\/www.youtube.com\\\/channel\\\/UCua4Qvz8Icb6MYqhoq9xLXw\"]},{\"@type\":\"Person\",\"@id\":\"https:\\\/\\\/informelitoral.com.ar\\\/#\\\/schema\\\/person\\\/b9d00407c836482871ef1d57bf8e3180\",\"name\":\"Gonzalo Schmidt\",\"image\":{\"@type\":\"ImageObject\",\"inLanguage\":\"es\",\"@id\":\"https:\\\/\\\/secure.gravatar.com\\\/avatar\\\/31a1a7b66ff2de83bd0e9fd79d026630d2d99e55e8bfe501287647b4fd9743de?s=96&d=mm&r=g\",\"url\":\"https:\\\/\\\/secure.gravatar.com\\\/avatar\\\/31a1a7b66ff2de83bd0e9fd79d026630d2d99e55e8bfe501287647b4fd9743de?s=96&d=mm&r=g\",\"contentUrl\":\"https:\\\/\\\/secure.gravatar.com\\\/avatar\\\/31a1a7b66ff2de83bd0e9fd79d026630d2d99e55e8bfe501287647b4fd9743de?s=96&d=mm&r=g\",\"caption\":\"Gonzalo Schmidt\"},\"description\":\"Sitio web de noticias de la provincia de Entre R\u00edos, Argentina. Informaci\u00f3n y entretenimiento. Informe Litoral, nos informamos.\",\"sameAs\":[\"http:\\\/\\\/www.isletasnoticias.com.ar\"],\"url\":\"https:\\\/\\\/informelitoral.com.ar\\\/author\\\/gonzalo\\\/\"}]}<\/script>","yoast_head_json":{"title":"Entidades empresarias aseguran que las ventas navide\u00f1as crecieron un 30% - Informe Litoral","robots":{"index":"index","follow":"follow","max-snippet":"max-snippet:-1","max-image-preview":"max-image-preview:large","max-video-preview":"max-video-preview:-1"},"canonical":"https:\/\/informelitoral.com.ar\/entidades-empresarias-aseguran-que-las-ventas-navidenas-crecieron-un-30\/","og_locale":"es_ES","og_type":"article","og_title":"Entidades empresarias aseguran que las ventas navide\u00f1as crecieron un 30% - Informe Litoral","og_description":"Por lo menos 16 personas murieron en accidentes viales durante las primeras horas de la Navidad. Seis de las v&iacute;ctimas circulaban en motocicletas, entre ellas un menor de cuatro a&ntilde;os que perdi&oacute; la vida junto con su padre, en San Juan. Impulsadas por ofertas, pagos en cuotas sin inter&eacute;s y descuentos exclusivos, las ventas navide&ntilde;as [&hellip;]","og_url":"https:\/\/informelitoral.com.ar\/entidades-empresarias-aseguran-que-las-ventas-navidenas-crecieron-un-30\/","og_site_name":"Informe Litoral","article_publisher":"https:\/\/www.facebook.com\/informelitoral\/","article_published_time":"2014-12-26T12:42:03+00:00","og_image":[{"width":594,"height":331,"url":"https:\/\/informelitoral.com.ar\/%77%70%2d%63%6f%6e%74%65%6e%74\/uploads\/2014\/12\/ventas.jpg","type":"image\/jpeg"}],"author":"Gonzalo Schmidt","twitter_card":"summary_large_image","twitter_creator":"@InformeLitoral","twitter_site":"@InformeLitoral","twitter_misc":{"Escrito por":"Gonzalo Schmidt","Tiempo de lectura":"2 minutos"},"schema":{"@context":"https:\/\/schema.org","@graph":[{"@type":"Article","@id":"https:\/\/informelitoral.com.ar\/entidades-empresarias-aseguran-que-las-ventas-navidenas-crecieron-un-30\/#article","isPartOf":{"@id":"https:\/\/informelitoral.com.ar\/entidades-empresarias-aseguran-que-las-ventas-navidenas-crecieron-un-30\/"},"author":{"name":"Gonzalo Schmidt","@id":"https:\/\/informelitoral.com.ar\/#\/schema\/person\/b9d00407c836482871ef1d57bf8e3180"},"headline":"Entidades empresarias aseguran que las ventas navide\u00f1as crecieron un 30%","datePublished":"2014-12-26T12:42:03+00:00","mainEntityOfPage":{"@id":"https:\/\/informelitoral.com.ar\/entidades-empresarias-aseguran-que-las-ventas-navidenas-crecieron-un-30\/"},"wordCount":365,"commentCount":0,"publisher":{"@id":"https:\/\/informelitoral.com.ar\/#organization"},"image":{"@id":"https:\/\/informelitoral.com.ar\/entidades-empresarias-aseguran-que-las-ventas-navidenas-crecieron-un-30\/#primaryimage"},"thumbnailUrl":"http:\/\/www.isletasnoticias.com.ar\/%77%70%2d%63%6f%6e%74%65%6e%74\/uploads\/2014\/12\/ventas-300x167.jpg","articleSection":["Nacionales"],"inLanguage":"es","potentialAction":[{"@type":"CommentAction","name":"Comment","target":["https:\/\/informelitoral.com.ar\/entidades-empresarias-aseguran-que-las-ventas-navidenas-crecieron-un-30\/#respond"]}]},{"@type":"WebPage","@id":"https:\/\/informelitoral.com.ar\/entidades-empresarias-aseguran-que-las-ventas-navidenas-crecieron-un-30\/","url":"https:\/\/informelitoral.com.ar\/entidades-empresarias-aseguran-que-las-ventas-navidenas-crecieron-un-30\/","name":"Entidades empresarias aseguran que las ventas navide\u00f1as crecieron un 30% - Informe Litoral","isPartOf":{"@id":"https:\/\/informelitoral.com.ar\/#website"},"primaryImageOfPage":{"@id":"https:\/\/informelitoral.com.ar\/entidades-empresarias-aseguran-que-las-ventas-navidenas-crecieron-un-30\/#primaryimage"},"image":{"@id":"https:\/\/informelitoral.com.ar\/entidades-empresarias-aseguran-que-las-ventas-navidenas-crecieron-un-30\/#primaryimage"},"thumbnailUrl":"http:\/\/www.isletasnoticias.com.ar\/%77%70%2d%63%6f%6e%74%65%6e%74\/uploads\/2014\/12\/ventas-300x167.jpg","datePublished":"2014-12-26T12:42:03+00:00","breadcrumb":{"@id":"https:\/\/informelitoral.com.ar\/entidades-empresarias-aseguran-que-las-ventas-navidenas-crecieron-un-30\/#breadcrumb"},"inLanguage":"es","potentialAction":[{"@type":"ReadAction","target":["https:\/\/informelitoral.com.ar\/entidades-empresarias-aseguran-que-las-ventas-navidenas-crecieron-un-30\/"]}]},{"@type":"ImageObject","inLanguage":"es","@id":"https:\/\/informelitoral.com.ar\/entidades-empresarias-aseguran-que-las-ventas-navidenas-crecieron-un-30\/#primaryimage","url":"http:\/\/www.isletasnoticias.com.ar\/%77%70%2d%63%6f%6e%74%65%6e%74\/uploads\/2014\/12\/ventas-300x167.jpg","contentUrl":"http:\/\/www.isletasnoticias.com.ar\/%77%70%2d%63%6f%6e%74%65%6e%74\/uploads\/2014\/12\/ventas-300x167.jpg"},{"@type":"BreadcrumbList","@id":"https:\/\/informelitoral.com.ar\/entidades-empresarias-aseguran-que-las-ventas-navidenas-crecieron-un-30\/#breadcrumb","itemListElement":[{"@type":"ListItem","position":1,"name":"Portada","item":"https:\/\/informelitoral.com.ar\/"},{"@type":"ListItem","position":2,"name":"Entidades empresarias aseguran que las ventas navide\u00f1as crecieron un 30%"}]},{"@type":"WebSite","@id":"https:\/\/informelitoral.com.ar\/#website","url":"https:\/\/informelitoral.com.ar\/","name":"Informe Litoral","description":"&quot;Nos informamos&quot; ","publisher":{"@id":"https:\/\/informelitoral.com.ar\/#organization"},"potentialAction":[{"@type":"SearchAction","target":{"@type":"EntryPoint","urlTemplate":"https:\/\/informelitoral.com.ar\/?s={search_term_string}"},"query-input":{"@type":"PropertyValueSpecification","valueRequired":true,"valueName":"search_term_string"}}],"inLanguage":"es"},{"@type":"Organization","@id":"https:\/\/informelitoral.com.ar\/#organization","name":"Informe Litoral","url":"https:\/\/informelitoral.com.ar\/","logo":{"@type":"ImageObject","inLanguage":"es","@id":"https:\/\/informelitoral.com.ar\/#\/schema\/logo\/image\/","url":"https:\/\/informelitoral.com.ar\/%77%70%2d%63%6f%6e%74%65%6e%74\/uploads\/2021\/01\/circulo.png","contentUrl":"https:\/\/informelitoral.com.ar\/%77%70%2d%63%6f%6e%74%65%6e%74\/uploads\/2021\/01\/circulo.png","width":723,"height":731,"caption":"Informe Litoral"},"image":{"@id":"https:\/\/informelitoral.com.ar\/#\/schema\/logo\/image\/"},"sameAs":["https:\/\/www.facebook.com\/informelitoral\/","https:\/\/x.com\/InformeLitoral","https:\/\/www.instagram.com\/informelitoral\/","https:\/\/www.youtube.com\/channel\/UCua4Qvz8Icb6MYqhoq9xLXw"]},{"@type":"Person","@id":"https:\/\/informelitoral.com.ar\/#\/schema\/person\/b9d00407c836482871ef1d57bf8e3180","name":"Gonzalo Schmidt","image":{"@type":"ImageObject","inLanguage":"es","@id":"https:\/\/secure.gravatar.com\/avatar\/31a1a7b66ff2de83bd0e9fd79d026630d2d99e55e8bfe501287647b4fd9743de?s=96&d=mm&r=g","url":"https:\/\/secure.gravatar.com\/avatar\/31a1a7b66ff2de83bd0e9fd79d026630d2d99e55e8bfe501287647b4fd9743de?s=96&d=mm&r=g","contentUrl":"https:\/\/secure.gravatar.com\/avatar\/31a1a7b66ff2de83bd0e9fd79d026630d2d99e55e8bfe501287647b4fd9743de?s=96&d=mm&r=g","caption":"Gonzalo Schmidt"},"description":"Sitio web de noticias de la provincia de Entre R\u00edos, Argentina. Informaci\u00f3n y entretenimiento. Informe Litoral, nos informamos.","sameAs":["http:\/\/www.isletasnoticias.com.ar"],"url":"https:\/\/informelitoral.com.ar\/author\/gonzalo\/"}]}},"_links":{"self":[{"href":"https:\/\/informelitoral.com.ar\/%77%70%2d%6a%73%6f%6e\/wp\/v2\/posts\/9383","targetHints":{"allow":["GET"]}}],"collection":[{"href":"https:\/\/informelitoral.com.ar\/%77%70%2d%6a%73%6f%6e\/wp\/v2\/posts"}],"about":[{"href":"https:\/\/informelitoral.com.ar\/%77%70%2d%6a%73%6f%6e\/wp\/v2\/types\/post"}],"author":[{"embeddable":true,"href":"https:\/\/informelitoral.com.ar\/%77%70%2d%6a%73%6f%6e\/wp\/v2\/users\/2"}],"replies":[{"embeddable":true,"href":"https:\/\/informelitoral.com.ar\/%77%70%2d%6a%73%6f%6e\/wp\/v2\/comments?post=9383"}],"version-history":[{"count":0,"href":"https:\/\/informelitoral.com.ar\/%77%70%2d%6a%73%6f%6e\/wp\/v2\/posts\/9383\/revisions"}],"wp:attachment":[{"href":"https:\/\/informelitoral.com.ar\/%77%70%2d%6a%73%6f%6e\/wp\/v2\/media?parent=9383"}],"wp:term":[{"taxonomy":"category","embeddable":true,"href":"https:\/\/informelitoral.com.ar\/%77%70%2d%6a%73%6f%6e\/wp\/v2\/categories?post=9383"},{"taxonomy":"post_tag","embeddable":true,"href":"https:\/\/informelitoral.com.ar\/%77%70%2d%6a%73%6f%6e\/wp\/v2\/tags?post=9383"}],"curies":[{"name":"wp","href":"https:\/\/api.w.org\/{rel}","templated":true}]}}