{"id":93805,"date":"2022-11-11T09:00:28","date_gmt":"2022-11-11T12:00:28","guid":{"rendered":"https:\/\/www.informelitoral.com.ar\/?p=93805"},"modified":"2022-11-11T09:08:59","modified_gmt":"2022-11-11T12:08:59","slug":"carlos-zambrano-y-luis-advincula-fueron-sancionados-tras-ser-expulsados-en-el-boca-vs-racing","status":"publish","type":"post","link":"https:\/\/informelitoral.com.ar\/carlos-zambrano-y-luis-advincula-fueron-sancionados-tras-ser-expulsados-en-el-boca-vs-racing\/","title":{"rendered":"El Tribunal de Disciplina confirm\u00f3 las penas de los 10 expulsados en la final entre Boca y Racing: Benedetto y Alcaraz, las sanciones m\u00e1s duras"},"content":{"rendered":"<p>En un fallo sin precedentes, el Tribunal de Disciplina de la AFA confirm\u00f3 las sanciones para los diez futbolistas expulsados por Facundo tello en la final que Racing le gan\u00f3 a Boca Juniors por el Trofeo de Campeones en el Estadio \u00danico de Villa Mercedes, San Luis. Dar\u00edo Benedetto y Carlos Alcaraz, por sus gestos, recibieron los castigos m\u00e1s duros. Lo novedoso del caso es que todas penas se cumplir\u00e1n en el inicio de la Liga Profesional que comenzar\u00e1 el fin de semana del 27 de enero de 2023 y terminar\u00e1 el 5 de agosto.<\/p>\n<p class=\"paragraph\">El organismo le aplic\u00f3 cuatro fechas de suspensi\u00f3n a Dar\u00edo Benedetto y tres a Carlos Alcaraz. El caso del Pipa es por sus gestos al cuerpo arbitral a los que acus\u00f3 de haber sido \u201ccomprados\u201d y que Boca hab\u00eda sido \u201crobado\u201d. Este accionar ocurri\u00f3 luego de la expulsi\u00f3n de Frank Fabra, en el minuto 9 de adici\u00f3n del segundo tiempo suplementario. Por su parte, el caso de Charly es por \u201cincitar a la violencia, festejo desmedido e incitar una gresca generalizada\u201d, luego de anotar el gol del triunfo y celebrarlo frente al p\u00fablico xeneize, cuando restaba un minuto para el final del partido.<\/p>\n<div class=\"rawHTML raw_html\">\n<div class=\"container-video\"><\/div>\n<\/div>\n","protected":false},"excerpt":{"rendered":"<p>El organismo dio a conocer los castigos tras el bochornoso final por el Trofeo de Campeones que se disput\u00f3 el \u00faltimo domingo en San Luis. Todos se cumplir\u00e1n en la Liga Profesional que comenzar\u00e1 en enero<\/p>\n","protected":false},"author":8,"featured_media":93820,"comment_status":"open","ping_status":"open","sticky":false,"template":"","format":"standard","meta":{"fifu_image_url":"","fifu_image_alt":"","footnotes":""},"categories":[13],"tags":[384],"class_list":{"0":"post-93805","1":"post","2":"type-post","3":"status-publish","4":"format-standard","5":"has-post-thumbnail","7":"category-deportes","8":"tag-boca-juniors"},"yoast_head":"<title>El Tribunal de Disciplina confirm\u00f3 las penas de los 10 expulsados en la final entre Boca y Racing: Benedetto y Alcaraz, las sanciones m\u00e1s duras - Informe Litoral<\/title>\n<meta name=\"robots\" content=\"index, follow, max-snippet:-1, max-image-preview:large, max-video-preview:-1\" \/>\n<link rel=\"canonical\" href=\"https:\/\/informelitoral.com.ar\/carlos-zambrano-y-luis-advincula-fueron-sancionados-tras-ser-expulsados-en-el-boca-vs-racing\/\" \/>\n<meta property=\"og:locale\" content=\"es_ES\" \/>\n<meta property=\"og:type\" content=\"article\" \/>\n<meta property=\"og:title\" content=\"El Tribunal de Disciplina confirm\u00f3 las penas de los 10 expulsados en la final entre Boca y Racing: Benedetto y Alcaraz, las sanciones m\u00e1s duras - Informe Litoral\" \/>\n<meta property=\"og:description\" content=\"El organismo dio a conocer los castigos tras el bochornoso final por el Trofeo de Campeones que se disput\u00f3 el \u00faltimo domingo en San Luis. Todos se cumplir\u00e1n en la Liga Profesional que comenzar\u00e1 en enero\" \/>\n<meta property=\"og:url\" content=\"https:\/\/informelitoral.com.ar\/carlos-zambrano-y-luis-advincula-fueron-sancionados-tras-ser-expulsados-en-el-boca-vs-racing\/\" \/>\n<meta property=\"og:site_name\" content=\"Informe Litoral\" \/>\n<meta property=\"article:publisher\" content=\"https:\/\/www.facebook.com\/informelitoral\/\" \/>\n<meta property=\"article:published_time\" content=\"2022-11-11T12:00:28+00:00\" \/>\n<meta property=\"article:modified_time\" content=\"2022-11-11T12:08:59+00:00\" \/>\n<meta property=\"og:image\" content=\"https:\/\/informelitoral.com.ar\/%77%70%2d%63%6f%6e%74%65%6e%74\/uploads\/2022\/11\/UJUIOISVZFAY5CALDJFTG2IICY.webp\" \/>\n\t<meta property=\"og:image:width\" content=\"992\" \/>\n\t<meta property=\"og:image:height\" content=\"558\" \/>\n\t<meta property=\"og:image:type\" content=\"image\/webp\" \/>\n<meta name=\"author\" content=\"Sebastian\" \/>\n<meta name=\"twitter:card\" content=\"summary_large_image\" \/>\n<meta name=\"twitter:creator\" content=\"@InformeLitoral\" \/>\n<meta name=\"twitter:site\" content=\"@InformeLitoral\" \/>\n<meta name=\"twitter:label1\" content=\"Escrito por\" \/>\n\t<meta name=\"twitter:data1\" content=\"Sebastian\" \/>\n\t<meta name=\"twitter:label2\" content=\"Tiempo de lectura\" \/>\n\t<meta name=\"twitter:data2\" content=\"1 minuto\" \/>\n<script type=\"application\/ld+json\" class=\"yoast-schema-graph\">{\"@context\":\"https:\\\/\\\/schema.org\",\"@graph\":[{\"@type\":\"Article\",\"@id\":\"https:\\\/\\\/informelitoral.com.ar\\\/carlos-zambrano-y-luis-advincula-fueron-sancionados-tras-ser-expulsados-en-el-boca-vs-racing\\\/#article\",\"isPartOf\":{\"@id\":\"https:\\\/\\\/informelitoral.com.ar\\\/carlos-zambrano-y-luis-advincula-fueron-sancionados-tras-ser-expulsados-en-el-boca-vs-racing\\\/\"},\"author\":{\"name\":\"Sebastian\",\"@id\":\"https:\\\/\\\/informelitoral.com.ar\\\/#\\\/schema\\\/person\\\/f05f9f461677119578717524b127d6d5\"},\"headline\":\"El Tribunal de Disciplina confirm\u00f3 las penas de los 10 expulsados en la final entre Boca y Racing: Benedetto y Alcaraz, las sanciones m\u00e1s duras\",\"datePublished\":\"2022-11-11T12:00:28+00:00\",\"dateModified\":\"2022-11-11T12:08:59+00:00\",\"mainEntityOfPage\":{\"@id\":\"https:\\\/\\\/informelitoral.com.ar\\\/carlos-zambrano-y-luis-advincula-fueron-sancionados-tras-ser-expulsados-en-el-boca-vs-racing\\\/\"},\"wordCount\":228,\"commentCount\":0,\"publisher\":{\"@id\":\"https:\\\/\\\/informelitoral.com.ar\\\/#organization\"},\"image\":{\"@id\":\"https:\\\/\\\/informelitoral.com.ar\\\/carlos-zambrano-y-luis-advincula-fueron-sancionados-tras-ser-expulsados-en-el-boca-vs-racing\\\/#primaryimage\"},\"thumbnailUrl\":\"https:\\\/\\\/informelitoral.com.ar\\\/%77%70%2d%63%6f%6e%74%65%6e%74\\\/uploads\\\/2022\\\/11\\\/UJUIOISVZFAY5CALDJFTG2IICY.webp\",\"keywords\":[\"Boca Juniors\"],\"articleSection\":[\"Deportes\"],\"inLanguage\":\"es\",\"potentialAction\":[{\"@type\":\"CommentAction\",\"name\":\"Comment\",\"target\":[\"https:\\\/\\\/informelitoral.com.ar\\\/carlos-zambrano-y-luis-advincula-fueron-sancionados-tras-ser-expulsados-en-el-boca-vs-racing\\\/#respond\"]}]},{\"@type\":\"WebPage\",\"@id\":\"https:\\\/\\\/informelitoral.com.ar\\\/carlos-zambrano-y-luis-advincula-fueron-sancionados-tras-ser-expulsados-en-el-boca-vs-racing\\\/\",\"url\":\"https:\\\/\\\/informelitoral.com.ar\\\/carlos-zambrano-y-luis-advincula-fueron-sancionados-tras-ser-expulsados-en-el-boca-vs-racing\\\/\",\"name\":\"El Tribunal de Disciplina confirm\u00f3 las penas de los 10 expulsados en la final entre Boca y Racing: Benedetto y Alcaraz, las sanciones m\u00e1s duras - Informe Litoral\",\"isPartOf\":{\"@id\":\"https:\\\/\\\/informelitoral.com.ar\\\/#website\"},\"primaryImageOfPage\":{\"@id\":\"https:\\\/\\\/informelitoral.com.ar\\\/carlos-zambrano-y-luis-advincula-fueron-sancionados-tras-ser-expulsados-en-el-boca-vs-racing\\\/#primaryimage\"},\"image\":{\"@id\":\"https:\\\/\\\/informelitoral.com.ar\\\/carlos-zambrano-y-luis-advincula-fueron-sancionados-tras-ser-expulsados-en-el-boca-vs-racing\\\/#primaryimage\"},\"thumbnailUrl\":\"https:\\\/\\\/informelitoral.com.ar\\\/%77%70%2d%63%6f%6e%74%65%6e%74\\\/uploads\\\/2022\\\/11\\\/UJUIOISVZFAY5CALDJFTG2IICY.webp\",\"datePublished\":\"2022-11-11T12:00:28+00:00\",\"dateModified\":\"2022-11-11T12:08:59+00:00\",\"breadcrumb\":{\"@id\":\"https:\\\/\\\/informelitoral.com.ar\\\/carlos-zambrano-y-luis-advincula-fueron-sancionados-tras-ser-expulsados-en-el-boca-vs-racing\\\/#breadcrumb\"},\"inLanguage\":\"es\",\"potentialAction\":[{\"@type\":\"ReadAction\",\"target\":[\"https:\\\/\\\/informelitoral.com.ar\\\/carlos-zambrano-y-luis-advincula-fueron-sancionados-tras-ser-expulsados-en-el-boca-vs-racing\\\/\"]}]},{\"@type\":\"ImageObject\",\"inLanguage\":\"es\",\"@id\":\"https:\\\/\\\/informelitoral.com.ar\\\/carlos-zambrano-y-luis-advincula-fueron-sancionados-tras-ser-expulsados-en-el-boca-vs-racing\\\/#primaryimage\",\"url\":\"https:\\\/\\\/informelitoral.com.ar\\\/%77%70%2d%63%6f%6e%74%65%6e%74\\\/uploads\\\/2022\\\/11\\\/UJUIOISVZFAY5CALDJFTG2IICY.webp\",\"contentUrl\":\"https:\\\/\\\/informelitoral.com.ar\\\/%77%70%2d%63%6f%6e%74%65%6e%74\\\/uploads\\\/2022\\\/11\\\/UJUIOISVZFAY5CALDJFTG2IICY.webp\",\"width\":992,\"height\":558},{\"@type\":\"BreadcrumbList\",\"@id\":\"https:\\\/\\\/informelitoral.com.ar\\\/carlos-zambrano-y-luis-advincula-fueron-sancionados-tras-ser-expulsados-en-el-boca-vs-racing\\\/#breadcrumb\",\"itemListElement\":[{\"@type\":\"ListItem\",\"position\":1,\"name\":\"Portada\",\"item\":\"https:\\\/\\\/informelitoral.com.ar\\\/\"},{\"@type\":\"ListItem\",\"position\":2,\"name\":\"El Tribunal de Disciplina confirm\u00f3 las penas de los 10 expulsados en la final entre Boca y Racing: Benedetto y Alcaraz, las sanciones m\u00e1s duras\"}]},{\"@type\":\"WebSite\",\"@id\":\"https:\\\/\\\/informelitoral.com.ar\\\/#website\",\"url\":\"https:\\\/\\\/informelitoral.com.ar\\\/\",\"name\":\"Informe Litoral\",\"description\":\"&quot;Nos informamos&quot; \",\"publisher\":{\"@id\":\"https:\\\/\\\/informelitoral.com.ar\\\/#organization\"},\"potentialAction\":[{\"@type\":\"SearchAction\",\"target\":{\"@type\":\"EntryPoint\",\"urlTemplate\":\"https:\\\/\\\/informelitoral.com.ar\\\/?s={search_term_string}\"},\"query-input\":{\"@type\":\"PropertyValueSpecification\",\"valueRequired\":true,\"valueName\":\"search_term_string\"}}],\"inLanguage\":\"es\"},{\"@type\":\"Organization\",\"@id\":\"https:\\\/\\\/informelitoral.com.ar\\\/#organization\",\"name\":\"Informe Litoral\",\"url\":\"https:\\\/\\\/informelitoral.com.ar\\\/\",\"logo\":{\"@type\":\"ImageObject\",\"inLanguage\":\"es\",\"@id\":\"https:\\\/\\\/informelitoral.com.ar\\\/#\\\/schema\\\/logo\\\/image\\\/\",\"url\":\"https:\\\/\\\/informelitoral.com.ar\\\/%77%70%2d%63%6f%6e%74%65%6e%74\\\/uploads\\\/2021\\\/01\\\/circulo.png\",\"contentUrl\":\"https:\\\/\\\/informelitoral.com.ar\\\/%77%70%2d%63%6f%6e%74%65%6e%74\\\/uploads\\\/2021\\\/01\\\/circulo.png\",\"width\":723,\"height\":731,\"caption\":\"Informe Litoral\"},\"image\":{\"@id\":\"https:\\\/\\\/informelitoral.com.ar\\\/#\\\/schema\\\/logo\\\/image\\\/\"},\"sameAs\":[\"https:\\\/\\\/www.facebook.com\\\/informelitoral\\\/\",\"https:\\\/\\\/x.com\\\/InformeLitoral\",\"https:\\\/\\\/www.instagram.com\\\/informelitoral\\\/\",\"https:\\\/\\\/www.youtube.com\\\/channel\\\/UCua4Qvz8Icb6MYqhoq9xLXw\"]},{\"@type\":\"Person\",\"@id\":\"https:\\\/\\\/informelitoral.com.ar\\\/#\\\/schema\\\/person\\\/f05f9f461677119578717524b127d6d5\",\"name\":\"Sebastian\",\"image\":{\"@type\":\"ImageObject\",\"inLanguage\":\"es\",\"@id\":\"https:\\\/\\\/secure.gravatar.com\\\/avatar\\\/b71bf7481d447dfb9583c7f2798e7cc64de6efb9067b74633ed8c31059a3bd82?s=96&d=mm&r=g\",\"url\":\"https:\\\/\\\/secure.gravatar.com\\\/avatar\\\/b71bf7481d447dfb9583c7f2798e7cc64de6efb9067b74633ed8c31059a3bd82?s=96&d=mm&r=g\",\"contentUrl\":\"https:\\\/\\\/secure.gravatar.com\\\/avatar\\\/b71bf7481d447dfb9583c7f2798e7cc64de6efb9067b74633ed8c31059a3bd82?s=96&d=mm&r=g\",\"caption\":\"Sebastian\"},\"url\":\"https:\\\/\\\/informelitoral.com.ar\\\/author\\\/sebastian\\\/\"}]}<\/script>","yoast_head_json":{"title":"El Tribunal de Disciplina confirm\u00f3 las penas de los 10 expulsados en la final entre Boca y Racing: Benedetto y Alcaraz, las sanciones m\u00e1s duras - Informe Litoral","robots":{"index":"index","follow":"follow","max-snippet":"max-snippet:-1","max-image-preview":"max-image-preview:large","max-video-preview":"max-video-preview:-1"},"canonical":"https:\/\/informelitoral.com.ar\/carlos-zambrano-y-luis-advincula-fueron-sancionados-tras-ser-expulsados-en-el-boca-vs-racing\/","og_locale":"es_ES","og_type":"article","og_title":"El Tribunal de Disciplina confirm\u00f3 las penas de los 10 expulsados en la final entre Boca y Racing: Benedetto y Alcaraz, las sanciones m\u00e1s duras - Informe Litoral","og_description":"El organismo dio a conocer los castigos tras el bochornoso final por el Trofeo de Campeones que se disput\u00f3 el \u00faltimo domingo en San Luis. Todos se cumplir\u00e1n en la Liga Profesional que comenzar\u00e1 en enero","og_url":"https:\/\/informelitoral.com.ar\/carlos-zambrano-y-luis-advincula-fueron-sancionados-tras-ser-expulsados-en-el-boca-vs-racing\/","og_site_name":"Informe Litoral","article_publisher":"https:\/\/www.facebook.com\/informelitoral\/","article_published_time":"2022-11-11T12:00:28+00:00","article_modified_time":"2022-11-11T12:08:59+00:00","og_image":[{"width":992,"height":558,"url":"https:\/\/informelitoral.com.ar\/%77%70%2d%63%6f%6e%74%65%6e%74\/uploads\/2022\/11\/UJUIOISVZFAY5CALDJFTG2IICY.webp","type":"image\/webp"}],"author":"Sebastian","twitter_card":"summary_large_image","twitter_creator":"@InformeLitoral","twitter_site":"@InformeLitoral","twitter_misc":{"Escrito por":"Sebastian","Tiempo de lectura":"1 minuto"},"schema":{"@context":"https:\/\/schema.org","@graph":[{"@type":"Article","@id":"https:\/\/informelitoral.com.ar\/carlos-zambrano-y-luis-advincula-fueron-sancionados-tras-ser-expulsados-en-el-boca-vs-racing\/#article","isPartOf":{"@id":"https:\/\/informelitoral.com.ar\/carlos-zambrano-y-luis-advincula-fueron-sancionados-tras-ser-expulsados-en-el-boca-vs-racing\/"},"author":{"name":"Sebastian","@id":"https:\/\/informelitoral.com.ar\/#\/schema\/person\/f05f9f461677119578717524b127d6d5"},"headline":"El Tribunal de Disciplina confirm\u00f3 las penas de los 10 expulsados en la final entre Boca y Racing: Benedetto y Alcaraz, las sanciones m\u00e1s duras","datePublished":"2022-11-11T12:00:28+00:00","dateModified":"2022-11-11T12:08:59+00:00","mainEntityOfPage":{"@id":"https:\/\/informelitoral.com.ar\/carlos-zambrano-y-luis-advincula-fueron-sancionados-tras-ser-expulsados-en-el-boca-vs-racing\/"},"wordCount":228,"commentCount":0,"publisher":{"@id":"https:\/\/informelitoral.com.ar\/#organization"},"image":{"@id":"https:\/\/informelitoral.com.ar\/carlos-zambrano-y-luis-advincula-fueron-sancionados-tras-ser-expulsados-en-el-boca-vs-racing\/#primaryimage"},"thumbnailUrl":"https:\/\/informelitoral.com.ar\/%77%70%2d%63%6f%6e%74%65%6e%74\/uploads\/2022\/11\/UJUIOISVZFAY5CALDJFTG2IICY.webp","keywords":["Boca Juniors"],"articleSection":["Deportes"],"inLanguage":"es","potentialAction":[{"@type":"CommentAction","name":"Comment","target":["https:\/\/informelitoral.com.ar\/carlos-zambrano-y-luis-advincula-fueron-sancionados-tras-ser-expulsados-en-el-boca-vs-racing\/#respond"]}]},{"@type":"WebPage","@id":"https:\/\/informelitoral.com.ar\/carlos-zambrano-y-luis-advincula-fueron-sancionados-tras-ser-expulsados-en-el-boca-vs-racing\/","url":"https:\/\/informelitoral.com.ar\/carlos-zambrano-y-luis-advincula-fueron-sancionados-tras-ser-expulsados-en-el-boca-vs-racing\/","name":"El Tribunal de Disciplina confirm\u00f3 las penas de los 10 expulsados en la final entre Boca y Racing: Benedetto y Alcaraz, las sanciones m\u00e1s duras - Informe Litoral","isPartOf":{"@id":"https:\/\/informelitoral.com.ar\/#website"},"primaryImageOfPage":{"@id":"https:\/\/informelitoral.com.ar\/carlos-zambrano-y-luis-advincula-fueron-sancionados-tras-ser-expulsados-en-el-boca-vs-racing\/#primaryimage"},"image":{"@id":"https:\/\/informelitoral.com.ar\/carlos-zambrano-y-luis-advincula-fueron-sancionados-tras-ser-expulsados-en-el-boca-vs-racing\/#primaryimage"},"thumbnailUrl":"https:\/\/informelitoral.com.ar\/%77%70%2d%63%6f%6e%74%65%6e%74\/uploads\/2022\/11\/UJUIOISVZFAY5CALDJFTG2IICY.webp","datePublished":"2022-11-11T12:00:28+00:00","dateModified":"2022-11-11T12:08:59+00:00","breadcrumb":{"@id":"https:\/\/informelitoral.com.ar\/carlos-zambrano-y-luis-advincula-fueron-sancionados-tras-ser-expulsados-en-el-boca-vs-racing\/#breadcrumb"},"inLanguage":"es","potentialAction":[{"@type":"ReadAction","target":["https:\/\/informelitoral.com.ar\/carlos-zambrano-y-luis-advincula-fueron-sancionados-tras-ser-expulsados-en-el-boca-vs-racing\/"]}]},{"@type":"ImageObject","inLanguage":"es","@id":"https:\/\/informelitoral.com.ar\/carlos-zambrano-y-luis-advincula-fueron-sancionados-tras-ser-expulsados-en-el-boca-vs-racing\/#primaryimage","url":"https:\/\/informelitoral.com.ar\/%77%70%2d%63%6f%6e%74%65%6e%74\/uploads\/2022\/11\/UJUIOISVZFAY5CALDJFTG2IICY.webp","contentUrl":"https:\/\/informelitoral.com.ar\/%77%70%2d%63%6f%6e%74%65%6e%74\/uploads\/2022\/11\/UJUIOISVZFAY5CALDJFTG2IICY.webp","width":992,"height":558},{"@type":"BreadcrumbList","@id":"https:\/\/informelitoral.com.ar\/carlos-zambrano-y-luis-advincula-fueron-sancionados-tras-ser-expulsados-en-el-boca-vs-racing\/#breadcrumb","itemListElement":[{"@type":"ListItem","position":1,"name":"Portada","item":"https:\/\/informelitoral.com.ar\/"},{"@type":"ListItem","position":2,"name":"El Tribunal de Disciplina confirm\u00f3 las penas de los 10 expulsados en la final entre Boca y Racing: Benedetto y Alcaraz, las sanciones m\u00e1s duras"}]},{"@type":"WebSite","@id":"https:\/\/informelitoral.com.ar\/#website","url":"https:\/\/informelitoral.com.ar\/","name":"Informe Litoral","description":"&quot;Nos informamos&quot; ","publisher":{"@id":"https:\/\/informelitoral.com.ar\/#organization"},"potentialAction":[{"@type":"SearchAction","target":{"@type":"EntryPoint","urlTemplate":"https:\/\/informelitoral.com.ar\/?s={search_term_string}"},"query-input":{"@type":"PropertyValueSpecification","valueRequired":true,"valueName":"search_term_string"}}],"inLanguage":"es"},{"@type":"Organization","@id":"https:\/\/informelitoral.com.ar\/#organization","name":"Informe Litoral","url":"https:\/\/informelitoral.com.ar\/","logo":{"@type":"ImageObject","inLanguage":"es","@id":"https:\/\/informelitoral.com.ar\/#\/schema\/logo\/image\/","url":"https:\/\/informelitoral.com.ar\/%77%70%2d%63%6f%6e%74%65%6e%74\/uploads\/2021\/01\/circulo.png","contentUrl":"https:\/\/informelitoral.com.ar\/%77%70%2d%63%6f%6e%74%65%6e%74\/uploads\/2021\/01\/circulo.png","width":723,"height":731,"caption":"Informe Litoral"},"image":{"@id":"https:\/\/informelitoral.com.ar\/#\/schema\/logo\/image\/"},"sameAs":["https:\/\/www.facebook.com\/informelitoral\/","https:\/\/x.com\/InformeLitoral","https:\/\/www.instagram.com\/informelitoral\/","https:\/\/www.youtube.com\/channel\/UCua4Qvz8Icb6MYqhoq9xLXw"]},{"@type":"Person","@id":"https:\/\/informelitoral.com.ar\/#\/schema\/person\/f05f9f461677119578717524b127d6d5","name":"Sebastian","image":{"@type":"ImageObject","inLanguage":"es","@id":"https:\/\/secure.gravatar.com\/avatar\/b71bf7481d447dfb9583c7f2798e7cc64de6efb9067b74633ed8c31059a3bd82?s=96&d=mm&r=g","url":"https:\/\/secure.gravatar.com\/avatar\/b71bf7481d447dfb9583c7f2798e7cc64de6efb9067b74633ed8c31059a3bd82?s=96&d=mm&r=g","contentUrl":"https:\/\/secure.gravatar.com\/avatar\/b71bf7481d447dfb9583c7f2798e7cc64de6efb9067b74633ed8c31059a3bd82?s=96&d=mm&r=g","caption":"Sebastian"},"url":"https:\/\/informelitoral.com.ar\/author\/sebastian\/"}]}},"_links":{"self":[{"href":"https:\/\/informelitoral.com.ar\/%77%70%2d%6a%73%6f%6e\/wp\/v2\/posts\/93805","targetHints":{"allow":["GET"]}}],"collection":[{"href":"https:\/\/informelitoral.com.ar\/%77%70%2d%6a%73%6f%6e\/wp\/v2\/posts"}],"about":[{"href":"https:\/\/informelitoral.com.ar\/%77%70%2d%6a%73%6f%6e\/wp\/v2\/types\/post"}],"author":[{"embeddable":true,"href":"https:\/\/informelitoral.com.ar\/%77%70%2d%6a%73%6f%6e\/wp\/v2\/users\/8"}],"replies":[{"embeddable":true,"href":"https:\/\/informelitoral.com.ar\/%77%70%2d%6a%73%6f%6e\/wp\/v2\/comments?post=93805"}],"version-history":[{"count":0,"href":"https:\/\/informelitoral.com.ar\/%77%70%2d%6a%73%6f%6e\/wp\/v2\/posts\/93805\/revisions"}],"wp:featuredmedia":[{"embeddable":true,"href":"https:\/\/informelitoral.com.ar\/%77%70%2d%6a%73%6f%6e\/wp\/v2\/media\/93820"}],"wp:attachment":[{"href":"https:\/\/informelitoral.com.ar\/%77%70%2d%6a%73%6f%6e\/wp\/v2\/media?parent=93805"}],"wp:term":[{"taxonomy":"category","embeddable":true,"href":"https:\/\/informelitoral.com.ar\/%77%70%2d%6a%73%6f%6e\/wp\/v2\/categories?post=93805"},{"taxonomy":"post_tag","embeddable":true,"href":"https:\/\/informelitoral.com.ar\/%77%70%2d%6a%73%6f%6e\/wp\/v2\/tags?post=93805"}],"curies":[{"name":"wp","href":"https:\/\/api.w.org\/{rel}","templated":true}]}}