{"id":938,"date":"2013-04-10T21:50:30","date_gmt":"2013-04-11T00:50:30","guid":{"rendered":"http:\/\/www.isletasnoticias.com.ar\/?p=938"},"modified":"2013-04-10T21:51:22","modified_gmt":"2013-04-11T00:51:22","slug":"confirman-el-mito-el-tamano-del-pene-si-importa","status":"publish","type":"post","link":"https:\/\/informelitoral.com.ar\/confirman-el-mito-el-tamano-del-pene-si-importa\/","title":{"rendered":"Confirman el mito: el tama\u00f1o s\u00ed importa"},"content":{"rendered":"<p><strong>Un estudio realizado por la Universidad Nacional Australiana de Canberra determin\u00f3 que si bien s\u00ed es importante, no es lo \u00fanico: la espalda y altura tambi\u00e9n entran en la lista.<\/strong><\/p>\n<p><img loading=\"lazy\" decoding=\"async\" class=\"size-medium wp-image-939 alignleft\" alt=\"tasma\" src=\"http:\/\/www.isletasnoticias.com.ar\/%77%70%2d%63%6f%6e%74%65%6e%74\/uploads\/2013\/04\/tasma-300x225.jpg\" width=\"300\" height=\"225\" srcset=\"https:\/\/informelitoral.com.ar\/%77%70%2d%63%6f%6e%74%65%6e%74\/uploads\/2013\/04\/tasma-300x225.jpg 300w, https:\/\/informelitoral.com.ar\/%77%70%2d%63%6f%6e%74%65%6e%74\/uploads\/2013\/04\/tasma.jpg 741w\" sizes=\"auto, (max-width: 300px) 100vw, 300px\" \/><\/p>\n<div>Las mujeres se cansan de decir que el tama\u00f1o no importa y si bien muchos hombres podr\u00edan haber comenzado a\u00a0creerlo, no es as\u00ed, al menos seg\u00fan un estudio realizado por bi\u00f3logos de la Universidad Nacional Australiana de Canberra.<\/div>\n<div><\/div>\n<div>A trav\u00e9s de la investigaci\u00f3n, que tuvo en cuenta las proporciones corporales, se revel\u00f3 que<b>\u00a0el tama\u00f1o del pene ayuda a seducir a las mujeres.<\/b><em>\u00a0\u00abEste tema excit\u00f3 la imaginaci\u00f3n del p\u00fablico durante mucho tiempo. Hemos tratado de responder a esta pregunta con un enfoque cient\u00edfico ancestral v\u00e1lido\u00bb,<\/em> se\u00f1ala\u00a0<b>Michael Jennions<\/b>, profesor de biolog\u00eda de la universidad, seg\u00fan\u00a0<i>ABC<\/i>.<\/div>\n<div><\/div>\n<div>Si bien los bi\u00f3logos creen que el Homo sapiens antes de llevar ropa eran elegidos por sus compa\u00f1eras por el tama\u00f1o del pene como uno de los factores en la elecci\u00f3n para la reproducci\u00f3n, pocos datos se a\u00f1adieron para apoyar esta hip\u00f3tesis.<\/div>\n<div><\/div>\n<div>Otros estudios ya determinaron que el tama\u00f1o de los hombros y la altura del hombre eran la preferencia de las mujeres, pero ahora esta investigaci\u00f3n agreg\u00f3 otros criterios. El tama\u00f1o del falo es el principal.<\/div>\n<div><\/div>\n<div>Eso s\u00ed, eso solo no es lo suficiente. <em>\u00abSi usted tiene un peque\u00f1o cuerpo con forma de pera, un pene grande no va a aumentar su atractivo sexual\u00bb<\/em>, escribe <strong>Brian Mautz<\/strong>, coautor del estudio.<\/div>\n<div><\/div>\n<div>Fuente: Minutouno.<\/div>\n","protected":false},"excerpt":{"rendered":"<p>Un estudio realizado por la Universidad Nacional Australiana de Canberra determin&oacute; que si bien s&iacute; es importante, no es lo &uacute;nico: la espalda y altura tambi&eacute;n entran en la lista. Las mujeres se cansan de decir que el tama&ntilde;o no importa y si bien muchos hombres podr&iacute;an haber comenzado a&nbsp;creerlo, no es as&iacute;, al menos [&hellip;]<\/p>\n","protected":false},"author":2,"featured_media":0,"comment_status":"open","ping_status":"open","sticky":false,"template":"","format":"standard","meta":{"fifu_image_url":"","fifu_image_alt":"","footnotes":""},"categories":[1],"tags":[],"class_list":{"0":"post-938","1":"post","2":"type-post","3":"status-publish","4":"format-standard","6":"category-sin-categoria"},"yoast_head":"<title>Confirman el mito: el tama\u00f1o s\u00ed importa - Informe Litoral<\/title>\n<meta name=\"robots\" content=\"index, follow, max-snippet:-1, max-image-preview:large, max-video-preview:-1\" \/>\n<link rel=\"canonical\" href=\"https:\/\/informelitoral.com.ar\/confirman-el-mito-el-tamano-del-pene-si-importa\/\" \/>\n<meta property=\"og:locale\" content=\"es_ES\" \/>\n<meta property=\"og:type\" content=\"article\" \/>\n<meta property=\"og:title\" content=\"Confirman el mito: el tama\u00f1o s\u00ed importa - Informe Litoral\" \/>\n<meta property=\"og:description\" content=\"Un estudio realizado por la Universidad Nacional Australiana de Canberra determin&oacute; que si bien s&iacute; es importante, no es lo &uacute;nico: la espalda y altura tambi&eacute;n entran en la lista. Las mujeres se cansan de decir que el tama&ntilde;o no importa y si bien muchos hombres podr&iacute;an haber comenzado a&nbsp;creerlo, no es as&iacute;, al menos [&hellip;]\" \/>\n<meta property=\"og:url\" content=\"https:\/\/informelitoral.com.ar\/confirman-el-mito-el-tamano-del-pene-si-importa\/\" \/>\n<meta property=\"og:site_name\" content=\"Informe Litoral\" \/>\n<meta property=\"article:publisher\" content=\"https:\/\/www.facebook.com\/informelitoral\/\" \/>\n<meta property=\"article:published_time\" content=\"2013-04-11T00:50:30+00:00\" \/>\n<meta property=\"article:modified_time\" content=\"2013-04-11T00:51:22+00:00\" \/>\n<meta property=\"og:image\" content=\"https:\/\/informelitoral.com.ar\/%77%70%2d%63%6f%6e%74%65%6e%74\/uploads\/2013\/04\/tasma.jpg\" \/>\n\t<meta property=\"og:image:width\" content=\"741\" \/>\n\t<meta property=\"og:image:height\" content=\"556\" \/>\n\t<meta property=\"og:image:type\" content=\"image\/jpeg\" \/>\n<meta name=\"author\" content=\"Gonzalo Schmidt\" \/>\n<meta name=\"twitter:card\" content=\"summary_large_image\" \/>\n<meta name=\"twitter:creator\" content=\"@InformeLitoral\" \/>\n<meta name=\"twitter:site\" content=\"@InformeLitoral\" \/>\n<meta name=\"twitter:label1\" content=\"Escrito por\" \/>\n\t<meta name=\"twitter:data1\" content=\"Gonzalo Schmidt\" \/>\n\t<meta name=\"twitter:label2\" content=\"Tiempo de lectura\" \/>\n\t<meta name=\"twitter:data2\" content=\"1 minuto\" \/>\n<script type=\"application\/ld+json\" class=\"yoast-schema-graph\">{\"@context\":\"https:\\\/\\\/schema.org\",\"@graph\":[{\"@type\":\"Article\",\"@id\":\"https:\\\/\\\/informelitoral.com.ar\\\/confirman-el-mito-el-tamano-del-pene-si-importa\\\/#article\",\"isPartOf\":{\"@id\":\"https:\\\/\\\/informelitoral.com.ar\\\/confirman-el-mito-el-tamano-del-pene-si-importa\\\/\"},\"author\":{\"name\":\"Gonzalo Schmidt\",\"@id\":\"https:\\\/\\\/informelitoral.com.ar\\\/#\\\/schema\\\/person\\\/b9d00407c836482871ef1d57bf8e3180\"},\"headline\":\"Confirman el mito: el tama\u00f1o s\u00ed importa\",\"datePublished\":\"2013-04-11T00:50:30+00:00\",\"dateModified\":\"2013-04-11T00:51:22+00:00\",\"mainEntityOfPage\":{\"@id\":\"https:\\\/\\\/informelitoral.com.ar\\\/confirman-el-mito-el-tamano-del-pene-si-importa\\\/\"},\"wordCount\":275,\"commentCount\":0,\"publisher\":{\"@id\":\"https:\\\/\\\/informelitoral.com.ar\\\/#organization\"},\"image\":{\"@id\":\"https:\\\/\\\/informelitoral.com.ar\\\/confirman-el-mito-el-tamano-del-pene-si-importa\\\/#primaryimage\"},\"thumbnailUrl\":\"http:\\\/\\\/www.isletasnoticias.com.ar\\\/%77%70%2d%63%6f%6e%74%65%6e%74\\\/uploads\\\/2013\\\/04\\\/tasma-300x225.jpg\",\"inLanguage\":\"es\",\"potentialAction\":[{\"@type\":\"CommentAction\",\"name\":\"Comment\",\"target\":[\"https:\\\/\\\/informelitoral.com.ar\\\/confirman-el-mito-el-tamano-del-pene-si-importa\\\/#respond\"]}]},{\"@type\":\"WebPage\",\"@id\":\"https:\\\/\\\/informelitoral.com.ar\\\/confirman-el-mito-el-tamano-del-pene-si-importa\\\/\",\"url\":\"https:\\\/\\\/informelitoral.com.ar\\\/confirman-el-mito-el-tamano-del-pene-si-importa\\\/\",\"name\":\"Confirman el mito: el tama\u00f1o s\u00ed importa - Informe Litoral\",\"isPartOf\":{\"@id\":\"https:\\\/\\\/informelitoral.com.ar\\\/#website\"},\"primaryImageOfPage\":{\"@id\":\"https:\\\/\\\/informelitoral.com.ar\\\/confirman-el-mito-el-tamano-del-pene-si-importa\\\/#primaryimage\"},\"image\":{\"@id\":\"https:\\\/\\\/informelitoral.com.ar\\\/confirman-el-mito-el-tamano-del-pene-si-importa\\\/#primaryimage\"},\"thumbnailUrl\":\"http:\\\/\\\/www.isletasnoticias.com.ar\\\/%77%70%2d%63%6f%6e%74%65%6e%74\\\/uploads\\\/2013\\\/04\\\/tasma-300x225.jpg\",\"datePublished\":\"2013-04-11T00:50:30+00:00\",\"dateModified\":\"2013-04-11T00:51:22+00:00\",\"breadcrumb\":{\"@id\":\"https:\\\/\\\/informelitoral.com.ar\\\/confirman-el-mito-el-tamano-del-pene-si-importa\\\/#breadcrumb\"},\"inLanguage\":\"es\",\"potentialAction\":[{\"@type\":\"ReadAction\",\"target\":[\"https:\\\/\\\/informelitoral.com.ar\\\/confirman-el-mito-el-tamano-del-pene-si-importa\\\/\"]}]},{\"@type\":\"ImageObject\",\"inLanguage\":\"es\",\"@id\":\"https:\\\/\\\/informelitoral.com.ar\\\/confirman-el-mito-el-tamano-del-pene-si-importa\\\/#primaryimage\",\"url\":\"http:\\\/\\\/www.isletasnoticias.com.ar\\\/%77%70%2d%63%6f%6e%74%65%6e%74\\\/uploads\\\/2013\\\/04\\\/tasma-300x225.jpg\",\"contentUrl\":\"http:\\\/\\\/www.isletasnoticias.com.ar\\\/%77%70%2d%63%6f%6e%74%65%6e%74\\\/uploads\\\/2013\\\/04\\\/tasma-300x225.jpg\"},{\"@type\":\"BreadcrumbList\",\"@id\":\"https:\\\/\\\/informelitoral.com.ar\\\/confirman-el-mito-el-tamano-del-pene-si-importa\\\/#breadcrumb\",\"itemListElement\":[{\"@type\":\"ListItem\",\"position\":1,\"name\":\"Portada\",\"item\":\"https:\\\/\\\/informelitoral.com.ar\\\/\"},{\"@type\":\"ListItem\",\"position\":2,\"name\":\"Confirman el mito: el tama\u00f1o s\u00ed importa\"}]},{\"@type\":\"WebSite\",\"@id\":\"https:\\\/\\\/informelitoral.com.ar\\\/#website\",\"url\":\"https:\\\/\\\/informelitoral.com.ar\\\/\",\"name\":\"Informe Litoral\",\"description\":\"&quot;Nos informamos&quot; \",\"publisher\":{\"@id\":\"https:\\\/\\\/informelitoral.com.ar\\\/#organization\"},\"potentialAction\":[{\"@type\":\"SearchAction\",\"target\":{\"@type\":\"EntryPoint\",\"urlTemplate\":\"https:\\\/\\\/informelitoral.com.ar\\\/?s={search_term_string}\"},\"query-input\":{\"@type\":\"PropertyValueSpecification\",\"valueRequired\":true,\"valueName\":\"search_term_string\"}}],\"inLanguage\":\"es\"},{\"@type\":\"Organization\",\"@id\":\"https:\\\/\\\/informelitoral.com.ar\\\/#organization\",\"name\":\"Informe Litoral\",\"url\":\"https:\\\/\\\/informelitoral.com.ar\\\/\",\"logo\":{\"@type\":\"ImageObject\",\"inLanguage\":\"es\",\"@id\":\"https:\\\/\\\/informelitoral.com.ar\\\/#\\\/schema\\\/logo\\\/image\\\/\",\"url\":\"https:\\\/\\\/informelitoral.com.ar\\\/%77%70%2d%63%6f%6e%74%65%6e%74\\\/uploads\\\/2021\\\/01\\\/circulo.png\",\"contentUrl\":\"https:\\\/\\\/informelitoral.com.ar\\\/%77%70%2d%63%6f%6e%74%65%6e%74\\\/uploads\\\/2021\\\/01\\\/circulo.png\",\"width\":723,\"height\":731,\"caption\":\"Informe Litoral\"},\"image\":{\"@id\":\"https:\\\/\\\/informelitoral.com.ar\\\/#\\\/schema\\\/logo\\\/image\\\/\"},\"sameAs\":[\"https:\\\/\\\/www.facebook.com\\\/informelitoral\\\/\",\"https:\\\/\\\/x.com\\\/InformeLitoral\",\"https:\\\/\\\/www.instagram.com\\\/informelitoral\\\/\",\"https:\\\/\\\/www.youtube.com\\\/channel\\\/UCua4Qvz8Icb6MYqhoq9xLXw\"]},{\"@type\":\"Person\",\"@id\":\"https:\\\/\\\/informelitoral.com.ar\\\/#\\\/schema\\\/person\\\/b9d00407c836482871ef1d57bf8e3180\",\"name\":\"Gonzalo Schmidt\",\"image\":{\"@type\":\"ImageObject\",\"inLanguage\":\"es\",\"@id\":\"https:\\\/\\\/secure.gravatar.com\\\/avatar\\\/31a1a7b66ff2de83bd0e9fd79d026630d2d99e55e8bfe501287647b4fd9743de?s=96&d=mm&r=g\",\"url\":\"https:\\\/\\\/secure.gravatar.com\\\/avatar\\\/31a1a7b66ff2de83bd0e9fd79d026630d2d99e55e8bfe501287647b4fd9743de?s=96&d=mm&r=g\",\"contentUrl\":\"https:\\\/\\\/secure.gravatar.com\\\/avatar\\\/31a1a7b66ff2de83bd0e9fd79d026630d2d99e55e8bfe501287647b4fd9743de?s=96&d=mm&r=g\",\"caption\":\"Gonzalo Schmidt\"},\"description\":\"Sitio web de noticias de la provincia de Entre R\u00edos, Argentina. Informaci\u00f3n y entretenimiento. Informe Litoral, nos informamos.\",\"sameAs\":[\"http:\\\/\\\/www.isletasnoticias.com.ar\"],\"url\":\"https:\\\/\\\/informelitoral.com.ar\\\/author\\\/gonzalo\\\/\"}]}<\/script>","yoast_head_json":{"title":"Confirman el mito: el tama\u00f1o s\u00ed importa - Informe Litoral","robots":{"index":"index","follow":"follow","max-snippet":"max-snippet:-1","max-image-preview":"max-image-preview:large","max-video-preview":"max-video-preview:-1"},"canonical":"https:\/\/informelitoral.com.ar\/confirman-el-mito-el-tamano-del-pene-si-importa\/","og_locale":"es_ES","og_type":"article","og_title":"Confirman el mito: el tama\u00f1o s\u00ed importa - Informe Litoral","og_description":"Un estudio realizado por la Universidad Nacional Australiana de Canberra determin&oacute; que si bien s&iacute; es importante, no es lo &uacute;nico: la espalda y altura tambi&eacute;n entran en la lista. Las mujeres se cansan de decir que el tama&ntilde;o no importa y si bien muchos hombres podr&iacute;an haber comenzado a&nbsp;creerlo, no es as&iacute;, al menos [&hellip;]","og_url":"https:\/\/informelitoral.com.ar\/confirman-el-mito-el-tamano-del-pene-si-importa\/","og_site_name":"Informe Litoral","article_publisher":"https:\/\/www.facebook.com\/informelitoral\/","article_published_time":"2013-04-11T00:50:30+00:00","article_modified_time":"2013-04-11T00:51:22+00:00","og_image":[{"width":741,"height":556,"url":"https:\/\/informelitoral.com.ar\/%77%70%2d%63%6f%6e%74%65%6e%74\/uploads\/2013\/04\/tasma.jpg","type":"image\/jpeg"}],"author":"Gonzalo Schmidt","twitter_card":"summary_large_image","twitter_creator":"@InformeLitoral","twitter_site":"@InformeLitoral","twitter_misc":{"Escrito por":"Gonzalo Schmidt","Tiempo de lectura":"1 minuto"},"schema":{"@context":"https:\/\/schema.org","@graph":[{"@type":"Article","@id":"https:\/\/informelitoral.com.ar\/confirman-el-mito-el-tamano-del-pene-si-importa\/#article","isPartOf":{"@id":"https:\/\/informelitoral.com.ar\/confirman-el-mito-el-tamano-del-pene-si-importa\/"},"author":{"name":"Gonzalo Schmidt","@id":"https:\/\/informelitoral.com.ar\/#\/schema\/person\/b9d00407c836482871ef1d57bf8e3180"},"headline":"Confirman el mito: el tama\u00f1o s\u00ed importa","datePublished":"2013-04-11T00:50:30+00:00","dateModified":"2013-04-11T00:51:22+00:00","mainEntityOfPage":{"@id":"https:\/\/informelitoral.com.ar\/confirman-el-mito-el-tamano-del-pene-si-importa\/"},"wordCount":275,"commentCount":0,"publisher":{"@id":"https:\/\/informelitoral.com.ar\/#organization"},"image":{"@id":"https:\/\/informelitoral.com.ar\/confirman-el-mito-el-tamano-del-pene-si-importa\/#primaryimage"},"thumbnailUrl":"http:\/\/www.isletasnoticias.com.ar\/%77%70%2d%63%6f%6e%74%65%6e%74\/uploads\/2013\/04\/tasma-300x225.jpg","inLanguage":"es","potentialAction":[{"@type":"CommentAction","name":"Comment","target":["https:\/\/informelitoral.com.ar\/confirman-el-mito-el-tamano-del-pene-si-importa\/#respond"]}]},{"@type":"WebPage","@id":"https:\/\/informelitoral.com.ar\/confirman-el-mito-el-tamano-del-pene-si-importa\/","url":"https:\/\/informelitoral.com.ar\/confirman-el-mito-el-tamano-del-pene-si-importa\/","name":"Confirman el mito: el tama\u00f1o s\u00ed importa - Informe Litoral","isPartOf":{"@id":"https:\/\/informelitoral.com.ar\/#website"},"primaryImageOfPage":{"@id":"https:\/\/informelitoral.com.ar\/confirman-el-mito-el-tamano-del-pene-si-importa\/#primaryimage"},"image":{"@id":"https:\/\/informelitoral.com.ar\/confirman-el-mito-el-tamano-del-pene-si-importa\/#primaryimage"},"thumbnailUrl":"http:\/\/www.isletasnoticias.com.ar\/%77%70%2d%63%6f%6e%74%65%6e%74\/uploads\/2013\/04\/tasma-300x225.jpg","datePublished":"2013-04-11T00:50:30+00:00","dateModified":"2013-04-11T00:51:22+00:00","breadcrumb":{"@id":"https:\/\/informelitoral.com.ar\/confirman-el-mito-el-tamano-del-pene-si-importa\/#breadcrumb"},"inLanguage":"es","potentialAction":[{"@type":"ReadAction","target":["https:\/\/informelitoral.com.ar\/confirman-el-mito-el-tamano-del-pene-si-importa\/"]}]},{"@type":"ImageObject","inLanguage":"es","@id":"https:\/\/informelitoral.com.ar\/confirman-el-mito-el-tamano-del-pene-si-importa\/#primaryimage","url":"http:\/\/www.isletasnoticias.com.ar\/%77%70%2d%63%6f%6e%74%65%6e%74\/uploads\/2013\/04\/tasma-300x225.jpg","contentUrl":"http:\/\/www.isletasnoticias.com.ar\/%77%70%2d%63%6f%6e%74%65%6e%74\/uploads\/2013\/04\/tasma-300x225.jpg"},{"@type":"BreadcrumbList","@id":"https:\/\/informelitoral.com.ar\/confirman-el-mito-el-tamano-del-pene-si-importa\/#breadcrumb","itemListElement":[{"@type":"ListItem","position":1,"name":"Portada","item":"https:\/\/informelitoral.com.ar\/"},{"@type":"ListItem","position":2,"name":"Confirman el mito: el tama\u00f1o s\u00ed importa"}]},{"@type":"WebSite","@id":"https:\/\/informelitoral.com.ar\/#website","url":"https:\/\/informelitoral.com.ar\/","name":"Informe Litoral","description":"&quot;Nos informamos&quot; ","publisher":{"@id":"https:\/\/informelitoral.com.ar\/#organization"},"potentialAction":[{"@type":"SearchAction","target":{"@type":"EntryPoint","urlTemplate":"https:\/\/informelitoral.com.ar\/?s={search_term_string}"},"query-input":{"@type":"PropertyValueSpecification","valueRequired":true,"valueName":"search_term_string"}}],"inLanguage":"es"},{"@type":"Organization","@id":"https:\/\/informelitoral.com.ar\/#organization","name":"Informe Litoral","url":"https:\/\/informelitoral.com.ar\/","logo":{"@type":"ImageObject","inLanguage":"es","@id":"https:\/\/informelitoral.com.ar\/#\/schema\/logo\/image\/","url":"https:\/\/informelitoral.com.ar\/%77%70%2d%63%6f%6e%74%65%6e%74\/uploads\/2021\/01\/circulo.png","contentUrl":"https:\/\/informelitoral.com.ar\/%77%70%2d%63%6f%6e%74%65%6e%74\/uploads\/2021\/01\/circulo.png","width":723,"height":731,"caption":"Informe Litoral"},"image":{"@id":"https:\/\/informelitoral.com.ar\/#\/schema\/logo\/image\/"},"sameAs":["https:\/\/www.facebook.com\/informelitoral\/","https:\/\/x.com\/InformeLitoral","https:\/\/www.instagram.com\/informelitoral\/","https:\/\/www.youtube.com\/channel\/UCua4Qvz8Icb6MYqhoq9xLXw"]},{"@type":"Person","@id":"https:\/\/informelitoral.com.ar\/#\/schema\/person\/b9d00407c836482871ef1d57bf8e3180","name":"Gonzalo Schmidt","image":{"@type":"ImageObject","inLanguage":"es","@id":"https:\/\/secure.gravatar.com\/avatar\/31a1a7b66ff2de83bd0e9fd79d026630d2d99e55e8bfe501287647b4fd9743de?s=96&d=mm&r=g","url":"https:\/\/secure.gravatar.com\/avatar\/31a1a7b66ff2de83bd0e9fd79d026630d2d99e55e8bfe501287647b4fd9743de?s=96&d=mm&r=g","contentUrl":"https:\/\/secure.gravatar.com\/avatar\/31a1a7b66ff2de83bd0e9fd79d026630d2d99e55e8bfe501287647b4fd9743de?s=96&d=mm&r=g","caption":"Gonzalo Schmidt"},"description":"Sitio web de noticias de la provincia de Entre R\u00edos, Argentina. Informaci\u00f3n y entretenimiento. Informe Litoral, nos informamos.","sameAs":["http:\/\/www.isletasnoticias.com.ar"],"url":"https:\/\/informelitoral.com.ar\/author\/gonzalo\/"}]}},"_links":{"self":[{"href":"https:\/\/informelitoral.com.ar\/%77%70%2d%6a%73%6f%6e\/wp\/v2\/posts\/938","targetHints":{"allow":["GET"]}}],"collection":[{"href":"https:\/\/informelitoral.com.ar\/%77%70%2d%6a%73%6f%6e\/wp\/v2\/posts"}],"about":[{"href":"https:\/\/informelitoral.com.ar\/%77%70%2d%6a%73%6f%6e\/wp\/v2\/types\/post"}],"author":[{"embeddable":true,"href":"https:\/\/informelitoral.com.ar\/%77%70%2d%6a%73%6f%6e\/wp\/v2\/users\/2"}],"replies":[{"embeddable":true,"href":"https:\/\/informelitoral.com.ar\/%77%70%2d%6a%73%6f%6e\/wp\/v2\/comments?post=938"}],"version-history":[{"count":0,"href":"https:\/\/informelitoral.com.ar\/%77%70%2d%6a%73%6f%6e\/wp\/v2\/posts\/938\/revisions"}],"wp:attachment":[{"href":"https:\/\/informelitoral.com.ar\/%77%70%2d%6a%73%6f%6e\/wp\/v2\/media?parent=938"}],"wp:term":[{"taxonomy":"category","embeddable":true,"href":"https:\/\/informelitoral.com.ar\/%77%70%2d%6a%73%6f%6e\/wp\/v2\/categories?post=938"},{"taxonomy":"post_tag","embeddable":true,"href":"https:\/\/informelitoral.com.ar\/%77%70%2d%6a%73%6f%6e\/wp\/v2\/tags?post=938"}],"curies":[{"name":"wp","href":"https:\/\/api.w.org\/{rel}","templated":true}]}}